{"id":366127,"date":"2023-12-15T05:08:47","date_gmt":"2023-12-15T04:08:47","guid":{"rendered":"https:\/\/www.radiopiu.net\/wordpress\/?p=366127"},"modified":"2023-12-15T05:08:47","modified_gmt":"2023-12-15T04:08:47","slug":"furto-da-al-ponte-a-borgo-pra-via-300-euro-ladro-col-piede-di-porco","status":"publish","type":"post","link":"https:\/\/www.radiopiu.net\/wordpress\/furto-da-al-ponte-a-borgo-pra-via-300-euro-ladro-col-piede-di-porco\/","title":{"rendered":"Furto da &#8220;al Ponte&#8221; a Borgo Pr\u00e0: via 300 euro, ladro col piede di porco"},"content":{"rendered":"<p>***<\/p>\n<p>&nbsp;<\/p>\n<p><strong><img loading=\"lazy\" decoding=\"async\" class=\"alignleft\" src=\"https:\/\/www.radiopiu.net\/wordpress\/wp-content\/uploads\/2023\/12\/pexels-photo-11491602.jpg\" width=\"193\" height=\"129\" \/>BELLUNO <\/strong>Mercoled\u00ec pomeriggio, con un colpo deciso e un piede di porco, un individuo ha portato via 300 euro dall&#8217;osteria &#8220;al Ponte&#8221; a Borgo Pr\u00e0. Il furto \u00e8 stato scoperto gioved\u00ec mattina dal proprietario, Massimo Bortoluzzi, avvisato da un cliente che si era presentato in anticipo sull&#8217;orario di apertura. Le telecamere hanno registrato l&#8217;azione alle 17:04, quando il ladro \u00e8 entrato nella terrazza. L&#8217;uomo ha mirato esclusivamente ai soldi, ignorando liquori, bibite e generi alimentari. Nonostante la visione dei fotogrammi sia limitata, Bortoluzzi ha sporto denuncia alla polizia, auspicando maggiore prevenzione e richiedendo la collaborazione della comunit\u00e0 per identificare l&#8217;indagato<\/p>\n<p>&nbsp;<\/p>\n<p>&nbsp;<\/p>\n<p>__<\/p>\n","protected":false},"excerpt":{"rendered":"<p>*** &nbsp; BELLUNO Mercoled\u00ec pomeriggio, con un colpo deciso e un piede di porco, un individuo ha portato via 300 euro dall&#8217;osteria &#8220;al Ponte&#8221; a Borgo Pr\u00e0. Il furto \u00e8 stato scoperto gioved\u00ec mattina dal proprietario, Massimo Bortoluzzi, avvisato da un cliente che si era presentato in anticipo sull&#8217;orario di apertura. Le telecamere hanno registrato&hellip;<\/p>\n","protected":false},"author":4,"featured_media":366128,"comment_status":"closed","ping_status":"closed","sticky":false,"template":"","format":"standard","meta":{"_monsterinsights_skip_tracking":false,"_monsterinsights_sitenote_active":false,"_monsterinsights_sitenote_note":"","_monsterinsights_sitenote_category":0,"footnotes":""},"categories":[51,49],"tags":[],"class_list":["post-366127","post","type-post","status-publish","format-standard","has-post-thumbnail","hentry","category-evidenza-top","category-news-18","category-51","category-49","description-off"],"img_url":"https:\/\/www.radiopiu.net\/wordpress\/wp-content\/uploads\/2023\/12\/pexels-photo-11491602.jpg","_links":{"self":[{"href":"https:\/\/www.radiopiu.net\/wordpress\/wp-json\/wp\/v2\/posts\/366127","targetHints":{"allow":["GET"]}}],"collection":[{"href":"https:\/\/www.radiopiu.net\/wordpress\/wp-json\/wp\/v2\/posts"}],"about":[{"href":"https:\/\/www.radiopiu.net\/wordpress\/wp-json\/wp\/v2\/types\/post"}],"author":[{"embeddable":true,"href":"https:\/\/www.radiopiu.net\/wordpress\/wp-json\/wp\/v2\/users\/4"}],"replies":[{"embeddable":true,"href":"https:\/\/www.radiopiu.net\/wordpress\/wp-json\/wp\/v2\/comments?post=366127"}],"version-history":[{"count":0,"href":"https:\/\/www.radiopiu.net\/wordpress\/wp-json\/wp\/v2\/posts\/366127\/revisions"}],"wp:featuredmedia":[{"embeddable":true,"href":"https:\/\/www.radiopiu.net\/wordpress\/wp-json\/wp\/v2\/media\/366128"}],"wp:attachment":[{"href":"https:\/\/www.radiopiu.net\/wordpress\/wp-json\/wp\/v2\/media?parent=366127"}],"wp:term":[{"taxonomy":"category","embeddable":true,"href":"https:\/\/www.radiopiu.net\/wordpress\/wp-json\/wp\/v2\/categories?post=366127"},{"taxonomy":"post_tag","embeddable":true,"href":"https:\/\/www.radiopiu.net\/wordpress\/wp-json\/wp\/v2\/tags?post=366127"}],"curies":[{"name":"wp","href":"https:\/\/api.w.org\/{rel}","templated":true}]}}