{"id":366155,"date":"2023-12-15T07:55:30","date_gmt":"2023-12-15T06:55:30","guid":{"rendered":"https:\/\/www.radiopiu.net\/wordpress\/?p=366155"},"modified":"2023-12-15T08:29:05","modified_gmt":"2023-12-15T07:29:05","slug":"rs15dic23","status":"publish","type":"post","link":"https:\/\/www.radiopiu.net\/wordpress\/rs15dic23\/","title":{"rendered":"DAL 1983 LA RASSEGNA STAMPA LOCALE  di mirko mezzacasa"},"content":{"rendered":"<p><iframe loading=\"lazy\" title=\"DAL 1983 LA RASSEGNA STAMPA LOCALE  di mirko mezzacasa\" width=\"1200\" height=\"675\" src=\"https:\/\/www.youtube.com\/embed\/6KCysN52Kak?feature=oembed\" frameborder=\"0\" allow=\"accelerometer; autoplay; clipboard-write; encrypted-media; gyroscope; picture-in-picture; web-share\" allowfullscreen><\/iframe><\/p>\n<p>&nbsp;<\/p>\n<p>BELLUNO Niente carcere per il pap\u00e0 Diego Feltrin che oggi vive in provincia di Pordenone. Il figlio Nicolo&#8217; \u00e8 morto per aver ingerito droga tra le mura domestiche. Il pubblico ministero ha proposto il patteggiamento, 24 mesi, pena sospesa. Se il giudice accetter\u00e0 la condizionale permetter\u00e0 a Feltrin di evitare il carcere.<br \/>\nREDAZIONE Ieri mattina due interventi degli uomini e donne del Suem 118. Prima chiamata alle 8.30 ad Arabba, un uomo della Repubblica Ceka di 58 anni \u00e8 stato colto da malore. Soccorso in gravissime condizioni \u00e8 stato assistito dal personale della Croce Bianca di Arabba e dall\u2019elicottero Aiut Alpin Dolomites per il trasferimento al San Martino di Belluno.<br \/>\nIN CADORE per un uomo travolto da un tronco mentre stava lavorando in localit\u00e0 Velezza. Sul posto l\u2019elicottero Falco e l\u2019ambulanza di Auronzo. L\u2019uomo \u00e8 stato trasferito all\u2019ospedale del capoluogo. A causa delle condizioni nebbiose, l\u2019elicottero ha avuto iniziali difficolt\u00e0 nell\u2019individuare il luogo dell\u2019incidente. Tuttavia, sfruttando un varco nella nebbia, l\u2019eliambulanza \u00e8 riuscita a calare una squadra medica e tecnica di elisoccorso con il verricello. Gli operatori del Soccorso Alpino bellunese hanno raggiunto il boscaiolo ferito a piedi, tra gli schianti a terra, e lo hanno medicato prima di imbarcarlo sulla barella. Utilizzando un verricello di 50 metri da uno spiazzo precedentemente ripulito da un collega.<br \/>\nBELLUNO Mercoled\u00ec pomeriggio, con un colpo deciso e un piede di porco, un individuo ha portato via 300 euro dall\u2019osteria \u201cal Ponte\u201d a Borgo Pr\u00e0. Il furto \u00e8 stato scoperto gioved\u00ec mattina dal proprietario, Massimo Bortoluzzi<br \/>\nIL FIENILE ANDATO A FUOCO A LA VALLE ERA DEL VICE SINDACO ipotesi e riflessioni nel giornale radio delle 12.30 di gianni santomaso<br \/>\nAGORDO ESSILORLUXOTTICA PRESENTA UNA PROPOSTA PER UN PARCHEGGIO DA OLTRE 200 POSTI AUTO<br \/>\nBORGO VALBELLUNA A fine anno, 76 lavoratori dell\u2019ex Wanbao Acc di Mel saranno licenziati, come comunicato attraverso le lettere inviate agli interessati dal commissario Maurizio Castro. Nel frattempo, sono stati assunti 28 operai da Sest per completare la lista del personale<br \/>\nNATALE AMARO PER 105 LAVORATORI DI ACC, SOTTO L\u2019ALBERO IL LICENZIAMENTO<br \/>\nDAL TG DI ANTENNA 3, OGNI SERA ALLE 19.30 SUL CANALE 10 DEL DIGITALE TERRESTRE E ALLE 19 ALLA RADIO LE ANTICIPAZIONI. Intervistati LUCA ZUCCOLOTTO (EX LAVORATORE ACC) TUTTO NEL GIORNALE RADIOPIU DI OGGI IL QUOTIDIANO DELLA NOSTRA TESTATA DISPONIBILE DALLE 6 DEL MATTINO SUL CANALE TELEGRAM RADIOPIU INFORMAZIONE<br \/>\nALANO DI PIAVE Un uomo dominicano ad Alano di Piave \u00e8 processato per maltrattamenti e violenza sessuale nei confronti della moglie. Difeso dall\u2019avvocato Carlo Vigna, l\u2019imputato non \u00e8 comparso in tribunale, ma la moglie e la figlia erano presenti. La donna si \u00e8 costituita parte civile con Paolo Serrangeli, anche se la sua percezione dei fatti sembra essere cambiata nel corso del tempo.<br \/>\nFELTRE Vertenza Ospedale Feltre \u2013 Ulss 1 Dolomiti, \u201cun\u2019altra fumata nera\u201d<br \/>\nBELLUNO Ha fatto tappa in Piazza dei Martiri a Belluno \u201cIl Natale per tutti\u201d, iniziativa che sposa lo spettacolo del freestyle sulle due ruote alla solidariet\u00e0. A promuovere l\u2019evento, l\u2019associazione CrossAbili e il campione bellunese Alvaro Dal Farra.<br \/>\nAGORDO A partire da quest\u2019anno, gli Ecocalendari di Valpe Ambiente saranno recapitati direttamente a domicilio nel territorio feltrino e nei comuni di Borca, Cibiana, Valle e Vodo di Cadore, seguendo l\u2019esempio di Sedico e dell\u2019Unione Montana Agordina.<br \/>\nAGORDO Il presidente dell\u2019Unione Montana Agordina ha convocato i consiglieri per luned\u00ec alle 20 in Sala Don Tamis ad Agordo. Saranno quattro i punti da trattare tra cui l\u2019approvazione della nota di aggiornamento al DUP, l\u2019approvazione del bilancio di previsione e le comunicazioni del presidente.<br \/>\nHOCKEY SU GHIACCIO L\u2019ALLEGHE SI AGGIUDICA IL SECONDO DERBY STAGIONALE E SUPERA IL FELTRE IN CLASSIFICA ALLEGHE \u2013 FELTRE 4-3<br \/>\nSCI NORDICO Grand Prix Lattebusche: Ai blocchi di partenza la 47\u00aa edizione dedicata allo sci alpino e di fondo per Baby e Cuccioli\u201d<br \/>\nSNOWBOARD LUCIA DALMASSO CHIUDE IN TOP FIVE LA PRIMA PROVA DI COPPA DEL MONDO DI SNOWBOARD<\/p>\n<p>&nbsp;<\/p>\n<p>&nbsp;<\/p>\n","protected":false},"excerpt":{"rendered":"<p>&nbsp; BELLUNO Niente carcere per il pap\u00e0 Diego Feltrin che oggi vive in provincia di Pordenone. Il figlio Nicolo&#8217; \u00e8 morto per aver ingerito droga tra le mura domestiche. Il pubblico ministero ha proposto il patteggiamento, 24 mesi, pena sospesa. Se il giudice accetter\u00e0 la condizionale permetter\u00e0 a Feltrin di evitare il carcere. REDAZIONE Ieri&hellip;<\/p>\n","protected":false},"author":4,"featured_media":366156,"comment_status":"closed","ping_status":"closed","sticky":false,"template":"","format":"standard","meta":{"_monsterinsights_skip_tracking":false,"_monsterinsights_sitenote_active":false,"_monsterinsights_sitenote_note":"","_monsterinsights_sitenote_category":0,"footnotes":""},"categories":[104,49,142],"tags":[],"class_list":["post-366155","post","type-post","status-publish","format-standard","has-post-thumbnail","hentry","category-evidenza_3","category-news-18","category-rassegna-stampa","category-104","category-49","category-142","description-off"],"img_url":"https:\/\/www.radiopiu.net\/wordpress\/wp-content\/uploads\/2023\/12\/coeprt.png","_links":{"self":[{"href":"https:\/\/www.radiopiu.net\/wordpress\/wp-json\/wp\/v2\/posts\/366155","targetHints":{"allow":["GET"]}}],"collection":[{"href":"https:\/\/www.radiopiu.net\/wordpress\/wp-json\/wp\/v2\/posts"}],"about":[{"href":"https:\/\/www.radiopiu.net\/wordpress\/wp-json\/wp\/v2\/types\/post"}],"author":[{"embeddable":true,"href":"https:\/\/www.radiopiu.net\/wordpress\/wp-json\/wp\/v2\/users\/4"}],"replies":[{"embeddable":true,"href":"https:\/\/www.radiopiu.net\/wordpress\/wp-json\/wp\/v2\/comments?post=366155"}],"version-history":[{"count":0,"href":"https:\/\/www.radiopiu.net\/wordpress\/wp-json\/wp\/v2\/posts\/366155\/revisions"}],"wp:featuredmedia":[{"embeddable":true,"href":"https:\/\/www.radiopiu.net\/wordpress\/wp-json\/wp\/v2\/media\/366156"}],"wp:attachment":[{"href":"https:\/\/www.radiopiu.net\/wordpress\/wp-json\/wp\/v2\/media?parent=366155"}],"wp:term":[{"taxonomy":"category","embeddable":true,"href":"https:\/\/www.radiopiu.net\/wordpress\/wp-json\/wp\/v2\/categories?post=366155"},{"taxonomy":"post_tag","embeddable":true,"href":"https:\/\/www.radiopiu.net\/wordpress\/wp-json\/wp\/v2\/tags?post=366155"}],"curies":[{"name":"wp","href":"https:\/\/api.w.org\/{rel}","templated":true}]}}