{"id":366163,"date":"2023-12-15T08:49:46","date_gmt":"2023-12-15T07:49:46","guid":{"rendered":"https:\/\/www.radiopiu.net\/wordpress\/?p=366163"},"modified":"2023-12-15T09:18:57","modified_gmt":"2023-12-15T08:18:57","slug":"domani-alle-14","status":"publish","type":"post","link":"https:\/\/www.radiopiu.net\/wordpress\/domani-alle-14\/","title":{"rendered":"DOMANI ALLE 14 L&#8217;ULTIMO SALUTO A CARLO"},"content":{"rendered":"<hr \/>\n<p>&nbsp;<\/p>\n<p>&nbsp;<\/p>\n<p><strong>ROCCA PIETORE<\/strong> L&#8217;ultimo saluto ad un amico, ad un uomo buono, amato e stimato sul posto di lavoro, nella comunit\u00e0 per la sua terra e la sua gente. Sar\u00e0 ricordato cos\u00ec nel giorno del funerale Carlo Soraru&#8217;, 54 anni, mancato in seguito al&#8217;incidente stradale dello scorso fine settimana. Sara, con Massimo e Ilaria, la mamma Antonia, il fratello Rodolfo con la cognata e i nipoti hanno deciso la data del funerale DOMANI. SABATO, ALLE 14 IN CHIESA A ROCCA PIETORE. Il rosario verr\u00e0 recitato venerdi alle 18.<\/p>\n<p><a class=\"dt-pswp-item\" href=\"https:\/\/www.radiopiu.net\/wordpress\/wp-content\/uploads\/2023\/12\/Senza-nome-50.png\" data-dt-img-description=\"\" data-large_image_width=\"275\" data-large_image_height=\"247\"><img loading=\"lazy\" decoding=\"async\" class=\"aligncenter wp-image-366165 size-full\" src=\"https:\/\/www.radiopiu.net\/wordpress\/wp-content\/uploads\/2023\/12\/Senza-nome-50.png\" alt=\"\" width=\"275\" height=\"247\" \/><\/a><\/p>\n<p>&nbsp;<\/p>\n<p>&nbsp;<\/p>\n<hr \/>\n<p>__<\/p>\n","protected":false},"excerpt":{"rendered":"<p>&nbsp; &nbsp; ROCCA PIETORE L&#8217;ultimo saluto ad un amico, ad un uomo buono, amato e stimato sul posto di lavoro, nella comunit\u00e0 per la sua terra e la sua gente. Sar\u00e0 ricordato cos\u00ec nel giorno del funerale Carlo Soraru&#8217;, 54 anni, mancato in seguito al&#8217;incidente stradale dello scorso fine settimana. Sara, con Massimo e Ilaria,&hellip;<\/p>\n","protected":false},"author":4,"featured_media":366165,"comment_status":"closed","ping_status":"closed","sticky":false,"template":"","format":"standard","meta":{"_monsterinsights_skip_tracking":false,"_monsterinsights_sitenote_active":false,"_monsterinsights_sitenote_note":"","_monsterinsights_sitenote_category":0,"footnotes":""},"categories":[49],"tags":[],"class_list":["post-366163","post","type-post","status-publish","format-standard","has-post-thumbnail","hentry","category-news-18","category-49","description-off"],"img_url":"https:\/\/www.radiopiu.net\/wordpress\/wp-content\/uploads\/2023\/12\/Senza-nome-50.png","_links":{"self":[{"href":"https:\/\/www.radiopiu.net\/wordpress\/wp-json\/wp\/v2\/posts\/366163","targetHints":{"allow":["GET"]}}],"collection":[{"href":"https:\/\/www.radiopiu.net\/wordpress\/wp-json\/wp\/v2\/posts"}],"about":[{"href":"https:\/\/www.radiopiu.net\/wordpress\/wp-json\/wp\/v2\/types\/post"}],"author":[{"embeddable":true,"href":"https:\/\/www.radiopiu.net\/wordpress\/wp-json\/wp\/v2\/users\/4"}],"replies":[{"embeddable":true,"href":"https:\/\/www.radiopiu.net\/wordpress\/wp-json\/wp\/v2\/comments?post=366163"}],"version-history":[{"count":0,"href":"https:\/\/www.radiopiu.net\/wordpress\/wp-json\/wp\/v2\/posts\/366163\/revisions"}],"wp:featuredmedia":[{"embeddable":true,"href":"https:\/\/www.radiopiu.net\/wordpress\/wp-json\/wp\/v2\/media\/366165"}],"wp:attachment":[{"href":"https:\/\/www.radiopiu.net\/wordpress\/wp-json\/wp\/v2\/media?parent=366163"}],"wp:term":[{"taxonomy":"category","embeddable":true,"href":"https:\/\/www.radiopiu.net\/wordpress\/wp-json\/wp\/v2\/categories?post=366163"},{"taxonomy":"post_tag","embeddable":true,"href":"https:\/\/www.radiopiu.net\/wordpress\/wp-json\/wp\/v2\/tags?post=366163"}],"curies":[{"name":"wp","href":"https:\/\/api.w.org\/{rel}","templated":true}]}}