{"id":366173,"date":"2023-12-16T05:22:26","date_gmt":"2023-12-16T04:22:26","guid":{"rendered":"https:\/\/www.radiopiu.net\/wordpress\/?p=366173"},"modified":"2023-12-16T06:56:11","modified_gmt":"2023-12-16T05:56:11","slug":"incendio-nellazienda-agricola-salva-la-stalla","status":"publish","type":"post","link":"https:\/\/www.radiopiu.net\/wordpress\/incendio-nellazienda-agricola-salva-la-stalla\/","title":{"rendered":"INCENDIO NELL&#8217;AZIENDA AGRICOLA, SALVA LA STALLA"},"content":{"rendered":"<p>&nbsp;<\/p>\n<p><strong>FELTRE<\/strong> Una densa colonna di fumo ha sollevato l&#8217;allarme nella tarda mattinata di oggi, 15 dicembre, a Villabruna, nelle vicinanze di Feltre. I pompieri sono arrivati dal locale distaccamento, da Belluno e con i volontari del basso feltrino con due autopompe, due autobotti, l\u2019autoscala e 12 operatori per fronteggiare l&#8217;incendio che ha interessato una struttura disabitata situata in via Salgarda in direzione Cesiomaggiore. Nonostante i danni rilevanti alla struttura, fortunatamente non si sono registrati n\u00e9 ustionati n\u00e9 intossicati. L\u2019incendio oltre a bruciare la vecchia abitazione ha provocato il collassamento del tetto. Gli sforzi dei vigili del fuoco hanno permesso di domare le fiamme, ma ora inizieranno le indagini per comprendere le cause e le circostanze dell&#8217;incendio. Le operazioni di completo spegnimento e bonifica sono terminate alle 17 circa.<\/p>\n\n\t\t\t<style type='text\/css'>\n\t\t\t\t#gallery-1 {\n\t\t\t\t\tmargin: auto;\n\t\t\t\t}\n\t\t\t\t#gallery-1 .gallery-item {\n\t\t\t\t\tfloat: left;\n\t\t\t\t\tmargin-top: 10px;\n\t\t\t\t\ttext-align: center;\n\t\t\t\t\twidth: 20%;\n\t\t\t\t}\n\t\t\t\t#gallery-1 img {\n\t\t\t\t\tborder: 2px solid #cfcfcf;\n\t\t\t\t}\n\t\t\t\t#gallery-1 .gallery-caption {\n\t\t\t\t\tmargin-left: 0;\n\t\t\t\t}\n\t\t\t\t\/* see gallery_shortcode() in wp-includes\/media.php *\/\n\t\t\t<\/style>\n\t\t<div id='gallery-1' class='dt-gallery-container gallery galleryid-366173 gallery-columns-5 gallery-size-thumbnail'><dl class='gallery-item'>\n\t\t\t\t<dt class='gallery-icon portrait'>\n\t\t\t\t\t<a class=\"rollover rollover-zoom dt-pswp-item\" title=\"incendio 1\" data-dt-img-description=\"\" data-large_image_width=\"1080\" data-large_image_height=\"1920\"href='https:\/\/www.radiopiu.net\/wordpress\/wp-content\/uploads\/2023\/12\/incendio-1.jpg'><img loading=\"lazy\" decoding=\"async\" width=\"150\" height=\"150\" src=\"https:\/\/www.radiopiu.net\/wordpress\/wp-content\/uploads\/2023\/12\/incendio-1-150x150.jpg\" class=\"attachment-thumbnail size-thumbnail\" alt=\"\" \/><\/a>\n\t\t\t\t<\/dt><\/dl><dl class='gallery-item'>\n\t\t\t\t<dt class='gallery-icon landscape'>\n\t\t\t\t\t<a class=\"rollover rollover-zoom dt-pswp-item\" title=\"7b8b6f0b-1c4c-4a4a-a121-67fb808c6a1b\" data-dt-img-description=\"\" data-large_image_width=\"1600\" data-large_image_height=\"1017\"href='https:\/\/www.radiopiu.net\/wordpress\/wp-content\/uploads\/2023\/12\/7b8b6f0b-1c4c-4a4a-a121-67fb808c6a1b.jpg'><img loading=\"lazy\" decoding=\"async\" width=\"150\" height=\"150\" src=\"https:\/\/www.radiopiu.net\/wordpress\/wp-content\/uploads\/2023\/12\/7b8b6f0b-1c4c-4a4a-a121-67fb808c6a1b-150x150.jpg\" class=\"attachment-thumbnail size-thumbnail\" alt=\"\" \/><\/a>\n\t\t\t\t<\/dt><\/dl><dl class='gallery-item'>\n\t\t\t\t<dt class='gallery-icon landscape'>\n\t\t\t\t\t<a class=\"rollover rollover-zoom dt-pswp-item\" title=\"7101b8e4-1ec1-401b-b70b-a340078bd87d\" data-dt-img-description=\"\" data-large_image_width=\"1600\" data-large_image_height=\"916\"href='https:\/\/www.radiopiu.net\/wordpress\/wp-content\/uploads\/2023\/12\/7101b8e4-1ec1-401b-b70b-a340078bd87d.jpg'><img loading=\"lazy\" decoding=\"async\" width=\"150\" height=\"150\" src=\"https:\/\/www.radiopiu.net\/wordpress\/wp-content\/uploads\/2023\/12\/7101b8e4-1ec1-401b-b70b-a340078bd87d-150x150.jpg\" class=\"attachment-thumbnail size-thumbnail\" alt=\"\" \/><\/a>\n\t\t\t\t<\/dt><\/dl><dl class='gallery-item'>\n\t\t\t\t<dt class='gallery-icon landscape'>\n\t\t\t\t\t<a class=\"rollover rollover-zoom dt-pswp-item\" title=\"e812616f-eeb3-4584-a03b-2f4a97817adc\" data-dt-img-description=\"\" data-large_image_width=\"1600\" data-large_image_height=\"960\"href='https:\/\/www.radiopiu.net\/wordpress\/wp-content\/uploads\/2023\/12\/e812616f-eeb3-4584-a03b-2f4a97817adc.jpg'><img loading=\"lazy\" decoding=\"async\" width=\"150\" height=\"150\" src=\"https:\/\/www.radiopiu.net\/wordpress\/wp-content\/uploads\/2023\/12\/e812616f-eeb3-4584-a03b-2f4a97817adc-150x150.jpg\" class=\"attachment-thumbnail size-thumbnail\" alt=\"\" \/><\/a>\n\t\t\t\t<\/dt><\/dl><dl class='gallery-item'>\n\t\t\t\t<dt class='gallery-icon landscape'>\n\t\t\t\t\t<a class=\"rollover rollover-zoom dt-pswp-item\" title=\"f1885891-325b-4131-a8b9-804e6dba3481\" data-dt-img-description=\"\" data-large_image_width=\"1600\" data-large_image_height=\"930\"href='https:\/\/www.radiopiu.net\/wordpress\/wp-content\/uploads\/2023\/12\/f1885891-325b-4131-a8b9-804e6dba3481.jpg'><img loading=\"lazy\" decoding=\"async\" width=\"150\" height=\"150\" src=\"https:\/\/www.radiopiu.net\/wordpress\/wp-content\/uploads\/2023\/12\/f1885891-325b-4131-a8b9-804e6dba3481-150x150.jpg\" class=\"attachment-thumbnail size-thumbnail\" alt=\"\" \/><\/a>\n\t\t\t\t<\/dt><\/dl><br style=\"clear: both\" \/>\n\t\t\t<\/div>\n\n<p>Un devastante incendio ha colpito un magazzino in un&#8217;azienda agricola tra Villabruna e Salgarda. Denis De Boni, il proprietario, \u00e8 stato richiamato d&#8217;urgenza mentre faceva la spesa. I vigili del fuoco hanno lavorato per ore per salvare la stalla e i diciotto capi di bestiame, liberati in tempo. L&#8217;incendio \u00e8 avvenuto dopo la consegna del latte al trasportatore Lattebusche. Le cause, possibilmente un guasto elettrico o un malfunzionamento della stufa, saranno indagate. L&#8217;intervento \u00e8 stato complicato dalla nebbia e dalla mancanza di un idrante. L&#8217;azienda pu\u00f2 continuare, ma sar\u00e0 necessario un nuovo magazzino.<\/p>\n<p>&nbsp;<\/p>\n<p>******<\/p>\n","protected":false},"excerpt":{"rendered":"<p>&nbsp; FELTRE Una densa colonna di fumo ha sollevato l&#8217;allarme nella tarda mattinata di oggi, 15 dicembre, a Villabruna, nelle vicinanze di Feltre. I pompieri sono arrivati dal locale distaccamento, da Belluno e con i volontari del basso feltrino con due autopompe, due autobotti, l\u2019autoscala e 12 operatori per fronteggiare l&#8217;incendio che ha interessato una&hellip;<\/p>\n","protected":false},"author":4,"featured_media":366174,"comment_status":"closed","ping_status":"closed","sticky":false,"template":"","format":"standard","meta":{"_monsterinsights_skip_tracking":false,"_monsterinsights_sitenote_active":false,"_monsterinsights_sitenote_note":"","_monsterinsights_sitenote_category":0,"footnotes":""},"categories":[51,49],"tags":[],"class_list":["post-366173","post","type-post","status-publish","format-standard","has-post-thumbnail","hentry","category-evidenza-top","category-news-18","category-51","category-49","description-off"],"img_url":"https:\/\/www.radiopiu.net\/wordpress\/wp-content\/uploads\/2023\/12\/incendio-1.jpg","_links":{"self":[{"href":"https:\/\/www.radiopiu.net\/wordpress\/wp-json\/wp\/v2\/posts\/366173","targetHints":{"allow":["GET"]}}],"collection":[{"href":"https:\/\/www.radiopiu.net\/wordpress\/wp-json\/wp\/v2\/posts"}],"about":[{"href":"https:\/\/www.radiopiu.net\/wordpress\/wp-json\/wp\/v2\/types\/post"}],"author":[{"embeddable":true,"href":"https:\/\/www.radiopiu.net\/wordpress\/wp-json\/wp\/v2\/users\/4"}],"replies":[{"embeddable":true,"href":"https:\/\/www.radiopiu.net\/wordpress\/wp-json\/wp\/v2\/comments?post=366173"}],"version-history":[{"count":0,"href":"https:\/\/www.radiopiu.net\/wordpress\/wp-json\/wp\/v2\/posts\/366173\/revisions"}],"wp:featuredmedia":[{"embeddable":true,"href":"https:\/\/www.radiopiu.net\/wordpress\/wp-json\/wp\/v2\/media\/366174"}],"wp:attachment":[{"href":"https:\/\/www.radiopiu.net\/wordpress\/wp-json\/wp\/v2\/media?parent=366173"}],"wp:term":[{"taxonomy":"category","embeddable":true,"href":"https:\/\/www.radiopiu.net\/wordpress\/wp-json\/wp\/v2\/categories?post=366173"},{"taxonomy":"post_tag","embeddable":true,"href":"https:\/\/www.radiopiu.net\/wordpress\/wp-json\/wp\/v2\/tags?post=366173"}],"curies":[{"name":"wp","href":"https:\/\/api.w.org\/{rel}","templated":true}]}}