{"id":366301,"date":"2023-12-16T05:22:54","date_gmt":"2023-12-16T04:22:54","guid":{"rendered":"https:\/\/www.radiopiu.net\/wordpress\/?p=366301"},"modified":"2023-12-16T06:53:47","modified_gmt":"2023-12-16T05:53:47","slug":"attacco-informatico-al-data-center","status":"publish","type":"post","link":"https:\/\/www.radiopiu.net\/wordpress\/attacco-informatico-al-data-center\/","title":{"rendered":"Attacco informatico al data center"},"content":{"rendered":"<blockquote>\n<h2><\/h2>\n<h2><strong>Il Comune\u00a0 alle prese con le difficolt\u00e0<\/strong><\/h2>\n<\/blockquote>\n<p><strong><a class=\"dt-pswp-item\" href=\"https:\/\/www.radiopiu.net\/wordpress\/wp-content\/uploads\/2022\/10\/SEDICO.png\" data-dt-img-description=\"\" data-large_image_width=\"479\" data-large_image_height=\"293\"><img loading=\"lazy\" decoding=\"async\" class=\" wp-image-302964 alignleft\" src=\"https:\/\/www.radiopiu.net\/wordpress\/wp-content\/uploads\/2022\/10\/SEDICO-300x184.png\" alt=\"\" width=\"276\" height=\"169\" srcset=\"https:\/\/www.radiopiu.net\/wordpress\/wp-content\/uploads\/2022\/10\/SEDICO-300x184.png 300w, https:\/\/www.radiopiu.net\/wordpress\/wp-content\/uploads\/2022\/10\/SEDICO.png 479w\" sizes=\"auto, (max-width: 276px) 100vw, 276px\" \/><\/a>SEDICO<\/strong> A una settimana dall&#8217;attacco informatico al data center della West Pole, che fornisce servizi amministrativi a numerosi enti pubblici in Italia, il Comune di Sedico continua a risentire delle conseguenze. L&#8217;accesso alle banche dati \u00e8 compromesso, rendendo alcuni servizi erogabili solo manualmente, come i servizi demografici (anagrafe, stato civile, elettorale) e in parte l&#8217;attivit\u00e0 di protocollo. L&#8217;albo pretorio \u00e8 fuori uso, ma \u00e8 stato istituito un albo temporaneo sul sito comunale per informare la cittadinanza. Coloro che necessitano di servizi anagrafici online sono invitati a rivolgersi allo sportello nazionale Anpr per richiedere certificati e effettuare alcune operazioni. Per quanto riguarda il servizio di mensa scolastica, le famiglie non possono utilizzare la procedura online per la disdetta dei pasti. Il Comune ha attivato un canale informativo con l&#8217;istituto comprensivo per ricevere i dati delle presenze degli scolari giornalmente. Non \u00e8 necessario inviare mail all&#8217;ufficio servizi scolastici per disdette singole; tuttavia, per iscrizioni o cancellazioni dal servizio mensa, \u00e8 possibile contattare la mail <a href=\"mailto:serviziscolastici@comune.sedico.bl.it\" target=\"_new\" rel=\"noopener\">serviziscolastici@comune.sedico.bl.it<\/a>.<\/p>\n<div class=\"w-full pt-2 md:pt-0 dark:border-white\/20 md:border-transparent md:dark:border-transparent md:w-[calc(100%-.5rem)]\">\n<form class=\"stretch mx-2 flex flex-row gap-3 last:mb-2 md:mx-4 md:last:mb-6 lg:mx-auto lg:max-w-2xl xl:max-w-3xl\">\n<div class=\"relative flex h-full flex-1 items-stretch md:flex-col\">\n<div class=\"flex w-full items-center\"><\/div>\n<\/div>\n<\/form>\n<\/div>\n","protected":false},"excerpt":{"rendered":"<p>Il Comune\u00a0 alle prese con le difficolt\u00e0 SEDICO A una settimana dall&#8217;attacco informatico al data center della West Pole, che fornisce servizi amministrativi a numerosi enti pubblici in Italia, il Comune di Sedico continua a risentire delle conseguenze. L&#8217;accesso alle banche dati \u00e8 compromesso, rendendo alcuni servizi erogabili solo manualmente, come i servizi demografici (anagrafe,&hellip;<\/p>\n","protected":false},"author":4,"featured_media":302964,"comment_status":"closed","ping_status":"closed","sticky":false,"template":"","format":"standard","meta":{"_monsterinsights_skip_tracking":false,"_monsterinsights_sitenote_active":false,"_monsterinsights_sitenote_note":"","_monsterinsights_sitenote_category":0,"footnotes":""},"categories":[51,49],"tags":[],"class_list":["post-366301","post","type-post","status-publish","format-standard","has-post-thumbnail","hentry","category-evidenza-top","category-news-18","category-51","category-49","description-off"],"img_url":"https:\/\/www.radiopiu.net\/wordpress\/wp-content\/uploads\/2022\/10\/SEDICO.png","_links":{"self":[{"href":"https:\/\/www.radiopiu.net\/wordpress\/wp-json\/wp\/v2\/posts\/366301","targetHints":{"allow":["GET"]}}],"collection":[{"href":"https:\/\/www.radiopiu.net\/wordpress\/wp-json\/wp\/v2\/posts"}],"about":[{"href":"https:\/\/www.radiopiu.net\/wordpress\/wp-json\/wp\/v2\/types\/post"}],"author":[{"embeddable":true,"href":"https:\/\/www.radiopiu.net\/wordpress\/wp-json\/wp\/v2\/users\/4"}],"replies":[{"embeddable":true,"href":"https:\/\/www.radiopiu.net\/wordpress\/wp-json\/wp\/v2\/comments?post=366301"}],"version-history":[{"count":0,"href":"https:\/\/www.radiopiu.net\/wordpress\/wp-json\/wp\/v2\/posts\/366301\/revisions"}],"wp:featuredmedia":[{"embeddable":true,"href":"https:\/\/www.radiopiu.net\/wordpress\/wp-json\/wp\/v2\/media\/302964"}],"wp:attachment":[{"href":"https:\/\/www.radiopiu.net\/wordpress\/wp-json\/wp\/v2\/media?parent=366301"}],"wp:term":[{"taxonomy":"category","embeddable":true,"href":"https:\/\/www.radiopiu.net\/wordpress\/wp-json\/wp\/v2\/categories?post=366301"},{"taxonomy":"post_tag","embeddable":true,"href":"https:\/\/www.radiopiu.net\/wordpress\/wp-json\/wp\/v2\/tags?post=366301"}],"curies":[{"name":"wp","href":"https:\/\/api.w.org\/{rel}","templated":true}]}}