{"id":366303,"date":"2023-12-16T05:38:04","date_gmt":"2023-12-16T04:38:04","guid":{"rendered":"https:\/\/www.radiopiu.net\/wordpress\/?p=366303"},"modified":"2023-12-16T06:53:27","modified_gmt":"2023-12-16T05:53:27","slug":"feltrino-sempre-piu-terra-di-conquista-vincono-ancora-i-ladri","status":"publish","type":"post","link":"https:\/\/www.radiopiu.net\/wordpress\/feltrino-sempre-piu-terra-di-conquista-vincono-ancora-i-ladri\/","title":{"rendered":"FELTRINO SEMPRE PIU&#8217; TERRA DI CONQUISTA, VINCONO ANCORA I LADRI"},"content":{"rendered":"<p>&nbsp;<\/p>\n<p><strong><img loading=\"lazy\" decoding=\"async\" class=\"alignleft\" src=\"https:\/\/www.radiopiu.net\/wordpress\/wp-content\/uploads\/2023\/12\/Senza-nome-54.png\" width=\"194\" height=\"115\" \/>FELTRE<\/strong> Hanno lanciato la sfida da tempo, soprattutto alla vigilia dei giorni di festa arrivano, agiscono, spaccano, rubano, infastidiscono e scappano impuniti. I controlli quindi sono tutt&#8217;altro che sufficienti. La comunit\u00e0 esprime preoccupazione e chiedere interventi urgenti da troppo tempo feltrino e Valbelluna sono terra di conquista di bande e delinquenti.<\/p>\n<p><em>Gioved\u00ec scorso, nel tardo pomeriggio, una serie di furti ha scosso la tranquillit\u00e0 tra Feltre e Pedavena, con almeno tre episodi confermati e uno tentato. Uno degli obiettivi \u00e8 stata l&#8217;abitazione ad Anzu&#8217;, dove i malviventi hanno sfondato una finestra, ottenendo, per\u00f2, un bottino di scarso valore. In pieno centro a Feltre, altri due furti hanno causato danni significativi agli infissi e ai mobili. In entrambi i casi, i criminali sembrano essere stati alla ricerca di oro e contanti. La situazione ha destato preoccupazione tra i residenti, ma potrebbero esserci ulteriori vittime che non hanno ancora denunciato i furti. Le forze dell&#8217;ordine esortano tutti coloro che hanno subito danni o furti a contattare immediatamente le autorit\u00e0 competenti per segnalare gli episodi e contribuire alle indagini in corso. La comunit\u00e0 \u00e8 invitata a rimanere vigile e adottare precauzioni supplementari per proteggere la propria propriet\u00e0.<\/em><\/p>\n<p>&nbsp;<\/p>\n<p>&nbsp;<\/p>\n<hr \/>\n<p>&nbsp;<\/p>\n","protected":false},"excerpt":{"rendered":"<p>&nbsp; FELTRE Hanno lanciato la sfida da tempo, soprattutto alla vigilia dei giorni di festa arrivano, agiscono, spaccano, rubano, infastidiscono e scappano impuniti. I controlli quindi sono tutt&#8217;altro che sufficienti. La comunit\u00e0 esprime preoccupazione e chiedere interventi urgenti da troppo tempo feltrino e Valbelluna sono terra di conquista di bande e delinquenti. Gioved\u00ec scorso, nel&hellip;<\/p>\n","protected":false},"author":4,"featured_media":366304,"comment_status":"closed","ping_status":"closed","sticky":false,"template":"","format":"standard","meta":{"_monsterinsights_skip_tracking":false,"_monsterinsights_sitenote_active":false,"_monsterinsights_sitenote_note":"","_monsterinsights_sitenote_category":0,"footnotes":""},"categories":[51,49],"tags":[],"class_list":["post-366303","post","type-post","status-publish","format-standard","has-post-thumbnail","hentry","category-evidenza-top","category-news-18","category-51","category-49","description-off"],"img_url":"https:\/\/www.radiopiu.net\/wordpress\/wp-content\/uploads\/2023\/12\/Senza-nome-54.png","_links":{"self":[{"href":"https:\/\/www.radiopiu.net\/wordpress\/wp-json\/wp\/v2\/posts\/366303","targetHints":{"allow":["GET"]}}],"collection":[{"href":"https:\/\/www.radiopiu.net\/wordpress\/wp-json\/wp\/v2\/posts"}],"about":[{"href":"https:\/\/www.radiopiu.net\/wordpress\/wp-json\/wp\/v2\/types\/post"}],"author":[{"embeddable":true,"href":"https:\/\/www.radiopiu.net\/wordpress\/wp-json\/wp\/v2\/users\/4"}],"replies":[{"embeddable":true,"href":"https:\/\/www.radiopiu.net\/wordpress\/wp-json\/wp\/v2\/comments?post=366303"}],"version-history":[{"count":0,"href":"https:\/\/www.radiopiu.net\/wordpress\/wp-json\/wp\/v2\/posts\/366303\/revisions"}],"wp:featuredmedia":[{"embeddable":true,"href":"https:\/\/www.radiopiu.net\/wordpress\/wp-json\/wp\/v2\/media\/366304"}],"wp:attachment":[{"href":"https:\/\/www.radiopiu.net\/wordpress\/wp-json\/wp\/v2\/media?parent=366303"}],"wp:term":[{"taxonomy":"category","embeddable":true,"href":"https:\/\/www.radiopiu.net\/wordpress\/wp-json\/wp\/v2\/categories?post=366303"},{"taxonomy":"post_tag","embeddable":true,"href":"https:\/\/www.radiopiu.net\/wordpress\/wp-json\/wp\/v2\/tags?post=366303"}],"curies":[{"name":"wp","href":"https:\/\/api.w.org\/{rel}","templated":true}]}}