{"id":366332,"date":"2023-12-16T07:55:27","date_gmt":"2023-12-16T06:55:27","guid":{"rendered":"https:\/\/www.radiopiu.net\/wordpress\/?p=366332"},"modified":"2023-12-16T08:03:04","modified_gmt":"2023-12-16T07:03:04","slug":"rs16dic23","status":"publish","type":"post","link":"https:\/\/www.radiopiu.net\/wordpress\/rs16dic23\/","title":{"rendered":"l&#8217;originale dal 1983, la rassegna stampa locale di mirko mezzacasa"},"content":{"rendered":"<p>&nbsp;<\/p>\n<p><iframe loading=\"lazy\" title=\"l&#039;originale dal 1983, la rassegna stampa locale di mirko mezzacasa\" width=\"1200\" height=\"675\" src=\"https:\/\/www.youtube.com\/embed\/xjZ4Ut_JHV8?feature=oembed\" frameborder=\"0\" allow=\"accelerometer; autoplay; clipboard-write; encrypted-media; gyroscope; picture-in-picture; web-share\" allowfullscreen><\/iframe><\/p>\n<p>&nbsp;<\/p>\n<p>ROCCA PIETORE OGGI\u00a0 ALLE 14 L&#8217;ULTIMO SALUTO A CARLO SORARU&#8217; IN CHIESA.<br \/>\nFELTRE Un devastante incendio ha colpito un magazzino in un&#8217;azienda agricola tra Villabruna e Salgarda. Denis De Boni, il proprietario, \u00e8 stato richiamato d&#8217;urgenza mentre faceva la spesa. I vigili del fuoco hanno lavorato per ore per salvare la stalla e i diciotto capi di bestiame, liberati in tempo<br \/>\nBELLUNO Michele Dal Farra, un falegname di 55 anni di Bes, ha avuto un&#8217;improvvisa esposizione a fumo a causa di un guasto all&#8217;impianto di aspirazione durante il lavoro. Temendo un incendio, Dal Farra ha tentato di spegnerlo con estintori, ma i vigili del fuoco sono intervenuti spiegando che non era la soluzione migliore. Trasportato al Pronto Soccorso dell&#8217;ospedale San Martino, \u00e8 stato dimesso dopo esami di routine senza gravi conseguenze.<br \/>\nFELTRE Ieri sera, alle 17, si \u00e8 verificato un incidente frontale a Foen di Feltre, coinvolgendo una Volkswagen Golf e un Mitsubishi Pajero. Il conducente del Pajero ha riportato ferite pi\u00f9 gravi, mentre l&#8217;altro conducente ha riportato ferite lievi.<br \/>\nFELTRE Gioved\u00ec scorso, nel tardo pomeriggio, una serie di furti ha scosso la tranquillit\u00e0 tra Feltre e Pedavena, con almeno tre episodi confermati e uno tentato. Uno degli obiettivi \u00e8 stata l&#8217;abitazione ad Anzu&#8217;, dove i malviventi hanno sfondato una finestra, ottenendo, per\u00f2, un bottino di scarso valore. In pieno centro a Feltre, altri due furti hanno causato danni significativi agli infissi e ai mobili. In entrambi i casi, i criminali sembrano essere stati alla ricerca di oro e contanti.<br \/>\nCORTINA\u00a0 Il ministro delle Infrastrutture, Matteo Salvini, ha annunciato il rilancio del progetto della pista da bob a Cortina in vista delle Olimpiadi invernali del 2026. Tuttavia, il nuovo progetto presenta significativi tagli rispetto alla versione precedente, con un risparmio stimato di 20 milioni di euro.<br \/>\nBELLUNO Dolomitibus ha firmato un accordo con tutte le federazioni sindacali di categoria, prevedendo un aumento. L&#8217;indennit\u00e0 di 164 euro al mese sar\u00e0 erogata dal 1\u00b0 ottobre, includendo arretrati di ottobre, novembre e dicembre, e sar\u00e0 mantenuta fino al rinnovo contrattuale nel 2024.<br \/>\nSEDICO A una settimana dall&#8217;attacco informatico al data center della West Pole, che fornisce servizi amministrativi a numerosi enti pubblici in Italia, il Comune di Sedico continua a risentire delle conseguenze. L&#8217;accesso alle banche dati \u00e8 compromesso<br \/>\nLIVINALLONGO DOPO L&#8217;INCURSIONE DEI DELINQUENTI, SUOR AGNESE GRONES CHIEDE AIUTO DALLA MISSIONE IN PAKISTAN<br \/>\nAGORDO Verr\u00e0 commissionato uno studio di fattibilit\u00e0 tecnico-economico per valutare la demolizione e la ricostruzione della parte superiore della palestra. L&#8217;impegno economico necessario emerger\u00e0 dallo studio di fattibilit\u00e0, ma un&#8217;ipotesi preliminare suggerisce una cifra intorno ai 600 mila euro.<br \/>\nSELVA DI CADORE &#8220;Apertura del Centro Fondo Peronaz: Sci di Fondo e Divertimento tra le Dolomiti&#8221; Buone notizie\u2026 da\u00a0 OGGI il Centrofondo Peronaz apre per il fine settimana un anello di 6km.<br \/>\nFALCADE Apre la pista da fondo sulla Piana e anche il pattinaggio, entrambe le iniziative gestite dallo sci club Val Biois.<br \/>\nAGORDO\u00a0 Questa sera alle 20.30 in sala Don Tamis ad Agordo verr\u00e0 proiettato il film &#8220;L&#8217;ultima via di Riccardo Bee&#8221;. L&#8217;iniziativa, tesa a rievocare la vicenda alpinistica dell&#8217;arrampicatore bellunese morto il 26 dicembre 1982 sull&#8217;Agn\u00e8r, \u00e8 voluta dal Comune di Agordo in collaborazione con la Sezione agordina del Cai. Il film sar\u00e0 presentato dal regista Emanuele Confortin. Condurr\u00e0 la serata Gianpaolo Soratroi.<br \/>\nBELLUNO Ulteriori Open Day sono pianificati per il prossimo fine settimana in diverse localit\u00e0: oggi, dalle 9 alle 12, a Pieve di Cadore (Sala Coletti) e a Cortina (Ospedale Codivilla); domani, dalle 9 alle 12, ad Agordo (Sala Don Tamis) e ad Auronzo di Cadore (Pala Tre Cime).<br \/>\nLA VALLE Oggi dalle 10.30 alle 12 scuola aperta alla primaria Don G.Mezzacasa&#8221;, sar\u00e0 presentata la scuola e potr\u00e0 essere visitata dai genitori, attivit\u00e0 di laboratorio per i piccoli visitatori.<br \/>\nFALCADE Oggi e domani il Cinema Dolomiti di Falcade proietter\u00e0 l&#8217;ultimo film con Pierfrancesco Favino &#8220;Il Comandante&#8221; per la regia di Edoardo De Angelis. Gli orari delle proiezioni sono fissati nei giorni feriali alle 21, la domenica alle 15.30 e alle 21.<br \/>\nBELLUNO Il rifugio antiaereo della Seconda guerra mondiale sotto Piazza dei Martiri a Belluno sar\u00e0 nuovamente aperto al pubblico domani. Organizza dalla delegazione bellunese del Fondo Ambiente Italiano (FAI)<\/p>\n<p>HOCKEY SU GHIACCIO ALLEGHE A TORRE PELLICE PER LA VENTESIMA GIORNATA DI IHL<br \/>\nSUL GHIACCIO ANCHE IL FELTRE CHE OSPITA IL DOBBIACO<br \/>\nCALCIO AGORDINA E PIEVE OGGI IN CAMPO<\/p>\n<p>&nbsp;<\/p>\n<p>&nbsp;<\/p>\n<p>&nbsp;<\/p>\n<p>&nbsp;<\/p>\n<p>&nbsp;<\/p>\n<p>&nbsp;<\/p>\n<p>&nbsp;<\/p>\n<p>&nbsp;<\/p>\n<p>&nbsp;<\/p>\n","protected":false},"excerpt":{"rendered":"<p>&nbsp; &nbsp; ROCCA PIETORE OGGI\u00a0 ALLE 14 L&#8217;ULTIMO SALUTO A CARLO SORARU&#8217; IN CHIESA. FELTRE Un devastante incendio ha colpito un magazzino in un&#8217;azienda agricola tra Villabruna e Salgarda. Denis De Boni, il proprietario, \u00e8 stato richiamato d&#8217;urgenza mentre faceva la spesa. I vigili del fuoco hanno lavorato per ore per salvare la stalla e&hellip;<\/p>\n","protected":false},"author":4,"featured_media":366333,"comment_status":"closed","ping_status":"closed","sticky":false,"template":"","format":"standard","meta":{"_monsterinsights_skip_tracking":false,"_monsterinsights_sitenote_active":false,"_monsterinsights_sitenote_note":"","_monsterinsights_sitenote_category":0,"footnotes":""},"categories":[104,49,142],"tags":[],"class_list":["post-366332","post","type-post","status-publish","format-standard","has-post-thumbnail","hentry","category-evidenza_3","category-news-18","category-rassegna-stampa","category-104","category-49","category-142","description-off"],"img_url":"https:\/\/www.radiopiu.net\/wordpress\/wp-content\/uploads\/2023\/12\/copertina-7.png","_links":{"self":[{"href":"https:\/\/www.radiopiu.net\/wordpress\/wp-json\/wp\/v2\/posts\/366332","targetHints":{"allow":["GET"]}}],"collection":[{"href":"https:\/\/www.radiopiu.net\/wordpress\/wp-json\/wp\/v2\/posts"}],"about":[{"href":"https:\/\/www.radiopiu.net\/wordpress\/wp-json\/wp\/v2\/types\/post"}],"author":[{"embeddable":true,"href":"https:\/\/www.radiopiu.net\/wordpress\/wp-json\/wp\/v2\/users\/4"}],"replies":[{"embeddable":true,"href":"https:\/\/www.radiopiu.net\/wordpress\/wp-json\/wp\/v2\/comments?post=366332"}],"version-history":[{"count":0,"href":"https:\/\/www.radiopiu.net\/wordpress\/wp-json\/wp\/v2\/posts\/366332\/revisions"}],"wp:featuredmedia":[{"embeddable":true,"href":"https:\/\/www.radiopiu.net\/wordpress\/wp-json\/wp\/v2\/media\/366333"}],"wp:attachment":[{"href":"https:\/\/www.radiopiu.net\/wordpress\/wp-json\/wp\/v2\/media?parent=366332"}],"wp:term":[{"taxonomy":"category","embeddable":true,"href":"https:\/\/www.radiopiu.net\/wordpress\/wp-json\/wp\/v2\/categories?post=366332"},{"taxonomy":"post_tag","embeddable":true,"href":"https:\/\/www.radiopiu.net\/wordpress\/wp-json\/wp\/v2\/tags?post=366332"}],"curies":[{"name":"wp","href":"https:\/\/api.w.org\/{rel}","templated":true}]}}