{"id":366350,"date":"2023-12-16T09:41:50","date_gmt":"2023-12-16T08:41:50","guid":{"rendered":"https:\/\/www.radiopiu.net\/wordpress\/?p=366350"},"modified":"2023-12-16T09:41:50","modified_gmt":"2023-12-16T08:41:50","slug":"arresto-per-spaccio-di-stupefacenti-a-belluno-due-minori-fermati-dalla-squadra-volanti","status":"publish","type":"post","link":"https:\/\/www.radiopiu.net\/wordpress\/arresto-per-spaccio-di-stupefacenti-a-belluno-due-minori-fermati-dalla-squadra-volanti\/","title":{"rendered":"Arresto per spaccio di stupefacenti a Belluno: Due minori fermati dalla Squadra Volanti"},"content":{"rendered":"<p>***<\/p>\n<p>&nbsp;<\/p>\n<p><img loading=\"lazy\" decoding=\"async\" class=\"alignleft\" src=\"https:\/\/www.radiopiu.net\/wordpress\/wp-content\/uploads\/2022\/05\/POLIZIA-2.jpg\" width=\"274\" height=\"154\" \/><strong>BELLUNO<\/strong> Nella notte del 05 dicembre scorso, intorno alle 00:30, una pattuglia della Squadra Volanti di Belluno, durante il consueto controllo del territorio nei pressi della stazione FS locale, ha notato un comportamento sospetto da parte di due giovani. I poliziotti, attenti all&#8217;andamento degli eventi, hanno deciso di procedere con il controllo dei due individui, entrambi diciassettenni e residenti in provincia di Treviso. Fin dall&#8217;inizio, i giovani hanno mostrato segni di nervosismo e agitazione, risultando incapaci di fornire giustificazioni convincenti per la loro presenza a quell&#8217;ora tarda nella citt\u00e0. Le spiegazioni date erano vaghe e, soprattutto, incoerenti. La preoccupazione per l&#8217;allarme sociale causato dai numerosi furti nella zona ha portato gli agenti a sottoporre i due minori a una perquisizione pi\u00f9 approfondita. Durante la perquisizione, \u00e8 emerso che la loro presenza a Belluno non era legata a intenti criminali tradizionali, ma al traffico di sostanze stupefacenti. Uno dei ragazzi \u00e8 stato trovato in possesso di diverse dosi di cocaina e una somma superiore a 500 \u20ac, sospettata di essere il ricavato della loro attivit\u00e0 illegale. Il giovane \u00e8 stato formalmente indagato, e sar\u00e0 il Tribunale dei Minori di Venezia a valutare le responsabilit\u00e0 del giovane in relazione al reato di spaccio di sostanze stupefacenti. Al termine delle procedure di polizia, entrambi i minori sono stati affidati ai loro genitori. Questa vicenda mette in luce la costante attenzione delle forze dell&#8217;ordine nel contrastare non solo i reati comuni, ma anche il dilagante problema dello spaccio di droga, che mina la sicurezza e l&#8217;integrit\u00e0 della comunit\u00e0. (MM)<\/p>\n<p>&nbsp;<\/p>\n<p>&nbsp;<\/p>\n<p>__<\/p>\n","protected":false},"excerpt":{"rendered":"<p>*** &nbsp; BELLUNO Nella notte del 05 dicembre scorso, intorno alle 00:30, una pattuglia della Squadra Volanti di Belluno, durante il consueto controllo del territorio nei pressi della stazione FS locale, ha notato un comportamento sospetto da parte di due giovani. I poliziotti, attenti all&#8217;andamento degli eventi, hanno deciso di procedere con il controllo dei&hellip;<\/p>\n","protected":false},"author":4,"featured_media":278033,"comment_status":"closed","ping_status":"closed","sticky":false,"template":"","format":"standard","meta":{"_monsterinsights_skip_tracking":false,"_monsterinsights_sitenote_active":false,"_monsterinsights_sitenote_note":"","_monsterinsights_sitenote_category":0,"footnotes":""},"categories":[51,49],"tags":[],"class_list":["post-366350","post","type-post","status-publish","format-standard","has-post-thumbnail","hentry","category-evidenza-top","category-news-18","category-51","category-49","description-off"],"img_url":"https:\/\/www.radiopiu.net\/wordpress\/wp-content\/uploads\/2022\/05\/POLIZIA-2.jpg","_links":{"self":[{"href":"https:\/\/www.radiopiu.net\/wordpress\/wp-json\/wp\/v2\/posts\/366350","targetHints":{"allow":["GET"]}}],"collection":[{"href":"https:\/\/www.radiopiu.net\/wordpress\/wp-json\/wp\/v2\/posts"}],"about":[{"href":"https:\/\/www.radiopiu.net\/wordpress\/wp-json\/wp\/v2\/types\/post"}],"author":[{"embeddable":true,"href":"https:\/\/www.radiopiu.net\/wordpress\/wp-json\/wp\/v2\/users\/4"}],"replies":[{"embeddable":true,"href":"https:\/\/www.radiopiu.net\/wordpress\/wp-json\/wp\/v2\/comments?post=366350"}],"version-history":[{"count":0,"href":"https:\/\/www.radiopiu.net\/wordpress\/wp-json\/wp\/v2\/posts\/366350\/revisions"}],"wp:featuredmedia":[{"embeddable":true,"href":"https:\/\/www.radiopiu.net\/wordpress\/wp-json\/wp\/v2\/media\/278033"}],"wp:attachment":[{"href":"https:\/\/www.radiopiu.net\/wordpress\/wp-json\/wp\/v2\/media?parent=366350"}],"wp:term":[{"taxonomy":"category","embeddable":true,"href":"https:\/\/www.radiopiu.net\/wordpress\/wp-json\/wp\/v2\/categories?post=366350"},{"taxonomy":"post_tag","embeddable":true,"href":"https:\/\/www.radiopiu.net\/wordpress\/wp-json\/wp\/v2\/tags?post=366350"}],"curies":[{"name":"wp","href":"https:\/\/api.w.org\/{rel}","templated":true}]}}