{"id":366391,"date":"2023-12-16T16:58:30","date_gmt":"2023-12-16T15:58:30","guid":{"rendered":"https:\/\/www.radiopiu.net\/wordpress\/?p=366391"},"modified":"2023-12-16T16:58:30","modified_gmt":"2023-12-16T15:58:30","slug":"ad-alleghe-arriva-falco-per-soccorrere-una-ventenne","status":"publish","type":"post","link":"https:\/\/www.radiopiu.net\/wordpress\/ad-alleghe-arriva-falco-per-soccorrere-una-ventenne\/","title":{"rendered":"AD ALLEGHE ARRIVA FALCO PER SOCCORRERE UNA VENTENNE"},"content":{"rendered":"<p>*****<\/p>\n<p>&nbsp;<\/p>\n<p><strong>ALLEGHE<\/strong> Alle 12:20 l&#8217;elicottero del SUEM \u00e8 volato ad Alleghe dove \u00e8 stato chiamato per un infortunio in ambito sportivo. Una giovane di 20 anni proveniente da Abano Terme (PD) \u00e8 stata elitrasportata all&#8217;ospedale di Belluno.<\/p>\n<p>&nbsp;<\/p>\n<p>&nbsp;<\/p>\n<p>*****<\/p>\n","protected":false},"excerpt":{"rendered":"<p>***** &nbsp; ALLEGHE Alle 12:20 l&#8217;elicottero del SUEM \u00e8 volato ad Alleghe dove \u00e8 stato chiamato per un infortunio in ambito sportivo. Una giovane di 20 anni proveniente da Abano Terme (PD) \u00e8 stata elitrasportata all&#8217;ospedale di Belluno. &nbsp; &nbsp; *****<\/p>\n","protected":false},"author":4,"featured_media":316847,"comment_status":"closed","ping_status":"closed","sticky":false,"template":"","format":"standard","meta":{"_monsterinsights_skip_tracking":false,"_monsterinsights_sitenote_active":false,"_monsterinsights_sitenote_note":"","_monsterinsights_sitenote_category":0,"footnotes":""},"categories":[51,49],"tags":[],"class_list":["post-366391","post","type-post","status-publish","format-standard","has-post-thumbnail","hentry","category-evidenza-top","category-news-18","category-51","category-49","description-off"],"img_url":"https:\/\/www.radiopiu.net\/wordpress\/wp-content\/uploads\/2023\/01\/Senza-nome-38.jpg","_links":{"self":[{"href":"https:\/\/www.radiopiu.net\/wordpress\/wp-json\/wp\/v2\/posts\/366391","targetHints":{"allow":["GET"]}}],"collection":[{"href":"https:\/\/www.radiopiu.net\/wordpress\/wp-json\/wp\/v2\/posts"}],"about":[{"href":"https:\/\/www.radiopiu.net\/wordpress\/wp-json\/wp\/v2\/types\/post"}],"author":[{"embeddable":true,"href":"https:\/\/www.radiopiu.net\/wordpress\/wp-json\/wp\/v2\/users\/4"}],"replies":[{"embeddable":true,"href":"https:\/\/www.radiopiu.net\/wordpress\/wp-json\/wp\/v2\/comments?post=366391"}],"version-history":[{"count":0,"href":"https:\/\/www.radiopiu.net\/wordpress\/wp-json\/wp\/v2\/posts\/366391\/revisions"}],"wp:featuredmedia":[{"embeddable":true,"href":"https:\/\/www.radiopiu.net\/wordpress\/wp-json\/wp\/v2\/media\/316847"}],"wp:attachment":[{"href":"https:\/\/www.radiopiu.net\/wordpress\/wp-json\/wp\/v2\/media?parent=366391"}],"wp:term":[{"taxonomy":"category","embeddable":true,"href":"https:\/\/www.radiopiu.net\/wordpress\/wp-json\/wp\/v2\/categories?post=366391"},{"taxonomy":"post_tag","embeddable":true,"href":"https:\/\/www.radiopiu.net\/wordpress\/wp-json\/wp\/v2\/tags?post=366391"}],"curies":[{"name":"wp","href":"https:\/\/api.w.org\/{rel}","templated":true}]}}