{"id":366411,"date":"2023-12-16T19:20:11","date_gmt":"2023-12-16T18:20:11","guid":{"rendered":"https:\/\/www.radiopiu.net\/wordpress\/?p=366411"},"modified":"2023-12-16T19:20:11","modified_gmt":"2023-12-16T18:20:11","slug":"in-val-venosta-ottima-prova-di-lorenzo-ed-emanuele-busin","status":"publish","type":"post","link":"https:\/\/www.radiopiu.net\/wordpress\/in-val-venosta-ottima-prova-di-lorenzo-ed-emanuele-busin\/","title":{"rendered":"IN VAL VENOSTA OTTIMA PROVA DI LORENZO ED EMANUELE BUSIN"},"content":{"rendered":"<p>*****<\/p>\n<p>&nbsp;<\/p>\n<p><strong><a class=\"dt-pswp-item\" href=\"https:\/\/www.radiopiu.net\/wordpress\/wp-content\/uploads\/2023\/12\/407268223_333376646120201_231599410555954958_n.jpg\" data-dt-img-description=\"\" data-large_image_width=\"2048\" data-large_image_height=\"1536\"><img loading=\"lazy\" decoding=\"async\" class=\" wp-image-366412 alignleft\" src=\"https:\/\/www.radiopiu.net\/wordpress\/wp-content\/uploads\/2023\/12\/407268223_333376646120201_231599410555954958_n-300x225.jpg\" alt=\"\" width=\"225\" height=\"169\" srcset=\"https:\/\/www.radiopiu.net\/wordpress\/wp-content\/uploads\/2023\/12\/407268223_333376646120201_231599410555954958_n-300x225.jpg 300w, https:\/\/www.radiopiu.net\/wordpress\/wp-content\/uploads\/2023\/12\/407268223_333376646120201_231599410555954958_n-1024x768.jpg 1024w, https:\/\/www.radiopiu.net\/wordpress\/wp-content\/uploads\/2023\/12\/407268223_333376646120201_231599410555954958_n-768x576.jpg 768w, https:\/\/www.radiopiu.net\/wordpress\/wp-content\/uploads\/2023\/12\/407268223_333376646120201_231599410555954958_n-1536x1152.jpg 1536w, https:\/\/www.radiopiu.net\/wordpress\/wp-content\/uploads\/2023\/12\/407268223_333376646120201_231599410555954958_n.jpg 2048w\" sizes=\"auto, (max-width: 225px) 100vw, 225px\" \/><\/a>di Marco Gaz<\/strong><\/p>\n<p><strong>REDAZIONE<\/strong> A Melago, in Val Venosta, Bolzano, \u00e8 partita la prima tappa italiana del Pro Tour dello Ski Classics. Il percorso di 37 km presenta un anello da ripetere pi\u00f9 volte con continui sali e scendi rendendola una delle gare pi\u00f9 impegnative dello Ski Tour, nonostante la sua lunghezza limitata. Il primo degli italiani \u00e8 stato Lorenzo Busin, classificatosi al 41\u00ba posto, nonostante sci non particolarmente veloci. Suo fratello Emanuele si \u00e8 piazzato al 77\u00ba posto, mostrando miglioramenti gara dopo gara e acquisendo esperienza. La prossima tappa prevede una cronoscalata individuale di 10 km, con partenza a Kapron e arrivo a Malga Melago a 1980 metri di altitudine.<\/p>\n<p>&nbsp;<\/p>\n<p>&nbsp;<\/p>\n<p>******<\/p>\n","protected":false},"excerpt":{"rendered":"<p>***** &nbsp; di Marco Gaz REDAZIONE A Melago, in Val Venosta, Bolzano, \u00e8 partita la prima tappa italiana del Pro Tour dello Ski Classics. Il percorso di 37 km presenta un anello da ripetere pi\u00f9 volte con continui sali e scendi rendendola una delle gare pi\u00f9 impegnative dello Ski Tour, nonostante la sua lunghezza limitata.&hellip;<\/p>\n","protected":false},"author":4,"featured_media":366412,"comment_status":"closed","ping_status":"closed","sticky":false,"template":"","format":"standard","meta":{"_monsterinsights_skip_tracking":false,"_monsterinsights_sitenote_active":false,"_monsterinsights_sitenote_note":"","_monsterinsights_sitenote_category":0,"footnotes":""},"categories":[49],"tags":[],"class_list":["post-366411","post","type-post","status-publish","format-standard","has-post-thumbnail","hentry","category-news-18","category-49","description-off"],"img_url":"https:\/\/www.radiopiu.net\/wordpress\/wp-content\/uploads\/2023\/12\/407268223_333376646120201_231599410555954958_n.jpg","_links":{"self":[{"href":"https:\/\/www.radiopiu.net\/wordpress\/wp-json\/wp\/v2\/posts\/366411","targetHints":{"allow":["GET"]}}],"collection":[{"href":"https:\/\/www.radiopiu.net\/wordpress\/wp-json\/wp\/v2\/posts"}],"about":[{"href":"https:\/\/www.radiopiu.net\/wordpress\/wp-json\/wp\/v2\/types\/post"}],"author":[{"embeddable":true,"href":"https:\/\/www.radiopiu.net\/wordpress\/wp-json\/wp\/v2\/users\/4"}],"replies":[{"embeddable":true,"href":"https:\/\/www.radiopiu.net\/wordpress\/wp-json\/wp\/v2\/comments?post=366411"}],"version-history":[{"count":0,"href":"https:\/\/www.radiopiu.net\/wordpress\/wp-json\/wp\/v2\/posts\/366411\/revisions"}],"wp:featuredmedia":[{"embeddable":true,"href":"https:\/\/www.radiopiu.net\/wordpress\/wp-json\/wp\/v2\/media\/366412"}],"wp:attachment":[{"href":"https:\/\/www.radiopiu.net\/wordpress\/wp-json\/wp\/v2\/media?parent=366411"}],"wp:term":[{"taxonomy":"category","embeddable":true,"href":"https:\/\/www.radiopiu.net\/wordpress\/wp-json\/wp\/v2\/categories?post=366411"},{"taxonomy":"post_tag","embeddable":true,"href":"https:\/\/www.radiopiu.net\/wordpress\/wp-json\/wp\/v2\/tags?post=366411"}],"curies":[{"name":"wp","href":"https:\/\/api.w.org\/{rel}","templated":true}]}}