{"id":366509,"date":"2023-12-18T05:09:59","date_gmt":"2023-12-18T04:09:59","guid":{"rendered":"https:\/\/www.radiopiu.net\/wordpress\/?p=366509"},"modified":"2023-12-18T05:09:59","modified_gmt":"2023-12-18T04:09:59","slug":"picchiato-dal-branco-e-ripreso-col-telefono","status":"publish","type":"post","link":"https:\/\/www.radiopiu.net\/wordpress\/picchiato-dal-branco-e-ripreso-col-telefono\/","title":{"rendered":"PICCHIATO DAL BRANCO E RIPRESO COL TELEFONO"},"content":{"rendered":"<p>***<\/p>\n<p>&nbsp;<\/p>\n<p><strong><img loading=\"lazy\" decoding=\"async\" class=\"alignleft\" src=\"https:\/\/www.radiopiu.net\/wordpress\/wp-content\/uploads\/2023\/10\/portici-centro-storico-belluno.png\" width=\"207\" height=\"146\" \/>BELLUNO<\/strong> Ieri, verso le 18, in piazza Duomo,\u00a0 un uomo di di 65 anni \u00e8 stato aggredito da un gruppo di minorenni, uno dei quali l&#8217;ha colpito al viso, fratturandole il setto nasale. La vittima, residente a Borgo Pr\u00e0, ha cercato soccorso alle casette del brul\u00e8 di piazza dei Martiri, dove \u00e8 stato assistito dal 118 e trasportato in ambulanza al Pronto soccorso dell&#8217;ospedale San Martino. Una pattuglia della Guardia di Finanza, transitando nel momento dell&#8217;aggressione, ha avviato le indagini e identificato almeno quattro giovani. Un video, girato con un telefonino durante l&#8217;aggressione, \u00e8 stato sequestrato come prova. I presunti aggressori, tutti minorenni, saranno deferiti alla Procura dei Minori di Venezia. Non \u00e8 ancora chiaro se la vittima presenter\u00e0 querela. Il conflitto sembra essere stato preceduto da un contatto poco promettente nei pressi della fontana di piazza dei Martiri.<\/p>\n<div class=\"w-full pt-2 md:pt-0 dark:border-white\/20 md:border-transparent md:dark:border-transparent md:w-[calc(100%-.5rem)]\">\n<form class=\"stretch mx-2 flex flex-row gap-3 last:mb-2 md:mx-4 md:last:mb-6 lg:mx-auto lg:max-w-2xl xl:max-w-3xl\">\n<div class=\"flex w-full items-center\"><\/div>\n<div>___<\/div>\n<\/form>\n<\/div>\n","protected":false},"excerpt":{"rendered":"<p>*** &nbsp; BELLUNO Ieri, verso le 18, in piazza Duomo,\u00a0 un uomo di di 65 anni \u00e8 stato aggredito da un gruppo di minorenni, uno dei quali l&#8217;ha colpito al viso, fratturandole il setto nasale. La vittima, residente a Borgo Pr\u00e0, ha cercato soccorso alle casette del brul\u00e8 di piazza dei Martiri, dove \u00e8 stato&hellip;<\/p>\n","protected":false},"author":4,"featured_media":357503,"comment_status":"closed","ping_status":"closed","sticky":false,"template":"","format":"standard","meta":{"_monsterinsights_skip_tracking":false,"_monsterinsights_sitenote_active":false,"_monsterinsights_sitenote_note":"","_monsterinsights_sitenote_category":0,"footnotes":""},"categories":[51,49],"tags":[],"class_list":["post-366509","post","type-post","status-publish","format-standard","has-post-thumbnail","hentry","category-evidenza-top","category-news-18","category-51","category-49","description-off"],"img_url":"https:\/\/www.radiopiu.net\/wordpress\/wp-content\/uploads\/2023\/10\/portici-centro-storico-belluno.png","_links":{"self":[{"href":"https:\/\/www.radiopiu.net\/wordpress\/wp-json\/wp\/v2\/posts\/366509","targetHints":{"allow":["GET"]}}],"collection":[{"href":"https:\/\/www.radiopiu.net\/wordpress\/wp-json\/wp\/v2\/posts"}],"about":[{"href":"https:\/\/www.radiopiu.net\/wordpress\/wp-json\/wp\/v2\/types\/post"}],"author":[{"embeddable":true,"href":"https:\/\/www.radiopiu.net\/wordpress\/wp-json\/wp\/v2\/users\/4"}],"replies":[{"embeddable":true,"href":"https:\/\/www.radiopiu.net\/wordpress\/wp-json\/wp\/v2\/comments?post=366509"}],"version-history":[{"count":0,"href":"https:\/\/www.radiopiu.net\/wordpress\/wp-json\/wp\/v2\/posts\/366509\/revisions"}],"wp:featuredmedia":[{"embeddable":true,"href":"https:\/\/www.radiopiu.net\/wordpress\/wp-json\/wp\/v2\/media\/357503"}],"wp:attachment":[{"href":"https:\/\/www.radiopiu.net\/wordpress\/wp-json\/wp\/v2\/media?parent=366509"}],"wp:term":[{"taxonomy":"category","embeddable":true,"href":"https:\/\/www.radiopiu.net\/wordpress\/wp-json\/wp\/v2\/categories?post=366509"},{"taxonomy":"post_tag","embeddable":true,"href":"https:\/\/www.radiopiu.net\/wordpress\/wp-json\/wp\/v2\/tags?post=366509"}],"curies":[{"name":"wp","href":"https:\/\/api.w.org\/{rel}","templated":true}]}}