{"id":366549,"date":"2023-12-19T05:34:21","date_gmt":"2023-12-19T04:34:21","guid":{"rendered":"https:\/\/www.radiopiu.net\/wordpress\/?p=366549"},"modified":"2023-12-19T08:46:05","modified_gmt":"2023-12-19T07:46:05","slug":"grp1","status":"publish","type":"post","link":"https:\/\/www.radiopiu.net\/wordpress\/grp1\/","title":{"rendered":"GIORNALE RADIOPIU 19 DICEMBRE 2023 DIRETTORE MIRKO MEZZACASA\u2026DA 40 ANNI 25 GIUGNO 1983-25 GIUGNO 2023"},"content":{"rendered":"<p>*****<\/p>\n<p>&nbsp;<\/p>\n<h1 class=\"entry-title photoswipe-wrapper\">40esimo di RADIOPIU\u2026. LA VOCE DELL\u2019EMOZIONE<\/h1>\n<h2><span style=\"color: #ff0000;\">ISCRIVITI AL NOSTRO CANALE\u00a0\u00a0YOUTUBE PER SEGUIRE IN DIRETTA I PRINCIPALI PROGRAMMI DI RADIO PIU\u2019 E LE FUTURE DIRETTE IN ESTERNA. PER ISCRIVERTI <a style=\"color: #ff0000;\" href=\"https:\/\/youtube.com\/@radiopiu1527\">CLICCA QUI\u00a0<\/a>E PREMI\u00a0 \u201cIscriviti\u201d\u00a0<\/span><\/h2>\n<p><strong>\u00a0<\/strong><\/p>\n<hr \/>\n<p><strong>\u00a0<\/strong><\/p>\n<p><strong>\u00a0<\/strong><\/p>\n<p><strong>Chiesetta dei Santi Fermo e Rustico<\/strong><\/p>\n<p><strong>IL CAPOLAVORO, REALIZZATO DA DOLOMITI GARDEN (riva del Boscon) e portato a San Fermo. Artisti: Beppino Lorenzet, Gianluigi Zeni, Corrado Clerici, Italo De Gol, Ermanno Plozzer<\/strong><\/p>\n<p><a class=\"dt-pswp-item\" href=\"https:\/\/www.radiopiu.net\/wordpress\/wp-content\/uploads\/2023\/12\/7133bf85-5652-4d02-90db-e01f65019dd1-1.jpg\" data-dt-img-description=\"\" data-large_image_width=\"1600\" data-large_image_height=\"1324\"><img loading=\"lazy\" decoding=\"async\" class=\"size-medium wp-image-366698 aligncenter\" src=\"https:\/\/www.radiopiu.net\/wordpress\/wp-content\/uploads\/2023\/12\/7133bf85-5652-4d02-90db-e01f65019dd1-1-300x248.jpg\" alt=\"\" width=\"300\" height=\"248\" srcset=\"https:\/\/www.radiopiu.net\/wordpress\/wp-content\/uploads\/2023\/12\/7133bf85-5652-4d02-90db-e01f65019dd1-1-300x248.jpg 300w, https:\/\/www.radiopiu.net\/wordpress\/wp-content\/uploads\/2023\/12\/7133bf85-5652-4d02-90db-e01f65019dd1-1-1024x847.jpg 1024w, https:\/\/www.radiopiu.net\/wordpress\/wp-content\/uploads\/2023\/12\/7133bf85-5652-4d02-90db-e01f65019dd1-1-768x636.jpg 768w, https:\/\/www.radiopiu.net\/wordpress\/wp-content\/uploads\/2023\/12\/7133bf85-5652-4d02-90db-e01f65019dd1-1-1536x1271.jpg 1536w, https:\/\/www.radiopiu.net\/wordpress\/wp-content\/uploads\/2023\/12\/7133bf85-5652-4d02-90db-e01f65019dd1-1.jpg 1600w\" sizes=\"auto, (max-width: 300px) 100vw, 300px\" \/><\/a><\/p>\n<p>&nbsp;<\/p>\n<p>&nbsp;<\/p>\n<hr \/>\n<p>&nbsp;<\/p>\n<p>&nbsp;<\/p>\n<blockquote>\n<blockquote>\n<h1><span style=\"color: #ff0000;\">i podcast informativi del mattino &#8211; audio &#8211;\u00a0<\/span><\/h1>\n<\/blockquote>\n<p><strong><a class=\"dt-pswp-item\" href=\"https:\/\/www.radiopiu.net\/wordpress\/wp-content\/uploads\/2023\/11\/th-10.jpg\" data-dt-img-description=\"\" data-large_image_width=\"320\" data-large_image_height=\"180\"><img loading=\"lazy\" decoding=\"async\" class=\"wp-image-362866 alignleft\" src=\"https:\/\/www.radiopiu.net\/wordpress\/wp-content\/uploads\/2023\/11\/th-10-300x169.jpg\" alt=\"\" width=\"185\" height=\"104\" srcset=\"https:\/\/www.radiopiu.net\/wordpress\/wp-content\/uploads\/2023\/11\/th-10-300x169.jpg 300w, https:\/\/www.radiopiu.net\/wordpress\/wp-content\/uploads\/2023\/11\/th-10.jpg 320w\" sizes=\"auto, (max-width: 185px) 100vw, 185px\" \/><\/a>LA RASSEGNA STAMPA NAZIONALE ALLA RADIO, OGNI GIORNO ALLE 5 E ALLE 6 DEL MATTINO <span style=\"color: #0000ff;\">viene pubblicata alle 6.00 <span style=\"color: #ff0000;\">DIRETTA RADIO<\/span><\/span><\/strong><\/p><\/blockquote>\n<p>TITOLI \u00a025 morti per un attacco notturno\u00a0 a Gaza,\u00a0 colpito un campo profughi. L&#8217; Onu chiede ad Hamas che Israele cessi immediatamente il fuoco. Chiara Ferragni \u00a0doner\u00e0 un milione di euro all&#8217;ospedale Regina Margherita. Appello a La Russa, per l&#8217;utilizzo del linguaggio di genere in Senato. La cronaca, e finita l&#8217; agonia per Giovanni Zechini, \u00e8 morto a 25 anni, in giovane caduto in una piscina scoperta, il 19 luglio del 2012.\u00a0 Omicidio di Stefano del Corso, un super testimone per l&#8217;indagine del detenuto trovato morto nel carcere di Oristano. Arrestato un ventenne nei pressi di Venezia, inneggiava al terrorismo. In chiusura il meteo.<\/p>\n<p><strong>AUDIO<\/strong><\/p>\n<audio class=\"wp-audio-shortcode\" id=\"audio-366549-1\" preload=\"none\" style=\"width: 100%;\" controls=\"controls\"><source type=\"audio\/mpeg\" src=\"https:\/\/www.radiopiu.net\/wordpress\/wp-content\/uploads\/2023\/12\/GIORNALEDELLESEI-16.mp3?_=1\" \/><a href=\"https:\/\/www.radiopiu.net\/wordpress\/wp-content\/uploads\/2023\/12\/GIORNALEDELLESEI-16.mp3\">https:\/\/www.radiopiu.net\/wordpress\/wp-content\/uploads\/2023\/12\/GIORNALEDELLESEI-16.mp3<\/a><\/audio>\n<p>&nbsp;<\/p>\n<p>&nbsp;<\/p>\n<blockquote><p><strong><a class=\"dt-pswp-item\" href=\"https:\/\/www.radiopiu.net\/wordpress\/wp-content\/uploads\/2021\/07\/microfono-radio-ok-768x448-768x448-1.jpg\" data-dt-img-description=\"\" data-large_image_width=\"768\" data-large_image_height=\"448\"><img loading=\"lazy\" decoding=\"async\" class=\"wp-image-220632 alignleft\" src=\"https:\/\/www.radiopiu.net\/wordpress\/wp-content\/uploads\/2021\/07\/microfono-radio-ok-768x448-768x448-1-300x175.jpg\" alt=\"\" width=\"178\" height=\"104\" srcset=\"https:\/\/www.radiopiu.net\/wordpress\/wp-content\/uploads\/2021\/07\/microfono-radio-ok-768x448-768x448-1-300x175.jpg 300w, https:\/\/www.radiopiu.net\/wordpress\/wp-content\/uploads\/2021\/07\/microfono-radio-ok-768x448-768x448-1.jpg 768w\" sizes=\"auto, (max-width: 178px) 100vw, 178px\" \/><\/a>GIORNALE RADIO NAZIONALE, EDIZIONE DELLE SETTE <span style=\"color: #0000ff;\">viene pubblicato alle 7.05 <span style=\"color: #ff0000;\">DIRETTA RADIO<\/span><\/span><\/strong><\/p><\/blockquote>\n<p>&nbsp;<\/p>\n<p>&nbsp;<\/p>\n<p>&nbsp;<\/p>\n<p><strong>AUDIO<\/strong><\/p>\n<audio class=\"wp-audio-shortcode\" id=\"audio-366549-2\" preload=\"none\" style=\"width: 100%;\" controls=\"controls\"><source type=\"audio\/mpeg\" src=\"https:\/\/www.radiopiu.net\/wordpress\/wp-content\/uploads\/2023\/12\/giornale07-15.mp3?_=2\" \/><a href=\"https:\/\/www.radiopiu.net\/wordpress\/wp-content\/uploads\/2023\/12\/giornale07-15.mp3\">https:\/\/www.radiopiu.net\/wordpress\/wp-content\/uploads\/2023\/12\/giornale07-15.mp3<\/a><\/audio>\n<p>&nbsp;<\/p>\n<p>&nbsp;<\/p>\n<p>&nbsp;<\/p>\n<blockquote>\n<h2><strong>RASSEGNA STAMPA LOCALE, ORE OTTO <span style=\"color: #0000ff;\">viene pubblicata alle 8.05 <span style=\"color: #ff0000;\">DIRETTA RADIO\u00a0<\/span><\/span><\/strong><\/h2>\n<\/blockquote>\n<p>&nbsp;<\/p>\n<p><iframe loading=\"lazy\" title=\"RASSEGNA STAMPA LOCALE\" width=\"1200\" height=\"675\" src=\"https:\/\/www.youtube.com\/embed\/_DH-Ls3gxlU?feature=oembed\" frameborder=\"0\" allow=\"accelerometer; autoplay; clipboard-write; encrypted-media; gyroscope; picture-in-picture; web-share\" allowfullscreen><\/iframe><\/p>\n<p>&nbsp;<\/p>\n<hr \/>\n<p>&nbsp;<\/p>\n<p>&nbsp;<\/p>\n<p><a class=\"dt-pswp-item\" href=\"https:\/\/www.radiopiu.net\/wordpress\/wp-content\/uploads\/2023\/10\/34f4cfc6-e863-46e9-9695-8df44be63421.jpg\" data-dt-img-description=\"\" data-large_image_width=\"1200\" data-large_image_height=\"1200\"><img loading=\"lazy\" decoding=\"async\" class=\"wp-image-357393 alignleft\" src=\"https:\/\/www.radiopiu.net\/wordpress\/wp-content\/uploads\/2023\/10\/34f4cfc6-e863-46e9-9695-8df44be63421-300x300.jpg\" alt=\"\" width=\"81\" height=\"81\" srcset=\"https:\/\/www.radiopiu.net\/wordpress\/wp-content\/uploads\/2023\/10\/34f4cfc6-e863-46e9-9695-8df44be63421-300x300.jpg 300w, https:\/\/www.radiopiu.net\/wordpress\/wp-content\/uploads\/2023\/10\/34f4cfc6-e863-46e9-9695-8df44be63421-1024x1024.jpg 1024w, https:\/\/www.radiopiu.net\/wordpress\/wp-content\/uploads\/2023\/10\/34f4cfc6-e863-46e9-9695-8df44be63421-150x150.jpg 150w, https:\/\/www.radiopiu.net\/wordpress\/wp-content\/uploads\/2023\/10\/34f4cfc6-e863-46e9-9695-8df44be63421-768x768.jpg 768w, https:\/\/www.radiopiu.net\/wordpress\/wp-content\/uploads\/2023\/10\/34f4cfc6-e863-46e9-9695-8df44be63421.jpg 1200w\" sizes=\"auto, (max-width: 81px) 100vw, 81px\" \/><\/a>OGGI ALLA RADIO: <strong>ALLE 7<\/strong> LA RASSEGNA STAMPA LOCALE FLASH, PER CHI COME NOI ALLE SETTE DEL MATTINO VA DI FRETTA, TANTE NOTIZIE IN POCHE CHIACCHIERE. <strong>ALLE OTTO<\/strong> L&#8217;APPROFONDIMENTO NELLA STORICA RASSEGNA STAMPA LOCALE.\u00a0 DALLE 6 ALLE 21, OGNI ORA, L&#8217;INFORMAZIONE NAZIONALE, l&#8217;informazione locale, ALLE 10 flash. 11flash. 14 viabilit\u00e0. 15meteo. 16flash. 17flash. 18flash. 19 i titoli di Antenna 3<\/p>\n<p><strong><a class=\"dt-pswp-item\" href=\"https:\/\/www.radiopiu.net\/wordpress\/wp-content\/uploads\/2023\/12\/407369689_190036974180129_2995837797567562467_n.jpg\" data-dt-img-description=\"\" data-large_image_width=\"960\" data-large_image_height=\"950\"><img loading=\"lazy\" decoding=\"async\" class=\"wp-image-366503 alignleft\" src=\"https:\/\/www.radiopiu.net\/wordpress\/wp-content\/uploads\/2023\/12\/407369689_190036974180129_2995837797567562467_n-300x297.jpg\" alt=\"\" width=\"85\" height=\"84\" srcset=\"https:\/\/www.radiopiu.net\/wordpress\/wp-content\/uploads\/2023\/12\/407369689_190036974180129_2995837797567562467_n-300x297.jpg 300w, https:\/\/www.radiopiu.net\/wordpress\/wp-content\/uploads\/2023\/12\/407369689_190036974180129_2995837797567562467_n-150x150.jpg 150w, https:\/\/www.radiopiu.net\/wordpress\/wp-content\/uploads\/2023\/12\/407369689_190036974180129_2995837797567562467_n-768x760.jpg 768w, https:\/\/www.radiopiu.net\/wordpress\/wp-content\/uploads\/2023\/12\/407369689_190036974180129_2995837797567562467_n.jpg 960w\" sizes=\"auto, (max-width: 85px) 100vw, 85px\" \/><\/a>ALLE 10.10 E 18.30<\/strong> MUSLA, IN LADINO CON DAVIDE CONEDERA<strong> alle 10.30 e 19<\/strong> la tecnologia alla radio con FRANCESCO ZILLIO, SECONDA PARTE <strong>16.30<\/strong> SPECIALE CALCIO DI MARCO GAZ<\/p>\n<p><strong>LETTURE E CULTURE <\/strong><span style=\"color: #ff0000;\"><strong>ALLE 8.40 20.30\u00a0 PER TUTTA LA SETTIMANA MARINA DONA&#8217; CON LA COLLABORAZIONE DEL BORGO DI PALUE E LIBRO PARLATO DI FELTRE, CON LUISA ALCHINI ED AURORA TREVE\u00a0<\/strong><\/span><\/p>\n<p>&nbsp;<\/p>\n<hr \/>\n<p>&nbsp;<\/p>\n<p>&nbsp;<\/p>\n<blockquote>\n<h3>ACQUA GSP: NON POTABILE A LIVINALLONGO E ROCCA PIETORE<\/h3>\n<\/blockquote>\n<p><strong>ROCCA PIETORE<\/strong> in localit\u00e0 DIGONERA e MASARE&#8217; l&#8217;acqua erogata dall&#8217;acquedotto non \u00e8 potabile e pu\u00f2 essere usata per scopi alimentari SOLO PREVIA bollitura.<\/p>\n<p><strong>LIVINALLONGO DEL COL DI LANA<\/strong> nelle localit\u00e0\u00a0 \u00a0SALESEI DI SOPRA, SALESEI DI SOTTO, PIAN DI SALESEI, SALESEI, SOTTOCREPA e FOPPA l\u2019acqua erogata dall\u2019acquedotto non \u00e8 potabile e pu\u00f2 essere usata per scopi alimentari SOLO PREVIA bollitura.<\/p>\n<blockquote>\n<h3>LIVINALLONGO, RIENTRO NELLA NORMA<\/h3>\n<\/blockquote>\n<p>nelle localit\u00e0 AL FAURO, CREPAZ, RENAZ, RUAZ, PEZZEI, S. GIOVANNI, FOSSAL e BRENTA l&#8217;acqua erogata dall&#8217;acquedotto \u00e8 di nuovo potabile<\/p>\n<p>&nbsp;<\/p>\n<p>&nbsp;<\/p>\n<hr \/>\n<p>&nbsp;<\/p>\n<p>&nbsp;<\/p>\n<blockquote>\n<h2>TRAGEDIA SUL LAVORO: OPERAIO SCHIACCIATO DALL&#8217;AUTOGRU DURANTE TRASFERIMENTO AZIENDALE<\/h2>\n<\/blockquote>\n<p><strong><img loading=\"lazy\" decoding=\"async\" class=\"alignleft\" src=\"https:\/\/www.radiopiu.net\/wordpress\/wp-content\/uploads\/2023\/12\/Senza-nome-58.png\" width=\"129\" height=\"120\" \/>PONTE NELLE ALPI<\/strong> Tragedia sul lavoro, l&#8217;ennesima di questo 2023. Questa volta lo scenario \u00e8 il piazzale di una fabbrica in fase di trasferimento, la Intersocks, che dalla zona industriale di Alpago sta spostando i propri macchinari nella nuova sede di Vittorio Veneto. E&#8217; l\u00ec che durante il caricamento su un autocarro di un pesante aspiratore il mezzo si \u00e8 sganciato travolgendo un operario di 57 anni, Zeljko Manarin, italo croato, da anni residente a Ponte nelle Alpi. Per l&#8217;uomo non c&#8217;\u00e8 stato nulla da fare. Vani i soccorsi del personale sanitario del Suem 118 intervenuto con il personale dello Spisal e i carabinieri di Ponte nelle Alpi che anno avviato indagini per ricostruire l&#8217;infortunio mortale.<br \/>\nScosso il sindaco di Ponte nelle Alpi, Paolo Vendramini, che ricorda l&#8217;uomo come una persona buona e educata, un gran lavoratore ben inserito nella comunit\u00e0.<\/p>\n<p>&nbsp;<\/p>\n<p>&nbsp;<\/p>\n<hr \/>\n<p>&nbsp;<\/p>\n<p>&nbsp;<\/p>\n<blockquote>\n<h2><strong><a class=\"dt-pswp-item\" href=\"https:\/\/www.radiopiu.net\/wordpress\/wp-content\/uploads\/2023\/12\/Senza-nome-59.png\" data-dt-img-description=\"\" data-large_image_width=\"281\" data-large_image_height=\"356\"><img loading=\"lazy\" decoding=\"async\" class=\"wp-image-366694 alignleft\" src=\"https:\/\/www.radiopiu.net\/wordpress\/wp-content\/uploads\/2023\/12\/Senza-nome-59-237x300.png\" alt=\"\" width=\"118\" height=\"149\" srcset=\"https:\/\/www.radiopiu.net\/wordpress\/wp-content\/uploads\/2023\/12\/Senza-nome-59-237x300.png 237w, https:\/\/www.radiopiu.net\/wordpress\/wp-content\/uploads\/2023\/12\/Senza-nome-59.png 281w\" sizes=\"auto, (max-width: 118px) 100vw, 118px\" \/><\/a>Gabriella Floridia, Ex Giudice Onorario a Belluno, Scompare a 60 Anni a causa di una Malattia\u00a0<\/strong><\/h2>\n<\/blockquote>\n<p><strong>BELLUNO<\/strong> Gabriella Floridia, ex giudice onorario del tribunale di Belluno, \u00e8 deceduta a 60 anni a causa di una ricaduta improvvisa e aggressiva della malattia che l&#8217;aveva colpita in passato. Per oltre 25 anni, la bellunese ha svolto l&#8217;incarico di Giudice Onorario del Tribunale, occupandosi di esecuzioni mobili e opposizioni, affiancando il suo lavoro principale presso la Ragioneria di Stato di Belluno, dipendente dal Ministero del Tesoro. Nonostante avesse deciso di non prorogare l&#8217;incarico di Giudice Onorario l&#8217;anno scorso a causa di gravosi impegni familiari, la malattia \u00e8 tornata in modo pi\u00f9 aggressivo. La sua improvvisa scomparsa ha colpito familiari e conoscenti, che la ricordano come una persona piacevole. I funerali si terranno oggi pomeriggio alle 15 nella chiesa parrocchiale di Mussoi, seguiti dalla tumulazione nel cimitero di Prade. In sua memoria, la famiglia chiede eventuali offerte da destinare a &#8220;Casa tua due&#8221;<\/p>\n<p>&nbsp;<\/p>\n<p>&nbsp;<\/p>\n<hr \/>\n<p>&nbsp;<\/p>\n<p>&nbsp;<\/p>\n<div class=\"w-full pt-2 md:pt-0 dark:border-white\/20 md:border-transparent md:dark:border-transparent md:w-[calc(100%-.5rem)]\">\n<form class=\"stretch mx-2 flex flex-row gap-3 last:mb-2 md:mx-4 md:last:mb-6 lg:mx-auto lg:max-w-2xl xl:max-w-3xl\">\n<div class=\"relative flex h-full flex-1 items-stretch md:flex-col\">\n<div class=\"flex w-full items-center\">\n<div class=\"relative flex h-full flex-1 items-stretch md:flex-col\">\n<blockquote>\n<h2><a class=\"dt-pswp-item\" href=\"https:\/\/www.radiopiu.net\/wordpress\/wp-content\/uploads\/2023\/01\/ELICOTTERO.jpg\" data-dt-img-description=\"\" data-large_image_width=\"1600\" data-large_image_height=\"1200\"><img loading=\"lazy\" decoding=\"async\" class=\"wp-image-315353 alignleft\" src=\"https:\/\/www.radiopiu.net\/wordpress\/wp-content\/uploads\/2023\/01\/ELICOTTERO-300x225.jpg\" alt=\"\" width=\"131\" height=\"98\" srcset=\"https:\/\/www.radiopiu.net\/wordpress\/wp-content\/uploads\/2023\/01\/ELICOTTERO-300x225.jpg 300w, https:\/\/www.radiopiu.net\/wordpress\/wp-content\/uploads\/2023\/01\/ELICOTTERO-1024x768.jpg 1024w, https:\/\/www.radiopiu.net\/wordpress\/wp-content\/uploads\/2023\/01\/ELICOTTERO-768x576.jpg 768w, https:\/\/www.radiopiu.net\/wordpress\/wp-content\/uploads\/2023\/01\/ELICOTTERO-1536x1152.jpg 1536w, https:\/\/www.radiopiu.net\/wordpress\/wp-content\/uploads\/2023\/01\/ELICOTTERO.jpg 1600w\" sizes=\"auto, (max-width: 131px) 100vw, 131px\" \/><\/a>TRAUMA IN PISTA, FALCO SORVOLA ARABBA<\/h2>\n<p><strong>LIVINALLONGO<\/strong> Intervento dell&#8217;elicottero Falco ieri a mezzogiorno, la chiamata in seguito ad un incidente sugli sci che ha coinvolto una donna di 61 anni di Milano, elitrasportata al San Martino con un codice di media gravit\u00e0<\/p><\/blockquote>\n<div><\/div>\n<\/div>\n<div><\/div>\n<\/div>\n<\/div>\n<\/form>\n<\/div>\n<p>&nbsp;<\/p>\n<hr \/>\n<blockquote>\n<h3><\/h3>\n<h3>\u00a0OPERAZIONE ANTIFURTO: MASSICCI CONTROLLI DEI CARABINIERI NELL&#8217;AREA DEL FELTRINO<\/h3>\n<\/blockquote>\n<blockquote>\n<h3><em>\u00a0Un vicinato attento e una sana alleanza tra i cittadini e i loro Carabinieri pu\u00f2 fare la <\/em>differenza\u201d<\/h3>\n<\/blockquote>\n<p><strong><a class=\"dt-pswp-item\" href=\"https:\/\/www.radiopiu.net\/wordpress\/wp-content\/uploads\/2023\/12\/65eeef77-eb40-499b-9e73-d78218c7338c.jpg\" data-dt-img-description=\"\" data-large_image_width=\"2048\" data-large_image_height=\"1536\"><img loading=\"lazy\" decoding=\"async\" class=\" wp-image-366645 alignleft\" src=\"https:\/\/www.radiopiu.net\/wordpress\/wp-content\/uploads\/2023\/12\/65eeef77-eb40-499b-9e73-d78218c7338c-300x225.jpg\" alt=\"\" width=\"224\" height=\"168\" srcset=\"https:\/\/www.radiopiu.net\/wordpress\/wp-content\/uploads\/2023\/12\/65eeef77-eb40-499b-9e73-d78218c7338c-300x225.jpg 300w, https:\/\/www.radiopiu.net\/wordpress\/wp-content\/uploads\/2023\/12\/65eeef77-eb40-499b-9e73-d78218c7338c-1024x768.jpg 1024w, https:\/\/www.radiopiu.net\/wordpress\/wp-content\/uploads\/2023\/12\/65eeef77-eb40-499b-9e73-d78218c7338c-768x576.jpg 768w, https:\/\/www.radiopiu.net\/wordpress\/wp-content\/uploads\/2023\/12\/65eeef77-eb40-499b-9e73-d78218c7338c-1536x1152.jpg 1536w, https:\/\/www.radiopiu.net\/wordpress\/wp-content\/uploads\/2023\/12\/65eeef77-eb40-499b-9e73-d78218c7338c.jpg 2048w\" sizes=\"auto, (max-width: 224px) 100vw, 224px\" \/><\/a>FELTRE <\/strong>Nel fine settimana, oltre 600 autovetture sono state sottoposte a scrupolosi controlli nell&#8217;area del feltrino, con la presenza attiva dei Carabinieri. Una fitta rete di posti di controllo, impiegando decine di agenti, \u00e8 stata implementata con rinforzi provenienti da Belluno. I controlli, estesi anche alla domenica sera, si sono concentrati sul monitoraggio accurato del traffico, utilizzando lampeggianti blu e cartelli &#8220;Alt Carabinieri&#8221; per segnalare i punti di controllo.\u00a0 Il Colonnello Pigozzo ha enfatizzato la collaborazione dei cittadini, che hanno segnalato movimenti sospetti al 112, sottolineando l&#8217;importanza di segnalare anomalie per garantire la sicurezza collettiva e assicura che i controlli non si fermeranno al fine settimana.<\/p>\n<p>&nbsp;<\/p>\n<p>&nbsp;<\/p>\n<blockquote>\n<h3>DAL TG BELLUNESE DI ANTENNA 3, TUTTE LE SERA ALLE 19.30 SUL CANALE 10 DEL DIGITALE TERRESTRE. E OGNI SERA ALLE 19 LE ANTICIPAZIONI DEL TG ALLA RADIO, CON TIZIANA BOLOGNANI<\/h3>\n<\/blockquote>\n<p>Intervista ENRICO PIGOZZO (COMANDANTE PROVINCIALE CARABINIERI BELLUNO) di <a href=\"https:\/\/antennatre.medianordest.it\/redazione\/Tiziana-Bolognani\/\">Tiziana Bolognani<\/a><\/p>\n<p><iframe loading=\"lazy\" title=\"MAXI OPERAZIONE CONTRO I FURTI NEL FELTRINO. CARABINIERI: &#039;CONTROLLI A TAPPETO&#039; | 18\/12\/2023\" width=\"1200\" height=\"675\" src=\"https:\/\/www.youtube.com\/embed\/P1RnBSqeUzM?feature=oembed\" frameborder=\"0\" allow=\"accelerometer; autoplay; clipboard-write; encrypted-media; gyroscope; picture-in-picture; web-share\" allowfullscreen><\/iframe><\/p>\n<p>&nbsp;<\/p>\n<p>&nbsp;<\/p>\n<hr \/>\n<p>&nbsp;<\/p>\n<p>&nbsp;<\/p>\n<blockquote>\n<h3>Inaugurato l&#8217;Ospedale Riabilitativo di Lamon da Luca Zaia: Investimento di 7 milioni per potenziare la sanit\u00e0 di montagna<\/h3>\n<\/blockquote>\n<p><strong><img loading=\"lazy\" decoding=\"async\" class=\"alignleft\" src=\"https:\/\/www.radiopiu.net\/wordpress\/wp-content\/uploads\/2023\/12\/ZAIA-LAMON-1-scaled.jpg\" width=\"281\" height=\"211\" \/>LAMON<\/strong> Il Presidente della Regione Veneto, Luca Zaia, ha inaugurato l&#8217;Ospedale Riabilitativo di Lamon, investimento complessivo da circa 7 milioni di euro. L&#8217;intervento ha coinvolto la ristrutturazione e riqualificazione del Presidio Ospedaliero, mirando a potenziare le attivit\u00e0 di Recupero e Riabilitazione Funzionale. La struttura \u00e8 stata potenziata e arricchita con una nuova Unit\u00e0 Riabilitativa Territoriale, comprendente 7 posti letto, con l&#8217;obiettivo di diventare un centro di riferimento attraente anche per pazienti provenienti da fuori regione. La ristrutturazione ha coinvolto anche servizi territoriali come il Punto Prelievi e ha contemplato interventi di adeguamento impiantistico, antisismico e antincendio. Zaia <em><a class=\"dt-pswp-item\" href=\"https:\/\/www.radiopiu.net\/wordpress\/wp-content\/uploads\/2023\/12\/file-3-e1702916500620.jpg\" data-dt-img-description=\"\" data-large_image_width=\"640\" data-large_image_height=\"640\"><img loading=\"lazy\" decoding=\"async\" class=\" wp-image-366675 alignright\" src=\"https:\/\/www.radiopiu.net\/wordpress\/wp-content\/uploads\/2023\/12\/file-3-e1702916500620-300x300.jpg\" alt=\"\" width=\"175\" height=\"175\" srcset=\"https:\/\/www.radiopiu.net\/wordpress\/wp-content\/uploads\/2023\/12\/file-3-e1702916500620-300x300.jpg 300w, https:\/\/www.radiopiu.net\/wordpress\/wp-content\/uploads\/2023\/12\/file-3-e1702916500620-150x150.jpg 150w, https:\/\/www.radiopiu.net\/wordpress\/wp-content\/uploads\/2023\/12\/file-3-e1702916500620.jpg 640w\" sizes=\"auto, (max-width: 175px) 100vw, 175px\" \/><\/a><\/em>ha sottolineato l&#8217;importanza dell&#8217;investimento nel potenziamento della sanit\u00e0 di montagna, confermando ulteriori fondi annuali di almeno 4 milioni per la riabilitazione a Lamon. <em>\u201cNessun territorio \u00e8 rimasto indietro \u2013 sottolinea il consigliere regionale Silvia Cestaro &#8211; sono tutti al centro dell&#8217;agenda regionale. Rimane certo la difficolt\u00e0 nel reperire il personale sanitario in Italia, e nelle aree meno centrali si risente maggiormente di questa carenza e, proprio per questo, servono strutture d&#8217;eccellenza che diventino attrattive per i giovani che si affacciano al mondo del lavoro. Ora questa serie di importanti interventi portano Lamon a diventare un centro di eccellenza all&#8217;avanguardia per la riabilitazione, \u00e8 un ospedale specialistico legato al \u2018post-trauma\u2019 non solo in ambito provinciale e regionale, ma nazionale. A Lamon infatti, i pazienti giungono da tutta Italia\u201d.<\/em><\/p>\n<p><span style=\"color: #ff0000;\"><strong>DI\u00a0 DANIELE DALVIT audio<\/strong><\/span><\/p>\n<audio class=\"wp-audio-shortcode\" id=\"audio-366549-3\" preload=\"none\" style=\"width: 100%;\" controls=\"controls\"><source type=\"audio\/mpeg\" src=\"https:\/\/www.radiopiu.net\/wordpress\/wp-content\/uploads\/2023\/12\/Radio-Piu-Servizio-Inaugurazione-ospedale-Lamon.mp3?_=3\" \/><a href=\"https:\/\/www.radiopiu.net\/wordpress\/wp-content\/uploads\/2023\/12\/Radio-Piu-Servizio-Inaugurazione-ospedale-Lamon.mp3\">https:\/\/www.radiopiu.net\/wordpress\/wp-content\/uploads\/2023\/12\/Radio-Piu-Servizio-Inaugurazione-ospedale-Lamon.mp3<\/a><\/audio>\n<p>&nbsp;<\/p>\n<p>&nbsp;<\/p>\n<hr \/>\n<p>&nbsp;<\/p>\n<blockquote>\n<h3>LE DIRETTE DI RADIO PIU\u00a0 &#8220;UNO&#8221;, CONSIGLIO COMUNALE DI AGORDO<\/h3>\n<\/blockquote>\n<p>Le ultime novit\u00e0 sul progetto Luxottica per la realizzazione di nuove strutture in localit\u00e0 Valcozzena, parcheggi nell&#8217;area camper che sar\u00e0 spostata a Tamonich a spese di Luxottica, cosa nascer\u00e0 in localit\u00e0 Valcozzena? Sicuramente nuovi fabbricati adibiti alle necessit\u00e0 della grande azienda e delle sue maestranze, anche 235 nuovi parcheggi.<br \/>\nRipresi i lavori all&#8217;ex Istituto Follador, 1 milione di euro non sar\u00e0 sufficiente, per il vicesindaco e assessore ai lavori pubblici Giulio Favretti, serviranno altri 500 mila euro. Entro il prossimo anno sar\u00e0 terminata e aperta la palazzina storica e l&#8217;annesso museo in fase di costruzione.<br \/>\nL&#8217;assessore Claudio Sito entra nelle pieghe del bilancio<\/p>\n<p>&nbsp;<\/p>\n<p><iframe loading=\"lazy\" title=\"Radio Pi\u00f9 sta trasmettendo dal vivo.\" width=\"1200\" height=\"675\" src=\"https:\/\/www.youtube.com\/embed\/ILpT6Ugj7Ys?feature=oembed\" frameborder=\"0\" allow=\"accelerometer; autoplay; clipboard-write; encrypted-media; gyroscope; picture-in-picture; web-share\" allowfullscreen><\/iframe><\/p>\n<p>&nbsp;<\/p>\n<hr \/>\n<p>&nbsp;<\/p>\n<p>&nbsp;<\/p>\n<blockquote>\n<h2>\u00a0LE DIRETTE DI RADIO PIU&#8217; &#8220;DUE&#8221;, CONSIGLIO UNIONE MONTANA AGORDINA<\/h2>\n<p><strong>AGORDO<\/strong>\u00a0 Dalla Sala Don Tamis il consiglio dell&#8217;Unione Montana, aggiornamento del documento unico di programmazione. L&#8217;anticipazione: venerdi alle 11 l&#8217;inaugurazione del lavoro di Dunio Piccolin, l&#8217;artista di Falcade ha realizzato un&#8217;opera all&#8217;entrata dell&#8217;ente di Palazzo Bianco.<\/p><\/blockquote>\n<p><iframe loading=\"lazy\" title=\"Consiglio unione montana\" width=\"1200\" height=\"675\" src=\"https:\/\/www.youtube.com\/embed\/Dbxe5QGmvYY?start=1&#038;feature=oembed\" frameborder=\"0\" allow=\"accelerometer; autoplay; clipboard-write; encrypted-media; gyroscope; picture-in-picture; web-share\" allowfullscreen><\/iframe><\/p>\n<p>&nbsp;<\/p>\n<hr \/>\n<blockquote>\n<h2><\/h2>\n<h2><\/h2>\n<h2>VENERDI SARA&#8217; INAUGURATA L&#8217;OPERA DI DUNIO<\/h2>\n<\/blockquote>\n<p><strong>AGORDO<\/strong><\/p>\n<p>di Gianni Santomaso<\/p>\n<audio class=\"wp-audio-shortcode\" id=\"audio-366549-4\" preload=\"none\" style=\"width: 100%;\" controls=\"controls\"><source type=\"audio\/mpeg\" src=\"https:\/\/www.radiopiu.net\/wordpress\/wp-content\/uploads\/2023\/08\/GIANNI-DUNIO-PICCOLIN-ABBELISCE-LA-SEDE-DELLUNIONE-MONTANA-AGORDINA.mp3?_=4\" \/><a href=\"https:\/\/www.radiopiu.net\/wordpress\/wp-content\/uploads\/2023\/08\/GIANNI-DUNIO-PICCOLIN-ABBELISCE-LA-SEDE-DELLUNIONE-MONTANA-AGORDINA.mp3\">https:\/\/www.radiopiu.net\/wordpress\/wp-content\/uploads\/2023\/08\/GIANNI-DUNIO-PICCOLIN-ABBELISCE-LA-SEDE-DELLUNIONE-MONTANA-AGORDINA.mp3<\/a><\/audio>\n<p>&nbsp;<\/p>\n\n\t\t\t<style type='text\/css'>\n\t\t\t\t#gallery-1 {\n\t\t\t\t\tmargin: auto;\n\t\t\t\t}\n\t\t\t\t#gallery-1 .gallery-item {\n\t\t\t\t\tfloat: left;\n\t\t\t\t\tmargin-top: 10px;\n\t\t\t\t\ttext-align: center;\n\t\t\t\t\twidth: 33%;\n\t\t\t\t}\n\t\t\t\t#gallery-1 img {\n\t\t\t\t\tborder: 2px solid #cfcfcf;\n\t\t\t\t}\n\t\t\t\t#gallery-1 .gallery-caption {\n\t\t\t\t\tmargin-left: 0;\n\t\t\t\t}\n\t\t\t\t\/* see gallery_shortcode() in wp-includes\/media.php *\/\n\t\t\t<\/style>\n\t\t<div id='gallery-1' class='dt-gallery-container gallery galleryid-366549 gallery-columns-3 gallery-size-thumbnail'><dl class='gallery-item'>\n\t\t\t\t<dt class='gallery-icon landscape'>\n\t\t\t\t\t<a class=\"rollover rollover-zoom dt-pswp-item\" title=\"b12dec15-b567-4ea3-bef9-7929549af429\" data-dt-img-description=\"\" data-large_image_width=\"768\" data-large_image_height=\"696\"href='https:\/\/www.radiopiu.net\/wordpress\/wp-content\/uploads\/2023\/08\/b12dec15-b567-4ea3-bef9-7929549af429.jpg'><img loading=\"lazy\" decoding=\"async\" width=\"150\" height=\"150\" src=\"https:\/\/www.radiopiu.net\/wordpress\/wp-content\/uploads\/2023\/08\/b12dec15-b567-4ea3-bef9-7929549af429-150x150.jpg\" class=\"attachment-thumbnail size-thumbnail\" alt=\"\" \/><\/a>\n\t\t\t\t<\/dt><\/dl><dl class='gallery-item'>\n\t\t\t\t<dt class='gallery-icon landscape'>\n\t\t\t\t\t<a class=\"rollover rollover-zoom dt-pswp-item\" title=\"f8b9f238-9974-43eb-a90e-f7f9ea363481\" data-dt-img-description=\"\" data-large_image_width=\"1317\" data-large_image_height=\"711\"href='https:\/\/www.radiopiu.net\/wordpress\/wp-content\/uploads\/2023\/08\/f8b9f238-9974-43eb-a90e-f7f9ea363481.jpg'><img loading=\"lazy\" decoding=\"async\" width=\"150\" height=\"150\" src=\"https:\/\/www.radiopiu.net\/wordpress\/wp-content\/uploads\/2023\/08\/f8b9f238-9974-43eb-a90e-f7f9ea363481-150x150.jpg\" class=\"attachment-thumbnail size-thumbnail\" alt=\"\" \/><\/a>\n\t\t\t\t<\/dt><\/dl><dl class='gallery-item'>\n\t\t\t\t<dt class='gallery-icon portrait'>\n\t\t\t\t\t<a class=\"rollover rollover-zoom dt-pswp-item\" title=\"3a7dc0ab-b0d3-418e-9e61-0b0499a98f18\" data-dt-img-description=\"\" data-large_image_width=\"1536\" data-large_image_height=\"2048\"href='https:\/\/www.radiopiu.net\/wordpress\/wp-content\/uploads\/2023\/08\/3a7dc0ab-b0d3-418e-9e61-0b0499a98f18.jpg'><img loading=\"lazy\" decoding=\"async\" width=\"150\" height=\"150\" src=\"https:\/\/www.radiopiu.net\/wordpress\/wp-content\/uploads\/2023\/08\/3a7dc0ab-b0d3-418e-9e61-0b0499a98f18-150x150.jpg\" class=\"attachment-thumbnail size-thumbnail\" alt=\"\" \/><\/a>\n\t\t\t\t<\/dt><\/dl><br style=\"clear: both\" \/>\n\t\t\t<\/div>\n\n<p>&nbsp;<\/p>\n<p>&nbsp;<\/p>\n<hr \/>\n<p>&nbsp;<\/p>\n<blockquote>\n<h1>progetto<strong> Sisus &#8211; Strategia Integrata di Sviluppo Urbano Sostenibile<\/strong>.<\/h1>\n<\/blockquote>\n<p>&nbsp;<\/p>\n<p><strong>BELLUNO<\/strong><\/p>\n<p><strong>IL SINDACO, OSCAR DE PELLEGRIN\u00a0\u00a0<\/strong><\/p>\n<p><iframe loading=\"lazy\" title=\"oscar\" width=\"1200\" height=\"675\" src=\"https:\/\/www.youtube.com\/embed\/bl-esVdqFrA?feature=oembed\" frameborder=\"0\" allow=\"accelerometer; autoplay; clipboard-write; encrypted-media; gyroscope; picture-in-picture; web-share\" allowfullscreen><\/iframe><\/p>\n<p><strong>Video dell&#8217;assessore ai fondi europei, Simonetta Buttignon\u00a0\u00a0<\/strong><\/p>\n<p><iframe loading=\"lazy\" title=\"IMG 5432\" width=\"1200\" height=\"675\" src=\"https:\/\/www.youtube.com\/embed\/Y7FgONcPIt8?feature=oembed\" frameborder=\"0\" allow=\"accelerometer; autoplay; clipboard-write; encrypted-media; gyroscope; picture-in-picture; web-share\" allowfullscreen><\/iframe><\/p>\n<p>&nbsp;<\/p>\n<p>&nbsp;<\/p>\n<hr \/>\n<p>&nbsp;<\/p>\n<blockquote>\n<h2><strong>\u00a0<\/strong><\/h2>\n<h2><strong>APPROVAZIONE GRADUATORIA PROGRAMMI DI SVILUPPO LOCALE 2023-2027 PER IL VENETO<\/strong><\/h2>\n<\/blockquote>\n<div class=\"flex-1 overflow-hidden\">\n<div class=\"react-scroll-to-bottom--css-nzjkw-79elbk h-full\">\n<div class=\"react-scroll-to-bottom--css-nzjkw-1n7m0yu\">\n<div class=\"flex flex-col pb-9 text-sm\">\n<div class=\"w-full text-token-text-primary\" data-testid=\"conversation-turn-11\">\n<div class=\"px-4 py-2 justify-center text-base md:gap-6 m-auto\">\n<div class=\"flex flex-1 text-base mx-auto gap-3 md:px-5 lg:px-1 xl:px-5 md:max-w-3xl lg:max-w-[40rem] xl:max-w-[48rem] group final-completion\">\n<div class=\"relative flex w-full flex-col lg:w-[calc(100%-115px)] agent-turn\">\n<div class=\"flex-col gap-1 md:gap-3\">\n<div class=\"flex flex-grow flex-col max-w-full\">\n<div class=\"min-h-[20px] text-message flex flex-col items-start gap-3 whitespace-pre-wrap break-words [.text-message+&amp;]:mt-5 overflow-x-auto\" data-message-author-role=\"assistant\" data-message-id=\"85e4b289-1cf4-4aa3-8d1d-5a6eea3e4b04\">\n<div class=\"markdown prose w-full break-words dark:prose-invert dark\">\n<p><strong><a class=\"dt-pswp-item\" href=\"https:\/\/www.radiopiu.net\/wordpress\/wp-content\/uploads\/2023\/06\/gal-alto-bellunese.jpg\" data-dt-img-description=\"\" data-large_image_width=\"758\" data-large_image_height=\"605\"><img loading=\"lazy\" decoding=\"async\" class=\" wp-image-340582 alignleft\" src=\"https:\/\/www.radiopiu.net\/wordpress\/wp-content\/uploads\/2023\/06\/gal-alto-bellunese-300x239.jpg\" alt=\"\" width=\"238\" height=\"190\" srcset=\"https:\/\/www.radiopiu.net\/wordpress\/wp-content\/uploads\/2023\/06\/gal-alto-bellunese-300x239.jpg 300w, https:\/\/www.radiopiu.net\/wordpress\/wp-content\/uploads\/2023\/06\/gal-alto-bellunese.jpg 758w\" sizes=\"auto, (max-width: 238px) 100vw, 238px\" \/><\/a>REDAZIONE <\/strong>La Giunta Regionale ha ufficialmente approvato la graduatoria dei Programmi di Sviluppo Locale (PSL) dei Gruppi di Azione Locale (GAL) del Veneto per il periodo 2023-2027. Il GAL Alto Bellunese ha raggiunto un risultato notevole, conquistando il primo posto con il suo PSL denominato TRACCE (Territori Resilienti e Accoglienti per Comunit\u00e0 <a class=\"dt-pswp-item\" href=\"https:\/\/www.radiopiu.net\/wordpress\/wp-content\/uploads\/2023\/08\/mauro-soppelsa-2023.jpg\" data-dt-img-description=\"\" data-large_image_width=\"1600\" data-large_image_height=\"2000\"><img loading=\"lazy\" decoding=\"async\" class=\"size-medium wp-image-348510 alignright\" src=\"https:\/\/www.radiopiu.net\/wordpress\/wp-content\/uploads\/2023\/08\/mauro-soppelsa-2023-240x300.jpg\" alt=\"\" width=\"240\" height=\"300\" srcset=\"https:\/\/www.radiopiu.net\/wordpress\/wp-content\/uploads\/2023\/08\/mauro-soppelsa-2023-240x300.jpg 240w, https:\/\/www.radiopiu.net\/wordpress\/wp-content\/uploads\/2023\/08\/mauro-soppelsa-2023-819x1024.jpg 819w, https:\/\/www.radiopiu.net\/wordpress\/wp-content\/uploads\/2023\/08\/mauro-soppelsa-2023-768x960.jpg 768w, https:\/\/www.radiopiu.net\/wordpress\/wp-content\/uploads\/2023\/08\/mauro-soppelsa-2023-1229x1536.jpg 1229w, https:\/\/www.radiopiu.net\/wordpress\/wp-content\/uploads\/2023\/08\/mauro-soppelsa-2023.jpg 1600w\" sizes=\"auto, (max-width: 240px) 100vw, 240px\" \/><\/a>Coese), che ha ottenuto il massimo punteggio per la qualit\u00e0 della strategia. Il presidente del GAL Alto Bellunese, Mauro Soppelsa, ha evidenziato il successo come frutto di un lavoro collettivo coinvolgente, con il contributo del partenariato, della squadra tecnica del GAL e di numerosi attori locali. La graduatoria riflette la valutazione delle domande in risposta al bando &#8220;LEADER &#8211; Attuazione delle strategie di sviluppo locale&#8221; nell&#8217;ambito del Complemento Regionale dello Sviluppo Rurale del Veneto 2023-2027. Il PSL TRACCE, derivante da un processo di consultazione territoriale quinquennale, investir\u00e0 oltre 6,4 milioni di euro assegnati dalla Regione nell&#8217;ambito della programmazione LEADER 2023-2027, con cofinanziamento dal Fondo Europeo Agricolo per lo Sviluppo Rurale. Il GAL ha focalizzato gli interventi su 8 categorie, destinando fondi a servizi di base, start-up imprenditoriali, attivit\u00e0 commerciali e artigianali, rafforzamento di attivit\u00e0 agricole, valorizzazione di asset locali e tre Progetti di Comunit\u00e0.<\/p>\n<p><strong>AI MICROFONI DI RADIOPIU&#8217; IL SINDACO DI CENCENIGHE MAURO SOPPELSA\u00a0<\/strong><\/p>\n<audio class=\"wp-audio-shortcode\" id=\"audio-366549-5\" preload=\"none\" style=\"width: 100%;\" controls=\"controls\"><source type=\"audio\/mpeg\" src=\"https:\/\/www.radiopiu.net\/wordpress\/wp-content\/uploads\/2023\/12\/MAURO-SOPPELSA-GAL-ALTO.mp3?_=5\" \/><a href=\"https:\/\/www.radiopiu.net\/wordpress\/wp-content\/uploads\/2023\/12\/MAURO-SOPPELSA-GAL-ALTO.mp3\">https:\/\/www.radiopiu.net\/wordpress\/wp-content\/uploads\/2023\/12\/MAURO-SOPPELSA-GAL-ALTO.mp3<\/a><\/audio>\n<p>&nbsp;<\/p>\n<p>&nbsp;<\/p>\n<p>&nbsp;<\/p>\n<hr \/>\n<p>&nbsp;<\/p>\n<blockquote>\n<h1>Nuova Modalit\u00e0 di Distribuzione per gli Ecocalendari di Valpe Ambiente nella Zona Feltrina e Cadore<\/h1>\n<\/blockquote>\n<p>&nbsp;<\/p>\n<p><strong><img loading=\"lazy\" decoding=\"async\" class=\"alignleft\" src=\"https:\/\/www.radiopiu.net\/wordpress\/wp-content\/uploads\/2018\/10\/logo-valpe-verticale.jpg\" width=\"218\" height=\"216\" \/>REDAZIONE<\/strong> A partire da quest&#8217;anno, gli Ecocalendari di Valpe Ambiente saranno recapitati direttamente a domicilio per le utenze del territorio feltrino e dei comuni di Borca, Cibiana, Valle e Vodo di Cadore. Questa iniziativa segue l&#8217;esempio dei comuni di Sedico e dell&#8217;Unione Montana Agordina, dove la consegna a domicilio \u00e8 gi\u00e0 prassi consolidata. Per le utenze di San Vito di Cadore, il nuovo calendario sar\u00e0 disponibile presso la sede comunale a partire dalla fine di dicembre 2023, come negli anni precedenti. In attesa della copia cartacea, i cittadini possono gi\u00e0 consultare le cadenze porta a porta del nuovo anno sul sito valpeambiente.it. I calendari sono disponibili in formato digitale esteso e in una versione sintetica stampabile comodamente da casa. Si informa inoltre che dal 15 dicembre 2023 al 31 gennaio 2024, nei comuni di Borca, Cibiana, Valle e Vodo di Cadore, \u00e8 prevista un&#8217;intensificazione del porta a porta. Si invita la cittadinanza a seguire attentamente l&#8217;Ecocalendario disponibile online. Infine, dal 22 dicembre 2023 al 7 gennaio 2024, l&#8217;Ecosportello di Sedico osserver\u00e0 orari di apertura ridotti, aprendo al pubblico solo il gioved\u00ec 28 dicembre e il gioved\u00ec 04 gennaio, dalle 09.00 alle 12.30. Per ulteriori informazioni, \u00e8 possibile contattare Valpe Ambiente scrivendo a <a href=\"mailto:info@valpeambiente.it\" target=\"_new\" rel=\"noopener\">info@valpeambiente.it<\/a> o chiamando il numero verde gratuito 800.94.76.73.<\/p>\n<p>____<\/p>\n<\/div>\n<\/div>\n<\/div>\n<\/div>\n<\/div>\n<\/div>\n<\/div>\n<\/div>\n<\/div>\n<\/div>\n<\/div>\n<\/div>\n<div class=\"w-full pt-2 md:pt-0 dark:border-white\/20 md:border-transparent md:dark:border-transparent md:w-[calc(100%-.5rem)]\">\n<form class=\"stretch mx-2 flex flex-row gap-3 last:mb-2 md:mx-4 md:last:mb-6 lg:mx-auto lg:max-w-2xl xl:max-w-3xl\">\n<div class=\"relative flex h-full flex-1 items-stretch md:flex-col\">\n<div class=\"flex w-full items-center\"><\/div>\n<\/div>\n<\/form>\n<\/div>\n<hr \/>\n<p>&nbsp;<\/p>\n<p>&nbsp;<\/p>\n<blockquote>\n<h3>IN NEVEGAL L&#8217;INTITOLAZIONE DELLA SALA GIUSEPPE &#8220;BEPI&#8221; CALDART<\/h3>\n<\/blockquote>\n<p><strong><a class=\"dt-pswp-item\" href=\"https:\/\/www.radiopiu.net\/wordpress\/wp-content\/uploads\/2023\/12\/1c2161bc-680c-4dac-bbc3-bcbed3b5d611.jpg\" data-dt-img-description=\"\" data-large_image_width=\"1024\" data-large_image_height=\"768\"><img loading=\"lazy\" decoding=\"async\" class=\" wp-image-366553 alignleft\" src=\"https:\/\/www.radiopiu.net\/wordpress\/wp-content\/uploads\/2023\/12\/1c2161bc-680c-4dac-bbc3-bcbed3b5d611-300x225.jpg\" alt=\"\" width=\"156\" height=\"117\" srcset=\"https:\/\/www.radiopiu.net\/wordpress\/wp-content\/uploads\/2023\/12\/1c2161bc-680c-4dac-bbc3-bcbed3b5d611-300x225.jpg 300w, https:\/\/www.radiopiu.net\/wordpress\/wp-content\/uploads\/2023\/12\/1c2161bc-680c-4dac-bbc3-bcbed3b5d611-768x576.jpg 768w, https:\/\/www.radiopiu.net\/wordpress\/wp-content\/uploads\/2023\/12\/1c2161bc-680c-4dac-bbc3-bcbed3b5d611.jpg 1024w\" sizes=\"auto, (max-width: 156px) 100vw, 156px\" \/><\/a>BELLUNO<\/strong> Cerimonia di intitolazione domenica mattina in Nevegal: l&#8217;ex Sala Hall del Centro Le Torri cambia nome e diventa Sala Giuseppe \u201cBepi\u201d Caldart, in memoria di chi per tutta la sua vita si \u00e8 impegnato per il bene del Colle.<\/p>\n<p><strong>DI DANIELE DALVIT<\/strong><\/p>\n<audio class=\"wp-audio-shortcode\" id=\"audio-366549-6\" preload=\"none\" style=\"width: 100%;\" controls=\"controls\"><source type=\"audio\/mpeg\" src=\"https:\/\/www.radiopiu.net\/wordpress\/wp-content\/uploads\/2023\/12\/Radio-Piu-Servizio-Intitolazione-Le-Torri-Caldart.mp3?_=6\" \/><a href=\"https:\/\/www.radiopiu.net\/wordpress\/wp-content\/uploads\/2023\/12\/Radio-Piu-Servizio-Intitolazione-Le-Torri-Caldart.mp3\">https:\/\/www.radiopiu.net\/wordpress\/wp-content\/uploads\/2023\/12\/Radio-Piu-Servizio-Intitolazione-Le-Torri-Caldart.mp3<\/a><\/audio>\n<p>&nbsp;<\/p>\n<hr \/>\n<p>&nbsp;<\/p>\n<blockquote>\n<h3>NUOVE STATUINE NEL PRESEPIO DELLA CATTEDRALE DI BELLUNO<\/h3>\n<\/blockquote>\n<p><strong><a class=\"dt-pswp-item\" href=\"https:\/\/www.radiopiu.net\/wordpress\/wp-content\/uploads\/2023\/12\/consegna-statuina-presepe-al-vescovo.jpeg\" data-dt-img-description=\"\" data-large_image_width=\"2048\" data-large_image_height=\"1152\"><img loading=\"lazy\" decoding=\"async\" class=\" wp-image-366607 alignleft\" src=\"https:\/\/www.radiopiu.net\/wordpress\/wp-content\/uploads\/2023\/12\/consegna-statuina-presepe-al-vescovo-300x169.jpeg\" alt=\"\" width=\"201\" height=\"113\" srcset=\"https:\/\/www.radiopiu.net\/wordpress\/wp-content\/uploads\/2023\/12\/consegna-statuina-presepe-al-vescovo-300x169.jpeg 300w, https:\/\/www.radiopiu.net\/wordpress\/wp-content\/uploads\/2023\/12\/consegna-statuina-presepe-al-vescovo-1024x576.jpeg 1024w, https:\/\/www.radiopiu.net\/wordpress\/wp-content\/uploads\/2023\/12\/consegna-statuina-presepe-al-vescovo-768x432.jpeg 768w, https:\/\/www.radiopiu.net\/wordpress\/wp-content\/uploads\/2023\/12\/consegna-statuina-presepe-al-vescovo-1536x864.jpeg 1536w, https:\/\/www.radiopiu.net\/wordpress\/wp-content\/uploads\/2023\/12\/consegna-statuina-presepe-al-vescovo.jpeg 2048w\" sizes=\"auto, (max-width: 201px) 100vw, 201px\" \/><\/a>BELLUNO<\/strong> Anche quest&#8217;anno nel presepe della cattedrale di Belluno si aggiungeranno due nuove statuine rappresentanti un giovane apprendista vasaio e il suo Maestro, simboli della formazione, delle competenze, del passaggio generazionale e del &#8220;saper fare&#8221;. Questa iniziativa, promossa da Confartigianato e Coldiretti insieme alla Fondazione Symbola, \u00e8 un omaggio alle figure cruciali dell&#8217;artigianato e dell&#8217;agricoltura italiane, enfatizzando la trasmissione del sapere attraverso le generazioni. La statuina realizzata da Claudio Riso, maestro artigiano di Lecce, sar\u00e0 consegnata a tutti i vescovi d&#8217;Italia prima di Natale.<\/p>\n<p>&nbsp;<\/p>\n<p>&nbsp;<\/p>\n<hr \/>\n<p>&nbsp;<\/p>\n<blockquote>\n<h3><strong>SERVIZI DI CONTROLLO E SICUREZZA NELLE PISTE DI CORTINA: ATTENZIONE AGLI INCIDENTI SCIISTICI<\/strong><\/h3>\n<\/blockquote>\n<p><strong><a class=\"dt-pswp-item\" href=\"https:\/\/www.radiopiu.net\/wordpress\/wp-content\/uploads\/2023\/12\/185e1a95-fa43-4e32-970a-f393188221c9.jpg\" data-dt-img-description=\"\" data-large_image_width=\"1752\" data-large_image_height=\"1168\"><img loading=\"lazy\" decoding=\"async\" class=\" wp-image-366652 alignleft\" src=\"https:\/\/www.radiopiu.net\/wordpress\/wp-content\/uploads\/2023\/12\/185e1a95-fa43-4e32-970a-f393188221c9-300x200.jpg\" alt=\"\" width=\"219\" height=\"146\" srcset=\"https:\/\/www.radiopiu.net\/wordpress\/wp-content\/uploads\/2023\/12\/185e1a95-fa43-4e32-970a-f393188221c9-300x200.jpg 300w, https:\/\/www.radiopiu.net\/wordpress\/wp-content\/uploads\/2023\/12\/185e1a95-fa43-4e32-970a-f393188221c9-1024x683.jpg 1024w, https:\/\/www.radiopiu.net\/wordpress\/wp-content\/uploads\/2023\/12\/185e1a95-fa43-4e32-970a-f393188221c9-768x512.jpg 768w, https:\/\/www.radiopiu.net\/wordpress\/wp-content\/uploads\/2023\/12\/185e1a95-fa43-4e32-970a-f393188221c9-1536x1024.jpg 1536w, https:\/\/www.radiopiu.net\/wordpress\/wp-content\/uploads\/2023\/12\/185e1a95-fa43-4e32-970a-f393188221c9.jpg 1752w\" sizes=\"auto, (max-width: 219px) 100vw, 219px\" \/><\/a>CORTINA<\/strong> I Carabinieri sciatori continuano i servizi di controllo sulle piste di Cortina, con 16 interventi di soccorso durante l&#8217;ultimo fine settimana. Un intervento pi\u00f9 impegnativo ha richiesto l&#8217;elisoccorso del 118. La maggior parte degli infortunati non ha riportato gravi traumi, ma alcuni sono stati trasportati a valle con il toboga, una barella trainata dagli sciatori lungo la pista. Spesso, la causa degli infortuni \u00e8 attribuita all&#8217;eccessiva velocit\u00e0, alla scarsa familiarit\u00e0 con le piste e, talvolta, all&#8217;erronea convinzione di poter affrontare piste troppo difficili anche per sciatori meno esperti. L&#8217;invito costante dell&#8217;Arma \u00e8 alla prudenza, all&#8217;attenzione e al controllo. I Carabinieri, impiegando 38 militari nel fine settimana, monitorano attentamente i flussi turistici sugli impianti sciistici, pattugliando sia con sciatori che con motoslitte.<\/p>\n<p>&nbsp;<\/p>\n<p>&nbsp;<\/p>\n<hr \/>\n<p>&nbsp;<\/p>\n<p>&nbsp;<\/p>\n<blockquote>\n<h2>IL GRUPPO CINOFILO DEI CARABINIERI FORESTALI A SEDICO<\/h2>\n<\/blockquote>\n<p>&nbsp;<\/p>\n<p><img loading=\"lazy\" decoding=\"async\" class=\"alignleft\" src=\"https:\/\/www.radiopiu.net\/wordpress\/wp-content\/uploads\/2023\/12\/8395f89a-1bce-4381-a605-5da1a16b39b6.jpg\" width=\"146\" height=\"194\" \/><\/p>\n<p><strong>SEDICO<\/strong> Una preoccupante scoperta in zona Luxottica 1\/2, dove sono state trovate due esche\u00a0 avvelenate per topi. La segnalazione \u00e8 stata pubblicata sulla pagina Facebook\u00a0 Sei di Sedico Se da &#8220;La Vero&#8221; in giornata e ha immediatamente destato preoccupazione tra gli abitanti della zona.\u00a0 La situazione ha generato allarme tra i proprietari di cani che frequentano l&#8217;area, poich\u00e9 questi veleni potrebbero rappresentare un serio pericolo per gli animali domestici. Il consiglio immediato rivolto agli amanti degli animali \u00e8 di prestare massima attenzione durante le passeggiate con i propri cani nella zona Luxottica 1\/2. In particolare, si suggerisce di utilizzare la museruola per evitare eventuali incidenti e di mantenere una vigilanza costante sui propri animali domestici. La segnalazione, diffusa tramite i social media, ha l&#8217;obiettivo di sensibilizzare la comunit\u00e0 locale sull&#8217;importanza di mantenere alta l&#8217;attenzione e di condividere l&#8217;allerta con amici e familiari. Questa iniziativa mira a prevenire possibili avvelenamenti e a tutelare la sicurezza degli animali.<\/p>\n<blockquote>\n<h3><em>L&#8217;intervento dei Carabinieri Forestali, nessuna criticit\u00e0 riscontrata.<\/em><\/h3>\n<\/blockquote>\n<p><strong>AGGIORNAMENTO<\/strong> Il gruppo cinofilo dei Carabinieri Forestale \u00e8 arrivato a Sedico, i cani hanno\u00a0 annusato\u00a0 in zona Palazzetto, via Caduti e Dispersi, via Rudio. Per ora nulla di allarmante, le esche erano evidentemente localizzate in un unico posto dove sono state ritrovate nel fine settimana. La situazione \u00e8 seguita.<\/p>\n\n\t\t\t<style type='text\/css'>\n\t\t\t\t#gallery-2 {\n\t\t\t\t\tmargin: auto;\n\t\t\t\t}\n\t\t\t\t#gallery-2 .gallery-item {\n\t\t\t\t\tfloat: left;\n\t\t\t\t\tmargin-top: 10px;\n\t\t\t\t\ttext-align: center;\n\t\t\t\t\twidth: 50%;\n\t\t\t\t}\n\t\t\t\t#gallery-2 img {\n\t\t\t\t\tborder: 2px solid #cfcfcf;\n\t\t\t\t}\n\t\t\t\t#gallery-2 .gallery-caption {\n\t\t\t\t\tmargin-left: 0;\n\t\t\t\t}\n\t\t\t\t\/* see gallery_shortcode() in wp-includes\/media.php *\/\n\t\t\t<\/style>\n\t\t<div id='gallery-2' class='dt-gallery-container gallery galleryid-366549 gallery-columns-2 gallery-size-thumbnail'><dl class='gallery-item'>\n\t\t\t\t<dt class='gallery-icon landscape'>\n\t\t\t\t\t<a class=\"rollover rollover-zoom dt-pswp-item\" title=\"cbd31bf5-6ce7-44f3-97ce-29d83ad6e090\" data-dt-img-description=\"\" data-large_image_width=\"2031\" data-large_image_height=\"1211\"href='https:\/\/www.radiopiu.net\/wordpress\/wp-content\/uploads\/2023\/12\/cbd31bf5-6ce7-44f3-97ce-29d83ad6e090.jpg'><img loading=\"lazy\" decoding=\"async\" width=\"150\" height=\"150\" src=\"https:\/\/www.radiopiu.net\/wordpress\/wp-content\/uploads\/2023\/12\/cbd31bf5-6ce7-44f3-97ce-29d83ad6e090-150x150.jpg\" class=\"attachment-thumbnail size-thumbnail\" alt=\"\" \/><\/a>\n\t\t\t\t<\/dt><\/dl><dl class='gallery-item'>\n\t\t\t\t<dt class='gallery-icon portrait'>\n\t\t\t\t\t<a class=\"rollover rollover-zoom dt-pswp-item\" title=\"cd761cdb-7a61-4eee-9e6f-d642233c14eb\" data-dt-img-description=\"\" data-large_image_width=\"768\" data-large_image_height=\"1024\"href='https:\/\/www.radiopiu.net\/wordpress\/wp-content\/uploads\/2023\/12\/cd761cdb-7a61-4eee-9e6f-d642233c14eb.jpg'><img loading=\"lazy\" decoding=\"async\" width=\"150\" height=\"150\" src=\"https:\/\/www.radiopiu.net\/wordpress\/wp-content\/uploads\/2023\/12\/cd761cdb-7a61-4eee-9e6f-d642233c14eb-150x150.jpg\" class=\"attachment-thumbnail size-thumbnail\" alt=\"\" \/><\/a>\n\t\t\t\t<\/dt><\/dl><br style=\"clear: both\" \/>\n\t\t\t<\/div>\n\n<p>&nbsp;<\/p>\n<p>&nbsp;<\/p>\n<hr \/>\n<blockquote>\n<h3><a class=\"dt-pswp-item\" href=\"https:\/\/www.radiopiu.net\/wordpress\/wp-content\/uploads\/2023\/12\/messa-natale-alpini-belluno.jpg\" data-dt-img-description=\"\" data-large_image_width=\"757\" data-large_image_height=\"550\"><img loading=\"lazy\" decoding=\"async\" class=\"wp-image-366623 alignleft\" src=\"https:\/\/www.radiopiu.net\/wordpress\/wp-content\/uploads\/2023\/12\/messa-natale-alpini-belluno-300x218.jpg\" alt=\"\" width=\"217\" height=\"158\" srcset=\"https:\/\/www.radiopiu.net\/wordpress\/wp-content\/uploads\/2023\/12\/messa-natale-alpini-belluno-300x218.jpg 300w, https:\/\/www.radiopiu.net\/wordpress\/wp-content\/uploads\/2023\/12\/messa-natale-alpini-belluno.jpg 757w\" sizes=\"auto, (max-width: 217px) 100vw, 217px\" \/><\/a>Commovente omaggio agli alpini scomparsi: 37 cappelli alpini posati in chiesa durante la Messa a Belluno<\/h3>\n<\/blockquote>\n<p><strong>BELLUNO<\/strong> Nella Chiesa di Santo Stefano a Belluno, durante una Messa presieduta dal Vescovo monsignor Renato Marangoni, \u00e8 stato reso un commovente omaggio ai 106 alpini della Sezione di Belluno deceduti nell&#8217;anno. Trentasette cappelli alpini, in rappresentanza di loro, sono stati posati ai piedi dell&#8217;altare. La cerimonia, arricchita dalla presenza di autorit\u00e0 locali, militari e familiari, \u00e8 stata caratterizzata dalla lettura dei nomi dei defunti e dalla conclusione con la tradizionale &#8220;Preghiera dell\u2019Alpino&#8221;.<\/p>\n<p>&nbsp;<\/p>\n<p>&nbsp;<\/p>\n<hr \/>\n<p>&nbsp;<\/p>\n<blockquote>\n<h3>FONDI PER LO SCI E L&#8217;INNEVAMENTO IN LEGGE DI BILANCIO. UNCEM: PER LA MONTAGNA SERVE BEN ALTRO E DI PIU&#8217;<\/h3>\n<\/blockquote>\n<p><strong><a class=\"dt-pswp-item\" href=\"https:\/\/www.radiopiu.net\/wordpress\/wp-content\/uploads\/2020\/11\/logoUNCEM_no_scritta-wdtr.jpg\" data-dt-img-description=\"\" data-large_image_width=\"640\" data-large_image_height=\"640\"><img loading=\"lazy\" decoding=\"async\" class=\" wp-image-170846 alignleft\" src=\"https:\/\/www.radiopiu.net\/wordpress\/wp-content\/uploads\/2020\/11\/logoUNCEM_no_scritta-wdtr-300x300.jpg\" alt=\"\" width=\"120\" height=\"120\" srcset=\"https:\/\/www.radiopiu.net\/wordpress\/wp-content\/uploads\/2020\/11\/logoUNCEM_no_scritta-wdtr-300x300.jpg 300w, https:\/\/www.radiopiu.net\/wordpress\/wp-content\/uploads\/2020\/11\/logoUNCEM_no_scritta-wdtr-150x150.jpg 150w, https:\/\/www.radiopiu.net\/wordpress\/wp-content\/uploads\/2020\/11\/logoUNCEM_no_scritta-wdtr.jpg 640w\" sizes=\"auto, (max-width: 120px) 100vw, 120px\" \/><\/a>ROMA\u00a0<\/strong>Il Presidente nazionale Uncem, Marco Bussone, esprime sorpresa riguardo agli emendamenti alla legge di bilancio, evidenziando un aumento di 100 milioni di euro per il fondo di ammodernamento, sicurezza e dismissione degli impianti di risalita e innevamento artificiale. Bussone critica il fatto che le risorse precedentemente stanziate abbiano beneficiato principalmente gli impiantisti privati, escludendo Comuni, Unioni montane e Comunit\u00e0 montane. Chiede che i nuovi fondi siano distribuiti in modo pi\u00f9 equo, includendo anche risorse per la strategia delle Green Communities e i progetti candidati dai territori nel bando del PNRR nel 2021. Conclude sottolineando l&#8217;importanza di sostenere lo sviluppo economico e sociale delle aree montane.<\/p>\n<p>&nbsp;<\/p>\n<p>&nbsp;<\/p>\n<hr \/>\n<p>&nbsp;<\/p>\n<blockquote>\n<h3>RIFORMA DELL\u2019ASSISTENZA AGLI ANZIANI NON AUTOSUFFICIENTI<\/h3>\n<\/blockquote>\n<p><strong><a class=\"dt-pswp-item\" href=\"https:\/\/www.radiopiu.net\/wordpress\/wp-content\/uploads\/2018\/06\/anziano.jpg\" data-dt-img-description=\"\" data-large_image_width=\"1280\" data-large_image_height=\"909\"><img loading=\"lazy\" decoding=\"async\" class=\" wp-image-51040 alignleft\" src=\"https:\/\/www.radiopiu.net\/wordpress\/wp-content\/uploads\/2018\/06\/anziano-300x213.jpg\" alt=\"\" width=\"146\" height=\"104\" srcset=\"https:\/\/www.radiopiu.net\/wordpress\/wp-content\/uploads\/2018\/06\/anziano-300x213.jpg 300w, https:\/\/www.radiopiu.net\/wordpress\/wp-content\/uploads\/2018\/06\/anziano-768x545.jpg 768w, https:\/\/www.radiopiu.net\/wordpress\/wp-content\/uploads\/2018\/06\/anziano-1024x727.jpg 1024w, https:\/\/www.radiopiu.net\/wordpress\/wp-content\/uploads\/2018\/06\/anziano.jpg 1280w\" sizes=\"auto, (max-width: 146px) 100vw, 146px\" \/><\/a>ROMA<\/strong> Le 60 organizzazioni del Patto per un Nuovo Welfare sulla Non Autosufficienza hanno inviato un &#8220;Manifesto&#8221; con 12 criteri chiave per i Decreti attuativi della Riforma sulla non autosufficienza, che il Governo dovr\u00e0 redigere entro gennaio 2024. I criteri si concentrano su obiettivi come la costruzione di un sistema unitario, l&#8217;introduzione di nuovi modelli d&#8217;intervento, il sostegno ai diversi soggetti coinvolti nella non autosufficienza e l&#8217;utilizzo di un metodo costruttivo. Le organizzazioni sottolineano l&#8217;importanza di garantire un adeguato sostegno all&#8217;assistenza di circa 10 milioni di persone non autosufficienti, compresi gli anziani e i caregiver familiari.<\/p>\n<p>&nbsp;<\/p>\n<p>&nbsp;<\/p>\n<hr \/>\n<p>&nbsp;<\/p>\n<blockquote>\n<h3>Cag Tecnologie Meccaniche di Borgo Valbelluna premia i vincitori del concorso Panini e festeggia successi sportivi ed economici<\/h3>\n<\/blockquote>\n<p><strong>BELLUNO<\/strong> I vincitori del concorso Panini promosso da Cag Tecnologie Meccaniche, che celebra l&#8217;ingresso del suo marchio nella storica pubblicazione, sono stati premiati per aver completato l&#8217;album dei Campionati mondiali di moto. L&#8217;azienda, sponsor principale del team Speedup, ha registrato un sorprendente interesse nel concorso e ha premiato dipendenti e residenti della provincia con due pass &#8220;paddock&#8221; ciascuno per assistere a una gara del Motomondiale 2024. Nel frattempo, il 2023 si chiude con successi sportivi e un fatturato complessivo di 8,5-9 milioni di euro per Cag, confermandola come leader nel settore delle lavorazioni meccaniche e dell&#8217;automazione.<\/p>\n<p>&nbsp;<\/p>\n<p><a class=\"dt-pswp-item\" href=\"https:\/\/www.radiopiu.net\/wordpress\/wp-content\/uploads\/2023\/12\/PHOTO-2023-12-15-11-59-00-00723.jpg\" data-dt-img-description=\"\" data-large_image_width=\"1648\" data-large_image_height=\"1442\"><img loading=\"lazy\" decoding=\"async\" class=\"size-medium wp-image-366626 aligncenter\" src=\"https:\/\/www.radiopiu.net\/wordpress\/wp-content\/uploads\/2023\/12\/PHOTO-2023-12-15-11-59-00-00723-300x263.jpg\" alt=\"\" width=\"300\" height=\"263\" srcset=\"https:\/\/www.radiopiu.net\/wordpress\/wp-content\/uploads\/2023\/12\/PHOTO-2023-12-15-11-59-00-00723-300x263.jpg 300w, https:\/\/www.radiopiu.net\/wordpress\/wp-content\/uploads\/2023\/12\/PHOTO-2023-12-15-11-59-00-00723-1024x896.jpg 1024w, https:\/\/www.radiopiu.net\/wordpress\/wp-content\/uploads\/2023\/12\/PHOTO-2023-12-15-11-59-00-00723-768x672.jpg 768w, https:\/\/www.radiopiu.net\/wordpress\/wp-content\/uploads\/2023\/12\/PHOTO-2023-12-15-11-59-00-00723-1536x1344.jpg 1536w, https:\/\/www.radiopiu.net\/wordpress\/wp-content\/uploads\/2023\/12\/PHOTO-2023-12-15-11-59-00-00723.jpg 1648w\" sizes=\"auto, (max-width: 300px) 100vw, 300px\" \/>\u00a0<\/a><\/p>\n<p>&nbsp;<\/p>\n<hr \/>\n<p>&nbsp;<\/p>\n<blockquote>\n<h3>Emozionante Incontro a Feltre con Flavio Faoro nell&#8217;ambito delle Celebrazioni dei 40 Anni del Libro Parlato<\/h3>\n<\/blockquote>\n<p><strong>DI LOREDANA BORGHETTO\u00a0<\/strong><\/p>\n<p><strong><a class=\"dt-pswp-item\" href=\"https:\/\/www.radiopiu.net\/wordpress\/wp-content\/uploads\/2023\/12\/61f0d397-f0ec-4f8b-99cb-096b39bfe580.jpg\" data-dt-img-description=\"\" data-large_image_width=\"2016\" data-large_image_height=\"1134\"><img loading=\"lazy\" decoding=\"async\" class=\" wp-image-366689 alignleft\" src=\"https:\/\/www.radiopiu.net\/wordpress\/wp-content\/uploads\/2023\/12\/61f0d397-f0ec-4f8b-99cb-096b39bfe580-300x169.jpg\" alt=\"\" width=\"272\" height=\"153\" srcset=\"https:\/\/www.radiopiu.net\/wordpress\/wp-content\/uploads\/2023\/12\/61f0d397-f0ec-4f8b-99cb-096b39bfe580-300x169.jpg 300w, https:\/\/www.radiopiu.net\/wordpress\/wp-content\/uploads\/2023\/12\/61f0d397-f0ec-4f8b-99cb-096b39bfe580-1024x576.jpg 1024w, https:\/\/www.radiopiu.net\/wordpress\/wp-content\/uploads\/2023\/12\/61f0d397-f0ec-4f8b-99cb-096b39bfe580-768x432.jpg 768w, https:\/\/www.radiopiu.net\/wordpress\/wp-content\/uploads\/2023\/12\/61f0d397-f0ec-4f8b-99cb-096b39bfe580-1536x864.jpg 1536w, https:\/\/www.radiopiu.net\/wordpress\/wp-content\/uploads\/2023\/12\/61f0d397-f0ec-4f8b-99cb-096b39bfe580.jpg 2016w\" sizes=\"auto, (max-width: 272px) 100vw, 272px\" \/><\/a><a class=\"dt-pswp-item\" href=\"https:\/\/www.radiopiu.net\/wordpress\/wp-content\/uploads\/2023\/12\/f5e0f943-f889-41e3-907d-58b51fba7e95.jpg\" data-dt-img-description=\"\" data-large_image_width=\"899\" data-large_image_height=\"1599\"><img loading=\"lazy\" decoding=\"async\" class=\" wp-image-366688 alignright\" src=\"https:\/\/www.radiopiu.net\/wordpress\/wp-content\/uploads\/2023\/12\/f5e0f943-f889-41e3-907d-58b51fba7e95-169x300.jpg\" alt=\"\" width=\"88\" height=\"156\" srcset=\"https:\/\/www.radiopiu.net\/wordpress\/wp-content\/uploads\/2023\/12\/f5e0f943-f889-41e3-907d-58b51fba7e95-169x300.jpg 169w, https:\/\/www.radiopiu.net\/wordpress\/wp-content\/uploads\/2023\/12\/f5e0f943-f889-41e3-907d-58b51fba7e95-576x1024.jpg 576w, https:\/\/www.radiopiu.net\/wordpress\/wp-content\/uploads\/2023\/12\/f5e0f943-f889-41e3-907d-58b51fba7e95-768x1366.jpg 768w, https:\/\/www.radiopiu.net\/wordpress\/wp-content\/uploads\/2023\/12\/f5e0f943-f889-41e3-907d-58b51fba7e95-864x1536.jpg 864w, https:\/\/www.radiopiu.net\/wordpress\/wp-content\/uploads\/2023\/12\/f5e0f943-f889-41e3-907d-58b51fba7e95.jpg 899w\" sizes=\"auto, (max-width: 88px) 100vw, 88px\" \/><\/a>FELTRE\u00a0<\/strong> L\u2019incontro di\u00a0 ieri (quarto evento nell\u2019ambito della celebrazioni dei 40 anni del Libro parlato), con Flavio Faoro ha emozionato e catturato l\u2019attenzione di tutto il pubblico. Luisa Alchini, particolarmente coinvolta ma brillante come sempre, ha dialogato con l\u2019importante ospite, figura nota nella letteratura di montagna, fondatore e direttore per molti anni di \u201cOltre le vette\u201d, rassegna ormai di fama internazionale. Questo ha permesso a Faoro di parlare anche del suo rapporto particolarmente intenso con la montagna e di come questo si sia evoluto nel tempo. Soffermandosi sulla sua attivit\u00e0 di scrittore, ed in particolare su \u201cTecniche di cattura\u201d, ha sottolineato l\u2019importanza della memoria per chi scrive ma anche per il lettore, che ha la possibilit\u00e0 di riconoscersi e di comprendere meglio se stesso e la vita. Un\u2019attenzione speciale \u00e8 stata dedicata alla pluripremiata fiaba \u201cBarbarina e i nove colombi\u201d, illustrata da Marta Farina e di cui Faoro ha illustrato la genesi. La conduttrice ha voluto soffermarsi anche sull\u2019attivit\u00e0 di docente del prof. Flavio Faoro, suo insegnante alle superiori, sottolineandone la passione e la capacit\u00e0 di comunicare messaggi positivi, stimolanti ed incoraggianti ai suoi studenti. La serata \u00e8 stata impreziosita dalle letture dei Libri Parlanti e soprattutto dall\u2019esibizione degli allievi della Scuola di Musica Sandi e del maestro Andri che ha incantato il pubblico.<\/p>\n<p>&nbsp;<\/p>\n<hr \/>\n<p>&nbsp;<\/p>\n<blockquote>\n<h3><\/h3>\n<h3><a class=\"dt-pswp-item\" href=\"https:\/\/www.radiopiu.net\/wordpress\/wp-content\/uploads\/2023\/12\/th-7.jpg\" data-dt-img-description=\"\" data-large_image_width=\"320\" data-large_image_height=\"180\"><img loading=\"lazy\" decoding=\"async\" class=\" wp-image-366700 alignleft\" src=\"https:\/\/www.radiopiu.net\/wordpress\/wp-content\/uploads\/2023\/12\/th-7-300x169.jpg\" alt=\"\" width=\"220\" height=\"124\" srcset=\"https:\/\/www.radiopiu.net\/wordpress\/wp-content\/uploads\/2023\/12\/th-7-300x169.jpg 300w, https:\/\/www.radiopiu.net\/wordpress\/wp-content\/uploads\/2023\/12\/th-7.jpg 320w\" sizes=\"auto, (max-width: 220px) 100vw, 220px\" \/><\/a>VACANZE DI NATALE 40 ANNI DOPO&#8230; DI NUOVO SUL GRANDE SCHERMO<\/h3>\n<\/blockquote>\n<p>&nbsp;<\/p>\n<p>&nbsp;<\/p>\n<p>&nbsp;<\/p>\n<p><strong>PER LE TRE RADIO, BARBARA PAOLAZZI<\/strong><\/p>\n<audio class=\"wp-audio-shortcode\" id=\"audio-366549-7\" preload=\"none\" style=\"width: 100%;\" controls=\"controls\"><source type=\"audio\/mpeg\" src=\"https:\/\/www.radiopiu.net\/wordpress\/wp-content\/uploads\/2023\/12\/barbara-vanzian.mp3?_=7\" \/><a href=\"https:\/\/www.radiopiu.net\/wordpress\/wp-content\/uploads\/2023\/12\/barbara-vanzian.mp3\">https:\/\/www.radiopiu.net\/wordpress\/wp-content\/uploads\/2023\/12\/barbara-vanzian.mp3<\/a><\/audio>\n<p>&nbsp;<\/p>\n<p>&nbsp;<\/p>\n<hr \/>\n<p>&nbsp;<\/p>\n<h2><span style=\"color: #ff0000;\">I CONSIGLI COMUNALI IN AGORDINO<\/span><\/h2>\n<blockquote>\n<h3>STASERA CONSIGLIO COMUNALE AD ALLEGHE<\/h3>\n<\/blockquote>\n<p><strong>ALLEGHE<\/strong> Il sindaco di Alleghe Danilo De Toni ha convocato il consiglio comunale per stasera alle 20:30 per parlare della ricognizione delle partecipazioni possedute al 31 dicembre 2023.<\/p>\n<p>&nbsp;<\/p>\n<blockquote>\n<h3>MERCOLEDI A RIVAMONTE,\u00a0 \u00a0 FALCADE e COLLE SANTA LUCIA<\/h3>\n<\/blockquote>\n<p><strong>RIVAMONTE<\/strong> Il sindaco di Rivamonte Giovanni Deon ha convocato il consiglio comunale per mercoled\u00ec alle 18:30 per trattare 7 punti all&#8217;ordine del giorno. Si parler\u00e0 di una variazione a bilancio, delle imposte IMU e IRPEF, una nota di aggiornamento al DUP, il bilancio di previsione 2024\/26 e la revisione delle partecipazioni possedute.<\/p>\n<p><strong>\u00a0FALCADE<\/strong> Mauro Salvaterra in fascia tricolore ha chiamato a raccolta i consiglieri per mercoledi alle 19.45. All&#8217;ordine del giorno debiti fuori bilancio, variazioni al bilancio, imposta IMU nota di aggiornamento al DUP <strong>approvazione bilancio di previsione, revisione della partecipazioni societarie.<\/strong><\/p>\n<p><b>COLE SANTA LUCIA <\/b>Consiglio comunale mercoledi alle 20.30. In discussione anche la convenzione con l&#8217;associazione &#8220;Colle Santa Lucia-Dolomiti&#8221; per la valorizzazione del territorio; approvazione bilancio di previsione e programma triennale, comunicazioni del sindaco Luca Lorenzini<\/p>\n<p><strong>LA VALLE<\/strong> Bilancio ma non solo in discussione nel consiglio comunale convocato dal sindaco Ezio Zuanel per il 29 dicembre alle 18. Saranno approvate infatti le aliquote Imu per il 2024, saranno approvati il piano delle alienazioni, il bilancio di previsione e il Dup e si esaminer\u00e0 la bozza di convenzione per la gestione della scuola dell&#8217;infanzia Gianelli. Sul tavolo anche l&#8217;accordo con l&#8217;Unione montana per la gestione associata dei cimiteri.<\/p>\n<blockquote>\n<h3>GIOVEDI A CANALE D&#8217;AGORDO E ROCCA PIETORE<\/h3>\n<\/blockquote>\n<p><strong>CANALE D&#8217;AGORDO\u00a0<\/strong> Il sindaco Massimo Murer ha convocato il consiglio per giovedi alle 20. All&#8217;ordine del giorno le addizionali comunali sul reddito, Imu, aree fabbricabili, Dup, bilancio e convenzione con la fondazione Papa Luciani per la gestione del Museo.<\/p>\n<p><strong>ROCCA PIETORE<\/strong> Consiglio comunale convocato dal sindaco per giovedi alle 18.30 All&#8217;ordine del giorno bilancio, incarichi di collaborazione autonoma e varianti al prg.<\/p>\n<p>&nbsp;<\/p>\n<p>&nbsp;<\/p>\n<hr \/>\n<p>&nbsp;<\/p>\n<blockquote class=\"wp-embedded-content\" data-secret=\"iNnhDIpIWo\"><p><a href=\"https:\/\/www.radiopiu.net\/wordpress\/dalla-serra-del-dolomiti-garden-alla-chiesetta-dei-santi-fermo-e-rustico\/\">DALLA SERRA DEL DOLOMITI GARDEN ALLA CHIESETTA DEI SANTI FERMO E RUSTICO<\/a><\/p><\/blockquote>\n<p><iframe loading=\"lazy\" class=\"wp-embedded-content\" sandbox=\"allow-scripts\" security=\"restricted\" style=\"position: absolute; clip: rect(1px, 1px, 1px, 1px);\" title=\"&#8220;DALLA SERRA DEL DOLOMITI GARDEN ALLA CHIESETTA DEI SANTI FERMO E RUSTICO&#8221; &#8212; Radio Pi\u00f9\" src=\"https:\/\/www.radiopiu.net\/wordpress\/dalla-serra-del-dolomiti-garden-alla-chiesetta-dei-santi-fermo-e-rustico\/embed\/#?secret=kDVWcHUYd8#?secret=iNnhDIpIWo\" data-secret=\"iNnhDIpIWo\" width=\"600\" height=\"338\" frameborder=\"0\" marginwidth=\"0\" marginheight=\"0\" scrolling=\"no\"><\/iframe><\/p>\n<p>&nbsp;<\/p>\n<hr \/>\n<p>&nbsp;<\/p>\n<blockquote>\n<div class=\"page-title-head hgroup\">\n<h3 class=\"entry-title\">\u201cVOCI E SUONI NUOVI\u201d: TORNA IL CONCERTO DI NATALE DEL CORO AGORDO<\/h3>\n<\/div>\n<\/blockquote>\n<p><strong>AGORDO<\/strong> Il Coro Agordo torna con il concerto di Natale dopo tre anni, presentando la serata &#8220;Voci e suoni nuovi&#8221; il 26 dicembre nella chiesa arcidiaconale di Agordo. Con la direzione di Anna Devich, la formazione rinnovata si esibir\u00e0 in questo primo concerto ufficiale, accogliendo nuove voci e reintegrando membri dopo un periodo di assenza. Aumentato anche il numero di cantori, il Coro condivider\u00e0 la serata con il trio folk &#8220;Rudem\u00e0&#8221;, composto da Fabio Reolon, Francesco Chiarini e Luca Ventimiglia. Le suggestioni musicali del trio e le voci del coro promettono un&#8217;atmosfera coinvolgente per immergersi nella poesia della musica e del canto, offrendo un&#8217;occasione per allontanarsi dai pensieri quotidiani e viaggiare con la fantasia.<\/p>\n<p>&nbsp;<\/p>\n\n\t\t\t<style type='text\/css'>\n\t\t\t\t#gallery-3 {\n\t\t\t\t\tmargin: auto;\n\t\t\t\t}\n\t\t\t\t#gallery-3 .gallery-item {\n\t\t\t\t\tfloat: left;\n\t\t\t\t\tmargin-top: 10px;\n\t\t\t\t\ttext-align: center;\n\t\t\t\t\twidth: 50%;\n\t\t\t\t}\n\t\t\t\t#gallery-3 img {\n\t\t\t\t\tborder: 2px solid #cfcfcf;\n\t\t\t\t}\n\t\t\t\t#gallery-3 .gallery-caption {\n\t\t\t\t\tmargin-left: 0;\n\t\t\t\t}\n\t\t\t\t\/* see gallery_shortcode() in wp-includes\/media.php *\/\n\t\t\t<\/style>\n\t\t<div id='gallery-3' class='dt-gallery-container gallery galleryid-366549 gallery-columns-2 gallery-size-thumbnail'><dl class='gallery-item'>\n\t\t\t\t<dt class='gallery-icon landscape'>\n\t\t\t\t\t<a class=\"rollover rollover-zoom dt-pswp-item\" title=\"ASAD\" data-dt-img-description=\"\" data-large_image_width=\"1446\" data-large_image_height=\"1012\"href='https:\/\/www.radiopiu.net\/wordpress\/wp-content\/uploads\/2023\/12\/ASAD.jpg'><img loading=\"lazy\" decoding=\"async\" width=\"150\" height=\"150\" src=\"https:\/\/www.radiopiu.net\/wordpress\/wp-content\/uploads\/2023\/12\/ASAD-150x150.jpg\" class=\"attachment-thumbnail size-thumbnail\" alt=\"\" \/><\/a>\n\t\t\t\t<\/dt><\/dl><dl class='gallery-item'>\n\t\t\t\t<dt class='gallery-icon landscape'>\n\t\t\t\t\t<a class=\"rollover rollover-zoom dt-pswp-item\" title=\"Rudem\u00e0\" data-dt-img-description=\"\" data-large_image_width=\"1912\" data-large_image_height=\"1132\"href='https:\/\/www.radiopiu.net\/wordpress\/wp-content\/uploads\/2023\/12\/Rudema-1.png'><img loading=\"lazy\" decoding=\"async\" width=\"150\" height=\"150\" src=\"https:\/\/www.radiopiu.net\/wordpress\/wp-content\/uploads\/2023\/12\/Rudema-1-150x150.png\" class=\"attachment-thumbnail size-thumbnail\" alt=\"\" \/><\/a>\n\t\t\t\t<\/dt><\/dl><br style=\"clear: both\" \/>\n\t\t\t<\/div>\n\n<p>&nbsp;<\/p>\n<hr \/>\n<p>&nbsp;<\/p>\n<blockquote>\n<h2>CENCENIGHE A NATALE, GLI AUGURI DEL PRIMO CITTADINO<\/h2>\n<\/blockquote>\n<p>&nbsp;<\/p>\n<p><strong>CENCENIGHE AI MICROFONI DI RADIO PIU IL SINDACO DI CENCENIGHE MAURO SOPPELSA\u00a0<\/strong><\/p>\n<audio class=\"wp-audio-shortcode\" id=\"audio-366549-8\" preload=\"none\" style=\"width: 100%;\" controls=\"controls\"><source type=\"audio\/mpeg\" src=\"https:\/\/www.radiopiu.net\/wordpress\/wp-content\/uploads\/2023\/12\/mauro-soppelsa.mp3?_=8\" \/><a href=\"https:\/\/www.radiopiu.net\/wordpress\/wp-content\/uploads\/2023\/12\/mauro-soppelsa.mp3\">https:\/\/www.radiopiu.net\/wordpress\/wp-content\/uploads\/2023\/12\/mauro-soppelsa.mp3<\/a><\/audio>\n<p>&nbsp;<\/p>\n\n\t\t\t<style type='text\/css'>\n\t\t\t\t#gallery-4 {\n\t\t\t\t\tmargin: auto;\n\t\t\t\t}\n\t\t\t\t#gallery-4 .gallery-item {\n\t\t\t\t\tfloat: left;\n\t\t\t\t\tmargin-top: 10px;\n\t\t\t\t\ttext-align: center;\n\t\t\t\t\twidth: 20%;\n\t\t\t\t}\n\t\t\t\t#gallery-4 img {\n\t\t\t\t\tborder: 2px solid #cfcfcf;\n\t\t\t\t}\n\t\t\t\t#gallery-4 .gallery-caption {\n\t\t\t\t\tmargin-left: 0;\n\t\t\t\t}\n\t\t\t\t\/* see gallery_shortcode() in wp-includes\/media.php *\/\n\t\t\t<\/style>\n\t\t<div id='gallery-4' class='dt-gallery-container gallery galleryid-366549 gallery-columns-5 gallery-size-thumbnail'><dl class='gallery-item'>\n\t\t\t\t<dt class='gallery-icon landscape'>\n\t\t\t\t\t<a class=\"rollover rollover-zoom dt-pswp-item\" title=\"836e2295-20c1-4990-a191-ca9bc0a3744d\" data-dt-img-description=\"\" data-large_image_width=\"2016\" data-large_image_height=\"1512\"href='https:\/\/www.radiopiu.net\/wordpress\/wp-content\/uploads\/2023\/12\/836e2295-20c1-4990-a191-ca9bc0a3744d.jpg'><img loading=\"lazy\" decoding=\"async\" width=\"150\" height=\"150\" src=\"https:\/\/www.radiopiu.net\/wordpress\/wp-content\/uploads\/2023\/12\/836e2295-20c1-4990-a191-ca9bc0a3744d-150x150.jpg\" class=\"attachment-thumbnail size-thumbnail\" alt=\"\" \/><\/a>\n\t\t\t\t<\/dt><\/dl><dl class='gallery-item'>\n\t\t\t\t<dt class='gallery-icon landscape'>\n\t\t\t\t\t<a class=\"rollover rollover-zoom dt-pswp-item\" title=\"84b60d0f-4ead-4c65-af9d-36b95eb1ce0e\" data-dt-img-description=\"\" data-large_image_width=\"2016\" data-large_image_height=\"1512\"href='https:\/\/www.radiopiu.net\/wordpress\/wp-content\/uploads\/2023\/12\/84b60d0f-4ead-4c65-af9d-36b95eb1ce0e.jpg'><img loading=\"lazy\" decoding=\"async\" width=\"150\" height=\"150\" src=\"https:\/\/www.radiopiu.net\/wordpress\/wp-content\/uploads\/2023\/12\/84b60d0f-4ead-4c65-af9d-36b95eb1ce0e-150x150.jpg\" class=\"attachment-thumbnail size-thumbnail\" alt=\"\" \/><\/a>\n\t\t\t\t<\/dt><\/dl><dl class='gallery-item'>\n\t\t\t\t<dt class='gallery-icon landscape'>\n\t\t\t\t\t<a class=\"rollover rollover-zoom dt-pswp-item\" title=\"be0c6a02-f738-432d-a96a-96b2dff2d003\" data-dt-img-description=\"\" data-large_image_width=\"2016\" data-large_image_height=\"1512\"href='https:\/\/www.radiopiu.net\/wordpress\/wp-content\/uploads\/2023\/12\/be0c6a02-f738-432d-a96a-96b2dff2d003.jpg'><img loading=\"lazy\" decoding=\"async\" width=\"150\" height=\"150\" src=\"https:\/\/www.radiopiu.net\/wordpress\/wp-content\/uploads\/2023\/12\/be0c6a02-f738-432d-a96a-96b2dff2d003-150x150.jpg\" class=\"attachment-thumbnail size-thumbnail\" alt=\"\" \/><\/a>\n\t\t\t\t<\/dt><\/dl><dl class='gallery-item'>\n\t\t\t\t<dt class='gallery-icon portrait'>\n\t\t\t\t\t<a class=\"rollover rollover-zoom dt-pswp-item\" title=\"8a42c6df-570e-4ebd-a969-f856c27e8d32\" data-dt-img-description=\"\" data-large_image_width=\"1512\" data-large_image_height=\"2016\"href='https:\/\/www.radiopiu.net\/wordpress\/wp-content\/uploads\/2023\/12\/8a42c6df-570e-4ebd-a969-f856c27e8d32.jpg'><img loading=\"lazy\" decoding=\"async\" width=\"150\" height=\"150\" src=\"https:\/\/www.radiopiu.net\/wordpress\/wp-content\/uploads\/2023\/12\/8a42c6df-570e-4ebd-a969-f856c27e8d32-150x150.jpg\" class=\"attachment-thumbnail size-thumbnail\" alt=\"\" \/><\/a>\n\t\t\t\t<\/dt><\/dl><dl class='gallery-item'>\n\t\t\t\t<dt class='gallery-icon landscape'>\n\t\t\t\t\t<a class=\"rollover rollover-zoom dt-pswp-item\" title=\"73d02d3e-8100-4f5d-bb22-b9d637129502\" data-dt-img-description=\"\" data-large_image_width=\"2016\" data-large_image_height=\"1512\"href='https:\/\/www.radiopiu.net\/wordpress\/wp-content\/uploads\/2023\/12\/73d02d3e-8100-4f5d-bb22-b9d637129502.jpg'><img loading=\"lazy\" decoding=\"async\" width=\"150\" height=\"150\" src=\"https:\/\/www.radiopiu.net\/wordpress\/wp-content\/uploads\/2023\/12\/73d02d3e-8100-4f5d-bb22-b9d637129502-150x150.jpg\" class=\"attachment-thumbnail size-thumbnail\" alt=\"\" \/><\/a>\n\t\t\t\t<\/dt><\/dl><br style=\"clear: both\" \/>\n\t\t\t<\/div>\n\n<p>&nbsp;<\/p>\n<blockquote><p>&nbsp;<\/p><\/blockquote>\n<p>&nbsp;<\/p>\n<p>&nbsp;<\/p>\n<hr \/>\n<p>&nbsp;<\/p>\n<h2><span style=\"color: #ff6600;\">IERI ALLA RADIO<\/span><\/h2>\n<h2><span style=\"color: #ff00ff;\">LETTURE E CULTURE<\/span><\/h2>\n<p><a class=\"dt-pswp-item\" href=\"https:\/\/www.radiopiu.net\/wordpress\/wp-content\/uploads\/2023\/12\/407369689_190036974180129_2995837797567562467_n.jpg\" data-dt-img-description=\"\" data-large_image_width=\"960\" data-large_image_height=\"950\"><img loading=\"lazy\" decoding=\"async\" class=\" wp-image-366503 alignleft\" src=\"https:\/\/www.radiopiu.net\/wordpress\/wp-content\/uploads\/2023\/12\/407369689_190036974180129_2995837797567562467_n-300x297.jpg\" alt=\"\" width=\"141\" height=\"140\" srcset=\"https:\/\/www.radiopiu.net\/wordpress\/wp-content\/uploads\/2023\/12\/407369689_190036974180129_2995837797567562467_n-300x297.jpg 300w, https:\/\/www.radiopiu.net\/wordpress\/wp-content\/uploads\/2023\/12\/407369689_190036974180129_2995837797567562467_n-150x150.jpg 150w, https:\/\/www.radiopiu.net\/wordpress\/wp-content\/uploads\/2023\/12\/407369689_190036974180129_2995837797567562467_n-768x760.jpg 768w, https:\/\/www.radiopiu.net\/wordpress\/wp-content\/uploads\/2023\/12\/407369689_190036974180129_2995837797567562467_n.jpg 960w\" sizes=\"auto, (max-width: 141px) 100vw, 141px\" \/><\/a>Nuovo appuntamento sulle frequenze di Radio Pi\u00f9. Per tutta la settimana Marina Don\u00e0 in collaborazione con il Borgo di Palue e il Libro Parlato di Feltre, Luisa Alchini e Eleonora Treve, presentano &#8220;LETTURE E CULTURE&#8221;<\/p>\n<p><strong>PUNTATA 01 &#8211; DEL 18 DICEMBRE 2023<\/strong><\/p>\n<audio class=\"wp-audio-shortcode\" id=\"audio-366549-9\" preload=\"none\" style=\"width: 100%;\" controls=\"controls\"><source type=\"audio\/mpeg\" src=\"https:\/\/www.radiopiu.net\/wordpress\/wp-content\/uploads\/2023\/12\/1-PUNTATA-LETTURE-E-CULTURE-1.mp3?_=9\" \/><a href=\"https:\/\/www.radiopiu.net\/wordpress\/wp-content\/uploads\/2023\/12\/1-PUNTATA-LETTURE-E-CULTURE-1.mp3\">https:\/\/www.radiopiu.net\/wordpress\/wp-content\/uploads\/2023\/12\/1-PUNTATA-LETTURE-E-CULTURE-1.mp3<\/a><\/audio>\n<p>&nbsp;<\/p>\n<h2><a class=\"dt-pswp-item\" href=\"https:\/\/www.radiopiu.net\/wordpress\/wp-content\/uploads\/2023\/12\/cfae777d-40db-be18-ad2f-eaa8f7442f7f.jpg\" data-dt-img-description=\"Portrait of mature bearded man caring for senior woman he embracing her and holding her hand they standing in the living room and smiling\" data-large_image_width=\"800\" data-large_image_height=\"445\"><img loading=\"lazy\" decoding=\"async\" class=\"wp-image-366558 size-medium alignleft\" src=\"https:\/\/www.radiopiu.net\/wordpress\/wp-content\/uploads\/2023\/12\/cfae777d-40db-be18-ad2f-eaa8f7442f7f-300x167.jpg\" alt=\"\" width=\"300\" height=\"167\" srcset=\"https:\/\/www.radiopiu.net\/wordpress\/wp-content\/uploads\/2023\/12\/cfae777d-40db-be18-ad2f-eaa8f7442f7f-300x167.jpg 300w, https:\/\/www.radiopiu.net\/wordpress\/wp-content\/uploads\/2023\/12\/cfae777d-40db-be18-ad2f-eaa8f7442f7f-768x427.jpg 768w, https:\/\/www.radiopiu.net\/wordpress\/wp-content\/uploads\/2023\/12\/cfae777d-40db-be18-ad2f-eaa8f7442f7f.jpg 800w\" sizes=\"auto, (max-width: 300px) 100vw, 300px\" \/><\/a><span style=\"color: #33cccc;\">SALUTE E SOCIETA&#8217;<\/span><\/h2>\n<p><strong>PUNTATA DEL 18 DICEMBRE 2023<\/strong><\/p>\n<p><strong>A fianco del coraggio <\/strong>I caregiver uomini si raccontano nel premio letterario A fianco del coraggio, promosso da Roche Italia.<br \/>\n<strong>Tumori neuroendocrini <\/strong>Tumori neuroendocrini, che cosa sono e perch\u00e9 \u00e8 difficile diagnosticarli?<\/p>\n<audio class=\"wp-audio-shortcode\" id=\"audio-366549-10\" preload=\"none\" style=\"width: 100%;\" controls=\"controls\"><source type=\"audio\/mpeg\" src=\"https:\/\/www.radiopiu.net\/wordpress\/wp-content\/uploads\/2023\/12\/SALUTE-1.mp3?_=10\" \/><a href=\"https:\/\/www.radiopiu.net\/wordpress\/wp-content\/uploads\/2023\/12\/SALUTE-1.mp3\">https:\/\/www.radiopiu.net\/wordpress\/wp-content\/uploads\/2023\/12\/SALUTE-1.mp3<\/a><\/audio>\n<p>&nbsp;<\/p>\n<h2><span style=\"color: #808000;\">PERITI MINERARI DALL\u2019AGORDINO AL MONDO<\/span><\/h2>\n<p><strong>REDAZIONE<\/strong> Continua la serie di racconti con i periti minerari agordini. Una lunga intervista a Silvano Da Roit suddivisa in due parti. I racconti dei periti minerari agordini che hanno lavorato nel mondo, ogni luned\u00ec alle 10:30 e alle 19 su Radio Pi\u00f9.<\/p>\n<p><iframe loading=\"lazy\" title=\"SILVANO DA ROIT\" width=\"1200\" height=\"675\" src=\"https:\/\/www.youtube.com\/embed\/e3ppld8JOm8?feature=oembed\" frameborder=\"0\" allow=\"accelerometer; autoplay; clipboard-write; encrypted-media; gyroscope; picture-in-picture; web-share\" allowfullscreen><\/iframe><\/p>\n<p>&nbsp;<\/p>\n<p><strong>LA RACCOLTA COMPLETA <a href=\"https:\/\/www.radiopiu.net\/wordpress\/periti-minerari-dallagordino-al-mondo\/\">CLICCA QUI<\/a><\/strong><\/p>\n<p>&nbsp;<\/p>\n<hr \/>\n<p>&nbsp;<\/p>\n<h2><span style=\"color: #ff0000;\">SCUOLE APERTE<\/span><\/h2>\n<h2>AGORDO Scuola aperta alla Primaria, domani alle 17.15 nel salone al primo piano<\/h2>\n<p>&nbsp;<\/p>\n<p><a class=\"dt-pswp-item\" href=\"https:\/\/www.radiopiu.net\/wordpress\/wp-content\/uploads\/2023\/12\/12344fc2-9701-42bd-9b63-85cee8fcf87e.jpg\" data-dt-img-description=\"\" data-large_image_width=\"1080\" data-large_image_height=\"1350\"><img loading=\"lazy\" decoding=\"async\" class=\"size-medium wp-image-366118 aligncenter\" src=\"https:\/\/www.radiopiu.net\/wordpress\/wp-content\/uploads\/2023\/12\/12344fc2-9701-42bd-9b63-85cee8fcf87e-240x300.jpg\" alt=\"\" width=\"240\" height=\"300\" srcset=\"https:\/\/www.radiopiu.net\/wordpress\/wp-content\/uploads\/2023\/12\/12344fc2-9701-42bd-9b63-85cee8fcf87e-240x300.jpg 240w, https:\/\/www.radiopiu.net\/wordpress\/wp-content\/uploads\/2023\/12\/12344fc2-9701-42bd-9b63-85cee8fcf87e-819x1024.jpg 819w, https:\/\/www.radiopiu.net\/wordpress\/wp-content\/uploads\/2023\/12\/12344fc2-9701-42bd-9b63-85cee8fcf87e-768x960.jpg 768w, https:\/\/www.radiopiu.net\/wordpress\/wp-content\/uploads\/2023\/12\/12344fc2-9701-42bd-9b63-85cee8fcf87e.jpg 1080w\" sizes=\"auto, (max-width: 240px) 100vw, 240px\" \/><\/a><\/p>\n<p>&nbsp;<\/p>\n<hr \/>\n<p>&nbsp;<\/p>\n<h2><span style=\"color: #ff0000;\">GLI APPUNTAMENTI DELLA SETTIMANA<\/span><\/h2>\n<blockquote>\n<h3>IL CONCERTO DI NATALE CON IL CIRCOLO CULTURALE BELLUNESE<\/h3>\n<\/blockquote>\n<p><strong>BELLUNO<\/strong> La 70a Stagione del Circolo si chiude con il grande concerto di Natale, domani alle 20:30, Basilica Cattedrale di San Martino, Belluno. A dirigerlo, il maestro Andrea Marcon, con l&#8217;orchestra Frau Musica e il Coro del Friuli Venezia Giulia.<\/p>\n<p>&nbsp;<\/p>\n<p class=\"articlePlainText\"><strong class=\"photoswipe-wrapper\"><a class=\"dt-pswp-item pspw-wrap-ready\" href=\"https:\/\/www.radiopiu.net\/wordpress\/wp-content\/uploads\/2023\/11\/1f9b39ac-7445-4292-9e66-746ed8bde8d9.jpg\" data-dt-img-description=\"\" data-large_image_width=\"800\" data-large_image_height=\"1067\"><img loading=\"lazy\" decoding=\"async\" class=\" wp-image-360368 alignleft\" src=\"https:\/\/www.radiopiu.net\/wordpress\/wp-content\/uploads\/2023\/11\/1f9b39ac-7445-4292-9e66-746ed8bde8d9-225x300.jpg\" sizes=\"auto, (max-width: 182px) 100vw, 182px\" srcset=\"https:\/\/www.radiopiu.net\/wordpress\/wp-content\/uploads\/2023\/11\/1f9b39ac-7445-4292-9e66-746ed8bde8d9-225x300.jpg 225w, https:\/\/www.radiopiu.net\/wordpress\/wp-content\/uploads\/2023\/11\/1f9b39ac-7445-4292-9e66-746ed8bde8d9-768x1024.jpg 768w, https:\/\/www.radiopiu.net\/wordpress\/wp-content\/uploads\/2023\/11\/1f9b39ac-7445-4292-9e66-746ed8bde8d9.jpg 800w\" alt=\"\" width=\"105\" height=\"140\" \/><\/a>FELTRE<\/strong> Gli eventi in programma per celebrare i 40 anni del Libro Parlato di Feltre \u201cA. Sernagiotto\u201d.<\/p>\n<p><strong>VENERDI 22 DICEMBRE\u00a0<\/strong>alle 18 in Sala Ocri Presentazione del libro \u201cIl saldatore del Vajont\u201d con l\u2019autore Antonio G. Bortoluzzi \u2013 presenta Nicola Maccagnan<\/p>\n<p>&nbsp;<\/p>\n<p>&nbsp;<\/p>\n<p>&nbsp;<\/p>\n<blockquote>\n<h3>NADAL A SAN TOMAS<\/h3>\n<\/blockquote>\n<p><strong>SAN TOMASO <\/strong>Sono visitabili i presepi nelle frazioni di San Tomaso. Questi gli appuntamenti con le serate dedicate al Natale.<\/p>\n<p><strong>22 DICEMBRE<\/strong> &#8220;Lettura Animata&#8221; le magiche storie di Natale. Sala della biblioteca alle 17:30<\/p>\n<p><strong>28 DICEMBRE<\/strong> &#8220;Racconti di Natale&#8221;, uno spettacolo di marionette per i pi\u00f9 piccoli. Sala parrocchiale alle 17<\/p>\n<p><strong>29 DICEMBRE<\/strong> &#8220;In viaggio con A. Edwards&#8221;, serata con Eleonora Pescosta che racconta la storia dell&#8217;escursionista inglese salita sul Sasso Bianco. Celat alle 20:30<\/p>\n<p><strong>04 GENNAIO<\/strong> &#8220;I Kropya&#8221; Concerto natalizio dell&#8217;ensamble vocale dei giovani di Livinallongo. Chiesa Parocchiale alle 20:30<\/p>\n<p>&nbsp;<\/p>\n<blockquote>\n<h3>AL CINEMA DI FALCADE NAPOLEON<\/h3>\n<\/blockquote>\n<p><strong>FALCADE <\/strong>Natale al cinema a Falcade. Sabato, domenica e luned\u00ec verr\u00e0 proiettato il nuovo film di Ridley Scott &#8220;Napoleon&#8221;. Orari degli spettacoli alle 15:30 e alle 21. Sabato solo alle 21<\/p>\n<p>&nbsp;<\/p>\n<h2><span style=\"color: #ff0000;\">PROSSIMAMENTE&#8230;..<\/span><\/h2>\n<blockquote>\n<h3><a class=\"dt-pswp-item\" href=\"https:\/\/www.radiopiu.net\/wordpress\/wp-content\/uploads\/2023\/12\/d75f9049-c143-412d-a761-164a9701a43a.jpg\" data-dt-img-description=\"\" data-large_image_width=\"1080\" data-large_image_height=\"1080\"><img loading=\"lazy\" decoding=\"async\" class=\"wp-image-366318 alignleft\" src=\"https:\/\/www.radiopiu.net\/wordpress\/wp-content\/uploads\/2023\/12\/d75f9049-c143-412d-a761-164a9701a43a-300x300.jpg\" alt=\"\" width=\"256\" height=\"256\" srcset=\"https:\/\/www.radiopiu.net\/wordpress\/wp-content\/uploads\/2023\/12\/d75f9049-c143-412d-a761-164a9701a43a-300x300.jpg 300w, https:\/\/www.radiopiu.net\/wordpress\/wp-content\/uploads\/2023\/12\/d75f9049-c143-412d-a761-164a9701a43a-1024x1024.jpg 1024w, https:\/\/www.radiopiu.net\/wordpress\/wp-content\/uploads\/2023\/12\/d75f9049-c143-412d-a761-164a9701a43a-150x150.jpg 150w, https:\/\/www.radiopiu.net\/wordpress\/wp-content\/uploads\/2023\/12\/d75f9049-c143-412d-a761-164a9701a43a-768x768.jpg 768w, https:\/\/www.radiopiu.net\/wordpress\/wp-content\/uploads\/2023\/12\/d75f9049-c143-412d-a761-164a9701a43a.jpg 1080w\" sizes=\"auto, (max-width: 256px) 100vw, 256px\" \/><\/a>SERATA FILM CON LA CHIESA EVANGELICA DI AGORDO<\/h3>\n<\/blockquote>\n<p><strong>L&#8217;INVITO DI GIOVANNI VARIALE<\/strong><\/p>\n<audio class=\"wp-audio-shortcode\" id=\"audio-366549-11\" preload=\"none\" style=\"width: 100%;\" controls=\"controls\"><source type=\"audio\/mpeg\" src=\"https:\/\/www.radiopiu.net\/wordpress\/wp-content\/uploads\/2023\/12\/GIOVANNI-VARIALE-CHIESA-EVANGELICA.mp3?_=11\" \/><a href=\"https:\/\/www.radiopiu.net\/wordpress\/wp-content\/uploads\/2023\/12\/GIOVANNI-VARIALE-CHIESA-EVANGELICA.mp3\">https:\/\/www.radiopiu.net\/wordpress\/wp-content\/uploads\/2023\/12\/GIOVANNI-VARIALE-CHIESA-EVANGELICA.mp3<\/a><\/audio>\n<p>&nbsp;<\/p>\n<hr \/>\n<p>&nbsp;<\/p>\n<blockquote>\n<h3>RIFUGIO PADON E GEMMA PALLUA: DA 40 ANNI NEL COMPRENSORIO MARMOLADA-ARABBA-TERRE DELL\u2019ORSO<\/h3>\n<\/blockquote>\n<p><strong>di Giorgio Fontanive<\/strong><\/p>\n<p>L\u2019ingresso della loro abitazione in localit\u00e0 Sass N\u00e9gher presso la frazione Boscoverde di Rocca Pietore, \u00e8 abbellito da una singolare scultura che riassume l\u2019identit\u00e0 di Ilario De Vallier e Gemma Pallua (foto 2), ambedue impegnati nel comparto turistico valligiano: si tratta di un ceppo in cui \u00e8 scolpita una scure, non incollata &#8211; come sembra a prima vista &#8211; ma parte integrante del tronco lavorato a rappresentare l\u2019indissolubilit\u00e0 della coppia alle proprie radici sul territorio (foto 3). E le radici sono legate al lavoro, Ilario nell\u2019impiantistica di risalita da capo servizio, Gemma nell\u2019accoglienza all\u2019ospite, in questo 2023 giusto da quarant\u2019anni al Rifugio Pad\u00f3n. Ed \u00e8 questa scadenza che queste righe intendono sottolineare perch\u00e9 non \u00e8 frequente che, per un cos\u00ec lungo periodo, il gestore rimanga al suo posto nonostante i cambiamenti avvenuti nella propriet\u00e0 e tutti i problemi che possono scaturire dal lavoro a quota 2407 metri, di fronte alla Regina delle Dolomiti. Il Rifugio Pad\u00f3n trova infatti origine negli anni \u201980 nell\u2019area dell\u2019omonimo Passo che, nel corso della Grande Guerra, era stata importante deposito e stazione di arrivo di una teleferica di servizio per il fronte nella zona tra la M\u00e9sola-F.lla Pad\u00f3n-M.Pad\u00f3n (foto 4-5). L\u2019origine dello sviluppo per il collegamento con il Comprensorio Arabba-Portavescovo nasce nel 1980 per un\u2019azione imprenditoriale di vallata diretta dal geometra Italo De Zolt quand\u2019era ancora sindaco il sen. Dino Riva sotto i cui mandati venne realizzata l\u2019indispensabile \u201ccirconvallazione\u201d a scavalco dei Serrai di Sottoguda. Il primo impianto di risalita dai pressi di Capanna Bill entra in funzione nel dicembre 1981, contemporaneamente alla contestuale decisione di creare un punto di ristoro adiacente alla stazione a monte. Il rifugio trova veloce attuazione e, gi\u00e0 nel 1982, Gemma Pallua, allora ventiquattrenne vi trova occupazione lavorando ovunque occorreva e dimostrando ottime qualit\u00e0 organizzative: \u00e8 il viatico per l\u2019assegnazione della gestione nell\u2019anno successivo, inizio di una proficua collaborazione con la propriet\u00e0 fino all\u2019attuale, diretta dalla famiglia De Battista di Arabba. In questi 40 anni Gemma Pallua ha fatto crescere il rifugio parallelamente all\u2019evoluzione delle nuove mode di fare sport e dell\u2019impiantistica &#8211; dove il marito Ilario \u00e8 stato caposervizio su pi\u00f9 tratte &#8211; non solo per l\u2019ospitalit\u00e0 di \u201cstampo ladino\u201d offerta, ma con una serie di iniziative per il miglioramento della sentieristica con adeguata manutenzione &#8211; spesso confidando nell\u2019assistenza del Club Alpino e menzionando la figura dell\u2019attivo Severino Rungger, recentemente scomparso. E ancora da segnalare \u00e8 la proposta di nuovi itinerari storici legati alla Grande Guerra, la sistemazione di tratti per agevolare l\u2019uso della mountain bike (Gemma ricorda il primissimo approccio addirittura nel 1983 da parte di 2 bikers francesi) e la valorizzazione culturale con mostre sulla Grande Guerra allestite nel rifugio. In quest\u2019ultimo comparto da ribadire e sottolineare la sua vicinanza a Gabriele De Biasio, valente esperto in materie militari di Sottoguda, il cui improvviso decesso nel 2014 ha creato sconcerto e un grande vuoto culturale in tutto il comprensorio (foto 6). In questi quarant\u2019anni il rifugio ha ospitato centinaia di migliaia di visitatori; oltre al fluire di sciatori ed escursionisti, tanti personaggi hanno varcato le porte di questo panoramico riferimento di fronte alla Marmolada: nello sport della neve &#8211; ben s\u2019intende &#8211; ma anche nella politica, nell\u2019arte, nella canzone, nella televisione, nel cinema. Peccato non aver previsto un pannello con le firme di tutti i Vip (foto 7) che qui hanno trascorso parte delle loro vacanze, assistiti dall\u2019infaticabile Gemma, con men\u00f9 saporiti ed allettanti: talmente da rendere difficile il riavvio dopo una sosta troppo prolungata\u2026.Al termine di queste note il messaggio che Gemma ed Ilario desiderano trasmettere \u00e8 quello di una sincera gratitudine per la fiducia corrisposta da tutti coloro che hanno contribuito a quarant\u2019anni di attivit\u00e0 in un ambiente d\u2019alta quota &#8211; la propriet\u00e0, il personale, gli operai &#8211; talvolta in uno scenario non semplice, creando lavoro, solidariet\u00e0 alpina, rapporti umani che hanno dato vita ad amicizie e migliorando via via la qualit\u00e0 della vita attraverso i servizi offerti a turisti e valligiani. Per mezzo di questa testata noi invece ringraziamo per quanto fatto dalla coppia con un abbraccio corale a Gemma Pallua per la sua quarantennale costanza, la sua schiettezza e la sua cordialit\u00e0.<\/p>\n\n\t\t\t<style type='text\/css'>\n\t\t\t\t#gallery-5 {\n\t\t\t\t\tmargin: auto;\n\t\t\t\t}\n\t\t\t\t#gallery-5 .gallery-item {\n\t\t\t\t\tfloat: left;\n\t\t\t\t\tmargin-top: 10px;\n\t\t\t\t\ttext-align: center;\n\t\t\t\t\twidth: 14%;\n\t\t\t\t}\n\t\t\t\t#gallery-5 img {\n\t\t\t\t\tborder: 2px solid #cfcfcf;\n\t\t\t\t}\n\t\t\t\t#gallery-5 .gallery-caption {\n\t\t\t\t\tmargin-left: 0;\n\t\t\t\t}\n\t\t\t\t\/* see gallery_shortcode() in wp-includes\/media.php *\/\n\t\t\t<\/style>\n\t\t<div id='gallery-5' class='dt-gallery-container gallery galleryid-366549 gallery-columns-7 gallery-size-thumbnail'><dl class='gallery-item'>\n\t\t\t\t<dt class='gallery-icon landscape'>\n\t\t\t\t\t<a class=\"rollover\" href='https:\/\/www.radiopiu.net\/wordpress\/rifugio-padon-e-gemma-pallua-da-40-anni-nel-comprensorio-marmolada-arabba-terre-dellorso\/1-rif-padon-verso-marmolada\/'><img loading=\"lazy\" decoding=\"async\" width=\"150\" height=\"150\" src=\"https:\/\/www.radiopiu.net\/wordpress\/wp-content\/uploads\/2023\/12\/1-Rif.-Padon-verso-Marmolada-150x150.jpg\" class=\"attachment-thumbnail size-thumbnail\" alt=\"\" aria-describedby=\"gallery-5-365819\" \/><\/a>\n\t\t\t\t<\/dt>\n\t\t\t\t\t<dd class='wp-caption-text gallery-caption' id='gallery-5-365819'>\n\t\t\t\t\tIl Rifugio Pad\u00f3n a 2407 metri di fronte alla Marmolada\n\t\t\t\t\t<\/dd><\/dl><dl class='gallery-item'>\n\t\t\t\t<dt class='gallery-icon portrait'>\n\t\t\t\t\t<a class=\"rollover\" href='https:\/\/www.radiopiu.net\/wordpress\/rifugio-padon-e-gemma-pallua-da-40-anni-nel-comprensorio-marmolada-arabba-terre-dellorso\/2-el-manarin\/'><img loading=\"lazy\" decoding=\"async\" width=\"150\" height=\"150\" src=\"https:\/\/www.radiopiu.net\/wordpress\/wp-content\/uploads\/2023\/12\/2-El-manarin-150x150.jpg\" class=\"attachment-thumbnail size-thumbnail\" alt=\"\" aria-describedby=\"gallery-5-365820\" \/><\/a>\n\t\t\t\t<\/dt>\n\t\t\t\t\t<dd class='wp-caption-text gallery-caption' id='gallery-5-365820'>\n\t\t\t\t\tEl z\u00f2ch col manar\u00ecn indissolubile, opera del caprilese Carletto Callegari\n\t\t\t\t\t<\/dd><\/dl><dl class='gallery-item'>\n\t\t\t\t<dt class='gallery-icon landscape'>\n\t\t\t\t\t<a class=\"rollover\" href='https:\/\/www.radiopiu.net\/wordpress\/rifugio-padon-e-gemma-pallua-da-40-anni-nel-comprensorio-marmolada-arabba-terre-dellorso\/3-gemma-ilario\/'><img loading=\"lazy\" decoding=\"async\" width=\"150\" height=\"150\" src=\"https:\/\/www.radiopiu.net\/wordpress\/wp-content\/uploads\/2023\/12\/3-Gemma-Ilario-150x150.jpg\" class=\"attachment-thumbnail size-thumbnail\" alt=\"\" aria-describedby=\"gallery-5-365821\" \/><\/a>\n\t\t\t\t<\/dt>\n\t\t\t\t\t<dd class='wp-caption-text gallery-caption' id='gallery-5-365821'>\n\t\t\t\t\tIlario De Vallier di Rocca Pietore e Gemma Pallua nativa di Colle S.Lucia\n\t\t\t\t\t<\/dd><\/dl><dl class='gallery-item'>\n\t\t\t\t<dt class='gallery-icon landscape'>\n\t\t\t\t\t<a class=\"rollover\" href='https:\/\/www.radiopiu.net\/wordpress\/rifugio-padon-e-gemma-pallua-da-40-anni-nel-comprensorio-marmolada-arabba-terre-dellorso\/4-padon-1916-3\/'><img loading=\"lazy\" decoding=\"async\" width=\"150\" height=\"150\" src=\"https:\/\/www.radiopiu.net\/wordpress\/wp-content\/uploads\/2023\/12\/4-PADON-1916-3-150x150.jpg\" class=\"attachment-thumbnail size-thumbnail\" alt=\"\" aria-describedby=\"gallery-5-365822\" \/><\/a>\n\t\t\t\t<\/dt>\n\t\t\t\t\t<dd class='wp-caption-text gallery-caption' id='gallery-5-365822'>\n\t\t\t\t\tL\u2019area del fronte Mesola-Passo Pad\u00f3n nella Grande Guerra (1916)\n\t\t\t\t\t<\/dd><\/dl><dl class='gallery-item'>\n\t\t\t\t<dt class='gallery-icon landscape'>\n\t\t\t\t\t<a class=\"rollover\" href='https:\/\/www.radiopiu.net\/wordpress\/rifugio-padon-e-gemma-pallua-da-40-anni-nel-comprensorio-marmolada-arabba-terre-dellorso\/5-padon-2016\/'><img loading=\"lazy\" decoding=\"async\" width=\"150\" height=\"150\" src=\"https:\/\/www.radiopiu.net\/wordpress\/wp-content\/uploads\/2023\/12\/5-PADON-2016-150x150.jpg\" class=\"attachment-thumbnail size-thumbnail\" alt=\"\" aria-describedby=\"gallery-5-365823\" \/><\/a>\n\t\t\t\t<\/dt>\n\t\t\t\t\t<dd class='wp-caption-text gallery-caption' id='gallery-5-365823'>\n\t\t\t\t\tStessa inquadratura un secolo dopo\n\t\t\t\t\t<\/dd><\/dl><dl class='gallery-item'>\n\t\t\t\t<dt class='gallery-icon portrait'>\n\t\t\t\t\t<a class=\"rollover\" href='https:\/\/www.radiopiu.net\/wordpress\/rifugio-padon-e-gemma-pallua-da-40-anni-nel-comprensorio-marmolada-arabba-terre-dellorso\/6-padon-17-7-11\/'><img loading=\"lazy\" decoding=\"async\" width=\"150\" height=\"150\" src=\"https:\/\/www.radiopiu.net\/wordpress\/wp-content\/uploads\/2023\/12\/6-PADON-17-7-11-150x150.jpg\" class=\"attachment-thumbnail size-thumbnail\" alt=\"\" aria-describedby=\"gallery-5-365824\" srcset=\"https:\/\/www.radiopiu.net\/wordpress\/wp-content\/uploads\/2023\/12\/6-PADON-17-7-11-150x150.jpg 150w, https:\/\/www.radiopiu.net\/wordpress\/wp-content\/uploads\/2023\/12\/6-PADON-17-7-11-300x300.jpg 300w, https:\/\/www.radiopiu.net\/wordpress\/wp-content\/uploads\/2023\/12\/6-PADON-17-7-11-1020x1024.jpg 1020w, https:\/\/www.radiopiu.net\/wordpress\/wp-content\/uploads\/2023\/12\/6-PADON-17-7-11-768x771.jpg 768w, https:\/\/www.radiopiu.net\/wordpress\/wp-content\/uploads\/2023\/12\/6-PADON-17-7-11-1531x1536.jpg 1531w, https:\/\/www.radiopiu.net\/wordpress\/wp-content\/uploads\/2023\/12\/6-PADON-17-7-11-2041x2048.jpg 2041w\" sizes=\"auto, (max-width: 150px) 100vw, 150px\" \/><\/a>\n\t\t\t\t<\/dt>\n\t\t\t\t\t<dd class='wp-caption-text gallery-caption' id='gallery-5-365824'>\n\t\t\t\t\tGruppo di lavoro in un\u2019esposizione di reperti al rifugio nel 2011 con addetti in divisa da Alpenj\u00e4ger; da sinistra Gemma, Dario De Lazzer e Gabriele De Biasio (1966-2014).\n\t\t\t\t\t<\/dd><\/dl><dl class='gallery-item'>\n\t\t\t\t<dt class='gallery-icon landscape'>\n\t\t\t\t\t<a class=\"rollover\" href='https:\/\/www.radiopiu.net\/wordpress\/rifugio-padon-e-gemma-pallua-da-40-anni-nel-comprensorio-marmolada-arabba-terre-dellorso\/7-vettori-al-padon\/'><img loading=\"lazy\" decoding=\"async\" width=\"150\" height=\"150\" src=\"https:\/\/www.radiopiu.net\/wordpress\/wp-content\/uploads\/2023\/12\/7-Vettori-al-Padon-150x150.jpg\" class=\"attachment-thumbnail size-thumbnail\" alt=\"\" aria-describedby=\"gallery-5-365825\" srcset=\"https:\/\/www.radiopiu.net\/wordpress\/wp-content\/uploads\/2023\/12\/7-Vettori-al-Padon-150x150.jpg 150w, https:\/\/www.radiopiu.net\/wordpress\/wp-content\/uploads\/2023\/12\/7-Vettori-al-Padon-300x300.jpg 300w, https:\/\/www.radiopiu.net\/wordpress\/wp-content\/uploads\/2023\/12\/7-Vettori-al-Padon-1024x1020.jpg 1024w, https:\/\/www.radiopiu.net\/wordpress\/wp-content\/uploads\/2023\/12\/7-Vettori-al-Padon-768x765.jpg 768w, https:\/\/www.radiopiu.net\/wordpress\/wp-content\/uploads\/2023\/12\/7-Vettori-al-Padon.jpg 1518w\" sizes=\"auto, (max-width: 150px) 100vw, 150px\" \/><\/a>\n\t\t\t\t<\/dt>\n\t\t\t\t\t<dd class='wp-caption-text gallery-caption' id='gallery-5-365825'>\n\t\t\t\t\tIl grafico trentino delle formiche Fabio Vettori al rifugio; Gemma ricorda tantissimi Vip suoi ospiti\u2026.Alberto Tomba, Francesco Moser, Claudia Schiffer, Ursula Andress, Romano Prodi, Francesco De Gregori, Claudio Baglioni, Francesco Gabbani\u2026.       \n\t\t\t\t\t<\/dd><\/dl><br style=\"clear: both\" \/>\n\t\t\t<\/div>\n\n<p>&nbsp;<\/p>\n<hr \/>\n<p>&nbsp;<\/p>\n<blockquote class=\"wp-embedded-content\" data-secret=\"Zx6T5nFOfM\"><p><a href=\"https:\/\/www.radiopiu.net\/wordpress\/trasformare-laltitudine-in-emozioni\/\">TRASFORMARE L\u2019ALTITUDINE IN EMOZIONI CULINARIE<\/a><\/p><\/blockquote>\n<p><iframe loading=\"lazy\" class=\"wp-embedded-content\" sandbox=\"allow-scripts\" security=\"restricted\" style=\"position: absolute; clip: rect(1px, 1px, 1px, 1px);\" title=\"&#8220;TRASFORMARE L\u2019ALTITUDINE IN EMOZIONI CULINARIE&#8221; &#8212; Radio Pi\u00f9\" src=\"https:\/\/www.radiopiu.net\/wordpress\/trasformare-laltitudine-in-emozioni\/embed\/#?secret=nPUTMEvQlc#?secret=Zx6T5nFOfM\" data-secret=\"Zx6T5nFOfM\" width=\"600\" height=\"338\" frameborder=\"0\" marginwidth=\"0\" marginheight=\"0\" scrolling=\"no\"><\/iframe><\/p>\n<blockquote>\n<h3><\/h3>\n<h3>DALL&#8217;INDIA GLI AUGURI DI BUON NATALE AGLI ASCOLTATORI DI RADIO PIU&#8217;<\/h3>\n<\/blockquote>\n<p><strong>REDAZIONE<\/strong> Con la collaborazione di Elena Cagnati, gi\u00e0 voce di Radio Pi\u00f9, dall&#8217;India un augurio particolare di Buon Natale e felice anno nuovo a Radio Pi\u00f9 in inglese e in indi, la loro lingua madre.<\/p>\n<div style=\"width: 848px;\" class=\"wp-video\"><video class=\"wp-video-shortcode\" id=\"video-366549-1\" width=\"848\" height=\"480\" preload=\"metadata\" controls=\"controls\"><source type=\"video\/mp4\" src=\"https:\/\/www.radiopiu.net\/wordpress\/wp-content\/uploads\/2023\/12\/WhatsApp-Video-2023-12-16-at-11.30.21.mp4?_=1\" \/><a href=\"https:\/\/www.radiopiu.net\/wordpress\/wp-content\/uploads\/2023\/12\/WhatsApp-Video-2023-12-16-at-11.30.21.mp4\">https:\/\/www.radiopiu.net\/wordpress\/wp-content\/uploads\/2023\/12\/WhatsApp-Video-2023-12-16-at-11.30.21.mp4<\/a><\/video><\/div>\n<p>&nbsp;<\/p>\n<hr \/>\n<p>&nbsp;<\/p>\n<p><a class=\"dt-pswp-item\" href=\"https:\/\/www.radiopiu.net\/wordpress\/wp-content\/uploads\/2018\/09\/viabilita.jpeg\" data-dt-img-description=\"\" data-large_image_width=\"800\" data-large_image_height=\"100\"><img loading=\"lazy\" decoding=\"async\" class=\"aligncenter wp-image-61954 size-full\" src=\"https:\/\/www.radiopiu.net\/wordpress\/wp-content\/uploads\/2018\/09\/viabilita.jpeg\" alt=\"\" width=\"800\" height=\"100\" srcset=\"https:\/\/www.radiopiu.net\/wordpress\/wp-content\/uploads\/2018\/09\/viabilita.jpeg 800w, https:\/\/www.radiopiu.net\/wordpress\/wp-content\/uploads\/2018\/09\/viabilita-300x38.jpeg 300w, https:\/\/www.radiopiu.net\/wordpress\/wp-content\/uploads\/2018\/09\/viabilita-768x96.jpeg 768w\" sizes=\"auto, (max-width: 800px) 100vw, 800px\" \/><\/a><\/p>\n<p>&nbsp;<\/p>\n<blockquote class=\"wp-embedded-content\" data-secret=\"GM51n6ergi\"><p><a href=\"https:\/\/www.radiopiu.net\/wordpress\/viabilita\/\">viabilita<\/a><\/p><\/blockquote>\n<p><iframe loading=\"lazy\" class=\"wp-embedded-content\" sandbox=\"allow-scripts\" security=\"restricted\" style=\"position: absolute; clip: rect(1px, 1px, 1px, 1px);\" title=\"&#8220;viabilita&#8221; &#8212; Radio Pi\u00f9\" src=\"https:\/\/www.radiopiu.net\/wordpress\/viabilita\/embed\/#?secret=6aZeqXd5i1#?secret=GM51n6ergi\" data-secret=\"GM51n6ergi\" width=\"600\" height=\"338\" frameborder=\"0\" marginwidth=\"0\" marginheight=\"0\" scrolling=\"no\"><\/iframe><\/p>\n<p>&nbsp;<\/p>\n<hr \/>\n<p>&nbsp;<\/p>\n<p><a class=\"dt-pswp-item\" href=\"https:\/\/www.radiopiu.net\/wordpress\/wp-content\/uploads\/2018\/09\/WhatsApp-Image-2018-09-20-at-16.04.06.jpeg\" data-dt-img-description=\"\" data-large_image_width=\"800\" data-large_image_height=\"100\"><img loading=\"lazy\" decoding=\"async\" class=\"wp-image-61378 size-full aligncenter\" src=\"https:\/\/www.radiopiu.net\/wordpress\/wp-content\/uploads\/2018\/09\/WhatsApp-Image-2018-09-20-at-16.04.06.jpeg\" alt=\"\" width=\"800\" height=\"100\" srcset=\"https:\/\/www.radiopiu.net\/wordpress\/wp-content\/uploads\/2018\/09\/WhatsApp-Image-2018-09-20-at-16.04.06.jpeg 800w, https:\/\/www.radiopiu.net\/wordpress\/wp-content\/uploads\/2018\/09\/WhatsApp-Image-2018-09-20-at-16.04.06-300x38.jpeg 300w, https:\/\/www.radiopiu.net\/wordpress\/wp-content\/uploads\/2018\/09\/WhatsApp-Image-2018-09-20-at-16.04.06-768x96.jpeg 768w\" sizes=\"auto, (max-width: 800px) 100vw, 800px\" \/><\/a><\/p>\n<p><center><\/center><b>\u00a0\u00a0<\/b><\/p>\n<p>&nbsp;<\/p>\n<div id=\"dolomitimeteo_div_testi\">\n<p><b>OGGI <\/b>Tempo stabile con cielo sereno ed ottima visibilit\u00e0. Possibile formazione di nebbie o nubi basse in Valbelluna durante la notte, in dissolvimento al primo mattino. <strong>Precipitazioni.<\/strong> Assenti (0%) <strong>Temperature.<\/strong> Temperature stazionarie con valori sempre anormalmente elevati per il periodo in quota (zero termico a 3300 m) e forte inversione termica nelle valli.<\/p>\n<p><strong>DOMANI<\/strong> Nella notte aumento delle nubi fino a nuvoloso tra il mattino e il primo pomeriggio per nuvolosit\u00e0 medio-alta. Dal primo pomeriggio schiarite a partire da Dolomiti in estensione pi\u00f9 tardi a Prealpi. Dalla tarda serata nuovo generale aumento della nuvolosit\u00e0 medio-alta. Fino al primo mattino possibili nubi basse o nebbie in Valbelluna. <strong>Precipitazioni.<\/strong>\u00a0Al mattino non escluso qualche fiocco sulle cime delle Dolomiti (10-30%).<br \/>\n<strong>Temperature.<\/strong> Temperature in generale marcato calo in quota con minime raggiunte in serata<\/p>\n<p><b>GIOVEDI <\/b>Nuvolosit\u00e0 variabile a tratti estesa su Dolomiti, di tipo medio-alta con cielo da parzialmente nuvoloso a tratti nuvoloso per qualche addensamento portato dal vento da Nord su Dolomiti settentrionali dove non \u00e8 escluso, a tratti, qualche fiocco. Su Prealpi, specie occidentali maggiori schiarite con cielo da poco nuvoloso al mattino a parzialmente nuvoloso o velato per nubi alte dalle ore centrali e nel pomeriggio. Temperature in quota: minime stazionarie e massime in calo, nelle valli minime in aumento e massime pressoch\u00e8 stazionarie.<\/p>\n<p><b>VENERDI <\/b>Maggior nuvolosit\u00e0 di tipo medio-alta gi\u00e0 al mattino con cielo parzialmente nuvoloso, dalle ore centrali ulteriore aumento della nuvolosit\u00e0 fino a nuvoloso specie su Dolomiti dove sar\u00e0 possibile qualche debole nevicata specie sui settori pi\u00f9 settentrionali, oltre i 1400-1600 m, portata dal forte vento in quota da nordovest. Temperature stazionarie o in lieve aumento in quota.<\/p>\n<\/div>\n<p>&nbsp;<\/p>\n<hr \/>\n<p>&nbsp;<\/p>\n<p><img loading=\"lazy\" decoding=\"async\" class=\"wp-image-60761 size-full aligncenter\" src=\"https:\/\/www.radiopiu.net\/wordpress\/wp-content\/uploads\/2018\/09\/sport.jpg\" alt=\"\" width=\"800\" height=\"100\" srcset=\"https:\/\/www.radiopiu.net\/wordpress\/wp-content\/uploads\/2018\/09\/sport.jpg 800w, https:\/\/www.radiopiu.net\/wordpress\/wp-content\/uploads\/2018\/09\/sport-300x38.jpg 300w, https:\/\/www.radiopiu.net\/wordpress\/wp-content\/uploads\/2018\/09\/sport-768x96.jpg 768w\" sizes=\"auto, (max-width: 800px) 100vw, 800px\" \/><\/p>\n<p>&nbsp;<\/p>\n<p><span style=\"color: #0000ff;\"><strong>SCI DI FONDO<\/strong><\/span><\/p>\n<blockquote>\n<h3>LORENZO BUSIN PRIMO DEGLI ITALIANI NELLA CRONO IN VAL VENOSTA. BUONA PROVA ANCHE DEL FRATELLO EMANUELE<\/h3>\n<\/blockquote>\n<p><strong><a class=\"dt-pswp-item\" href=\"https:\/\/www.radiopiu.net\/wordpress\/wp-content\/uploads\/2023\/12\/410202637_896019078404465_2265543666212232754_n.jpg\" data-dt-img-description=\"\" data-large_image_width=\"608\" data-large_image_height=\"403\"><img loading=\"lazy\" decoding=\"async\" class=\" wp-image-366565 alignleft\" src=\"https:\/\/www.radiopiu.net\/wordpress\/wp-content\/uploads\/2023\/12\/410202637_896019078404465_2265543666212232754_n-300x199.jpg\" alt=\"\" width=\"190\" height=\"126\" srcset=\"https:\/\/www.radiopiu.net\/wordpress\/wp-content\/uploads\/2023\/12\/410202637_896019078404465_2265543666212232754_n-300x199.jpg 300w, https:\/\/www.radiopiu.net\/wordpress\/wp-content\/uploads\/2023\/12\/410202637_896019078404465_2265543666212232754_n.jpg 608w\" sizes=\"auto, (max-width: 190px) 100vw, 190px\" \/><\/a>di Marco Gaz<\/strong><\/p>\n<p><strong>REDAZIONE<\/strong> E&#8217; andata in scena domenica la crono individuale di quasi 10 km in salita da Kapron a Malga Melago in Val Venosta valida per il circuito Ski Classic. Lorenzo Busin ha confermato la sua eccellenza, affermandosi come il primo italiano al traguardo. Nonostante una competizione impegnativa, ha conquistato la 34\u00aa posizione assoluta, mantenendo un ritmo impressionante. Busin ha dimostrato ancora una volta la sua abilit\u00e0 e determinazione, piazzandosi a soli 1 minuto e 50 secondi dal vincitore della giornata. Da sottolineare anche la performance di Emanuele, classificatosi 84\u00b0. Il fratello di Lorenzo ha affrontato la cronometro con generosit\u00e0, dimostrando la sua resilienza nonostante la fatica accumulata nella tappa precedente.<\/p>\n<p>&nbsp;<\/p>\n<p><span style=\"color: #0000ff;\"><strong>CALCIO A 5<\/strong><\/span><\/p>\n<blockquote>\n<h3>GIESSE PER LO SPORT&#8230;CON LA CANOTTIERI BELLUNO CALCIO A 5<\/h3>\n<\/blockquote>\n<div class=\"x11i5rnm xat24cr x1mh8g0r x1vvkbs xtlvy1s x126k92a\">\n<h4 dir=\"auto\"><a class=\"dt-pswp-item\" href=\"https:\/\/www.radiopiu.net\/wordpress\/wp-content\/uploads\/2023\/10\/Senza-nome-57.png\" data-dt-img-description=\"\" data-large_image_width=\"317\" data-large_image_height=\"322\"><img loading=\"lazy\" decoding=\"async\" class=\"size-medium wp-image-358116 aligncenter\" src=\"https:\/\/www.radiopiu.net\/wordpress\/wp-content\/uploads\/2023\/10\/Senza-nome-57-295x300.png\" alt=\"\" width=\"295\" height=\"300\" srcset=\"https:\/\/www.radiopiu.net\/wordpress\/wp-content\/uploads\/2023\/10\/Senza-nome-57-295x300.png 295w, https:\/\/www.radiopiu.net\/wordpress\/wp-content\/uploads\/2023\/10\/Senza-nome-57.png 317w\" sizes=\"auto, (max-width: 295px) 100vw, 295px\" \/><\/a><\/h4>\n<h4 dir=\"auto\"><\/h4>\n<h4 dir=\"auto\">GIESSE PER LO SPORT&#8221; &#8230; con la Canottieri Belluno, calcio a 5. Tutto sul campionato di serie A2, girone A. Il programma alla RADIO che da ascolto ai talenti del calcio a 5 bellunese. IN COLLABORAZIONE CON GIESSE RISARCIMENTO DANNI A BELLUNO<\/h4>\n<\/div>\n<div class=\"x11i5rnm xat24cr x1mh8g0r x1vvkbs xtlvy1s x126k92a\">\n<h4 dir=\"auto\"><a class=\"x1i10hfl xjbqb8w x6umtig x1b1mbwd xaqea5y xav7gou x9f619 x1ypdohk xt0psk2 xe8uvvx xdj266r x11i5rnm xat24cr x1mh8g0r xexx8yu x4uap5 x18d9i69 xkhd6sd x16tdsg8 x1hl2dhg xggy1nq x1a2a7pz xt0b8zv x1qq9wsj xo1l8bm\" tabindex=\"0\" role=\"link\" href=\"https:\/\/www.facebook.com\/groups\/radiopiu\/?__cft__[0]=AZVtB3sskZBwGsu89zeRk9eNMGUFohz53TdYmXZyePAKPt8cBeKCqA03znGJk9wPaqHDXQ5yMBG_hrsUX03xH8fdmlMazTirW3KRFEY3Kr2cyBd_5Es2MvKnqyd6ZcahL6_M_zOo19o5N5tV8NHsHcfP&amp;__tn__=-UK-R\"><span class=\"xt0psk2\">RADIO PIU&#8217; EMITTENTE AGORDINA (Taibon_32027)<\/span><\/a>: IL LUNEDI ALLE 16.30, IL MARTEDI ALLE 13.05<\/h4>\n<h4 dir=\"auto\">RADIO CLUB 103 IL LUNEDI ALLE 16.20 E MARTEDI ALLE 13.40<\/h4>\n<h4 dir=\"auto\"><a class=\"x1i10hfl xjbqb8w x6umtig x1b1mbwd xaqea5y xav7gou x9f619 x1ypdohk xt0psk2 xe8uvvx xdj266r x11i5rnm xat24cr x1mh8g0r xexx8yu x4uap5 x18d9i69 xkhd6sd x16tdsg8 x1hl2dhg xggy1nq x1a2a7pz xt0b8zv x1qq9wsj xo1l8bm\" tabindex=\"0\" role=\"link\" href=\"https:\/\/www.facebook.com\/groups\/61488111720\/user\/100063652837062\/?__cft__[0]=AZVtB3sskZBwGsu89zeRk9eNMGUFohz53TdYmXZyePAKPt8cBeKCqA03znGJk9wPaqHDXQ5yMBG_hrsUX03xH8fdmlMazTirW3KRFEY3Kr2cyBd_5Es2MvKnqyd6ZcahL6_M_zOo19o5N5tV8NHsHcfP&amp;__tn__=-]K-R\"><span class=\"xt0psk2\">Radio Primiero<\/span><\/a> IL LUNEDI ALLE 10.30 E MARTEDI ALLE 12.30<\/h4>\n<p><strong><a class=\"dt-pswp-item\" href=\"https:\/\/www.radiopiu.net\/wordpress\/wp-content\/uploads\/2023\/11\/408875338_839886934809803_885079206536885929_n.jpg\" data-dt-img-description=\"\" data-large_image_width=\"960\" data-large_image_height=\"540\"><img loading=\"lazy\" decoding=\"async\" class=\"size-medium wp-image-366571 alignleft\" src=\"https:\/\/www.radiopiu.net\/wordpress\/wp-content\/uploads\/2023\/11\/408875338_839886934809803_885079206536885929_n-300x169.jpg\" alt=\"\" width=\"300\" height=\"169\" srcset=\"https:\/\/www.radiopiu.net\/wordpress\/wp-content\/uploads\/2023\/11\/408875338_839886934809803_885079206536885929_n-300x169.jpg 300w, https:\/\/www.radiopiu.net\/wordpress\/wp-content\/uploads\/2023\/11\/408875338_839886934809803_885079206536885929_n-768x432.jpg 768w, https:\/\/www.radiopiu.net\/wordpress\/wp-content\/uploads\/2023\/11\/408875338_839886934809803_885079206536885929_n.jpg 960w\" sizes=\"auto, (max-width: 300px) 100vw, 300px\" \/><\/a>PUNTATA 09 &#8211; 18 DICEMBRE 2023<\/strong><\/p>\n<p><span style=\"color: #0000ff;\"><strong>GIORNATA DI RIPOSO<\/strong><\/span><\/p>\n<p><strong>L&#8217;INTERVISTA ALL&#8217;ALLENATORE DELLA CANOTTIERI BELLUNO ALESSIO BORTOLINI<\/strong><\/p>\n<audio class=\"wp-audio-shortcode\" id=\"audio-366549-12\" preload=\"none\" style=\"width: 100%;\" controls=\"controls\"><source type=\"audio\/mpeg\" src=\"https:\/\/www.radiopiu.net\/wordpress\/wp-content\/uploads\/2023\/11\/GIESSECALCIO-6.mp3?_=12\" \/><a href=\"https:\/\/www.radiopiu.net\/wordpress\/wp-content\/uploads\/2023\/11\/GIESSECALCIO-6.mp3\">https:\/\/www.radiopiu.net\/wordpress\/wp-content\/uploads\/2023\/11\/GIESSECALCIO-6.mp3<\/a><\/audio>\n<p>&nbsp;<\/p>\n<p><strong>LA RACCOLTA COMPLETA <a href=\"https:\/\/www.radiopiu.net\/wordpress\/giesse-per-lo-sport-con-la-canottieri-belluno-calcio-a-5\/\">CLICCA QUI\u00a0<\/a><\/strong><\/p>\n<p>&nbsp;<\/p>\n<p>&nbsp;<\/p>\n<hr \/>\n<p>&nbsp;<\/p>\n<\/div>\n","protected":false},"excerpt":{"rendered":"<p>***** &nbsp; 40esimo di RADIOPIU\u2026. LA VOCE DELL\u2019EMOZIONE ISCRIVITI AL NOSTRO CANALE\u00a0\u00a0YOUTUBE PER SEGUIRE IN DIRETTA I PRINCIPALI PROGRAMMI DI RADIO PIU\u2019 E LE FUTURE DIRETTE IN ESTERNA. PER ISCRIVERTI CLICCA QUI\u00a0E PREMI\u00a0 \u201cIscriviti\u201d\u00a0 \u00a0 \u00a0 \u00a0 Chiesetta dei Santi Fermo e Rustico IL CAPOLAVORO, REALIZZATO DA DOLOMITI GARDEN (riva del Boscon) e portato a&hellip;<\/p>\n","protected":false},"author":4,"featured_media":366697,"comment_status":"closed","ping_status":"closed","sticky":false,"template":"","format":"standard","meta":{"_monsterinsights_skip_tracking":false,"_monsterinsights_sitenote_active":false,"_monsterinsights_sitenote_note":"","_monsterinsights_sitenote_category":0,"footnotes":""},"categories":[51,86,49],"tags":[],"class_list":["post-366549","post","type-post","status-publish","format-standard","has-post-thumbnail","hentry","category-evidenza-top","category-gr","category-news-18","category-51","category-86","category-49","description-off"],"img_url":"https:\/\/www.radiopiu.net\/wordpress\/wp-content\/uploads\/2023\/12\/7133bf85-5652-4d02-90db-e01f65019dd1.jpg","_links":{"self":[{"href":"https:\/\/www.radiopiu.net\/wordpress\/wp-json\/wp\/v2\/posts\/366549","targetHints":{"allow":["GET"]}}],"collection":[{"href":"https:\/\/www.radiopiu.net\/wordpress\/wp-json\/wp\/v2\/posts"}],"about":[{"href":"https:\/\/www.radiopiu.net\/wordpress\/wp-json\/wp\/v2\/types\/post"}],"author":[{"embeddable":true,"href":"https:\/\/www.radiopiu.net\/wordpress\/wp-json\/wp\/v2\/users\/4"}],"replies":[{"embeddable":true,"href":"https:\/\/www.radiopiu.net\/wordpress\/wp-json\/wp\/v2\/comments?post=366549"}],"version-history":[{"count":0,"href":"https:\/\/www.radiopiu.net\/wordpress\/wp-json\/wp\/v2\/posts\/366549\/revisions"}],"wp:featuredmedia":[{"embeddable":true,"href":"https:\/\/www.radiopiu.net\/wordpress\/wp-json\/wp\/v2\/media\/366697"}],"wp:attachment":[{"href":"https:\/\/www.radiopiu.net\/wordpress\/wp-json\/wp\/v2\/media?parent=366549"}],"wp:term":[{"taxonomy":"category","embeddable":true,"href":"https:\/\/www.radiopiu.net\/wordpress\/wp-json\/wp\/v2\/categories?post=366549"},{"taxonomy":"post_tag","embeddable":true,"href":"https:\/\/www.radiopiu.net\/wordpress\/wp-json\/wp\/v2\/tags?post=366549"}],"curies":[{"name":"wp","href":"https:\/\/api.w.org\/{rel}","templated":true}]}}