{"id":366599,"date":"2023-12-18T19:05:33","date_gmt":"2023-12-18T18:05:33","guid":{"rendered":"https:\/\/www.radiopiu.net\/wordpress\/?p=366599"},"modified":"2023-12-19T06:35:54","modified_gmt":"2023-12-19T05:35:54","slug":"ad-agordo-il-consiglio-comunale","status":"publish","type":"post","link":"https:\/\/www.radiopiu.net\/wordpress\/ad-agordo-il-consiglio-comunale\/","title":{"rendered":"AD AGORDO IL CONSIGLIO COMUNALE"},"content":{"rendered":"<p>*****<\/p>\n<p>&nbsp;<\/p>\n<p><strong>AGORDO<\/strong> Il sindaco di Agordo Roberto Chissal\u00e8 ha convocato i consiglieri comunali. Tre i punti da trattare, tra queste si discuter\u00e0 di una variazione a bilancio e della declassificazione di una porzione di area di propriet\u00e0 comunale in localit\u00e0 Mozzach.<\/p>\n<p><strong>LA DIRETTA RADIO PIU&#8217;<\/strong><\/p>\n<p><iframe loading=\"lazy\" title=\"Radio Pi\u00f9 sta trasmettendo dal vivo.\" width=\"1200\" height=\"675\" src=\"https:\/\/www.youtube.com\/embed\/ILpT6Ugj7Ys?feature=oembed\" frameborder=\"0\" allow=\"accelerometer; autoplay; clipboard-write; encrypted-media; gyroscope; picture-in-picture; web-share\" allowfullscreen><\/iframe><\/p>\n<p>&nbsp;<\/p>\n<p>&nbsp;<\/p>\n<p>*******<\/p>\n","protected":false},"excerpt":{"rendered":"<p>***** &nbsp; AGORDO Il sindaco di Agordo Roberto Chissal\u00e8 ha convocato i consiglieri comunali. Tre i punti da trattare, tra queste si discuter\u00e0 di una variazione a bilancio e della declassificazione di una porzione di area di propriet\u00e0 comunale in localit\u00e0 Mozzach. LA DIRETTA RADIO PIU&#8217; &nbsp; &nbsp; *******<\/p>\n","protected":false},"author":4,"featured_media":309882,"comment_status":"closed","ping_status":"closed","sticky":false,"template":"","format":"standard","meta":{"_monsterinsights_skip_tracking":false,"_monsterinsights_sitenote_active":false,"_monsterinsights_sitenote_note":"","_monsterinsights_sitenote_category":0,"footnotes":""},"categories":[51,49],"tags":[],"class_list":["post-366599","post","type-post","status-publish","format-standard","has-post-thumbnail","hentry","category-evidenza-top","category-news-18","category-51","category-49","description-off"],"img_url":"https:\/\/www.radiopiu.net\/wordpress\/wp-content\/uploads\/2022\/12\/MUNICIPIO-AGORDO.png","_links":{"self":[{"href":"https:\/\/www.radiopiu.net\/wordpress\/wp-json\/wp\/v2\/posts\/366599","targetHints":{"allow":["GET"]}}],"collection":[{"href":"https:\/\/www.radiopiu.net\/wordpress\/wp-json\/wp\/v2\/posts"}],"about":[{"href":"https:\/\/www.radiopiu.net\/wordpress\/wp-json\/wp\/v2\/types\/post"}],"author":[{"embeddable":true,"href":"https:\/\/www.radiopiu.net\/wordpress\/wp-json\/wp\/v2\/users\/4"}],"replies":[{"embeddable":true,"href":"https:\/\/www.radiopiu.net\/wordpress\/wp-json\/wp\/v2\/comments?post=366599"}],"version-history":[{"count":0,"href":"https:\/\/www.radiopiu.net\/wordpress\/wp-json\/wp\/v2\/posts\/366599\/revisions"}],"wp:featuredmedia":[{"embeddable":true,"href":"https:\/\/www.radiopiu.net\/wordpress\/wp-json\/wp\/v2\/media\/309882"}],"wp:attachment":[{"href":"https:\/\/www.radiopiu.net\/wordpress\/wp-json\/wp\/v2\/media?parent=366599"}],"wp:term":[{"taxonomy":"category","embeddable":true,"href":"https:\/\/www.radiopiu.net\/wordpress\/wp-json\/wp\/v2\/categories?post=366599"},{"taxonomy":"post_tag","embeddable":true,"href":"https:\/\/www.radiopiu.net\/wordpress\/wp-json\/wp\/v2\/tags?post=366599"}],"curies":[{"name":"wp","href":"https:\/\/api.w.org\/{rel}","templated":true}]}}