{"id":366630,"date":"2023-12-18T15:08:21","date_gmt":"2023-12-18T14:08:21","guid":{"rendered":"https:\/\/www.radiopiu.net\/wordpress\/?p=366630"},"modified":"2023-12-18T17:22:57","modified_gmt":"2023-12-18T16:22:57","slug":"366630-2","status":"publish","type":"post","link":"https:\/\/www.radiopiu.net\/wordpress\/366630-2\/","title":{"rendered":"Inaugurato l&#8217;Ospedale Riabilitativo di Lamon da Luca Zaia: Investimento di 7 milioni per potenziare la sanit\u00e0 di montagna"},"content":{"rendered":"<p>****<\/p>\n<p>&nbsp;<\/p>\n<p><strong><img loading=\"lazy\" decoding=\"async\" class=\"alignleft\" src=\"https:\/\/www.radiopiu.net\/wordpress\/wp-content\/uploads\/2023\/12\/ZAIA-LAMON-1-scaled.jpg\" width=\"317\" height=\"238\" \/>LAMON<\/strong> Il Presidente della Regione Veneto, Luca Zaia, ha inaugurato l&#8217;Ospedale Riabilitativo di Lamon, investimento complessivo da circa 7 milioni di euro. L&#8217;intervento ha coinvolto la ristrutturazione e riqualificazione del Presidio Ospedaliero, mirando a potenziare le attivit\u00e0 di Recupero e Riabilitazione Funzionale. La struttura \u00e8 stata potenziata e arricchita con una nuova Unit\u00e0 Riabilitativa Territoriale, comprendente 7 posti letto, con l&#8217;obiettivo di diventare un centro di riferimento attraente anche per pazienti provenienti da fuori regione. La ristrutturazione ha <a class=\"dt-pswp-item\" href=\"https:\/\/www.radiopiu.net\/wordpress\/wp-content\/uploads\/2023\/12\/file-3-e1702916500620.jpg\" data-dt-img-description=\"\" data-large_image_width=\"640\" data-large_image_height=\"640\"><img loading=\"lazy\" decoding=\"async\" class=\" wp-image-366675 alignright\" src=\"https:\/\/www.radiopiu.net\/wordpress\/wp-content\/uploads\/2023\/12\/file-3-e1702916500620-300x300.jpg\" alt=\"\" width=\"151\" height=\"151\" srcset=\"https:\/\/www.radiopiu.net\/wordpress\/wp-content\/uploads\/2023\/12\/file-3-e1702916500620-300x300.jpg 300w, https:\/\/www.radiopiu.net\/wordpress\/wp-content\/uploads\/2023\/12\/file-3-e1702916500620-150x150.jpg 150w, https:\/\/www.radiopiu.net\/wordpress\/wp-content\/uploads\/2023\/12\/file-3-e1702916500620.jpg 640w\" sizes=\"auto, (max-width: 151px) 100vw, 151px\" \/><\/a>coinvolto anche servizi territoriali come il Punto Prelievi e ha contemplato interventi di adeguamento impiantistico, antisismico e antincendio. Zaia ha sottolineato l&#8217;importanza dell&#8217;investimento nel potenziamento della sanit\u00e0 di montagna, confermando ulteriori fondi annuali di almeno 4 milioni per la riabilitazione a Lamon.<\/p>\n<p><em>\u201cNessun territorio \u00e8 rimasto indietro \u2013 sottolinea il consigliere regionale Silvia Cestaro &#8211; sono tutti al centro dell&#8217;agenda regionale. Rimane certo la difficolt\u00e0 nel reperire il personale sanitario in Italia, e nelle aree meno centrali si risente maggiormente di questa carenza e, proprio per questo, servono strutture d&#8217;eccellenza che diventino attrattive per i giovani che si affacciano al mondo del lavoro. Ora questa serie di importanti interventi portano Lamon a diventare un centro di eccellenza all&#8217;avanguardia per la riabilitazione, \u00e8 un ospedale specialistico legato al \u2018post-trauma\u2019 non solo in ambito provinciale e regionale, ma nazionale. A Lamon infatti, i pazienti giungono da tutta Italia\u201d.<\/em><\/p>\n<p>&nbsp;<\/p>\n<p>___<\/p>\n","protected":false},"excerpt":{"rendered":"<p>**** &nbsp; LAMON Il Presidente della Regione Veneto, Luca Zaia, ha inaugurato l&#8217;Ospedale Riabilitativo di Lamon, investimento complessivo da circa 7 milioni di euro. L&#8217;intervento ha coinvolto la ristrutturazione e riqualificazione del Presidio Ospedaliero, mirando a potenziare le attivit\u00e0 di Recupero e Riabilitazione Funzionale. La struttura \u00e8 stata potenziata e arricchita con una nuova Unit\u00e0&hellip;<\/p>\n","protected":false},"author":4,"featured_media":366632,"comment_status":"closed","ping_status":"closed","sticky":false,"template":"","format":"standard","meta":{"_monsterinsights_skip_tracking":false,"_monsterinsights_sitenote_active":false,"_monsterinsights_sitenote_note":"","_monsterinsights_sitenote_category":0,"footnotes":""},"categories":[49],"tags":[],"class_list":["post-366630","post","type-post","status-publish","format-standard","has-post-thumbnail","hentry","category-news-18","category-49","description-off"],"img_url":"https:\/\/www.radiopiu.net\/wordpress\/wp-content\/uploads\/2023\/12\/ZAIA-LAMON-1-scaled.jpg","_links":{"self":[{"href":"https:\/\/www.radiopiu.net\/wordpress\/wp-json\/wp\/v2\/posts\/366630","targetHints":{"allow":["GET"]}}],"collection":[{"href":"https:\/\/www.radiopiu.net\/wordpress\/wp-json\/wp\/v2\/posts"}],"about":[{"href":"https:\/\/www.radiopiu.net\/wordpress\/wp-json\/wp\/v2\/types\/post"}],"author":[{"embeddable":true,"href":"https:\/\/www.radiopiu.net\/wordpress\/wp-json\/wp\/v2\/users\/4"}],"replies":[{"embeddable":true,"href":"https:\/\/www.radiopiu.net\/wordpress\/wp-json\/wp\/v2\/comments?post=366630"}],"version-history":[{"count":0,"href":"https:\/\/www.radiopiu.net\/wordpress\/wp-json\/wp\/v2\/posts\/366630\/revisions"}],"wp:featuredmedia":[{"embeddable":true,"href":"https:\/\/www.radiopiu.net\/wordpress\/wp-json\/wp\/v2\/media\/366632"}],"wp:attachment":[{"href":"https:\/\/www.radiopiu.net\/wordpress\/wp-json\/wp\/v2\/media?parent=366630"}],"wp:term":[{"taxonomy":"category","embeddable":true,"href":"https:\/\/www.radiopiu.net\/wordpress\/wp-json\/wp\/v2\/categories?post=366630"},{"taxonomy":"post_tag","embeddable":true,"href":"https:\/\/www.radiopiu.net\/wordpress\/wp-json\/wp\/v2\/tags?post=366630"}],"curies":[{"name":"wp","href":"https:\/\/api.w.org\/{rel}","templated":true}]}}