{"id":366636,"date":"2023-12-18T15:13:58","date_gmt":"2023-12-18T14:13:58","guid":{"rendered":"https:\/\/www.radiopiu.net\/wordpress\/?p=366636"},"modified":"2023-12-18T15:13:58","modified_gmt":"2023-12-18T14:13:58","slug":"voci-e-suoni-nuovi-torna-il-concerto-di-natale-del-coro-agordo","status":"publish","type":"post","link":"https:\/\/www.radiopiu.net\/wordpress\/voci-e-suoni-nuovi-torna-il-concerto-di-natale-del-coro-agordo\/","title":{"rendered":"\u201cVoci e suoni nuovi\u201d: torna il concerto di natale del Coro Agordo"},"content":{"rendered":"<p>***<\/p>\n<p>&nbsp;<\/p>\n<p>&nbsp;<\/p>\n<p><strong>AGORDO<\/strong> <span style=\"color: #222222;\"><span style=\"font-family: Arial, serif;\">Torna dopo ben tre anni di assenza, ovvero da prima del periodo-Covid, il concerto di Natale del Coro Agordo. Da quel \u201cfamigerato\u201d 2020 molte sono le novit\u00e0 all\u2019interno del gruppo vocale agordino; ecco motivato il titolo della serata in questione \u2013 \u201cVoci e suoni nuovi\u201d \u2013 che si terr\u00e0 marted\u00ec 26 dicembre, alle 20.30, nella chiesa arcidiaconale di Agordo.<br \/>\nAlla bacchetta ora ci sar\u00e0 Anna Devich che diriger\u00e0 un coro, in questo che \u00e8 a tutti gli effetti il primo concerto ufficiale con la nuova formazione nel capoluogo di vallata, rinnovato in buona parte delle sue quattro sezioni. Con i bassi, i tenori, i contralti e i soprani ora cantano voci nuove e altre che sono rientrate dopo un periodo di assenza. Aumentato anche nel numero di cantori, il Coro Agordo condivider\u00e0 quest\u2019anno la serata, nel giorno di Santo Stefano, con il trio di musica folk \u201cRudem\u00e0\u201d in cui si esibiranno Fabio Reolon (chitarra e voce), Francesco Chiarini (violino e nickelharpa) e Luca Ventimiglia (cornamusa e flauto). Il gruppo, fondato nel 2009, ha partecipato a numerosi festival e rassegne musicali e ha, negli anni, raccolto consensi e vinto vari concorsi.<br \/>\nLe suggestioni create dalle note dei tre giovani musicisti e dalle voci del coro lasciano immaginare un\u2019atmosfera in cui farsi trasportare dalla poesia della musica e dal canto lasciando fuori della porta i pensieri, spesso faticosi, della quotidianit\u00e0, per viaggiare lontano con la fantasia.<\/span><\/span><\/p>\n\n\t\t\t<style type='text\/css'>\n\t\t\t\t#gallery-1 {\n\t\t\t\t\tmargin: auto;\n\t\t\t\t}\n\t\t\t\t#gallery-1 .gallery-item {\n\t\t\t\t\tfloat: left;\n\t\t\t\t\tmargin-top: 10px;\n\t\t\t\t\ttext-align: center;\n\t\t\t\t\twidth: 50%;\n\t\t\t\t}\n\t\t\t\t#gallery-1 img {\n\t\t\t\t\tborder: 2px solid #cfcfcf;\n\t\t\t\t}\n\t\t\t\t#gallery-1 .gallery-caption {\n\t\t\t\t\tmargin-left: 0;\n\t\t\t\t}\n\t\t\t\t\/* see gallery_shortcode() in wp-includes\/media.php *\/\n\t\t\t<\/style>\n\t\t<div id='gallery-1' class='dt-gallery-container gallery galleryid-366636 gallery-columns-2 gallery-size-medium'><dl class='gallery-item'>\n\t\t\t\t<dt class='gallery-icon landscape'>\n\t\t\t\t\t<a class=\"rollover rollover-zoom dt-pswp-item\" title=\"ASAD\" data-dt-img-description=\"\" data-large_image_width=\"1446\" data-large_image_height=\"1012\"href='https:\/\/www.radiopiu.net\/wordpress\/wp-content\/uploads\/2023\/12\/ASAD.jpg'><img loading=\"lazy\" decoding=\"async\" width=\"300\" height=\"210\" src=\"https:\/\/www.radiopiu.net\/wordpress\/wp-content\/uploads\/2023\/12\/ASAD-300x210.jpg\" class=\"attachment-medium size-medium\" alt=\"\" srcset=\"https:\/\/www.radiopiu.net\/wordpress\/wp-content\/uploads\/2023\/12\/ASAD-300x210.jpg 300w, https:\/\/www.radiopiu.net\/wordpress\/wp-content\/uploads\/2023\/12\/ASAD-1024x717.jpg 1024w, https:\/\/www.radiopiu.net\/wordpress\/wp-content\/uploads\/2023\/12\/ASAD-768x537.jpg 768w, https:\/\/www.radiopiu.net\/wordpress\/wp-content\/uploads\/2023\/12\/ASAD.jpg 1446w\" sizes=\"auto, (max-width: 300px) 100vw, 300px\" \/><\/a>\n\t\t\t\t<\/dt><\/dl><dl class='gallery-item'>\n\t\t\t\t<dt class='gallery-icon landscape'>\n\t\t\t\t\t<a class=\"rollover rollover-zoom dt-pswp-item\" title=\"Rudem\u00e0\" data-dt-img-description=\"\" data-large_image_width=\"1912\" data-large_image_height=\"1132\"href='https:\/\/www.radiopiu.net\/wordpress\/wp-content\/uploads\/2023\/12\/Rudema-1.png'><img loading=\"lazy\" decoding=\"async\" width=\"300\" height=\"178\" src=\"https:\/\/www.radiopiu.net\/wordpress\/wp-content\/uploads\/2023\/12\/Rudema-1-300x178.png\" class=\"attachment-medium size-medium\" alt=\"\" srcset=\"https:\/\/www.radiopiu.net\/wordpress\/wp-content\/uploads\/2023\/12\/Rudema-1-300x178.png 300w, https:\/\/www.radiopiu.net\/wordpress\/wp-content\/uploads\/2023\/12\/Rudema-1-1024x606.png 1024w, https:\/\/www.radiopiu.net\/wordpress\/wp-content\/uploads\/2023\/12\/Rudema-1-768x455.png 768w, https:\/\/www.radiopiu.net\/wordpress\/wp-content\/uploads\/2023\/12\/Rudema-1-1536x909.png 1536w, https:\/\/www.radiopiu.net\/wordpress\/wp-content\/uploads\/2023\/12\/Rudema-1.png 1912w\" sizes=\"auto, (max-width: 300px) 100vw, 300px\" \/><\/a>\n\t\t\t\t<\/dt><\/dl><br style=\"clear: both\" \/>\n\t\t\t<\/div>\n\n<p>&nbsp;<\/p>\n<p>&nbsp;<\/p>\n<hr \/>\n<p>&nbsp;<\/p>\n","protected":false},"excerpt":{"rendered":"<p>*** &nbsp; &nbsp; AGORDO Torna dopo ben tre anni di assenza, ovvero da prima del periodo-Covid, il concerto di Natale del Coro Agordo. Da quel \u201cfamigerato\u201d 2020 molte sono le novit\u00e0 all\u2019interno del gruppo vocale agordino; ecco motivato il titolo della serata in questione \u2013 \u201cVoci e suoni nuovi\u201d \u2013 che si terr\u00e0 marted\u00ec 26&hellip;<\/p>\n","protected":false},"author":4,"featured_media":366639,"comment_status":"closed","ping_status":"closed","sticky":false,"template":"","format":"standard","meta":{"_monsterinsights_skip_tracking":false,"_monsterinsights_sitenote_active":false,"_monsterinsights_sitenote_note":"","_monsterinsights_sitenote_category":0,"footnotes":""},"categories":[49],"tags":[],"class_list":["post-366636","post","type-post","status-publish","format-standard","has-post-thumbnail","hentry","category-news-18","category-49","description-off"],"img_url":"https:\/\/www.radiopiu.net\/wordpress\/wp-content\/uploads\/2023\/12\/ASAD.jpg","_links":{"self":[{"href":"https:\/\/www.radiopiu.net\/wordpress\/wp-json\/wp\/v2\/posts\/366636","targetHints":{"allow":["GET"]}}],"collection":[{"href":"https:\/\/www.radiopiu.net\/wordpress\/wp-json\/wp\/v2\/posts"}],"about":[{"href":"https:\/\/www.radiopiu.net\/wordpress\/wp-json\/wp\/v2\/types\/post"}],"author":[{"embeddable":true,"href":"https:\/\/www.radiopiu.net\/wordpress\/wp-json\/wp\/v2\/users\/4"}],"replies":[{"embeddable":true,"href":"https:\/\/www.radiopiu.net\/wordpress\/wp-json\/wp\/v2\/comments?post=366636"}],"version-history":[{"count":0,"href":"https:\/\/www.radiopiu.net\/wordpress\/wp-json\/wp\/v2\/posts\/366636\/revisions"}],"wp:featuredmedia":[{"embeddable":true,"href":"https:\/\/www.radiopiu.net\/wordpress\/wp-json\/wp\/v2\/media\/366639"}],"wp:attachment":[{"href":"https:\/\/www.radiopiu.net\/wordpress\/wp-json\/wp\/v2\/media?parent=366636"}],"wp:term":[{"taxonomy":"category","embeddable":true,"href":"https:\/\/www.radiopiu.net\/wordpress\/wp-json\/wp\/v2\/categories?post=366636"},{"taxonomy":"post_tag","embeddable":true,"href":"https:\/\/www.radiopiu.net\/wordpress\/wp-json\/wp\/v2\/tags?post=366636"}],"curies":[{"name":"wp","href":"https:\/\/api.w.org\/{rel}","templated":true}]}}