{"id":366663,"date":"2023-12-18T16:52:36","date_gmt":"2023-12-18T15:52:36","guid":{"rendered":"https:\/\/www.radiopiu.net\/wordpress\/?p=366663"},"modified":"2023-12-19T06:54:42","modified_gmt":"2023-12-19T05:54:42","slug":"approvazione-graduatoria-programmi-di-sviluppo-locale-2023-2027-per-il-veneto","status":"publish","type":"post","link":"https:\/\/www.radiopiu.net\/wordpress\/approvazione-graduatoria-programmi-di-sviluppo-locale-2023-2027-per-il-veneto\/","title":{"rendered":"APPROVAZIONE GRADUATORIA PROGRAMMI DI SVILUPPO LOCALE 2023-2027 PER IL VENETO"},"content":{"rendered":"<p>&nbsp;<\/p>\n<blockquote>\n<h2><\/h2>\n<\/blockquote>\n<div class=\"flex-1 overflow-hidden\">\n<div class=\"react-scroll-to-bottom--css-nzjkw-79elbk h-full\">\n<div class=\"react-scroll-to-bottom--css-nzjkw-1n7m0yu\">\n<div class=\"flex flex-col pb-9 text-sm\">\n<div class=\"w-full text-token-text-primary\" data-testid=\"conversation-turn-11\">\n<div class=\"px-4 py-2 justify-center text-base md:gap-6 m-auto\">\n<div class=\"flex flex-1 text-base mx-auto gap-3 md:px-5 lg:px-1 xl:px-5 md:max-w-3xl lg:max-w-[40rem] xl:max-w-[48rem] group final-completion\">\n<div class=\"relative flex w-full flex-col lg:w-[calc(100%-115px)] agent-turn\">\n<div class=\"flex-col gap-1 md:gap-3\">\n<div class=\"flex flex-grow flex-col max-w-full\">\n<div class=\"min-h-[20px] text-message flex flex-col items-start gap-3 whitespace-pre-wrap break-words [.text-message+&amp;]:mt-5 overflow-x-auto\" data-message-author-role=\"assistant\" data-message-id=\"85e4b289-1cf4-4aa3-8d1d-5a6eea3e4b04\">\n<div class=\"markdown prose w-full break-words dark:prose-invert dark\">\n<p><strong><a class=\"dt-pswp-item\" href=\"https:\/\/www.radiopiu.net\/wordpress\/wp-content\/uploads\/2023\/06\/gal-alto-bellunese.jpg\" data-dt-img-description=\"\" data-large_image_width=\"758\" data-large_image_height=\"605\"><img loading=\"lazy\" decoding=\"async\" class=\" wp-image-340582 alignleft\" src=\"https:\/\/www.radiopiu.net\/wordpress\/wp-content\/uploads\/2023\/06\/gal-alto-bellunese-300x239.jpg\" alt=\"\" width=\"238\" height=\"190\" srcset=\"https:\/\/www.radiopiu.net\/wordpress\/wp-content\/uploads\/2023\/06\/gal-alto-bellunese-300x239.jpg 300w, https:\/\/www.radiopiu.net\/wordpress\/wp-content\/uploads\/2023\/06\/gal-alto-bellunese.jpg 758w\" sizes=\"auto, (max-width: 238px) 100vw, 238px\" \/><\/a>REDAZIONE<\/strong> La Giunta Regionale ha ufficialmente approvato la graduatoria dei Programmi di Sviluppo Locale elaborati dai 9 Gruppi di Azione Locale (GAL) del Veneto per il periodo 2023-2027. In particolare, il GAL Alto Bellunese ha ottenuto un risultato significativo, conquistando il primo posto grazie al suo PSL denominato TRACCE (Territori Resilienti e Accoglienti per Comunit\u00e0 Coese), che ha ricevuto il massimo punteggio attribuibile alla qualit\u00e0 della strategia. Il presidente del GAL Alto Bellunese, Mauro <a class=\"dt-pswp-item\" href=\"https:\/\/www.radiopiu.net\/wordpress\/wp-content\/uploads\/2023\/08\/mauro-soppelsa-2023.jpg\" data-dt-img-description=\"\" data-large_image_width=\"1600\" data-large_image_height=\"2000\"><img loading=\"lazy\" decoding=\"async\" class=\"wp-image-348510 alignright\" src=\"https:\/\/www.radiopiu.net\/wordpress\/wp-content\/uploads\/2023\/08\/mauro-soppelsa-2023-240x300.jpg\" alt=\"\" width=\"198\" height=\"248\" srcset=\"https:\/\/www.radiopiu.net\/wordpress\/wp-content\/uploads\/2023\/08\/mauro-soppelsa-2023-240x300.jpg 240w, https:\/\/www.radiopiu.net\/wordpress\/wp-content\/uploads\/2023\/08\/mauro-soppelsa-2023-819x1024.jpg 819w, https:\/\/www.radiopiu.net\/wordpress\/wp-content\/uploads\/2023\/08\/mauro-soppelsa-2023-768x960.jpg 768w, https:\/\/www.radiopiu.net\/wordpress\/wp-content\/uploads\/2023\/08\/mauro-soppelsa-2023-1229x1536.jpg 1229w, https:\/\/www.radiopiu.net\/wordpress\/wp-content\/uploads\/2023\/08\/mauro-soppelsa-2023.jpg 1600w\" sizes=\"auto, (max-width: 198px) 100vw, 198px\" \/><\/a>Soppelsa (foto), ha sottolineato che questo successo \u00e8 il frutto di un lavoro collettivo che ha coinvolto il partenariato, la squadra tecnica del GAL e numerosi attori locali che hanno contribuito all&#8217;elaborazione del programma. La graduatoria rappresenta l&#8217;esito della valutazione delle domande pervenute alla Regione Veneto in risposta al bando &#8220;LEADER &#8211; Attuazione delle strategie di sviluppo locale&#8221; nell&#8217;ambito del Complemento Regionale dello Sviluppo Rurale del Veneto 2023-2027. Il PSL TRACCE, nato da un processo di consultazione territoriale durato cinque mesi, investir\u00e0 oltre 6,4 milioni di euro assegnati dalla Regione nell&#8217;ambito della programmazione LEADER 2023-2027, con il cofinanziamento del Fondo Europeo Agricolo per lo Sviluppo Rurale. Il GAL ha scelto di concentrarsi su 8 tipologie di interventi, destinando fondi a servizi di base, start-up imprenditoriali, attivit\u00e0 commerciali e artigianali, rafforzamento di attivit\u00e0 agricole, valorizzazione di asset locali e tre Progetti di Comunit\u00e0. Ora, il GAL Alto Bellunese pianificher\u00e0 il cronoprogramma pluriennale dei bandi per attuare il PSL entro la fine di gennaio. Saranno aperti avvisi a imprese, enti pubblici, fondazioni o associazioni non a scopo di lucro. Il presidente sottolinea l&#8217;importanza di impegnarsi nella concretizzazione efficace ed efficiente di questo budget per favorire lo sviluppo sostenibile del territorio.<\/p>\n<p><strong>AI MICROFONI DI RADIOPIU&#8217; IL SINDACO DI CENCENIGHE MAURO SOPPELSA\u00a0<\/strong><\/p>\n<audio class=\"wp-audio-shortcode\" id=\"audio-366663-1\" preload=\"none\" style=\"width: 100%;\" controls=\"controls\"><source type=\"audio\/mpeg\" src=\"https:\/\/www.radiopiu.net\/wordpress\/wp-content\/uploads\/2023\/12\/MAURO-SOPPELSA-GAL-ALTO.mp3?_=1\" \/><a href=\"https:\/\/www.radiopiu.net\/wordpress\/wp-content\/uploads\/2023\/12\/MAURO-SOPPELSA-GAL-ALTO.mp3\">https:\/\/www.radiopiu.net\/wordpress\/wp-content\/uploads\/2023\/12\/MAURO-SOPPELSA-GAL-ALTO.mp3<\/a><\/audio>\n<p>&nbsp;<\/p>\n<p>&nbsp;<\/p>\n<p>&nbsp;<\/p>\n<hr \/>\n<\/div>\n<\/div>\n<\/div>\n<\/div>\n<\/div>\n<\/div>\n<\/div>\n<\/div>\n<\/div>\n<\/div>\n<\/div>\n<\/div>\n<div class=\"w-full pt-2 md:pt-0 dark:border-white\/20 md:border-transparent md:dark:border-transparent md:w-[calc(100%-.5rem)]\">\n<form class=\"stretch mx-2 flex flex-row gap-3 last:mb-2 md:mx-4 md:last:mb-6 lg:mx-auto lg:max-w-2xl xl:max-w-3xl\">\n<div class=\"relative flex h-full flex-1 items-stretch md:flex-col\">\n<div class=\"flex w-full items-center\"><\/div>\n<\/div>\n<\/form>\n<\/div>\n","protected":false},"excerpt":{"rendered":"<p>&nbsp; REDAZIONE La Giunta Regionale ha ufficialmente approvato la graduatoria dei Programmi di Sviluppo Locale elaborati dai 9 Gruppi di Azione Locale (GAL) del Veneto per il periodo 2023-2027. In particolare, il GAL Alto Bellunese ha ottenuto un risultato significativo, conquistando il primo posto grazie al suo PSL denominato TRACCE (Territori Resilienti e Accoglienti per&hellip;<\/p>\n","protected":false},"author":4,"featured_media":340582,"comment_status":"closed","ping_status":"closed","sticky":false,"template":"","format":"standard","meta":{"_monsterinsights_skip_tracking":false,"_monsterinsights_sitenote_active":false,"_monsterinsights_sitenote_note":"","_monsterinsights_sitenote_category":0,"footnotes":""},"categories":[51,49],"tags":[],"class_list":["post-366663","post","type-post","status-publish","format-standard","has-post-thumbnail","hentry","category-evidenza-top","category-news-18","category-51","category-49","description-off"],"img_url":"https:\/\/www.radiopiu.net\/wordpress\/wp-content\/uploads\/2023\/06\/gal-alto-bellunese.jpg","_links":{"self":[{"href":"https:\/\/www.radiopiu.net\/wordpress\/wp-json\/wp\/v2\/posts\/366663","targetHints":{"allow":["GET"]}}],"collection":[{"href":"https:\/\/www.radiopiu.net\/wordpress\/wp-json\/wp\/v2\/posts"}],"about":[{"href":"https:\/\/www.radiopiu.net\/wordpress\/wp-json\/wp\/v2\/types\/post"}],"author":[{"embeddable":true,"href":"https:\/\/www.radiopiu.net\/wordpress\/wp-json\/wp\/v2\/users\/4"}],"replies":[{"embeddable":true,"href":"https:\/\/www.radiopiu.net\/wordpress\/wp-json\/wp\/v2\/comments?post=366663"}],"version-history":[{"count":0,"href":"https:\/\/www.radiopiu.net\/wordpress\/wp-json\/wp\/v2\/posts\/366663\/revisions"}],"wp:featuredmedia":[{"embeddable":true,"href":"https:\/\/www.radiopiu.net\/wordpress\/wp-json\/wp\/v2\/media\/340582"}],"wp:attachment":[{"href":"https:\/\/www.radiopiu.net\/wordpress\/wp-json\/wp\/v2\/media?parent=366663"}],"wp:term":[{"taxonomy":"category","embeddable":true,"href":"https:\/\/www.radiopiu.net\/wordpress\/wp-json\/wp\/v2\/categories?post=366663"},{"taxonomy":"post_tag","embeddable":true,"href":"https:\/\/www.radiopiu.net\/wordpress\/wp-json\/wp\/v2\/tags?post=366663"}],"curies":[{"name":"wp","href":"https:\/\/api.w.org\/{rel}","templated":true}]}}