{"id":366687,"date":"2023-12-19T04:49:22","date_gmt":"2023-12-19T03:49:22","guid":{"rendered":"https:\/\/www.radiopiu.net\/wordpress\/?p=366687"},"modified":"2023-12-19T04:49:22","modified_gmt":"2023-12-19T03:49:22","slug":"emozionante-incontro-a-feltre-con-flavio-faoro-nellambito-delle-celebrazioni-dei-40-anni-del-libro-parlato","status":"publish","type":"post","link":"https:\/\/www.radiopiu.net\/wordpress\/emozionante-incontro-a-feltre-con-flavio-faoro-nellambito-delle-celebrazioni-dei-40-anni-del-libro-parlato\/","title":{"rendered":"Emozionante Incontro a Feltre con Flavio Faoro nell&#8217;ambito delle Celebrazioni dei 40 Anni del Libro Parlato"},"content":{"rendered":"<p>***<\/p>\n<p><strong>DI LOREDANA BORGHETTO\u00a0<\/strong><\/p>\n<p><strong><a class=\"dt-pswp-item\" href=\"https:\/\/www.radiopiu.net\/wordpress\/wp-content\/uploads\/2023\/12\/61f0d397-f0ec-4f8b-99cb-096b39bfe580.jpg\" data-dt-img-description=\"\" data-large_image_width=\"2016\" data-large_image_height=\"1134\"><img loading=\"lazy\" decoding=\"async\" class=\" wp-image-366689 alignleft\" src=\"https:\/\/www.radiopiu.net\/wordpress\/wp-content\/uploads\/2023\/12\/61f0d397-f0ec-4f8b-99cb-096b39bfe580-300x169.jpg\" alt=\"\" width=\"272\" height=\"153\" srcset=\"https:\/\/www.radiopiu.net\/wordpress\/wp-content\/uploads\/2023\/12\/61f0d397-f0ec-4f8b-99cb-096b39bfe580-300x169.jpg 300w, https:\/\/www.radiopiu.net\/wordpress\/wp-content\/uploads\/2023\/12\/61f0d397-f0ec-4f8b-99cb-096b39bfe580-1024x576.jpg 1024w, https:\/\/www.radiopiu.net\/wordpress\/wp-content\/uploads\/2023\/12\/61f0d397-f0ec-4f8b-99cb-096b39bfe580-768x432.jpg 768w, https:\/\/www.radiopiu.net\/wordpress\/wp-content\/uploads\/2023\/12\/61f0d397-f0ec-4f8b-99cb-096b39bfe580-1536x864.jpg 1536w, https:\/\/www.radiopiu.net\/wordpress\/wp-content\/uploads\/2023\/12\/61f0d397-f0ec-4f8b-99cb-096b39bfe580.jpg 2016w\" sizes=\"auto, (max-width: 272px) 100vw, 272px\" \/><\/a><a class=\"dt-pswp-item\" href=\"https:\/\/www.radiopiu.net\/wordpress\/wp-content\/uploads\/2023\/12\/f5e0f943-f889-41e3-907d-58b51fba7e95.jpg\" data-dt-img-description=\"\" data-large_image_width=\"899\" data-large_image_height=\"1599\"><img loading=\"lazy\" decoding=\"async\" class=\" wp-image-366688 alignright\" src=\"https:\/\/www.radiopiu.net\/wordpress\/wp-content\/uploads\/2023\/12\/f5e0f943-f889-41e3-907d-58b51fba7e95-169x300.jpg\" alt=\"\" width=\"88\" height=\"156\" srcset=\"https:\/\/www.radiopiu.net\/wordpress\/wp-content\/uploads\/2023\/12\/f5e0f943-f889-41e3-907d-58b51fba7e95-169x300.jpg 169w, https:\/\/www.radiopiu.net\/wordpress\/wp-content\/uploads\/2023\/12\/f5e0f943-f889-41e3-907d-58b51fba7e95-576x1024.jpg 576w, https:\/\/www.radiopiu.net\/wordpress\/wp-content\/uploads\/2023\/12\/f5e0f943-f889-41e3-907d-58b51fba7e95-768x1366.jpg 768w, https:\/\/www.radiopiu.net\/wordpress\/wp-content\/uploads\/2023\/12\/f5e0f943-f889-41e3-907d-58b51fba7e95-864x1536.jpg 864w, https:\/\/www.radiopiu.net\/wordpress\/wp-content\/uploads\/2023\/12\/f5e0f943-f889-41e3-907d-58b51fba7e95.jpg 899w\" sizes=\"auto, (max-width: 88px) 100vw, 88px\" \/><\/a>FELTRE\u00a0<\/strong> L\u2019incontro di\u00a0 ieri (quarto evento nell\u2019ambito della celebrazioni dei 40 anni del Libro parlato), con Flavio Faoro ha emozionato e catturato l\u2019attenzione di tutto il pubblico. Luisa Alchini, particolarmente coinvolta ma brillante come sempre, ha dialogato con l\u2019importante ospite, figura nota nella letteratura di montagna, fondatore e direttore per molti anni di \u201cOltre le vette\u201d, rassegna ormai di fama internazionale. Questo ha permesso a Faoro di parlare anche del suo rapporto particolarmente intenso con la montagna e di come questo si sia evoluto nel tempo. Soffermandosi sulla sua attivit\u00e0 di scrittore, ed in particolare su \u201cTecniche di cattura\u201d, ha sottolineato l\u2019importanza della memoria per chi scrive ma anche per il lettore, che ha la possibilit\u00e0 di riconoscersi e di comprendere meglio se stesso e la vita. Un\u2019attenzione speciale \u00e8 stata dedicata alla pluripremiata fiaba \u201cBarbarina e i nove colombi\u201d, illustrata da Marta Farina e di cui Faoro ha illustrato la genesi. La conduttrice ha voluto soffermarsi anche sull\u2019attivit\u00e0 di docente del prof. Flavio Faoro, suo insegnante alle superiori, sottolineandone la passione e la capacit\u00e0 di comunicare messaggi positivi, stimolanti ed incoraggianti ai suoi studenti. La serata \u00e8 stata impreziosita dalle letture dei Libri Parlanti e soprattutto dall\u2019esibizione degli allievi della Scuola di Musica Sandi e del maestro Andri che ha incantato il pubblico.<\/p>\n<p>&nbsp;<\/p>\n<p>&nbsp;<\/p>\n<p>____<\/p>\n","protected":false},"excerpt":{"rendered":"<p>*** DI LOREDANA BORGHETTO\u00a0 FELTRE\u00a0 L\u2019incontro di\u00a0 ieri (quarto evento nell\u2019ambito della celebrazioni dei 40 anni del Libro parlato), con Flavio Faoro ha emozionato e catturato l\u2019attenzione di tutto il pubblico. Luisa Alchini, particolarmente coinvolta ma brillante come sempre, ha dialogato con l\u2019importante ospite, figura nota nella letteratura di montagna, fondatore e direttore per molti&hellip;<\/p>\n","protected":false},"author":4,"featured_media":366689,"comment_status":"closed","ping_status":"closed","sticky":false,"template":"","format":"standard","meta":{"_monsterinsights_skip_tracking":false,"_monsterinsights_sitenote_active":false,"_monsterinsights_sitenote_note":"","_monsterinsights_sitenote_category":0,"footnotes":""},"categories":[104,49],"tags":[],"class_list":["post-366687","post","type-post","status-publish","format-standard","has-post-thumbnail","hentry","category-evidenza_3","category-news-18","category-104","category-49","description-off"],"img_url":"https:\/\/www.radiopiu.net\/wordpress\/wp-content\/uploads\/2023\/12\/61f0d397-f0ec-4f8b-99cb-096b39bfe580.jpg","_links":{"self":[{"href":"https:\/\/www.radiopiu.net\/wordpress\/wp-json\/wp\/v2\/posts\/366687","targetHints":{"allow":["GET"]}}],"collection":[{"href":"https:\/\/www.radiopiu.net\/wordpress\/wp-json\/wp\/v2\/posts"}],"about":[{"href":"https:\/\/www.radiopiu.net\/wordpress\/wp-json\/wp\/v2\/types\/post"}],"author":[{"embeddable":true,"href":"https:\/\/www.radiopiu.net\/wordpress\/wp-json\/wp\/v2\/users\/4"}],"replies":[{"embeddable":true,"href":"https:\/\/www.radiopiu.net\/wordpress\/wp-json\/wp\/v2\/comments?post=366687"}],"version-history":[{"count":0,"href":"https:\/\/www.radiopiu.net\/wordpress\/wp-json\/wp\/v2\/posts\/366687\/revisions"}],"wp:featuredmedia":[{"embeddable":true,"href":"https:\/\/www.radiopiu.net\/wordpress\/wp-json\/wp\/v2\/media\/366689"}],"wp:attachment":[{"href":"https:\/\/www.radiopiu.net\/wordpress\/wp-json\/wp\/v2\/media?parent=366687"}],"wp:term":[{"taxonomy":"category","embeddable":true,"href":"https:\/\/www.radiopiu.net\/wordpress\/wp-json\/wp\/v2\/categories?post=366687"},{"taxonomy":"post_tag","embeddable":true,"href":"https:\/\/www.radiopiu.net\/wordpress\/wp-json\/wp\/v2\/tags?post=366687"}],"curies":[{"name":"wp","href":"https:\/\/api.w.org\/{rel}","templated":true}]}}