{"id":366764,"date":"2023-12-20T05:21:18","date_gmt":"2023-12-20T04:21:18","guid":{"rendered":"https:\/\/www.radiopiu.net\/wordpress\/?p=366764"},"modified":"2023-12-20T05:57:19","modified_gmt":"2023-12-20T04:57:19","slug":"sdfsss","status":"publish","type":"post","link":"https:\/\/www.radiopiu.net\/wordpress\/sdfsss\/","title":{"rendered":"EX ACC, COINVOLGERE LE AZIENDE LOCALI PER ASSORBIRE I LAVORATORI OVER 50"},"content":{"rendered":"<p>***<\/p>\n<p>&nbsp;<\/p>\n<p><strong><img loading=\"lazy\" decoding=\"async\" class=\"alignleft\" src=\"https:\/\/www.radiopiu.net\/wordpress\/wp-content\/uploads\/2021\/07\/9cc501f9-5688-47b0-b092-d33890152cac.jpg\" width=\"294\" height=\"221\" \/>VENEZIA<\/strong> Nel recente incontro sull&#8217;amministrazione straordinaria di Italia Wanbao ACC e la situazione dei lavoratori, coordinato dall&#8217;assessore regionale al Lavoro, Elena Donazzan, sono stati affrontati i dettagli della conclusione dell&#8217;amministrazione e del rapporto di lavoro dei dipendenti che cesseranno al 31 dicembre. Partecipanti includevano l&#8217;amministrazione straordinaria, il gruppo Luve-Sest, enti del lavoro, agenzie per l&#8217;impiego e rappresentanti sindacali. Si \u00e8 discusso il completamento dei percorsi di politica attiva del lavoro per i dipendenti da ricollocare, concentrati su competenze informatiche e tecniche nei settori metalmeccanico, dell&#8217;occhialeria e della logistica. L&#8217;accordo per avviare questi percorsi \u00e8 stato sottoscritto tra l&#8217;amministrazione straordinaria e le parti sociali, con l&#8217;ente accreditato &#8220;Uomo e Impresa&#8221; responsabile della loro erogazione. L&#8217;assessore Donazzan ha elogiato la collaborazione tra pubblico e privato nel definire i percorsi e ha evidenziato il successo nell&#8217;occupare la maggior parte dei lavoratori. Si \u00e8 sottolineata l&#8217;importanza di coinvolgere le aziende locali per assorbire lavoratori over 50. Il percorso di ricollocazione e gli accordi con l&#8217;azienda Sest sono stati menzionati, con la necessit\u00e0 di ulteriori approfondimenti. Il tavolo \u00e8 stato riaggiornato a venerd\u00ec 29 dicembre<\/p>\n<blockquote><p><em>\u201cLe azioni complessive poste in essere finora hanno dato un esito occupazionale alla maggior parte dei 315 lavoratori che ACC aveva in forza, ne restano 75 e 63 di questi realizzeranno i percorsi collettivi di politica attiva del Lavoro previsti dalla linea 5 del programma GOL, finanziato con risorse PNRR, mentre gli altri, con esigenze particolari, potranno optare per altre soluzioni \u2013 ha affermato l\u2019assessore Donazzan-.<\/em><\/p><\/blockquote>\n<p>&nbsp;<\/p>\n<hr \/>\n<div class=\"flex-1 overflow-hidden\">\n<div class=\"react-scroll-to-bottom--css-lrsoq-79elbk h-full\">\n<div class=\"react-scroll-to-bottom--css-lrsoq-1n7m0yu\">\n<div class=\"flex flex-col pb-9 text-sm\">\n<div class=\"w-full text-token-text-primary\" data-testid=\"conversation-turn-5\">\n<div class=\"px-4 py-2 justify-center text-base md:gap-6 m-auto\">\n<div class=\"flex flex-1 text-base mx-auto gap-3 md:px-5 lg:px-1 xl:px-5 md:max-w-3xl lg:max-w-[40rem] xl:max-w-[48rem] group final-completion\">\n<div class=\"relative flex w-full flex-col lg:w-[calc(100%-115px)] agent-turn\">\n<div class=\"flex-col gap-1 md:gap-3\">\n<div class=\"mt-1 flex justify-start gap-3 empty:hidden\">\n<div class=\"text-gray-400 flex self-end lg:self-center justify-center lg:justify-start mt-0 gap-1 visible\">\n<p>&nbsp;<\/p>\n<div class=\"flex items-center gap-1.5 text-xs\"><\/div>\n<\/div>\n<\/div>\n<\/div>\n<\/div>\n<\/div>\n<\/div>\n<\/div>\n<\/div>\n<\/div>\n<\/div>\n<\/div>\n<div class=\"w-full pt-2 md:pt-0 dark:border-white\/20 md:border-transparent md:dark:border-transparent md:w-[calc(100%-.5rem)]\">\n<form class=\"stretch mx-2 flex flex-row gap-3 last:mb-2 md:mx-4 md:last:mb-6 lg:mx-auto lg:max-w-2xl xl:max-w-3xl\">\n<div class=\"relative flex h-full flex-1 items-stretch md:flex-col\">\n<div class=\"flex w-full items-center\"><\/div>\n<\/div>\n<\/form>\n<\/div>\n","protected":false},"excerpt":{"rendered":"<p>*** &nbsp; VENEZIA Nel recente incontro sull&#8217;amministrazione straordinaria di Italia Wanbao ACC e la situazione dei lavoratori, coordinato dall&#8217;assessore regionale al Lavoro, Elena Donazzan, sono stati affrontati i dettagli della conclusione dell&#8217;amministrazione e del rapporto di lavoro dei dipendenti che cesseranno al 31 dicembre. Partecipanti includevano l&#8217;amministrazione straordinaria, il gruppo Luve-Sest, enti del lavoro, agenzie&hellip;<\/p>\n","protected":false},"author":4,"featured_media":219344,"comment_status":"closed","ping_status":"closed","sticky":false,"template":"","format":"standard","meta":{"_monsterinsights_skip_tracking":false,"_monsterinsights_sitenote_active":false,"_monsterinsights_sitenote_note":"","_monsterinsights_sitenote_category":0,"footnotes":""},"categories":[51,49],"tags":[],"class_list":["post-366764","post","type-post","status-publish","format-standard","has-post-thumbnail","hentry","category-evidenza-top","category-news-18","category-51","category-49","description-off"],"img_url":"https:\/\/www.radiopiu.net\/wordpress\/wp-content\/uploads\/2021\/07\/9cc501f9-5688-47b0-b092-d33890152cac.jpg","_links":{"self":[{"href":"https:\/\/www.radiopiu.net\/wordpress\/wp-json\/wp\/v2\/posts\/366764","targetHints":{"allow":["GET"]}}],"collection":[{"href":"https:\/\/www.radiopiu.net\/wordpress\/wp-json\/wp\/v2\/posts"}],"about":[{"href":"https:\/\/www.radiopiu.net\/wordpress\/wp-json\/wp\/v2\/types\/post"}],"author":[{"embeddable":true,"href":"https:\/\/www.radiopiu.net\/wordpress\/wp-json\/wp\/v2\/users\/4"}],"replies":[{"embeddable":true,"href":"https:\/\/www.radiopiu.net\/wordpress\/wp-json\/wp\/v2\/comments?post=366764"}],"version-history":[{"count":0,"href":"https:\/\/www.radiopiu.net\/wordpress\/wp-json\/wp\/v2\/posts\/366764\/revisions"}],"wp:featuredmedia":[{"embeddable":true,"href":"https:\/\/www.radiopiu.net\/wordpress\/wp-json\/wp\/v2\/media\/219344"}],"wp:attachment":[{"href":"https:\/\/www.radiopiu.net\/wordpress\/wp-json\/wp\/v2\/media?parent=366764"}],"wp:term":[{"taxonomy":"category","embeddable":true,"href":"https:\/\/www.radiopiu.net\/wordpress\/wp-json\/wp\/v2\/categories?post=366764"},{"taxonomy":"post_tag","embeddable":true,"href":"https:\/\/www.radiopiu.net\/wordpress\/wp-json\/wp\/v2\/tags?post=366764"}],"curies":[{"name":"wp","href":"https:\/\/api.w.org\/{rel}","templated":true}]}}