{"id":366776,"date":"2023-12-19T16:18:09","date_gmt":"2023-12-19T15:18:09","guid":{"rendered":"https:\/\/www.radiopiu.net\/wordpress\/?p=366776"},"modified":"2023-12-19T16:20:21","modified_gmt":"2023-12-19T15:20:21","slug":"guardando-indietro-caro-de-gallo-grazie-per-limpegno-per-questa-terra-in-anni-difficili","status":"publish","type":"post","link":"https:\/\/www.radiopiu.net\/wordpress\/guardando-indietro-caro-de-gallo-grazie-per-limpegno-per-questa-terra-in-anni-difficili\/","title":{"rendered":"GUARDANDO INDIETRO &#8220;CARO DE GALLO GRAZIE PER L&#8217;IMPEGNO PER QUESTA TERRA IN ANNI DIFFICILI&#8221;"},"content":{"rendered":"<p>***<\/p>\n<p>&nbsp;<\/p>\n<p>&nbsp;<\/p>\n<p><img loading=\"lazy\" decoding=\"async\" class=\"aligncenter\" src=\"https:\/\/www.radiopiu.net\/wordpress\/wp-content\/uploads\/2023\/12\/maxresdefault-2.jpg\" width=\"418\" height=\"235\" \/><\/p>\n<p>&nbsp;<\/p>\n<blockquote>\n<h2>AVVICENDAMENTO DEL COMANDANTE PROVINCIALE DEI VIGILI DEL FUOCO DI BELLUNO<\/h2>\n<\/blockquote>\n<p><strong>BELLUNO<\/strong> Il 20 dicembre 2023, alle\u00a0 14, presso la sede centrale dei Vigili del Fuoco di Belluno, avverr\u00e0 il cambio del Comandante provinciale. L&#8217;Ing. Antonio De Gallo, gi\u00e0 Comandante provinciale VVF di Belluno e attuale Comandante a Ferrara, passer\u00e0 il testimone al nuovo Comandante provinciale incaricato, l&#8217;Ing. Matteo Carretto, precedentemente Comandante provinciale VVF di Pordenone. Durante l&#8217;evento, sia De Gallo che Carretto saluteranno il personale, discuteranno della situazione provinciale e organizzeranno i servizi nei diversi ambiti di competenza del Comando. Gli organi di stampa sono invitati a partecipare all&#8217;avvicendamento.\u00a0Il presidente della Provincia di Belluno, Padrin, ha accolto il nuovo comandante provinciale dei vigili del fuoco, Matteo Carretto, sottolineando l&#8217;importanza della partecipazione di tutti nella gestione delle emergenze, dalle istituzioni ai cittadini e al volontariato. Carretto prende il posto di Antonio Del Gallo<\/p>\n<p>&nbsp;<\/p>\n<p>&nbsp;<\/p>\n<p>____<\/p>\n","protected":false},"excerpt":{"rendered":"<p>*** &nbsp; &nbsp; &nbsp; AVVICENDAMENTO DEL COMANDANTE PROVINCIALE DEI VIGILI DEL FUOCO DI BELLUNO BELLUNO Il 20 dicembre 2023, alle\u00a0 14, presso la sede centrale dei Vigili del Fuoco di Belluno, avverr\u00e0 il cambio del Comandante provinciale. L&#8217;Ing. Antonio De Gallo, gi\u00e0 Comandante provinciale VVF di Belluno e attuale Comandante a Ferrara, passer\u00e0 il testimone&hellip;<\/p>\n","protected":false},"author":4,"featured_media":366777,"comment_status":"closed","ping_status":"closed","sticky":false,"template":"","format":"standard","meta":{"_monsterinsights_skip_tracking":false,"_monsterinsights_sitenote_active":false,"_monsterinsights_sitenote_note":"","_monsterinsights_sitenote_category":0,"footnotes":""},"categories":[51,49],"tags":[],"class_list":["post-366776","post","type-post","status-publish","format-standard","has-post-thumbnail","hentry","category-evidenza-top","category-news-18","category-51","category-49","description-off"],"img_url":"https:\/\/www.radiopiu.net\/wordpress\/wp-content\/uploads\/2023\/12\/maxresdefault-2.jpg","_links":{"self":[{"href":"https:\/\/www.radiopiu.net\/wordpress\/wp-json\/wp\/v2\/posts\/366776","targetHints":{"allow":["GET"]}}],"collection":[{"href":"https:\/\/www.radiopiu.net\/wordpress\/wp-json\/wp\/v2\/posts"}],"about":[{"href":"https:\/\/www.radiopiu.net\/wordpress\/wp-json\/wp\/v2\/types\/post"}],"author":[{"embeddable":true,"href":"https:\/\/www.radiopiu.net\/wordpress\/wp-json\/wp\/v2\/users\/4"}],"replies":[{"embeddable":true,"href":"https:\/\/www.radiopiu.net\/wordpress\/wp-json\/wp\/v2\/comments?post=366776"}],"version-history":[{"count":0,"href":"https:\/\/www.radiopiu.net\/wordpress\/wp-json\/wp\/v2\/posts\/366776\/revisions"}],"wp:featuredmedia":[{"embeddable":true,"href":"https:\/\/www.radiopiu.net\/wordpress\/wp-json\/wp\/v2\/media\/366777"}],"wp:attachment":[{"href":"https:\/\/www.radiopiu.net\/wordpress\/wp-json\/wp\/v2\/media?parent=366776"}],"wp:term":[{"taxonomy":"category","embeddable":true,"href":"https:\/\/www.radiopiu.net\/wordpress\/wp-json\/wp\/v2\/categories?post=366776"},{"taxonomy":"post_tag","embeddable":true,"href":"https:\/\/www.radiopiu.net\/wordpress\/wp-json\/wp\/v2\/tags?post=366776"}],"curies":[{"name":"wp","href":"https:\/\/api.w.org\/{rel}","templated":true}]}}