{"id":366785,"date":"2023-12-20T05:19:38","date_gmt":"2023-12-20T04:19:38","guid":{"rendered":"https:\/\/www.radiopiu.net\/wordpress\/?p=366785"},"modified":"2023-12-20T05:56:35","modified_gmt":"2023-12-20T04:56:35","slug":"ex-istituto-minerario-follador-servono-ancora-soldi-almeno-mezzo-milione-di-euro-per-il-museo-e-poi-ce-il-polo-culturale","status":"publish","type":"post","link":"https:\/\/www.radiopiu.net\/wordpress\/ex-istituto-minerario-follador-servono-ancora-soldi-almeno-mezzo-milione-di-euro-per-il-museo-e-poi-ce-il-polo-culturale\/","title":{"rendered":"EX ISTITUTO MINERARIO &#8220;FOLLADOR&#8221;, SERVONO ANCORA SOLDI ALMENO MEZZO MILIONE DI EURO PER IL MUSEO E POI C&#8217;E&#8217; IL POLO CULTURALE"},"content":{"rendered":"<p>&nbsp;<\/p>\n<p>****<\/p>\n<p>&nbsp;<\/p>\n<p><img loading=\"lazy\" decoding=\"async\" class=\"alignleft\" src=\"https:\/\/www.radiopiu.net\/wordpress\/wp-content\/uploads\/2021\/07\/EX-FOLLADOR.jpeg\" width=\"218\" height=\"109\" \/><\/p>\n<p><strong>AGORDO<\/strong> Ristrutturazione dell&#8217;ex Istituto Minerario &#8220;Umberto Follador&#8221;, 1 milione 300 mila euro, per il secondo stralcio progettato ancora parecchi anni fa per la sistemazione del museo. Ancora tanti i lavori fa fare, dal piano terra alle sistemazioni esterne; l&#8217;eliminazione delle barriere architettoniche; la centrale termica; i servizi igienici e la sistemazione del piano secondo e terzo con relativo ascensore. Ma soprattutto mancano soldi. Ne servono ancora. Lo ha chiarito in consiglio comunale il vice sindaco Giulio Favretti.<\/p>\n<audio class=\"wp-audio-shortcode\" id=\"audio-366785-1\" preload=\"none\" style=\"width: 100%;\" controls=\"controls\"><source type=\"audio\/mpeg\" src=\"https:\/\/www.radiopiu.net\/wordpress\/wp-content\/uploads\/2023\/12\/GIULIO-1.mp3?_=1\" \/><a href=\"https:\/\/www.radiopiu.net\/wordpress\/wp-content\/uploads\/2023\/12\/GIULIO-1.mp3\">https:\/\/www.radiopiu.net\/wordpress\/wp-content\/uploads\/2023\/12\/GIULIO-1.mp3<\/a><\/audio>\n<p>Secondo Favretti il Museo non sar\u00e0 aperto tutto l&#8217;anno, una volta terminato l&#8217;investimento sar\u00e0 utilizzato in periodi estivi o per le scolaresche, infatti la gestione sar\u00e0 molto impegnativa, Museo Fulcis a Belluno in quanto a entrate insegna.<\/p>\n<audio class=\"wp-audio-shortcode\" id=\"audio-366785-2\" preload=\"none\" style=\"width: 100%;\" controls=\"controls\"><source type=\"audio\/mpeg\" src=\"https:\/\/www.radiopiu.net\/wordpress\/wp-content\/uploads\/2023\/12\/GIULIO-2.mp3?_=2\" \/><a href=\"https:\/\/www.radiopiu.net\/wordpress\/wp-content\/uploads\/2023\/12\/GIULIO-2.mp3\">https:\/\/www.radiopiu.net\/wordpress\/wp-content\/uploads\/2023\/12\/GIULIO-2.mp3<\/a><\/audio>\n<p>L&#8217;appalto dei lavori sar\u00e0 fatto in tempi brevi, lo ha assicurato lo stesso assessore all&#8217;urbanistica. Oltre al museo il Polo Culturale che doveva essere realizzato in sei mesi, cio\u00e8 dovrebbe essere gi\u00e0 finito, ma forse questo accadr\u00e0 la prossima estate e anche qui si dovranno trovare ancora soldi<\/p>\n<audio class=\"wp-audio-shortcode\" id=\"audio-366785-3\" preload=\"none\" style=\"width: 100%;\" controls=\"controls\"><source type=\"audio\/mpeg\" src=\"https:\/\/www.radiopiu.net\/wordpress\/wp-content\/uploads\/2023\/12\/GIULIO-3.mp3?_=3\" \/><a href=\"https:\/\/www.radiopiu.net\/wordpress\/wp-content\/uploads\/2023\/12\/GIULIO-3.mp3\">https:\/\/www.radiopiu.net\/wordpress\/wp-content\/uploads\/2023\/12\/GIULIO-3.mp3<\/a><\/audio>\n<p>All&#8217;ex Follador potrebbe trovare sede anche il Circolo Culturale, un volano per una serie di iniziative culturali. A questo proposito il sindaco Roberto Chissal\u00e8 ha ricordato<\/p>\n<audio class=\"wp-audio-shortcode\" id=\"audio-366785-4\" preload=\"none\" style=\"width: 100%;\" controls=\"controls\"><source type=\"audio\/mpeg\" src=\"https:\/\/www.radiopiu.net\/wordpress\/wp-content\/uploads\/2023\/12\/CHISSALE-AUDIO-4.mp3?_=4\" \/><a href=\"https:\/\/www.radiopiu.net\/wordpress\/wp-content\/uploads\/2023\/12\/CHISSALE-AUDIO-4.mp3\">https:\/\/www.radiopiu.net\/wordpress\/wp-content\/uploads\/2023\/12\/CHISSALE-AUDIO-4.mp3<\/a><\/audio>\n<p>&nbsp;<\/p>\n<p>&nbsp;<\/p>\n<p>&nbsp;<\/p>\n<hr \/>\n<p>&nbsp;<\/p>\n","protected":false},"excerpt":{"rendered":"<p>&nbsp; **** &nbsp; AGORDO Ristrutturazione dell&#8217;ex Istituto Minerario &#8220;Umberto Follador&#8221;, 1 milione 300 mila euro, per il secondo stralcio progettato ancora parecchi anni fa per la sistemazione del museo. Ancora tanti i lavori fa fare, dal piano terra alle sistemazioni esterne; l&#8217;eliminazione delle barriere architettoniche; la centrale termica; i servizi igienici e la sistemazione del&hellip;<\/p>\n","protected":false},"author":4,"featured_media":225297,"comment_status":"closed","ping_status":"closed","sticky":false,"template":"","format":"standard","meta":{"_monsterinsights_skip_tracking":false,"_monsterinsights_sitenote_active":false,"_monsterinsights_sitenote_note":"","_monsterinsights_sitenote_category":0,"footnotes":""},"categories":[51,49],"tags":[],"class_list":["post-366785","post","type-post","status-publish","format-standard","has-post-thumbnail","hentry","category-evidenza-top","category-news-18","category-51","category-49","description-off"],"img_url":"https:\/\/www.radiopiu.net\/wordpress\/wp-content\/uploads\/2021\/07\/EX-FOLLADOR.jpeg","_links":{"self":[{"href":"https:\/\/www.radiopiu.net\/wordpress\/wp-json\/wp\/v2\/posts\/366785","targetHints":{"allow":["GET"]}}],"collection":[{"href":"https:\/\/www.radiopiu.net\/wordpress\/wp-json\/wp\/v2\/posts"}],"about":[{"href":"https:\/\/www.radiopiu.net\/wordpress\/wp-json\/wp\/v2\/types\/post"}],"author":[{"embeddable":true,"href":"https:\/\/www.radiopiu.net\/wordpress\/wp-json\/wp\/v2\/users\/4"}],"replies":[{"embeddable":true,"href":"https:\/\/www.radiopiu.net\/wordpress\/wp-json\/wp\/v2\/comments?post=366785"}],"version-history":[{"count":0,"href":"https:\/\/www.radiopiu.net\/wordpress\/wp-json\/wp\/v2\/posts\/366785\/revisions"}],"wp:featuredmedia":[{"embeddable":true,"href":"https:\/\/www.radiopiu.net\/wordpress\/wp-json\/wp\/v2\/media\/225297"}],"wp:attachment":[{"href":"https:\/\/www.radiopiu.net\/wordpress\/wp-json\/wp\/v2\/media?parent=366785"}],"wp:term":[{"taxonomy":"category","embeddable":true,"href":"https:\/\/www.radiopiu.net\/wordpress\/wp-json\/wp\/v2\/categories?post=366785"},{"taxonomy":"post_tag","embeddable":true,"href":"https:\/\/www.radiopiu.net\/wordpress\/wp-json\/wp\/v2\/tags?post=366785"}],"curies":[{"name":"wp","href":"https:\/\/api.w.org\/{rel}","templated":true}]}}