{"id":366883,"date":"2023-12-21T05:00:57","date_gmt":"2023-12-21T04:00:57","guid":{"rendered":"https:\/\/www.radiopiu.net\/wordpress\/?p=366883"},"modified":"2023-12-21T09:26:52","modified_gmt":"2023-12-21T08:26:52","slug":"giornale-radiopiu-21-dicembre-2023-direttore-mirko-mezzacasada-40-anni-25-giugno-1983-25-giugno-2023","status":"publish","type":"post","link":"https:\/\/www.radiopiu.net\/wordpress\/giornale-radiopiu-21-dicembre-2023-direttore-mirko-mezzacasada-40-anni-25-giugno-1983-25-giugno-2023\/","title":{"rendered":"GIORNALE RADIOPIU 21 DICEMBRE 2023 DIRETTORE MIRKO MEZZACASA\u2026DA 40 ANNI 25 GIUGNO 1983-25 GIUGNO 2023"},"content":{"rendered":"<p>*****<\/p>\n<p>&nbsp;<\/p>\n<h1 class=\"entry-title photoswipe-wrapper\">40esimo di RADIOPIU\u2026. LA VOCE DELL\u2019EMOZIONE<\/h1>\n<h2><span style=\"color: #ff0000;\">ISCRIVITI AL NOSTRO CANALE\u00a0\u00a0YOUTUBE PER SEGUIRE IN DIRETTA I PRINCIPALI PROGRAMMI DI RADIO PIU\u2019 E LE FUTURE DIRETTE IN ESTERNA. PER ISCRIVERTI <a style=\"color: #ff0000;\" href=\"https:\/\/youtube.com\/@radiopiu1527\">CLICCA QUI\u00a0<\/a>E PREMI\u00a0 \u201cIscriviti\u201d\u00a0<\/span><\/h2>\n<p><strong>\u00a0 <a class=\"dt-pswp-item\" href=\"https:\/\/www.radiopiu.net\/wordpress\/wp-content\/uploads\/2023\/12\/Senza-nome-64.png\" data-dt-img-description=\"\" data-large_image_width=\"621\" data-large_image_height=\"618\"><img loading=\"lazy\" decoding=\"async\" class=\"size-medium wp-image-366775 aligncenter\" src=\"https:\/\/www.radiopiu.net\/wordpress\/wp-content\/uploads\/2023\/12\/Senza-nome-64-300x300.png\" alt=\"\" width=\"300\" height=\"300\" srcset=\"https:\/\/www.radiopiu.net\/wordpress\/wp-content\/uploads\/2023\/12\/Senza-nome-64-300x300.png 300w, https:\/\/www.radiopiu.net\/wordpress\/wp-content\/uploads\/2023\/12\/Senza-nome-64-150x150.png 150w, https:\/\/www.radiopiu.net\/wordpress\/wp-content\/uploads\/2023\/12\/Senza-nome-64.png 621w\" sizes=\"auto, (max-width: 300px) 100vw, 300px\" \/><\/a><\/strong><\/p>\n<p>&nbsp;<\/p>\n<hr \/>\n<p>&nbsp;<\/p>\n<p>&nbsp;<\/p>\n<blockquote>\n<blockquote>\n<h1><span style=\"color: #ff0000;\">i podcast informativi del mattino &#8211; audio &#8211;\u00a0<\/span><\/h1>\n<\/blockquote>\n<p><strong><a class=\"dt-pswp-item\" href=\"https:\/\/www.radiopiu.net\/wordpress\/wp-content\/uploads\/2023\/11\/th-10.jpg\" data-dt-img-description=\"\" data-large_image_width=\"320\" data-large_image_height=\"180\"><img loading=\"lazy\" decoding=\"async\" class=\"wp-image-362866 alignleft\" src=\"https:\/\/www.radiopiu.net\/wordpress\/wp-content\/uploads\/2023\/11\/th-10-300x169.jpg\" alt=\"\" width=\"185\" height=\"104\" srcset=\"https:\/\/www.radiopiu.net\/wordpress\/wp-content\/uploads\/2023\/11\/th-10-300x169.jpg 300w, https:\/\/www.radiopiu.net\/wordpress\/wp-content\/uploads\/2023\/11\/th-10.jpg 320w\" sizes=\"auto, (max-width: 185px) 100vw, 185px\" \/><\/a>LA RASSEGNA STAMPA NAZIONALE ALLA RADIO, OGNI GIORNO ALLE 5 E ALLE 6 DEL MATTINO <span style=\"color: #0000ff;\">viene pubblicata alle 6.00 <span style=\"color: #ff0000;\">DIRETTA RADIO<\/span><\/span><\/strong><\/p><\/blockquote>\n<p>L&#8217;Unione europea \u00e8 riuscita a trovare l&#8217;intesa al nuovo patto di stabilit\u00e0. Israele e Hamas stanno conducendo negoziati per una nuova tregua. Per la fine del mercato tutelato dell&#8217;energia elettrica \u00e8 stata spostata la data del primo di aprile. La corte suprema del Colorado ha interdetto Donald Trump dalle primarie ripubblicane. Giuliano Sange, il fondatore di Wikilix, sar\u00e0 cittadino onorario di Procida. Ha chiamato il 112 confermando di essere l&#8217;uomo che avevo ucciso Vanessa. \u00c8 durato quasi sette ore il faccia faccia tra la russa junior e il PM Rosaria Stagnaro. Coppa Italia, Super Zirk\u00a0 Inter va ko\u00a0 e il Bologna vola ai quarti.<\/p>\n<p><strong>AUDIO<\/strong><\/p>\n<audio class=\"wp-audio-shortcode\" id=\"audio-366883-1\" preload=\"none\" style=\"width: 100%;\" controls=\"controls\"><source type=\"audio\/mpeg\" src=\"https:\/\/www.radiopiu.net\/wordpress\/wp-content\/uploads\/2023\/12\/GIORNALEDELLESEI-18.mp3?_=1\" \/><a href=\"https:\/\/www.radiopiu.net\/wordpress\/wp-content\/uploads\/2023\/12\/GIORNALEDELLESEI-18.mp3\">https:\/\/www.radiopiu.net\/wordpress\/wp-content\/uploads\/2023\/12\/GIORNALEDELLESEI-18.mp3<\/a><\/audio>\n<p>&nbsp;<\/p>\n<p>&nbsp;<\/p>\n<p>&nbsp;<\/p>\n<p><strong><a class=\"dt-pswp-item\" href=\"https:\/\/www.radiopiu.net\/wordpress\/wp-content\/uploads\/2023\/12\/images.png\" data-dt-img-description=\"\" data-large_image_width=\"316\" data-large_image_height=\"160\"><img loading=\"lazy\" decoding=\"async\" class=\"wp-image-367008 alignleft\" src=\"https:\/\/www.radiopiu.net\/wordpress\/wp-content\/uploads\/2023\/12\/images-300x152.png\" alt=\"\" width=\"235\" height=\"119\" srcset=\"https:\/\/www.radiopiu.net\/wordpress\/wp-content\/uploads\/2023\/12\/images-300x152.png 300w, https:\/\/www.radiopiu.net\/wordpress\/wp-content\/uploads\/2023\/12\/images.png 316w\" sizes=\"auto, (max-width: 235px) 100vw, 235px\" \/><\/a>OGNI GIORNO ALLE SETTE DEL MATTINO, LA RASSEGNA STAMPA LOCALE FLASH&#8230; PER CHI VA IN FRETTA. I TITOLI DAI GIORNALI E DAL SITO WWW.RADIOPIU.NET <span style=\"color: #0000ff;\">viene pubblicato alle 7.00<\/span> <span style=\"color: #ff0000;\">DIRETTA RADIO\u00a0<\/span><\/strong><\/p>\n<p><em><span style=\"color: #ff0000;\">per chi va in fretta&#8230; tante notizie in pochi minuti.\u00a0<\/span><\/em><\/p>\n<audio class=\"wp-audio-shortcode\" id=\"audio-366883-2\" preload=\"none\" style=\"width: 100%;\" controls=\"controls\"><source type=\"audio\/mpeg\" src=\"https:\/\/www.radiopiu.net\/wordpress\/wp-content\/uploads\/2023\/12\/GF07.mp3?_=2\" \/><a href=\"https:\/\/www.radiopiu.net\/wordpress\/wp-content\/uploads\/2023\/12\/GF07.mp3\">https:\/\/www.radiopiu.net\/wordpress\/wp-content\/uploads\/2023\/12\/GF07.mp3<\/a><\/audio>\n<p>&nbsp;<\/p>\n<p>&nbsp;<\/p>\n<p>&nbsp;<\/p>\n<p>&nbsp;<\/p>\n<blockquote><p><strong><a class=\"dt-pswp-item\" href=\"https:\/\/www.radiopiu.net\/wordpress\/wp-content\/uploads\/2021\/07\/microfono-radio-ok-768x448-768x448-1.jpg\" data-dt-img-description=\"\" data-large_image_width=\"768\" data-large_image_height=\"448\"><img loading=\"lazy\" decoding=\"async\" class=\"wp-image-220632 alignleft\" src=\"https:\/\/www.radiopiu.net\/wordpress\/wp-content\/uploads\/2021\/07\/microfono-radio-ok-768x448-768x448-1-300x175.jpg\" alt=\"\" width=\"178\" height=\"104\" srcset=\"https:\/\/www.radiopiu.net\/wordpress\/wp-content\/uploads\/2021\/07\/microfono-radio-ok-768x448-768x448-1-300x175.jpg 300w, https:\/\/www.radiopiu.net\/wordpress\/wp-content\/uploads\/2021\/07\/microfono-radio-ok-768x448-768x448-1.jpg 768w\" sizes=\"auto, (max-width: 178px) 100vw, 178px\" \/><\/a>GIORNALE RADIO NAZIONALE, EDIZIONE DELLE SETTE <span style=\"color: #0000ff;\">viene pubblicato alle 7.05 <span style=\"color: #ff0000;\">DIRETTA RADIO<\/span><\/span><\/strong><\/p><\/blockquote>\n<p>&nbsp;<\/p>\n<p>&nbsp;<\/p>\n<p><strong>AUDIO<\/strong><\/p>\n<audio class=\"wp-audio-shortcode\" id=\"audio-366883-3\" preload=\"none\" style=\"width: 100%;\" controls=\"controls\"><source type=\"audio\/mpeg\" src=\"https:\/\/www.radiopiu.net\/wordpress\/wp-content\/uploads\/2023\/12\/giornale07-17.mp3?_=3\" \/><a href=\"https:\/\/www.radiopiu.net\/wordpress\/wp-content\/uploads\/2023\/12\/giornale07-17.mp3\">https:\/\/www.radiopiu.net\/wordpress\/wp-content\/uploads\/2023\/12\/giornale07-17.mp3<\/a><\/audio>\n<p>&nbsp;<\/p>\n<p>&nbsp;<\/p>\n<blockquote>\n<h2><strong>RASSEGNA STAMPA LOCALE, ORE OTTO <span style=\"color: #0000ff;\">viene pubblicata alle 8.05 <span style=\"color: #ff0000;\">DIRETTA RADIO\u00a0<\/span><\/span><\/strong><\/h2>\n<\/blockquote>\n<h1>BELLUNO Violenza di gruppo, indagati tre calciatori. Il pubblico ministero ha chiesto 8 anni di carcere, per le difese \u00e8 una storia inventata. La parte civile vuole 150mila euro di danni.<\/h1>\n<p><iframe loading=\"lazy\" title=\"RASSEGNA STAMPA LOCALE\" width=\"1200\" height=\"675\" src=\"https:\/\/www.youtube.com\/embed\/FlX2Jo-h_FU?feature=oembed\" frameborder=\"0\" allow=\"accelerometer; autoplay; clipboard-write; encrypted-media; gyroscope; picture-in-picture; web-share\" allowfullscreen><\/iframe><\/p>\n<p>&nbsp;<\/p>\n<p>&nbsp;<\/p>\n<p>&nbsp;<\/p>\n<hr \/>\n<p>&nbsp;<\/p>\n<p>&nbsp;<\/p>\n<p><a class=\"dt-pswp-item\" href=\"https:\/\/www.radiopiu.net\/wordpress\/wp-content\/uploads\/2023\/10\/34f4cfc6-e863-46e9-9695-8df44be63421.jpg\" data-dt-img-description=\"\" data-large_image_width=\"1200\" data-large_image_height=\"1200\"><img loading=\"lazy\" decoding=\"async\" class=\"wp-image-357393 alignleft\" src=\"https:\/\/www.radiopiu.net\/wordpress\/wp-content\/uploads\/2023\/10\/34f4cfc6-e863-46e9-9695-8df44be63421-300x300.jpg\" alt=\"\" width=\"81\" height=\"81\" srcset=\"https:\/\/www.radiopiu.net\/wordpress\/wp-content\/uploads\/2023\/10\/34f4cfc6-e863-46e9-9695-8df44be63421-300x300.jpg 300w, https:\/\/www.radiopiu.net\/wordpress\/wp-content\/uploads\/2023\/10\/34f4cfc6-e863-46e9-9695-8df44be63421-1024x1024.jpg 1024w, https:\/\/www.radiopiu.net\/wordpress\/wp-content\/uploads\/2023\/10\/34f4cfc6-e863-46e9-9695-8df44be63421-150x150.jpg 150w, https:\/\/www.radiopiu.net\/wordpress\/wp-content\/uploads\/2023\/10\/34f4cfc6-e863-46e9-9695-8df44be63421-768x768.jpg 768w, https:\/\/www.radiopiu.net\/wordpress\/wp-content\/uploads\/2023\/10\/34f4cfc6-e863-46e9-9695-8df44be63421.jpg 1200w\" sizes=\"auto, (max-width: 81px) 100vw, 81px\" \/><\/a>OGGI ALLA RADIO: <strong>ALLE 7<\/strong> LA RASSEGNA STAMPA LOCALE FLASH, PER CHI COME NOI ALLE SETTE DEL MATTINO VA DI FRETTA, TANTE NOTIZIE IN POCHE CHIACCHIERE. <strong>ALLE OTTO<\/strong> L&#8217;APPROFONDIMENTO NELLA STORICA RASSEGNA STAMPA LOCALE.\u00a0 DALLE 6 ALLE 21, OGNI ORA, L&#8217;INFORMAZIONE NAZIONALE, l&#8217;informazione locale, ALLE 10 flash. 11flash. 14 viabilit\u00e0. 15meteo. 16flash. 17flash. 18flash. 19 i titoli di Antenna 3<\/p>\n<p><strong><a class=\"dt-pswp-item\" href=\"https:\/\/www.radiopiu.net\/wordpress\/wp-content\/uploads\/2023\/12\/407369689_190036974180129_2995837797567562467_n.jpg\" data-dt-img-description=\"\" data-large_image_width=\"960\" data-large_image_height=\"950\"><img loading=\"lazy\" decoding=\"async\" class=\"wp-image-366503 alignleft\" src=\"https:\/\/www.radiopiu.net\/wordpress\/wp-content\/uploads\/2023\/12\/407369689_190036974180129_2995837797567562467_n-300x297.jpg\" alt=\"\" width=\"85\" height=\"84\" srcset=\"https:\/\/www.radiopiu.net\/wordpress\/wp-content\/uploads\/2023\/12\/407369689_190036974180129_2995837797567562467_n-300x297.jpg 300w, https:\/\/www.radiopiu.net\/wordpress\/wp-content\/uploads\/2023\/12\/407369689_190036974180129_2995837797567562467_n-150x150.jpg 150w, https:\/\/www.radiopiu.net\/wordpress\/wp-content\/uploads\/2023\/12\/407369689_190036974180129_2995837797567562467_n-768x760.jpg 768w, https:\/\/www.radiopiu.net\/wordpress\/wp-content\/uploads\/2023\/12\/407369689_190036974180129_2995837797567562467_n.jpg 960w\" sizes=\"auto, (max-width: 85px) 100vw, 85px\" \/><\/a>ALLE\u00a0 9 LIBER CON LIANA CAVALLET<\/strong><strong> alle 10.10 e 18.30 CISL LA VOCE PER I LAVORATORI alle 10.30 e 19 SE NON LA SMETTI DI MANDO DAL PRESIDE CON LA PROF. MARIA ROSA SALMAZO alle 18.30 NCONTONSE CON MILLY CREPAZ<\/strong><\/p>\n<p><strong>LETTURE E CULTURE <\/strong><span style=\"color: #ff0000;\"><strong>ALLE 8.40 20.30\u00a0 PER TUTTA LA SETTIMANA MARINA DONA&#8217; CON LA COLLABORAZIONE DEL BORGO DI PALUE E LIBRO PARLATO DI FELTRE, CON LUISA ALCHINI ED AURORA TREVE\u00a0<\/strong><\/span><\/p>\n<p>ALLE 9 IL COUNTR<\/p>\n<p>&nbsp;<\/p>\n<hr \/>\n<p>&nbsp;<\/p>\n<p>&nbsp;<\/p>\n<blockquote>\n<h3>ACQUA GSP: NON POTABILE A LIVINALLONGO E ROCCA PIETORE<\/h3>\n<\/blockquote>\n<p><strong>ROCCA PIETORE<\/strong> in localit\u00e0 DIGONERA e MASARE&#8217; l&#8217;acqua erogata dall&#8217;acquedotto non \u00e8 potabile e pu\u00f2 essere usata per scopi alimentari SOLO PREVIA bollitura.<\/p>\n<p><strong>LIVINALLONGO DEL COL DI LANA<\/strong> nelle localit\u00e0\u00a0 \u00a0SALESEI DI SOPRA, SALESEI DI SOTTO, PIAN DI SALESEI, SALESEI, SOTTOCREPA e FOPPA l\u2019acqua erogata dall\u2019acquedotto non \u00e8 potabile e pu\u00f2 essere usata per scopi alimentari SOLO PREVIA bollitura.<\/p>\n<p>&nbsp;<\/p>\n<hr \/>\n<p>&nbsp;<\/p>\n<blockquote>\n<h3>IL RITORNO DEL FALCO IN TERRITORIO FODOM<\/h3>\n<\/blockquote>\n<p><strong><a class=\"dt-pswp-item\" href=\"https:\/\/www.radiopiu.net\/wordpress\/wp-content\/uploads\/2023\/12\/6000.png\" data-dt-img-description=\"\" data-large_image_width=\"265\" data-large_image_height=\"166\"><img loading=\"lazy\" decoding=\"async\" class=\" wp-image-366988 alignleft\" src=\"https:\/\/www.radiopiu.net\/wordpress\/wp-content\/uploads\/2023\/12\/6000.png\" alt=\"\" width=\"199\" height=\"125\" \/><\/a>LIVINALLONGO<\/strong> Anche ieri il giallo elicottero del Suem ha sorvolato Arabba per poi atterrare e prestare soccorso in zona Cherz ad uno sciatore infortunatosi,\u00a0 turista inglese di 52 anni elitrasportato al San Martino di Belluno.<\/p>\n<p>Le porte del pronto soccorso del Santa Maria del Prato di Feltre si sono aperte per una donna di 62 anni, feltrina, in seguito ad un incidente stradale a Cesiomaggiore. Nulla di grave, per fortuna, ferite lievi medicate dai sanitari. Incidente spettacolare\u00a0 a un centinaio di metri dal Museo di Seravella. La Fiat Seicento si \u00e8 intraversata ed \u00e8 finita fuori strada ribaltandosi e restando coricata su un fianco (foto)<\/p>\n<p>&nbsp;<\/p>\n<hr \/>\n<p>&nbsp;<\/p>\n<blockquote>\n<h2><strong><a class=\"dt-pswp-item\" href=\"https:\/\/www.radiopiu.net\/wordpress\/wp-content\/uploads\/2023\/12\/polizia.png\" data-dt-img-description=\"\" data-large_image_width=\"411\" data-large_image_height=\"315\"><img loading=\"lazy\" decoding=\"async\" class=\"wp-image-366987 alignleft\" src=\"https:\/\/www.radiopiu.net\/wordpress\/wp-content\/uploads\/2023\/12\/polizia-300x230.png\" alt=\"\" width=\"129\" height=\"99\" srcset=\"https:\/\/www.radiopiu.net\/wordpress\/wp-content\/uploads\/2023\/12\/polizia-300x230.png 300w, https:\/\/www.radiopiu.net\/wordpress\/wp-content\/uploads\/2023\/12\/polizia.png 411w\" sizes=\"auto, (max-width: 129px) 100vw, 129px\" \/><\/a><\/strong><\/h2>\n<h1 class=\"_title post-title entry-title\">NASCONDEVA COCAINA NEI CALZINI, NEI GUAI 25 ENNE FERMATO DALLE VOLANTI<\/h1>\n<h2><strong style=\"font-size: 14px;\">BELLUNO\u00a0<\/strong><span style=\"font-size: 14px; font-weight: normal;\"> Durante un posto di blocco vicino al ponte degli Alpini a Belluno, un venticinquenne di origini macedoni e residente a Vittorio Veneto \u00e8 stato fermato e controllato dalla polizia.\u00a0 Sono emersi tre involucri contenenti cocaina nascosti nel calzino del giovane. Successivamente, una perquisizione domiciliare presso la sua residenza ha portato al sequestro di ulteriori 25 grammi di droga, un bilancino di precisione e materiale per confezionare dosi. Il giovane \u00e8 stato arrestato con l&#8217;accusa di detenzione di stupefacenti a fini di spaccio e posto agli arresti domiciliari su disposizione della Procura della Repubblica di Treviso.\u00a0\u00a0<\/span><\/h2>\n<\/blockquote>\n<p>&nbsp;<\/p>\n<p>dal TG DI ANTENNA 3, OGNI SERA ALLE 19.30 SUL CANALE 10 DEL DIGITALE TERRESTRE, E OGNI SERA ALLE 19 LE ANTICIPAZIONI ALLA RADIO<\/p>\n<p><strong>DI TIZIANA BOLOGNANI<\/strong><\/p>\n<p><iframe loading=\"lazy\" title=\"NASCONDEVA COCAINA NEI CALZINI, NEI GUAI 25 ENNE FERMATO DALLE VOLANTI | 20\/12\/2023\" width=\"1200\" height=\"675\" src=\"https:\/\/www.youtube.com\/embed\/MUAiizPef54?feature=oembed\" frameborder=\"0\" allow=\"accelerometer; autoplay; clipboard-write; encrypted-media; gyroscope; picture-in-picture; web-share\" allowfullscreen><\/iframe><\/p>\n<hr \/>\n<p>&nbsp;<\/p>\n<p>&nbsp;<\/p>\n<blockquote>\n<h2><strong><a class=\"dt-pswp-item\" href=\"https:\/\/www.radiopiu.net\/wordpress\/wp-content\/uploads\/2023\/12\/Senza-nome-70.png\" data-dt-img-description=\"\" data-large_image_width=\"274\" data-large_image_height=\"269\"><img loading=\"lazy\" decoding=\"async\" class=\"wp-image-366989 alignleft\" src=\"https:\/\/www.radiopiu.net\/wordpress\/wp-content\/uploads\/2023\/12\/Senza-nome-70.png\" alt=\"\" width=\"111\" height=\"109\" \/><\/a>Addio a Camillo Villani, Pioniere della Pizza Napoletana nel Bellunese<\/strong><\/h2>\n<\/blockquote>\n<p><strong>PONTE NELLE ALPI\u00a0<\/strong> E&#8217; mancato Camillo Villani, 70 anni, patron dell&#8217;hotel Capri a Ponte nelle Alpi e pioniere della pizza napoletana in provincia,\u00a0 \u00e8 deceduto improvvisamente a causa di un attacco cardiaco. Originario di Agerola, ha dedicato la sua vita al lavoro e alla famiglia, diventando un punto di riferimento nella ristorazione locale. Nel 1971, insieme ai fratelli e sorelle, ha aperto la pizzeria &#8220;Ai Giardini&#8221; a Belluno, seguita dalla storica Bella Napoli. A Ponte nelle Alpi, ha gestito l&#8217;hotel Capri. Il funerale si terr\u00e0 domani alle 10 nella cripta della chiesa parrocchiale di Polpet di Ponte nelle Alpi.<\/p>\n<p>&nbsp;<\/p>\n<hr \/>\n<p>&nbsp;<\/p>\n<p>&nbsp;<\/p>\n<blockquote>\n<h2>Matteo Carretto: Nuovo Comandante dei Vigili del Fuoco a Belluno<\/h2>\n<\/blockquote>\n<p><strong><a class=\"dt-pswp-item\" href=\"https:\/\/www.radiopiu.net\/wordpress\/wp-content\/uploads\/2023\/12\/5b55b896-722e-41ce-bba6-73a7a80c76f5.jpg\" data-dt-img-description=\"\" data-large_image_width=\"2048\" data-large_image_height=\"1536\"><img loading=\"lazy\" decoding=\"async\" class=\"size-medium wp-image-366943 alignleft\" src=\"https:\/\/www.radiopiu.net\/wordpress\/wp-content\/uploads\/2023\/12\/5b55b896-722e-41ce-bba6-73a7a80c76f5-300x225.jpg\" alt=\"\" width=\"300\" height=\"225\" srcset=\"https:\/\/www.radiopiu.net\/wordpress\/wp-content\/uploads\/2023\/12\/5b55b896-722e-41ce-bba6-73a7a80c76f5-300x225.jpg 300w, https:\/\/www.radiopiu.net\/wordpress\/wp-content\/uploads\/2023\/12\/5b55b896-722e-41ce-bba6-73a7a80c76f5-1024x768.jpg 1024w, https:\/\/www.radiopiu.net\/wordpress\/wp-content\/uploads\/2023\/12\/5b55b896-722e-41ce-bba6-73a7a80c76f5-768x576.jpg 768w, https:\/\/www.radiopiu.net\/wordpress\/wp-content\/uploads\/2023\/12\/5b55b896-722e-41ce-bba6-73a7a80c76f5-1536x1152.jpg 1536w, https:\/\/www.radiopiu.net\/wordpress\/wp-content\/uploads\/2023\/12\/5b55b896-722e-41ce-bba6-73a7a80c76f5.jpg 2048w\" sizes=\"auto, (max-width: 300px) 100vw, 300px\" \/><\/a>BELLUNO<\/strong> Matteo Carretto, 54 anni, \u00e8 il nuovo Comandante provinciale dei Vigili del Fuoco di Belluno, proveniente da Pordenone. Ha lavorato per 20 anni a Venezia prima di trasferirsi in Friuli Venezia Giulia. Carretto ha scelto volontariamente Belluno, una realt\u00e0 ambientale impegnativa. Affronter\u00e0 sfide come il coinvolgimento dei vigili volontari, la carenza di personale, i dissesti idrogeologici e la preparazione per le Olimpiadi.<\/p>\n<blockquote><p><em>Dopo tre anni lascia invece Belluno Antonio Del Gallo: da agosto, il comandante uscente guidava i comandi di Belluno e di Ferrara. Con l&#8217;insediamento di Carretto, potr\u00e0 dedicarsi interamente al capoluogo emiliano. Un fine mandato segnato da due lutti, quelli di Walter Locatello e Christian Sommacal, ma Belluno avr\u00e0 sempre un posto speciale nel suo cuore.<\/em><\/p><\/blockquote>\n<p><strong>di\u00a0 DANIELE DALVIT<\/strong><\/p>\n<audio class=\"wp-audio-shortcode\" id=\"audio-366883-4\" preload=\"none\" style=\"width: 100%;\" controls=\"controls\"><source type=\"audio\/mpeg\" src=\"https:\/\/www.radiopiu.net\/wordpress\/wp-content\/uploads\/2023\/12\/Radio-Piu-Servizio-Nuovo-comandante-VVF-Carretto.mp3?_=4\" \/><a href=\"https:\/\/www.radiopiu.net\/wordpress\/wp-content\/uploads\/2023\/12\/Radio-Piu-Servizio-Nuovo-comandante-VVF-Carretto.mp3\">https:\/\/www.radiopiu.net\/wordpress\/wp-content\/uploads\/2023\/12\/Radio-Piu-Servizio-Nuovo-comandante-VVF-Carretto.mp3<\/a><\/audio>\n<p>&nbsp;<\/p>\n<p>&nbsp;<\/p>\n<hr \/>\n<p>&nbsp;<\/p>\n<p>&nbsp;<\/p>\n<blockquote>\n<h3>LUPO: VERSO IL DECLASSAMENTO DELLO STATO DI PROTEZIONE<\/h3>\n<p><em>grado di protezione del lupo, da \u201cstrettamente protetto\u201d a \u201cprotetto\u201d.<\/em><\/p><\/blockquote>\n<div class=\"markdown prose w-full break-words dark:prose-invert dark\">\n<p><a class=\"dt-pswp-item\" href=\"https:\/\/www.radiopiu.net\/wordpress\/wp-content\/uploads\/2023\/04\/CUCCIOLI-LUPO.jpeg\" data-dt-img-description=\"\" data-large_image_width=\"916\" data-large_image_height=\"714\"><img loading=\"lazy\" decoding=\"async\" class=\" wp-image-333449 alignleft\" src=\"https:\/\/www.radiopiu.net\/wordpress\/wp-content\/uploads\/2023\/04\/CUCCIOLI-LUPO-300x234.jpeg\" alt=\"\" width=\"229\" height=\"179\" srcset=\"https:\/\/www.radiopiu.net\/wordpress\/wp-content\/uploads\/2023\/04\/CUCCIOLI-LUPO-300x234.jpeg 300w, https:\/\/www.radiopiu.net\/wordpress\/wp-content\/uploads\/2023\/04\/CUCCIOLI-LUPO-768x599.jpeg 768w, https:\/\/www.radiopiu.net\/wordpress\/wp-content\/uploads\/2023\/04\/CUCCIOLI-LUPO.jpeg 916w\" sizes=\"auto, (max-width: 229px) 100vw, 229px\" \/><\/a>L&#8217;Unione europea ha compiuto un significativo passo avanti verso il declassamento dello status di protezione del lupo. L&#8217;europarlamentare Herbert Dorfmann ha commentato che si tratta della prima mossa concreta verso una gestione pi\u00f9 flessibile del lupo in Europa, dopo anni di sforzi per <a class=\"dt-pswp-item\" href=\"https:\/\/www.radiopiu.net\/wordpress\/wp-content\/uploads\/2019\/03\/Herbert-Dorfmann-1.jpg\" data-dt-img-description=\"\" data-large_image_width=\"2000\" data-large_image_height=\"1333\"><img loading=\"lazy\" decoding=\"async\" class=\" wp-image-79123 alignright\" src=\"https:\/\/www.radiopiu.net\/wordpress\/wp-content\/uploads\/2019\/03\/Herbert-Dorfmann-1-300x200.jpg\" alt=\"\" width=\"203\" height=\"135\" srcset=\"https:\/\/www.radiopiu.net\/wordpress\/wp-content\/uploads\/2019\/03\/Herbert-Dorfmann-1-300x200.jpg 300w, https:\/\/www.radiopiu.net\/wordpress\/wp-content\/uploads\/2019\/03\/Herbert-Dorfmann-1-768x512.jpg 768w, https:\/\/www.radiopiu.net\/wordpress\/wp-content\/uploads\/2019\/03\/Herbert-Dorfmann-1-1024x682.jpg 1024w, https:\/\/www.radiopiu.net\/wordpress\/wp-content\/uploads\/2019\/03\/Herbert-Dorfmann-1.jpg 2000w\" sizes=\"auto, (max-width: 203px) 100vw, 203px\" \/><\/a>sensibilizzare e persuadere a livello europeo. La Commissione Europea ha deciso di richiedere la riduzione dello status di protezione del lupo in Europa, consentendo una gestione pi\u00f9 flessibile del lupo in Europa. . Dorfmann conclude esprimendo soddisfazione per il trionfo della loro posizione<\/p>\n<\/div>\n<p><span style=\"color: #ff0000;\"><strong>AI MICROFONI DI RADIO PIU&#8217; HERBERT DORFMANN<\/strong><\/span><\/p>\n<audio class=\"wp-audio-shortcode\" id=\"audio-366883-5\" preload=\"none\" style=\"width: 100%;\" controls=\"controls\"><source type=\"audio\/mpeg\" src=\"https:\/\/www.radiopiu.net\/wordpress\/wp-content\/uploads\/2023\/12\/DORF.mp3?_=5\" \/><a href=\"https:\/\/www.radiopiu.net\/wordpress\/wp-content\/uploads\/2023\/12\/DORF.mp3\">https:\/\/www.radiopiu.net\/wordpress\/wp-content\/uploads\/2023\/12\/DORF.mp3<\/a><\/audio>\n<p>&nbsp;<\/p>\n<blockquote>\n<h3><a class=\"dt-pswp-item\" href=\"https:\/\/www.radiopiu.net\/wordpress\/wp-content\/uploads\/2023\/12\/Senza-nome-55.png\" data-dt-img-description=\"\" data-large_image_width=\"548\" data-large_image_height=\"198\"><img loading=\"lazy\" decoding=\"async\" class=\"size-medium wp-image-366478 alignleft\" src=\"https:\/\/www.radiopiu.net\/wordpress\/wp-content\/uploads\/2023\/12\/Senza-nome-55-300x108.png\" alt=\"\" width=\"300\" height=\"108\" srcset=\"https:\/\/www.radiopiu.net\/wordpress\/wp-content\/uploads\/2023\/12\/Senza-nome-55-300x108.png 300w, https:\/\/www.radiopiu.net\/wordpress\/wp-content\/uploads\/2023\/12\/Senza-nome-55.png 548w\" sizes=\"auto, (max-width: 300px) 100vw, 300px\" \/><\/a>LUCA DE CARLO &#8220;Una Prospettiva Chiara per la Tutela dell&#8217;Agricoltura Montana&#8221;<\/h3>\n<\/blockquote>\n<p><em>\u201cConfido che vada velocemente in porto la proposta della Commissione Europa di abbassare lo status di protezione del lupo: si trattava di una misura giusta 40 anni fa, quando nel continente l&#8217;animale era quasi a rischio estinzione, ma oggi \u00e8 decisamente superata, visti i quotidiani avvistamenti e le pressoch\u00e9 quotidiane predazioni anche di animali da reddito<\/em>.\u00a0<em> L\u2019approvazione di questa norma ci consentir\u00e0 anche di intervenire con prontezza sui territori, cos\u00ec da poter tutelare tutti, cittadini e imprese\u201d<\/em><\/p>\n<p>&nbsp;<\/p>\n<p>&nbsp;<\/p>\n<hr \/>\n<p>&nbsp;<\/p>\n<div><\/div>\n<blockquote>\n<h3><span style=\"font-size: large;\">Ok dalla Via alla variante di Longarone<\/span><\/h3>\n<\/blockquote>\n<p><strong>LONGARONE<\/strong> <span style=\"font-size: large;\">\u00abDopo le ore di code sulla Alemagna di rientro dal ponte dell\u2019Immacolata, abbiamo la prima risposta concreta\u00bb. Il presidente della Provincia di Belluno Roberto Padrin commenta cos\u00ec l\u2019ok della commissione Via regionale (valutazione impatto ambientale) sulla variante di Longarone, arrivato oggi. \u00abOra la procedura pu\u00f2 proseguire con l\u2019obiettivo di realizzare un\u2019opera importante per la viabilit\u00e0 bellunese. L\u2019Alemagna ha tanti punti neri e lo snodo di Longarone \u00e8 il primo che si trovano davanti gli automobilisti diretti a Cortina, uscendo dall\u2019autostrada. Le Olimpiadi hanno un compito importante per il nostro territorio: lasciare in eredit\u00e0 quelle opere infrastrutturali necessarie allo sviluppo del Bellunese. Questo \u00e8 un primo tassello fondamentale\u00bb.\u00a0<\/span><\/p>\n<p>&nbsp;<\/p>\n\n\t\t\t<style type='text\/css'>\n\t\t\t\t#gallery-1 {\n\t\t\t\t\tmargin: auto;\n\t\t\t\t}\n\t\t\t\t#gallery-1 .gallery-item {\n\t\t\t\t\tfloat: left;\n\t\t\t\t\tmargin-top: 10px;\n\t\t\t\t\ttext-align: center;\n\t\t\t\t\twidth: 33%;\n\t\t\t\t}\n\t\t\t\t#gallery-1 img {\n\t\t\t\t\tborder: 2px solid #cfcfcf;\n\t\t\t\t}\n\t\t\t\t#gallery-1 .gallery-caption {\n\t\t\t\t\tmargin-left: 0;\n\t\t\t\t}\n\t\t\t\t\/* see gallery_shortcode() in wp-includes\/media.php *\/\n\t\t\t<\/style>\n\t\t<div id='gallery-1' class='dt-gallery-container gallery galleryid-366883 gallery-columns-3 gallery-size-thumbnail'><dl class='gallery-item'>\n\t\t\t\t<dt class='gallery-icon portrait'>\n\t\t\t\t\t<a class=\"rollover rollover-zoom dt-pswp-item\" title=\"b5b8be3d-4698-4c14-9150-8122ea1f0c62\" data-dt-img-description=\"\" data-large_image_width=\"720\" data-large_image_height=\"1026\"href='https:\/\/www.radiopiu.net\/wordpress\/wp-content\/uploads\/2023\/12\/b5b8be3d-4698-4c14-9150-8122ea1f0c62.jpg'><img loading=\"lazy\" decoding=\"async\" width=\"150\" height=\"150\" src=\"https:\/\/www.radiopiu.net\/wordpress\/wp-content\/uploads\/2023\/12\/b5b8be3d-4698-4c14-9150-8122ea1f0c62-150x150.jpg\" class=\"attachment-thumbnail size-thumbnail\" alt=\"\" \/><\/a>\n\t\t\t\t<\/dt><\/dl><dl class='gallery-item'>\n\t\t\t\t<dt class='gallery-icon portrait'>\n\t\t\t\t\t<a class=\"rollover rollover-zoom dt-pswp-item\" title=\"9cc51ec4-b2d3-4b7c-95ba-1a76481247e4\" data-dt-img-description=\"\" data-large_image_width=\"720\" data-large_image_height=\"1114\"href='https:\/\/www.radiopiu.net\/wordpress\/wp-content\/uploads\/2023\/12\/9cc51ec4-b2d3-4b7c-95ba-1a76481247e4.jpg'><img loading=\"lazy\" decoding=\"async\" width=\"150\" height=\"150\" src=\"https:\/\/www.radiopiu.net\/wordpress\/wp-content\/uploads\/2023\/12\/9cc51ec4-b2d3-4b7c-95ba-1a76481247e4-150x150.jpg\" class=\"attachment-thumbnail size-thumbnail\" alt=\"\" \/><\/a>\n\t\t\t\t<\/dt><\/dl><dl class='gallery-item'>\n\t\t\t\t<dt class='gallery-icon portrait'>\n\t\t\t\t\t<a class=\"rollover rollover-zoom dt-pswp-item\" title=\"8b430211-6e22-4c27-ae31-1ae574e49a9e\" data-dt-img-description=\"\" data-large_image_width=\"720\" data-large_image_height=\"1280\"href='https:\/\/www.radiopiu.net\/wordpress\/wp-content\/uploads\/2023\/12\/8b430211-6e22-4c27-ae31-1ae574e49a9e.jpg'><img loading=\"lazy\" decoding=\"async\" width=\"150\" height=\"150\" src=\"https:\/\/www.radiopiu.net\/wordpress\/wp-content\/uploads\/2023\/12\/8b430211-6e22-4c27-ae31-1ae574e49a9e-150x150.jpg\" class=\"attachment-thumbnail size-thumbnail\" alt=\"\" \/><\/a>\n\t\t\t\t<\/dt><\/dl><br style=\"clear: both\" \/>\n\t\t\t<\/div>\n\n<p>&nbsp;<\/p>\n<p>&nbsp;<\/p>\n<p>&nbsp;<\/p>\n<hr \/>\n<p>&nbsp;<\/p>\n<blockquote>\n<h3>DA GENNAIO RITORNA LA NAVETTA PER I DIPENDENTI ESSILORLUXOTTICA DI AGORDO<\/h3>\n<\/blockquote>\n<p><strong><a class=\"dt-pswp-item\" href=\"https:\/\/www.radiopiu.net\/wordpress\/wp-content\/uploads\/2022\/06\/LUXOTTICA-12.jpg\" data-dt-img-description=\"\" data-large_image_width=\"800\" data-large_image_height=\"600\"><img loading=\"lazy\" decoding=\"async\" class=\" wp-image-284019 alignleft\" src=\"https:\/\/www.radiopiu.net\/wordpress\/wp-content\/uploads\/2022\/06\/LUXOTTICA-12-300x225.jpg\" alt=\"\" width=\"172\" height=\"129\" srcset=\"https:\/\/www.radiopiu.net\/wordpress\/wp-content\/uploads\/2022\/06\/LUXOTTICA-12-300x225.jpg 300w, https:\/\/www.radiopiu.net\/wordpress\/wp-content\/uploads\/2022\/06\/LUXOTTICA-12-768x576.jpg 768w, https:\/\/www.radiopiu.net\/wordpress\/wp-content\/uploads\/2022\/06\/LUXOTTICA-12.jpg 800w\" sizes=\"auto, (max-width: 172px) 100vw, 172px\" \/><\/a>AGORDO <\/strong>EssilorLuxottica ha annunciato ai dipendenti il ripristino del servizio pomeridiano di navette, collegando lo stabilimento alle fermate e ai parcheggi di Agordo. Questa iniziativa, frutto dell&#8217;impegno dell&#8217;azienda, sar\u00e0 operativa a partire dall&#8217;8 gennaio, al termine delle festivit\u00e0 natalizie. La riattivazione del trasporto sul turno 14-22 avr\u00e0 un impatto significativo sulla decongestione della zona di Valcozzena, offrendo alle maestranze una soluzione efficiente per recarsi al lavoro e agevolando le operazioni di ingresso e uscita dallo stabilimento. L&#8217;attenzione dell&#8217;azienda alla mobilit\u00e0 locale \u00e8 evidente in questa mossa strategica, che si inserisce in una serie di iniziative di ampio respiro. Tra queste, potrebbe spiccare il progetto di costruzione di un parcheggio multipiano dietro l&#8217;ex maglificio agordino. Questa iniziativa, ancora in fase di sviluppo, prevede la creazione di centinaia di nuovi posti auto, rispondendo alle esigenze di parcheggio della comunit\u00e0 aziendale. Il ripristino del servizio navette riflette l&#8217;impegno di Luxottica nel migliorare la qualit\u00e0 della vita dei suoi dipendenti, promuovendo al contempo la sostenibilit\u00e0 ambientale.<\/p>\n<p>&nbsp;<\/p>\n<p>&nbsp;<\/p>\n<hr \/>\n<p>&nbsp;<\/p>\n<blockquote>\n<h3>PORTATI VIA GLI ADDOBBI NATALIZI ALL&#8217;ESTERNO DELL&#8217;UFFICIO TURISTICO DI AGORDO<\/h3>\n<\/blockquote>\n<p><strong>AGORDO<\/strong> Si dice che a Natale siamo tutti pi\u00f9 buoni ma non ad Agordo. L&#8217;Ufficio Turistico di Agordo aveva addobbato con luci e ornamenti il vaso all&#8217;esterno dell&#8217;ufficio, ma ecco la sorpresa. Qualcuno ha pensato bene di portarsi a casa gli addobbi di Natale lasciando il vaso spoglio. &#8220;Ma c&#8217;era proprio bisogno di portarsi a casa tutti gli addobbi?&#8221; si chiedono dall&#8217;ufficio turistico. &#8220;La prossima volta dovremo mettere il filo spinato al posto delle luci di Natale&#8230;&#8221;<\/p>\n\n\t\t\t<style type='text\/css'>\n\t\t\t\t#gallery-2 {\n\t\t\t\t\tmargin: auto;\n\t\t\t\t}\n\t\t\t\t#gallery-2 .gallery-item {\n\t\t\t\t\tfloat: left;\n\t\t\t\t\tmargin-top: 10px;\n\t\t\t\t\ttext-align: center;\n\t\t\t\t\twidth: 50%;\n\t\t\t\t}\n\t\t\t\t#gallery-2 img {\n\t\t\t\t\tborder: 2px solid #cfcfcf;\n\t\t\t\t}\n\t\t\t\t#gallery-2 .gallery-caption {\n\t\t\t\t\tmargin-left: 0;\n\t\t\t\t}\n\t\t\t\t\/* see gallery_shortcode() in wp-includes\/media.php *\/\n\t\t\t<\/style>\n\t\t<div id='gallery-2' class='dt-gallery-container gallery galleryid-366883 gallery-columns-2 gallery-size-medium'><dl class='gallery-item'>\n\t\t\t\t<dt class='gallery-icon portrait'>\n\t\t\t\t\t<a class=\"rollover rollover-zoom dt-pswp-item\" title=\"IMG-20231213-WA0008\" data-dt-img-description=\"\" data-large_image_width=\"1080\" data-large_image_height=\"1920\"href='https:\/\/www.radiopiu.net\/wordpress\/wp-content\/uploads\/2023\/12\/IMG-20231213-WA0008.jpg'><img loading=\"lazy\" decoding=\"async\" width=\"169\" height=\"300\" src=\"https:\/\/www.radiopiu.net\/wordpress\/wp-content\/uploads\/2023\/12\/IMG-20231213-WA0008-169x300.jpg\" class=\"attachment-medium size-medium\" alt=\"\" aria-describedby=\"gallery-2-366908\" srcset=\"https:\/\/www.radiopiu.net\/wordpress\/wp-content\/uploads\/2023\/12\/IMG-20231213-WA0008-169x300.jpg 169w, https:\/\/www.radiopiu.net\/wordpress\/wp-content\/uploads\/2023\/12\/IMG-20231213-WA0008-576x1024.jpg 576w, https:\/\/www.radiopiu.net\/wordpress\/wp-content\/uploads\/2023\/12\/IMG-20231213-WA0008-768x1365.jpg 768w, https:\/\/www.radiopiu.net\/wordpress\/wp-content\/uploads\/2023\/12\/IMG-20231213-WA0008-864x1536.jpg 864w, https:\/\/www.radiopiu.net\/wordpress\/wp-content\/uploads\/2023\/12\/IMG-20231213-WA0008.jpg 1080w\" sizes=\"auto, (max-width: 169px) 100vw, 169px\" \/><\/a>\n\t\t\t\t<\/dt>\n\t\t\t\t\t<dd class='wp-caption-text gallery-caption' id='gallery-2-366908'>\n\t\t\t\t\tPRIMA\n\t\t\t\t\t<\/dd><\/dl><dl class='gallery-item'>\n\t\t\t\t<dt class='gallery-icon portrait'>\n\t\t\t\t\t<a class=\"rollover rollover-zoom dt-pswp-item\" title=\"IMG-20231220-WA0001\" data-dt-img-description=\"\" data-large_image_width=\"921\" data-large_image_height=\"2048\"href='https:\/\/www.radiopiu.net\/wordpress\/wp-content\/uploads\/2023\/12\/IMG-20231220-WA0001.jpg'><img loading=\"lazy\" decoding=\"async\" width=\"135\" height=\"300\" src=\"https:\/\/www.radiopiu.net\/wordpress\/wp-content\/uploads\/2023\/12\/IMG-20231220-WA0001-135x300.jpg\" class=\"attachment-medium size-medium\" alt=\"\" aria-describedby=\"gallery-2-366909\" srcset=\"https:\/\/www.radiopiu.net\/wordpress\/wp-content\/uploads\/2023\/12\/IMG-20231220-WA0001-135x300.jpg 135w, https:\/\/www.radiopiu.net\/wordpress\/wp-content\/uploads\/2023\/12\/IMG-20231220-WA0001-461x1024.jpg 461w, https:\/\/www.radiopiu.net\/wordpress\/wp-content\/uploads\/2023\/12\/IMG-20231220-WA0001-768x1708.jpg 768w, https:\/\/www.radiopiu.net\/wordpress\/wp-content\/uploads\/2023\/12\/IMG-20231220-WA0001-691x1536.jpg 691w, https:\/\/www.radiopiu.net\/wordpress\/wp-content\/uploads\/2023\/12\/IMG-20231220-WA0001.jpg 921w\" sizes=\"auto, (max-width: 135px) 100vw, 135px\" \/><\/a>\n\t\t\t\t<\/dt>\n\t\t\t\t\t<dd class='wp-caption-text gallery-caption' id='gallery-2-366909'>\n\t\t\t\t\tDOPO\n\t\t\t\t\t<\/dd><\/dl><br style=\"clear: both\" \/>\n\t\t\t<\/div>\n\n<p>&nbsp;<\/p>\n<hr \/>\n<p>&nbsp;<\/p>\n<blockquote>\n<h3><a class=\"dt-pswp-item\" href=\"https:\/\/www.radiopiu.net\/wordpress\/wp-content\/uploads\/2023\/12\/IMG-20231220-WA0001-1.jpg\" data-dt-img-description=\"\" data-large_image_width=\"1600\" data-large_image_height=\"1200\"><img loading=\"lazy\" decoding=\"async\" class=\" wp-image-366930 alignleft\" src=\"https:\/\/www.radiopiu.net\/wordpress\/wp-content\/uploads\/2023\/12\/IMG-20231220-WA0001-1-300x225.jpg\" alt=\"\" width=\"157\" height=\"118\" srcset=\"https:\/\/www.radiopiu.net\/wordpress\/wp-content\/uploads\/2023\/12\/IMG-20231220-WA0001-1-300x225.jpg 300w, https:\/\/www.radiopiu.net\/wordpress\/wp-content\/uploads\/2023\/12\/IMG-20231220-WA0001-1-1024x768.jpg 1024w, https:\/\/www.radiopiu.net\/wordpress\/wp-content\/uploads\/2023\/12\/IMG-20231220-WA0001-1-768x576.jpg 768w, https:\/\/www.radiopiu.net\/wordpress\/wp-content\/uploads\/2023\/12\/IMG-20231220-WA0001-1-1536x1152.jpg 1536w, https:\/\/www.radiopiu.net\/wordpress\/wp-content\/uploads\/2023\/12\/IMG-20231220-WA0001-1.jpg 1600w\" sizes=\"auto, (max-width: 157px) 100vw, 157px\" \/><\/a>UN FINE SETTIMANA RICORDANDO GIULIA<\/h3>\n<\/blockquote>\n<p><strong>CORTINA<\/strong> Il Soccorso Alpino di Cortina ha organizzato un weekend dedicato alla prevenzione dei rischi legati alla neve e alle valanghe, in risposta al desiderio dei familiari e amici di Giulia Ramelli, vittima di una valanga. L&#8217;evento ha coinvolto una novantina di partecipanti nella parte teorica e oltre 100 persone nella lezione pratica, diventando un appuntamento fisso per la prevenzione.<\/p>\n<p>&nbsp;<\/p>\n<p>&nbsp;<\/p>\n<hr \/>\n<p>&nbsp;<\/p>\n<blockquote>\n<h3>\u00a0DONAZIONE IMPORTANTE ALLA BIBLIOTECA CIVICA DI BELLUNO<\/h3>\n<\/blockquote>\n<p><strong>BELLUNO<\/strong> Nella mattinata di ieri in sala consigliare a Belluno \u00e8 stata presentata un&#8217;importante donazione da parte della ditta Fratelli De Pr\u00e0. Un volume unico di altissimo valore culturale della collezione Piloni.<\/p>\n<p><strong>L&#8217;ASSESSORE ALLA CULTURA RAFFAELE ADDAMIANO<\/strong><\/p>\n<p><iframe loading=\"lazy\" title=\"ADDAMIANO DONAZIONE DE PRA\" width=\"1200\" height=\"675\" src=\"https:\/\/www.youtube.com\/embed\/PVE_UdHP8Lk?feature=oembed\" frameborder=\"0\" allow=\"accelerometer; autoplay; clipboard-write; encrypted-media; gyroscope; picture-in-picture; web-share\" allowfullscreen><\/iframe><\/p>\n<p>&nbsp;<\/p>\n\n\t\t\t<style type='text\/css'>\n\t\t\t\t#gallery-3 {\n\t\t\t\t\tmargin: auto;\n\t\t\t\t}\n\t\t\t\t#gallery-3 .gallery-item {\n\t\t\t\t\tfloat: left;\n\t\t\t\t\tmargin-top: 10px;\n\t\t\t\t\ttext-align: center;\n\t\t\t\t\twidth: 20%;\n\t\t\t\t}\n\t\t\t\t#gallery-3 img {\n\t\t\t\t\tborder: 2px solid #cfcfcf;\n\t\t\t\t}\n\t\t\t\t#gallery-3 .gallery-caption {\n\t\t\t\t\tmargin-left: 0;\n\t\t\t\t}\n\t\t\t\t\/* see gallery_shortcode() in wp-includes\/media.php *\/\n\t\t\t<\/style>\n\t\t<div id='gallery-3' class='dt-gallery-container gallery galleryid-366883 gallery-columns-5 gallery-size-thumbnail'><dl class='gallery-item'>\n\t\t\t\t<dt class='gallery-icon landscape'>\n\t\t\t\t\t<a class=\"rollover rollover-zoom dt-pswp-item\" title=\"Cs donazione_1\" data-dt-img-description=\"\" data-large_image_width=\"1600\" data-large_image_height=\"1200\"href='https:\/\/www.radiopiu.net\/wordpress\/wp-content\/uploads\/2023\/12\/Cs-donazione_1.jpeg'><img loading=\"lazy\" decoding=\"async\" width=\"150\" height=\"150\" src=\"https:\/\/www.radiopiu.net\/wordpress\/wp-content\/uploads\/2023\/12\/Cs-donazione_1-150x150.jpeg\" class=\"attachment-thumbnail size-thumbnail\" alt=\"\" \/><\/a>\n\t\t\t\t<\/dt><\/dl><dl class='gallery-item'>\n\t\t\t\t<dt class='gallery-icon landscape'>\n\t\t\t\t\t<a class=\"rollover rollover-zoom dt-pswp-item\" title=\"Cs donazione\" data-dt-img-description=\"\" data-large_image_width=\"1600\" data-large_image_height=\"1200\"href='https:\/\/www.radiopiu.net\/wordpress\/wp-content\/uploads\/2023\/12\/Cs-donazione.jpeg'><img loading=\"lazy\" decoding=\"async\" width=\"150\" height=\"150\" src=\"https:\/\/www.radiopiu.net\/wordpress\/wp-content\/uploads\/2023\/12\/Cs-donazione-150x150.jpeg\" class=\"attachment-thumbnail size-thumbnail\" alt=\"\" \/><\/a>\n\t\t\t\t<\/dt><\/dl><dl class='gallery-item'>\n\t\t\t\t<dt class='gallery-icon landscape'>\n\t\t\t\t\t<a class=\"rollover rollover-zoom dt-pswp-item\" title=\"Volume Piloni_2\" data-dt-img-description=\"\" data-large_image_width=\"1600\" data-large_image_height=\"1200\"href='https:\/\/www.radiopiu.net\/wordpress\/wp-content\/uploads\/2023\/12\/Volume-Piloni_2.jpeg'><img loading=\"lazy\" decoding=\"async\" width=\"150\" height=\"150\" src=\"https:\/\/www.radiopiu.net\/wordpress\/wp-content\/uploads\/2023\/12\/Volume-Piloni_2-150x150.jpeg\" class=\"attachment-thumbnail size-thumbnail\" alt=\"\" \/><\/a>\n\t\t\t\t<\/dt><\/dl><dl class='gallery-item'>\n\t\t\t\t<dt class='gallery-icon portrait'>\n\t\t\t\t\t<a class=\"rollover rollover-zoom dt-pswp-item\" title=\"Volume Piloni_1\" data-dt-img-description=\"\" data-large_image_width=\"1092\" data-large_image_height=\"1600\"href='https:\/\/www.radiopiu.net\/wordpress\/wp-content\/uploads\/2023\/12\/Volume-Piloni_1.jpeg'><img loading=\"lazy\" decoding=\"async\" width=\"150\" height=\"150\" src=\"https:\/\/www.radiopiu.net\/wordpress\/wp-content\/uploads\/2023\/12\/Volume-Piloni_1-150x150.jpeg\" class=\"attachment-thumbnail size-thumbnail\" alt=\"\" \/><\/a>\n\t\t\t\t<\/dt><\/dl><dl class='gallery-item'>\n\t\t\t\t<dt class='gallery-icon portrait'>\n\t\t\t\t\t<a class=\"rollover rollover-zoom dt-pswp-item\" title=\"Volume Piloni\" data-dt-img-description=\"\" data-large_image_width=\"854\" data-large_image_height=\"1600\"href='https:\/\/www.radiopiu.net\/wordpress\/wp-content\/uploads\/2023\/12\/Volume-Piloni.jpeg'><img loading=\"lazy\" decoding=\"async\" width=\"150\" height=\"150\" src=\"https:\/\/www.radiopiu.net\/wordpress\/wp-content\/uploads\/2023\/12\/Volume-Piloni-150x150.jpeg\" class=\"attachment-thumbnail size-thumbnail\" alt=\"\" \/><\/a>\n\t\t\t\t<\/dt><\/dl><br style=\"clear: both\" \/>\n\t\t\t<\/div>\n\n<p>&nbsp;<\/p>\n<hr \/>\n<p>&nbsp;<\/p>\n<blockquote>\n<h3>CONFARTIGIANATO BELLUNO LANCIA UNA NUOVA PROMOZIONE PER LUCE E GAS IN COLLABORAZIONE CON WALBER SPA<\/h3>\n<\/blockquote>\n<p><strong><a class=\"dt-pswp-item\" href=\"https:\/\/www.radiopiu.net\/wordpress\/wp-content\/uploads\/2022\/07\/CONFARTIGIANATO.png\" data-dt-img-description=\"\" data-large_image_width=\"1001\" data-large_image_height=\"431\"><img loading=\"lazy\" decoding=\"async\" class=\" wp-image-288229 alignleft\" src=\"https:\/\/www.radiopiu.net\/wordpress\/wp-content\/uploads\/2022\/07\/CONFARTIGIANATO-300x129.png\" alt=\"\" width=\"186\" height=\"80\" srcset=\"https:\/\/www.radiopiu.net\/wordpress\/wp-content\/uploads\/2022\/07\/CONFARTIGIANATO-300x129.png 300w, https:\/\/www.radiopiu.net\/wordpress\/wp-content\/uploads\/2022\/07\/CONFARTIGIANATO-768x331.png 768w, https:\/\/www.radiopiu.net\/wordpress\/wp-content\/uploads\/2022\/07\/CONFARTIGIANATO.png 1001w\" sizes=\"auto, (max-width: 186px) 100vw, 186px\" \/><\/a>BELLUNO<\/strong> Il Ministro dell&#8217;Ambiente, Gilberto Pichetto, ha confermato che non ci sar\u00e0 proroga per il mercato tutelato del gas ed elettricit\u00e0 per le utenze domestiche. Le utenze domestiche del gas dovranno passare al mercato libero entro gennaio 2024, mentre per l&#8217;energia elettrica il passaggio dovr\u00e0 avvenire entro aprile 2024. In caso di mancato passaggio volontario, gli utenti verranno automaticamente assegnati al Servizio a Tutele Graduali (STG) con un fornitore designato da ARERA. Confartigianato Belluno offre un servizio di consulenza personalizzata per la gestione ottimale dei consumi energetici e la scelta del fornitore pi\u00f9 conveniente. Inoltre, in collaborazione con AGSM AIM Energia spa, \u00e8 stata attivata una promozione che offre una tessera del valore di 50,00 euro per l&#8217;energia elettrica e una di 50,00 euro per il gas, spendibili nei supermercati del gruppo Walber Spa, per le sottoscrizioni di forniture ad uso domestico fino al 30\/06\/2024.<\/p>\n<p>&nbsp;<\/p>\n<p>&nbsp;<\/p>\n<hr \/>\n<p>&nbsp;<\/p>\n<blockquote>\n<h1>Contagi di Gentilezza: Gesti Solidali che Illuminano le Unit\u00e0 Operative<\/h1>\n<\/blockquote>\n<p><strong><a class=\"dt-pswp-item\" href=\"https:\/\/www.radiopiu.net\/wordpress\/wp-content\/uploads\/2023\/12\/412717644_856303869527752_2958600339476356633_n.jpg\" data-dt-img-description=\"\" data-large_image_width=\"1170\" data-large_image_height=\"892\"><img loading=\"lazy\" decoding=\"async\" class=\"size-medium wp-image-366960 alignleft\" src=\"https:\/\/www.radiopiu.net\/wordpress\/wp-content\/uploads\/2023\/12\/412717644_856303869527752_2958600339476356633_n-300x229.jpg\" alt=\"\" width=\"300\" height=\"229\" srcset=\"https:\/\/www.radiopiu.net\/wordpress\/wp-content\/uploads\/2023\/12\/412717644_856303869527752_2958600339476356633_n-300x229.jpg 300w, https:\/\/www.radiopiu.net\/wordpress\/wp-content\/uploads\/2023\/12\/412717644_856303869527752_2958600339476356633_n-1024x781.jpg 1024w, https:\/\/www.radiopiu.net\/wordpress\/wp-content\/uploads\/2023\/12\/412717644_856303869527752_2958600339476356633_n-768x586.jpg 768w, https:\/\/www.radiopiu.net\/wordpress\/wp-content\/uploads\/2023\/12\/412717644_856303869527752_2958600339476356633_n.jpg 1170w\" sizes=\"auto, (max-width: 300px) 100vw, 300px\" \/><\/a>REDAZIONE<\/strong> In un periodo in cui la solidariet\u00e0 e la gentilezza sembrano <a class=\"dt-pswp-item\" href=\"https:\/\/www.radiopiu.net\/wordpress\/wp-content\/uploads\/2023\/12\/411056013_856303912861081_1453378161733027568_n.jpg\" data-dt-img-description=\"\" data-large_image_width=\"1200\" data-large_image_height=\"1600\"><img loading=\"lazy\" decoding=\"async\" class=\"size-medium wp-image-366961 alignright\" src=\"https:\/\/www.radiopiu.net\/wordpress\/wp-content\/uploads\/2023\/12\/411056013_856303912861081_1453378161733027568_n-225x300.jpg\" alt=\"\" width=\"225\" height=\"300\" srcset=\"https:\/\/www.radiopiu.net\/wordpress\/wp-content\/uploads\/2023\/12\/411056013_856303912861081_1453378161733027568_n-225x300.jpg 225w, https:\/\/www.radiopiu.net\/wordpress\/wp-content\/uploads\/2023\/12\/411056013_856303912861081_1453378161733027568_n-768x1024.jpg 768w, https:\/\/www.radiopiu.net\/wordpress\/wp-content\/uploads\/2023\/12\/411056013_856303912861081_1453378161733027568_n-1152x1536.jpg 1152w, https:\/\/www.radiopiu.net\/wordpress\/wp-content\/uploads\/2023\/12\/411056013_856303912861081_1453378161733027568_n.jpg 1200w\" sizes=\"auto, (max-width: 225px) 100vw, 225px\" \/><\/a>essere i veri protagonisti, diverse unit\u00e0 operative stanno vivendo contagiosi momenti di amore e attenzione reciproca. Tra le iniziative pi\u00f9 significative, spiccano due esperienze che hanno reso speciale l&#8217;atmosfera in due reparti pediatrici della provincia.<\/p>\n<p><strong>Pediatria Belluno: Harley Babbo Natale in Azione <\/strong>\u00a0un gruppo di appassionati amici delle Harley Davidson ha mantenuto viva la tradizione di portare sorrisi ai piccoli degenti. Vestiti da Babbo Natale e a bordo delle loro moto fiammanti, hanno distribuito doni personalizzati, regalando non solo oggetti materiali ma anche momenti di allegria che fanno dimenticare le difficolt\u00e0 legate al ricovero.<\/p>\n<p><strong>Pediatria Feltre: Biglietti d&#8217;Amore tra Generazioni <\/strong>\u00a0i bambini ricoverati hanno dimostrato, ancora una volta, il potere dell&#8217;arte e della condivisione. Guidati dalla loro maestra, hanno realizzato colorati biglietti augurali destinati ai nonni ricoverati nel reparto di Geriatria. Un gesto di commovente bellezza, che ha creato un ponte emozionale tra generazioni diverse, unite non solo dalla fragilit\u00e0 ma anche da un&#8217;umanit\u00e0 condivisa.<\/p>\n<div class=\"flex-1 overflow-hidden\">\n<div class=\"react-scroll-to-bottom--css-upmfd-79elbk h-full\">\n<div class=\"react-scroll-to-bottom--css-upmfd-1n7m0yu\">\n<div class=\"flex flex-col pb-9 text-sm\">\n<div class=\"w-full text-token-text-primary\" data-testid=\"conversation-turn-5\">\n<div class=\"px-4 py-2 justify-center text-base md:gap-6 m-auto\">\n<div class=\"flex flex-1 text-base mx-auto gap-3 md:px-5 lg:px-1 xl:px-5 md:max-w-3xl lg:max-w-[40rem] xl:max-w-[48rem] group final-completion\">\n<div class=\"relative flex w-full flex-col lg:w-[calc(100%-115px)] agent-turn\">\n<div class=\"flex-col gap-1 md:gap-3\">\n<div class=\"flex flex-grow flex-col max-w-full\">\n<div class=\"min-h-[20px] text-message flex flex-col items-start gap-3 whitespace-pre-wrap break-words [.text-message+&amp;]:mt-5 overflow-x-auto\" data-message-author-role=\"assistant\" data-message-id=\"f35c87e2-a94a-4d9a-8b22-91f72827bfeb\">\n<div class=\"markdown prose w-full break-words dark:prose-invert dark\">\n<blockquote><p><em>In questo scambio affettuoso, i nonni hanno voluto ringraziare i piccoli artisti con dolci gesti, dimostrando che il vero regalo \u00e8 spesso nell&#8217;atto di donare e condividere momenti di gioia. Queste iniziative, piccole ma cariche di significato, dimostrano che la gentilezza pu\u00f2 essere il vero contagio positivo, capace di illuminare anche i giorni pi\u00f9 difficili<\/em><\/p><\/blockquote>\n<\/div>\n<p>&nbsp;<\/p>\n<\/div>\n<\/div>\n<div class=\"mt-1 flex justify-start gap-3 empty:hidden\"><\/div>\n<\/div>\n<\/div>\n<\/div>\n<\/div>\n<\/div>\n<\/div>\n<\/div>\n<\/div>\n<\/div>\n<hr \/>\n<p>&nbsp;<\/p>\n<blockquote>\n<h2>IL VESCOVO RENATO AD AGORDO E IN CADORE CON IL COMMISSARIO ULSS1<\/h2>\n<\/blockquote>\n<p><strong>REDAZIONE<\/strong> <em>Un\u2019atmosfera di serenit\u00e0 e condivisione ha pervaso ieri mattina l&#8217;ospedale di Pieve nel cuore del Cadore, quando il Commissario Giuseppe Dal Ben e il Vescovo don Renato si sono uniti agli operatori per un toccante momento di preghiera e scambio di auguri. Accompagnati da Sorella Miriam della pastorale della salute, la cerimonia \u00e8 stata un segno tangibile di attenzione e gratitudine verso la comunit\u00e0 del Cadore e i suoi preziosi operatori. Il Vescovo don Renato ha voluto visitare alcune unit\u00e0 operative, la centrale Suem 118 e la base HEMS, arricchendo la sua esperienza con l&#8217;incontro con l&#8217;equipaggio di Falco, affiancato da IRA, il malinois da soccorso. La condivisione di esperienze e storie \u00e8 stata il punto focale di questo momento, dimostrando il valore dell&#8217;unione e della collaborazione. Nel prosieguo della giornata, Vescovo e Commissario hanno condiviso un pranzo fraterno con gli ospiti del Centro Diurno per persone con disabilit\u00e0, offrendo un momento di festa e gioia condivisa. Un gesto che ha sottolineato l&#8217;importanza di coltivare legami solidi e di supporto reciproco.<\/em><\/p>\n<p><em>Nel pomeriggio, il Vescovo ha presieduto una messa all&#8217;ospedale Papa Luciani di Agordo, assieme al cappellano e ai parroci dell&#8217;Agordino. Una preghiera speciale per le persone malate e per tutti gli operatori sanitari, unendo fede e speranza per affrontare le sfide quotidiane. <\/em><em>L&#8217;incontro tra il Commissario Dal Ben e il Vescovo Don Renato ha rappresentato un&#8217;occasione unica di condivisione, riflessione e preghiera, evidenziando l&#8217;importanza di unire le forze nella cura e nell&#8217;attenzione verso il prossimo.<br \/>\n<\/em><\/p>\n\n\t\t\t<style type='text\/css'>\n\t\t\t\t#gallery-4 {\n\t\t\t\t\tmargin: auto;\n\t\t\t\t}\n\t\t\t\t#gallery-4 .gallery-item {\n\t\t\t\t\tfloat: left;\n\t\t\t\t\tmargin-top: 10px;\n\t\t\t\t\ttext-align: center;\n\t\t\t\t\twidth: 33%;\n\t\t\t\t}\n\t\t\t\t#gallery-4 img {\n\t\t\t\t\tborder: 2px solid #cfcfcf;\n\t\t\t\t}\n\t\t\t\t#gallery-4 .gallery-caption {\n\t\t\t\t\tmargin-left: 0;\n\t\t\t\t}\n\t\t\t\t\/* see gallery_shortcode() in wp-includes\/media.php *\/\n\t\t\t<\/style>\n\t\t<div id='gallery-4' class='dt-gallery-container gallery galleryid-366883 gallery-columns-3 gallery-size-thumbnail'><dl class='gallery-item'>\n\t\t\t\t<dt class='gallery-icon landscape'>\n\t\t\t\t\t<a class=\"rollover rollover-zoom dt-pswp-item\" title=\"412872332_856298029528336_9209939451389803600_n\" data-dt-img-description=\"\" data-large_image_width=\"1080\" data-large_image_height=\"810\"href='https:\/\/www.radiopiu.net\/wordpress\/wp-content\/uploads\/2023\/12\/412872332_856298029528336_9209939451389803600_n.jpg'><img loading=\"lazy\" decoding=\"async\" width=\"150\" height=\"150\" src=\"https:\/\/www.radiopiu.net\/wordpress\/wp-content\/uploads\/2023\/12\/412872332_856298029528336_9209939451389803600_n-150x150.jpg\" class=\"attachment-thumbnail size-thumbnail\" alt=\"\" \/><\/a>\n\t\t\t\t<\/dt><\/dl><dl class='gallery-item'>\n\t\t\t\t<dt class='gallery-icon landscape'>\n\t\t\t\t\t<a class=\"rollover rollover-zoom dt-pswp-item\" title=\"410967719_855796436245162_1730796484406673113_n\" data-dt-img-description=\"\" data-large_image_width=\"2048\" data-large_image_height=\"1536\"href='https:\/\/www.radiopiu.net\/wordpress\/wp-content\/uploads\/2023\/12\/410967719_855796436245162_1730796484406673113_n.jpg'><img loading=\"lazy\" decoding=\"async\" width=\"150\" height=\"150\" src=\"https:\/\/www.radiopiu.net\/wordpress\/wp-content\/uploads\/2023\/12\/410967719_855796436245162_1730796484406673113_n-150x150.jpg\" class=\"attachment-thumbnail size-thumbnail\" alt=\"\" \/><\/a>\n\t\t\t\t<\/dt><\/dl><dl class='gallery-item'>\n\t\t\t\t<dt class='gallery-icon landscape'>\n\t\t\t\t\t<a class=\"rollover rollover-zoom dt-pswp-item\" title=\"411011224_855796229578516_6641758261499673683_n\" data-dt-img-description=\"\" data-large_image_width=\"2048\" data-large_image_height=\"1153\"href='https:\/\/www.radiopiu.net\/wordpress\/wp-content\/uploads\/2023\/12\/411011224_855796229578516_6641758261499673683_n.jpg'><img loading=\"lazy\" decoding=\"async\" width=\"150\" height=\"150\" src=\"https:\/\/www.radiopiu.net\/wordpress\/wp-content\/uploads\/2023\/12\/411011224_855796229578516_6641758261499673683_n-150x150.jpg\" class=\"attachment-thumbnail size-thumbnail\" alt=\"\" \/><\/a>\n\t\t\t\t<\/dt><\/dl><br style=\"clear: both\" \/>\n\t\t\t<\/div>\n\n<p>&nbsp;<\/p>\n<hr \/>\n<p>&nbsp;<\/p>\n<blockquote>\n<h3>INAIL E SCUOLA EDILE DI BELLUNO &#8211; COINVOLTI 6MILA LAVORATORI VENETI<\/h3>\n<\/blockquote>\n<div class=\"\"><strong>BELLUNO<\/strong> Le sette Scuole Edili del Veneto, con capofila Belluno, in partnership con Inail Veneto, danno vita a un nuovo progetto di sicurezza che coinvolger\u00e0 6mila lavoratori del settore costruzioni. Il progetto, che monitorer\u00e0 lo stress da lavoro correlato, partir\u00e0 a gennaio 2024 e servir\u00e0 per monitorare lo stress nei cantieri edili come fattore di rischio.<\/div>\n<p><a class=\"dt-pswp-item\" href=\"https:\/\/www.radiopiu.net\/wordpress\/wp-content\/uploads\/2023\/12\/Progetto-Scuole-Edili-del-Veneto.png\" data-dt-img-description=\"\" data-large_image_width=\"1223\" data-large_image_height=\"744\"><img loading=\"lazy\" decoding=\"async\" class=\"size-medium wp-image-366972 aligncenter\" src=\"https:\/\/www.radiopiu.net\/wordpress\/wp-content\/uploads\/2023\/12\/Progetto-Scuole-Edili-del-Veneto-300x183.png\" alt=\"\" width=\"300\" height=\"183\" srcset=\"https:\/\/www.radiopiu.net\/wordpress\/wp-content\/uploads\/2023\/12\/Progetto-Scuole-Edili-del-Veneto-300x183.png 300w, https:\/\/www.radiopiu.net\/wordpress\/wp-content\/uploads\/2023\/12\/Progetto-Scuole-Edili-del-Veneto-1024x623.png 1024w, https:\/\/www.radiopiu.net\/wordpress\/wp-content\/uploads\/2023\/12\/Progetto-Scuole-Edili-del-Veneto-768x467.png 768w, https:\/\/www.radiopiu.net\/wordpress\/wp-content\/uploads\/2023\/12\/Progetto-Scuole-Edili-del-Veneto.png 1223w\" sizes=\"auto, (max-width: 300px) 100vw, 300px\" \/>\u00a0<\/a><\/p>\n<p>&nbsp;<\/p>\n<hr \/>\n<p>&nbsp;<\/p>\n<h2><span style=\"color: #ff0000;\">I CONSIGLI COMUNALI IN AGORDINO<\/span><\/h2>\n<blockquote>\n<h3>OGGI A CANALE D&#8217;AGORDO E ROCCA PIETORE<\/h3>\n<\/blockquote>\n<p><strong>CANALE D&#8217;AGORDO\u00a0<\/strong> Il sindaco Massimo Murer ha convocato il consiglio per oggi alle 20. All&#8217;ordine del giorno le addizionali comunali sul reddito, Imu, aree fabbricabili, Dup, bilancio e convenzione con la fondazione Papa Luciani per la gestione del Museo.<\/p>\n<p><strong>ROCCA PIETORE<\/strong> Consiglio comunale convocato dal sindaco per oggi alle 18.30 All&#8217;ordine del giorno bilancio, incarichi di collaborazione autonoma e varianti al prg.<\/p>\n<p>&nbsp;<\/p>\n<blockquote>\n<h3>A LA VALLE\u00a0 CONSIGLIO COMUNALE PRIMA DI CAPODANNO<\/h3>\n<\/blockquote>\n<p><strong>LA VALLE<\/strong> Bilancio ma non solo in discussione nel consiglio comunale convocato dal sindaco Ezio Zuanel per il 29 dicembre alle 18. Saranno approvate infatti le aliquote Imu per il 2024, saranno approvati il piano delle alienazioni, il bilancio di previsione e il Dup e si esaminer\u00e0 la bozza di convenzione per la gestione della scuola dell&#8217;infanzia Gianelli. Sul tavolo anche l&#8217;accordo con l&#8217;Unione montana per la gestione associata dei cimiteri.<\/p>\n<p>&nbsp;<\/p>\n<p>&nbsp;<\/p>\n<hr \/>\n<p>&nbsp;<\/p>\n<blockquote>\n<h3>MERCOLEDI L&#8217;ASSEMBLEA GENERALE DEL CONSORZIO BIM PIAVE<\/h3>\n<\/blockquote>\n<p><strong>BELLUNO<\/strong> E&#8217; stata convocata per mercoled\u00ec alle 14:30 nella sala convegni ANA di Belluno. Sono sei i punti da discutere. Tra questi una variazione a bilancio, l&#8217;approvazione del bilancio 2024\/2026 e la revisione periodica delle societ\u00e0 partecipate.<\/p>\n<p>&nbsp;<\/p>\n<p>&nbsp;<\/p>\n<hr \/>\n<p>&nbsp;<\/p>\n<blockquote>\n<h2>VENERDI SARA&#8217; INAUGURATA L&#8217;OPERA DI DUNIO<\/h2>\n<\/blockquote>\n<p><strong>AGORDO<\/strong><\/p>\n<p>di Gianni Santomaso<\/p>\n<audio class=\"wp-audio-shortcode\" id=\"audio-366883-6\" preload=\"none\" style=\"width: 100%;\" controls=\"controls\"><source type=\"audio\/mpeg\" src=\"https:\/\/www.radiopiu.net\/wordpress\/wp-content\/uploads\/2023\/08\/GIANNI-DUNIO-PICCOLIN-ABBELISCE-LA-SEDE-DELLUNIONE-MONTANA-AGORDINA.mp3?_=6\" \/><a href=\"https:\/\/www.radiopiu.net\/wordpress\/wp-content\/uploads\/2023\/08\/GIANNI-DUNIO-PICCOLIN-ABBELISCE-LA-SEDE-DELLUNIONE-MONTANA-AGORDINA.mp3\">https:\/\/www.radiopiu.net\/wordpress\/wp-content\/uploads\/2023\/08\/GIANNI-DUNIO-PICCOLIN-ABBELISCE-LA-SEDE-DELLUNIONE-MONTANA-AGORDINA.mp3<\/a><\/audio>\n<p>&nbsp;<\/p>\n\n\t\t\t<style type='text\/css'>\n\t\t\t\t#gallery-5 {\n\t\t\t\t\tmargin: auto;\n\t\t\t\t}\n\t\t\t\t#gallery-5 .gallery-item {\n\t\t\t\t\tfloat: left;\n\t\t\t\t\tmargin-top: 10px;\n\t\t\t\t\ttext-align: center;\n\t\t\t\t\twidth: 33%;\n\t\t\t\t}\n\t\t\t\t#gallery-5 img {\n\t\t\t\t\tborder: 2px solid #cfcfcf;\n\t\t\t\t}\n\t\t\t\t#gallery-5 .gallery-caption {\n\t\t\t\t\tmargin-left: 0;\n\t\t\t\t}\n\t\t\t\t\/* see gallery_shortcode() in wp-includes\/media.php *\/\n\t\t\t<\/style>\n\t\t<div id='gallery-5' class='dt-gallery-container gallery galleryid-366883 gallery-columns-3 gallery-size-thumbnail'><dl class='gallery-item'>\n\t\t\t\t<dt class='gallery-icon landscape'>\n\t\t\t\t\t<a class=\"rollover rollover-zoom dt-pswp-item\" title=\"b12dec15-b567-4ea3-bef9-7929549af429\" data-dt-img-description=\"\" data-large_image_width=\"768\" data-large_image_height=\"696\"href='https:\/\/www.radiopiu.net\/wordpress\/wp-content\/uploads\/2023\/08\/b12dec15-b567-4ea3-bef9-7929549af429.jpg'><img loading=\"lazy\" decoding=\"async\" width=\"150\" height=\"150\" src=\"https:\/\/www.radiopiu.net\/wordpress\/wp-content\/uploads\/2023\/08\/b12dec15-b567-4ea3-bef9-7929549af429-150x150.jpg\" class=\"attachment-thumbnail size-thumbnail\" alt=\"\" \/><\/a>\n\t\t\t\t<\/dt><\/dl><dl class='gallery-item'>\n\t\t\t\t<dt class='gallery-icon landscape'>\n\t\t\t\t\t<a class=\"rollover rollover-zoom dt-pswp-item\" title=\"f8b9f238-9974-43eb-a90e-f7f9ea363481\" data-dt-img-description=\"\" data-large_image_width=\"1317\" data-large_image_height=\"711\"href='https:\/\/www.radiopiu.net\/wordpress\/wp-content\/uploads\/2023\/08\/f8b9f238-9974-43eb-a90e-f7f9ea363481.jpg'><img loading=\"lazy\" decoding=\"async\" width=\"150\" height=\"150\" src=\"https:\/\/www.radiopiu.net\/wordpress\/wp-content\/uploads\/2023\/08\/f8b9f238-9974-43eb-a90e-f7f9ea363481-150x150.jpg\" class=\"attachment-thumbnail size-thumbnail\" alt=\"\" \/><\/a>\n\t\t\t\t<\/dt><\/dl><dl class='gallery-item'>\n\t\t\t\t<dt class='gallery-icon portrait'>\n\t\t\t\t\t<a class=\"rollover rollover-zoom dt-pswp-item\" title=\"3a7dc0ab-b0d3-418e-9e61-0b0499a98f18\" data-dt-img-description=\"\" data-large_image_width=\"1536\" data-large_image_height=\"2048\"href='https:\/\/www.radiopiu.net\/wordpress\/wp-content\/uploads\/2023\/08\/3a7dc0ab-b0d3-418e-9e61-0b0499a98f18.jpg'><img loading=\"lazy\" decoding=\"async\" width=\"150\" height=\"150\" src=\"https:\/\/www.radiopiu.net\/wordpress\/wp-content\/uploads\/2023\/08\/3a7dc0ab-b0d3-418e-9e61-0b0499a98f18-150x150.jpg\" class=\"attachment-thumbnail size-thumbnail\" alt=\"\" \/><\/a>\n\t\t\t\t<\/dt><\/dl><br style=\"clear: both\" \/>\n\t\t\t<\/div>\n\n<p>&nbsp;<\/p>\n<p>&nbsp;<\/p>\n<hr \/>\n<p>&nbsp;<\/p>\n<h1><a class=\"dt-pswp-item\" href=\"https:\/\/www.radiopiu.net\/wordpress\/wp-content\/uploads\/2023\/12\/410268540_738760214951139_6396454230775078804_n.jpg\" data-dt-img-description=\"\" data-large_image_width=\"810\" data-large_image_height=\"540\"><img loading=\"lazy\" decoding=\"async\" class=\" wp-image-366985 alignleft\" src=\"https:\/\/www.radiopiu.net\/wordpress\/wp-content\/uploads\/2023\/12\/410268540_738760214951139_6396454230775078804_n-300x200.jpg\" alt=\"\" width=\"134\" height=\"89\" srcset=\"https:\/\/www.radiopiu.net\/wordpress\/wp-content\/uploads\/2023\/12\/410268540_738760214951139_6396454230775078804_n-300x200.jpg 300w, https:\/\/www.radiopiu.net\/wordpress\/wp-content\/uploads\/2023\/12\/410268540_738760214951139_6396454230775078804_n-768x512.jpg 768w, https:\/\/www.radiopiu.net\/wordpress\/wp-content\/uploads\/2023\/12\/410268540_738760214951139_6396454230775078804_n.jpg 810w\" sizes=\"auto, (max-width: 134px) 100vw, 134px\" \/><\/a>Conca ampezzana: pi\u00f9 neve dell\u2019anno scorso<\/h1>\n<p>Lo scarso innevamento osservato in questi giorni nella conca ampezzana \u00e8 dovuto alle\u00a0<b>forti precipitazioni sciroccali avvenute tra il 30 novembre e l\u20191 dicembre<\/b>, episodio che ha portato molta pioggia fino a quote insolite per il periodo: nella serata del 30 novembre ha piovuto abbondantemente fino a 2500-2600 metri. Ci\u00f2 ha determinato la fusione del manto alle quote pi\u00f9 basse. ARTICOLO COMPLETO:\u00a0 <span style=\"color: #0000ff;\"><strong><a style=\"color: #0000ff;\" href=\"https:\/\/www.arpa.veneto.it\/arpav\/comunicati-stampa\/archivio-comunicati\/comunicati-2023\/conca-ampezzana-piu-neve-dellanno-scorso?fbclid=IwAR2u4-_xF7_H0Uf3OtcBG6WFsaI7pzYN0qlCx7-dtqDUmDD0Ypl0tbcP5s0\">CLICCA QUI<\/a><\/strong><\/span><\/p>\n<p>&nbsp;<\/p>\n<p>&nbsp;<\/p>\n<hr \/>\n<blockquote>\n<h2><\/h2>\n<h2>Concluso il corso Abm \u201cEnglish for everybody<\/h2>\n<\/blockquote>\n<p><strong>BELLUNO<\/strong> Si \u00e8 concluso il corso di inglese &#8220;English for everybody&#8221; organizzato dall\u2019Associazione Bellunesi nel Mondo e la Biblioteca delle Migrazioni Dino Buzzati, con la docente Giulia Francescon. I dodici partecipanti si sono cimentati nella lingua inglese, tra canzoni, conversazione e\u00a0 lessico volti\u00a0 allo studio di situazioni reali della vita quotidiana. Il tutto con l\u2019aggiunta di test interattivi. Venti ore in dieci lezioni svolte presso la Biblioteca delle migrazioni \u201cDino Buzzati\u201d.\u00a0 <i>\u00a0<\/i><\/p>\n<p><a class=\"dt-pswp-item\" href=\"https:\/\/www.radiopiu.net\/wordpress\/wp-content\/uploads\/2023\/12\/corso_inglese_abm.jpg\" data-dt-img-description=\"\" data-large_image_width=\"1600\" data-large_image_height=\"1200\"><img loading=\"lazy\" decoding=\"async\" class=\"size-medium wp-image-366970 aligncenter\" src=\"https:\/\/www.radiopiu.net\/wordpress\/wp-content\/uploads\/2023\/12\/corso_inglese_abm-300x225.jpg\" alt=\"\" width=\"300\" height=\"225\" srcset=\"https:\/\/www.radiopiu.net\/wordpress\/wp-content\/uploads\/2023\/12\/corso_inglese_abm-300x225.jpg 300w, https:\/\/www.radiopiu.net\/wordpress\/wp-content\/uploads\/2023\/12\/corso_inglese_abm-1024x768.jpg 1024w, https:\/\/www.radiopiu.net\/wordpress\/wp-content\/uploads\/2023\/12\/corso_inglese_abm-768x576.jpg 768w, https:\/\/www.radiopiu.net\/wordpress\/wp-content\/uploads\/2023\/12\/corso_inglese_abm-1536x1152.jpg 1536w, https:\/\/www.radiopiu.net\/wordpress\/wp-content\/uploads\/2023\/12\/corso_inglese_abm.jpg 1600w\" sizes=\"auto, (max-width: 300px) 100vw, 300px\" \/><\/a><\/p>\n<p>&nbsp;<\/p>\n<p>&nbsp;<\/p>\n<hr \/>\n<p>&nbsp;<\/p>\n<h2><\/h2>\n<h2><span style=\"color: #008000;\">EP CENTER CON FRANCESCO ZILIO<\/span><\/h2>\n<p><strong>LE LUCI DI NATALE NON SONO GIOCHI PIROTENICI<\/strong> In studio Francesco Zillio di EPCENTER. &#8220;Avete acceso le luci di Natale&#8217; E siete davvero tranquilli&#8230;..&#8221;<\/p>\n<p><iframe loading=\"lazy\" title=\"LE LUCI DI NATALE NON SONO GIOCHI PIROTENICI\" width=\"1200\" height=\"675\" src=\"https:\/\/www.youtube.com\/embed\/KyZUvHCHmPg?feature=oembed\" frameborder=\"0\" allow=\"accelerometer; autoplay; clipboard-write; encrypted-media; gyroscope; picture-in-picture; web-share\" allowfullscreen><\/iframe><\/p>\n<p>&nbsp;<\/p>\n<p>&nbsp;<\/p>\n<p>&nbsp;<\/p>\n<p>&nbsp;<\/p>\n<hr \/>\n<p>&nbsp;<\/p>\n<h2><span style=\"color: #ff6600;\">IERI ALLA RADIO<\/span><\/h2>\n<h2><span style=\"color: #ff00ff;\">LETTURE E CULTURE<\/span><\/h2>\n<p><a class=\"dt-pswp-item\" href=\"https:\/\/www.radiopiu.net\/wordpress\/wp-content\/uploads\/2023\/12\/407369689_190036974180129_2995837797567562467_n.jpg\" data-dt-img-description=\"\" data-large_image_width=\"960\" data-large_image_height=\"950\"><img loading=\"lazy\" decoding=\"async\" class=\" wp-image-366503 alignleft\" src=\"https:\/\/www.radiopiu.net\/wordpress\/wp-content\/uploads\/2023\/12\/407369689_190036974180129_2995837797567562467_n-300x297.jpg\" alt=\"\" width=\"141\" height=\"140\" srcset=\"https:\/\/www.radiopiu.net\/wordpress\/wp-content\/uploads\/2023\/12\/407369689_190036974180129_2995837797567562467_n-300x297.jpg 300w, https:\/\/www.radiopiu.net\/wordpress\/wp-content\/uploads\/2023\/12\/407369689_190036974180129_2995837797567562467_n-150x150.jpg 150w, https:\/\/www.radiopiu.net\/wordpress\/wp-content\/uploads\/2023\/12\/407369689_190036974180129_2995837797567562467_n-768x760.jpg 768w, https:\/\/www.radiopiu.net\/wordpress\/wp-content\/uploads\/2023\/12\/407369689_190036974180129_2995837797567562467_n.jpg 960w\" sizes=\"auto, (max-width: 141px) 100vw, 141px\" \/><\/a>Nuovo appuntamento sulle frequenze di Radio Pi\u00f9. Per tutta la settimana Marina Don\u00e0 in collaborazione con il Borgo di Palue e il Libro Parlato di Feltre, Luisa Alchini e Eleonora Treve, presentano &#8220;LETTURE E CULTURE&#8221;<\/p>\n<p><strong>PUNTATA 03 &#8211; DEL 20 DICEMBRE 2023<\/strong><\/p>\n<audio class=\"wp-audio-shortcode\" id=\"audio-366883-7\" preload=\"none\" style=\"width: 100%;\" controls=\"controls\"><source type=\"audio\/mpeg\" src=\"https:\/\/www.radiopiu.net\/wordpress\/wp-content\/uploads\/2023\/12\/3-PUNTATA-LETTURE-E-CULTURE-1.mp3?_=7\" \/><a href=\"https:\/\/www.radiopiu.net\/wordpress\/wp-content\/uploads\/2023\/12\/3-PUNTATA-LETTURE-E-CULTURE-1.mp3\">https:\/\/www.radiopiu.net\/wordpress\/wp-content\/uploads\/2023\/12\/3-PUNTATA-LETTURE-E-CULTURE-1.mp3<\/a><\/audio>\n<p>&nbsp;<\/p>\n<h2><span style=\"color: #ff0000;\"><a class=\"dt-pswp-item\" href=\"https:\/\/www.radiopiu.net\/wordpress\/wp-content\/uploads\/2022\/11\/scuola-zaino.jpeg\" data-dt-img-description=\"\" data-large_image_width=\"626\" data-large_image_height=\"417\"><img loading=\"lazy\" decoding=\"async\" class=\" wp-image-306830 alignleft\" src=\"https:\/\/www.radiopiu.net\/wordpress\/wp-content\/uploads\/2022\/11\/scuola-zaino-300x200.jpeg\" alt=\"\" width=\"149\" height=\"99\" srcset=\"https:\/\/www.radiopiu.net\/wordpress\/wp-content\/uploads\/2022\/11\/scuola-zaino-300x200.jpeg 300w, https:\/\/www.radiopiu.net\/wordpress\/wp-content\/uploads\/2022\/11\/scuola-zaino.jpeg 626w\" sizes=\"auto, (max-width: 149px) 100vw, 149px\" \/><\/a>SE NON LA SMETTI TI MANDO DAL PRESIDE<\/span><\/h2>\n<p><strong>DI MIRKO MEZZACASA<\/strong><\/p>\n<p>CON MARIA ROSA SALMAZO<\/p>\n<audio class=\"wp-audio-shortcode\" id=\"audio-366883-8\" preload=\"none\" style=\"width: 100%;\" controls=\"controls\"><source type=\"audio\/mpeg\" src=\"https:\/\/www.radiopiu.net\/wordpress\/wp-content\/uploads\/2023\/12\/PRESIDE-1.mp3?_=8\" \/><a href=\"https:\/\/www.radiopiu.net\/wordpress\/wp-content\/uploads\/2023\/12\/PRESIDE-1.mp3\">https:\/\/www.radiopiu.net\/wordpress\/wp-content\/uploads\/2023\/12\/PRESIDE-1.mp3<\/a><\/audio>\n<p>&nbsp;<\/p>\n<h2><span style=\"color: #008000;\">CISL E FEMCA CISL LA VOCE PER I LAVORATORI<\/span><\/h2>\n<p><a class=\"dt-pswp-item\" href=\"https:\/\/www.radiopiu.net\/wordpress\/wp-content\/uploads\/2020\/04\/FEMCA-CISL.png\" data-dt-img-description=\"\" data-large_image_width=\"225\" data-large_image_height=\"225\"><img loading=\"lazy\" decoding=\"async\" class=\" wp-image-127312 alignleft\" src=\"https:\/\/www.radiopiu.net\/wordpress\/wp-content\/uploads\/2020\/04\/FEMCA-CISL.png\" alt=\"\" width=\"112\" height=\"112\" srcset=\"https:\/\/www.radiopiu.net\/wordpress\/wp-content\/uploads\/2020\/04\/FEMCA-CISL.png 225w, https:\/\/www.radiopiu.net\/wordpress\/wp-content\/uploads\/2020\/04\/FEMCA-CISL-150x150.png 150w\" sizes=\"auto, (max-width: 112px) 100vw, 112px\" \/><\/a>20 DICEMBRE<\/p>\n<h3>PUNTATA 54, ALESSIO PICCOLI<\/h3>\n<audio class=\"wp-audio-shortcode\" id=\"audio-366883-9\" preload=\"none\" style=\"width: 100%;\" controls=\"controls\"><source type=\"audio\/mpeg\" src=\"https:\/\/www.radiopiu.net\/wordpress\/wp-content\/uploads\/2023\/12\/FEMCA-CISL-2.mp3?_=9\" \/><a href=\"https:\/\/www.radiopiu.net\/wordpress\/wp-content\/uploads\/2023\/12\/FEMCA-CISL-2.mp3\">https:\/\/www.radiopiu.net\/wordpress\/wp-content\/uploads\/2023\/12\/FEMCA-CISL-2.mp3<\/a><\/audio>\n<p>&nbsp;<\/p>\n<p><strong>LA RACCOLTA COMPLETA <a href=\"https:\/\/www.radiopiu.net\/wordpress\/cisl-e-femca-cisl-la-vocef\/\">CLICCA QUI<\/a><\/strong><\/p>\n<p>&nbsp;<\/p>\n<h2><span style=\"color: #33cccc;\">LIBER, IL NUOVO PROGRAMMA DI LIANA CAVALLET<\/span><\/h2>\n<p><strong>PUNTATA 14 20 DICEMBRE VIOLA ARDONE &#8220;GRANDE MERAVIGLIA&#8221;<\/strong><\/p>\n<p><a class=\"dt-pswp-item\" href=\"https:\/\/www.radiopiu.net\/wordpress\/wp-content\/uploads\/2023\/12\/290767e5-71dc-4be8-8761-ace49e6386b6.jpg\" data-dt-img-description=\"\" data-large_image_width=\"370\" data-large_image_height=\"566\"><img loading=\"lazy\" decoding=\"async\" class=\"size-medium wp-image-366903 aligncenter\" src=\"https:\/\/www.radiopiu.net\/wordpress\/wp-content\/uploads\/2023\/12\/290767e5-71dc-4be8-8761-ace49e6386b6-196x300.jpg\" alt=\"\" width=\"196\" height=\"300\" srcset=\"https:\/\/www.radiopiu.net\/wordpress\/wp-content\/uploads\/2023\/12\/290767e5-71dc-4be8-8761-ace49e6386b6-196x300.jpg 196w, https:\/\/www.radiopiu.net\/wordpress\/wp-content\/uploads\/2023\/12\/290767e5-71dc-4be8-8761-ace49e6386b6.jpg 370w\" sizes=\"auto, (max-width: 196px) 100vw, 196px\" \/><\/a><\/p>\n<audio class=\"wp-audio-shortcode\" id=\"audio-366883-10\" preload=\"none\" style=\"width: 100%;\" controls=\"controls\"><source type=\"audio\/mpeg\" src=\"https:\/\/www.radiopiu.net\/wordpress\/wp-content\/uploads\/2023\/12\/LIANA-4.mp3?_=10\" \/><a href=\"https:\/\/www.radiopiu.net\/wordpress\/wp-content\/uploads\/2023\/12\/LIANA-4.mp3\">https:\/\/www.radiopiu.net\/wordpress\/wp-content\/uploads\/2023\/12\/LIANA-4.mp3<\/a><\/audio>\n<p>&nbsp;<\/p>\n<p><strong>LA RACCOLTA COMPLETA <a href=\"https:\/\/www.radiopiu.net\/wordpress\/liber-il-nuovo-programma-di-liana-cavalet-la-raccolta-2\/\">CLICCA QUI<\/a><\/strong><\/p>\n<p>&nbsp;<\/p>\n<h2><span style=\"color: #800080;\">ANIMALI, IL NUOVO SINGOLO DI JOHN WISE<\/span><\/h2>\n<p><strong><a class=\"dt-pswp-item\" href=\"https:\/\/www.radiopiu.net\/wordpress\/wp-content\/uploads\/2023\/12\/da8e5740-1dd8-48ad-9304-4e5db939e11d.jpg\" data-dt-img-description=\"\" data-large_image_width=\"515\" data-large_image_height=\"515\"><img loading=\"lazy\" decoding=\"async\" class=\" wp-image-366891 alignleft\" src=\"https:\/\/www.radiopiu.net\/wordpress\/wp-content\/uploads\/2023\/12\/da8e5740-1dd8-48ad-9304-4e5db939e11d-300x300.jpg\" alt=\"\" width=\"179\" height=\"179\" srcset=\"https:\/\/www.radiopiu.net\/wordpress\/wp-content\/uploads\/2023\/12\/da8e5740-1dd8-48ad-9304-4e5db939e11d-300x300.jpg 300w, https:\/\/www.radiopiu.net\/wordpress\/wp-content\/uploads\/2023\/12\/da8e5740-1dd8-48ad-9304-4e5db939e11d-150x150.jpg 150w, https:\/\/www.radiopiu.net\/wordpress\/wp-content\/uploads\/2023\/12\/da8e5740-1dd8-48ad-9304-4e5db939e11d.jpg 515w\" sizes=\"auto, (max-width: 179px) 100vw, 179px\" \/><\/a>REDAZIONE<\/strong> Esce oggi il nuovo singolo di John Wise (Nicol\u00f2 Savio). Il primo di quattro brani che usciranno prossimamente. Un sound diverso per John Wise che ha voluto provare nuove esperienze musicali.<\/p>\n<p>Musica: John Wise<br \/>\nVoce: John Wise<br \/>\nArrangiamento: Davide Tagliapietra, Federico Sappia<br \/>\nMix e master: Davide Tagliapietra<br \/>\nSupervisione: Antonio Fiabane<br \/>\nCopertina: Stefano Campedel<br \/>\nRegistrato nello studio RIGHTSOUND di Milano<\/p>\n<p><strong>LA PRESENTAZIONE DEL SINGOLO ALLA RADIO<\/strong><\/p>\n<audio class=\"wp-audio-shortcode\" id=\"audio-366883-11\" preload=\"none\" style=\"width: 100%;\" controls=\"controls\"><source type=\"audio\/mpeg\" src=\"https:\/\/www.radiopiu.net\/wordpress\/wp-content\/uploads\/2023\/12\/JOHN-WISE-NICOLO-SAVIO-NUOVO-SINGOLO-DA-TRASMETTERE-MERCOLEDI.mp3?_=11\" \/><a href=\"https:\/\/www.radiopiu.net\/wordpress\/wp-content\/uploads\/2023\/12\/JOHN-WISE-NICOLO-SAVIO-NUOVO-SINGOLO-DA-TRASMETTERE-MERCOLEDI.mp3\">https:\/\/www.radiopiu.net\/wordpress\/wp-content\/uploads\/2023\/12\/JOHN-WISE-NICOLO-SAVIO-NUOVO-SINGOLO-DA-TRASMETTERE-MERCOLEDI.mp3<\/a><\/audio>\n<p>&nbsp;<\/p>\n<hr \/>\n<p>&nbsp;<\/p>\n<p><a class=\"dt-pswp-item\" href=\"https:\/\/www.radiopiu.net\/wordpress\/wp-content\/uploads\/2023\/12\/0e15c5be-286d-479c-981d-5f006c632f98.jpg\" data-dt-img-description=\"\" data-large_image_width=\"899\" data-large_image_height=\"1599\"><img loading=\"lazy\" decoding=\"async\" class=\"size-medium wp-image-366954 aligncenter\" src=\"https:\/\/www.radiopiu.net\/wordpress\/wp-content\/uploads\/2023\/12\/0e15c5be-286d-479c-981d-5f006c632f98-169x300.jpg\" alt=\"\" width=\"169\" height=\"300\" srcset=\"https:\/\/www.radiopiu.net\/wordpress\/wp-content\/uploads\/2023\/12\/0e15c5be-286d-479c-981d-5f006c632f98-169x300.jpg 169w, https:\/\/www.radiopiu.net\/wordpress\/wp-content\/uploads\/2023\/12\/0e15c5be-286d-479c-981d-5f006c632f98-576x1024.jpg 576w, https:\/\/www.radiopiu.net\/wordpress\/wp-content\/uploads\/2023\/12\/0e15c5be-286d-479c-981d-5f006c632f98-768x1366.jpg 768w, https:\/\/www.radiopiu.net\/wordpress\/wp-content\/uploads\/2023\/12\/0e15c5be-286d-479c-981d-5f006c632f98-864x1536.jpg 864w, https:\/\/www.radiopiu.net\/wordpress\/wp-content\/uploads\/2023\/12\/0e15c5be-286d-479c-981d-5f006c632f98.jpg 899w\" sizes=\"auto, (max-width: 169px) 100vw, 169px\" \/><\/a><\/p>\n<hr \/>\n<p>&nbsp;<\/p>\n<h2><span style=\"color: #ff0000;\">GLI APPUNTAMENTI DELLA SETTIMANA\u00a0<\/span><\/h2>\n<p>&nbsp;<\/p>\n<h1>T O M B\u00a0 O L A\u00a0 ad Agordo<\/h1>\n<h1>DI GIANNI SANTOMASO<\/h1>\n<audio class=\"wp-audio-shortcode\" id=\"audio-366883-12\" preload=\"none\" style=\"width: 100%;\" controls=\"controls\"><source type=\"audio\/mpeg\" src=\"https:\/\/www.radiopiu.net\/wordpress\/wp-content\/uploads\/2023\/12\/la-tombola-in-sala-don-tamis-gianni-santomaso.mp3?_=12\" \/><a href=\"https:\/\/www.radiopiu.net\/wordpress\/wp-content\/uploads\/2023\/12\/la-tombola-in-sala-don-tamis-gianni-santomaso.mp3\">https:\/\/www.radiopiu.net\/wordpress\/wp-content\/uploads\/2023\/12\/la-tombola-in-sala-don-tamis-gianni-santomaso.mp3<\/a><\/audio>\n<p>&nbsp;<\/p>\n<p>&nbsp;<\/p>\n<p class=\"articlePlainText\"><strong class=\"photoswipe-wrapper\"><a class=\"dt-pswp-item pspw-wrap-ready\" href=\"https:\/\/www.radiopiu.net\/wordpress\/wp-content\/uploads\/2023\/11\/1f9b39ac-7445-4292-9e66-746ed8bde8d9.jpg\" data-dt-img-description=\"\" data-large_image_width=\"800\" data-large_image_height=\"1067\"><img loading=\"lazy\" decoding=\"async\" class=\" wp-image-360368 alignleft\" src=\"https:\/\/www.radiopiu.net\/wordpress\/wp-content\/uploads\/2023\/11\/1f9b39ac-7445-4292-9e66-746ed8bde8d9-225x300.jpg\" sizes=\"auto, (max-width: 182px) 100vw, 182px\" srcset=\"https:\/\/www.radiopiu.net\/wordpress\/wp-content\/uploads\/2023\/11\/1f9b39ac-7445-4292-9e66-746ed8bde8d9-225x300.jpg 225w, https:\/\/www.radiopiu.net\/wordpress\/wp-content\/uploads\/2023\/11\/1f9b39ac-7445-4292-9e66-746ed8bde8d9-768x1024.jpg 768w, https:\/\/www.radiopiu.net\/wordpress\/wp-content\/uploads\/2023\/11\/1f9b39ac-7445-4292-9e66-746ed8bde8d9.jpg 800w\" alt=\"\" width=\"105\" height=\"140\" \/><\/a>FELTRE<\/strong> Gli eventi in programma per celebrare i 40 anni del Libro Parlato di Feltre \u201cA. Sernagiotto\u201d.<\/p>\n<p><strong>VENERDI 22 DICEMBRE\u00a0<\/strong>alle 18 in Sala Ocri Presentazione del libro \u201cIl saldatore del Vajont\u201d con l\u2019autore Antonio G. Bortoluzzi \u2013 presenta Nicola Maccagnan<\/p>\n<p>&nbsp;<\/p>\n<p>&nbsp;<\/p>\n<p>&nbsp;<\/p>\n<blockquote>\n<h3>NADAL A SAN TOMAS<\/h3>\n<\/blockquote>\n<p><strong>SAN TOMASO <\/strong>Sono visitabili i presepi nelle frazioni di San Tomaso. Questi gli appuntamenti con le serate dedicate al Natale.<\/p>\n<p><strong>22 DICEMBRE<\/strong> &#8220;Lettura Animata&#8221; le magiche storie di Natale. Sala della biblioteca alle 17:30<\/p>\n<p><strong>28 DICEMBRE<\/strong> &#8220;Racconti di Natale&#8221;, uno spettacolo di marionette per i pi\u00f9 piccoli. Sala parrocchiale alle 17<\/p>\n<p><strong>29 DICEMBRE<\/strong> &#8220;In viaggio con A. Edwards&#8221;, serata con Eleonora Pescosta che racconta la storia dell&#8217;escursionista inglese salita sul Sasso Bianco. Celat alle 20:30<\/p>\n<p><strong>04 GENNAIO<\/strong> &#8220;I Kropya&#8221; Concerto natalizio dell&#8217;ensamble vocale dei giovani di Livinallongo. Chiesa Parocchiale alle 20:30<\/p>\n<p>&nbsp;<\/p>\n<blockquote>\n<h3>SABATO A TEATRO A BELLUNO<\/h3>\n<\/blockquote>\n<p><strong>BELLUNO<\/strong> Sabato alle 21 al teatro Dino Buzzati di Belluno andr\u00e0 in scena Sing Sing Swing, un salto in dietro nella storia con la musica anni &#8217;30 e &#8217;40. Biglietti in vendita al botteghino del tatro a partire dalle 18.<\/p>\n<p>&nbsp;<\/p>\n<blockquote>\n<h3>AL CINEMA DI FALCADE NAPOLEON<\/h3>\n<\/blockquote>\n<p><strong>FALCADE <\/strong>Natale al cinema a Falcade. Sabato, domenica e luned\u00ec verr\u00e0 proiettato il nuovo film di Ridley Scott &#8220;Napoleon&#8221;. Orari degli spettacoli alle 15:30 e alle 21. Sabato solo alle 21<\/p>\n<p>&nbsp;<\/p>\n<p><a class=\"dt-pswp-item\" href=\"https:\/\/www.radiopiu.net\/wordpress\/wp-content\/uploads\/2023\/12\/dff88b36-781a-43bb-9b78-9fae0e07edc6.jpg\" data-dt-img-description=\"\" data-large_image_width=\"832\" data-large_image_height=\"1024\"><img loading=\"lazy\" decoding=\"async\" class=\"size-medium wp-image-366117 aligncenter\" src=\"https:\/\/www.radiopiu.net\/wordpress\/wp-content\/uploads\/2023\/12\/dff88b36-781a-43bb-9b78-9fae0e07edc6-244x300.jpg\" alt=\"\" width=\"244\" height=\"300\" srcset=\"https:\/\/www.radiopiu.net\/wordpress\/wp-content\/uploads\/2023\/12\/dff88b36-781a-43bb-9b78-9fae0e07edc6-244x300.jpg 244w, https:\/\/www.radiopiu.net\/wordpress\/wp-content\/uploads\/2023\/12\/dff88b36-781a-43bb-9b78-9fae0e07edc6-768x945.jpg 768w, https:\/\/www.radiopiu.net\/wordpress\/wp-content\/uploads\/2023\/12\/dff88b36-781a-43bb-9b78-9fae0e07edc6.jpg 832w\" sizes=\"auto, (max-width: 244px) 100vw, 244px\" \/><\/a><\/p>\n<p>&nbsp;<\/p>\n<p>&nbsp;<\/p>\n<p>&nbsp;<\/p>\n<h2><span style=\"color: #ff0000;\">PROSSIMAMENTE&#8230;..<\/span><\/h2>\n<blockquote>\n<h3><a class=\"dt-pswp-item\" href=\"https:\/\/www.radiopiu.net\/wordpress\/wp-content\/uploads\/2023\/12\/d75f9049-c143-412d-a761-164a9701a43a.jpg\" data-dt-img-description=\"\" data-large_image_width=\"1080\" data-large_image_height=\"1080\"><img loading=\"lazy\" decoding=\"async\" class=\"wp-image-366318 alignleft\" src=\"https:\/\/www.radiopiu.net\/wordpress\/wp-content\/uploads\/2023\/12\/d75f9049-c143-412d-a761-164a9701a43a-300x300.jpg\" alt=\"\" width=\"256\" height=\"256\" srcset=\"https:\/\/www.radiopiu.net\/wordpress\/wp-content\/uploads\/2023\/12\/d75f9049-c143-412d-a761-164a9701a43a-300x300.jpg 300w, https:\/\/www.radiopiu.net\/wordpress\/wp-content\/uploads\/2023\/12\/d75f9049-c143-412d-a761-164a9701a43a-1024x1024.jpg 1024w, https:\/\/www.radiopiu.net\/wordpress\/wp-content\/uploads\/2023\/12\/d75f9049-c143-412d-a761-164a9701a43a-150x150.jpg 150w, https:\/\/www.radiopiu.net\/wordpress\/wp-content\/uploads\/2023\/12\/d75f9049-c143-412d-a761-164a9701a43a-768x768.jpg 768w, https:\/\/www.radiopiu.net\/wordpress\/wp-content\/uploads\/2023\/12\/d75f9049-c143-412d-a761-164a9701a43a.jpg 1080w\" sizes=\"auto, (max-width: 256px) 100vw, 256px\" \/><\/a>SERATA FILM CON LA CHIESA EVANGELICA DI AGORDO<\/h3>\n<\/blockquote>\n<p><strong>L&#8217;INVITO DI GIOVANNI VARIALE<\/strong><\/p>\n<audio class=\"wp-audio-shortcode\" id=\"audio-366883-13\" preload=\"none\" style=\"width: 100%;\" controls=\"controls\"><source type=\"audio\/mpeg\" src=\"https:\/\/www.radiopiu.net\/wordpress\/wp-content\/uploads\/2023\/12\/GIOVANNI-VARIALE-CHIESA-EVANGELICA.mp3?_=13\" \/><a href=\"https:\/\/www.radiopiu.net\/wordpress\/wp-content\/uploads\/2023\/12\/GIOVANNI-VARIALE-CHIESA-EVANGELICA.mp3\">https:\/\/www.radiopiu.net\/wordpress\/wp-content\/uploads\/2023\/12\/GIOVANNI-VARIALE-CHIESA-EVANGELICA.mp3<\/a><\/audio>\n<p>&nbsp;<\/p>\n<hr \/>\n<p>&nbsp;<\/p>\n<p><a class=\"dt-pswp-item\" href=\"https:\/\/www.radiopiu.net\/wordpress\/wp-content\/uploads\/2018\/09\/viabilita.jpeg\" data-dt-img-description=\"\" data-large_image_width=\"800\" data-large_image_height=\"100\"><img loading=\"lazy\" decoding=\"async\" class=\"aligncenter wp-image-61954 size-full\" src=\"https:\/\/www.radiopiu.net\/wordpress\/wp-content\/uploads\/2018\/09\/viabilita.jpeg\" alt=\"\" width=\"800\" height=\"100\" srcset=\"https:\/\/www.radiopiu.net\/wordpress\/wp-content\/uploads\/2018\/09\/viabilita.jpeg 800w, https:\/\/www.radiopiu.net\/wordpress\/wp-content\/uploads\/2018\/09\/viabilita-300x38.jpeg 300w, https:\/\/www.radiopiu.net\/wordpress\/wp-content\/uploads\/2018\/09\/viabilita-768x96.jpeg 768w\" sizes=\"auto, (max-width: 800px) 100vw, 800px\" \/><\/a><\/p>\n<p>&nbsp;<\/p>\n<blockquote class=\"wp-embedded-content\" data-secret=\"YDyp2P3hVk\"><p><a href=\"https:\/\/www.radiopiu.net\/wordpress\/viabilita\/\">viabilita<\/a><\/p><\/blockquote>\n<p><iframe loading=\"lazy\" class=\"wp-embedded-content\" sandbox=\"allow-scripts\" security=\"restricted\" style=\"position: absolute; clip: rect(1px, 1px, 1px, 1px);\" title=\"&#8220;viabilita&#8221; &#8212; Radio Pi\u00f9\" src=\"https:\/\/www.radiopiu.net\/wordpress\/viabilita\/embed\/#?secret=hPq9z600pZ#?secret=YDyp2P3hVk\" data-secret=\"YDyp2P3hVk\" width=\"600\" height=\"338\" frameborder=\"0\" marginwidth=\"0\" marginheight=\"0\" scrolling=\"no\"><\/iframe><\/p>\n<p>&nbsp;<\/p>\n<hr \/>\n<p>&nbsp;<\/p>\n<p><a class=\"dt-pswp-item\" href=\"https:\/\/www.radiopiu.net\/wordpress\/wp-content\/uploads\/2018\/09\/WhatsApp-Image-2018-09-20-at-16.04.06.jpeg\" data-dt-img-description=\"\" data-large_image_width=\"800\" data-large_image_height=\"100\"><img loading=\"lazy\" decoding=\"async\" class=\"wp-image-61378 size-full aligncenter\" src=\"https:\/\/www.radiopiu.net\/wordpress\/wp-content\/uploads\/2018\/09\/WhatsApp-Image-2018-09-20-at-16.04.06.jpeg\" alt=\"\" width=\"800\" height=\"100\" srcset=\"https:\/\/www.radiopiu.net\/wordpress\/wp-content\/uploads\/2018\/09\/WhatsApp-Image-2018-09-20-at-16.04.06.jpeg 800w, https:\/\/www.radiopiu.net\/wordpress\/wp-content\/uploads\/2018\/09\/WhatsApp-Image-2018-09-20-at-16.04.06-300x38.jpeg 300w, https:\/\/www.radiopiu.net\/wordpress\/wp-content\/uploads\/2018\/09\/WhatsApp-Image-2018-09-20-at-16.04.06-768x96.jpeg 768w\" sizes=\"auto, (max-width: 800px) 100vw, 800px\" \/><\/a><\/p>\n<p><center><\/center><b>\u00a0 \u00a0<\/b><\/p>\n<p>&nbsp;<\/p>\n<p><center><b>OGGI<\/b><\/center>Al mattino cielo sereno o poco nuvoloso per temporanee velature, anche per qualche cumulo sulle Dolomiti settentrionali. Dalle ore centrali maggiore temporanea ed estesa nuvolosit\u00e0, prima di ampi rasserenamenti nel tardo pomeriggio. In tarda serata il cielo torna a coprirsi a partire da nord, in estensione alle Prealpi nella notte.<br \/>\n<b>Precipitazioni: <\/b>Assenti (0%), eccetto un po&#8217; di neve burrascosa sulle Dolomiti settentrionali in tarda serata (20-30%), oltre i 1500-1600 m.<br \/>\n<b>Temperature: <\/b>In generale lieve diminuzione sui monti veneti, eccetto stazionariet\u00e0 delle minime in alcuni fondovalle prealpini.<\/p>\n<hr \/>\n<p><center><b>DOMANI<\/b><\/center><b>Tempo atteso: <\/b>Estesa nuvolosit\u00e0 notturna, la quale lascer\u00e0 spazio ad rasserenamenti via via pi\u00f9 ampi sulle Prealpi occidentali, mentre la copertura rimarr\u00e0 ben presente e spesso intensa sul Bellunese, specie sulle Dolomiti, dove la probabilit\u00e0 di nevicate sar\u00e0 alta.<br \/>\n<b>Precipitazioni: <\/b>Alta probabilit\u00e0 di precipitazioni sulle Dolomiti centro-settentrionali (80-90%), con neve burrascosa sopra i 1200-1400 m, pi\u00f9 si salir\u00e0 in quota e pi\u00f9 gli apporti saranno consistenti.Sulle Prealpi sembra che il rischio precipitazioni rimanga basso, salvo qualche burrasca di neve sul cime pi\u00f9 alte del settore bellunese (40-50%), ma con apporti irrisori.<br \/>\n<b>Temperature: <\/b>In generale aumento a tutte le quote sulle Prealpi; mentre la situazione termica sar\u00e0 pi\u00f9 articolata sulle Dolomiti con generale calo sopra i 1800-2000 m ed aumento nelle valli, anche per favonio dal pomeriggio in poi.<\/p>\n<hr \/>\n<p><center><b>SABATO<\/b><\/center>Sulle Dolomiti persistenza degli addensamenti associati a residue nevicate in quota, prima che il tempo inizi a migliorare dal pomeriggio in poi. Sulla Prealpi tempo ben soleggiato salvo qualche annuvolamento di sottovento. Temperature in generale aumento, pi\u00f9 netto nella valli per maggiore favonio.<\/p>\n<hr \/>\n<p><center><b>DOMENICA<\/b><\/center>Tempo stabile e in prevalenza soleggiato, nonostante qualche velatura del cielo al primo mattino, ma in rapido allontanamento verso sud-est, in modo che il cielo torni ad essere sereno. Temperature minime in generale calo; massime in netta ripresa in quota, meno nei fondovalle per relativo ristagno dell&#8217;aria fredda.<\/p>\n<div id=\"dolomitimeteo_div_testi\">\n<p>&nbsp;<\/p>\n<\/div>\n<p>&nbsp;<\/p>\n<hr \/>\n<p>&nbsp;<\/p>\n<p><img loading=\"lazy\" decoding=\"async\" class=\"wp-image-60761 size-full aligncenter\" src=\"https:\/\/www.radiopiu.net\/wordpress\/wp-content\/uploads\/2018\/09\/sport.jpg\" alt=\"\" width=\"800\" height=\"100\" srcset=\"https:\/\/www.radiopiu.net\/wordpress\/wp-content\/uploads\/2018\/09\/sport.jpg 800w, https:\/\/www.radiopiu.net\/wordpress\/wp-content\/uploads\/2018\/09\/sport-300x38.jpg 300w, https:\/\/www.radiopiu.net\/wordpress\/wp-content\/uploads\/2018\/09\/sport-768x96.jpg 768w\" sizes=\"auto, (max-width: 800px) 100vw, 800px\" \/><\/p>\n<p>&nbsp;<\/p>\n<p><span style=\"color: #0000ff;\"><strong>HOCKEY SU GHIACCIO<\/strong><\/span><\/p>\n<blockquote>\n<h3>CIVETTE A BRESSANONE IN CERCA DI RISCATTO<\/h3>\n<\/blockquote>\n<p><strong><a class=\"dt-pswp-item\" href=\"https:\/\/www.radiopiu.net\/wordpress\/wp-content\/uploads\/2023\/12\/a4d7956d-8477-4ba7-88c8-49e37e016551.jpg\" data-dt-img-description=\"\" data-large_image_width=\"1024\" data-large_image_height=\"724\"><img loading=\"lazy\" decoding=\"async\" class=\" wp-image-366886 alignleft\" src=\"https:\/\/www.radiopiu.net\/wordpress\/wp-content\/uploads\/2023\/12\/a4d7956d-8477-4ba7-88c8-49e37e016551-300x212.jpg\" alt=\"\" width=\"177\" height=\"125\" srcset=\"https:\/\/www.radiopiu.net\/wordpress\/wp-content\/uploads\/2023\/12\/a4d7956d-8477-4ba7-88c8-49e37e016551-300x212.jpg 300w, https:\/\/www.radiopiu.net\/wordpress\/wp-content\/uploads\/2023\/12\/a4d7956d-8477-4ba7-88c8-49e37e016551-768x543.jpg 768w, https:\/\/www.radiopiu.net\/wordpress\/wp-content\/uploads\/2023\/12\/a4d7956d-8477-4ba7-88c8-49e37e016551.jpg 1024w\" sizes=\"auto, (max-width: 177px) 100vw, 177px\" \/><\/a>DI ROBERTO MIANA, PORTAVOCE DELL&#8217;ALLEGHE HOCKEY<\/strong><\/p>\n<p>Ventunesima giornata (penultima di Regular Season) del campionato IHL di hockey su ghiaccio. Gioved\u00ec 21 dicembre alle 20:00 l\u2019Alleghe gioca in trasferta contro il Bressanone. Ultima gara amara per l\u2019Alleghe nella lunga trasferta contro il Valpellice, dove si materializza una pesante e inaspettata sconfitta 1-6. Brutta partita nella quale le Civette non hanno quasi mai dato l\u2019impressione di poter cambiare l\u2019inerzia dell\u2019incontro. L\u2019Alleghe, dopo 18 partite giocate, \u00e8 sesto in classifica con 30 punti, ad un solo punto dal quinto posto, ultimo utile per l\u2019accesso diretto ai playoff e occupato dal Feltreghiaccio. Nikolai Zherdev \u00e8 il top scorrer della squadra con 25 punti (12 gol e 13 assist) seguito da Gabriel Vinatzer e Juho M\u00e4kel\u00e4 entrambi a 20 punti (8+12). Il Bressanone, prima del turno di riposo osservato sabato scorso, era stato sconfitto 2-5 in trasferta sul ghiaccio di Dobbiaco. I Brissinesi occupano la nona posizione in classifica con 14 punti. Il migliore realizzatore della squadra \u00e8 il venticinquenne attaccante finlandese Alex Maunula, autore di 22 punti, suddivisi in 7 gol e 15 assist. Nei 13 precedenti tra Alleghe e Bressanone il bilancio vede 5 successi Alleghesi e 8 Brissinesi. L\u2019ultima gara disputata all\u2019Eishalle Arena di Bressanone, l\u201911 febbraio di quest\u2019anno, ha registrato la clamorosa vittoria dei padroni di casa 11-1, la peggiore sconfitta subita dalle Civette nel campionato IHL. Nella gara di andata, disputata al \u201cDe Toni\u201d di Alleghe il primo novembre, si \u00e8 imposto a sorpresa il Bressanone 3-2.<\/p>\n<p><strong>HC BRESSANONE &#8211; ALLEGHE hockey <\/strong>Gioved\u00ec 21 dicembre ore 20:00 &#8211; Eishalle Arena di Bressanone (Bz). Arbitri: Omar Pini\u00e8 e Fabio Tirelli con giudici di linea Martin Mair e Lorenzo Dell&#8217;amico. Collegamenti in\u00a0DIRETTA RADIOFONICA\u00a0su Radio Pi\u00f9 (www.radiopiu.net) con \u201cHockey al punto giusto\u201d, in studio Marco Gaz e da Bressanone interventi di Federico Paganin<\/p>\n<p>&nbsp;<\/p>\n<blockquote>\n<h3>A FELTRE ARRIVA IL VALPELLICE<\/h3>\n<\/blockquote>\n<p><strong>REDAZIONE<\/strong> In campo anche il Feltre che stasera alle 20:30 al PalaFeltre ospiteranno il Valpellice. Sulla carta la partita non dovrebbe essere problematica per i picchi che vorranno vincere a tutti i costi per rimanere nella parte alta della classifica. I piemontesi per\u00f2 sono imprevedibili e lo hanno dimostrato sabato scorso battendo le civette dopo 9 sconfitte consecutive.<\/p>\n<p><strong>LA CLASSIFICA:<\/strong> Caldaro 46, Pergine 40, Appiano e Varese 38, Feltre 31, Alleghe 30, Como 23, Fiemme 21, Bressanone 14, Valpellice 10, Dobbiaco 9<\/p>\n<p>&nbsp;<\/p>\n<p><span style=\"color: #0000ff;\"><strong>SCI<\/strong><\/span><\/p>\n<blockquote>\n<h2 style=\"text-align: left;\"><strong><a class=\"dt-pswp-item\" href=\"https:\/\/www.radiopiu.net\/wordpress\/wp-content\/uploads\/2023\/12\/31272.jpg\" data-dt-img-description=\"\" data-large_image_width=\"1920\" data-large_image_height=\"1280\"><img loading=\"lazy\" decoding=\"async\" class=\" wp-image-366971 alignleft\" src=\"https:\/\/www.radiopiu.net\/wordpress\/wp-content\/uploads\/2023\/12\/31272-300x200.jpg\" alt=\"\" width=\"248\" height=\"165\" srcset=\"https:\/\/www.radiopiu.net\/wordpress\/wp-content\/uploads\/2023\/12\/31272-300x200.jpg 300w, https:\/\/www.radiopiu.net\/wordpress\/wp-content\/uploads\/2023\/12\/31272-1024x683.jpg 1024w, https:\/\/www.radiopiu.net\/wordpress\/wp-content\/uploads\/2023\/12\/31272-768x512.jpg 768w, https:\/\/www.radiopiu.net\/wordpress\/wp-content\/uploads\/2023\/12\/31272-1536x1024.jpg 1536w, https:\/\/www.radiopiu.net\/wordpress\/wp-content\/uploads\/2023\/12\/31272.jpg 1920w\" sizes=\"auto, (max-width: 248px) 100vw, 248px\" \/><\/a>Lisa Grill Trionfa nella Discesa di Coppa Europa a San Pellegrino<\/strong><\/h2>\n<\/blockquote>\n<p>La sciatrice austriaca Lisa Grill ha dominato la prima discesa libera di Coppa Europa nella Skiarea San Pellegrino, confermando la sua superiorit\u00e0 dimostrata nelle prove cronometrate precedenti. Grill ha registrato il miglior tempo con una performance pulita e precisa, seguita dalla connazionale Emily Sch\u00f6pf. L&#8217;Italia ha ottenuto buoni risultati con le sorelle Delago: Nicol al terzo posto e Nadia al quarto. Nonostante le raffiche di vento, cinque atlete italiane si sono classificate nella top ten, contribuendo a una giornata entusiasmante per i colori azzurri. Il Comitato Organizzatore \u00e8 gi\u00e0 in vista dei prossimi eventi di Coppa del Mondo, con soddisfazione per l&#8217;ottima organizzazione. La competizione riprender\u00e0\u00a0 oggi con un&#8217;altra discesa libera sulla pista La VolatA alle 10.30<\/p>\n<p>&nbsp;<\/p>\n<p><strong><span style=\"color: #0000ff;\">NUOTO\u00a0<\/span><\/strong><\/p>\n<blockquote>\n<h1>Coppa Brema a Verona: PROTAGONISTI i giovani nuotatori bellunesi<\/h1>\n<\/blockquote>\n<p><a class=\"dt-pswp-item\" href=\"https:\/\/www.radiopiu.net\/wordpress\/wp-content\/uploads\/2023\/12\/Coppa_Brema.jpg\" data-dt-img-description=\"\" data-large_image_width=\"906\" data-large_image_height=\"950\"><img loading=\"lazy\" decoding=\"async\" class=\"size-medium wp-image-366976 alignleft\" src=\"https:\/\/www.radiopiu.net\/wordpress\/wp-content\/uploads\/2023\/12\/Coppa_Brema-286x300.jpg\" alt=\"\" width=\"286\" height=\"300\" srcset=\"https:\/\/www.radiopiu.net\/wordpress\/wp-content\/uploads\/2023\/12\/Coppa_Brema-286x300.jpg 286w, https:\/\/www.radiopiu.net\/wordpress\/wp-content\/uploads\/2023\/12\/Coppa_Brema-768x805.jpg 768w, https:\/\/www.radiopiu.net\/wordpress\/wp-content\/uploads\/2023\/12\/Coppa_Brema.jpg 906w\" sizes=\"auto, (max-width: 286px) 100vw, 286px\" \/><\/a><strong>BELLUNO<\/strong>\u00a0 Esperienza da incorniciare per la Sportivamente Belluno, a Verona, dove sono scesi in acqua i giovani nuotatori nella gara a squadre della prestigiosa Coppa Brema. Numerosi i nuovi primati personali e di societ\u00e0, letteralmente abbattuti dagli atleti giallobl\u00f9. Nel dettaglio, Filippo Monestier, classe 2007, ha portato i suoi crono a 50\u201d62 nei 100 stile e 1&#8217;52&#8243;76 nei 200, qualificandosi di diritto ai campionati italiani giovanili. Non da meno Alessandro Nerviani (2009), che con un 24\u201d77 nei 50 stile si qualifica alla rassegna tricolore e sigla i personali nelle gare a rana. Bene pure Mathias De Boni nei misti, Andrea Frisaldi e Matteo Longi nel delfino e le staffette. Chiusura tutta Alex Brianti (2010), il pi\u00f9 giovane partecipante alla manifestazione, capace<br \/>\ndi siglare un 17&#8217;43&#8221; nei 1500 stile e di abbattere il suo fresco primato personale di 10 secondi. In generale, \u00e8 di rilievo la prestazione della squadra maschile: nonostante un\u2019et\u00e0 media molto bassa, si \u00e8 ben difesa tra le altre squadre venete del concentramento C e D, classificandosi al decimo posto E le ragazze? Sono state capaci di fare ancora meglio. Pur con sole 5 atlete, a causa di un infortunio di una compagna, Sofia Caldart, Camilla Caldart, Elisa Petten\u00f2, Minerva Dall&#8217;O e Anna Simon hanno lottato punto a punto, fino a piazzarsi seconde a soli 5 punti (su 8500, davvero un&#8217;inezia). Anna ha siglato ottimi tempi nello stile libero, in particolare nei 100 (58&#8243;66, a pochissimi centesimi dalla qualificazione per gli italiani), mentre Minerva e Camilla si sono migliorate di 11 secondi, negli 800 stile e 400 misti. Lodevole Sofia, nel coprire gare come i 200 rana e delfino in<br \/>\npoco tempo, cos\u00ec come Elisa, sempre convincente nel dorso e nei 200 misti con il primato personale. Ottime performance, quindi, da parte dei nuotatori seguiti da Alberto Cassol e Giulia Bortot: la squadra motivata a progredire nei prossimi appuntamenti della stagione.<\/p>\n<p>&#8212;-<\/p>\n","protected":false},"excerpt":{"rendered":"<p>***** &nbsp; 40esimo di RADIOPIU\u2026. LA VOCE DELL\u2019EMOZIONE ISCRIVITI AL NOSTRO CANALE\u00a0\u00a0YOUTUBE PER SEGUIRE IN DIRETTA I PRINCIPALI PROGRAMMI DI RADIO PIU\u2019 E LE FUTURE DIRETTE IN ESTERNA. PER ISCRIVERTI CLICCA QUI\u00a0E PREMI\u00a0 \u201cIscriviti\u201d\u00a0 \u00a0 &nbsp; &nbsp; &nbsp; i podcast informativi del mattino &#8211; audio &#8211;\u00a0 LA RASSEGNA STAMPA NAZIONALE ALLA RADIO, OGNI GIORNO ALLE&hellip;<\/p>\n","protected":false},"author":4,"featured_media":366964,"comment_status":"closed","ping_status":"closed","sticky":false,"template":"","format":"standard","meta":{"_monsterinsights_skip_tracking":false,"_monsterinsights_sitenote_active":false,"_monsterinsights_sitenote_note":"","_monsterinsights_sitenote_category":0,"footnotes":""},"categories":[51,86,49],"tags":[],"class_list":["post-366883","post","type-post","status-publish","format-standard","has-post-thumbnail","hentry","category-evidenza-top","category-gr","category-news-18","category-51","category-86","category-49","description-off"],"img_url":"https:\/\/www.radiopiu.net\/wordpress\/wp-content\/uploads\/2023\/12\/411011224_855796229578516_6641758261499673683_n.jpg","_links":{"self":[{"href":"https:\/\/www.radiopiu.net\/wordpress\/wp-json\/wp\/v2\/posts\/366883","targetHints":{"allow":["GET"]}}],"collection":[{"href":"https:\/\/www.radiopiu.net\/wordpress\/wp-json\/wp\/v2\/posts"}],"about":[{"href":"https:\/\/www.radiopiu.net\/wordpress\/wp-json\/wp\/v2\/types\/post"}],"author":[{"embeddable":true,"href":"https:\/\/www.radiopiu.net\/wordpress\/wp-json\/wp\/v2\/users\/4"}],"replies":[{"embeddable":true,"href":"https:\/\/www.radiopiu.net\/wordpress\/wp-json\/wp\/v2\/comments?post=366883"}],"version-history":[{"count":0,"href":"https:\/\/www.radiopiu.net\/wordpress\/wp-json\/wp\/v2\/posts\/366883\/revisions"}],"wp:featuredmedia":[{"embeddable":true,"href":"https:\/\/www.radiopiu.net\/wordpress\/wp-json\/wp\/v2\/media\/366964"}],"wp:attachment":[{"href":"https:\/\/www.radiopiu.net\/wordpress\/wp-json\/wp\/v2\/media?parent=366883"}],"wp:term":[{"taxonomy":"category","embeddable":true,"href":"https:\/\/www.radiopiu.net\/wordpress\/wp-json\/wp\/v2\/categories?post=366883"},{"taxonomy":"post_tag","embeddable":true,"href":"https:\/\/www.radiopiu.net\/wordpress\/wp-json\/wp\/v2\/tags?post=366883"}],"curies":[{"name":"wp","href":"https:\/\/api.w.org\/{rel}","templated":true}]}}