{"id":366917,"date":"2023-12-21T04:56:15","date_gmt":"2023-12-21T03:56:15","guid":{"rendered":"https:\/\/www.radiopiu.net\/wordpress\/?p=366917"},"modified":"2023-12-21T05:40:08","modified_gmt":"2023-12-21T04:40:08","slug":"da-gennaio-ritorna-la-navetta-per-i-dipendenti-essilorluxottica-di-agordo","status":"publish","type":"post","link":"https:\/\/www.radiopiu.net\/wordpress\/da-gennaio-ritorna-la-navetta-per-i-dipendenti-essilorluxottica-di-agordo\/","title":{"rendered":"DA GENNAIO RITORNA LA NAVETTA PER I DIPENDENTI ESSILORLUXOTTICA DI AGORDO"},"content":{"rendered":"<p>*****<\/p>\n<p>&nbsp;<\/p>\n<p><strong><a class=\"dt-pswp-item\" href=\"https:\/\/www.radiopiu.net\/wordpress\/wp-content\/uploads\/2022\/06\/LUXOTTICA-12.jpg\" data-dt-img-description=\"\" data-large_image_width=\"800\" data-large_image_height=\"600\"><img loading=\"lazy\" decoding=\"async\" class=\" wp-image-284019 alignleft\" src=\"https:\/\/www.radiopiu.net\/wordpress\/wp-content\/uploads\/2022\/06\/LUXOTTICA-12-300x225.jpg\" alt=\"\" width=\"172\" height=\"129\" srcset=\"https:\/\/www.radiopiu.net\/wordpress\/wp-content\/uploads\/2022\/06\/LUXOTTICA-12-300x225.jpg 300w, https:\/\/www.radiopiu.net\/wordpress\/wp-content\/uploads\/2022\/06\/LUXOTTICA-12-768x576.jpg 768w, https:\/\/www.radiopiu.net\/wordpress\/wp-content\/uploads\/2022\/06\/LUXOTTICA-12.jpg 800w\" sizes=\"auto, (max-width: 172px) 100vw, 172px\" \/><\/a>AGORDO <\/strong>EssilorLuxottica ha annunciato ai dipendenti il ripristino del servizio pomeridiano di navette, collegando lo stabilimento alle fermate e ai parcheggi di Agordo. Questa iniziativa, frutto dell&#8217;impegno dell&#8217;azienda, sar\u00e0 operativa a partire dall&#8217;8 gennaio, al termine delle festivit\u00e0 natalizie. La riattivazione del trasporto sul turno 14-22 avr\u00e0 un impatto significativo sulla decongestione della zona di Valcozzena, offrendo alle maestranze una soluzione efficiente per recarsi al lavoro e agevolando le operazioni di ingresso e uscita dallo stabilimento. L&#8217;attenzione dell&#8217;azienda alla mobilit\u00e0 locale \u00e8 evidente in questa mossa strategica, che si inserisce in una serie di iniziative di ampio respiro. Tra queste, potrebbe spiccare il progetto di costruzione di un parcheggio multipiano dietro l&#8217;ex maglificio agordino. Questa iniziativa, ancora in fase di sviluppo, prevede la creazione di centinaia di nuovi posti auto, rispondendo alle esigenze di parcheggio della comunit\u00e0 aziendale. Il ripristino del servizio navette riflette l&#8217;impegno di Luxottica nel migliorare la qualit\u00e0 della vita dei suoi dipendenti, promuovendo al contempo la sostenibilit\u00e0 ambientale.<\/p>\n<p>&nbsp;<\/p>\n<p>&nbsp;<\/p>\n<p>******<\/p>\n","protected":false},"excerpt":{"rendered":"<p>***** &nbsp; AGORDO EssilorLuxottica ha annunciato ai dipendenti il ripristino del servizio pomeridiano di navette, collegando lo stabilimento alle fermate e ai parcheggi di Agordo. Questa iniziativa, frutto dell&#8217;impegno dell&#8217;azienda, sar\u00e0 operativa a partire dall&#8217;8 gennaio, al termine delle festivit\u00e0 natalizie. La riattivazione del trasporto sul turno 14-22 avr\u00e0 un impatto significativo sulla decongestione della&hellip;<\/p>\n","protected":false},"author":4,"featured_media":284019,"comment_status":"closed","ping_status":"closed","sticky":false,"template":"","format":"standard","meta":{"_monsterinsights_skip_tracking":false,"_monsterinsights_sitenote_active":false,"_monsterinsights_sitenote_note":"","_monsterinsights_sitenote_category":0,"footnotes":""},"categories":[51,49],"tags":[],"class_list":["post-366917","post","type-post","status-publish","format-standard","has-post-thumbnail","hentry","category-evidenza-top","category-news-18","category-51","category-49","description-off"],"img_url":"https:\/\/www.radiopiu.net\/wordpress\/wp-content\/uploads\/2022\/06\/LUXOTTICA-12.jpg","_links":{"self":[{"href":"https:\/\/www.radiopiu.net\/wordpress\/wp-json\/wp\/v2\/posts\/366917","targetHints":{"allow":["GET"]}}],"collection":[{"href":"https:\/\/www.radiopiu.net\/wordpress\/wp-json\/wp\/v2\/posts"}],"about":[{"href":"https:\/\/www.radiopiu.net\/wordpress\/wp-json\/wp\/v2\/types\/post"}],"author":[{"embeddable":true,"href":"https:\/\/www.radiopiu.net\/wordpress\/wp-json\/wp\/v2\/users\/4"}],"replies":[{"embeddable":true,"href":"https:\/\/www.radiopiu.net\/wordpress\/wp-json\/wp\/v2\/comments?post=366917"}],"version-history":[{"count":0,"href":"https:\/\/www.radiopiu.net\/wordpress\/wp-json\/wp\/v2\/posts\/366917\/revisions"}],"wp:featuredmedia":[{"embeddable":true,"href":"https:\/\/www.radiopiu.net\/wordpress\/wp-json\/wp\/v2\/media\/284019"}],"wp:attachment":[{"href":"https:\/\/www.radiopiu.net\/wordpress\/wp-json\/wp\/v2\/media?parent=366917"}],"wp:term":[{"taxonomy":"category","embeddable":true,"href":"https:\/\/www.radiopiu.net\/wordpress\/wp-json\/wp\/v2\/categories?post=366917"},{"taxonomy":"post_tag","embeddable":true,"href":"https:\/\/www.radiopiu.net\/wordpress\/wp-json\/wp\/v2\/tags?post=366917"}],"curies":[{"name":"wp","href":"https:\/\/api.w.org\/{rel}","templated":true}]}}