{"id":366959,"date":"2023-12-20T17:41:51","date_gmt":"2023-12-20T16:41:51","guid":{"rendered":"https:\/\/www.radiopiu.net\/wordpress\/?p=366959"},"modified":"2023-12-21T05:40:51","modified_gmt":"2023-12-21T04:40:51","slug":"contagi-di-gentilezza-gesti-solidali-che-illuminano-le-unita-operative","status":"publish","type":"post","link":"https:\/\/www.radiopiu.net\/wordpress\/contagi-di-gentilezza-gesti-solidali-che-illuminano-le-unita-operative\/","title":{"rendered":"Contagi di Gentilezza: Gesti Solidali che Illuminano le Unit\u00e0 Operative"},"content":{"rendered":"<p>****<\/p>\n<p>&nbsp;<\/p>\n<p>&nbsp;<\/p>\n<p><strong><a class=\"dt-pswp-item\" href=\"https:\/\/www.radiopiu.net\/wordpress\/wp-content\/uploads\/2023\/12\/412717644_856303869527752_2958600339476356633_n.jpg\" data-dt-img-description=\"\" data-large_image_width=\"1170\" data-large_image_height=\"892\"><img loading=\"lazy\" decoding=\"async\" class=\"size-medium wp-image-366960 alignleft\" src=\"https:\/\/www.radiopiu.net\/wordpress\/wp-content\/uploads\/2023\/12\/412717644_856303869527752_2958600339476356633_n-300x229.jpg\" alt=\"\" width=\"300\" height=\"229\" srcset=\"https:\/\/www.radiopiu.net\/wordpress\/wp-content\/uploads\/2023\/12\/412717644_856303869527752_2958600339476356633_n-300x229.jpg 300w, https:\/\/www.radiopiu.net\/wordpress\/wp-content\/uploads\/2023\/12\/412717644_856303869527752_2958600339476356633_n-1024x781.jpg 1024w, https:\/\/www.radiopiu.net\/wordpress\/wp-content\/uploads\/2023\/12\/412717644_856303869527752_2958600339476356633_n-768x586.jpg 768w, https:\/\/www.radiopiu.net\/wordpress\/wp-content\/uploads\/2023\/12\/412717644_856303869527752_2958600339476356633_n.jpg 1170w\" sizes=\"auto, (max-width: 300px) 100vw, 300px\" \/><\/a>REDAZIONE<\/strong> In un periodo in cui la solidariet\u00e0 e la gentilezza sembrano <a class=\"dt-pswp-item\" href=\"https:\/\/www.radiopiu.net\/wordpress\/wp-content\/uploads\/2023\/12\/411056013_856303912861081_1453378161733027568_n.jpg\" data-dt-img-description=\"\" data-large_image_width=\"1200\" data-large_image_height=\"1600\"><img loading=\"lazy\" decoding=\"async\" class=\"size-medium wp-image-366961 alignright\" src=\"https:\/\/www.radiopiu.net\/wordpress\/wp-content\/uploads\/2023\/12\/411056013_856303912861081_1453378161733027568_n-225x300.jpg\" alt=\"\" width=\"225\" height=\"300\" srcset=\"https:\/\/www.radiopiu.net\/wordpress\/wp-content\/uploads\/2023\/12\/411056013_856303912861081_1453378161733027568_n-225x300.jpg 225w, https:\/\/www.radiopiu.net\/wordpress\/wp-content\/uploads\/2023\/12\/411056013_856303912861081_1453378161733027568_n-768x1024.jpg 768w, https:\/\/www.radiopiu.net\/wordpress\/wp-content\/uploads\/2023\/12\/411056013_856303912861081_1453378161733027568_n-1152x1536.jpg 1152w, https:\/\/www.radiopiu.net\/wordpress\/wp-content\/uploads\/2023\/12\/411056013_856303912861081_1453378161733027568_n.jpg 1200w\" sizes=\"auto, (max-width: 225px) 100vw, 225px\" \/><\/a>essere i veri protagonisti, diverse unit\u00e0 operative stanno vivendo contagiosi momenti di amore e attenzione reciproca. Tra le iniziative pi\u00f9 significative, spiccano due esperienze che hanno reso speciale l&#8217;atmosfera in due reparti pediatrici della provincia.<\/p>\n<p><strong>Pediatria Belluno: Harley Babbo Natale in Azione <\/strong>\u00a0un gruppo di appassionati amici delle Harley Davidson ha mantenuto viva la tradizione di portare sorrisi ai piccoli degenti. Vestiti da Babbo Natale e a bordo delle loro moto fiammanti, hanno distribuito doni personalizzati, regalando non solo oggetti materiali ma anche momenti di allegria che fanno dimenticare le difficolt\u00e0 legate al ricovero.<\/p>\n<p><strong>Pediatria Feltre: Biglietti d&#8217;Amore tra Generazioni <\/strong>\u00a0i bambini ricoverati hanno dimostrato, ancora una volta, il potere dell&#8217;arte e della condivisione. Guidati dalla loro maestra, hanno realizzato colorati biglietti augurali destinati ai nonni ricoverati nel reparto di Geriatria. Un gesto di commovente bellezza, che ha creato un ponte emozionale tra generazioni diverse, unite non solo dalla fragilit\u00e0 ma anche da un&#8217;umanit\u00e0 condivisa.<\/p>\n<div class=\"flex-1 overflow-hidden\">\n<div class=\"react-scroll-to-bottom--css-upmfd-79elbk h-full\">\n<div class=\"react-scroll-to-bottom--css-upmfd-1n7m0yu\">\n<div class=\"flex flex-col pb-9 text-sm\">\n<div class=\"w-full text-token-text-primary\" data-testid=\"conversation-turn-5\">\n<div class=\"px-4 py-2 justify-center text-base md:gap-6 m-auto\">\n<div class=\"flex flex-1 text-base mx-auto gap-3 md:px-5 lg:px-1 xl:px-5 md:max-w-3xl lg:max-w-[40rem] xl:max-w-[48rem] group final-completion\">\n<div class=\"relative flex w-full flex-col lg:w-[calc(100%-115px)] agent-turn\">\n<div class=\"flex-col gap-1 md:gap-3\">\n<div class=\"flex flex-grow flex-col max-w-full\">\n<div class=\"min-h-[20px] text-message flex flex-col items-start gap-3 whitespace-pre-wrap break-words [.text-message+&amp;]:mt-5 overflow-x-auto\" data-message-author-role=\"assistant\" data-message-id=\"f35c87e2-a94a-4d9a-8b22-91f72827bfeb\">\n<div class=\"markdown prose w-full break-words dark:prose-invert dark\">\n<blockquote><p><em>In questo scambio affettuoso, i nonni hanno voluto ringraziare i piccoli artisti con dolci gesti, dimostrando che il vero regalo \u00e8 spesso nell&#8217;atto di donare e condividere momenti di gioia. Queste iniziative, piccole ma cariche di significato, dimostrano che la gentilezza pu\u00f2 essere il vero contagio positivo, capace di illuminare anche i giorni pi\u00f9 difficili<\/em><\/p><\/blockquote>\n<\/div>\n<p>&nbsp;<\/p>\n<\/div>\n<\/div>\n<div class=\"mt-1 flex justify-start gap-3 empty:hidden\"><\/div>\n<\/div>\n<\/div>\n<\/div>\n<\/div>\n<\/div>\n<\/div>\n<\/div>\n<\/div>\n<\/div>\n<div class=\"w-full pt-2 md:pt-0 dark:border-white\/20 md:border-transparent md:dark:border-transparent md:w-[calc(100%-.5rem)]\">\n<form class=\"stretch mx-2 flex flex-row gap-3 last:mb-2 md:mx-4 md:last:mb-6 lg:mx-auto lg:max-w-2xl xl:max-w-3xl\">\n<div class=\"relative flex h-full flex-1 items-stretch md:flex-col\">\n<div class=\"flex w-full items-center\">\n<hr \/>\n<\/div>\n<\/div>\n<\/form>\n<\/div>\n","protected":false},"excerpt":{"rendered":"<p>**** &nbsp; &nbsp; REDAZIONE In un periodo in cui la solidariet\u00e0 e la gentilezza sembrano essere i veri protagonisti, diverse unit\u00e0 operative stanno vivendo contagiosi momenti di amore e attenzione reciproca. Tra le iniziative pi\u00f9 significative, spiccano due esperienze che hanno reso speciale l&#8217;atmosfera in due reparti pediatrici della provincia. Pediatria Belluno: Harley Babbo Natale&hellip;<\/p>\n","protected":false},"author":4,"featured_media":366960,"comment_status":"closed","ping_status":"closed","sticky":false,"template":"","format":"standard","meta":{"_monsterinsights_skip_tracking":false,"_monsterinsights_sitenote_active":false,"_monsterinsights_sitenote_note":"","_monsterinsights_sitenote_category":0,"footnotes":""},"categories":[51,49],"tags":[],"class_list":["post-366959","post","type-post","status-publish","format-standard","has-post-thumbnail","hentry","category-evidenza-top","category-news-18","category-51","category-49","description-off"],"img_url":"https:\/\/www.radiopiu.net\/wordpress\/wp-content\/uploads\/2023\/12\/412717644_856303869527752_2958600339476356633_n.jpg","_links":{"self":[{"href":"https:\/\/www.radiopiu.net\/wordpress\/wp-json\/wp\/v2\/posts\/366959","targetHints":{"allow":["GET"]}}],"collection":[{"href":"https:\/\/www.radiopiu.net\/wordpress\/wp-json\/wp\/v2\/posts"}],"about":[{"href":"https:\/\/www.radiopiu.net\/wordpress\/wp-json\/wp\/v2\/types\/post"}],"author":[{"embeddable":true,"href":"https:\/\/www.radiopiu.net\/wordpress\/wp-json\/wp\/v2\/users\/4"}],"replies":[{"embeddable":true,"href":"https:\/\/www.radiopiu.net\/wordpress\/wp-json\/wp\/v2\/comments?post=366959"}],"version-history":[{"count":0,"href":"https:\/\/www.radiopiu.net\/wordpress\/wp-json\/wp\/v2\/posts\/366959\/revisions"}],"wp:featuredmedia":[{"embeddable":true,"href":"https:\/\/www.radiopiu.net\/wordpress\/wp-json\/wp\/v2\/media\/366960"}],"wp:attachment":[{"href":"https:\/\/www.radiopiu.net\/wordpress\/wp-json\/wp\/v2\/media?parent=366959"}],"wp:term":[{"taxonomy":"category","embeddable":true,"href":"https:\/\/www.radiopiu.net\/wordpress\/wp-json\/wp\/v2\/categories?post=366959"},{"taxonomy":"post_tag","embeddable":true,"href":"https:\/\/www.radiopiu.net\/wordpress\/wp-json\/wp\/v2\/tags?post=366959"}],"curies":[{"name":"wp","href":"https:\/\/api.w.org\/{rel}","templated":true}]}}