{"id":367019,"date":"2023-12-22T05:32:04","date_gmt":"2023-12-22T04:32:04","guid":{"rendered":"https:\/\/www.radiopiu.net\/wordpress\/?p=367019"},"modified":"2023-12-22T15:41:29","modified_gmt":"2023-12-22T14:41:29","slug":"gpiu22122023","status":"publish","type":"post","link":"https:\/\/www.radiopiu.net\/wordpress\/gpiu22122023\/","title":{"rendered":"GIORNALE RADIOPIU 22 DICEMBRE 2023 DIRETTORE MIRKO MEZZACASA\u2026DA 40 ANNI 25 GIUGNO 1983-25 GIUGNO 2023"},"content":{"rendered":"<p>*****<\/p>\n<p>&nbsp;<\/p>\n<blockquote>\n<h2>203 AGORDINA,\u00a0 CARAMBOLA A TRE<\/h2>\n<\/blockquote>\n<p><strong>REDAZIONE<\/strong> Tre auto coinvolte nella carambola, fortunatamente senza\u00a0 gravi conseguenze per conducenti e passeggeri. Alle 12.30 il sinistro lungo la regionale 203 agordina, dopo la localit\u00e0 La Muda. Sul posto Carabinieri e Vigili del Fuoco, inevitabili i disagi per la viabilit\u00e0 con incolonnamenti in entrambi i sensi.<\/p>\n<p><strong>FOTO\u00a0<\/strong><\/p>\n\n\t\t\t<style type='text\/css'>\n\t\t\t\t#gallery-1 {\n\t\t\t\t\tmargin: auto;\n\t\t\t\t}\n\t\t\t\t#gallery-1 .gallery-item {\n\t\t\t\t\tfloat: left;\n\t\t\t\t\tmargin-top: 10px;\n\t\t\t\t\ttext-align: center;\n\t\t\t\t\twidth: 33%;\n\t\t\t\t}\n\t\t\t\t#gallery-1 img {\n\t\t\t\t\tborder: 2px solid #cfcfcf;\n\t\t\t\t}\n\t\t\t\t#gallery-1 .gallery-caption {\n\t\t\t\t\tmargin-left: 0;\n\t\t\t\t}\n\t\t\t\t\/* see gallery_shortcode() in wp-includes\/media.php *\/\n\t\t\t<\/style>\n\t\t<div id='gallery-1' class='dt-gallery-container gallery galleryid-367019 gallery-columns-3 gallery-size-thumbnail'><dl class='gallery-item'>\n\t\t\t\t<dt class='gallery-icon landscape'>\n\t\t\t\t\t<a class=\"rollover rollover-zoom dt-pswp-item\" title=\"1231\" data-dt-img-description=\"\" data-large_image_width=\"620\" data-large_image_height=\"387\"href='https:\/\/www.radiopiu.net\/wordpress\/wp-content\/uploads\/2023\/12\/1231.jpg'><img loading=\"lazy\" decoding=\"async\" width=\"150\" height=\"150\" src=\"https:\/\/www.radiopiu.net\/wordpress\/wp-content\/uploads\/2023\/12\/1231-150x150.jpg\" class=\"attachment-thumbnail size-thumbnail\" alt=\"\" \/><\/a>\n\t\t\t\t<\/dt><\/dl><dl class='gallery-item'>\n\t\t\t\t<dt class='gallery-icon landscape'>\n\t\t\t\t\t<a class=\"rollover rollover-zoom dt-pswp-item\" title=\"3\" data-dt-img-description=\"\" data-large_image_width=\"687\" data-large_image_height=\"398\"href='https:\/\/www.radiopiu.net\/wordpress\/wp-content\/uploads\/2023\/12\/3.png'><img loading=\"lazy\" decoding=\"async\" width=\"150\" height=\"150\" src=\"https:\/\/www.radiopiu.net\/wordpress\/wp-content\/uploads\/2023\/12\/3-150x150.png\" class=\"attachment-thumbnail size-thumbnail\" alt=\"\" \/><\/a>\n\t\t\t\t<\/dt><\/dl><dl class='gallery-item'>\n\t\t\t\t<dt class='gallery-icon landscape'>\n\t\t\t\t\t<a class=\"rollover rollover-zoom dt-pswp-item\" title=\"123\" data-dt-img-description=\"\" data-large_image_width=\"605\" data-large_image_height=\"307\"href='https:\/\/www.radiopiu.net\/wordpress\/wp-content\/uploads\/2023\/12\/123.jpg'><img loading=\"lazy\" decoding=\"async\" width=\"150\" height=\"150\" src=\"https:\/\/www.radiopiu.net\/wordpress\/wp-content\/uploads\/2023\/12\/123-150x150.jpg\" class=\"attachment-thumbnail size-thumbnail\" alt=\"\" \/><\/a>\n\t\t\t\t<\/dt><\/dl><br style=\"clear: both\" \/>\n\t\t\t<\/div>\n\n<p>&nbsp;<\/p>\n<h1 class=\"entry-title photoswipe-wrapper\">40esimo di RADIOPIU\u2026. LA VOCE DELL\u2019EMOZIONE<\/h1>\n<h2><span style=\"color: #ff0000;\">ISCRIVITI AL NOSTRO CANALE\u00a0\u00a0YOUTUBE PER SEGUIRE IN DIRETTA I PRINCIPALI PROGRAMMI DI RADIO PIU\u2019 E LE FUTURE DIRETTE IN ESTERNA. PER ISCRIVERTI <a style=\"color: #ff0000;\" href=\"https:\/\/youtube.com\/@radiopiu1527\">CLICCA QUI\u00a0<\/a>E PREMI\u00a0 \u201cIscriviti\u201d\u00a0<\/span><\/h2>\n<p><strong>\u00a0<\/strong><\/p>\n<p>&nbsp;<\/p>\n<p>OGGI ALLA RADIO&#8230;<strong> ALLE 10.30 E 1900<\/strong> SPECIALE PROLOCO DI AGORDO &#8220;L&#8217;APPELLO&#8221; DI DANIELE GALLIGANI E MARTA MORETTI.\u00a0 \u00a0 <strong>ALLE 10.30 E 18.30<\/strong> BEATRICE COLCUC, DAL MUSLA LE NOTIZIE IN LADINO<\/p>\n<p>&nbsp;<\/p>\n<hr \/>\n<p>&nbsp;<\/p>\n<p>&nbsp;<\/p>\n<blockquote>\n<blockquote>\n<h1><span style=\"color: #ff0000;\">i podcast informativi del mattino &#8211; audio &#8211;\u00a0<\/span><\/h1>\n<\/blockquote>\n<p><strong><a class=\"dt-pswp-item\" href=\"https:\/\/www.radiopiu.net\/wordpress\/wp-content\/uploads\/2023\/11\/th-10.jpg\" data-dt-img-description=\"\" data-large_image_width=\"320\" data-large_image_height=\"180\"><img loading=\"lazy\" decoding=\"async\" class=\"wp-image-362866 alignleft\" src=\"https:\/\/www.radiopiu.net\/wordpress\/wp-content\/uploads\/2023\/11\/th-10-300x169.jpg\" alt=\"\" width=\"185\" height=\"104\" srcset=\"https:\/\/www.radiopiu.net\/wordpress\/wp-content\/uploads\/2023\/11\/th-10-300x169.jpg 300w, https:\/\/www.radiopiu.net\/wordpress\/wp-content\/uploads\/2023\/11\/th-10.jpg 320w\" sizes=\"auto, (max-width: 185px) 100vw, 185px\" \/><\/a>LA RASSEGNA STAMPA NAZIONALE ALLA RADIO, OGNI GIORNO ALLE 5 E ALLE 6 DEL MATTINO <span style=\"color: #0000ff;\">viene pubblicata alle 6.00 <span style=\"color: #ff0000;\">DIRETTA RADIO<\/span><\/span><\/strong><\/p><\/blockquote>\n<p>DI STEFANO FAMA<br \/>\nTITOLI Politica, &#8220;mes&#8221; la maggioranza boccia la ratifica; economia, in flessione, piazza<br \/>\naffari e le altre borse europee;\u00a0 sparatoria all&#8217;Universit\u00e0 di Praga;\u00a0 guerra Israele e Gaza;<br \/>\nPalermo 22enne ucciso a colpi di pistola;\u00a0 Reggio Calabria tentano di fare ritrattare una denuncia per abusi sessuali, arrestati; Roma, violent\u00f2 una donna, arrestato un 32enne; Catania due navi straniere non sicure\u00a0 fermate dalla guardia costiera. Sport super lega la corte Ue e il monopolio Uefa viola le norme.<\/p>\n<p><strong>AUDIO<\/strong><\/p>\n<audio class=\"wp-audio-shortcode\" id=\"audio-367019-1\" preload=\"none\" style=\"width: 100%;\" controls=\"controls\"><source type=\"audio\/mpeg\" src=\"https:\/\/www.radiopiu.net\/wordpress\/wp-content\/uploads\/2023\/12\/GIORNALEDELLESEI-19.mp3?_=1\" \/><a href=\"https:\/\/www.radiopiu.net\/wordpress\/wp-content\/uploads\/2023\/12\/GIORNALEDELLESEI-19.mp3\">https:\/\/www.radiopiu.net\/wordpress\/wp-content\/uploads\/2023\/12\/GIORNALEDELLESEI-19.mp3<\/a><\/audio>\n<p>&nbsp;<\/p>\n<p>&nbsp;<\/p>\n<p>&nbsp;<\/p>\n<p><strong><a class=\"dt-pswp-item\" href=\"https:\/\/www.radiopiu.net\/wordpress\/wp-content\/uploads\/2023\/12\/images.png\" data-dt-img-description=\"\" data-large_image_width=\"316\" data-large_image_height=\"160\"><img loading=\"lazy\" decoding=\"async\" class=\"wp-image-367008 alignleft\" src=\"https:\/\/www.radiopiu.net\/wordpress\/wp-content\/uploads\/2023\/12\/images-300x152.png\" alt=\"\" width=\"235\" height=\"119\" srcset=\"https:\/\/www.radiopiu.net\/wordpress\/wp-content\/uploads\/2023\/12\/images-300x152.png 300w, https:\/\/www.radiopiu.net\/wordpress\/wp-content\/uploads\/2023\/12\/images.png 316w\" sizes=\"auto, (max-width: 235px) 100vw, 235px\" \/><\/a>OGNI GIORNO ALLE SETTE DEL MATTINO, LA RASSEGNA STAMPA LOCALE FLASH&#8230; PER CHI VA IN FRETTA. I TITOLI DAI GIORNALI E DAL SITO WWW.RADIOPIU.NET <span style=\"color: #0000ff;\">viene pubblicato alle 7.00<\/span> <span style=\"color: #ff0000;\">DIRETTA RADIO\u00a0<\/span><\/strong><\/p>\n<p><em><span style=\"color: #ff0000;\">per chi va in fretta&#8230; tante notizie in pochi minuti<\/span><\/em><\/p>\n<p>&nbsp;<\/p>\n<audio class=\"wp-audio-shortcode\" id=\"audio-367019-2\" preload=\"none\" style=\"width: 100%;\" controls=\"controls\"><source type=\"audio\/mpeg\" src=\"https:\/\/www.radiopiu.net\/wordpress\/wp-content\/uploads\/2023\/12\/GF07-1.mp3?_=2\" \/><a href=\"https:\/\/www.radiopiu.net\/wordpress\/wp-content\/uploads\/2023\/12\/GF07-1.mp3\">https:\/\/www.radiopiu.net\/wordpress\/wp-content\/uploads\/2023\/12\/GF07-1.mp3<\/a><\/audio>\n<p>&nbsp;<\/p>\n<p>&nbsp;<\/p>\n<p>&nbsp;<\/p>\n<blockquote><p><strong><a class=\"dt-pswp-item\" href=\"https:\/\/www.radiopiu.net\/wordpress\/wp-content\/uploads\/2021\/07\/microfono-radio-ok-768x448-768x448-1.jpg\" data-dt-img-description=\"\" data-large_image_width=\"768\" data-large_image_height=\"448\"><img loading=\"lazy\" decoding=\"async\" class=\"wp-image-220632 alignleft\" src=\"https:\/\/www.radiopiu.net\/wordpress\/wp-content\/uploads\/2021\/07\/microfono-radio-ok-768x448-768x448-1-300x175.jpg\" alt=\"\" width=\"178\" height=\"104\" srcset=\"https:\/\/www.radiopiu.net\/wordpress\/wp-content\/uploads\/2021\/07\/microfono-radio-ok-768x448-768x448-1-300x175.jpg 300w, https:\/\/www.radiopiu.net\/wordpress\/wp-content\/uploads\/2021\/07\/microfono-radio-ok-768x448-768x448-1.jpg 768w\" sizes=\"auto, (max-width: 178px) 100vw, 178px\" \/><\/a>GIORNALE RADIO NAZIONALE, EDIZIONE DELLE SETTE <span style=\"color: #0000ff;\">viene pubblicato alle 7.05 <span style=\"color: #ff0000;\">DIRETTA RADIO<\/span><\/span><\/strong><\/p><\/blockquote>\n<p>&nbsp;<\/p>\n<p>&nbsp;<\/p>\n<p><strong>AUDIO<\/strong><\/p>\n<audio class=\"wp-audio-shortcode\" id=\"audio-367019-3\" preload=\"none\" style=\"width: 100%;\" controls=\"controls\"><source type=\"audio\/mpeg\" src=\"https:\/\/www.radiopiu.net\/wordpress\/wp-content\/uploads\/2023\/12\/giornale07-18.mp3?_=3\" \/><a href=\"https:\/\/www.radiopiu.net\/wordpress\/wp-content\/uploads\/2023\/12\/giornale07-18.mp3\">https:\/\/www.radiopiu.net\/wordpress\/wp-content\/uploads\/2023\/12\/giornale07-18.mp3<\/a><\/audio>\n<p>&nbsp;<\/p>\n<p>&nbsp;<\/p>\n<p>&nbsp;<\/p>\n<blockquote>\n<h2><strong>RASSEGNA STAMPA LOCALE, ORE OTTO <span style=\"color: #0000ff;\">viene pubblicata alle 8.05 <span style=\"color: #ff0000;\">DIRETTA RADIO\u00a0<\/span><\/span><\/strong><\/h2>\n<\/blockquote>\n<h1><\/h1>\n<p><iframe loading=\"lazy\" title=\"dal 1983 la rassegna stampa locale, quella originale!\" width=\"1200\" height=\"675\" src=\"https:\/\/www.youtube.com\/embed\/rf6tbmVKaLE?feature=oembed\" frameborder=\"0\" allow=\"accelerometer; autoplay; clipboard-write; encrypted-media; gyroscope; picture-in-picture; web-share\" allowfullscreen><\/iframe><\/p>\n<p>&nbsp;<\/p>\n<p>&nbsp;<\/p>\n<hr \/>\n<p>&nbsp;<\/p>\n<p>&nbsp;<\/p>\n<p><a class=\"dt-pswp-item\" href=\"https:\/\/www.radiopiu.net\/wordpress\/wp-content\/uploads\/2023\/10\/34f4cfc6-e863-46e9-9695-8df44be63421.jpg\" data-dt-img-description=\"\" data-large_image_width=\"1200\" data-large_image_height=\"1200\"><img loading=\"lazy\" decoding=\"async\" class=\"wp-image-357393 alignleft\" src=\"https:\/\/www.radiopiu.net\/wordpress\/wp-content\/uploads\/2023\/10\/34f4cfc6-e863-46e9-9695-8df44be63421-300x300.jpg\" alt=\"\" width=\"81\" height=\"81\" srcset=\"https:\/\/www.radiopiu.net\/wordpress\/wp-content\/uploads\/2023\/10\/34f4cfc6-e863-46e9-9695-8df44be63421-300x300.jpg 300w, https:\/\/www.radiopiu.net\/wordpress\/wp-content\/uploads\/2023\/10\/34f4cfc6-e863-46e9-9695-8df44be63421-1024x1024.jpg 1024w, https:\/\/www.radiopiu.net\/wordpress\/wp-content\/uploads\/2023\/10\/34f4cfc6-e863-46e9-9695-8df44be63421-150x150.jpg 150w, https:\/\/www.radiopiu.net\/wordpress\/wp-content\/uploads\/2023\/10\/34f4cfc6-e863-46e9-9695-8df44be63421-768x768.jpg 768w, https:\/\/www.radiopiu.net\/wordpress\/wp-content\/uploads\/2023\/10\/34f4cfc6-e863-46e9-9695-8df44be63421.jpg 1200w\" sizes=\"auto, (max-width: 81px) 100vw, 81px\" \/><\/a>OGGI ALLA RADIO: <strong>ALLE 7<\/strong> LA RASSEGNA STAMPA LOCALE FLASH, PER CHI COME NOI ALLE SETTE DEL MATTINO VA DI FRETTA, TANTE NOTIZIE IN POCHE CHIACCHIERE. <strong>ALLE OTTO<\/strong> L&#8217;APPROFONDIMENTO NELLA STORICA RASSEGNA STAMPA LOCALE.\u00a0 DALLE 6 ALLE 21, OGNI ORA, L&#8217;INFORMAZIONE NAZIONALE, l&#8217;informazione locale, ALLE 10 flash. 11flash. 14 viabilit\u00e0. 15meteo. 16flash. 17flash. 18flash. 19 i titoli di Antenna 3<\/p>\n<h3><span style=\"color: #ff0000;\"><em>IL RACCONTO DI NATALE, ALLE 8.40 LUISA ALCHINI<\/em><\/span><\/h3>\n<p>&nbsp;<\/p>\n<p>&nbsp;<\/p>\n<hr \/>\n<p>&nbsp;<\/p>\n<p>&nbsp;<\/p>\n<blockquote>\n<h3>ACQUA GSP: TORNA POTABILE A LIVINALLONGO E ROCCA PIETORE<\/h3>\n<\/blockquote>\n<p><strong>ROCCA PIETORE<\/strong> in localit\u00e0 DIGONERA e MASARE&#8217; l&#8217;acqua erogata dall&#8217;acquedotto \u00e8 di nuovo potabile pu\u00f2 essere usata per scopi alimentari<\/p>\n<p><strong>LIVINALLONGO DEL COL DI LANA<\/strong> nelle localit\u00e0\u00a0 \u00a0SALESEI DI SOPRA, SALESEI DI SOTTO, PIAN DI SALESEI, SALESEI, SOTTOCREPA e FOPPA l\u2019acqua erogata dall\u2019acquedotto \u00e8 di nuovo potabile pu\u00f2 essere usata per scopi alimentari<\/p>\n<p>&nbsp;<\/p>\n<p>&nbsp;<\/p>\n<hr \/>\n<p>&nbsp;<\/p>\n<blockquote>\n<h3>IN ARRIVO VENTO FORTE<\/h3>\n<\/blockquote>\n<p><strong><img loading=\"lazy\" decoding=\"async\" class=\"alignleft\" src=\"https:\/\/www.radiopiu.net\/wordpress\/wp-content\/uploads\/2018\/08\/instabilita.jpg\" width=\"200\" height=\"120\" \/>REDAZIONE <\/strong>Il centro Funzionale decentrato della Regione Veneto, sulla base delle previsioni meteo regionali, ha dichiarato la fase operativa di \u2018attenzione\u2019 per vento forte su zone montane e pedemontane\u00a0 fino alla mezzanotte di domani.\u00a0 il Meteo veneto ha infatti previsto varie fasi di rinforzo dei venti. In particolare si verificheranno venti forti o molto forti in alta quota in entrambe le giornate; possibili venti a tratti forti anche sulle Prealpi, specie quelle centro-occidentali nella giornata di venerd\u00ec. Saranno possibili forti raffiche di Foehn sulle zone pedemontane centro-occidentali specialmente oggi; nelle valli bellunesi in particolare domani.<\/p>\n<p>&nbsp;<\/p>\n<hr \/>\n<p>&nbsp;<\/p>\n<p>&nbsp;<\/p>\n<blockquote>\n<h3><a class=\"dt-pswp-item\" href=\"https:\/\/www.radiopiu.net\/wordpress\/wp-content\/uploads\/2023\/01\/Senza-nome-38.jpg\" data-dt-img-description=\"\" data-large_image_width=\"762\" data-large_image_height=\"365\"><img loading=\"lazy\" decoding=\"async\" class=\" wp-image-316847 alignleft\" src=\"https:\/\/www.radiopiu.net\/wordpress\/wp-content\/uploads\/2023\/01\/Senza-nome-38-300x144.jpg\" alt=\"\" width=\"244\" height=\"117\" srcset=\"https:\/\/www.radiopiu.net\/wordpress\/wp-content\/uploads\/2023\/01\/Senza-nome-38-300x144.jpg 300w, https:\/\/www.radiopiu.net\/wordpress\/wp-content\/uploads\/2023\/01\/Senza-nome-38.jpg 762w\" sizes=\"auto, (max-width: 244px) 100vw, 244px\" \/><\/a>UN ALTRO INCIDENTE SUL LAVORO NELL&#8217;AGORDINO<\/h3>\n<\/blockquote>\n<p><strong>REDAZIONE<\/strong> L&#8217;elicottero del Suem \u00e8 volato a Gosaldo per soccorrere un uomo,\u00a0 R.P. padovano di 37 anni,\u00a0 operaio di una ditta edile infortunatosi mentre stava lavorando, \u00e8 stato colpito da alcuni pannelli in legno caduti dall&#8217;alto. L&#8217;elicottero Falco lo ha trasportato presso l&#8217;eliporto di Agordo per il rendez vous con l&#8217;ambulanza del pronto Soccorso del Papa Luciani. L&#8217;uomo \u00e8 stato medicato ad Agordo per le ferite di media gravit\u00e0, non \u00e8 in pricolo di vita. Sul posto di Carabinieri e il personale dello Spisal per gli accertamenti del caso.\u00a0 Meno grave l&#8217;incidente del mattino sulle piste di sci di Arabba, ma anche in questo caso necessario l&#8217;intervento dell&#8217;elicottero per il trasporto del 41enne sloveno all&#8217;ospedale di Agordo.<\/p>\n<p>&nbsp;<\/p>\n<p>&nbsp;<\/p>\n<hr \/>\n<p>&nbsp;<\/p>\n<blockquote>\n<h2><strong><a class=\"dt-pswp-item\" href=\"https:\/\/www.radiopiu.net\/wordpress\/wp-content\/uploads\/2023\/12\/Senza-nome-73.png\" data-dt-img-description=\"\" data-large_image_width=\"266\" data-large_image_height=\"305\"><img loading=\"lazy\" decoding=\"async\" class=\"wp-image-367103 alignleft\" src=\"https:\/\/www.radiopiu.net\/wordpress\/wp-content\/uploads\/2023\/12\/Senza-nome-73-262x300.png\" alt=\"\" width=\"118\" height=\"135\" srcset=\"https:\/\/www.radiopiu.net\/wordpress\/wp-content\/uploads\/2023\/12\/Senza-nome-73-262x300.png 262w, https:\/\/www.radiopiu.net\/wordpress\/wp-content\/uploads\/2023\/12\/Senza-nome-73.png 266w\" sizes=\"auto, (max-width: 118px) 100vw, 118px\" \/><\/a>Funerale a Ponte nelle Alpi per il Dipendente Morto in un Incidente Lavorativo, l&#8217;ultimo saluto a Maurizio, domani a Belluno<\/strong><\/h2>\n<\/blockquote>\n<p><strong>PONTE NELLE ALPI\u00a0<\/strong> Oggi alle 16 nella chiesa arcipretale di Cadola a Ponte nelle Alpi si terranno i funerali di Zeljco Manarin, il dipendente dell&#8217;Intersocks di Alpago deceduto luned\u00ec pomeriggio in un incidente con un aspiratore. La fabbrica rimarr\u00e0 chiusa in segno di lutto, e alla cerimonia <a class=\"dt-pswp-item\" href=\"https:\/\/www.radiopiu.net\/wordpress\/wp-content\/uploads\/2023\/12\/LUTTI-1.png\" data-dt-img-description=\"\" data-large_image_width=\"222\" data-large_image_height=\"245\"><img loading=\"lazy\" decoding=\"async\" class=\"wp-image-367105 alignright\" src=\"https:\/\/www.radiopiu.net\/wordpress\/wp-content\/uploads\/2023\/12\/LUTTI-1.png\" alt=\"\" width=\"112\" height=\"124\" \/><\/a>parteciperanno colleghi di lavoro e rappresentanti dell&#8217;amministrazione comunale. Manarin, originario della Croazia, era ben integrato nella comunit\u00e0 di Ponte nelle Alpi, dove aveva svolto anche il ruolo di custode delle scuole medie. La salma sar\u00e0 sepolta in Croazia, e il sindaco Paolo Vendramini sta valutando la possibilit\u00e0 di una rappresentanza comunale al momento della sepoltura nella patria d&#8217;origine di Manarin. L&#8217;amministrazione comunale e il sindacato stanno cercando modi per fornire sostegno morale e pratico alla famiglia colpita dalla tragedia.<\/p>\n<p><strong>BORGO VALBELLUNA<\/strong> Domani ALLE 10 alla Casa Funeraria Gelisio De Dea l&#8217;ultimo saluto a Maurizio Dall&#8217;Asen, 59 anni di Villa di Villa. Una messa di suffragio sar\u00e0 celebrata a Villa di Villa. Lo annunciano i fratelli Maria e Sergio, i nipoti Fabio e Gloria. La salma proseguir\u00e0 poi per la cremazione. L&#8217;ex operaio dell&#8217;Acc \u00e8 stato travolto e ucciso da un&#8217;automobile sabato sera mentre camminava verso Gus per tornare a piedi verso la sua abitazione.<\/p>\n<p>&nbsp;<\/p>\n<p>&nbsp;<\/p>\n<hr \/>\n<p>&nbsp;<\/p>\n<blockquote>\n<h2>BRETELLA DI LISTOLADE, URGE UNA SOLUZIONE. FRENA SI APPELLA AL PREFETTO<\/h2>\n<\/blockquote>\n<p>&nbsp;<\/p>\n<p><strong><img loading=\"lazy\" decoding=\"async\" class=\"alignleft\" src=\"https:\/\/www.radiopiu.net\/wordpress\/wp-content\/uploads\/2023\/12\/2023-12-06-14-01-54-497.jpg\" width=\"309\" height=\"174\" \/>AGORDO<\/strong><\/p>\n<p><strong>\u00a0DI GIANNI SANTOMASO\u00a0<\/strong><\/p>\n<p>foto dal drone di Erik Lena<\/p>\n<p>\u201cDrone service: <a class=\"anchor-url\" href=\"https:\/\/www.lenaerik.com\/\" target=\"_blank\" rel=\"noopener noreferrer\">www.lenaerik.com<\/a><\/p>\n<audio class=\"wp-audio-shortcode\" id=\"audio-367019-4\" preload=\"none\" style=\"width: 100%;\" controls=\"controls\"><source type=\"audio\/mpeg\" src=\"https:\/\/www.radiopiu.net\/wordpress\/wp-content\/uploads\/2023\/12\/GIANNI-BRETELLA.mp3?_=4\" \/><a href=\"https:\/\/www.radiopiu.net\/wordpress\/wp-content\/uploads\/2023\/12\/GIANNI-BRETELLA.mp3\">https:\/\/www.radiopiu.net\/wordpress\/wp-content\/uploads\/2023\/12\/GIANNI-BRETELLA.mp3<\/a><\/audio>\n<p>&nbsp;<\/p>\n<p>&nbsp;<\/p>\n<hr \/>\n<p>&nbsp;<\/p>\n<p>&nbsp;<\/p>\n<blockquote>\n<h3 class=\"_title post-title entry-title\">BILANCIO DI FINE ANNO A PALAZZO PILONI. PADRIN<\/h3>\n<\/blockquote>\n<p><strong>IERI SERA, DAL TG BELLUNESE DI ANTENNA 3 (19.30 CANALE 10, DIGITALE TERRESTRE) E OGNI SERA DALLE 19 LE ANTICIPAZIONI ALLA RADIO DI TIZIANA BOLOGNANI\u00a0<\/strong><\/p>\n<p><iframe loading=\"lazy\" title=\"BILANCIO DI FINE ANNO A PALAZZO PILONI. PADRIN: \u00abSPERO CHE NEL 2024 SOFFI ARIA OLIMP... | 21\/12\/2023\" width=\"1200\" height=\"675\" src=\"https:\/\/www.youtube.com\/embed\/qW0Ckwc3k_4?feature=oembed\" frameborder=\"0\" allow=\"accelerometer; autoplay; clipboard-write; encrypted-media; gyroscope; picture-in-picture; web-share\" allowfullscreen><\/iframe><\/p>\n<p>&nbsp;<\/p>\n<p>&nbsp;<\/p>\n<hr \/>\n<blockquote>\n<h3 class=\"entry-title\"><\/h3>\n<h3 class=\"entry-title\">STASERA ATTESI DECINE DI PULLMAN DOLOMITIBUS PER LA FESTA LUXOTTICA\u2026LA SCORSA SETTIMANA 30 BAMBINI LASCIATI A PIEDI A FALCADE. A SOVRAMONTE L&#8217;AZIENDA DECIDE UNILATERALMENTE DI SOSPENDERE IL SERVIZIO NEI GIORNI DI FESTA.<\/h3>\n<\/blockquote>\n<p><strong><img loading=\"lazy\" decoding=\"async\" class=\"alignleft\" src=\"https:\/\/www.radiopiu.net\/wordpress\/wp-content\/uploads\/2020\/06\/9ecd9b94-d553-435b-93a2-c268918bc743.jpg\" width=\"263\" height=\"197\" \/>REDAZIONE<\/strong> Cosa sar\u00e0 che fa la differenza? il colore azzurro che li accomuna? O forse un buon businness? Gli utenti che spesso rimangono a piedi se lo stanno chiedendo. Corse tagliate ogni giorno, e pi\u00f9 nessuno ne parla, ma per questa sera ecco che la lista delle corse \u00e8 lunga e non presenta tagli. La domanda dovrebbero porsela anche i nostri amminisratori, i &#8220;soci&#8221; soprattutto particolarmente silenziosi in questa occasione.\u00a0 Ps: se fosse sfuggito: servizio continuo\u00a0 dalle 17.45 alle 3 del mattino.<\/p>\n<p><strong>SOVRAMONTE<\/strong> Dolomitibus ha unilateralmente deciso di sospendere il servizio di corriera per le vacanze natalizie nelle frazioni pi\u00f9 remote dell&#8217;altopiano, suscitando preoccupazione tra i cittadini dipendenti dal trasporto pubblico. Il sindaco Federico Dalla Torre si \u00e8 rivolto a Dolomitibus cercando risposte e chiedendo almeno una corsa giornaliera per garantire il trasporto vitale tra Servo e Croce d&#8217;Aune. Il sindaco avverte che, in assenza di risposte da Dolomitibus, si rivolger\u00e0 alla Provincia per assicurare il sostegno necessario. I cittadini esprimono preoccupazione per l&#8217;isolamento sociale e le implicazioni economiche che la sospensione del servizio potrebbe comportare per chi dipende dalla corriera per lavoro e spesa.<\/p>\n<p>&nbsp;<\/p>\n<p>&nbsp;<\/p>\n<hr \/>\n<p>&nbsp;<\/p>\n<blockquote>\n<h3>LA GRANDE FESTA LUXOTTICA, 5000 OSPITI PER UNO SCAMBIO DI AUGURI INDIMENTICABILI<\/h3>\n<\/blockquote>\n<p>&nbsp;<\/p>\n<blockquote><p><strong>RICORDANDO IL CAVALIER LEONARDO DEL VECCHIO<\/strong><\/p><\/blockquote>\n<p><a class=\"dt-pswp-item\" href=\"https:\/\/www.radiopiu.net\/wordpress\/wp-content\/uploads\/2020\/04\/LEONARDO-DEL-VECCHIO-GRAZIE.png\" data-dt-img-description=\"\" data-large_image_width=\"1510\" data-large_image_height=\"1510\"><img loading=\"lazy\" decoding=\"async\" class=\"size-medium wp-image-126926 aligncenter\" src=\"https:\/\/www.radiopiu.net\/wordpress\/wp-content\/uploads\/2020\/04\/LEONARDO-DEL-VECCHIO-GRAZIE-300x300.png\" alt=\"\" width=\"300\" height=\"300\" srcset=\"https:\/\/www.radiopiu.net\/wordpress\/wp-content\/uploads\/2020\/04\/LEONARDO-DEL-VECCHIO-GRAZIE-300x300.png 300w, https:\/\/www.radiopiu.net\/wordpress\/wp-content\/uploads\/2020\/04\/LEONARDO-DEL-VECCHIO-GRAZIE-1024x1024.png 1024w, https:\/\/www.radiopiu.net\/wordpress\/wp-content\/uploads\/2020\/04\/LEONARDO-DEL-VECCHIO-GRAZIE-150x150.png 150w, https:\/\/www.radiopiu.net\/wordpress\/wp-content\/uploads\/2020\/04\/LEONARDO-DEL-VECCHIO-GRAZIE-768x768.png 768w, https:\/\/www.radiopiu.net\/wordpress\/wp-content\/uploads\/2020\/04\/LEONARDO-DEL-VECCHIO-GRAZIE.png 1510w\" sizes=\"auto, (max-width: 300px) 100vw, 300px\" \/>\u00a0<\/a><\/p>\n<p><strong>DI\u00a0 GIANNISANTOMASO<\/strong><\/p>\n<audio class=\"wp-audio-shortcode\" id=\"audio-367019-5\" preload=\"none\" style=\"width: 100%;\" controls=\"controls\"><source type=\"audio\/mpeg\" src=\"https:\/\/www.radiopiu.net\/wordpress\/wp-content\/uploads\/2023\/12\/GIANNI-FESTA-LUX.mp3?_=5\" \/><a href=\"https:\/\/www.radiopiu.net\/wordpress\/wp-content\/uploads\/2023\/12\/GIANNI-FESTA-LUX.mp3\">https:\/\/www.radiopiu.net\/wordpress\/wp-content\/uploads\/2023\/12\/GIANNI-FESTA-LUX.mp3<\/a><\/audio>\n<p>&nbsp;<\/p>\n<p><img decoding=\"async\" class=\"aligncenter\" src=\"https:\/\/www.radiopiu.net\/wordpress\/wp-content\/uploads\/2023\/12\/th-8.jpg\" \/><\/p>\n<p>&nbsp;<\/p>\n<p>&nbsp;<\/p>\n<hr \/>\n<p>&nbsp;<\/p>\n<p>&nbsp;<\/p>\n<blockquote>\n<h2><strong>Esame dei Progetti Olimpici Italiani: Cortina, Nuova Svolta e Gara Lampo per la Pista da Bob\u00a0<\/strong><\/h2>\n<\/blockquote>\n<p>&nbsp;<\/p>\n<p><strong>CORTINA<\/strong> Oggi, la Fondazione Milano Cortina esamina attentamente due progetti italiani legati alle Olimpiadi. Giuseppe Malag\u00f2 annuncia una telenovela che si protrarr\u00e0 fino al 30 gennaio. Nel frattempo, a Cortina, si prepara una gara d&#8217;appalto accelerata per la pista da bob. La Fondazione prende atto della situazione, e entro la prima settimana di gennaio inizier\u00e0 la competizione con una cifra di 81,5 milioni di euro, ma con una riduzione di 15-50 milioni nei lavori da eseguire. L&#8217;appalto, per la vincitrice, sar\u00e0 di 600-650 giorni anzich\u00e9 807. Malag\u00f2 prevede ulteriori sviluppi nella trama di questa complessa vicenda.<\/p>\n<p>&nbsp;<\/p>\n<p>&nbsp;<\/p>\n<hr \/>\n<p>&nbsp;<\/p>\n<blockquote>\n<h2><strong><a class=\"dt-pswp-item\" href=\"https:\/\/www.radiopiu.net\/wordpress\/wp-content\/uploads\/2023\/12\/Senza-nome-72.png\" data-dt-img-description=\"\" data-large_image_width=\"557\" data-large_image_height=\"398\"><img loading=\"lazy\" decoding=\"async\" class=\" wp-image-367102 alignleft\" src=\"https:\/\/www.radiopiu.net\/wordpress\/wp-content\/uploads\/2023\/12\/Senza-nome-72-300x214.png\" alt=\"\" width=\"233\" height=\"166\" srcset=\"https:\/\/www.radiopiu.net\/wordpress\/wp-content\/uploads\/2023\/12\/Senza-nome-72-300x214.png 300w, https:\/\/www.radiopiu.net\/wordpress\/wp-content\/uploads\/2023\/12\/Senza-nome-72.png 557w\" sizes=\"auto, (max-width: 233px) 100vw, 233px\" \/><\/a>Effetto Domino: Safilo Interrompe la Collaborazione con Chiara Ferragni<\/strong><\/h2>\n<\/blockquote>\n<p><strong>PADOVA<\/strong> In seguito al caso Balocco-Ferragni, Safilo annuncia\u00a0 la fine dell&#8217;accordo di licenza con Chiara Ferragni, accusandola di violare gli impegni contrattuali. Questa decisione potrebbe generare un effetto domino per altri contratti dell&#8217;influencer. Nel frattempo, la Guardia di Finanza raccoglie documenti sul pandoro &#8220;griffato&#8221; mentre l&#8217;Antitrust sanziona societ\u00e0 legate a Ferragni e Balocco per pratiche commerciali scorrette. Il procuratore aggiunto di Milano delega la Gdf a indagare sulla pubblicit\u00e0 del dolce natalizio, e Ferragni potrebbe essere convocata per fare luce sulla vicenda.<\/p>\n<p>&nbsp;<\/p>\n<p>&nbsp;<\/p>\n<hr \/>\n<blockquote>\n<h3><\/h3>\n<h3>MEDICI DI FAMIGLIA: PER IL PD LA REGIONE FA MORIRE LA MEDICINA TERRITORIALE<\/h3>\n<\/blockquote>\n<p><strong><a class=\"dt-pswp-item\" href=\"https:\/\/www.radiopiu.net\/wordpress\/wp-content\/uploads\/2018\/11\/PD.png\" data-dt-img-description=\"\" data-large_image_width=\"226\" data-large_image_height=\"182\"><img loading=\"lazy\" decoding=\"async\" class=\" wp-image-67744 alignleft\" src=\"https:\/\/www.radiopiu.net\/wordpress\/wp-content\/uploads\/2018\/11\/PD.png\" alt=\"\" width=\"139\" height=\"112\" \/><\/a>VENEZIA <\/strong>I consiglieri regionali del PD Veneto, Anna Maria Bigon e Andrea Zanoni, commentano la decisione di Fimmg di abbandonare il tavolo tecnico per l&#8217;accordo integrativo regionale dei medici di famiglia. Accusano la Giunta regionale di resistenze e mancanza di investimenti adeguati per garantire il supporto amministrativo ai medici, che affrontano carenze evidenti e croniche. Criticano la mancanza di volont\u00e0 di investire le risorse disponibili per risolvere le carenze di personale, affermando che questa situazione mette a rischio la medicina territoriale.<\/p>\n<p>&nbsp;<\/p>\n<p>&nbsp;<\/p>\n<p>&nbsp;<\/p>\n<hr \/>\n<p>&nbsp;<\/p>\n<blockquote>\n<h3>BANDO DA OLTRE 24 MLN DI EURO PER AMMODERNAMENTO DELLE MACCHINE AGRICOLE<\/h3>\n<\/blockquote>\n<p><strong><a class=\"dt-pswp-item\" href=\"https:\/\/www.radiopiu.net\/wordpress\/wp-content\/uploads\/2021\/03\/FEDERICO-CANER.jpg\" data-dt-img-description=\"\" data-large_image_width=\"1490\" data-large_image_height=\"1122\"><img loading=\"lazy\" decoding=\"async\" class=\" wp-image-195491 alignleft\" src=\"https:\/\/www.radiopiu.net\/wordpress\/wp-content\/uploads\/2021\/03\/FEDERICO-CANER-300x226.jpg\" alt=\"\" width=\"153\" height=\"115\" srcset=\"https:\/\/www.radiopiu.net\/wordpress\/wp-content\/uploads\/2021\/03\/FEDERICO-CANER-300x226.jpg 300w, https:\/\/www.radiopiu.net\/wordpress\/wp-content\/uploads\/2021\/03\/FEDERICO-CANER-1024x771.jpg 1024w, https:\/\/www.radiopiu.net\/wordpress\/wp-content\/uploads\/2021\/03\/FEDERICO-CANER-768x578.jpg 768w, https:\/\/www.radiopiu.net\/wordpress\/wp-content\/uploads\/2021\/03\/FEDERICO-CANER.jpg 1490w\" sizes=\"auto, (max-width: 153px) 100vw, 153px\" \/><\/a>VENEZIA<\/strong> L&#8217;assessore al Turismo della Regione del Veneto, Federico Caner, ha annunciato l&#8217;apertura di un bando di oltre 24 milioni di euro nell&#8217;ambito del Piano Nazionale di Ripresa e Resilienza. Il finanziamento mira a sostenere l&#8217;ammodernamento delle macchine agricole, promuovendo l&#8217;introduzione di tecniche di agricoltura di precisione. L&#8217;iniziativa \u00e8 finalizzata a favorire la transizione verso un&#8217;agricoltura sostenibile e attenta all&#8217;ambiente, contribuendo alla creazione di una filiera agroalimentare pi\u00f9 verde. I beneficiari del provvedimento sono le micro, piccole e medie imprese agricole, le cooperative agricole e le imprese agro-meccaniche.<\/p>\n<p>&nbsp;<\/p>\n<p>&nbsp;<\/p>\n<hr \/>\n<p>&nbsp;<\/p>\n<blockquote>\n<h3>VIDEOSORVEGLIANZA CITTADINA: LA GIUNTA COMUNALE D\u00c0 IL VIA LIBERA ALLE LINEE DI INDIRIZZO PER IL PROGETTO DI REVISIONE E AMPLIAMENTO<\/h3>\n<\/blockquote>\n<p><strong><a class=\"dt-pswp-item\" href=\"https:\/\/www.radiopiu.net\/wordpress\/wp-content\/uploads\/2022\/08\/VIDEOSORVEGLIANZA.png\" data-dt-img-description=\"\" data-large_image_width=\"1146\" data-large_image_height=\"884\"><img loading=\"lazy\" decoding=\"async\" class=\" wp-image-293411 alignleft\" src=\"https:\/\/www.radiopiu.net\/wordpress\/wp-content\/uploads\/2022\/08\/VIDEOSORVEGLIANZA-300x231.png\" alt=\"\" width=\"139\" height=\"107\" srcset=\"https:\/\/www.radiopiu.net\/wordpress\/wp-content\/uploads\/2022\/08\/VIDEOSORVEGLIANZA-300x231.png 300w, https:\/\/www.radiopiu.net\/wordpress\/wp-content\/uploads\/2022\/08\/VIDEOSORVEGLIANZA-1024x790.png 1024w, https:\/\/www.radiopiu.net\/wordpress\/wp-content\/uploads\/2022\/08\/VIDEOSORVEGLIANZA-768x592.png 768w, https:\/\/www.radiopiu.net\/wordpress\/wp-content\/uploads\/2022\/08\/VIDEOSORVEGLIANZA.png 1146w\" sizes=\"auto, (max-width: 139px) 100vw, 139px\" \/><\/a>FELTRE<\/strong> La Giunta comunale di Feltre ha approvato le linee guida per l&#8217;ampliamento e l&#8217;ammodernamento del sistema di videosorveglianza sul territorio. L&#8217;obiettivo \u00e8 migliorare il livello di sicurezza, prevenire la micro-criminalit\u00e0 e modernizzare l&#8217;attuale impianto con l&#8217;integrazione di telecamere per la lettura delle targhe. Il progetto, stimato in circa 570 mila euro, mira a creare un piano di sicurezza urbana e sar\u00e0 realizzato per stralci funzionali. La proposta sar\u00e0 sottoposta al parere del Comitato per l&#8217;Ordine e Sicurezza Pubblica presso la Prefettura di Belluno.<\/p>\n<p>&nbsp;<\/p>\n<p>&nbsp;<\/p>\n<hr \/>\n<p>&nbsp;<\/p>\n<blockquote>\n<h3>DIECIMILA EURO ALLE ASSOCIAZIONI SPORTIVE DEL COMUNE DI PONTE NELLE ALPI<\/h3>\n<\/blockquote>\n<p><strong><a class=\"dt-pswp-item\" href=\"https:\/\/www.radiopiu.net\/wordpress\/wp-content\/uploads\/2023\/12\/Contributo_alle_associazioni_sportive.jpg\" data-dt-img-description=\"\" data-large_image_width=\"1350\" data-large_image_height=\"769\"><img loading=\"lazy\" decoding=\"async\" class=\" wp-image-367042 alignleft\" src=\"https:\/\/www.radiopiu.net\/wordpress\/wp-content\/uploads\/2023\/12\/Contributo_alle_associazioni_sportive-300x171.jpg\" alt=\"\" width=\"170\" height=\"97\" srcset=\"https:\/\/www.radiopiu.net\/wordpress\/wp-content\/uploads\/2023\/12\/Contributo_alle_associazioni_sportive-300x171.jpg 300w, https:\/\/www.radiopiu.net\/wordpress\/wp-content\/uploads\/2023\/12\/Contributo_alle_associazioni_sportive-1024x583.jpg 1024w, https:\/\/www.radiopiu.net\/wordpress\/wp-content\/uploads\/2023\/12\/Contributo_alle_associazioni_sportive-768x437.jpg 768w, https:\/\/www.radiopiu.net\/wordpress\/wp-content\/uploads\/2023\/12\/Contributo_alle_associazioni_sportive.jpg 1350w\" sizes=\"auto, (max-width: 170px) 100vw, 170px\" \/><\/a>PONTE NELLE ALPI<\/strong> La consulta comunale di Ponte nelle Alpi, dedicata allo sport e composta da associazioni e gruppi sportivi locali, assegna contributi annuali alle realt\u00e0 sportive del territorio. L&#8217;amministrazione comunale mette a disposizione una somma di 10.000 euro, e le varie associazioni presentano domande annuali per accedere a questi fondi. Questa iniziativa rappresenta un sostegno concreto alle attivit\u00e0 sportive locali, evidenziando l&#8217;impegno sia sul fronte finanziario che sulla manutenzione e riqualificazione delle strutture sportive, come il PalaQuantin, il bocciodromo e il poligono di tiro. La collaborazione con la Polisportiva e l&#8217;associazione Astra contribuisce alla gestione delle strutture, mentre i criteri di assegnazione dei contributi considerano i risultati sportivi, il numero di iscritti e l&#8217;impegno nel settore giovanile.<\/p>\n<p>&nbsp;<\/p>\n<hr \/>\n<p>&nbsp;<\/p>\n<blockquote>\n<h2>Espansione di Eccellenza: Ulss 1 Dolomiti Nomina Nuovi Primari per Anestesia e Rianimazione a Belluno e Ostetricia e Ginecologia a Feltre<\/h2>\n<\/blockquote>\n<p><strong><img loading=\"lazy\" decoding=\"async\" class=\"alignleft\" src=\"https:\/\/www.radiopiu.net\/wordpress\/wp-content\/uploads\/2023\/12\/95fc8ad2-3581-41f8-98a4-e70c2ea00361-scaled.jpg\" width=\"221\" height=\"166\" \/>BELLUNO<\/strong> Nuovi primari per i reparti di anestesia e rianimazione dell&#8217;ospedale di Belluno e di ostetricia e ginecologica di Feltre: presentate dall&#8217;Ulss 1 Dolomiti le nuove direttrici, che fanno cos\u00ec salire a 11 i primari assunti dall&#8217;azienda sanitaria nel corso di quest&#8217;anno.<\/p>\n<p><strong>DI DANIELE DALVIT\u00a0<\/strong><\/p>\n<audio class=\"wp-audio-shortcode\" id=\"audio-367019-6\" preload=\"none\" style=\"width: 100%;\" controls=\"controls\"><source type=\"audio\/mpeg\" src=\"https:\/\/www.radiopiu.net\/wordpress\/wp-content\/uploads\/2023\/12\/Radio-Piu-Servizio-Nuove-primarie-Ulss.mp3?_=6\" \/><a href=\"https:\/\/www.radiopiu.net\/wordpress\/wp-content\/uploads\/2023\/12\/Radio-Piu-Servizio-Nuove-primarie-Ulss.mp3\">https:\/\/www.radiopiu.net\/wordpress\/wp-content\/uploads\/2023\/12\/Radio-Piu-Servizio-Nuove-primarie-Ulss.mp3<\/a><\/audio>\n<p>&nbsp;<\/p>\n<hr \/>\n<p>&nbsp;<\/p>\n<p>&nbsp;<\/p>\n<blockquote>\n<h3><a class=\"dt-pswp-item\" href=\"https:\/\/www.radiopiu.net\/wordpress\/wp-content\/uploads\/2023\/12\/17fe348f-45e7-44e7-89e7-a6705b92d0c2.jpg\" data-dt-img-description=\"\" data-large_image_width=\"500\" data-large_image_height=\"500\"><img loading=\"lazy\" decoding=\"async\" class=\"wp-image-367075 alignleft\" src=\"https:\/\/www.radiopiu.net\/wordpress\/wp-content\/uploads\/2023\/12\/17fe348f-45e7-44e7-89e7-a6705b92d0c2-300x300.jpg\" alt=\"\" width=\"142\" height=\"142\" srcset=\"https:\/\/www.radiopiu.net\/wordpress\/wp-content\/uploads\/2023\/12\/17fe348f-45e7-44e7-89e7-a6705b92d0c2-300x300.jpg 300w, https:\/\/www.radiopiu.net\/wordpress\/wp-content\/uploads\/2023\/12\/17fe348f-45e7-44e7-89e7-a6705b92d0c2-150x150.jpg 150w, https:\/\/www.radiopiu.net\/wordpress\/wp-content\/uploads\/2023\/12\/17fe348f-45e7-44e7-89e7-a6705b92d0c2.jpg 500w\" sizes=\"auto, (max-width: 142px) 100vw, 142px\" \/><\/a>CORTINA, STAGIONE DI GRANDE EVENTI SPORTIVI CON FONDAZIONE CORTINA<\/h3>\n<\/blockquote>\n<p>&nbsp;<\/p>\n<p>&nbsp;<\/p>\n<p>&nbsp;<\/p>\n<p>&nbsp;<\/p>\n<p><strong>PER LE TRE RADIO, BARBARA PAOLAZZI<\/strong><\/p>\n<audio class=\"wp-audio-shortcode\" id=\"audio-367019-7\" preload=\"none\" style=\"width: 100%;\" controls=\"controls\"><source type=\"audio\/mpeg\" src=\"https:\/\/www.radiopiu.net\/wordpress\/wp-content\/uploads\/2023\/12\/barbara.mp3?_=7\" \/><a href=\"https:\/\/www.radiopiu.net\/wordpress\/wp-content\/uploads\/2023\/12\/barbara.mp3\">https:\/\/www.radiopiu.net\/wordpress\/wp-content\/uploads\/2023\/12\/barbara.mp3<\/a><\/audio>\n<p>&nbsp;<\/p>\n<p>&nbsp;<\/p>\n<hr \/>\n<p>&nbsp;<\/p>\n<p>&nbsp;<\/p>\n<p align=\"CENTER\"><i><b><span style=\"font-size: xx-large;\">Introduzione alla geopolitica<\/span><span style=\"font-size: x-large;\"> con la Terra dei Padri<\/span><\/b><\/i><\/p>\n<p><strong>BELLUNO<\/strong> Il Circolo culturale &#8220;La Terra dei Padri Belluno APS&#8221; organizza un corso di introduzione alla geopolitica con Francesco Dematt\u00e8, ex docente di storia e filosofia nei Licei. Il corso prevede 5 incontri, ogni luned\u00ec dal 15 gennaio al 12 febbraio 2024, dalle 18.00 alle 19.00, presso la sede del circolo a Borgo Piave, Belluno. La riflessione si concentra sulla nascita della geopolitica nell&#8217;Europa del XIX secolo, con un&#8217;analisi critica delle teorie di Schmitt, Mackinder, Haushofer e Massi. Per informazioni e iscrizioni, \u00e8 possibile contattare direttamente la sede del circolo o Francesco Dematt\u00e8 francesco1dematte@gmail.com, telefono: 320\/0504334<\/p>\n<p>&nbsp;<\/p>\n<p>&nbsp;<\/p>\n<hr \/>\n<p>&nbsp;<\/p>\n<h2><span style=\"color: #ff0000;\">I CONSIGLI COMUNALI IN AGORDINO<\/span><\/h2>\n<blockquote>\n<h3>A LA VALLE TAIBON LIVINALLONGO E VOLTAGO CONSIGLIO COMUNALE PRIMA DI CAPODANNO<\/h3>\n<\/blockquote>\n<p><strong>LA VALLE<\/strong> Bilancio ma non solo in discussione nel consiglio comunale convocato dal sindaco Ezio Zuanel per il 29 dicembre alle 18. Saranno approvate infatti le aliquote Imu per il 2024, saranno approvati il piano delle alienazioni, il bilancio di previsione e il Dup e si esaminer\u00e0 la bozza di convenzione per la gestione della scuola dell&#8217;infanzia Gianelli. Sul tavolo anche l&#8217;accordo con l&#8217;Unione montana per la gestione associata dei cimiteri.<\/p>\n<p><strong>TAIBON<\/strong> Consiglio comunale convocato dal sindaco Silvia Tormen per mercoled\u00ec 27 dicembre. 9 punti da discutere: tra questi il bilancio dell&#8217;azienda speciale multiservizi, adizionale comunale IRPEF, IMU, l&#8217;aggiornamento al DUP, la revisione delle partecipazioni societarie e il regolamento per la concessione di aree cimiteriali.<\/p>\n<p><strong>VOLTAGO<\/strong> Il sindaco di Voltago Giuseppe Schena ha chiamato a rapporto i consiglieri per venerd\u00ec 29 dicembre. Sei punti da trattare tra cui una variazione a bilancio, IMU, addizionale comunale all&#8217;imposta sul reddito delle persone e la revisione delle partecipazioni societarie.<\/p>\n<p><strong>LIVINALLONGO<\/strong> Il sindaco Leandro Grones ha convocato il consiglio comunale per gioved\u00ec 28 dicembre alle 20:30. Tra i punti da discutere l&#8217;approvazione del DUP, IMU, IRPEF, la verifica delle aree fabbricabili, l&#8217;approvazione del bilancio 2024\/2026 e la revisione delle partecipazioni societarie.<\/p>\n<p>&nbsp;<\/p>\n<p>&nbsp;<\/p>\n<hr \/>\n<p>&nbsp;<\/p>\n<blockquote>\n<h3>MERCOLEDI L&#8217;ASSEMBLEA GENERALE DEL CONSORZIO BIM PIAVE<\/h3>\n<\/blockquote>\n<p><strong>BELLUNO<\/strong> E&#8217; stata convocata per mercoled\u00ec alle 14:30 nella sala convegni ANA di Belluno. Sono sei i punti da discutere. Tra questi una variazione a bilancio, l&#8217;approvazione del bilancio 2024\/2026 e la revisione periodica delle societ\u00e0 partecipate.<\/p>\n<p>&nbsp;<\/p>\n<p>&nbsp;<\/p>\n<hr \/>\n<p>&nbsp;<\/p>\n<blockquote>\n<h2>OGGI SARA&#8217; INAUGURATA L&#8217;OPERA DI DUNIO<\/h2>\n<\/blockquote>\n<p><strong>AGORDO<\/strong><\/p>\n<p>di Gianni Santomaso<\/p>\n<audio class=\"wp-audio-shortcode\" id=\"audio-367019-8\" preload=\"none\" style=\"width: 100%;\" controls=\"controls\"><source type=\"audio\/mpeg\" src=\"https:\/\/www.radiopiu.net\/wordpress\/wp-content\/uploads\/2023\/08\/GIANNI-DUNIO-PICCOLIN-ABBELISCE-LA-SEDE-DELLUNIONE-MONTANA-AGORDINA.mp3?_=8\" \/><a href=\"https:\/\/www.radiopiu.net\/wordpress\/wp-content\/uploads\/2023\/08\/GIANNI-DUNIO-PICCOLIN-ABBELISCE-LA-SEDE-DELLUNIONE-MONTANA-AGORDINA.mp3\">https:\/\/www.radiopiu.net\/wordpress\/wp-content\/uploads\/2023\/08\/GIANNI-DUNIO-PICCOLIN-ABBELISCE-LA-SEDE-DELLUNIONE-MONTANA-AGORDINA.mp3<\/a><\/audio>\n<p>&nbsp;<\/p>\n\n\t\t\t<style type='text\/css'>\n\t\t\t\t#gallery-2 {\n\t\t\t\t\tmargin: auto;\n\t\t\t\t}\n\t\t\t\t#gallery-2 .gallery-item {\n\t\t\t\t\tfloat: left;\n\t\t\t\t\tmargin-top: 10px;\n\t\t\t\t\ttext-align: center;\n\t\t\t\t\twidth: 33%;\n\t\t\t\t}\n\t\t\t\t#gallery-2 img {\n\t\t\t\t\tborder: 2px solid #cfcfcf;\n\t\t\t\t}\n\t\t\t\t#gallery-2 .gallery-caption {\n\t\t\t\t\tmargin-left: 0;\n\t\t\t\t}\n\t\t\t\t\/* see gallery_shortcode() in wp-includes\/media.php *\/\n\t\t\t<\/style>\n\t\t<div id='gallery-2' class='dt-gallery-container gallery galleryid-367019 gallery-columns-3 gallery-size-thumbnail'><dl class='gallery-item'>\n\t\t\t\t<dt class='gallery-icon landscape'>\n\t\t\t\t\t<a class=\"rollover rollover-zoom dt-pswp-item\" title=\"b12dec15-b567-4ea3-bef9-7929549af429\" data-dt-img-description=\"\" data-large_image_width=\"768\" data-large_image_height=\"696\"href='https:\/\/www.radiopiu.net\/wordpress\/wp-content\/uploads\/2023\/08\/b12dec15-b567-4ea3-bef9-7929549af429.jpg'><img loading=\"lazy\" decoding=\"async\" width=\"150\" height=\"150\" src=\"https:\/\/www.radiopiu.net\/wordpress\/wp-content\/uploads\/2023\/08\/b12dec15-b567-4ea3-bef9-7929549af429-150x150.jpg\" class=\"attachment-thumbnail size-thumbnail\" alt=\"\" \/><\/a>\n\t\t\t\t<\/dt><\/dl><dl class='gallery-item'>\n\t\t\t\t<dt class='gallery-icon landscape'>\n\t\t\t\t\t<a class=\"rollover rollover-zoom dt-pswp-item\" title=\"f8b9f238-9974-43eb-a90e-f7f9ea363481\" data-dt-img-description=\"\" data-large_image_width=\"1317\" data-large_image_height=\"711\"href='https:\/\/www.radiopiu.net\/wordpress\/wp-content\/uploads\/2023\/08\/f8b9f238-9974-43eb-a90e-f7f9ea363481.jpg'><img loading=\"lazy\" decoding=\"async\" width=\"150\" height=\"150\" src=\"https:\/\/www.radiopiu.net\/wordpress\/wp-content\/uploads\/2023\/08\/f8b9f238-9974-43eb-a90e-f7f9ea363481-150x150.jpg\" class=\"attachment-thumbnail size-thumbnail\" alt=\"\" \/><\/a>\n\t\t\t\t<\/dt><\/dl><dl class='gallery-item'>\n\t\t\t\t<dt class='gallery-icon portrait'>\n\t\t\t\t\t<a class=\"rollover rollover-zoom dt-pswp-item\" title=\"3a7dc0ab-b0d3-418e-9e61-0b0499a98f18\" data-dt-img-description=\"\" data-large_image_width=\"1536\" data-large_image_height=\"2048\"href='https:\/\/www.radiopiu.net\/wordpress\/wp-content\/uploads\/2023\/08\/3a7dc0ab-b0d3-418e-9e61-0b0499a98f18.jpg'><img loading=\"lazy\" decoding=\"async\" width=\"150\" height=\"150\" src=\"https:\/\/www.radiopiu.net\/wordpress\/wp-content\/uploads\/2023\/08\/3a7dc0ab-b0d3-418e-9e61-0b0499a98f18-150x150.jpg\" class=\"attachment-thumbnail size-thumbnail\" alt=\"\" \/><\/a>\n\t\t\t\t<\/dt><\/dl><br style=\"clear: both\" \/>\n\t\t\t<\/div>\n\n<p>&nbsp;<\/p>\n<hr \/>\n<p>&nbsp;<\/p>\n<p>&nbsp;<\/p>\n<blockquote>\n<h3>UN SOGNO A CINQUE CERCHI, IL LIBRO IN SALA CONSILIARE A FALCADE<\/h3>\n<\/blockquote>\n<p><strong>FALCADE<\/strong> Mercoledi alle 17.30 in sala consiliare a Falcade sar\u00e0 presentato il libro di Mari Cristina Pasqualetto. Moderatrice della serata la giornalista e\u00a0 &#8220;Donna avventura&#8221; Camilla Ronchi. Alcuni dei brani verranno cantati da Nicole Lorenzet. Un&#8217;iniziativa promossa dalle blblioteche di Falcade, Canale d&#8217;Agordo, Vallada e la Libreria Canton del Libro di Falcade in collaborazione con il Comune, Alpini Ana Falcade e Caviola che si occuperanno del brul\u00e8..salati e dolci eventuali.<\/p>\n<p><em><img loading=\"lazy\" decoding=\"async\" class=\"alignleft\" src=\"https:\/\/www.radiopiu.net\/wordpress\/wp-content\/uploads\/2023\/12\/IMG-20231207-WA0006.jpg\" width=\"226\" height=\"310\" \/>Quanto \u00e8 difficile costruire un sogno? Quanti ostacoli sono necessari affrontare per realizzarlo? Elisa, sedicenne appassionata di nuoto da sempre, vive nel suo mondo fatto di piscine, allenamenti e gare. Tutto cambia quando l&#8217;adolescenza si presenta prepotentemente, portando con s\u00e9 sconvolgimenti fisici ed emotivi che complicano le cose. Elisa inizia a vacillare, mettendo a rischio la sua passione per il nuoto e i suoi sogni di atleta. Deve decidere se continuare a dividere il suo tempo tra gli allenamenti e lo studio o se seguire la vita dei suoi coetanei. Desidera nuove amicizie? E quello che sembra essere amore \u00e8 davvero tale? Rispondere a queste domande diventa impossibile senza intraprendere un percorso nuovo che la porter\u00e0 lontano, anche da s\u00e9 stessa. Riuscir\u00e0 a ritrovare la strada per il suo &#8220;sogno a cinque cerchi,&#8221; le Olimpiadi, o \u00e8 definitivamente perduta? L&#8217;autrice, nata a Dolo in provincia di Venezia nel 1978, \u00e8 medico cardiologo e appassionata di sport, in particolare del nuoto. Pur non avendo avuto una carriera da agonista e avendo scoperto l&#8217;amore per l&#8217;acqua in et\u00e0 adulta, ha deciso di unire le sue due passioni, cardiologia e sport. Ha approfondito tali tematiche con un Master in Cardiologia dello Sport presso il centro di cardiologia dello sport dell&#8217;Universit\u00e0 di Padova, diventando socio aggregato della Federazione di Medicina Sportiva Italiana. Attualmente, \u00e8 Medico sociale della scuola agonistica Riviera Nuoto di Dolo, dove segue con passione le vicende degli atleti nei loro percorsi agonistici, offrendo anche supporto medico quando necessario. Questo libro trae ispirazione dalle storie di vita vissuta degli atleti che ha seguito, rivolgendosi direttamente al cuore del lettore.\u00a0<\/em><\/p>\n<p>&nbsp;<\/p>\n<hr \/>\n<p>&nbsp;<\/p>\n<blockquote>\n<h3>Un Nuovo Racconto Cinematografico dalla AM-Production del Liceo Artistico Tomaso Catullo di Belluno<\/h3>\n<\/blockquote>\n<p><strong>BELLUNO<\/strong> Gli studenti della AM-Production del Liceo Artistico Tomaso Catullo di Belluno presentano il loro nuovo cortometraggio, &#8220;Changes&#8221;. Seguito al successo de &#8220;Il ciondolo&#8221;, il film, scritto e diretto dagli studenti della classe 4am multimediale con la Professoressa Emanuela Licciardelli, propone una riflessione sul significato autentico del Natale e va oltre. &#8220;Changes&#8221; affronta il tema del disagio, dell&#8217;indifferenza e dell&#8217;abbandono durante le festivit\u00e0 natalizie, criticando il consumismo che si discosta dai valori di altruismo e amore verso il prossimo. Attraverso il linguaggio cinematografico, il cortometraggio narra come dalla difficolt\u00e0 possa emergere la forza di un nuovo inizio. La Prof.ssa Emanuela Licciardelli elogia il talento degli studenti nel trattare temi delicati con maestria di scrittura e regia, con l&#8217;obiettivo di trasformare Belluno in una piccola Cinecitt\u00e0 nel 2024, producendo ulteriori progetti audiovisivi. Coinvolgendo docenti, familiari e studenti di altri corsi, il cortometraggio diventa un&#8217;esperienza collettiva. &#8220;Changes&#8221; \u00e8 disponibile sulla pagina YouTube della AM-Production e sul canale Instagram @emmeproductionclass.<\/p>\n<p>&nbsp;<\/p>\n<hr \/>\n<p>&nbsp;<\/p>\n<blockquote>\n<h1>il pacchetto rosso alla scuola infanzia di Maras<\/h1>\n<\/blockquote>\n<p><strong>SEDICO<\/strong> I genitori della scuola dell&#8217;infanzia di Maras, parte dell&#8217;Istituto comprensivo di Sedico-Sospirolo, hanno realizzato un&#8217;iniziativa ispirata alle parole di Madre Teresa: &#8220;Non \u00e8 tanto quello che diamo, ma quanto amore mettiamo nel dare&#8221;. In collaborazione con insegnanti e bambini, hanno allestito il nuovo giardino del plesso decorandolo con pacchetti rossi, ognuno contenente un messaggio speciale sulla vera essenza del Natale. Le famiglie hanno partecipato con contributi personali, creando pacchetti di diverse forme e dimensioni, simboleggianti l&#8217;unicit\u00e0 di ciascun contributo. Ogni pacchetto \u00e8 unico e contiene frasi, citazioni e parole scritte con amore dai genitori e dai loro bambini. L&#8217;iniziativa promuove il valore dell&#8217;essere presenti e il vero regalo del Natale, incoraggiando la connessione tra scuola e casa. La magia dei pacchetti rossi rimane un segreto, una sorpresa natalizia che si pu\u00f2 ammirare ma non aprire.<\/p>\n\n\t\t\t<style type='text\/css'>\n\t\t\t\t#gallery-3 {\n\t\t\t\t\tmargin: auto;\n\t\t\t\t}\n\t\t\t\t#gallery-3 .gallery-item {\n\t\t\t\t\tfloat: left;\n\t\t\t\t\tmargin-top: 10px;\n\t\t\t\t\ttext-align: center;\n\t\t\t\t\twidth: 33%;\n\t\t\t\t}\n\t\t\t\t#gallery-3 img {\n\t\t\t\t\tborder: 2px solid #cfcfcf;\n\t\t\t\t}\n\t\t\t\t#gallery-3 .gallery-caption {\n\t\t\t\t\tmargin-left: 0;\n\t\t\t\t}\n\t\t\t\t\/* see gallery_shortcode() in wp-includes\/media.php *\/\n\t\t\t<\/style>\n\t\t<div id='gallery-3' class='dt-gallery-container gallery galleryid-367019 gallery-columns-3 gallery-size-thumbnail'><dl class='gallery-item'>\n\t\t\t\t<dt class='gallery-icon portrait'>\n\t\t\t\t\t<a class=\"rollover rollover-zoom dt-pswp-item\" title=\"fotogiardino 4\" data-dt-img-description=\"\" data-large_image_width=\"1041\" data-large_image_height=\"1849\"href='https:\/\/www.radiopiu.net\/wordpress\/wp-content\/uploads\/2023\/12\/fotogiardino-4-rotated-e1703170159146.jpg'><img loading=\"lazy\" decoding=\"async\" width=\"150\" height=\"150\" src=\"https:\/\/www.radiopiu.net\/wordpress\/wp-content\/uploads\/2023\/12\/fotogiardino-4-rotated-e1703170159146-150x150.jpg\" class=\"attachment-thumbnail size-thumbnail\" alt=\"\" \/><\/a>\n\t\t\t\t<\/dt><\/dl><dl class='gallery-item'>\n\t\t\t\t<dt class='gallery-icon landscape'>\n\t\t\t\t\t<a class=\"rollover rollover-zoom dt-pswp-item\" title=\"foto giardino\" data-dt-img-description=\"\" data-large_image_width=\"1849\" data-large_image_height=\"1041\"href='https:\/\/www.radiopiu.net\/wordpress\/wp-content\/uploads\/2023\/12\/foto-giardino-.jpg'><img loading=\"lazy\" decoding=\"async\" width=\"150\" height=\"150\" src=\"https:\/\/www.radiopiu.net\/wordpress\/wp-content\/uploads\/2023\/12\/foto-giardino--150x150.jpg\" class=\"attachment-thumbnail size-thumbnail\" alt=\"\" \/><\/a>\n\t\t\t\t<\/dt><\/dl><dl class='gallery-item'>\n\t\t\t\t<dt class='gallery-icon landscape'>\n\t\t\t\t\t<a class=\"rollover rollover-zoom dt-pswp-item\" title=\"foto giardino INF. MARAS\" data-dt-img-description=\"\" data-large_image_width=\"1849\" data-large_image_height=\"1041\"href='https:\/\/www.radiopiu.net\/wordpress\/wp-content\/uploads\/2023\/12\/foto-giardino-INF.-MARAS.jpg'><img loading=\"lazy\" decoding=\"async\" width=\"150\" height=\"150\" src=\"https:\/\/www.radiopiu.net\/wordpress\/wp-content\/uploads\/2023\/12\/foto-giardino-INF.-MARAS-150x150.jpg\" class=\"attachment-thumbnail size-thumbnail\" alt=\"\" \/><\/a>\n\t\t\t\t<\/dt><\/dl><br style=\"clear: both\" \/>\n\t\t\t<\/div>\n\n<p>&nbsp;<\/p>\n<p>&nbsp;<\/p>\n<hr \/>\n<p>&nbsp;<\/p>\n<h2><span style=\"color: #ff6600;\">IERI ALLA RADIO<\/span><\/h2>\n<h2><span style=\"color: #ff00ff;\">LETTURE E CULTURE<\/span><\/h2>\n<p><a class=\"dt-pswp-item\" href=\"https:\/\/www.radiopiu.net\/wordpress\/wp-content\/uploads\/2023\/12\/407369689_190036974180129_2995837797567562467_n.jpg\" data-dt-img-description=\"\" data-large_image_width=\"960\" data-large_image_height=\"950\"><img loading=\"lazy\" decoding=\"async\" class=\" wp-image-366503 alignleft\" src=\"https:\/\/www.radiopiu.net\/wordpress\/wp-content\/uploads\/2023\/12\/407369689_190036974180129_2995837797567562467_n-300x297.jpg\" alt=\"\" width=\"141\" height=\"140\" srcset=\"https:\/\/www.radiopiu.net\/wordpress\/wp-content\/uploads\/2023\/12\/407369689_190036974180129_2995837797567562467_n-300x297.jpg 300w, https:\/\/www.radiopiu.net\/wordpress\/wp-content\/uploads\/2023\/12\/407369689_190036974180129_2995837797567562467_n-150x150.jpg 150w, https:\/\/www.radiopiu.net\/wordpress\/wp-content\/uploads\/2023\/12\/407369689_190036974180129_2995837797567562467_n-768x760.jpg 768w, https:\/\/www.radiopiu.net\/wordpress\/wp-content\/uploads\/2023\/12\/407369689_190036974180129_2995837797567562467_n.jpg 960w\" sizes=\"auto, (max-width: 141px) 100vw, 141px\" \/><\/a>Nuovo appuntamento sulle frequenze di Radio Pi\u00f9. Per tutta la settimana Marina Don\u00e0 in collaborazione con il Borgo di Palue e il Libro Parlato di Feltre, Luisa Alchini e Eleonora Treve, presentano &#8220;LETTURE E CULTURE&#8221;<\/p>\n<p><strong>PUNTATA 04 &#8211; DEL 21 DICEMBRE 2023<\/strong><\/p>\n<audio class=\"wp-audio-shortcode\" id=\"audio-367019-9\" preload=\"none\" style=\"width: 100%;\" controls=\"controls\"><source type=\"audio\/mpeg\" src=\"https:\/\/www.radiopiu.net\/wordpress\/wp-content\/uploads\/2023\/12\/4-PUNTATA-LETTURE-E-CULTURE-1.mp3?_=9\" \/><a href=\"https:\/\/www.radiopiu.net\/wordpress\/wp-content\/uploads\/2023\/12\/4-PUNTATA-LETTURE-E-CULTURE-1.mp3\">https:\/\/www.radiopiu.net\/wordpress\/wp-content\/uploads\/2023\/12\/4-PUNTATA-LETTURE-E-CULTURE-1.mp3<\/a><\/audio>\n<p>&nbsp;<\/p>\n<h2><span style=\"color: #339966;\">IL NATALE CON LA PROLOCO DI CAVIOLA<\/span><\/h2>\n<p><strong><a class=\"dt-pswp-item\" href=\"https:\/\/www.radiopiu.net\/wordpress\/wp-content\/uploads\/2023\/12\/409643450_851488423443013_4454879018367072175_n.jpg\" data-dt-img-description=\"\" data-large_image_width=\"1599\" data-large_image_height=\"1200\"><img loading=\"lazy\" decoding=\"async\" class=\" wp-image-365807 alignleft\" src=\"https:\/\/www.radiopiu.net\/wordpress\/wp-content\/uploads\/2023\/12\/409643450_851488423443013_4454879018367072175_n-300x225.jpg\" alt=\"\" width=\"168\" height=\"126\" srcset=\"https:\/\/www.radiopiu.net\/wordpress\/wp-content\/uploads\/2023\/12\/409643450_851488423443013_4454879018367072175_n-300x225.jpg 300w, https:\/\/www.radiopiu.net\/wordpress\/wp-content\/uploads\/2023\/12\/409643450_851488423443013_4454879018367072175_n-1024x768.jpg 1024w, https:\/\/www.radiopiu.net\/wordpress\/wp-content\/uploads\/2023\/12\/409643450_851488423443013_4454879018367072175_n-768x576.jpg 768w, https:\/\/www.radiopiu.net\/wordpress\/wp-content\/uploads\/2023\/12\/409643450_851488423443013_4454879018367072175_n-1536x1153.jpg 1536w, https:\/\/www.radiopiu.net\/wordpress\/wp-content\/uploads\/2023\/12\/409643450_851488423443013_4454879018367072175_n.jpg 1599w\" sizes=\"auto, (max-width: 168px) 100vw, 168px\" \/><\/a>DI MIRKO MEZZACASA<\/strong><\/p>\n<p>OSPITI: Alessio Valt, Andrea Monica Costa e Thomas Ganz<\/p>\n<audio class=\"wp-audio-shortcode\" id=\"audio-367019-10\" preload=\"none\" style=\"width: 100%;\" controls=\"controls\"><source type=\"audio\/mpeg\" src=\"https:\/\/www.radiopiu.net\/wordpress\/wp-content\/uploads\/2023\/12\/PROLOCO-CAVIOLA_NATALE.mp3?_=10\" \/><a href=\"https:\/\/www.radiopiu.net\/wordpress\/wp-content\/uploads\/2023\/12\/PROLOCO-CAVIOLA_NATALE.mp3\">https:\/\/www.radiopiu.net\/wordpress\/wp-content\/uploads\/2023\/12\/PROLOCO-CAVIOLA_NATALE.mp3<\/a><\/audio>\n<p>&nbsp;<\/p>\n<h2 class=\"entry-title\"><span style=\"color: #00ccff;\">MATTEO CAGNATI PRESIDENTE SCI CLUB VAL BIOIS<\/span><\/h2>\n<p><strong><img loading=\"lazy\" decoding=\"async\" class=\"alignleft\" src=\"https:\/\/www.radiopiu.net\/wordpress\/wp-content\/uploads\/2020\/02\/download-4.jpg\" width=\"128\" height=\"124\" \/>FALCADE<\/strong> IL RITORNO ai microfoni di RADIOPIU del presidente dello Sci Club Val Biois. Oggi apre l&#8217;anello sulla piana di Falcade, per gli sciatori un chilometro e mezzo sulla pista Pietro Scola e oggi SABATO apre il pattinaggio. INTERVISTA DEL 15 DICEMBRE<\/p>\n<p>&nbsp;<\/p>\n<audio class=\"wp-audio-shortcode\" id=\"audio-367019-11\" preload=\"none\" style=\"width: 100%;\" controls=\"controls\"><source type=\"audio\/mpeg\" src=\"https:\/\/www.radiopiu.net\/wordpress\/wp-content\/uploads\/2023\/12\/matteo.mp3?_=11\" \/><a href=\"https:\/\/www.radiopiu.net\/wordpress\/wp-content\/uploads\/2023\/12\/matteo.mp3\">https:\/\/www.radiopiu.net\/wordpress\/wp-content\/uploads\/2023\/12\/matteo.mp3<\/a><\/audio>\n<p>&nbsp;<\/p>\n<p>&nbsp;<\/p>\n<p>&nbsp;<\/p>\n<hr \/>\n<p>&nbsp;<\/p>\n<h2><span style=\"color: #ff0000;\">GLI APPUNTAMENTI DELLA SETTIMANA\u00a0<\/span><\/h2>\n<p><strong>LA NOVITA&#8217; ALLA PISCINA DI AGORDO WONDERLAND, IL GONFIABILE GIGANTE VIENITE A PROVARLO DURANTE LE FESTE, 27 E 30 DICEMBRE DALLE 9.30 ALLE 13 E DALLE 15 ALLE 19 IL 28 E 29 DICEMBRE DALLE 15 ALLE 19 CON TANTI AUGURI DI BUONE FESTE\u00a0<\/strong><\/p>\n<p><strong>AGORDO In piscina con Giorgio De Nardin e Roberto Broglio<\/strong><\/p>\n<p><iframe loading=\"lazy\" title=\"Piscina agordo\" width=\"1200\" height=\"675\" src=\"https:\/\/www.youtube.com\/embed\/yGvbmrCAOXY?feature=oembed\" frameborder=\"0\" allow=\"accelerometer; autoplay; clipboard-write; encrypted-media; gyroscope; picture-in-picture; web-share\" allowfullscreen><\/iframe><\/p>\n<p>&nbsp;<\/p>\n<hr \/>\n<p>&nbsp;<\/p>\n<p>&nbsp;<\/p>\n<p>&nbsp;<\/p>\n<h1>T O M B\u00a0 O L A\u00a0 ad Agordo<\/h1>\n<h1>DI GIANNI SANTOMASO<\/h1>\n<audio class=\"wp-audio-shortcode\" id=\"audio-367019-12\" preload=\"none\" style=\"width: 100%;\" controls=\"controls\"><source type=\"audio\/mpeg\" src=\"https:\/\/www.radiopiu.net\/wordpress\/wp-content\/uploads\/2023\/12\/la-tombola-in-sala-don-tamis-gianni-santomaso.mp3?_=12\" \/><a href=\"https:\/\/www.radiopiu.net\/wordpress\/wp-content\/uploads\/2023\/12\/la-tombola-in-sala-don-tamis-gianni-santomaso.mp3\">https:\/\/www.radiopiu.net\/wordpress\/wp-content\/uploads\/2023\/12\/la-tombola-in-sala-don-tamis-gianni-santomaso.mp3<\/a><\/audio>\n<p>&nbsp;<\/p>\n<p>&nbsp;<\/p>\n<p class=\"articlePlainText\"><strong class=\"photoswipe-wrapper\"><a class=\"dt-pswp-item pspw-wrap-ready\" href=\"https:\/\/www.radiopiu.net\/wordpress\/wp-content\/uploads\/2023\/11\/1f9b39ac-7445-4292-9e66-746ed8bde8d9.jpg\" data-dt-img-description=\"\" data-large_image_width=\"800\" data-large_image_height=\"1067\"><img loading=\"lazy\" decoding=\"async\" class=\" wp-image-360368 alignleft\" src=\"https:\/\/www.radiopiu.net\/wordpress\/wp-content\/uploads\/2023\/11\/1f9b39ac-7445-4292-9e66-746ed8bde8d9-225x300.jpg\" sizes=\"auto, (max-width: 182px) 100vw, 182px\" srcset=\"https:\/\/www.radiopiu.net\/wordpress\/wp-content\/uploads\/2023\/11\/1f9b39ac-7445-4292-9e66-746ed8bde8d9-225x300.jpg 225w, https:\/\/www.radiopiu.net\/wordpress\/wp-content\/uploads\/2023\/11\/1f9b39ac-7445-4292-9e66-746ed8bde8d9-768x1024.jpg 768w, https:\/\/www.radiopiu.net\/wordpress\/wp-content\/uploads\/2023\/11\/1f9b39ac-7445-4292-9e66-746ed8bde8d9.jpg 800w\" alt=\"\" width=\"105\" height=\"140\" \/><\/a>FELTRE<\/strong> Gli eventi in programma per celebrare i 40 anni del Libro Parlato di Feltre \u201cA. Sernagiotto\u201d.<\/p>\n<p><strong>OGGI <\/strong>alle 18 in Sala Ocri Presentazione del libro \u201cIl saldatore del Vajont\u201d con l\u2019autore Antonio G. Bortoluzzi \u2013 presenta Nicola Maccagnan<\/p>\n<p>&nbsp;<\/p>\n<p>&nbsp;<\/p>\n<p>&nbsp;<\/p>\n<blockquote>\n<h3>NADAL A SAN TOMAS<\/h3>\n<\/blockquote>\n<p><strong>SAN TOMASO <\/strong>Sono visitabili i presepi nelle frazioni di San Tomaso. Questi gli appuntamenti con le serate dedicate al Natale.<\/p>\n<p><strong>OGGI<\/strong> &#8220;Lettura Animata&#8221; le magiche storie di Natale. Sala della biblioteca alle 17:30<\/p>\n<p><strong>28 DICEMBRE<\/strong> &#8220;Racconti di Natale&#8221;, uno spettacolo di marionette per i pi\u00f9 piccoli. Sala parrocchiale alle 17<\/p>\n<p><strong>29 DICEMBRE<\/strong> &#8220;In viaggio con A. Edwards&#8221;, serata con Eleonora Pescosta che racconta la storia dell&#8217;escursionista inglese salita sul Sasso Bianco. Celat alle 20:30<\/p>\n<p><strong>04 GENNAIO<\/strong> &#8220;I Kropya&#8221; Concerto natalizio dell&#8217;ensamble vocale dei giovani di Livinallongo. Chiesa Parocchiale alle 20:30<\/p>\n<p>&nbsp;<\/p>\n<blockquote>\n<h3>DOMANI A TEATRO A BELLUNO<\/h3>\n<\/blockquote>\n<p><strong>BELLUNO<\/strong> Domani alle 21 al teatro Dino Buzzati di Belluno andr\u00e0 in scena Sing Sing Swing, un salto in dietro nella storia con la musica anni &#8217;30 e &#8217;40. Biglietti in vendita al botteghino del tatro a partire dalle 18.<\/p>\n<p>&nbsp;<\/p>\n<blockquote>\n<h3>AL CINEMA DI FALCADE NAPOLEON<\/h3>\n<\/blockquote>\n<p><strong>FALCADE <\/strong>Natale al cinema a Falcade. Domani, domenica e luned\u00ec verr\u00e0 proiettato il nuovo film di Ridley Scott &#8220;Napoleon&#8221;. Orari degli spettacoli alle 15:30 e alle 21. Sabato solo alle 21<\/p>\n<p>&nbsp;<\/p>\n<p><a class=\"dt-pswp-item\" href=\"https:\/\/www.radiopiu.net\/wordpress\/wp-content\/uploads\/2023\/12\/dff88b36-781a-43bb-9b78-9fae0e07edc6.jpg\" data-dt-img-description=\"\" data-large_image_width=\"832\" data-large_image_height=\"1024\"><img loading=\"lazy\" decoding=\"async\" class=\"size-medium wp-image-366117 aligncenter\" src=\"https:\/\/www.radiopiu.net\/wordpress\/wp-content\/uploads\/2023\/12\/dff88b36-781a-43bb-9b78-9fae0e07edc6-244x300.jpg\" alt=\"\" width=\"244\" height=\"300\" srcset=\"https:\/\/www.radiopiu.net\/wordpress\/wp-content\/uploads\/2023\/12\/dff88b36-781a-43bb-9b78-9fae0e07edc6-244x300.jpg 244w, https:\/\/www.radiopiu.net\/wordpress\/wp-content\/uploads\/2023\/12\/dff88b36-781a-43bb-9b78-9fae0e07edc6-768x945.jpg 768w, https:\/\/www.radiopiu.net\/wordpress\/wp-content\/uploads\/2023\/12\/dff88b36-781a-43bb-9b78-9fae0e07edc6.jpg 832w\" sizes=\"auto, (max-width: 244px) 100vw, 244px\" \/><\/a><\/p>\n<p>&nbsp;<\/p>\n<p>&nbsp;<\/p>\n<p>&nbsp;<\/p>\n<h2><span style=\"color: #ff0000;\">PROSSIMAMENTE&#8230;..\u00a0<\/span><\/h2>\n<p>&nbsp;<\/p>\n<p>&nbsp;<\/p>\n<blockquote>\n<h3><a class=\"dt-pswp-item\" href=\"https:\/\/www.radiopiu.net\/wordpress\/wp-content\/uploads\/2023\/12\/d75f9049-c143-412d-a761-164a9701a43a.jpg\" data-dt-img-description=\"\" data-large_image_width=\"1080\" data-large_image_height=\"1080\"><img loading=\"lazy\" decoding=\"async\" class=\"wp-image-366318 alignleft\" src=\"https:\/\/www.radiopiu.net\/wordpress\/wp-content\/uploads\/2023\/12\/d75f9049-c143-412d-a761-164a9701a43a-300x300.jpg\" alt=\"\" width=\"256\" height=\"256\" srcset=\"https:\/\/www.radiopiu.net\/wordpress\/wp-content\/uploads\/2023\/12\/d75f9049-c143-412d-a761-164a9701a43a-300x300.jpg 300w, https:\/\/www.radiopiu.net\/wordpress\/wp-content\/uploads\/2023\/12\/d75f9049-c143-412d-a761-164a9701a43a-1024x1024.jpg 1024w, https:\/\/www.radiopiu.net\/wordpress\/wp-content\/uploads\/2023\/12\/d75f9049-c143-412d-a761-164a9701a43a-150x150.jpg 150w, https:\/\/www.radiopiu.net\/wordpress\/wp-content\/uploads\/2023\/12\/d75f9049-c143-412d-a761-164a9701a43a-768x768.jpg 768w, https:\/\/www.radiopiu.net\/wordpress\/wp-content\/uploads\/2023\/12\/d75f9049-c143-412d-a761-164a9701a43a.jpg 1080w\" sizes=\"auto, (max-width: 256px) 100vw, 256px\" \/><\/a>SERATA FILM CON LA CHIESA EVANGELICA DI AGORDO<\/h3>\n<\/blockquote>\n<p><strong>L&#8217;INVITO DI GIOVANNI VARIALE<\/strong><\/p>\n<audio class=\"wp-audio-shortcode\" id=\"audio-367019-13\" preload=\"none\" style=\"width: 100%;\" controls=\"controls\"><source type=\"audio\/mpeg\" src=\"https:\/\/www.radiopiu.net\/wordpress\/wp-content\/uploads\/2023\/12\/GIOVANNI-VARIALE-CHIESA-EVANGELICA.mp3?_=13\" \/><a href=\"https:\/\/www.radiopiu.net\/wordpress\/wp-content\/uploads\/2023\/12\/GIOVANNI-VARIALE-CHIESA-EVANGELICA.mp3\">https:\/\/www.radiopiu.net\/wordpress\/wp-content\/uploads\/2023\/12\/GIOVANNI-VARIALE-CHIESA-EVANGELICA.mp3<\/a><\/audio>\n<p>&nbsp;<\/p>\n<hr \/>\n<p>&nbsp;<\/p>\n<p><a class=\"dt-pswp-item\" href=\"https:\/\/www.radiopiu.net\/wordpress\/wp-content\/uploads\/2018\/09\/viabilita.jpeg\" data-dt-img-description=\"\" data-large_image_width=\"800\" data-large_image_height=\"100\"><img loading=\"lazy\" decoding=\"async\" class=\"aligncenter wp-image-61954 size-full\" src=\"https:\/\/www.radiopiu.net\/wordpress\/wp-content\/uploads\/2018\/09\/viabilita.jpeg\" alt=\"\" width=\"800\" height=\"100\" srcset=\"https:\/\/www.radiopiu.net\/wordpress\/wp-content\/uploads\/2018\/09\/viabilita.jpeg 800w, https:\/\/www.radiopiu.net\/wordpress\/wp-content\/uploads\/2018\/09\/viabilita-300x38.jpeg 300w, https:\/\/www.radiopiu.net\/wordpress\/wp-content\/uploads\/2018\/09\/viabilita-768x96.jpeg 768w\" sizes=\"auto, (max-width: 800px) 100vw, 800px\" \/><\/a><\/p>\n<p>&nbsp;<\/p>\n<p><a class=\"dt-pswp-item\" href=\"https:\/\/www.radiopiu.net\/wordpress\/wp-content\/uploads\/2023\/12\/botol-car-service.jpg\" data-dt-img-description=\"\" data-large_image_width=\"600\" data-large_image_height=\"600\"><img loading=\"lazy\" decoding=\"async\" class=\"size-medium wp-image-367044 aligncenter\" src=\"https:\/\/www.radiopiu.net\/wordpress\/wp-content\/uploads\/2023\/12\/botol-car-service-300x300.jpg\" alt=\"\" width=\"300\" height=\"300\" srcset=\"https:\/\/www.radiopiu.net\/wordpress\/wp-content\/uploads\/2023\/12\/botol-car-service-300x300.jpg 300w, https:\/\/www.radiopiu.net\/wordpress\/wp-content\/uploads\/2023\/12\/botol-car-service-150x150.jpg 150w, https:\/\/www.radiopiu.net\/wordpress\/wp-content\/uploads\/2023\/12\/botol-car-service.jpg 600w\" sizes=\"auto, (max-width: 300px) 100vw, 300px\" \/><\/a><\/p>\n<p>&nbsp;<\/p>\n<p>&nbsp;<\/p>\n<blockquote class=\"wp-embedded-content\" data-secret=\"d6eW7J30rO\"><p><a href=\"https:\/\/www.radiopiu.net\/wordpress\/viabilita\/\">viabilita<\/a><\/p><\/blockquote>\n<p><iframe loading=\"lazy\" class=\"wp-embedded-content\" sandbox=\"allow-scripts\" security=\"restricted\" style=\"position: absolute; clip: rect(1px, 1px, 1px, 1px);\" title=\"&#8220;viabilita&#8221; &#8212; Radio Pi\u00f9\" src=\"https:\/\/www.radiopiu.net\/wordpress\/viabilita\/embed\/#?secret=uEytZbulTA#?secret=d6eW7J30rO\" data-secret=\"d6eW7J30rO\" width=\"600\" height=\"338\" frameborder=\"0\" marginwidth=\"0\" marginheight=\"0\" scrolling=\"no\"><\/iframe><\/p>\n<p>&nbsp;<\/p>\n<hr \/>\n<p>&nbsp;<\/p>\n<p><a class=\"dt-pswp-item\" href=\"https:\/\/www.radiopiu.net\/wordpress\/wp-content\/uploads\/2018\/09\/WhatsApp-Image-2018-09-20-at-16.04.06.jpeg\" data-dt-img-description=\"\" data-large_image_width=\"800\" data-large_image_height=\"100\"><img loading=\"lazy\" decoding=\"async\" class=\"wp-image-61378 size-full aligncenter\" src=\"https:\/\/www.radiopiu.net\/wordpress\/wp-content\/uploads\/2018\/09\/WhatsApp-Image-2018-09-20-at-16.04.06.jpeg\" alt=\"\" width=\"800\" height=\"100\" srcset=\"https:\/\/www.radiopiu.net\/wordpress\/wp-content\/uploads\/2018\/09\/WhatsApp-Image-2018-09-20-at-16.04.06.jpeg 800w, https:\/\/www.radiopiu.net\/wordpress\/wp-content\/uploads\/2018\/09\/WhatsApp-Image-2018-09-20-at-16.04.06-300x38.jpeg 300w, https:\/\/www.radiopiu.net\/wordpress\/wp-content\/uploads\/2018\/09\/WhatsApp-Image-2018-09-20-at-16.04.06-768x96.jpeg 768w\" sizes=\"auto, (max-width: 800px) 100vw, 800px\" \/><\/a><\/p>\n<p><center><\/center><b>\u00a0<\/b><\/p>\n<hr \/>\n<p><center><\/center><b>OGGI: <\/b>Estesa nuvolosit\u00e0 notturna, la quale lascer\u00e0 spazio ad rasserenamenti via via pi\u00f9 ampi sulle Prealpi occidentali, mentre la copertura rimarr\u00e0 ben presente e spesso intensa sul Bellunese, specie sulle Dolomiti, dove la probabilit\u00e0 di nevicate sar\u00e0 alta. Questo forte contrasto tra Prealpi occidentali e bellunese sar\u00e0 determinato dalle condizioni di sottovento del versante alpino veneto. Precipitazioni: Alta probabilit\u00e0 di precipitazioni sulle Dolomiti centro-settentrionali, con neve burrascosa sopra i 1200-1400 m, pi\u00f9 si salir\u00e0 in quota e pi\u00f9 gli apporti saranno presenti.\u00a0<b><br \/>\n<\/b><\/p>\n<p>&nbsp;<\/p>\n<hr \/>\n<p><center><b>Sabato 23<\/b><\/center><b>DOMANI : <\/b>Miglioramento del tempo con tratti soleggiati, nonostante qualche annuvolamento di sottovento, pi\u00f9 presente sulle Prealpi rispetto alle Dolomiti, dove i tratti di sereno saranno maggiori. Non escluso del tutto qualche addensamento sulle Dolomiti pi\u00f9 settentrionali. La giornata sar\u00e0 molto ventosa in alta quota, mentre il Foehn spirer\u00e0 in molte valli. Precipitazioni: Assenti. Temperature: In generale aumento\u00a0<b><br \/>\n<\/b><\/p>\n<p>&nbsp;<\/p>\n<hr \/>\n<p><center><b>Domenica 24<\/b><\/center><b>DOMENICA <\/b>Tempo stabile e in prevalenza soleggiato, nonostante qualche velatura del cielo, in rapido allontanamento verso sud-est, in modo che il cielo torni ad essere sereno. Temperature minime in generale calo; massime in netta ripresa in quota, meno nei fondovalle per relativo ristagno dell&#8217;aria fredda.<\/p>\n<hr \/>\n<p><center><b>Lunedi 25<\/b><\/center><b>LUNEDI <\/b>Stupenda giornata Natalizia con sole, cielo sereno, aria limpida ed ottima visibilit\u00e0, salvo iniziali velature al primo mattino. Generale ulteriore lieve rialzo delle temperature, salvo stazionariet\u00e0 delle minime nei fondovalle prealpini. Vale a dire inconsueta mitezza termica in quota, anche se simile all&#8217;anno scorso, ed inversione termica nelle valli, anche marcata in quelle in ombra.<\/p>\n<div id=\"dolomitimeteo_div_testi\">\n<p>&nbsp;<\/p>\n<\/div>\n<hr \/>\n<p><a class=\"dt-pswp-item\" href=\"https:\/\/www.radiopiu.net\/wordpress\/wp-content\/uploads\/2023\/12\/03e65d42-3f1a-0851-1682-8eb6301ea822-1.jpg\" data-dt-img-description=\"\" data-large_image_width=\"2048\" data-large_image_height=\"1356\">\u00a0<\/a><\/p>\n<p><a class=\"dt-pswp-item\" href=\"https:\/\/www.radiopiu.net\/wordpress\/wp-content\/uploads\/2023\/12\/03e65d42-3f1a-0851-1682-8eb6301ea822-1.jpg\" data-dt-img-description=\"\" data-large_image_width=\"2048\" data-large_image_height=\"1356\">\u00a0<\/a><\/p>\n<p><a class=\"dt-pswp-item\" href=\"https:\/\/www.radiopiu.net\/wordpress\/wp-content\/uploads\/2023\/12\/03e65d42-3f1a-0851-1682-8eb6301ea822-1.jpg\" data-dt-img-description=\"\" data-large_image_width=\"2048\" data-large_image_height=\"1356\"><img loading=\"lazy\" decoding=\"async\" class=\"size-medium wp-image-367101 aligncenter\" src=\"https:\/\/www.radiopiu.net\/wordpress\/wp-content\/uploads\/2023\/12\/03e65d42-3f1a-0851-1682-8eb6301ea822-1-300x199.jpg\" alt=\"\" width=\"300\" height=\"199\" srcset=\"https:\/\/www.radiopiu.net\/wordpress\/wp-content\/uploads\/2023\/12\/03e65d42-3f1a-0851-1682-8eb6301ea822-1-300x199.jpg 300w, https:\/\/www.radiopiu.net\/wordpress\/wp-content\/uploads\/2023\/12\/03e65d42-3f1a-0851-1682-8eb6301ea822-1-1024x678.jpg 1024w, https:\/\/www.radiopiu.net\/wordpress\/wp-content\/uploads\/2023\/12\/03e65d42-3f1a-0851-1682-8eb6301ea822-1-768x509.jpg 768w, https:\/\/www.radiopiu.net\/wordpress\/wp-content\/uploads\/2023\/12\/03e65d42-3f1a-0851-1682-8eb6301ea822-1-1536x1017.jpg 1536w, https:\/\/www.radiopiu.net\/wordpress\/wp-content\/uploads\/2023\/12\/03e65d42-3f1a-0851-1682-8eb6301ea822-1.jpg 2048w\" sizes=\"auto, (max-width: 300px) 100vw, 300px\" \/><\/a><\/p>\n<p>&nbsp;<\/p>\n<p>&nbsp;<\/p>\n<p>&nbsp;<\/p>\n<hr \/>\n<p>&nbsp;<\/p>\n<p><img loading=\"lazy\" decoding=\"async\" class=\"wp-image-60761 size-full aligncenter\" src=\"https:\/\/www.radiopiu.net\/wordpress\/wp-content\/uploads\/2018\/09\/sport.jpg\" alt=\"\" width=\"800\" height=\"100\" srcset=\"https:\/\/www.radiopiu.net\/wordpress\/wp-content\/uploads\/2018\/09\/sport.jpg 800w, https:\/\/www.radiopiu.net\/wordpress\/wp-content\/uploads\/2018\/09\/sport-300x38.jpg 300w, https:\/\/www.radiopiu.net\/wordpress\/wp-content\/uploads\/2018\/09\/sport-768x96.jpg 768w\" sizes=\"auto, (max-width: 800px) 100vw, 800px\" \/><\/p>\n<p>&nbsp;<\/p>\n<p><span style=\"color: #0000ff;\"><strong>HOCKEY SU GHIACCIO<\/strong><\/span><\/p>\n<blockquote>\n<h3>ALLEGHE E FELTRE PORTANO A CASA I TRE PUNTI. SABATO SI GIOCHERANNO L&#8217;ACCESSO DIRETTO AI PLAYOFF<\/h3>\n<\/blockquote>\n<p><strong><a class=\"dt-pswp-item\" href=\"https:\/\/www.radiopiu.net\/wordpress\/wp-content\/uploads\/2023\/10\/hockey.jpg\" data-dt-img-description=\"\" data-large_image_width=\"1280\" data-large_image_height=\"961\"><img loading=\"lazy\" decoding=\"async\" class=\" wp-image-359038 alignleft\" src=\"https:\/\/www.radiopiu.net\/wordpress\/wp-content\/uploads\/2023\/10\/hockey-300x225.jpg\" alt=\"\" width=\"167\" height=\"125\" srcset=\"https:\/\/www.radiopiu.net\/wordpress\/wp-content\/uploads\/2023\/10\/hockey-300x225.jpg 300w, https:\/\/www.radiopiu.net\/wordpress\/wp-content\/uploads\/2023\/10\/hockey-1024x769.jpg 1024w, https:\/\/www.radiopiu.net\/wordpress\/wp-content\/uploads\/2023\/10\/hockey-768x577.jpg 768w, https:\/\/www.radiopiu.net\/wordpress\/wp-content\/uploads\/2023\/10\/hockey.jpg 1280w\" sizes=\"auto, (max-width: 167px) 100vw, 167px\" \/><\/a>di Marco Gaz<\/strong><\/p>\n<p><span style=\"color: #ff0000;\"><strong>21\u00aa GIORNATA IHL<\/strong><\/span><\/p>\n<p><strong>BRESSANONE \u2013 ALLEGHE 2-4<\/strong><\/p>\n<p>PARZIALI: 0-0, 1-1, 1-3<\/p>\n<p>GOL: St. 8\u201957\u201d Makela, 16\u201923\u201d Maunula. Tt. 6\u201928\u201d Zherdev, 8\u201912\u201d Demetz, 10\u201912\u201d Talamini, 18\u201931\u201d S. Vinatzer<\/p>\n<p>L\u2019Alleghe incamera tre punti importanti e si giocher\u00e0 l\u2019accesso al Master Round nell\u2019ultima sfida in programma sabato sera al De Toni contro l\u2019Appiano. Dopo un primo tempo soporifero, il match si accende nel secondo drittel con le civette che passano in vantaggio. Poi un botta e risposta tra le due formazioni. Talamini e Simon Vinatzer chiudono la sfida. Agordini ancora in corsa per un posto nella parte alta della classifica e la sfida del De Toni in programma nel fine settimana sar\u00e0 di vitale importanza per gli uomini di Scapinello. Squadre che si studiano qualche minuto ma la prima formazione ad avvicinarsi al gol \u00e8 l\u2019Alleghe con Testori che manca la porta di poco. Poche emozioni in terra altoatesina. Le squadre sembrano non volersi fare del male. I padroni di casa si svegliano e provano a colpire in superiorit\u00e0 numerica ma Scola fa la differenza. Rispondono le civette con Makela ma la mira non \u00e8 delle migliori. La squadra di Scapinello ingrana la marcia giusta e nel giro di pochi minuti mette in difficolt\u00e0 il Bressanone con una serie di conclusioni velenose che non danno i frutti sperati. Anche nel secondo tempo si lotta su ogni disco. Le civette ci provano ma sembra che il disco non voglia entrare in porta. Dopo una serie di tentavi andati a vuoto la partita si sblocca e ad avere la meglio sono gli agordini con Makela che trova lo spiraglio giusto. Continuano a premere gli agordini che sprecano l\u2019impossibile davanti alla porta altoatesina. Ma nel momento migliore per la squadra di Alleghe, il Bressanone pareggia i conti. Errore difensivo e Maunula batte Scola. Terza frazione con le squadre che danno spettacolo. L\u2019Alleghe preme nel proprio terzo il Bressanone e gli altoatesini provano in contropiede. Zherdev devia un disco in porta e riporta in vantaggio le civette. Bressanone che risponde con Demetz. \u00c8 un botta e risposta tra le due formazioni e l\u2019Alleghe torna in vantaggio grazie a Talamini. Nel finale di gara la squadra di Scapinello chiude la partita con uno splendido gol di Simon Vinatzer.<\/p>\n<p><strong>FELTRE \u2013 VALPELLICE 6-1<\/strong><\/p>\n<p>PARZIALI: 3-1, 2-0, 1-0<\/p>\n<p>GOL: Pt. 9\u201937\u201d Lysenko, 11\u201902\u201d Long, 11\u201952\u201d M. Dall\u2019Agnol, 15\u201905\u201d Geronazzo. St. 6\u201917\u201d e 14\u201933\u201d Eruzione. Tt. 4\u201933\u201d Eruzione<\/p>\n<p>Il Feltre, con un piede nel Master Round, vince e convince di fronte al pubblico di casa sotterrando di gol un Valpellice che alla stagione regolare non ha pi\u00f9 nulla da chiedere. I picchi incamerano 3 punti importanti per rimanere nella parte alta della calssifica dove ci sono le squadre che accedono direttamente ai playoff. Dopo una prima parte di gara con le squadre che si studiano a lungo, i feltrini passano in vantaggio grazie a Lysenko. I piemontesi rispondono subito pareggiando i conti con Long ma i picchi ripassano avanti con Matteo dall\u2019Agnol. Geronazzo sigla laterza rete per i padroni di casa. Nel secondo tempo la sfida \u00e8 equilibrata ma ancora una volta il Feltre va a segno con Eruzione. Lo stesso giocatore mette la firma alla doppietta personale prima della seconda sirena.<\/p>\n<p><strong>LA CLASSIFICA:<\/strong> Caldaro 46, Pergine 43, Appiano 40, Varese 39, Feltre 34, Alleghe 33, Fiemme 24, Como 23, Bressanone 14, Valpellice 10, Dobbiaco 9<\/p>\n<blockquote>\n<h3>UNA SCONFITTA E UNA VITTORIA PER LE GIOVANILI DELL&#8217;ALLEGHE HOCKEY<\/h3>\n<\/blockquote>\n<p><span style=\"color: #000000;\"><strong><a class=\"dt-pswp-item\" href=\"https:\/\/www.radiopiu.net\/wordpress\/wp-content\/uploads\/2022\/01\/HOCKEY-2022.jpg\" data-dt-img-description=\"\" data-large_image_width=\"1920\" data-large_image_height=\"1280\"><img loading=\"lazy\" decoding=\"async\" class=\" wp-image-255780 alignleft\" src=\"https:\/\/www.radiopiu.net\/wordpress\/wp-content\/uploads\/2022\/01\/HOCKEY-2022-300x200.jpg\" alt=\"\" width=\"158\" height=\"105\" srcset=\"https:\/\/www.radiopiu.net\/wordpress\/wp-content\/uploads\/2022\/01\/HOCKEY-2022-300x200.jpg 300w, https:\/\/www.radiopiu.net\/wordpress\/wp-content\/uploads\/2022\/01\/HOCKEY-2022-1024x683.jpg 1024w, https:\/\/www.radiopiu.net\/wordpress\/wp-content\/uploads\/2022\/01\/HOCKEY-2022-768x512.jpg 768w, https:\/\/www.radiopiu.net\/wordpress\/wp-content\/uploads\/2022\/01\/HOCKEY-2022-1536x1024.jpg 1536w, https:\/\/www.radiopiu.net\/wordpress\/wp-content\/uploads\/2022\/01\/HOCKEY-2022.jpg 1920w\" sizes=\"auto, (max-width: 158px) 100vw, 158px\" \/><\/a>di Marco Gaz<\/strong><\/span><\/p>\n<p><span style=\"color: #ff0000;\"><strong>UNDER 16<\/strong><\/span><\/p>\n<p><strong>CORTINA \/ALLEGHE &#8211; APPIANO 1-8<\/strong><\/p>\n<p>GOL CORTINA\/ALLEGHE: Fontanive<\/p>\n<p>Dopo quattro vittorie consecutive, il Cortina\/Alleghe crolla con l&#8217;Appiano capo classifica. Una sfida senza storia quella andata in scena all&#8217;Olimpico di Cortina con i padroni di casa che non riescono a tenere il passo degli altoatesini. Pirati che nel primo tempo calano il poker. Fontanive accorcia le distanze nel secondo drittel ma l&#8217;Appiano non scherza e mette a segno altre 4 marcature.<\/p>\n<p><span style=\"color: #ff0000;\"><strong>UNDER 14<\/strong><\/span><\/p>\n<p><strong>RENON &#8211; ALLEGHE\/CORTINA 2-7<\/strong><\/p>\n<p>Inarrestabili le giovani civette che chiudono il 2023 con l&#8217;ennesima vittoria e il primo posto consolidato. La squadra mista bellunese vince ancora, 12 vittorie su altrettante partite giocate. E ancora una volta l&#8217;Alleghe\/Cortina sotterra di gol gli altoatesini che restano al secondo posto in classifica a 9 punti dalle civette.<\/p>\n<p>&nbsp;<\/p>\n<p><span style=\"color: #0000ff;\"><strong>PALLAVOLO<\/strong><\/span><\/p>\n<blockquote>\n<h3>L&#8217;ABBRACCIO NATALIZIO DEL BELLUNO VOLLEY<\/h3>\n<\/blockquote>\n<p><a class=\"dt-pswp-item\" href=\"https:\/\/www.radiopiu.net\/wordpress\/wp-content\/uploads\/2023\/12\/Raduno_natalizio_alla_Spes_Arena-scaled.jpg\" data-dt-img-description=\"\" data-large_image_width=\"2560\" data-large_image_height=\"1196\"><img loading=\"lazy\" decoding=\"async\" class=\" wp-image-367034 alignleft\" src=\"https:\/\/www.radiopiu.net\/wordpress\/wp-content\/uploads\/2023\/12\/Raduno_natalizio_alla_Spes_Arena-300x140.jpg\" alt=\"\" width=\"189\" height=\"88\" srcset=\"https:\/\/www.radiopiu.net\/wordpress\/wp-content\/uploads\/2023\/12\/Raduno_natalizio_alla_Spes_Arena-300x140.jpg 300w, https:\/\/www.radiopiu.net\/wordpress\/wp-content\/uploads\/2023\/12\/Raduno_natalizio_alla_Spes_Arena-1024x478.jpg 1024w, https:\/\/www.radiopiu.net\/wordpress\/wp-content\/uploads\/2023\/12\/Raduno_natalizio_alla_Spes_Arena-768x359.jpg 768w, https:\/\/www.radiopiu.net\/wordpress\/wp-content\/uploads\/2023\/12\/Raduno_natalizio_alla_Spes_Arena-1536x717.jpg 1536w, https:\/\/www.radiopiu.net\/wordpress\/wp-content\/uploads\/2023\/12\/Raduno_natalizio_alla_Spes_Arena-2048x956.jpg 2048w\" sizes=\"auto, (max-width: 189px) 100vw, 189px\" \/><\/a>Un ideale, simbolico e profondo abbraccio per inglobare l\u2019intera famiglia del\u00a0Belluno Volley.\u00a0Alla Spes Arena, si sono ritrovati tutti per lo scambio degli auguri natalizi, tra un brindisi e una fetta di panettone. Tutti, s\u00ec. Perch\u00e9 chiunque \u00e8 parte di una realt\u00e0 che, nel territorio, ha saputo generare entusiasmo ed emozioni attraverso le schiacciate, i palleggi e i bagher: dalla prima squadra, impegnata nel campionato di Serie A3 Credem Banca e capace di intercettare l\u2019interesse di un numero sempre crescente di appassionati, ai ragazzi del settore giovanile. Senza considerare gli staff tecnici, i dirigenti e, ovviamente, i vertici societari: dal presidente Sandro Da Rold ai vice Stefano Da Rold e Andrea Gallina.\u201cInsieme\u201d: una parola chiave per tutto l\u2019ambiente del Belluno Volley. E non solo a Natale.<\/p>\n","protected":false},"excerpt":{"rendered":"<p>***** &nbsp; 203 AGORDINA,\u00a0 CARAMBOLA A TRE REDAZIONE Tre auto coinvolte nella carambola, fortunatamente senza\u00a0 gravi conseguenze per conducenti e passeggeri. Alle 12.30 il sinistro lungo la regionale 203 agordina, dopo la localit\u00e0 La Muda. Sul posto Carabinieri e Vigili del Fuoco, inevitabili i disagi per la viabilit\u00e0 con incolonnamenti in entrambi i sensi. FOTO\u00a0&hellip;<\/p>\n","protected":false},"author":4,"featured_media":367171,"comment_status":"closed","ping_status":"closed","sticky":false,"template":"","format":"standard","meta":{"_monsterinsights_skip_tracking":false,"_monsterinsights_sitenote_active":false,"_monsterinsights_sitenote_note":"","_monsterinsights_sitenote_category":0,"footnotes":""},"categories":[51,86,49],"tags":[],"class_list":["post-367019","post","type-post","status-publish","format-standard","has-post-thumbnail","hentry","category-evidenza-top","category-gr","category-news-18","category-51","category-86","category-49","description-off"],"img_url":"https:\/\/www.radiopiu.net\/wordpress\/wp-content\/uploads\/2023\/12\/1.png","_links":{"self":[{"href":"https:\/\/www.radiopiu.net\/wordpress\/wp-json\/wp\/v2\/posts\/367019","targetHints":{"allow":["GET"]}}],"collection":[{"href":"https:\/\/www.radiopiu.net\/wordpress\/wp-json\/wp\/v2\/posts"}],"about":[{"href":"https:\/\/www.radiopiu.net\/wordpress\/wp-json\/wp\/v2\/types\/post"}],"author":[{"embeddable":true,"href":"https:\/\/www.radiopiu.net\/wordpress\/wp-json\/wp\/v2\/users\/4"}],"replies":[{"embeddable":true,"href":"https:\/\/www.radiopiu.net\/wordpress\/wp-json\/wp\/v2\/comments?post=367019"}],"version-history":[{"count":0,"href":"https:\/\/www.radiopiu.net\/wordpress\/wp-json\/wp\/v2\/posts\/367019\/revisions"}],"wp:featuredmedia":[{"embeddable":true,"href":"https:\/\/www.radiopiu.net\/wordpress\/wp-json\/wp\/v2\/media\/367171"}],"wp:attachment":[{"href":"https:\/\/www.radiopiu.net\/wordpress\/wp-json\/wp\/v2\/media?parent=367019"}],"wp:term":[{"taxonomy":"category","embeddable":true,"href":"https:\/\/www.radiopiu.net\/wordpress\/wp-json\/wp\/v2\/categories?post=367019"},{"taxonomy":"post_tag","embeddable":true,"href":"https:\/\/www.radiopiu.net\/wordpress\/wp-json\/wp\/v2\/tags?post=367019"}],"curies":[{"name":"wp","href":"https:\/\/api.w.org\/{rel}","templated":true}]}}