{"id":367045,"date":"2023-12-22T05:23:35","date_gmt":"2023-12-22T04:23:35","guid":{"rendered":"https:\/\/www.radiopiu.net\/wordpress\/?p=367045"},"modified":"2023-12-22T05:39:53","modified_gmt":"2023-12-22T04:39:53","slug":"acqua-gsp-torna-potabile-a-livinallongo-e-rocca-pietore","status":"publish","type":"post","link":"https:\/\/www.radiopiu.net\/wordpress\/acqua-gsp-torna-potabile-a-livinallongo-e-rocca-pietore\/","title":{"rendered":"ACQUA GSP: TORNA POTABILE A LIVINALLONGO E ROCCA PIETORE"},"content":{"rendered":"<p>***<\/p>\n<p>&nbsp;<\/p>\n<p><strong>ROCCA PIETORE<\/strong> in localit\u00e0 DIGONERA e MASARE&#8217; l&#8217;acqua erogata dall&#8217;acquedotto \u00e8 di nuovo potabile pu\u00f2 essere usata per scopi alimentari<\/p>\n<p><strong>LIVINALLONGO DEL COL DI LANA<\/strong> nelle localit\u00e0\u00a0 \u00a0SALESEI DI SOPRA, SALESEI DI SOTTO, PIAN DI SALESEI, SALESEI, SOTTOCREPA e FOPPA l\u2019acqua erogata dall\u2019acquedotto \u00e8 di nuovo potabile pu\u00f2 essere usata per scopi alimentari<\/p>\n<p>&nbsp;<\/p>\n<p>&nbsp;<\/p>\n<p>****<\/p>\n","protected":false},"excerpt":{"rendered":"<p>*** &nbsp; ROCCA PIETORE in localit\u00e0 DIGONERA e MASARE&#8217; l&#8217;acqua erogata dall&#8217;acquedotto \u00e8 di nuovo potabile pu\u00f2 essere usata per scopi alimentari LIVINALLONGO DEL COL DI LANA nelle localit\u00e0\u00a0 \u00a0SALESEI DI SOPRA, SALESEI DI SOTTO, PIAN DI SALESEI, SALESEI, SOTTOCREPA e FOPPA l\u2019acqua erogata dall\u2019acquedotto \u00e8 di nuovo potabile pu\u00f2 essere usata per scopi alimentari&hellip;<\/p>\n","protected":false},"author":4,"featured_media":315608,"comment_status":"closed","ping_status":"closed","sticky":false,"template":"","format":"standard","meta":{"_monsterinsights_skip_tracking":false,"_monsterinsights_sitenote_active":false,"_monsterinsights_sitenote_note":"","_monsterinsights_sitenote_category":0,"footnotes":""},"categories":[51,49],"tags":[],"class_list":["post-367045","post","type-post","status-publish","format-standard","has-post-thumbnail","hentry","category-evidenza-top","category-news-18","category-51","category-49","description-off"],"img_url":"https:\/\/www.radiopiu.net\/wordpress\/wp-content\/uploads\/2023\/01\/bicchiere-acqua.png","_links":{"self":[{"href":"https:\/\/www.radiopiu.net\/wordpress\/wp-json\/wp\/v2\/posts\/367045","targetHints":{"allow":["GET"]}}],"collection":[{"href":"https:\/\/www.radiopiu.net\/wordpress\/wp-json\/wp\/v2\/posts"}],"about":[{"href":"https:\/\/www.radiopiu.net\/wordpress\/wp-json\/wp\/v2\/types\/post"}],"author":[{"embeddable":true,"href":"https:\/\/www.radiopiu.net\/wordpress\/wp-json\/wp\/v2\/users\/4"}],"replies":[{"embeddable":true,"href":"https:\/\/www.radiopiu.net\/wordpress\/wp-json\/wp\/v2\/comments?post=367045"}],"version-history":[{"count":0,"href":"https:\/\/www.radiopiu.net\/wordpress\/wp-json\/wp\/v2\/posts\/367045\/revisions"}],"wp:featuredmedia":[{"embeddable":true,"href":"https:\/\/www.radiopiu.net\/wordpress\/wp-json\/wp\/v2\/media\/315608"}],"wp:attachment":[{"href":"https:\/\/www.radiopiu.net\/wordpress\/wp-json\/wp\/v2\/media?parent=367045"}],"wp:term":[{"taxonomy":"category","embeddable":true,"href":"https:\/\/www.radiopiu.net\/wordpress\/wp-json\/wp\/v2\/categories?post=367045"},{"taxonomy":"post_tag","embeddable":true,"href":"https:\/\/www.radiopiu.net\/wordpress\/wp-json\/wp\/v2\/tags?post=367045"}],"curies":[{"name":"wp","href":"https:\/\/api.w.org\/{rel}","templated":true}]}}