{"id":367073,"date":"2023-12-22T05:31:42","date_gmt":"2023-12-22T04:31:42","guid":{"rendered":"https:\/\/www.radiopiu.net\/wordpress\/?p=367073"},"modified":"2023-12-22T07:16:41","modified_gmt":"2023-12-22T06:16:41","slug":"un-altro-incidente-sul-lavoro-nellagordino","status":"publish","type":"post","link":"https:\/\/www.radiopiu.net\/wordpress\/un-altro-incidente-sul-lavoro-nellagordino\/","title":{"rendered":"UN ALTRO INCIDENTE SUL LAVORO NELL&#8217;AGORDINO"},"content":{"rendered":"<p>***<\/p>\n<p>&nbsp;<\/p>\n<p><strong>REDAZIONE <\/strong>L&#8217;elicottero del Suem \u00e8 volato a Gosaldo per soccorrere un uomo,\u00a0 R.P. padovano di 37 anni,\u00a0 operaio di una ditta edile infortunatosi mentre stava lavorando, \u00e8 stato colpito da alcuni pannelli in legno caduti dall&#8217;alto. L&#8217;elicottero Falco lo ha trasportato presso l&#8217;eliporto di Agordo per il rendez vous con l&#8217;ambulanza del pronto Soccorso del Papa Luciani. L&#8217;uomo \u00e8 stato medicato ad Agordo per le ferite di media gravit\u00e0, non \u00e8 in pricolo di vita. Sul posto di Carabinieri e il personale dello Spisal per gli accertamenti del caso.\u00a0 Meno grave l&#8217;incidente del mattino sulle piste di sci di Arabba, ma anche in questo caso necessario l&#8217;intervento dell&#8217;elicottero per il trasporto del 41enne sloveno all&#8217;ospedale di Agordo.<\/p>\n<p>&nbsp;<\/p>\n<p>&nbsp;<\/p>\n<p>:_:::<\/p>\n","protected":false},"excerpt":{"rendered":"<p>*** &nbsp; REDAZIONE L&#8217;elicottero del Suem \u00e8 volato a Gosaldo per soccorrere un uomo,\u00a0 R.P. padovano di 37 anni,\u00a0 operaio di una ditta edile infortunatosi mentre stava lavorando, \u00e8 stato colpito da alcuni pannelli in legno caduti dall&#8217;alto. L&#8217;elicottero Falco lo ha trasportato presso l&#8217;eliporto di Agordo per il rendez vous con l&#8217;ambulanza del pronto&hellip;<\/p>\n","protected":false},"author":4,"featured_media":255077,"comment_status":"closed","ping_status":"closed","sticky":false,"template":"","format":"standard","meta":{"_monsterinsights_skip_tracking":false,"_monsterinsights_sitenote_active":false,"_monsterinsights_sitenote_note":"","_monsterinsights_sitenote_category":0,"footnotes":""},"categories":[51,49],"tags":[],"class_list":["post-367073","post","type-post","status-publish","format-standard","has-post-thumbnail","hentry","category-evidenza-top","category-news-18","category-51","category-49","description-off"],"img_url":"https:\/\/www.radiopiu.net\/wordpress\/wp-content\/uploads\/2022\/01\/280px-DBGosaldoPala3.jpg","_links":{"self":[{"href":"https:\/\/www.radiopiu.net\/wordpress\/wp-json\/wp\/v2\/posts\/367073","targetHints":{"allow":["GET"]}}],"collection":[{"href":"https:\/\/www.radiopiu.net\/wordpress\/wp-json\/wp\/v2\/posts"}],"about":[{"href":"https:\/\/www.radiopiu.net\/wordpress\/wp-json\/wp\/v2\/types\/post"}],"author":[{"embeddable":true,"href":"https:\/\/www.radiopiu.net\/wordpress\/wp-json\/wp\/v2\/users\/4"}],"replies":[{"embeddable":true,"href":"https:\/\/www.radiopiu.net\/wordpress\/wp-json\/wp\/v2\/comments?post=367073"}],"version-history":[{"count":0,"href":"https:\/\/www.radiopiu.net\/wordpress\/wp-json\/wp\/v2\/posts\/367073\/revisions"}],"wp:featuredmedia":[{"embeddable":true,"href":"https:\/\/www.radiopiu.net\/wordpress\/wp-json\/wp\/v2\/media\/255077"}],"wp:attachment":[{"href":"https:\/\/www.radiopiu.net\/wordpress\/wp-json\/wp\/v2\/media?parent=367073"}],"wp:term":[{"taxonomy":"category","embeddable":true,"href":"https:\/\/www.radiopiu.net\/wordpress\/wp-json\/wp\/v2\/categories?post=367073"},{"taxonomy":"post_tag","embeddable":true,"href":"https:\/\/www.radiopiu.net\/wordpress\/wp-json\/wp\/v2\/tags?post=367073"}],"curies":[{"name":"wp","href":"https:\/\/api.w.org\/{rel}","templated":true}]}}