{"id":367107,"date":"2023-12-22T05:31:08","date_gmt":"2023-12-22T04:31:08","guid":{"rendered":"https:\/\/www.radiopiu.net\/wordpress\/?p=367107"},"modified":"2023-12-22T05:35:26","modified_gmt":"2023-12-22T04:35:26","slug":"tristi-addi-oggi-a-ponte-nelle-alpi-domani-a-villa-di-villa","status":"publish","type":"post","link":"https:\/\/www.radiopiu.net\/wordpress\/tristi-addi-oggi-a-ponte-nelle-alpi-domani-a-villa-di-villa\/","title":{"rendered":"TRISTI ADDI. OGGI A PONTE NELLE ALPI, DOMANI A VILLA DI VILLA"},"content":{"rendered":"<p>***<\/p>\n<p>&nbsp;<\/p>\n<blockquote>\n<h2><strong><a class=\"dt-pswp-item\" href=\"https:\/\/www.radiopiu.net\/wordpress\/wp-content\/uploads\/2023\/12\/Senza-nome-73.png\" data-dt-img-description=\"\" data-large_image_width=\"266\" data-large_image_height=\"305\"><img loading=\"lazy\" decoding=\"async\" class=\"wp-image-367103 alignleft\" src=\"https:\/\/www.radiopiu.net\/wordpress\/wp-content\/uploads\/2023\/12\/Senza-nome-73-262x300.png\" alt=\"\" width=\"118\" height=\"135\" srcset=\"https:\/\/www.radiopiu.net\/wordpress\/wp-content\/uploads\/2023\/12\/Senza-nome-73-262x300.png 262w, https:\/\/www.radiopiu.net\/wordpress\/wp-content\/uploads\/2023\/12\/Senza-nome-73.png 266w\" sizes=\"auto, (max-width: 118px) 100vw, 118px\" \/><\/a>Funerale a Ponte nelle Alpi per il Dipendente Morto in Incidente Lavorativo, l&#8217;ultimo saluto a Maurizio, domani a Belluno<\/strong><\/h2>\n<\/blockquote>\n<p><strong>PONTE NELLE ALPI\u00a0<\/strong> Oggi alle 16 nella chiesa arcipretale di Cadola a Ponte nelle Alpi si terranno i funerali di Zeljco Manarin, il dipendente dell&#8217;Intersocks di Alpago deceduto luned\u00ec pomeriggio in un incidente con un aspiratore. La fabbrica rimarr\u00e0 chiusa in segno di lutto, e alla cerimonia <a class=\"dt-pswp-item\" href=\"https:\/\/www.radiopiu.net\/wordpress\/wp-content\/uploads\/2023\/12\/LUTTI-1.png\" data-dt-img-description=\"\" data-large_image_width=\"222\" data-large_image_height=\"245\"><img loading=\"lazy\" decoding=\"async\" class=\"wp-image-367105 alignright\" src=\"https:\/\/www.radiopiu.net\/wordpress\/wp-content\/uploads\/2023\/12\/LUTTI-1.png\" alt=\"\" width=\"112\" height=\"124\" \/><\/a>parteciperanno colleghi di lavoro e rappresentanti dell&#8217;amministrazione comunale. Manarin, originario della Croazia, era ben integrato nella comunit\u00e0 di Ponte nelle Alpi, dove aveva svolto anche il ruolo di custode delle scuole medie. La salma sar\u00e0 sepolta in Croazia, e il sindaco Paolo Vendramini sta valutando la possibilit\u00e0 di una rappresentanza comunale al momento della sepoltura nella patria d&#8217;origine di Manarin. L&#8217;amministrazione comunale e il sindacato stanno cercando modi per fornire sostegno morale e pratico alla famiglia colpita dalla tragedia.<\/p>\n<p><strong>BORGO VALBELLUNA<\/strong> Domani ALLE 10 alla Casa Funeraria Gelisio De Dea l&#8217;ultimo saluto a Maurizio Dall&#8217;Asen, 59 anni di Villa di Villa. Una messa di suffragio sar\u00e0 celebrata a Villa di Villa. Lo annunciano i fratelli Maria e Sergio, i nipoti Fabio e Gloria. La salma proseguir\u00e0 poi per la cremazione. L&#8217;ex operaio dell&#8217;Acc \u00e8 stato travolto e ucciso da un&#8217;automobile sabato sera mentre camminava verso Gus per tornare a piedi verso la sua abitazione.<\/p>\n<p>:::<\/p>\n","protected":false},"excerpt":{"rendered":"<p>*** &nbsp; Funerale a Ponte nelle Alpi per il Dipendente Morto in Incidente Lavorativo, l&#8217;ultimo saluto a Maurizio, domani a Belluno PONTE NELLE ALPI\u00a0 Oggi alle 16 nella chiesa arcipretale di Cadola a Ponte nelle Alpi si terranno i funerali di Zeljco Manarin, il dipendente dell&#8217;Intersocks di Alpago deceduto luned\u00ec pomeriggio in un incidente con&hellip;<\/p>\n","protected":false},"author":4,"featured_media":367103,"comment_status":"closed","ping_status":"closed","sticky":false,"template":"","format":"standard","meta":{"_monsterinsights_skip_tracking":false,"_monsterinsights_sitenote_active":false,"_monsterinsights_sitenote_note":"","_monsterinsights_sitenote_category":0,"footnotes":""},"categories":[51,49],"tags":[],"class_list":["post-367107","post","type-post","status-publish","format-standard","has-post-thumbnail","hentry","category-evidenza-top","category-news-18","category-51","category-49","description-off"],"img_url":"https:\/\/www.radiopiu.net\/wordpress\/wp-content\/uploads\/2023\/12\/Senza-nome-73.png","_links":{"self":[{"href":"https:\/\/www.radiopiu.net\/wordpress\/wp-json\/wp\/v2\/posts\/367107","targetHints":{"allow":["GET"]}}],"collection":[{"href":"https:\/\/www.radiopiu.net\/wordpress\/wp-json\/wp\/v2\/posts"}],"about":[{"href":"https:\/\/www.radiopiu.net\/wordpress\/wp-json\/wp\/v2\/types\/post"}],"author":[{"embeddable":true,"href":"https:\/\/www.radiopiu.net\/wordpress\/wp-json\/wp\/v2\/users\/4"}],"replies":[{"embeddable":true,"href":"https:\/\/www.radiopiu.net\/wordpress\/wp-json\/wp\/v2\/comments?post=367107"}],"version-history":[{"count":0,"href":"https:\/\/www.radiopiu.net\/wordpress\/wp-json\/wp\/v2\/posts\/367107\/revisions"}],"wp:featuredmedia":[{"embeddable":true,"href":"https:\/\/www.radiopiu.net\/wordpress\/wp-json\/wp\/v2\/media\/367103"}],"wp:attachment":[{"href":"https:\/\/www.radiopiu.net\/wordpress\/wp-json\/wp\/v2\/media?parent=367107"}],"wp:term":[{"taxonomy":"category","embeddable":true,"href":"https:\/\/www.radiopiu.net\/wordpress\/wp-json\/wp\/v2\/categories?post=367107"},{"taxonomy":"post_tag","embeddable":true,"href":"https:\/\/www.radiopiu.net\/wordpress\/wp-json\/wp\/v2\/tags?post=367107"}],"curies":[{"name":"wp","href":"https:\/\/api.w.org\/{rel}","templated":true}]}}