{"id":367132,"date":"2023-12-23T04:59:53","date_gmt":"2023-12-23T03:59:53","guid":{"rendered":"https:\/\/www.radiopiu.net\/wordpress\/?p=367132"},"modified":"2023-12-23T08:10:06","modified_gmt":"2023-12-23T07:10:06","slug":"giornale-radiopiu-23-dicembre-2023-direttore-mirko-mezzacasada-40-anni-25-giugno-1983-25-giugno-2023","status":"publish","type":"post","link":"https:\/\/www.radiopiu.net\/wordpress\/giornale-radiopiu-23-dicembre-2023-direttore-mirko-mezzacasada-40-anni-25-giugno-1983-25-giugno-2023\/","title":{"rendered":"GIORNALE RADIOPIU 23 DICEMBRE 2023 DIRETTORE MIRKO MEZZACASA\u2026DA 40 ANNI 25 GIUGNO 1983-25 GIUGNO 2023"},"content":{"rendered":"<p>*****<\/p>\n<p>&nbsp;<\/p>\n<h1 class=\"entry-title photoswipe-wrapper\">40esimo di RADIOPIU\u2026. LA VOCE DELL\u2019EMOZIONE<\/h1>\n<h2><span style=\"color: #ff0000;\">ISCRIVITI AL NOSTRO CANALE\u00a0\u00a0YOUTUBE PER SEGUIRE IN DIRETTA I PRINCIPALI PROGRAMMI DI RADIO PIU\u2019 E LE FUTURE DIRETTE IN ESTERNA. PER ISCRIVERTI <a style=\"color: #ff0000;\" href=\"https:\/\/youtube.com\/@radiopiu1527\">CLICCA QUI\u00a0<\/a>E PREMI\u00a0 \u201cIscriviti\u201d\u00a0<\/span><\/h2>\n<p><strong>\u00a0\u00a0<\/strong><\/p>\n<h2 style=\"text-align: center;\"><span style=\"color: #0000ff;\">RADIO PIU&#8217; IN DAB IN VENETO<\/span><\/h2>\n<p><strong><a class=\"dt-pswp-item\" href=\"https:\/\/www.radiopiu.net\/wordpress\/wp-content\/uploads\/2023\/12\/logo-radio.jpg\" data-dt-img-description=\"\" data-large_image_width=\"800\" data-large_image_height=\"600\"><img loading=\"lazy\" decoding=\"async\" class=\" wp-image-367163 alignleft\" src=\"https:\/\/www.radiopiu.net\/wordpress\/wp-content\/uploads\/2023\/12\/logo-radio-300x225.jpg\" alt=\"\" width=\"229\" height=\"172\" srcset=\"https:\/\/www.radiopiu.net\/wordpress\/wp-content\/uploads\/2023\/12\/logo-radio-300x225.jpg 300w, https:\/\/www.radiopiu.net\/wordpress\/wp-content\/uploads\/2023\/12\/logo-radio-768x576.jpg 768w, https:\/\/www.radiopiu.net\/wordpress\/wp-content\/uploads\/2023\/12\/logo-radio.jpg 800w\" sizes=\"auto, (max-width: 229px) 100vw, 229px\" \/><\/a>REDAZIONE<\/strong> Il consorzio Go Dab ha attivato il primo impianto sperimentale DAB+ in Veneto presso il sito tecnologico di Terranegra a Padova. Questo impianto servir\u00e0 una popolazione di poco meno di 1 milione di abitanti. Oltre al canale di test &#8220;xMas Radio,&#8221; le stazioni radio partecipanti includono Radio Clodia, Radio Cusano Campus, Radio News, VenetoUno News, Radio Anni 80, Radio Bruno Gold, Radio Gherdeina, Radio Bruno, Radio Sherwood, Radio Club 103,<strong> Radio Pi\u00f9<\/strong>, Radio We, Radio Gioconda, Radio Veneto Uno, Radio Onde Furlane, Radio Sportiva, e Radio Voce della Speranza. Media Dab, Go Dab e Space Dab partecipano insieme all&#8217;associazione M.AV.E. al bando pubblicato dal Ministero delle Imprese e del Made in Italy per l\u2019assegnazione dei diritti d\u2019uso ad operatori di rete DAB+ nel bacino di utenza locale n\u00b05 Veneto.<\/p>\n<p><em><strong>RADIO PIU&#8217; SI PUO&#8217; ASCOLTARE SUL CANALE 8C NELL&#8217;AREA COPERTA DAL SEGNALE DIGITALE<\/strong><\/em><\/p>\n<p>&nbsp;<\/p>\n<hr \/>\n<p>&nbsp;<\/p>\n<p>&nbsp;<\/p>\n<blockquote>\n<blockquote>\n<h1><span style=\"color: #ff0000;\">i podcast informativi del mattino &#8211; audio &#8211;\u00a0<\/span><\/h1>\n<\/blockquote>\n<p><strong><a class=\"dt-pswp-item\" href=\"https:\/\/www.radiopiu.net\/wordpress\/wp-content\/uploads\/2023\/11\/th-10.jpg\" data-dt-img-description=\"\" data-large_image_width=\"320\" data-large_image_height=\"180\"><img loading=\"lazy\" decoding=\"async\" class=\"wp-image-362866 alignleft\" src=\"https:\/\/www.radiopiu.net\/wordpress\/wp-content\/uploads\/2023\/11\/th-10-300x169.jpg\" alt=\"\" width=\"185\" height=\"104\" srcset=\"https:\/\/www.radiopiu.net\/wordpress\/wp-content\/uploads\/2023\/11\/th-10-300x169.jpg 300w, https:\/\/www.radiopiu.net\/wordpress\/wp-content\/uploads\/2023\/11\/th-10.jpg 320w\" sizes=\"auto, (max-width: 185px) 100vw, 185px\" \/><\/a>LA RASSEGNA STAMPA NAZIONALE ALLA RADIO, OGNI GIORNO ALLE 5 E ALLE 6 DEL MATTINO <span style=\"color: #0000ff;\">viene pubblicata alle 6.00 <span style=\"color: #ff0000;\">DIRETTA RADIO<\/span><\/span><\/strong><\/p><\/blockquote>\n<p>I TITOLI Onu Via libera del consiglio di\u00a0 sicurezza alla risoluzione per\u00a0 gli aiuti a Gaza. I politici immigrati vogliono meno stranieri. Giorgetti il no al mes. La situazione relativa a Chiara\u00a0 Ferragni e alle presunte bufale emerse nelle ultime ore e ultimi giorni. E poi la cronaca,\u00a0 tra Palermo e Monza.<\/p>\n<p><strong>AUDIO<\/strong><\/p>\n<audio class=\"wp-audio-shortcode\" id=\"audio-367132-1\" preload=\"none\" style=\"width: 100%;\" controls=\"controls\"><source type=\"audio\/mpeg\" src=\"https:\/\/www.radiopiu.net\/wordpress\/wp-content\/uploads\/2023\/12\/GIORNALEDELLESEI-21.mp3?_=1\" \/><a href=\"https:\/\/www.radiopiu.net\/wordpress\/wp-content\/uploads\/2023\/12\/GIORNALEDELLESEI-21.mp3\">https:\/\/www.radiopiu.net\/wordpress\/wp-content\/uploads\/2023\/12\/GIORNALEDELLESEI-21.mp3<\/a><\/audio>\n<p>&nbsp;<\/p>\n<p>&nbsp;<\/p>\n<p>&nbsp;<\/p>\n<p><strong><a class=\"dt-pswp-item\" href=\"https:\/\/www.radiopiu.net\/wordpress\/wp-content\/uploads\/2023\/12\/images.png\" data-dt-img-description=\"\" data-large_image_width=\"316\" data-large_image_height=\"160\"><img loading=\"lazy\" decoding=\"async\" class=\"wp-image-367008 alignleft\" src=\"https:\/\/www.radiopiu.net\/wordpress\/wp-content\/uploads\/2023\/12\/images-300x152.png\" alt=\"\" width=\"235\" height=\"119\" srcset=\"https:\/\/www.radiopiu.net\/wordpress\/wp-content\/uploads\/2023\/12\/images-300x152.png 300w, https:\/\/www.radiopiu.net\/wordpress\/wp-content\/uploads\/2023\/12\/images.png 316w\" sizes=\"auto, (max-width: 235px) 100vw, 235px\" \/><\/a>OGNI GIORNO ALLE SETTE DEL MATTINO, LA RASSEGNA STAMPA LOCALE FLASH&#8230; PER CHI VA IN FRETTA. I TITOLI DAI GIORNALI E DAL SITO WWW.RADIOPIU.NET <span style=\"color: #0000ff;\">viene pubblicato alle 7.00<\/span> <span style=\"color: #ff0000;\">DIRETTA RADIO\u00a0<\/span><\/strong><\/p>\n<p><em><span style=\"color: #ff0000;\">per chi va in fretta&#8230; tante notizie in pochi minuti<\/span><\/em><\/p>\n<audio class=\"wp-audio-shortcode\" id=\"audio-367132-2\" preload=\"none\" style=\"width: 100%;\" controls=\"controls\"><source type=\"audio\/mpeg\" src=\"https:\/\/www.radiopiu.net\/wordpress\/wp-content\/uploads\/2023\/12\/GF07-2.mp3?_=2\" \/><a href=\"https:\/\/www.radiopiu.net\/wordpress\/wp-content\/uploads\/2023\/12\/GF07-2.mp3\">https:\/\/www.radiopiu.net\/wordpress\/wp-content\/uploads\/2023\/12\/GF07-2.mp3<\/a><\/audio>\n<p>&nbsp;<\/p>\n<p>&nbsp;<\/p>\n<p>&nbsp;<\/p>\n<p>&nbsp;<\/p>\n<p>&nbsp;<\/p>\n<p>&nbsp;<\/p>\n<blockquote><p><strong><a class=\"dt-pswp-item\" href=\"https:\/\/www.radiopiu.net\/wordpress\/wp-content\/uploads\/2021\/07\/microfono-radio-ok-768x448-768x448-1.jpg\" data-dt-img-description=\"\" data-large_image_width=\"768\" data-large_image_height=\"448\"><img loading=\"lazy\" decoding=\"async\" class=\"wp-image-220632 alignleft\" src=\"https:\/\/www.radiopiu.net\/wordpress\/wp-content\/uploads\/2021\/07\/microfono-radio-ok-768x448-768x448-1-300x175.jpg\" alt=\"\" width=\"178\" height=\"104\" srcset=\"https:\/\/www.radiopiu.net\/wordpress\/wp-content\/uploads\/2021\/07\/microfono-radio-ok-768x448-768x448-1-300x175.jpg 300w, https:\/\/www.radiopiu.net\/wordpress\/wp-content\/uploads\/2021\/07\/microfono-radio-ok-768x448-768x448-1.jpg 768w\" sizes=\"auto, (max-width: 178px) 100vw, 178px\" \/><\/a>GIORNALE RADIO NAZIONALE, EDIZIONE DELLE SETTE <span style=\"color: #0000ff;\">viene pubblicato alle 7.05 <span style=\"color: #ff0000;\">DIRETTA RADIO\u00a0<\/span><\/span><\/strong><\/p><\/blockquote>\n<p>&nbsp;<\/p>\n<p>&nbsp;<\/p>\n<p><strong>AUDIO<\/strong><\/p>\n<audio class=\"wp-audio-shortcode\" id=\"audio-367132-3\" preload=\"none\" style=\"width: 100%;\" controls=\"controls\"><source type=\"audio\/mpeg\" src=\"https:\/\/www.radiopiu.net\/wordpress\/wp-content\/uploads\/2023\/12\/giornale07-19.mp3?_=3\" \/><a href=\"https:\/\/www.radiopiu.net\/wordpress\/wp-content\/uploads\/2023\/12\/giornale07-19.mp3\">https:\/\/www.radiopiu.net\/wordpress\/wp-content\/uploads\/2023\/12\/giornale07-19.mp3<\/a><\/audio>\n<p>&nbsp;<\/p>\n<p>&nbsp;<\/p>\n<p>&nbsp;<\/p>\n<p>&nbsp;<\/p>\n<blockquote>\n<h2><strong><a class=\"dt-pswp-item\" href=\"https:\/\/www.radiopiu.net\/wordpress\/wp-content\/uploads\/2023\/12\/th-10.jpg\" data-dt-img-description=\"\" data-large_image_width=\"245\" data-large_image_height=\"180\"><img loading=\"lazy\" decoding=\"async\" class=\" wp-image-367395 alignleft\" src=\"https:\/\/www.radiopiu.net\/wordpress\/wp-content\/uploads\/2023\/12\/th-10.jpg\" alt=\"\" width=\"166\" height=\"122\" \/><\/a>RASSEGNA STAMPA LOCALE, ORE OTTO 05<\/strong><\/h2>\n<h2><strong> <span style=\"color: #0000ff;\">viene\u00a0 <\/span><\/strong><strong><span style=\"color: #0000ff;\">pubblicata alle 8.05 <span style=\"color: #ff0000;\">DIRETTA RADIO\u00a0<\/span><\/span><\/strong><\/h2>\n<\/blockquote>\n<h1><\/h1>\n<p>&nbsp;<\/p>\n<p>&nbsp;<\/p>\n<p><iframe loading=\"lazy\" title=\"dal 1983 alle otto del mattino L&#039;ORIGINALE la rassegna stampa locale\" width=\"1200\" height=\"675\" src=\"https:\/\/www.youtube.com\/embed\/ta1908XgayE?feature=oembed\" frameborder=\"0\" allow=\"accelerometer; autoplay; clipboard-write; encrypted-media; gyroscope; picture-in-picture; web-share\" allowfullscreen><\/iframe><\/p>\n<p>&nbsp;<\/p>\n<hr \/>\n<p>&nbsp;<\/p>\n<p>&nbsp;<\/p>\n<p><a class=\"dt-pswp-item\" href=\"https:\/\/www.radiopiu.net\/wordpress\/wp-content\/uploads\/2023\/10\/34f4cfc6-e863-46e9-9695-8df44be63421.jpg\" data-dt-img-description=\"\" data-large_image_width=\"1200\" data-large_image_height=\"1200\"><img loading=\"lazy\" decoding=\"async\" class=\"wp-image-357393 alignleft\" src=\"https:\/\/www.radiopiu.net\/wordpress\/wp-content\/uploads\/2023\/10\/34f4cfc6-e863-46e9-9695-8df44be63421-300x300.jpg\" alt=\"\" width=\"81\" height=\"81\" srcset=\"https:\/\/www.radiopiu.net\/wordpress\/wp-content\/uploads\/2023\/10\/34f4cfc6-e863-46e9-9695-8df44be63421-300x300.jpg 300w, https:\/\/www.radiopiu.net\/wordpress\/wp-content\/uploads\/2023\/10\/34f4cfc6-e863-46e9-9695-8df44be63421-1024x1024.jpg 1024w, https:\/\/www.radiopiu.net\/wordpress\/wp-content\/uploads\/2023\/10\/34f4cfc6-e863-46e9-9695-8df44be63421-150x150.jpg 150w, https:\/\/www.radiopiu.net\/wordpress\/wp-content\/uploads\/2023\/10\/34f4cfc6-e863-46e9-9695-8df44be63421-768x768.jpg 768w, https:\/\/www.radiopiu.net\/wordpress\/wp-content\/uploads\/2023\/10\/34f4cfc6-e863-46e9-9695-8df44be63421.jpg 1200w\" sizes=\"auto, (max-width: 81px) 100vw, 81px\" \/><\/a>OGGI ALLA RADIO: <strong>ALLE 7<\/strong> LA RASSEGNA STAMPA LOCALE FLASH, PER CHI COME NOI ALLE SETTE DEL MATTINO VA DI FRETTA, TANTE NOTIZIE IN POCHE CHIACCHIERE. <strong>ALLE OTTO<\/strong> L&#8217;APPROFONDIMENTO NELLA STORICA RASSEGNA STAMPA LOCALE.\u00a0 DALLE 6 ALLE 21, OGNI ORA, L&#8217;INFORMAZIONE NAZIONALE, l&#8217;informazione locale, ALLE 10 flash. 11flash. 14 viabilit\u00e0. 15meteo. 16flash. 17flash. 18flash. 19 i titoli di Antenna 3<\/p>\n<p>&nbsp;<\/p>\n<p>&nbsp;<\/p>\n<hr \/>\n<p>&nbsp;<\/p>\n<blockquote>\n<h3>ACQUA GSP: TORNA POTABILE A LIVINALLONGO E ROCCA PIETORE<\/h3>\n<\/blockquote>\n<p><strong>ROCCA PIETORE<\/strong> in localit\u00e0 DIGONERA e MASARE&#8217; l&#8217;acqua erogata dall&#8217;acquedotto \u00e8 di nuovo potabile pu\u00f2 essere usata per scopi alimentari<\/p>\n<p><strong>LIVINALLONGO DEL COL DI LANA<\/strong> nelle localit\u00e0\u00a0 \u00a0SALESEI DI SOPRA, SALESEI DI SOTTO, PIAN DI SALESEI, SALESEI, SOTTOCREPA e FOPPA l\u2019acqua erogata dall\u2019acquedotto \u00e8 di nuovo potabile pu\u00f2 essere usata per scopi alimentari<\/p>\n<p>&nbsp;<\/p>\n<p>&nbsp;<\/p>\n<hr \/>\n<p>&nbsp;<\/p>\n<p>&nbsp;<\/p>\n<blockquote>\n<h2>203 AGORDINA,\u00a0 CARAMBOLA A TRE<\/h2>\n<\/blockquote>\n<p><strong>REDAZIONE<\/strong> Tre auto coinvolte nella carambola, fortunatamente senza\u00a0 \u00a0conseguenze per conducenti e passeggeri. Alle 12.30 il sinistro lungo la regionale 203 agordina, dopo la localit\u00e0 La Muda. Sul posto Carabinieri e Vigili del Fuoco, inevitabili i disagi per la viabilit\u00e0 con incolonnamenti in entrambi i sensi.<\/p>\n<p><strong>FOTO\u00a0<\/strong><\/p>\n\n\t\t\t<style type='text\/css'>\n\t\t\t\t#gallery-1 {\n\t\t\t\t\tmargin: auto;\n\t\t\t\t}\n\t\t\t\t#gallery-1 .gallery-item {\n\t\t\t\t\tfloat: left;\n\t\t\t\t\tmargin-top: 10px;\n\t\t\t\t\ttext-align: center;\n\t\t\t\t\twidth: 33%;\n\t\t\t\t}\n\t\t\t\t#gallery-1 img {\n\t\t\t\t\tborder: 2px solid #cfcfcf;\n\t\t\t\t}\n\t\t\t\t#gallery-1 .gallery-caption {\n\t\t\t\t\tmargin-left: 0;\n\t\t\t\t}\n\t\t\t\t\/* see gallery_shortcode() in wp-includes\/media.php *\/\n\t\t\t<\/style>\n\t\t<div id='gallery-1' class='dt-gallery-container gallery galleryid-367132 gallery-columns-3 gallery-size-thumbnail'><dl class='gallery-item'>\n\t\t\t\t<dt class='gallery-icon landscape'>\n\t\t\t\t\t<a class=\"rollover rollover-zoom dt-pswp-item\" title=\"1231\" data-dt-img-description=\"\" data-large_image_width=\"620\" data-large_image_height=\"387\"href='https:\/\/www.radiopiu.net\/wordpress\/wp-content\/uploads\/2023\/12\/1231.jpg'><img loading=\"lazy\" decoding=\"async\" width=\"150\" height=\"150\" src=\"https:\/\/www.radiopiu.net\/wordpress\/wp-content\/uploads\/2023\/12\/1231-150x150.jpg\" class=\"attachment-thumbnail size-thumbnail\" alt=\"\" \/><\/a>\n\t\t\t\t<\/dt><\/dl><dl class='gallery-item'>\n\t\t\t\t<dt class='gallery-icon landscape'>\n\t\t\t\t\t<a class=\"rollover rollover-zoom dt-pswp-item\" title=\"3\" data-dt-img-description=\"\" data-large_image_width=\"687\" data-large_image_height=\"398\"href='https:\/\/www.radiopiu.net\/wordpress\/wp-content\/uploads\/2023\/12\/3.png'><img loading=\"lazy\" decoding=\"async\" width=\"150\" height=\"150\" src=\"https:\/\/www.radiopiu.net\/wordpress\/wp-content\/uploads\/2023\/12\/3-150x150.png\" class=\"attachment-thumbnail size-thumbnail\" alt=\"\" \/><\/a>\n\t\t\t\t<\/dt><\/dl><dl class='gallery-item'>\n\t\t\t\t<dt class='gallery-icon landscape'>\n\t\t\t\t\t<a class=\"rollover rollover-zoom dt-pswp-item\" title=\"123\" data-dt-img-description=\"\" data-large_image_width=\"605\" data-large_image_height=\"307\"href='https:\/\/www.radiopiu.net\/wordpress\/wp-content\/uploads\/2023\/12\/123.jpg'><img loading=\"lazy\" decoding=\"async\" width=\"150\" height=\"150\" src=\"https:\/\/www.radiopiu.net\/wordpress\/wp-content\/uploads\/2023\/12\/123-150x150.jpg\" class=\"attachment-thumbnail size-thumbnail\" alt=\"\" \/><\/a>\n\t\t\t\t<\/dt><\/dl><br style=\"clear: both\" \/>\n\t\t\t<\/div>\n\n<p>&nbsp;<\/p>\n<hr \/>\n<p>&nbsp;<\/p>\n<p>&nbsp;<\/p>\n<blockquote>\n<h2><a class=\"dt-pswp-item\" href=\"https:\/\/www.radiopiu.net\/wordpress\/wp-content\/uploads\/2023\/12\/Senza-nome-73.png\" data-dt-img-description=\"\" data-large_image_width=\"266\" data-large_image_height=\"305\"><img loading=\"lazy\" decoding=\"async\" class=\"wp-image-367103 alignleft\" src=\"https:\/\/www.radiopiu.net\/wordpress\/wp-content\/uploads\/2023\/12\/Senza-nome-73-262x300.png\" alt=\"\" width=\"137\" height=\"157\" srcset=\"https:\/\/www.radiopiu.net\/wordpress\/wp-content\/uploads\/2023\/12\/Senza-nome-73-262x300.png 262w, https:\/\/www.radiopiu.net\/wordpress\/wp-content\/uploads\/2023\/12\/Senza-nome-73.png 266w\" sizes=\"auto, (max-width: 137px) 100vw, 137px\" \/><\/a>COMMOSSO ADDIO A ZELJKO<\/h2>\n<\/blockquote>\n<p><strong>PONTE NELLE ALPI<\/strong> Il parroco, durante l&#8217;omelia funebre di Zeljko Manarin, l&#8217;operaio deceduto nell&#8217;incidente a Intersocks di Paludi, lo ha ricordato come un uomo buono e lavoratore, sottolineando l&#8217;importanza di migliorare le condizioni di lavoro per evitare tragedie simili. Ha esortato a un impegno congiunto per garantire la sicurezza nei luoghi di lavoro, dichiarando che ogni lavoratore ha il diritto di tornare a casa sano e salvo. Alla messa di addio, il capogruppo consiliare e presidente della Famiglia ex emigranti ha espresso il cordoglio della comunit\u00e0, ricordando Manarin come una persona straordinaria.<\/p>\n<p>&nbsp;<\/p>\n<p>&nbsp;<\/p>\n<hr \/>\n<p>&nbsp;<\/p>\n<p>&nbsp;<\/p>\n<blockquote>\n<h3><\/h3>\n<h3>\u00a0DOLOMITIBUS, LA GRANDE DELUSIONE ANCHE PER LE NUOVE GENERAZIONI<\/h3>\n<h3><em> i giovani si sentono abbandonati dall&#8217;Azienda che non ha esitato ad aumentare gli abbonamenti, delusi da una politica che non ha saputo risolvere una situazione che si trascina da mesi. Ma ieri sera ad Agordo si sono viste le colonne di autobus per la festa di Luxottica.<\/em><\/h3>\n<\/blockquote>\n<h3><a class=\"dt-pswp-item\" href=\"https:\/\/www.radiopiu.net\/wordpress\/wp-content\/uploads\/2023\/12\/Senza-nome-80.png\" data-dt-img-description=\"\" data-large_image_width=\"471\" data-large_image_height=\"273\"><img loading=\"lazy\" decoding=\"async\" class=\"size-medium wp-image-367373 alignleft\" src=\"https:\/\/www.radiopiu.net\/wordpress\/wp-content\/uploads\/2023\/12\/Senza-nome-80-300x174.png\" alt=\"\" width=\"300\" height=\"174\" srcset=\"https:\/\/www.radiopiu.net\/wordpress\/wp-content\/uploads\/2023\/12\/Senza-nome-80-300x174.png 300w, https:\/\/www.radiopiu.net\/wordpress\/wp-content\/uploads\/2023\/12\/Senza-nome-80.png 471w\" sizes=\"auto, (max-width: 300px) 100vw, 300px\" \/><\/a><\/h3>\n<p><strong>BELLUNO<\/strong> Una trentina di studenti ha partecipato, ieri, al presidio contro i disservizi del trasporto pubblico organizzato da Azione Studentesca Belluno. \u00abDa anni il servizio offerto da Dolomitibus \u00e8 inadeguato, ma dall&#8217;inizio di quest&#8217;anno la situazione \u00e8 precipitata: corse cancellate, autobus in ritardo oppure stracolmi, costretti a lasciare a piedi studenti e lavoratori\u00bb, \u00e8 stato detto da un ragazzo. \u00abPer questo scendiamo in piazza, per manifestare il nostro dissenso verso questa mala gestione dei trasporti\u00bb.<\/p>\n<blockquote>\n<h3 class=\"articlePlainText\"><em>Azione Studentesca si impegna a portare le istanze degli utenti (studenti ma anche lavoratori) al presidente della Provincia Roberto Padrin. \u00abDopo questo incontro, se la situazione non cambier\u00e0 scenderemo di nuovo in piazza\u00bb,\u00a0<\/em><\/h3>\n<\/blockquote>\n<p>&nbsp;<\/p>\n<p>&nbsp;<\/p>\n<hr \/>\n<p>&nbsp;<\/p>\n<p>&nbsp;<\/p>\n<blockquote>\n<h3><a class=\"dt-pswp-item\" href=\"https:\/\/www.radiopiu.net\/wordpress\/wp-content\/uploads\/2023\/12\/Senza-nome-83.png\" data-dt-img-description=\"\" data-large_image_width=\"471\" data-large_image_height=\"166\"><img loading=\"lazy\" decoding=\"async\" class=\" wp-image-367381 alignleft\" src=\"https:\/\/www.radiopiu.net\/wordpress\/wp-content\/uploads\/2023\/12\/Senza-nome-83-300x106.png\" alt=\"\" width=\"272\" height=\"96\" srcset=\"https:\/\/www.radiopiu.net\/wordpress\/wp-content\/uploads\/2023\/12\/Senza-nome-83-300x106.png 300w, https:\/\/www.radiopiu.net\/wordpress\/wp-content\/uploads\/2023\/12\/Senza-nome-83.png 471w\" sizes=\"auto, (max-width: 272px) 100vw, 272px\" \/><\/a>LO SCIOPERO DEL COMMERCIO PER IL MANCATO RINNOVO DEL CONTRATTO ATTESO DA 4 ANNI<\/h3>\n<\/blockquote>\n<p>Gli scioperi per il mancato rinnovo contrattuale hanno colpito i supermercati del gruppo Lidl a Calalzo, Sedico e Belluno, con adesione degli addetti tra l&#8217;80 e il 90%. La provincia di Belluno ha registrato un&#8217;alta partecipazione, superando il 50% di astensione in altri punti vendita della grande distribuzione. I sindacati, Filcams Cgil, Fisascat Cisl e Uiltucs Uil, riferiscono che l&#8217;adesione \u00e8 stata superiore alle precedenti manifestazioni, con i lavoratori che sentono il peso del mancato rinnovo contrattuale, considerando l&#8217;aumento dell&#8217;inflazione e dei costi dei generi di prima necessit\u00e0. La giornata di sciopero \u00e8 volta a sollecitare un avanzamento delle trattative e a denunciare la situazione insostenibile dei lavoratori. Confcommercio e Confesercenti si sono dichiarate disponibili al confronto immediato ma hanno respinto le motivazioni<\/p>\n<p>&nbsp;<\/p>\n<p>&nbsp;<\/p>\n<hr \/>\n<p>&nbsp;<\/p>\n<blockquote>\n<h3>MANESKIN, ULTIMA DATA DEL TOUR MONDIALE AD AGORDO &#8211; PALA LUXOTTICA<\/h3>\n<\/blockquote>\n<h1><span style=\"color: #ff0000;\"><strong>AGORDO ORE 20 04\u00a0 IL RICORDO DI LEONARDO DEL VECCHIO, L&#8217;APPPLAUSO DEL PALALUXOTTICA\u00a0<\/strong><\/span><\/h1>\n<div style=\"width: 848px;\" class=\"wp-video\"><video class=\"wp-video-shortcode\" id=\"video-367132-1\" width=\"848\" height=\"480\" preload=\"metadata\" controls=\"controls\"><source type=\"video\/mp4\" src=\"https:\/\/www.radiopiu.net\/wordpress\/wp-content\/uploads\/2023\/12\/WhatsApp-Video-2023-12-22-at-20.03.22.mp4?_=1\" \/><a href=\"https:\/\/www.radiopiu.net\/wordpress\/wp-content\/uploads\/2023\/12\/WhatsApp-Video-2023-12-22-at-20.03.22.mp4\">https:\/\/www.radiopiu.net\/wordpress\/wp-content\/uploads\/2023\/12\/WhatsApp-Video-2023-12-22-at-20.03.22.mp4<\/a><\/video><\/div>\n<p>&nbsp;<\/p>\n<p><strong>In sequenza: Francesco Milleri &#8211; Paul De Saliant &#8211;\u00a0 Leonardo Maria Del Vecchio &#8211;\u00a0 Claudio Del Vecchio-\u00a0 Luigi Francavilla\u00a0<\/strong><\/p>\n<p><strong>AUDIO INTERVENTI INTEGRALI\u00a0<\/strong><\/p>\n<audio class=\"wp-audio-shortcode\" id=\"audio-367132-4\" preload=\"none\" style=\"width: 100%;\" controls=\"controls\"><source type=\"audio\/mpeg\" src=\"https:\/\/www.radiopiu.net\/wordpress\/wp-content\/uploads\/2023\/12\/audio-totale.mp3?_=4\" \/><a href=\"https:\/\/www.radiopiu.net\/wordpress\/wp-content\/uploads\/2023\/12\/audio-totale.mp3\">https:\/\/www.radiopiu.net\/wordpress\/wp-content\/uploads\/2023\/12\/audio-totale.mp3<\/a><\/audio>\n<p>&nbsp;<\/p>\n<p><span style=\"color: #ff0000;\">Francesco Milleri\u00a0<\/span><\/p>\n<p>\u201cE&#8217; bellissimo vedere un Gruppo che pi\u00f9 cresce e pi\u00f9 diventa giovane, noi cerchiamo di dare alle nuove generazioni un lavoro stabile che permetta di sentirsi parte di una comunit\u00e0, in continuit\u00e0 con quanto fatto dal nostro Fondatore, Leonardo Del Vecchio. Chiedo a quelli che hanno vissuto e lavorato tanti anni con lui di parlare di lui ai giovani che stanno arrivando e di trasmettere loro la sua eredit\u00e0, il suo pensiero e i suoi valori, la generosit\u00e0, il pensare sempre agli altri\u201d<\/p>\n<p><span style=\"color: #ff0000;\">Leonardo Maria Del Vecchio<\/span><\/p>\n<p>\u201cQuesto vostro applauso mi ha riempito il cuore di gioia ed \u00e8 un grande onore essere qui, in molti pensavano che le cose sarebbero cambiate e invece siamo qui con il record storico di presenze. Stiamo rendendo fiero il nostro fondatore, il nostro collega, il nostro amico, nostro padre, il cavalier Leonardo Del Vecchio\u201d<\/p>\n<p><span style=\"color: #ff0000;\">Luigi Francavilla\u00a0<\/span><\/p>\n<p>&#8220;Auguro a tutti voi buon Natale e felice anno nuovo. Io sono ancora qua&#8221;.<\/p>\n<p>&nbsp;<\/p>\n\n\t\t\t<style type='text\/css'>\n\t\t\t\t#gallery-2 {\n\t\t\t\t\tmargin: auto;\n\t\t\t\t}\n\t\t\t\t#gallery-2 .gallery-item {\n\t\t\t\t\tfloat: left;\n\t\t\t\t\tmargin-top: 10px;\n\t\t\t\t\ttext-align: center;\n\t\t\t\t\twidth: 20%;\n\t\t\t\t}\n\t\t\t\t#gallery-2 img {\n\t\t\t\t\tborder: 2px solid #cfcfcf;\n\t\t\t\t}\n\t\t\t\t#gallery-2 .gallery-caption {\n\t\t\t\t\tmargin-left: 0;\n\t\t\t\t}\n\t\t\t\t\/* see gallery_shortcode() in wp-includes\/media.php *\/\n\t\t\t<\/style>\n\t\t<div id='gallery-2' class='dt-gallery-container gallery galleryid-367132 gallery-columns-5 gallery-size-thumbnail'><dl class='gallery-item'>\n\t\t\t\t<dt class='gallery-icon landscape'>\n\t\t\t\t\t<a class=\"rollover rollover-zoom dt-pswp-item\" title=\"7b3b467b-ef76-4c5a-9b9e-5ae5a0d5a9e9\" data-dt-img-description=\"\" data-large_image_width=\"1600\" data-large_image_height=\"1196\"href='https:\/\/www.radiopiu.net\/wordpress\/wp-content\/uploads\/2023\/12\/7b3b467b-ef76-4c5a-9b9e-5ae5a0d5a9e9.jpg'><img loading=\"lazy\" decoding=\"async\" width=\"150\" height=\"150\" src=\"https:\/\/www.radiopiu.net\/wordpress\/wp-content\/uploads\/2023\/12\/7b3b467b-ef76-4c5a-9b9e-5ae5a0d5a9e9-150x150.jpg\" class=\"attachment-thumbnail size-thumbnail\" alt=\"\" aria-describedby=\"gallery-2-367285\" \/><\/a>\n\t\t\t\t<\/dt>\n\t\t\t\t\t<dd class='wp-caption-text gallery-caption' id='gallery-2-367285'>\n\t\t\t\t\tMILLERI\n\t\t\t\t\t<\/dd><\/dl><dl class='gallery-item'>\n\t\t\t\t<dt class='gallery-icon landscape'>\n\t\t\t\t\t<a class=\"rollover rollover-zoom dt-pswp-item\" title=\"b96feac5-b549-42bf-b0b6-968d3c8402d3\" data-dt-img-description=\"\" data-large_image_width=\"1600\" data-large_image_height=\"1196\"href='https:\/\/www.radiopiu.net\/wordpress\/wp-content\/uploads\/2023\/12\/b96feac5-b549-42bf-b0b6-968d3c8402d3.jpg'><img loading=\"lazy\" decoding=\"async\" width=\"150\" height=\"150\" src=\"https:\/\/www.radiopiu.net\/wordpress\/wp-content\/uploads\/2023\/12\/b96feac5-b549-42bf-b0b6-968d3c8402d3-150x150.jpg\" class=\"attachment-thumbnail size-thumbnail\" alt=\"\" aria-describedby=\"gallery-2-367295\" \/><\/a>\n\t\t\t\t<\/dt>\n\t\t\t\t\t<dd class='wp-caption-text gallery-caption' id='gallery-2-367295'>\n\t\t\t\t\tSTRIANO\n\t\t\t\t\t<\/dd><\/dl><dl class='gallery-item'>\n\t\t\t\t<dt class='gallery-icon landscape'>\n\t\t\t\t\t<a class=\"rollover rollover-zoom dt-pswp-item\" title=\"a5f370c0-9da4-4cb1-b926-b978ae830039\" data-dt-img-description=\"\" data-large_image_width=\"1600\" data-large_image_height=\"1196\"href='https:\/\/www.radiopiu.net\/wordpress\/wp-content\/uploads\/2023\/12\/a5f370c0-9da4-4cb1-b926-b978ae830039.jpg'><img loading=\"lazy\" decoding=\"async\" width=\"150\" height=\"150\" src=\"https:\/\/www.radiopiu.net\/wordpress\/wp-content\/uploads\/2023\/12\/a5f370c0-9da4-4cb1-b926-b978ae830039-150x150.jpg\" class=\"attachment-thumbnail size-thumbnail\" alt=\"\" aria-describedby=\"gallery-2-367290\" \/><\/a>\n\t\t\t\t<\/dt>\n\t\t\t\t\t<dd class='wp-caption-text gallery-caption' id='gallery-2-367290'>\n\t\t\t\t\tLEONARDO MARIA DEL VECCHIO\n\t\t\t\t\t<\/dd><\/dl><dl class='gallery-item'>\n\t\t\t\t<dt class='gallery-icon landscape'>\n\t\t\t\t\t<a class=\"rollover rollover-zoom dt-pswp-item\" title=\"49aff3b4-125c-4dda-9484-fcde7f0e3fd9\" data-dt-img-description=\"\" data-large_image_width=\"1600\" data-large_image_height=\"1196\"href='https:\/\/www.radiopiu.net\/wordpress\/wp-content\/uploads\/2023\/12\/49aff3b4-125c-4dda-9484-fcde7f0e3fd9.jpg'><img loading=\"lazy\" decoding=\"async\" width=\"150\" height=\"150\" src=\"https:\/\/www.radiopiu.net\/wordpress\/wp-content\/uploads\/2023\/12\/49aff3b4-125c-4dda-9484-fcde7f0e3fd9-150x150.jpg\" class=\"attachment-thumbnail size-thumbnail\" alt=\"\" aria-describedby=\"gallery-2-367292\" \/><\/a>\n\t\t\t\t<\/dt>\n\t\t\t\t\t<dd class='wp-caption-text gallery-caption' id='gallery-2-367292'>\n\t\t\t\t\tCLAUDIO DEL VECCHIO\n\t\t\t\t\t<\/dd><\/dl><dl class='gallery-item'>\n\t\t\t\t<dt class='gallery-icon landscape'>\n\t\t\t\t\t<a class=\"rollover rollover-zoom dt-pswp-item\" title=\"a99a6752-f7e4-476d-acc9-149ad27e9dc3\" data-dt-img-description=\"\" data-large_image_width=\"1600\" data-large_image_height=\"1196\"href='https:\/\/www.radiopiu.net\/wordpress\/wp-content\/uploads\/2023\/12\/a99a6752-f7e4-476d-acc9-149ad27e9dc3.jpg'><img loading=\"lazy\" decoding=\"async\" width=\"150\" height=\"150\" src=\"https:\/\/www.radiopiu.net\/wordpress\/wp-content\/uploads\/2023\/12\/a99a6752-f7e4-476d-acc9-149ad27e9dc3-150x150.jpg\" class=\"attachment-thumbnail size-thumbnail\" alt=\"\" aria-describedby=\"gallery-2-367296\" \/><\/a>\n\t\t\t\t<\/dt>\n\t\t\t\t\t<dd class='wp-caption-text gallery-caption' id='gallery-2-367296'>\n\t\t\t\t\tFRANCAVILLA\n\t\t\t\t\t<\/dd><\/dl><br style=\"clear: both\" \/>\n\t\t\t<\/div>\n\n<p>&nbsp;<\/p>\n<h1><span style=\"color: #ff0000;\">\u00a0MANESKIN\u00a0 l\u2019ultima data del loro tour mondiale\u00a0<\/span><\/h1>\n<h3><span style=\"color: #000000;\"><em>Volendo sorprendere il Mondo&#8230; si potrebbe aggiungere una data al tour mondiale dei MANESKIN. Una data in Italia sarebbe il top (cit. radiopiu 18 dicembre)\u00a0<\/em><\/span><\/h3>\n<p><strong>FOTO, VIDEO&#8230;<\/strong><\/p>\n<blockquote class=\"wp-embedded-content\" data-secret=\"TY3tzWVzXp\"><p><a href=\"https:\/\/www.radiopiu.net\/wordpress\/mentou\/\">MANESKIN, ULTIMA DATA DEL TOUR MONDIALE AD AGORDO &#8211; PALA LUXOTTICA<\/a><\/p><\/blockquote>\n<p><iframe loading=\"lazy\" class=\"wp-embedded-content\" sandbox=\"allow-scripts\" security=\"restricted\" style=\"position: absolute; clip: rect(1px, 1px, 1px, 1px);\" title=\"&#8220;MANESKIN, ULTIMA DATA DEL TOUR MONDIALE AD AGORDO &#8211; PALA LUXOTTICA&#8221; &#8212; Radio Pi\u00f9\" src=\"https:\/\/www.radiopiu.net\/wordpress\/mentou\/embed\/#?secret=zHz43KO4xR#?secret=TY3tzWVzXp\" data-secret=\"TY3tzWVzXp\" width=\"600\" height=\"338\" frameborder=\"0\" marginwidth=\"0\" marginheight=\"0\" scrolling=\"no\"><\/iframe><\/p>\n<p>&nbsp;<\/p>\n<hr \/>\n<p>&nbsp;<\/p>\n<blockquote>\n<h1>Nuovo distretto sanitario: pronto il piano da 1,3 milioni<\/h1>\n<p>DI GIANNI SANTOMASO<\/p><\/blockquote>\n<audio class=\"wp-audio-shortcode\" id=\"audio-367132-5\" preload=\"none\" style=\"width: 100%;\" controls=\"controls\"><source type=\"audio\/mpeg\" src=\"https:\/\/www.radiopiu.net\/wordpress\/wp-content\/uploads\/2023\/12\/gianni-alleghe.mp3?_=5\" \/><a href=\"https:\/\/www.radiopiu.net\/wordpress\/wp-content\/uploads\/2023\/12\/gianni-alleghe.mp3\">https:\/\/www.radiopiu.net\/wordpress\/wp-content\/uploads\/2023\/12\/gianni-alleghe.mp3<\/a><\/audio>\n<p><strong><img loading=\"lazy\" decoding=\"async\" class=\"alignleft\" src=\"https:\/\/www.radiopiu.net\/wordpress\/wp-content\/uploads\/2023\/08\/Cambio_medico.jpg\" width=\"227\" height=\"164\" \/>ALLEGHE<\/strong>\u00a0 Il Comune di Alleghe approva lo studio di fattibilit\u00e0 tecnico-economica per la realizzazione del nuovo distretto sanitario, con un costo stimato di 1,386 milioni di euro. L&#8217;opera, finanziata anche con fondi delle aree interne, rafforzer\u00e0 la rete ambulatoriale territoriale, seguendo il quadro di potenziamento previsto dal protocollo d&#8217;intesa tra il Comune, l&#8217;Usl 1 Dolomiti, e l&#8217;Unione montana agordina. Il nuovo distretto sar\u00e0 collocato nell&#8217;area di Vallazza, e il progetto definitivo dovr\u00e0 essere approvato prima di procedere con l&#8217;affidamento dei lavori. In parallelo, continua anche l&#8217;iter per un distretto simile a Canale d&#8217;Agordo, con la fase propedeutica allo studio di fattibilit\u00e0.<\/p>\n<p>&nbsp;<\/p>\n<hr \/>\n<p>&nbsp;<\/p>\n<blockquote>\n<h3>SOTTOSCRITTO UN PROTOCOLLO D\u2019INTESA TRA LA GUARDIA DI FINANZA E IL SUEM 118 PER ATTIVITA&#8217; DI SOCCORSO<\/h3>\n<\/blockquote>\n<blockquote>\n<h2><strong><a class=\"dt-pswp-item\" href=\"https:\/\/www.radiopiu.net\/wordpress\/wp-content\/uploads\/2021\/02\/fiamme-gialle-scaled.jpeg\" data-dt-img-description=\"GUARDIA DI FINANZA\" data-large_image_width=\"2560\" data-large_image_height=\"1920\"><img loading=\"lazy\" decoding=\"async\" class=\" wp-image-190302 alignleft\" src=\"https:\/\/www.radiopiu.net\/wordpress\/wp-content\/uploads\/2021\/02\/fiamme-gialle-300x225.jpeg\" alt=\"\" width=\"227\" height=\"170\" srcset=\"https:\/\/www.radiopiu.net\/wordpress\/wp-content\/uploads\/2021\/02\/fiamme-gialle-300x225.jpeg 300w, https:\/\/www.radiopiu.net\/wordpress\/wp-content\/uploads\/2021\/02\/fiamme-gialle-1024x768.jpeg 1024w, https:\/\/www.radiopiu.net\/wordpress\/wp-content\/uploads\/2021\/02\/fiamme-gialle-768x576.jpeg 768w, https:\/\/www.radiopiu.net\/wordpress\/wp-content\/uploads\/2021\/02\/fiamme-gialle-1536x1152.jpeg 1536w, https:\/\/www.radiopiu.net\/wordpress\/wp-content\/uploads\/2021\/02\/fiamme-gialle-2048x1536.jpeg 2048w\" sizes=\"auto, (max-width: 227px) 100vw, 227px\" \/><\/a><\/strong><\/h2>\n<\/blockquote>\n<p><strong>BELLUNO<\/strong> Ulss 1 Dolomiti e la Guardia di Finanza di Belluno hanno siglato un protocollo di intesa per la collaborazione nelle attivit\u00e0 di soccorso in montagna via terra e via aria. La collaborazione garantir\u00e0 massima efficienza, tempestivit\u00e0 e sicurezza nelle operazioni di soccorso. Le stazioni del Soccorso alpino della Guardia di Finanza verranno informate dal soccorso alpino Cnsas in caso di intervento, e entrambi gli enti metteranno reciprocamente a disposizione mezzi, attrezzature e supporti logistici. Il Suem si impegner\u00e0 a formare e addestrare il personale del Sagf, e verr\u00e0 istituita una commissione paritetica per monitorare le attivit\u00e0. La collaborazione mira a migliorare la tempestivit\u00e0 degli interventi e la sopravvivenza in caso di arresto cardiaco territoriale.<\/p>\n\n\t\t\t<style type='text\/css'>\n\t\t\t\t#gallery-3 {\n\t\t\t\t\tmargin: auto;\n\t\t\t\t}\n\t\t\t\t#gallery-3 .gallery-item {\n\t\t\t\t\tfloat: left;\n\t\t\t\t\tmargin-top: 10px;\n\t\t\t\t\ttext-align: center;\n\t\t\t\t\twidth: 50%;\n\t\t\t\t}\n\t\t\t\t#gallery-3 img {\n\t\t\t\t\tborder: 2px solid #cfcfcf;\n\t\t\t\t}\n\t\t\t\t#gallery-3 .gallery-caption {\n\t\t\t\t\tmargin-left: 0;\n\t\t\t\t}\n\t\t\t\t\/* see gallery_shortcode() in wp-includes\/media.php *\/\n\t\t\t<\/style>\n\t\t<div id='gallery-3' class='dt-gallery-container gallery galleryid-367132 gallery-columns-2 gallery-size-thumbnail'><dl class='gallery-item'>\n\t\t\t\t<dt class='gallery-icon landscape'>\n\t\t\t\t\t<a class=\"rollover rollover-zoom dt-pswp-item\" title=\"GDF (1)-1\" data-dt-img-description=\"\" data-large_image_width=\"2040\" data-large_image_height=\"1530\"href='https:\/\/www.radiopiu.net\/wordpress\/wp-content\/uploads\/2023\/12\/GDF-1-1.jpeg'><img loading=\"lazy\" decoding=\"async\" width=\"150\" height=\"150\" src=\"https:\/\/www.radiopiu.net\/wordpress\/wp-content\/uploads\/2023\/12\/GDF-1-1-150x150.jpeg\" class=\"attachment-thumbnail size-thumbnail\" alt=\"\" \/><\/a>\n\t\t\t\t<\/dt><\/dl><dl class='gallery-item'>\n\t\t\t\t<dt class='gallery-icon landscape'>\n\t\t\t\t\t<a class=\"rollover rollover-zoom dt-pswp-item\" title=\"GDF (2)\" data-dt-img-description=\"\" data-large_image_width=\"1968\" data-large_image_height=\"1316\"href='https:\/\/www.radiopiu.net\/wordpress\/wp-content\/uploads\/2023\/12\/GDF-2.jpeg'><img loading=\"lazy\" decoding=\"async\" width=\"150\" height=\"150\" src=\"https:\/\/www.radiopiu.net\/wordpress\/wp-content\/uploads\/2023\/12\/GDF-2-150x150.jpeg\" class=\"attachment-thumbnail size-thumbnail\" alt=\"\" \/><\/a>\n\t\t\t\t<\/dt><\/dl><br style=\"clear: both\" \/>\n\t\t\t<\/div>\n\n<p>&nbsp;<\/p>\n<hr \/>\n<p>&nbsp;<\/p>\n<blockquote>\n<h3>SS50 \u201cdel Grappa e del Passo Rolle\u201d \u2013 Lavori di manutenzione del cavalcaferrovia di Santa Giustina<\/h3>\n<\/blockquote>\n<p><img loading=\"lazy\" decoding=\"async\" class=\"alignleft\" src=\"https:\/\/www.radiopiu.net\/wordpress\/wp-content\/uploads\/2023\/12\/santa-giusta-palmas-cavalcaferrovia-301547.jpg\" width=\"154\" height=\"86\" \/><strong>SANTA GIUSTINA\u00a0<\/strong> Per consentire la conclusione dei lavori di manutenzione del cavalcaferrovia di Santa Giustina, lungo la statale 50 &#8220;del Grappa e di Passo Rolle&#8221;, in corso a cura di Anas, d\u2019intesa con il gestore della rete ferroviaria \u00e8 prorogata fino a <b>gioved\u00ec 4 gennaio 2024<\/b> la sospensione del traffico ferroviario sulla linea Feltre-Belluno.\u00a0 \u00a0Il traffico veicolare rester\u00e0 deviato su via Nazionale con indicazioni sul posto,\u00a0mentre per la linea ferroviaria sar\u00e0 sempre attivo il servizio sostitutivo tramite autobus.<\/p>\n<p>&nbsp;<\/p>\n<p>&nbsp;<\/p>\n<hr \/>\n<p>&nbsp;<\/p>\n<blockquote>\n<h3><b><span style=\"font-size: large;\"><a class=\"dt-pswp-item\" href=\"https:\/\/www.radiopiu.net\/wordpress\/wp-content\/uploads\/2022\/09\/1956-57-Seggiovia-Burz-Monoposto.jpg\" data-dt-img-description=\"\" data-large_image_width=\"1500\" data-large_image_height=\"1045\"><img loading=\"lazy\" decoding=\"async\" class=\"wp-image-296866 alignleft\" src=\"https:\/\/www.radiopiu.net\/wordpress\/wp-content\/uploads\/2022\/09\/1956-57-Seggiovia-Burz-Monoposto-300x209.jpg\" alt=\"\" width=\"184\" height=\"128\" srcset=\"https:\/\/www.radiopiu.net\/wordpress\/wp-content\/uploads\/2022\/09\/1956-57-Seggiovia-Burz-Monoposto-300x209.jpg 300w, https:\/\/www.radiopiu.net\/wordpress\/wp-content\/uploads\/2022\/09\/1956-57-Seggiovia-Burz-Monoposto-1024x713.jpg 1024w, https:\/\/www.radiopiu.net\/wordpress\/wp-content\/uploads\/2022\/09\/1956-57-Seggiovia-Burz-Monoposto-768x535.jpg 768w, https:\/\/www.radiopiu.net\/wordpress\/wp-content\/uploads\/2022\/09\/1956-57-Seggiovia-Burz-Monoposto.jpg 1500w\" sizes=\"auto, (max-width: 184px) 100vw, 184px\" \/><\/a><\/span><\/b><\/h3>\n<h3><b><span style=\"font-size: large;\">Ammodernamento impianti di risalita. Diverse le societ\u00e0 che devono ancora depositare documentazioni indispensabili<span class=\"gmail-Apple-converted-space\">\u00a0<\/span><\/span><\/b><\/h3>\n<\/blockquote>\n<p><strong>BELLUNO<\/strong> Le societ\u00e0 di impianti di risalita bellunesi hanno presentato dodici progetti per un totale di circa 36 milioni di euro di finanziamenti, in risposta al bando per contributi in conto capitale per lo sviluppo delle aree sciabili. L&#8217;ufficio impianti a fune della Provincia ha iniziato a esaminare le proposte e ha gi\u00e0 concluso positivamente il progetto di sostituzione dell&#8217;impianto Casera dei Zorzi-Cornia in Val di Zoldo. Il presidente della Provincia, Roberto Padrin, sottolinea l&#8217;impegno nel lavorare su questo settore strategico per l&#8217;economia montana e auspica una collaborazione efficace per definire al meglio gli interventi proposti.<\/p>\n<p>&nbsp;<\/p>\n<hr \/>\n<p>&nbsp;<\/p>\n<blockquote>\n<h3><span style=\"color: #000000;\"><span style=\"font-family: Verdana, serif;\"><span style=\"font-size: medium;\"><b>INVESTIRE SULL\u2019ARRICCHIMENTO E SUL RILANCIO DEI PARCHI GIOCO<\/b><\/span><\/span><\/span><\/h3>\n<\/blockquote>\n<p><strong>BORGO VALBELLUNA<\/strong> L&#8217;amministrazione di Borgo Valbelluna investe 160.000 euro per il rinnovo dei parchi giochi comunali. Sette parchi beneficeranno di giochi nuovi e lavori di miglioramento, contribuendo al benessere e all&#8217;aggregazione delle comunit\u00e0 locali. L&#8217;assessore Simone Deola sottolinea l&#8217;importanza di tali spazi all&#8217;aperto per la salute e lo sviluppo sociale ed emotivo dei bambini, evidenziando il supporto entusiasta della comunit\u00e0. Il progetto, avviato l&#8217;anno scorso, prevede un ulteriore finanziamento nel 2024 per completare l&#8217;opera nei 27 parchi pubblici del territorio.<\/p>\n\n\t\t\t<style type='text\/css'>\n\t\t\t\t#gallery-4 {\n\t\t\t\t\tmargin: auto;\n\t\t\t\t}\n\t\t\t\t#gallery-4 .gallery-item {\n\t\t\t\t\tfloat: left;\n\t\t\t\t\tmargin-top: 10px;\n\t\t\t\t\ttext-align: center;\n\t\t\t\t\twidth: 25%;\n\t\t\t\t}\n\t\t\t\t#gallery-4 img {\n\t\t\t\t\tborder: 2px solid #cfcfcf;\n\t\t\t\t}\n\t\t\t\t#gallery-4 .gallery-caption {\n\t\t\t\t\tmargin-left: 0;\n\t\t\t\t}\n\t\t\t\t\/* see gallery_shortcode() in wp-includes\/media.php *\/\n\t\t\t<\/style>\n\t\t<div id='gallery-4' class='dt-gallery-container gallery galleryid-367132 gallery-columns-4 gallery-size-thumbnail'><dl class='gallery-item'>\n\t\t\t\t<dt class='gallery-icon landscape'>\n\t\t\t\t\t<a class=\"rollover rollover-zoom dt-pswp-item\" title=\"WhatsApp Image 2023-12-22 at 11.53.19 (1)\" data-dt-img-description=\"\" data-large_image_width=\"1600\" data-large_image_height=\"899\"href='https:\/\/www.radiopiu.net\/wordpress\/wp-content\/uploads\/2023\/12\/WhatsApp-Image-2023-12-22-at-11.53.19-1.jpeg'><img loading=\"lazy\" decoding=\"async\" width=\"150\" height=\"150\" src=\"https:\/\/www.radiopiu.net\/wordpress\/wp-content\/uploads\/2023\/12\/WhatsApp-Image-2023-12-22-at-11.53.19-1-150x150.jpeg\" class=\"attachment-thumbnail size-thumbnail\" alt=\"\" \/><\/a>\n\t\t\t\t<\/dt><\/dl><dl class='gallery-item'>\n\t\t\t\t<dt class='gallery-icon landscape'>\n\t\t\t\t\t<a class=\"rollover rollover-zoom dt-pswp-item\" title=\"WhatsApp Image 2023-12-22 at 11.53.19\" data-dt-img-description=\"\" data-large_image_width=\"1600\" data-large_image_height=\"899\"href='https:\/\/www.radiopiu.net\/wordpress\/wp-content\/uploads\/2023\/12\/WhatsApp-Image-2023-12-22-at-11.53.19.jpeg'><img loading=\"lazy\" decoding=\"async\" width=\"150\" height=\"150\" src=\"https:\/\/www.radiopiu.net\/wordpress\/wp-content\/uploads\/2023\/12\/WhatsApp-Image-2023-12-22-at-11.53.19-150x150.jpeg\" class=\"attachment-thumbnail size-thumbnail\" alt=\"\" \/><\/a>\n\t\t\t\t<\/dt><\/dl><dl class='gallery-item'>\n\t\t\t\t<dt class='gallery-icon landscape'>\n\t\t\t\t\t<a class=\"rollover rollover-zoom dt-pswp-item\" title=\"WhatsApp Image 2023-12-22 at 11.42.08\" data-dt-img-description=\"\" data-large_image_width=\"1600\" data-large_image_height=\"1200\"href='https:\/\/www.radiopiu.net\/wordpress\/wp-content\/uploads\/2023\/12\/WhatsApp-Image-2023-12-22-at-11.42.08.jpeg'><img loading=\"lazy\" decoding=\"async\" width=\"150\" height=\"150\" src=\"https:\/\/www.radiopiu.net\/wordpress\/wp-content\/uploads\/2023\/12\/WhatsApp-Image-2023-12-22-at-11.42.08-150x150.jpeg\" class=\"attachment-thumbnail size-thumbnail\" alt=\"\" \/><\/a>\n\t\t\t\t<\/dt><\/dl><dl class='gallery-item'>\n\t\t\t\t<dt class='gallery-icon landscape'>\n\t\t\t\t\t<a class=\"rollover rollover-zoom dt-pswp-item\" title=\"WhatsApp Image 2023-12-22 at 11.42.08 (1)\" data-dt-img-description=\"\" data-large_image_width=\"1600\" data-large_image_height=\"1200\"href='https:\/\/www.radiopiu.net\/wordpress\/wp-content\/uploads\/2023\/12\/WhatsApp-Image-2023-12-22-at-11.42.08-1.jpeg'><img loading=\"lazy\" decoding=\"async\" width=\"150\" height=\"150\" src=\"https:\/\/www.radiopiu.net\/wordpress\/wp-content\/uploads\/2023\/12\/WhatsApp-Image-2023-12-22-at-11.42.08-1-150x150.jpeg\" class=\"attachment-thumbnail size-thumbnail\" alt=\"\" \/><\/a>\n\t\t\t\t<\/dt><\/dl><br style=\"clear: both\" \/>\n\t\t\t<\/div>\n\n<p>&nbsp;<\/p>\n<hr \/>\n<p>&nbsp;<\/p>\n<blockquote>\n<h3>I SINDACI DEL FELTRINO E DEL PRIMIERO INCONTRANO IL COMMISSARIO DELL\u2019ULSS 1 DOLOMITI<\/h3>\n<\/blockquote>\n<p><strong>FELTRE<\/strong> Gioved\u00ec pomeriggio, i sindaci del Distretto di Feltre si sono incontrati con i colleghi della Comunit\u00e0 di Primiero presso l&#8217;ospedale di Feltre insieme al Commissario dell&#8217;ULSS 1 Dolomiti, Giuseppe Dal Ben. L&#8217;incontro \u00e8 stato seguito dall&#8217;accensione dell&#8217;albero natalizio donato dal Primiero. Durante la riunione, il sindaco di Feltre, Viviana Fusaro, ha sottolineato l&#8217;importanza della sinergia tra i due territori, specialmente nel settore sanitario. Il Commissario Dal Ben ha menzionato l&#8217;inaugurazione dei lavori dell&#8217;ospedale di Lamon come esempio di collaborazione tra Feltrino e Primiero. Roberto Pradel, presidente della Comunit\u00e0 di Primiero, ha portato i saluti e ha donato l&#8217;albero come simbolo di condivisione. Dopo vari interventi, i partecipanti hanno acceso l&#8217;albero nel prato antistante l&#8217;ospedale.<\/p>\n\n\t\t\t<style type='text\/css'>\n\t\t\t\t#gallery-5 {\n\t\t\t\t\tmargin: auto;\n\t\t\t\t}\n\t\t\t\t#gallery-5 .gallery-item {\n\t\t\t\t\tfloat: left;\n\t\t\t\t\tmargin-top: 10px;\n\t\t\t\t\ttext-align: center;\n\t\t\t\t\twidth: 33%;\n\t\t\t\t}\n\t\t\t\t#gallery-5 img {\n\t\t\t\t\tborder: 2px solid #cfcfcf;\n\t\t\t\t}\n\t\t\t\t#gallery-5 .gallery-caption {\n\t\t\t\t\tmargin-left: 0;\n\t\t\t\t}\n\t\t\t\t\/* see gallery_shortcode() in wp-includes\/media.php *\/\n\t\t\t<\/style>\n\t\t<div id='gallery-5' class='dt-gallery-container gallery galleryid-367132 gallery-columns-3 gallery-size-thumbnail'><dl class='gallery-item'>\n\t\t\t\t<dt class='gallery-icon landscape'>\n\t\t\t\t\t<a class=\"rollover rollover-zoom dt-pswp-item\" title=\"1703182479217\" data-dt-img-description=\"\" data-large_image_width=\"1920\" data-large_image_height=\"1080\"href='https:\/\/www.radiopiu.net\/wordpress\/wp-content\/uploads\/2023\/12\/1703182479217.jpg'><img loading=\"lazy\" decoding=\"async\" width=\"150\" height=\"150\" src=\"https:\/\/www.radiopiu.net\/wordpress\/wp-content\/uploads\/2023\/12\/1703182479217-150x150.jpg\" class=\"attachment-thumbnail size-thumbnail\" alt=\"\" \/><\/a>\n\t\t\t\t<\/dt><\/dl><dl class='gallery-item'>\n\t\t\t\t<dt class='gallery-icon landscape'>\n\t\t\t\t\t<a class=\"rollover rollover-zoom dt-pswp-item\" title=\"1703182479203\" data-dt-img-description=\"\" data-large_image_width=\"1920\" data-large_image_height=\"1080\"href='https:\/\/www.radiopiu.net\/wordpress\/wp-content\/uploads\/2023\/12\/1703182479203.jpg'><img loading=\"lazy\" decoding=\"async\" width=\"150\" height=\"150\" src=\"https:\/\/www.radiopiu.net\/wordpress\/wp-content\/uploads\/2023\/12\/1703182479203-150x150.jpg\" class=\"attachment-thumbnail size-thumbnail\" alt=\"\" \/><\/a>\n\t\t\t\t<\/dt><\/dl><dl class='gallery-item'>\n\t\t\t\t<dt class='gallery-icon landscape'>\n\t\t\t\t\t<a class=\"rollover rollover-zoom dt-pswp-item\" title=\"1703182479160\" data-dt-img-description=\"\" data-large_image_width=\"1920\" data-large_image_height=\"1080\"href='https:\/\/www.radiopiu.net\/wordpress\/wp-content\/uploads\/2023\/12\/1703182479160.jpg'><img loading=\"lazy\" decoding=\"async\" width=\"150\" height=\"150\" src=\"https:\/\/www.radiopiu.net\/wordpress\/wp-content\/uploads\/2023\/12\/1703182479160-150x150.jpg\" class=\"attachment-thumbnail size-thumbnail\" alt=\"\" \/><\/a>\n\t\t\t\t<\/dt><\/dl><br style=\"clear: both\" \/>\n\t\t\t<\/div>\n\n<p>&nbsp;<\/p>\n<p>&nbsp;<\/p>\n<p>&nbsp;<\/p>\n<hr \/>\n<blockquote>\n<h2><\/h2>\n<h2>CONTAGI DI GENTILEZZE. gesti che scaldano il cuore<\/h2>\n<\/blockquote>\n<p><strong>BELLUNO\u00a0<\/strong> Ieri\u00a0 a Cusighe gli ospiti del Centro Diurno &#8220;Glicine&#8221; per persone con disabilit\u00e0 di Cusighe, al loro arrivo hanno trovato una gradita sorpresa. Anche quest&#8217;anno l&#8217;associazione Gocce di Sole ha coordinato la raccolta delle &#8220;scatole di Natale&#8221; e si \u00e8 ricordata di loro. L&#8217;iniziativa si basa sulla generosit\u00e0 di anonimi cittadini che riempiono una scatola con qualcosa di caldo, qualcosa di buono e un dolce pensiero per gli altri.<\/p>\n<p><strong>FELTRE\u00a0<\/strong> I musicisti dell&#8217;indirizzo musicale della scuola media Rocca di Feltre guidati dal prof. Sergio Guadagnin hanno regalato dei graditi &#8220;auguri musicali&#8221; alla Pediatria dell&#8217;ospedale di Feltre portando allegria a bambini e mamme presenti<\/p>\n\n\t\t\t<style type='text\/css'>\n\t\t\t\t#gallery-6 {\n\t\t\t\t\tmargin: auto;\n\t\t\t\t}\n\t\t\t\t#gallery-6 .gallery-item {\n\t\t\t\t\tfloat: left;\n\t\t\t\t\tmargin-top: 10px;\n\t\t\t\t\ttext-align: center;\n\t\t\t\t\twidth: 50%;\n\t\t\t\t}\n\t\t\t\t#gallery-6 img {\n\t\t\t\t\tborder: 2px solid #cfcfcf;\n\t\t\t\t}\n\t\t\t\t#gallery-6 .gallery-caption {\n\t\t\t\t\tmargin-left: 0;\n\t\t\t\t}\n\t\t\t\t\/* see gallery_shortcode() in wp-includes\/media.php *\/\n\t\t\t<\/style>\n\t\t<div id='gallery-6' class='dt-gallery-container gallery galleryid-367132 gallery-columns-2 gallery-size-thumbnail'><dl class='gallery-item'>\n\t\t\t\t<dt class='gallery-icon landscape'>\n\t\t\t\t\t<a class=\"rollover rollover-zoom dt-pswp-item\" title=\"auguri musicali Feltre\" data-dt-img-description=\"\" data-large_image_width=\"1600\" data-large_image_height=\"757\"href='https:\/\/www.radiopiu.net\/wordpress\/wp-content\/uploads\/2023\/12\/auguri-musicali-Feltre.jpg'><img loading=\"lazy\" decoding=\"async\" width=\"150\" height=\"150\" src=\"https:\/\/www.radiopiu.net\/wordpress\/wp-content\/uploads\/2023\/12\/auguri-musicali-Feltre-150x150.jpg\" class=\"attachment-thumbnail size-thumbnail\" alt=\"\" aria-describedby=\"gallery-6-367185\" \/><\/a>\n\t\t\t\t<\/dt>\n\t\t\t\t\t<dd class='wp-caption-text gallery-caption' id='gallery-6-367185'>\n\t\t\t\t\tauguri musicali Feltre\n\t\t\t\t\t<\/dd><\/dl><dl class='gallery-item'>\n\t\t\t\t<dt class='gallery-icon portrait'>\n\t\t\t\t\t<a class=\"rollover rollover-zoom dt-pswp-item\" title=\"scatole di gentilezza Cusighe\" data-dt-img-description=\"\" data-large_image_width=\"1920\" data-large_image_height=\"2560\"href='https:\/\/www.radiopiu.net\/wordpress\/wp-content\/uploads\/2023\/12\/scatole-di-gentilezza-Cusighe-scaled.jpg'><img loading=\"lazy\" decoding=\"async\" width=\"150\" height=\"150\" src=\"https:\/\/www.radiopiu.net\/wordpress\/wp-content\/uploads\/2023\/12\/scatole-di-gentilezza-Cusighe-150x150.jpg\" class=\"attachment-thumbnail size-thumbnail\" alt=\"\" aria-describedby=\"gallery-6-367186\" \/><\/a>\n\t\t\t\t<\/dt>\n\t\t\t\t\t<dd class='wp-caption-text gallery-caption' id='gallery-6-367186'>\n\t\t\t\t\tscatole di gentilezza Cusighe\n\t\t\t\t\t<\/dd><\/dl><br style=\"clear: both\" \/>\n\t\t\t<\/div>\n\n<hr \/>\n<p>&nbsp;<\/p>\n<p>&nbsp;<\/p>\n<blockquote>\n<h3>Ieri il Vescovo Renato ha visitato gli ospedali di Feltre e Belluno per un momento di preghiera e riflessione con gli operatori insieme alla direzione e ai cappellani degli ospedali. Il Vescovo ha esortato a &#8220;ricomporre storie, a far germogliare la vita&#8221; nell&#8217;incontro con ogni persona fragile e ha ringraziato gli operatori per il lavoro svolto.<\/h3>\n<\/blockquote>\n\n\t\t\t<style type='text\/css'>\n\t\t\t\t#gallery-7 {\n\t\t\t\t\tmargin: auto;\n\t\t\t\t}\n\t\t\t\t#gallery-7 .gallery-item {\n\t\t\t\t\tfloat: left;\n\t\t\t\t\tmargin-top: 10px;\n\t\t\t\t\ttext-align: center;\n\t\t\t\t\twidth: 50%;\n\t\t\t\t}\n\t\t\t\t#gallery-7 img {\n\t\t\t\t\tborder: 2px solid #cfcfcf;\n\t\t\t\t}\n\t\t\t\t#gallery-7 .gallery-caption {\n\t\t\t\t\tmargin-left: 0;\n\t\t\t\t}\n\t\t\t\t\/* see gallery_shortcode() in wp-includes\/media.php *\/\n\t\t\t<\/style>\n\t\t<div id='gallery-7' class='dt-gallery-container gallery galleryid-367132 gallery-columns-2 gallery-size-large'><dl class='gallery-item'>\n\t\t\t\t<dt class='gallery-icon landscape'>\n\t\t\t\t\t<a class=\"rollover rollover-zoom dt-pswp-item\" title=\"feltre\" data-dt-img-description=\"\" data-large_image_width=\"2048\" data-large_image_height=\"851\"href='https:\/\/www.radiopiu.net\/wordpress\/wp-content\/uploads\/2023\/12\/feltre.jpg'><img loading=\"lazy\" decoding=\"async\" width=\"1024\" height=\"426\" src=\"https:\/\/www.radiopiu.net\/wordpress\/wp-content\/uploads\/2023\/12\/feltre-1024x426.jpg\" class=\"attachment-large size-large\" alt=\"\" aria-describedby=\"gallery-7-367216\" srcset=\"https:\/\/www.radiopiu.net\/wordpress\/wp-content\/uploads\/2023\/12\/feltre-1024x426.jpg 1024w, https:\/\/www.radiopiu.net\/wordpress\/wp-content\/uploads\/2023\/12\/feltre-300x125.jpg 300w, https:\/\/www.radiopiu.net\/wordpress\/wp-content\/uploads\/2023\/12\/feltre-768x319.jpg 768w, https:\/\/www.radiopiu.net\/wordpress\/wp-content\/uploads\/2023\/12\/feltre-1536x638.jpg 1536w, https:\/\/www.radiopiu.net\/wordpress\/wp-content\/uploads\/2023\/12\/feltre.jpg 2048w\" sizes=\"auto, (max-width: 1024px) 100vw, 1024px\" \/><\/a>\n\t\t\t\t<\/dt>\n\t\t\t\t\t<dd class='wp-caption-text gallery-caption' id='gallery-7-367216'>\n\t\t\t\t\tfeltre\n\t\t\t\t\t<\/dd><\/dl><dl class='gallery-item'>\n\t\t\t\t<dt class='gallery-icon landscape'>\n\t\t\t\t\t<a class=\"rollover rollover-zoom dt-pswp-item\" title=\"belluno\" data-dt-img-description=\"\" data-large_image_width=\"1797\" data-large_image_height=\"586\"href='https:\/\/www.radiopiu.net\/wordpress\/wp-content\/uploads\/2023\/12\/belluno.jpeg'><img loading=\"lazy\" decoding=\"async\" width=\"1024\" height=\"334\" src=\"https:\/\/www.radiopiu.net\/wordpress\/wp-content\/uploads\/2023\/12\/belluno-1024x334.jpeg\" class=\"attachment-large size-large\" alt=\"\" aria-describedby=\"gallery-7-367215\" srcset=\"https:\/\/www.radiopiu.net\/wordpress\/wp-content\/uploads\/2023\/12\/belluno-1024x334.jpeg 1024w, https:\/\/www.radiopiu.net\/wordpress\/wp-content\/uploads\/2023\/12\/belluno-300x98.jpeg 300w, https:\/\/www.radiopiu.net\/wordpress\/wp-content\/uploads\/2023\/12\/belluno-768x250.jpeg 768w, https:\/\/www.radiopiu.net\/wordpress\/wp-content\/uploads\/2023\/12\/belluno-1536x501.jpeg 1536w, https:\/\/www.radiopiu.net\/wordpress\/wp-content\/uploads\/2023\/12\/belluno.jpeg 1797w\" sizes=\"auto, (max-width: 1024px) 100vw, 1024px\" \/><\/a>\n\t\t\t\t<\/dt>\n\t\t\t\t\t<dd class='wp-caption-text gallery-caption' id='gallery-7-367215'>\n\t\t\t\t\tbelluno\n\t\t\t\t\t<\/dd><\/dl><br style=\"clear: both\" \/>\n\t\t\t<\/div>\n\n<blockquote><p>&nbsp;<\/p><\/blockquote>\n<hr \/>\n<p>&nbsp;<\/p>\n<blockquote>\n<h3>VIDEO &#8211; 2023 NEL VENETO &#8211; RESOCONTI E RICORDI. PARLA ZAIA<\/h3>\n<\/blockquote>\n<blockquote>\n<h1>video riassuntivo del 2023 presentato nel corso della conferenza stampa del Presidente della Regione del Veneto, Luca Zaia fa Palazzo Balbi.<\/h1>\n<\/blockquote>\n<p><iframe loading=\"lazy\" title=\"video\" width=\"1200\" height=\"675\" src=\"https:\/\/www.youtube.com\/embed\/OWpf4GcP_aM?feature=oembed\" frameborder=\"0\" allow=\"accelerometer; autoplay; clipboard-write; encrypted-media; gyroscope; picture-in-picture; web-share\" allowfullscreen><\/iframe><\/p>\n<blockquote>\n<h3>\u00abPista di bob a Cortina? Con finiture low cost. Pedemontana completata per il 29 dicembre 2023\u00bb<\/h3>\n<div class=\"articlePlainSubHead\"><strong>Il presidente della Regione sul futuro politico \u00abToglier\u00f2 il limite ai mandati degli assessori\u00bb<\/strong><\/div>\n<div class=\"articlePlainTitle\"><strong>\u00abNon mi candido alle Europee E non ambisco a carriere romane\u00bb<\/strong><\/div>\n<\/blockquote>\n<p><iframe loading=\"lazy\" title=\"22 12 2023 ZAIA DICHIARAZIONI CONFERENZA FINE ANNO\" width=\"1200\" height=\"675\" src=\"https:\/\/www.youtube.com\/embed\/xyQEh1MtjuY?feature=oembed\" frameborder=\"0\" allow=\"accelerometer; autoplay; clipboard-write; encrypted-media; gyroscope; picture-in-picture; web-share\" allowfullscreen><\/iframe><\/p>\n<p>&nbsp;<\/p>\n<p>&nbsp;<\/p>\n<hr \/>\n<p>&nbsp;<\/p>\n<blockquote>\n<h1>IERI A PALAZZO BIANCO L&#8217;INAUGURAZIONE DELL&#8217;OPERA DI DUNIO PICCOLIN<\/h1>\n<\/blockquote>\n\n\t\t\t<style type='text\/css'>\n\t\t\t\t#gallery-8 {\n\t\t\t\t\tmargin: auto;\n\t\t\t\t}\n\t\t\t\t#gallery-8 .gallery-item {\n\t\t\t\t\tfloat: left;\n\t\t\t\t\tmargin-top: 10px;\n\t\t\t\t\ttext-align: center;\n\t\t\t\t\twidth: 50%;\n\t\t\t\t}\n\t\t\t\t#gallery-8 img {\n\t\t\t\t\tborder: 2px solid #cfcfcf;\n\t\t\t\t}\n\t\t\t\t#gallery-8 .gallery-caption {\n\t\t\t\t\tmargin-left: 0;\n\t\t\t\t}\n\t\t\t\t\/* see gallery_shortcode() in wp-includes\/media.php *\/\n\t\t\t<\/style>\n\t\t<div id='gallery-8' class='dt-gallery-container gallery galleryid-367132 gallery-columns-2 gallery-size-medium'><dl class='gallery-item'>\n\t\t\t\t<dt class='gallery-icon landscape'>\n\t\t\t\t\t<a class=\"rollover rollover-zoom dt-pswp-item\" title=\"5727712d-3233-4f08-aeb9-d462826840b6\" data-dt-img-description=\"\" data-large_image_width=\"1044\" data-large_image_height=\"677\"href='https:\/\/www.radiopiu.net\/wordpress\/wp-content\/uploads\/2023\/12\/5727712d-3233-4f08-aeb9-d462826840b6.jpg'><img loading=\"lazy\" decoding=\"async\" width=\"300\" height=\"195\" src=\"https:\/\/www.radiopiu.net\/wordpress\/wp-content\/uploads\/2023\/12\/5727712d-3233-4f08-aeb9-d462826840b6-300x195.jpg\" class=\"attachment-medium size-medium\" alt=\"\" srcset=\"https:\/\/www.radiopiu.net\/wordpress\/wp-content\/uploads\/2023\/12\/5727712d-3233-4f08-aeb9-d462826840b6-300x195.jpg 300w, https:\/\/www.radiopiu.net\/wordpress\/wp-content\/uploads\/2023\/12\/5727712d-3233-4f08-aeb9-d462826840b6-1024x664.jpg 1024w, https:\/\/www.radiopiu.net\/wordpress\/wp-content\/uploads\/2023\/12\/5727712d-3233-4f08-aeb9-d462826840b6-768x498.jpg 768w, https:\/\/www.radiopiu.net\/wordpress\/wp-content\/uploads\/2023\/12\/5727712d-3233-4f08-aeb9-d462826840b6.jpg 1044w\" sizes=\"auto, (max-width: 300px) 100vw, 300px\" \/><\/a>\n\t\t\t\t<\/dt><\/dl><dl class='gallery-item'>\n\t\t\t\t<dt class='gallery-icon landscape'>\n\t\t\t\t\t<a class=\"rollover rollover-zoom dt-pswp-item\" title=\"401811f6-0513-4b21-aba9-6a8c7ca708cd\" data-dt-img-description=\"\" data-large_image_width=\"1193\" data-large_image_height=\"627\"href='https:\/\/www.radiopiu.net\/wordpress\/wp-content\/uploads\/2023\/12\/401811f6-0513-4b21-aba9-6a8c7ca708cd.jpg'><img loading=\"lazy\" decoding=\"async\" width=\"300\" height=\"158\" src=\"https:\/\/www.radiopiu.net\/wordpress\/wp-content\/uploads\/2023\/12\/401811f6-0513-4b21-aba9-6a8c7ca708cd-300x158.jpg\" class=\"attachment-medium size-medium\" alt=\"\" srcset=\"https:\/\/www.radiopiu.net\/wordpress\/wp-content\/uploads\/2023\/12\/401811f6-0513-4b21-aba9-6a8c7ca708cd-300x158.jpg 300w, https:\/\/www.radiopiu.net\/wordpress\/wp-content\/uploads\/2023\/12\/401811f6-0513-4b21-aba9-6a8c7ca708cd-1024x538.jpg 1024w, https:\/\/www.radiopiu.net\/wordpress\/wp-content\/uploads\/2023\/12\/401811f6-0513-4b21-aba9-6a8c7ca708cd-768x404.jpg 768w, https:\/\/www.radiopiu.net\/wordpress\/wp-content\/uploads\/2023\/12\/401811f6-0513-4b21-aba9-6a8c7ca708cd.jpg 1193w\" sizes=\"auto, (max-width: 300px) 100vw, 300px\" \/><\/a>\n\t\t\t\t<\/dt><\/dl><br style=\"clear: both\" \/>\n\t\t\t<\/div>\n\n<blockquote><p>DIRETTA CANALI FACEBOOK E TELEGRAM<\/p><\/blockquote>\n<p><iframe loading=\"lazy\" title=\"Radio Pi\u00f9 sta trasmettendo dal vivo.\" width=\"1200\" height=\"675\" src=\"https:\/\/www.youtube.com\/embed\/gpOOjQAmFnI?feature=oembed\" frameborder=\"0\" allow=\"accelerometer; autoplay; clipboard-write; encrypted-media; gyroscope; picture-in-picture; web-share\" allowfullscreen><\/iframe><\/p>\n<p>&nbsp;<\/p>\n<p>&nbsp;<\/p>\n<hr \/>\n<p>&nbsp;<\/p>\n<p>IERI SERA DAL TG DI ANTENNA 3 (CANALE 10 DIGITALE TERRESTRE) E OGNI SERA ALLE 19 LE ANTICIPAZIONI ALLA RADIO<\/p>\n<blockquote>\n<h3 class=\"_title post-title entry-title\">UN NATALE DI SPERANZA E DI PREOCCUPAZIONE<\/h3>\n<p><strong>DI FABIO FIORAVANZI\u00a0<\/strong><\/p><\/blockquote>\n<p>Intervistati IRMA VISALLI, PAOLO DOGLIONI (PRESIDENTE CONFCOMMERCIO BELLUNO), MARCO PERALE (PRESIDENTE FONDAZIONE \u201cDINO BUZZATI\u201d)<\/p>\n<p><iframe loading=\"lazy\" title=\"UN NATALE DI SPERANZA E DI PREOCCUPAZIONE | 22\/12\/2023\" width=\"1200\" height=\"675\" src=\"https:\/\/www.youtube.com\/embed\/8jh4oNuDmRg?feature=oembed\" frameborder=\"0\" allow=\"accelerometer; autoplay; clipboard-write; encrypted-media; gyroscope; picture-in-picture; web-share\" allowfullscreen><\/iframe><\/p>\n<p>&nbsp;<\/p>\n<p>&nbsp;<\/p>\n<hr \/>\n<p>&nbsp;<\/p>\n<h2><span style=\"color: #ff0000;\">I CONSIGLI COMUNALI IN AGORDINO<\/span><\/h2>\n<p><strong>SELVA DI CADORE<\/strong>\u00a0 Luca Lorenzini ha convocato i consiglieri per giovedi alle 18. All&#8217;ordine del giorno le partecipazioni societarie possedute e l&#8217;imposta comunale sugli immobili (IMU)<\/p>\n<p><strong>LA VALLE<\/strong> Bilancio ma non solo in discussione nel consiglio comunale convocato dal sindaco Ezio Zuanel per il 29 dicembre alle 18. Saranno approvate infatti le aliquote Imu per il 2024, saranno approvati il piano delle alienazioni, il bilancio di previsione e il Dup e si esaminer\u00e0 la bozza di convenzione per la gestione della scuola dell&#8217;infanzia Gianelli. Sul tavolo anche l&#8217;accordo con l&#8217;Unione montana per la gestione associata dei cimiteri.<\/p>\n<p><strong>CENCENIGHE<\/strong> Consiglio comunale venerdi 29 dicembre. In discussione la ricognizione delle partecipazioni e prelievo dal fondo di riserva.<\/p>\n<p><strong>TAIBON<\/strong> Consiglio comunale convocato dal sindaco Silvia Tormen per mercoled\u00ec 27 dicembre. 9 punti da discutere: tra questi il bilancio dell&#8217;azienda speciale multiservizi, adizionale comunale IRPEF, IMU, l&#8217;aggiornamento al DUP, la revisione delle partecipazioni societarie e il regolamento per la concessione di aree cimiteriali.<\/p>\n<p><strong>VOLTAGO<\/strong> Il sindaco di Voltago Giuseppe Schena ha chiamato a rapporto i consiglieri per venerd\u00ec 29 dicembre. Sei punti da trattare tra cui una variazione a bilancio, IMU, addizionale comunale all&#8217;imposta sul reddito delle persone e la revisione delle partecipazioni societarie.<\/p>\n<p><strong>LIVINALLONGO<\/strong> Il sindaco Leandro Grones ha convocato il consiglio comunale per gioved\u00ec 28 dicembre alle 20:30. Tra i punti da discutere l&#8217;approvazione del DUP, IMU, IRPEF, la verifica delle aree fabbricabili, l&#8217;approvazione del bilancio 2024\/2026 e la revisione delle partecipazioni societarie.<\/p>\n<p><strong>SAN TOMASO<\/strong> Sar\u00e0 un consiglio comunale veloce quello di giovedi a San Tomaso. Il sindaco Moreno De Val ha convocato i consiglieri per trattare due punti tra cui la revisione delle partecipazioni societarie.<\/p>\n<p>&nbsp;<\/p>\n<p>&nbsp;<\/p>\n<hr \/>\n<p>&nbsp;<\/p>\n<blockquote>\n<h3>MERCOLEDI L&#8217;ASSEMBLEA GENERALE DEL CONSORZIO BIM PIAVE<\/h3>\n<\/blockquote>\n<p><strong>BELLUNO<\/strong> E&#8217; stata convocata per mercoled\u00ec alle 14:30 nella sala convegni ANA di Belluno. Sono sei i punti da discutere. Tra questi una variazione a bilancio, l&#8217;approvazione del bilancio 2024\/2026 e la revisione periodica delle societ\u00e0 partecipate.<\/p>\n<p>&nbsp;<\/p>\n<p>&nbsp;<\/p>\n<p>&nbsp;<\/p>\n<hr \/>\n<p>&nbsp;<\/p>\n<p>&nbsp;<\/p>\n<blockquote>\n<h2>L&#8217;AMICO CORNUTO TRA LE MASSAIE DEL MERCATO ecco l&#8217;emulo di Bambotto di San Tomaso, gi\u00e0 paese dei cervi liberi<\/h2>\n<\/blockquote>\n<p><strong>CORTINA<\/strong> Un cervo, in cerca di cibo, si \u00e8 presentato ieri al mercato di Cortina. E&#8217;\u00a0 stato rifocillato dai venditori per poi risalire in quota.<\/p>\n<p><a class=\"dt-pswp-item\" href=\"https:\/\/www.radiopiu.net\/wordpress\/wp-content\/uploads\/2023\/12\/Senza-nome-82.png\" data-dt-img-description=\"\" data-large_image_width=\"474\" data-large_image_height=\"314\"><img loading=\"lazy\" decoding=\"async\" class=\"size-medium wp-image-367377 aligncenter\" src=\"https:\/\/www.radiopiu.net\/wordpress\/wp-content\/uploads\/2023\/12\/Senza-nome-82-300x199.png\" alt=\"\" width=\"300\" height=\"199\" srcset=\"https:\/\/www.radiopiu.net\/wordpress\/wp-content\/uploads\/2023\/12\/Senza-nome-82-300x199.png 300w, https:\/\/www.radiopiu.net\/wordpress\/wp-content\/uploads\/2023\/12\/Senza-nome-82.png 474w\" sizes=\"auto, (max-width: 300px) 100vw, 300px\" \/>\u00a0<\/a><\/p>\n<p>&nbsp;<\/p>\n<hr \/>\n<blockquote>\n<h1 align=\"CENTER\"><b>\u00a0<\/b><\/h1>\n<h1 align=\"CENTER\"><b>Concorso <\/b><i><b>Coppa Dono<\/b><\/i><\/h1>\n<\/blockquote>\n<p><strong>FELTRE<\/strong> Il Gruppo Giovani dell&#8217;Associazione Feltrina Donatori Volontari di Sangue ha avviato il concorso &#8220;Coppa Dono&#8221;, premiando le squadre sportive pi\u00f9 solidali attraverso donazioni di sangue effettuate dai loro sostenitori. Le due squadre con il maggior numero di donazioni riceveranno contributi sotto forma di buoni merce per attrezzatura sportiva. Possono partecipare tutte le societ\u00e0 sportive del Feltrino e del Primiero, iscrivendosi tramite e-mail. Le donazioni valide per il concorso vanno dal 1 gennaio al 30 giugno 2024, con punti extra per le squadre con numerosi donatori giovani. Il regolamento completo \u00e8 disponibile su coppadono.it.<\/p>\n<p>&nbsp;<\/p>\n<p>&nbsp;<\/p>\n<hr \/>\n<p>&nbsp;<\/p>\n<p>&nbsp;<\/p>\n<blockquote>\n<h3>UN SOGNO A CINQUE CERCHI, IL LIBRO IN SALA CONSILIARE A FALCADE<\/h3>\n<\/blockquote>\n<p><strong>FALCADE<\/strong> Mercoledi alle 17.30 in sala consiliare a Falcade sar\u00e0 presentato il libro di Mari Cristina Pasqualetto. Moderatrice della serata la giornalista e\u00a0 &#8220;Donna avventura&#8221; Camilla Ronchi. Alcuni dei brani verranno cantati da Nicole Lorenzet. Un&#8217;iniziativa promossa dalle blblioteche di Falcade, Canale d&#8217;Agordo, Vallada e la Libreria Canton del Libro di Falcade in collaborazione con il Comune, Alpini Ana Falcade e Caviola che si occuperanno del brul\u00e8..salati e dolci eventuali.<\/p>\n<p>&nbsp;<\/p>\n<hr \/>\n<p>&nbsp;<\/p>\n<p>&nbsp;<\/p>\n<blockquote>\n<h3>IL LIBRO DI ISABEL OBLIGATO, SARA&#8217; PRESENTATO A FUSINE<\/h3>\n<\/blockquote>\n<p><strong>VAL DI ZOLDO<\/strong> Il libro &#8220;Isabel e la sua ombra. Dall&#8217;Argentina degli anni Trenta all&#8217;Italia occupata dai nazisti&#8221; ricostruisce una pagina di storia di Zoldo durante la Seconda Guerra Mondiale, focalizzandosi sulla figura controversa della contessa Isabel de Obligado. L&#8217;autrice, Eugenia Scarzanella, originaria di Zoldo e docente di Storia e Istituzioni dell&#8217;America latina, esplora i legami della storia locale con gli eventi di portata internazionale. La presentazione del libro avverr\u00e0 il 27 dicembre a Fusine.<\/p>\n<p>&nbsp;<\/p>\n<hr \/>\n<p>&nbsp;<\/p>\n<p>&nbsp;<\/p>\n<blockquote>\n<h1 class=\"articlePlainSubHead\">Il 26 nella chiesa arcidiaconale Ad Agordo torna il concerto di Natale del coro<\/h1>\n<\/blockquote>\n<div class=\"addthis_sharing_toolbox\" data-url=\"http:\/\/sfoglio.corrierealpi.gelocal.it\/share_article.php?article_id=13480116\" data-title=\"Cervo cerca cibo al mercatoAd Agordo torna il concerto di Natale del coro\"><strong>AGORDO\u00a0<\/strong> Torna dopo tre anni di assenza il concerto di Natale del Coro Agordo. Molte sono le novit\u00e0 all&#8217;interno del gruppo vocale agordino; ecco motivato il titolo della serata \u2013 &#8220;Voci e suoni nuovi&#8221; \u2013 che si terr\u00e0 marted\u00ec 26, alle 20.30, nella chiesa arcidiaconale di Agordo. Alla bacchetta ci sar\u00e0 Anna Devich in questo che \u00e8 a tutti gli effetti il primo concerto ufficiale con la nuova formazione nel capoluogo di vallata, rinnovato in buona parte delle sue quattro sezioni.<\/div>\n<p>&nbsp;<\/p>\n<p>&nbsp;<\/p>\n<hr \/>\n<blockquote>\n<h3><a class=\"dt-pswp-item\" href=\"https:\/\/www.radiopiu.net\/wordpress\/wp-content\/uploads\/2023\/12\/presepio_arte.jpg\" data-dt-img-description=\"\" data-large_image_width=\"1316\" data-large_image_height=\"1006\"><img loading=\"lazy\" decoding=\"async\" class=\"wp-image-367208 alignleft\" src=\"https:\/\/www.radiopiu.net\/wordpress\/wp-content\/uploads\/2023\/12\/presepio_arte-300x229.jpg\" alt=\"\" width=\"156\" height=\"119\" srcset=\"https:\/\/www.radiopiu.net\/wordpress\/wp-content\/uploads\/2023\/12\/presepio_arte-300x229.jpg 300w, https:\/\/www.radiopiu.net\/wordpress\/wp-content\/uploads\/2023\/12\/presepio_arte-1024x783.jpg 1024w, https:\/\/www.radiopiu.net\/wordpress\/wp-content\/uploads\/2023\/12\/presepio_arte-768x587.jpg 768w, https:\/\/www.radiopiu.net\/wordpress\/wp-content\/uploads\/2023\/12\/presepio_arte.jpg 1316w\" sizes=\"auto, (max-width: 156px) 100vw, 156px\" \/><\/a><\/h3>\n<h3>Arte e Natale con l&#8217;Associazione Bellunesi nel Mondo<\/h3>\n<\/blockquote>\n<p><strong>BELLUNO<\/strong> L&#8217;Associazione Bellunesi nel Mondo presenta il nuovo corso online &#8220;Il Presepio nell&#8217;arte&#8221; in occasione del Natale, offrendo un&#8217;analisi delle rappresentazioni artistiche della Nativit\u00e0 nel corso dei secoli. Il corso, curato da Lucia Molin Pradel, esplora le fonti ispiratrici, l&#8217;apporto religioso e culturale delle opere e offre una panoramica su diverse rappresentazioni della Nativit\u00e0. Accessibile gratuitamente tramite il sito <a href=\"http:\/\/www.accademiabm.it\/\" target=\"_new\" rel=\"noopener\">www.accademiabm.it<\/a>, il corso \u00e8 destinato a tutte le comunit\u00e0 bellunesi e italiane nel mondo.<\/p>\n<p>&nbsp;<\/p>\n<p>&nbsp;<\/p>\n<p>&nbsp;<\/p>\n<p><a class=\"dt-pswp-item\" href=\"https:\/\/www.radiopiu.net\/wordpress\/wp-content\/uploads\/2023\/12\/0f162611-9baf-4030-ac0c-1458440c9262.jpg\" data-dt-img-description=\"\" data-large_image_width=\"601\" data-large_image_height=\"730\"><img loading=\"lazy\" decoding=\"async\" class=\"size-medium wp-image-367223 aligncenter\" src=\"https:\/\/www.radiopiu.net\/wordpress\/wp-content\/uploads\/2023\/12\/0f162611-9baf-4030-ac0c-1458440c9262-247x300.jpg\" alt=\"\" width=\"247\" height=\"300\" srcset=\"https:\/\/www.radiopiu.net\/wordpress\/wp-content\/uploads\/2023\/12\/0f162611-9baf-4030-ac0c-1458440c9262-247x300.jpg 247w, https:\/\/www.radiopiu.net\/wordpress\/wp-content\/uploads\/2023\/12\/0f162611-9baf-4030-ac0c-1458440c9262.jpg 601w\" sizes=\"auto, (max-width: 247px) 100vw, 247px\" \/><\/a><\/p>\n<p>&nbsp;<\/p>\n<p>&nbsp;<\/p>\n<hr \/>\n<p>&nbsp;<\/p>\n<blockquote>\n<h3>TAIBON Babbo Natale all&#8217;asilo di Taibon con i volontari dei vigili del fuoco<\/h3>\n<\/blockquote>\n<p><a class=\"dt-pswp-item\" href=\"https:\/\/www.radiopiu.net\/wordpress\/wp-content\/uploads\/2023\/12\/ee4bc8dc-f730-4c11-aca5-8049687f402d.jpg\" data-dt-img-description=\"\" data-large_image_width=\"1024\" data-large_image_height=\"768\"><img loading=\"lazy\" decoding=\"async\" class=\"wp-image-367225 aligncenter\" src=\"https:\/\/www.radiopiu.net\/wordpress\/wp-content\/uploads\/2023\/12\/ee4bc8dc-f730-4c11-aca5-8049687f402d.jpg\" alt=\"\" width=\"383\" height=\"287\" srcset=\"https:\/\/www.radiopiu.net\/wordpress\/wp-content\/uploads\/2023\/12\/ee4bc8dc-f730-4c11-aca5-8049687f402d.jpg 1024w, https:\/\/www.radiopiu.net\/wordpress\/wp-content\/uploads\/2023\/12\/ee4bc8dc-f730-4c11-aca5-8049687f402d-300x225.jpg 300w, https:\/\/www.radiopiu.net\/wordpress\/wp-content\/uploads\/2023\/12\/ee4bc8dc-f730-4c11-aca5-8049687f402d-768x576.jpg 768w\" sizes=\"auto, (max-width: 383px) 100vw, 383px\" \/><\/a><\/p>\n<p>&nbsp;<\/p>\n<p>&nbsp;<\/p>\n<hr \/>\n<p>&nbsp;<\/p>\n<div class=\"articlePlainText\"><strong>CANALE D&#8217;AGORDO,<\/strong>Brul\u00e8 con i coscritti della classe 2004, domani sera. L&#8217;appuntamento\u00a0 in piazza, dopo la messa cone\u00a0 brul\u00e8 e th\u00e8 caldo.<\/div>\n<p>&nbsp;<\/p>\n<hr \/>\n<blockquote>\n<h3>CLONE&#8230; TENTATIVO DI SCOPIAZZARE IL GRUPPO &#8220;RADIO PIU&#8217; EMITTENTE AGORDINA&#8221;<\/h3>\n<\/blockquote>\n<p><strong>REDAZIONE<\/strong> Sono purtroppo alcuni mesi che tentiamo di contattare tale Gabrielle Pezze&#8217; che il 7 agosto 2020 senza permesso ha fondato il gruppo Radio Pi\u00f9 emittente agordina, senza il permesso della RADIOPIU titolare del marchio e della testata soprattutto di un gruppo storico che conta ormai 18.000 iscritti con nome.. RADIO PIU&#8217; EMITTENTE AGORDINA, appunto.<\/p>\n<p><a class=\"dt-pswp-item\" href=\"https:\/\/www.radiopiu.net\/wordpress\/wp-content\/uploads\/2023\/12\/Senza-nome-76.png\" data-dt-img-description=\"\" data-large_image_width=\"840\" data-large_image_height=\"277\"><img loading=\"lazy\" decoding=\"async\" class=\"alignnone wp-image-367219 size-full\" src=\"https:\/\/www.radiopiu.net\/wordpress\/wp-content\/uploads\/2023\/12\/Senza-nome-76.png\" alt=\"\" width=\"840\" height=\"277\" srcset=\"https:\/\/www.radiopiu.net\/wordpress\/wp-content\/uploads\/2023\/12\/Senza-nome-76.png 840w, https:\/\/www.radiopiu.net\/wordpress\/wp-content\/uploads\/2023\/12\/Senza-nome-76-300x99.png 300w, https:\/\/www.radiopiu.net\/wordpress\/wp-content\/uploads\/2023\/12\/Senza-nome-76-768x253.png 768w\" sizes=\"auto, (max-width: 840px) 100vw, 840px\" \/><\/a><\/p>\n<p>&nbsp;<\/p>\n<p><strong>Nonostante i ripetuti tentativi di invitare l&#8217;utente a cancellare o modificare il nome del gruppo ci vediamo ora costretti ad adire a vie legali.\u00a0\u00a0<\/strong><\/p>\n<p><a class=\"dt-pswp-item\" href=\"https:\/\/www.radiopiu.net\/wordpress\/wp-content\/uploads\/2023\/12\/f98d4b40-1daf-46b3-8775-af19e6591ff8.jpg\" data-dt-img-description=\"\" data-large_image_width=\"1024\" data-large_image_height=\"492\"><img loading=\"lazy\" decoding=\"async\" class=\"alignnone wp-image-367220 size-full\" src=\"https:\/\/www.radiopiu.net\/wordpress\/wp-content\/uploads\/2023\/12\/f98d4b40-1daf-46b3-8775-af19e6591ff8.jpg\" alt=\"\" width=\"1024\" height=\"492\" srcset=\"https:\/\/www.radiopiu.net\/wordpress\/wp-content\/uploads\/2023\/12\/f98d4b40-1daf-46b3-8775-af19e6591ff8.jpg 1024w, https:\/\/www.radiopiu.net\/wordpress\/wp-content\/uploads\/2023\/12\/f98d4b40-1daf-46b3-8775-af19e6591ff8-300x144.jpg 300w, https:\/\/www.radiopiu.net\/wordpress\/wp-content\/uploads\/2023\/12\/f98d4b40-1daf-46b3-8775-af19e6591ff8-768x369.jpg 768w\" sizes=\"auto, (max-width: 1024px) 100vw, 1024px\" \/><\/a><\/p>\n<p>&nbsp;<\/p>\n<p><span style=\"color: #ff0000;\"><strong>&#8220;ATTENZIONE E&#8217; UNA CONTRAFFAZIONE E UN FALSO!<\/strong><\/span><br \/>\nA seguito di segnalazioni pervenute da vari utenti, avvisiamo che questa pagina-GRUPPO\u00a0 NON \u00e8 riferibile all&#8217;emittente Radio Piu&#8217;\u00a0 ed \u00e8 stata contraffatta, costituendo un falso.\u00a0 Invitiamo, pertanto, i nostri amici di Facebook a fare attenzione e a NON aderire ad alcuna richiesta relativa alla pagina falsificata. Abbiamo proceduto ad effettuare la relativa segnalazione a Facebook e alle Autorit\u00e0 competenti per ogni provvedimento relativo anche a tutela del nostro marchio registrato.<\/p>\n<p>RADIOPIU<\/p>\n<p>&nbsp;<\/p>\n<p>&nbsp;<\/p>\n<p>&nbsp;<\/p>\n<hr \/>\n<p>&nbsp;<\/p>\n<h2><span style=\"color: #ff6600;\">IERI ALLA RADIO<\/span><\/h2>\n<h2><span style=\"color: #800080;\">&#8220;DINTORN E FORA VIA&#8221;\u00a0 IL PROGRAMMA\u00a0 A CURA DEL MUSLA<\/span><\/h2>\n<p><strong><a class=\"dt-pswp-item\" href=\"https:\/\/www.radiopiu.net\/wordpress\/wp-content\/uploads\/2023\/04\/286468059_10225543269835880_1681823351224487741_n.jpg\" data-dt-img-description=\"\" data-large_image_width=\"958\" data-large_image_height=\"960\"><img loading=\"lazy\" decoding=\"async\" class=\"wp-image-331970 alignleft\" src=\"https:\/\/www.radiopiu.net\/wordpress\/wp-content\/uploads\/2023\/04\/286468059_10225543269835880_1681823351224487741_n-300x300.jpg\" alt=\"\" width=\"128\" height=\"128\" srcset=\"https:\/\/www.radiopiu.net\/wordpress\/wp-content\/uploads\/2023\/04\/286468059_10225543269835880_1681823351224487741_n-300x300.jpg 300w, https:\/\/www.radiopiu.net\/wordpress\/wp-content\/uploads\/2023\/04\/286468059_10225543269835880_1681823351224487741_n-150x150.jpg 150w, https:\/\/www.radiopiu.net\/wordpress\/wp-content\/uploads\/2023\/04\/286468059_10225543269835880_1681823351224487741_n-768x770.jpg 768w, https:\/\/www.radiopiu.net\/wordpress\/wp-content\/uploads\/2023\/04\/286468059_10225543269835880_1681823351224487741_n.jpg 958w\" sizes=\"auto, (max-width: 128px) 100vw, 128px\" \/><\/a>PUNTATA DEL 22 DICEMBRE BEATRICE COLCUC<\/strong><\/p>\n<audio class=\"wp-audio-shortcode\" id=\"audio-367132-6\" preload=\"none\" style=\"width: 100%;\" controls=\"controls\"><source type=\"audio\/mpeg\" src=\"https:\/\/www.radiopiu.net\/wordpress\/wp-content\/uploads\/2023\/12\/MUSLA-5.mp3?_=6\" \/><a href=\"https:\/\/www.radiopiu.net\/wordpress\/wp-content\/uploads\/2023\/12\/MUSLA-5.mp3\">https:\/\/www.radiopiu.net\/wordpress\/wp-content\/uploads\/2023\/12\/MUSLA-5.mp3<\/a><\/audio>\n<p>&nbsp;<\/p>\n<p><strong>LA RACCOLTA COMPLETA <a href=\"https:\/\/www.radiopiu.net\/wordpress\/musla\/\">CLICCA QUI<\/a><\/strong><\/p>\n<p>&nbsp;<\/p>\n<h2><span style=\"color: #008000;\">L&#8217;APPELLO\u00a0 DELLA PROLOCO DI AGORDO<\/span><\/h2>\n<p><strong><a class=\"dt-pswp-item\" href=\"https:\/\/www.radiopiu.net\/wordpress\/wp-content\/uploads\/2020\/04\/AD-AGORDO-PROLOCO-LOGO_colors.jpg\" data-dt-img-description=\"\" data-large_image_width=\"1920\" data-large_image_height=\"1920\"><img loading=\"lazy\" decoding=\"async\" class=\" wp-image-129089 alignleft\" src=\"https:\/\/www.radiopiu.net\/wordpress\/wp-content\/uploads\/2020\/04\/AD-AGORDO-PROLOCO-LOGO_colors-300x300.jpg\" alt=\"\" width=\"138\" height=\"138\" srcset=\"https:\/\/www.radiopiu.net\/wordpress\/wp-content\/uploads\/2020\/04\/AD-AGORDO-PROLOCO-LOGO_colors-300x300.jpg 300w, https:\/\/www.radiopiu.net\/wordpress\/wp-content\/uploads\/2020\/04\/AD-AGORDO-PROLOCO-LOGO_colors-1024x1024.jpg 1024w, https:\/\/www.radiopiu.net\/wordpress\/wp-content\/uploads\/2020\/04\/AD-AGORDO-PROLOCO-LOGO_colors-150x150.jpg 150w, https:\/\/www.radiopiu.net\/wordpress\/wp-content\/uploads\/2020\/04\/AD-AGORDO-PROLOCO-LOGO_colors-768x768.jpg 768w, https:\/\/www.radiopiu.net\/wordpress\/wp-content\/uploads\/2020\/04\/AD-AGORDO-PROLOCO-LOGO_colors-1536x1536.jpg 1536w, https:\/\/www.radiopiu.net\/wordpress\/wp-content\/uploads\/2020\/04\/AD-AGORDO-PROLOCO-LOGO_colors.jpg 1920w\" sizes=\"auto, (max-width: 138px) 100vw, 138px\" \/><\/a>di Mirko Mezzacasa<\/strong><\/p>\n<p>OSPITI: Daniele Galligani e Marta Moretti<\/p>\n<audio class=\"wp-audio-shortcode\" id=\"audio-367132-7\" preload=\"none\" style=\"width: 100%;\" controls=\"controls\"><source type=\"audio\/mpeg\" src=\"https:\/\/www.radiopiu.net\/wordpress\/wp-content\/uploads\/2023\/12\/proloco-ad-agordo-proloco.mp3?_=7\" \/><a href=\"https:\/\/www.radiopiu.net\/wordpress\/wp-content\/uploads\/2023\/12\/proloco-ad-agordo-proloco.mp3\">https:\/\/www.radiopiu.net\/wordpress\/wp-content\/uploads\/2023\/12\/proloco-ad-agordo-proloco.mp3<\/a><\/audio>\n<p>&nbsp;<\/p>\n<hr \/>\n<p>&nbsp;<\/p>\n<p><strong>LA NOVITA&#8217; ALLA PISCINA DI AGORDO WONDERLAND, IL GONFIABILE GIGANTE VENITE A PROVARLO DURANTE LE FESTE, 27 E 30 DICEMBRE DALLE 9.30 ALLE 13 E DALLE 15 ALLE 19 IL 28 E 29 DICEMBRE DALLE 15 ALLE 19 CON TANTI AUGURI DI BUONE FESTE\u00a0<\/strong><\/p>\n<p><strong>AGORDO In piscina con Giorgio De Nardin e Roberto Broglio<\/strong><\/p>\n<p><iframe loading=\"lazy\" title=\"Piscina agordo\" width=\"1200\" height=\"675\" src=\"https:\/\/www.youtube.com\/embed\/yGvbmrCAOXY?feature=oembed\" frameborder=\"0\" allow=\"accelerometer; autoplay; clipboard-write; encrypted-media; gyroscope; picture-in-picture; web-share\" allowfullscreen><\/iframe><\/p>\n<p>&nbsp;<\/p>\n<p>&nbsp;<\/p>\n<blockquote>\n<h1>LA RACCOLTA COMPLETA, QUATTRO PUNTATE<\/h1>\n<\/blockquote>\n<blockquote class=\"wp-embedded-content\" data-secret=\"U0QaUC0ohn\"><p><a href=\"https:\/\/www.radiopiu.net\/wordpress\/letture-e-culture\/\">LETTURE E CULTURE<\/a><\/p><\/blockquote>\n<p><iframe loading=\"lazy\" class=\"wp-embedded-content\" sandbox=\"allow-scripts\" security=\"restricted\" style=\"position: absolute; clip: rect(1px, 1px, 1px, 1px);\" title=\"&#8220;LETTURE E CULTURE&#8221; &#8212; Radio Pi\u00f9\" src=\"https:\/\/www.radiopiu.net\/wordpress\/letture-e-culture\/embed\/#?secret=OnAU4j1N96#?secret=U0QaUC0ohn\" data-secret=\"U0QaUC0ohn\" width=\"600\" height=\"338\" frameborder=\"0\" marginwidth=\"0\" marginheight=\"0\" scrolling=\"no\"><\/iframe><\/p>\n<p>&nbsp;<\/p>\n<p>&nbsp;<\/p>\n<hr \/>\n<p>&nbsp;<\/p>\n<p>&nbsp;<\/p>\n<blockquote>\n<h2><a class=\"dt-pswp-item\" href=\"https:\/\/www.radiopiu.net\/wordpress\/wp-content\/uploads\/2023\/12\/CARTOLINA-FB_7gennaio2024_07.jpg\" data-dt-img-description=\"\" data-large_image_width=\"794\" data-large_image_height=\"794\"><img loading=\"lazy\" decoding=\"async\" class=\"wp-image-367194 alignleft\" src=\"https:\/\/www.radiopiu.net\/wordpress\/wp-content\/uploads\/2023\/12\/CARTOLINA-FB_7gennaio2024_07-300x300.jpg\" alt=\"\" width=\"171\" height=\"171\" srcset=\"https:\/\/www.radiopiu.net\/wordpress\/wp-content\/uploads\/2023\/12\/CARTOLINA-FB_7gennaio2024_07-300x300.jpg 300w, https:\/\/www.radiopiu.net\/wordpress\/wp-content\/uploads\/2023\/12\/CARTOLINA-FB_7gennaio2024_07-150x150.jpg 150w, https:\/\/www.radiopiu.net\/wordpress\/wp-content\/uploads\/2023\/12\/CARTOLINA-FB_7gennaio2024_07-768x768.jpg 768w, https:\/\/www.radiopiu.net\/wordpress\/wp-content\/uploads\/2023\/12\/CARTOLINA-FB_7gennaio2024_07.jpg 794w\" sizes=\"auto, (max-width: 171px) 100vw, 171px\" \/><\/a>La Sfida della Paternit\u00e0: Memoria di Don Giovanni Unterberger<\/h2>\n<\/blockquote>\n<p>L&#8217;appuntamento annuale in ricordo di don Giovanni Unterberger, sacerdote molto stimato a Belluno, si terr\u00e0 il 7 gennaio 2024. La serata culturale e musicale, organizzata dall&#8217;associazione Demamah e dai figli spirituali di don Giovanni, avr\u00e0 come tema centrale la paternit\u00e0, con la presentazione di don Massimo Vacchetti. Gli interventi musicali a tema saranno curati dal gruppo vocale Voce Mea e da musicisti locali. Durante l&#8217;evento, sar\u00e0 possibile lasciare un&#8217;offerta destinata al Caritas Baby Hospital di Betlemme e agli studi dei seminaristi di Tura, in India.<\/p>\n<p>&nbsp;<\/p>\n<p>&nbsp;<\/p>\n<hr \/>\n<p>&nbsp;<\/p>\n<h2><span style=\"color: #ff0000;\">GLI APPUNTAMENTI DELLA SETTIMANA\u00a0<\/span><\/h2>\n<blockquote>\n<h3>OGGI A TEATRO A BELLUNO<\/h3>\n<\/blockquote>\n<p><strong>BELLUNO<\/strong> Oggi alle 21 al teatro Dino Buzzati di Belluno andr\u00e0 in scena Sing Sing Swing, un salto in dietro nella storia con la musica anni &#8217;30 e &#8217;40. Biglietti in vendita al botteghino del tatro a partire dalle 18.<\/p>\n<p>&nbsp;<\/p>\n<blockquote>\n<h3>AL CINEMA DI FALCADE NAPOLEON<\/h3>\n<\/blockquote>\n<p><strong>FALCADE <\/strong>Natale al cinema di Falcade. Oggi, domani e luned\u00ec verr\u00e0 proiettato il nuovo film di Ridley Scott &#8220;Napoleon&#8221;. Orari degli spettacoli alle 15:30 e alle 21. Sabato solo alle 21<\/p>\n<p>&nbsp;<\/p>\n<h2><span style=\"color: #ff0000;\">PROSSIMAMENTE&#8230;..\u00a0<\/span><\/h2>\n<blockquote>\n<h3>NADAL A SAN TOMAS<\/h3>\n<\/blockquote>\n<p><strong>SAN TOMASO <\/strong>Sono visitabili i presepi nelle frazioni di San Tomaso. Questi gli appuntamenti con le serate dedicate al Natale.<\/p>\n<p><strong>28 DICEMBRE<\/strong> &#8220;Racconti di Natale&#8221;, uno spettacolo di marionette per i pi\u00f9 piccoli. Sala parrocchiale alle 17<\/p>\n<p><strong>29 DICEMBRE<\/strong> &#8220;In viaggio con A. Edwards&#8221;, serata con Eleonora Pescosta che racconta la storia dell&#8217;escursionista inglese salita sul Sasso Bianco. Celat alle 20:30<\/p>\n<p><strong>04 GENNAIO<\/strong> &#8220;I Kropya&#8221; Concerto natalizio dell&#8217;ensamble vocale dei giovani di Livinallongo. Chiesa Parocchiale alle 20:30<\/p>\n<p>&nbsp;<\/p>\n<blockquote>\n<h3><a class=\"dt-pswp-item\" href=\"https:\/\/www.radiopiu.net\/wordpress\/wp-content\/uploads\/2023\/12\/d75f9049-c143-412d-a761-164a9701a43a.jpg\" data-dt-img-description=\"\" data-large_image_width=\"1080\" data-large_image_height=\"1080\"><img loading=\"lazy\" decoding=\"async\" class=\"wp-image-366318 alignleft\" src=\"https:\/\/www.radiopiu.net\/wordpress\/wp-content\/uploads\/2023\/12\/d75f9049-c143-412d-a761-164a9701a43a-300x300.jpg\" alt=\"\" width=\"256\" height=\"256\" srcset=\"https:\/\/www.radiopiu.net\/wordpress\/wp-content\/uploads\/2023\/12\/d75f9049-c143-412d-a761-164a9701a43a-300x300.jpg 300w, https:\/\/www.radiopiu.net\/wordpress\/wp-content\/uploads\/2023\/12\/d75f9049-c143-412d-a761-164a9701a43a-1024x1024.jpg 1024w, https:\/\/www.radiopiu.net\/wordpress\/wp-content\/uploads\/2023\/12\/d75f9049-c143-412d-a761-164a9701a43a-150x150.jpg 150w, https:\/\/www.radiopiu.net\/wordpress\/wp-content\/uploads\/2023\/12\/d75f9049-c143-412d-a761-164a9701a43a-768x768.jpg 768w, https:\/\/www.radiopiu.net\/wordpress\/wp-content\/uploads\/2023\/12\/d75f9049-c143-412d-a761-164a9701a43a.jpg 1080w\" sizes=\"auto, (max-width: 256px) 100vw, 256px\" \/><\/a>SERATA FILM CON LA CHIESA EVANGELICA DI AGORDO<\/h3>\n<\/blockquote>\n<p><strong>L&#8217;INVITO DI GIOVANNI VARIALE<\/strong><\/p>\n<audio class=\"wp-audio-shortcode\" id=\"audio-367132-8\" preload=\"none\" style=\"width: 100%;\" controls=\"controls\"><source type=\"audio\/mpeg\" src=\"https:\/\/www.radiopiu.net\/wordpress\/wp-content\/uploads\/2023\/12\/GIOVANNI-VARIALE-CHIESA-EVANGELICA.mp3?_=8\" \/><a href=\"https:\/\/www.radiopiu.net\/wordpress\/wp-content\/uploads\/2023\/12\/GIOVANNI-VARIALE-CHIESA-EVANGELICA.mp3\">https:\/\/www.radiopiu.net\/wordpress\/wp-content\/uploads\/2023\/12\/GIOVANNI-VARIALE-CHIESA-EVANGELICA.mp3<\/a><\/audio>\n<p>&nbsp;<\/p>\n<hr \/>\n<p>&nbsp;<\/p>\n<p><a class=\"dt-pswp-item\" href=\"https:\/\/www.radiopiu.net\/wordpress\/wp-content\/uploads\/2018\/09\/viabilita.jpeg\" data-dt-img-description=\"\" data-large_image_width=\"800\" data-large_image_height=\"100\"><img loading=\"lazy\" decoding=\"async\" class=\"aligncenter wp-image-61954 size-full\" src=\"https:\/\/www.radiopiu.net\/wordpress\/wp-content\/uploads\/2018\/09\/viabilita.jpeg\" alt=\"\" width=\"800\" height=\"100\" srcset=\"https:\/\/www.radiopiu.net\/wordpress\/wp-content\/uploads\/2018\/09\/viabilita.jpeg 800w, https:\/\/www.radiopiu.net\/wordpress\/wp-content\/uploads\/2018\/09\/viabilita-300x38.jpeg 300w, https:\/\/www.radiopiu.net\/wordpress\/wp-content\/uploads\/2018\/09\/viabilita-768x96.jpeg 768w\" sizes=\"auto, (max-width: 800px) 100vw, 800px\" \/><\/a><\/p>\n<p>&nbsp;<\/p>\n<p><a class=\"dt-pswp-item\" href=\"https:\/\/www.radiopiu.net\/wordpress\/wp-content\/uploads\/2023\/12\/botol-car-service.jpg\" data-dt-img-description=\"\" data-large_image_width=\"600\" data-large_image_height=\"600\"><img loading=\"lazy\" decoding=\"async\" class=\"size-medium wp-image-367044 aligncenter\" src=\"https:\/\/www.radiopiu.net\/wordpress\/wp-content\/uploads\/2023\/12\/botol-car-service-300x300.jpg\" alt=\"\" width=\"300\" height=\"300\" srcset=\"https:\/\/www.radiopiu.net\/wordpress\/wp-content\/uploads\/2023\/12\/botol-car-service-300x300.jpg 300w, https:\/\/www.radiopiu.net\/wordpress\/wp-content\/uploads\/2023\/12\/botol-car-service-150x150.jpg 150w, https:\/\/www.radiopiu.net\/wordpress\/wp-content\/uploads\/2023\/12\/botol-car-service.jpg 600w\" sizes=\"auto, (max-width: 300px) 100vw, 300px\" \/><\/a><\/p>\n<p>&nbsp;<\/p>\n<p>&nbsp;<\/p>\n<blockquote class=\"wp-embedded-content\" data-secret=\"IiaEMHV6B9\"><p><a href=\"https:\/\/www.radiopiu.net\/wordpress\/viabilita\/\">viabilita<\/a><\/p><\/blockquote>\n<p><iframe loading=\"lazy\" class=\"wp-embedded-content\" sandbox=\"allow-scripts\" security=\"restricted\" style=\"position: absolute; clip: rect(1px, 1px, 1px, 1px);\" title=\"&#8220;viabilita&#8221; &#8212; Radio Pi\u00f9\" src=\"https:\/\/www.radiopiu.net\/wordpress\/viabilita\/embed\/#?secret=MVb47yhjnY#?secret=IiaEMHV6B9\" data-secret=\"IiaEMHV6B9\" width=\"600\" height=\"338\" frameborder=\"0\" marginwidth=\"0\" marginheight=\"0\" scrolling=\"no\"><\/iframe><\/p>\n<p>&nbsp;<\/p>\n<hr \/>\n<p>&nbsp;<\/p>\n<p><a class=\"dt-pswp-item\" href=\"https:\/\/www.radiopiu.net\/wordpress\/wp-content\/uploads\/2018\/09\/WhatsApp-Image-2018-09-20-at-16.04.06.jpeg\" data-dt-img-description=\"\" data-large_image_width=\"800\" data-large_image_height=\"100\"><img loading=\"lazy\" decoding=\"async\" class=\"wp-image-61378 size-full aligncenter\" src=\"https:\/\/www.radiopiu.net\/wordpress\/wp-content\/uploads\/2018\/09\/WhatsApp-Image-2018-09-20-at-16.04.06.jpeg\" alt=\"\" width=\"800\" height=\"100\" srcset=\"https:\/\/www.radiopiu.net\/wordpress\/wp-content\/uploads\/2018\/09\/WhatsApp-Image-2018-09-20-at-16.04.06.jpeg 800w, https:\/\/www.radiopiu.net\/wordpress\/wp-content\/uploads\/2018\/09\/WhatsApp-Image-2018-09-20-at-16.04.06-300x38.jpeg 300w, https:\/\/www.radiopiu.net\/wordpress\/wp-content\/uploads\/2018\/09\/WhatsApp-Image-2018-09-20-at-16.04.06-768x96.jpeg 768w\" sizes=\"auto, (max-width: 800px) 100vw, 800px\" \/><\/a><\/p>\n<p><center><\/center><b>\u00a0<\/b><\/p>\n<p><center><\/center><b>OGGI: <\/b>Miglioramento del tempo con tratti soleggiati, nonostante qualche annuvolamento di sottovento, pi\u00f9 presente sulle Prealpi rispetto alle Dolomiti. Fino al mattino qualche addensamento sulle Dolomiti pi\u00f9 settentrionali. La giornata sar\u00e0 molto ventosa in alta quota, mentre il Foehn spirer\u00e0 in molte valli. Precipitazioni: Tra notte e primo mattino non escluso qualche fiocco sulle cime delle Dolomiti settentrionali\u00a0 in seguito assenti ovunque Temperature: In generale aumento<\/p>\n<p>&nbsp;<\/p>\n<hr \/>\n<p><center><\/center><b>DOMANI:<\/b> Tempo stabile e in prevalenza soleggiato, con cielo poco nuvoloso per qualche velatura pi\u00f9 presente al mattino.<br \/>\nPrecipitazioni Temperature: Temperature minime in generale calo a fondovalle<\/p>\n<p>&nbsp;<\/p>\n<hr \/>\n<p><center><\/center><strong>LUNEDI<\/strong> Al mattino da poco a parzialmente nuvoloso per nubi alte a tratti estese, dalle ore centrali e nel pomeriggio poco nuvoloso. Su prealpi esposte alla pianura nubi basse pi\u00f9 probabili dalla sera. Generale ulteriore lieve rialzo delle temperature, salvo stazionariet\u00e0 delle minime nei fondovalle prealpini. Vale a dire inconsueta mitezza termica in quota, anche se simile all&#8217;anno scorso, ed inversione termica nelle valli, anche marcata in quelle in ombra. Venti deboli di direzione variabile nelle valli; deboli\/moderati occidentali in quota.<\/p>\n<hr \/>\n<p><center><\/center><strong>MARTEDI<\/strong> Su Dolomiti sereno con qualche velatura nel pomeriggio ed in serata. Su Prealpi sereno o poco nuvoloso ma con possibili nubi basse specie sui settori esposti alla Pianura tra notte e mattino e poi verso sera. Temperature stazionarie o in lieve calo in quota e ancora ben superiori alle medie con forte inversione termica nelle valli Venti in quota deboli occidentali, deboli variabili nelle valli. Previsore<\/p>\n<p>&nbsp;<\/p>\n<p>&nbsp;<\/p>\n<p>&nbsp;<\/p>\n<p>&nbsp;<\/p>\n<hr \/>\n<p>&nbsp;<\/p>\n<p><img loading=\"lazy\" decoding=\"async\" class=\"wp-image-60761 size-full aligncenter\" src=\"https:\/\/www.radiopiu.net\/wordpress\/wp-content\/uploads\/2018\/09\/sport.jpg\" alt=\"\" width=\"800\" height=\"100\" srcset=\"https:\/\/www.radiopiu.net\/wordpress\/wp-content\/uploads\/2018\/09\/sport.jpg 800w, https:\/\/www.radiopiu.net\/wordpress\/wp-content\/uploads\/2018\/09\/sport-300x38.jpg 300w, https:\/\/www.radiopiu.net\/wordpress\/wp-content\/uploads\/2018\/09\/sport-768x96.jpg 768w\" sizes=\"auto, (max-width: 800px) 100vw, 800px\" \/><\/p>\n<p>&nbsp;<\/p>\n<p><span style=\"color: #0000ff;\"><strong>HOCKEY SU GHIACCIO<\/strong><\/span><\/p>\n<blockquote>\n<h3>IHL: ULTIMA PARTITA DI STAGIONE REGOLARE, AD ALLEGHE ARRIVANO I PIRATI DI APPIANO<\/h3>\n<\/blockquote>\n<p><strong><a class=\"dt-pswp-item\" href=\"https:\/\/www.radiopiu.net\/wordpress\/wp-content\/uploads\/2023\/11\/alleghe-logo-2023.jpg\" data-dt-img-description=\"\" data-large_image_width=\"1024\" data-large_image_height=\"576\"><img loading=\"lazy\" decoding=\"async\" class=\" wp-image-359944 alignleft\" src=\"https:\/\/www.radiopiu.net\/wordpress\/wp-content\/uploads\/2023\/11\/alleghe-logo-2023-300x169.jpg\" alt=\"\" width=\"172\" height=\"97\" srcset=\"https:\/\/www.radiopiu.net\/wordpress\/wp-content\/uploads\/2023\/11\/alleghe-logo-2023-300x169.jpg 300w, https:\/\/www.radiopiu.net\/wordpress\/wp-content\/uploads\/2023\/11\/alleghe-logo-2023-768x432.jpg 768w, https:\/\/www.radiopiu.net\/wordpress\/wp-content\/uploads\/2023\/11\/alleghe-logo-2023.jpg 1024w\" sizes=\"auto, (max-width: 172px) 100vw, 172px\" \/><\/a>DI ROBERTO MIANA, PORTAVOCE DELL&#8217;ALLEGHE HOCKEY<\/strong><\/p>\n<p>Ventiduesima e ultima giornata di Regular Season del campionato IHL. Sabato 23 dicembre alle 20:30 l\u2019Alleghe ospita l\u2019Appiano. Le Civette, nel turno infrasettimanale, hanno sbancato meritatamente e con determinazione 4-2 il ghiaccio di Bressanone, al termine di una gara combattuta e risolta dai ragazzi di coach Scapinello negli ultimi dieci minuti. L\u2019Alleghe, dopo 19 partite giocate \u00e8 sesto in classifica con 33 punti, ad un solo punto dal quinto posto, ultimo utile per l\u2019accesso diretto ai playoff e occupato dal Feltreghiaccio che giocher\u00e0 l\u2019ultima gara di Regular Season in terra lombarda contro il Varese. Nikolai Zherdev \u00e8 il top scorrer della squadra con 27 punti (13 gol e 14 assist) seguito da Juho M\u00e4kel\u00e4: 23 punti (9+14) e Gabriel Vinatzer: 21 punti (8+13). In casa, contro i Pirati di Appiano, l\u2019Alleghe dovr\u00e0 obbligatoriamente fare punti e sperare contemporaneamente in un mezzo passo falso dei cugini del Feltre a Varese, altrimenti, il team agordino, dovr\u00e0 guadagnarsi la qualificazione ai Playoff nel Qualification Round. L\u2019Appiano arriva a questa sfida dopo la vittoria casalinga 3-2 all\u2019overtime contro il Varese. I Pirati occupano il terzo posto in classifica con 40 punti. I migliori realizzatori della squadra sono l\u2019attaccante finlandese Erno R\u00e4is\u00e4nen, autore di 9 gol e 22 assist, il bolzanino Martin Graf (9+17) e il diciassettenne meranese Matthias Pardatscher (10+3). Nei 17 precedenti tra Alleghe ed Appiano, le Civette hanno vinto 4 gare contro 13 dei Pirati. Nella gara di andata, disputata in Alto Adige il 4 novembre, hanno avuto la meglio 5-3 i gialloblu.<\/p>\n<p><strong>ALLEGHE hockey &#8211; HC APPIANO <\/strong>Sabato 23 dicembre ore 20:30 &#8211; Palaghiaccio Alvise De Toni di Alleghe. Arbitri: Massimo De Col e Federico Rivis con giudici di linea Andrea Rivis e Fabio Zen. Collegamenti in\u00a0DIRETTA RADIOFONICA\u00a0su Radio Pi\u00f9 (www.radiopiu.net) con \u201cHockey al punto giusto\u201d, in studio Marco Gaz e da Alleghe interventi di Federico Paganin<\/p>\n<p>&nbsp;<\/p>\n<blockquote>\n<h3>IL FELTRE A VARESE PER ACCEDERE AL MASTER ROUND<\/h3>\n<\/blockquote>\n<p><strong>REDAZIONE<\/strong> Anche il Feltre stasera giocher\u00e0 l&#8217;ultima giornata di stagione regolare. Dovr\u00e0 affrontare una lunga trasferta a Varese per giocare contro i campioni d&#8217;Italia in carica. Non sar\u00e0 una sfida facile per i picchi che devono vincere per assicurarsi matematicamente il Master Round e di conseguenza l&#8217;accesso automatico ai playoff. Ingaggio alle 18:30.<\/p>\n<p><strong>LE PARTITE DELLE SQUADRE BELLUNESI <\/strong>alle 18:30 Varese &#8211; Feltre, alle 20:30 Alleghe &#8211; Appiano<\/p>\n<p><strong>LA CLASSIFICA:<\/strong>\u00a0Caldaro 46, Pergine 43, Appiano 40, Varese 39, Feltre 34, Alleghe 33, Fiemme 24, Como 23, Bressanone 14, Valpellice 10, Dobbiaco 9<\/p>\n<p>&nbsp;<\/p>\n<p><span style=\"color: #0000ff;\"><strong>PALLAVOLO<\/strong><\/span><\/p>\n<blockquote>\n<h3>MARTEDI IL DERBY TRA BELLUNO VOLLEY E MOTTA<\/h3>\n<\/blockquote>\n<p><a class=\"dt-pswp-item\" href=\"https:\/\/www.radiopiu.net\/wordpress\/wp-content\/uploads\/2023\/12\/In_attesa_del_derby_a_Motta.jpg\" data-dt-img-description=\"\" data-large_image_width=\"1280\" data-large_image_height=\"853\"><img loading=\"lazy\" decoding=\"async\" class=\" wp-image-367140 alignleft\" src=\"https:\/\/www.radiopiu.net\/wordpress\/wp-content\/uploads\/2023\/12\/In_attesa_del_derby_a_Motta-300x200.jpg\" alt=\"\" width=\"173\" height=\"115\" srcset=\"https:\/\/www.radiopiu.net\/wordpress\/wp-content\/uploads\/2023\/12\/In_attesa_del_derby_a_Motta-300x200.jpg 300w, https:\/\/www.radiopiu.net\/wordpress\/wp-content\/uploads\/2023\/12\/In_attesa_del_derby_a_Motta-1024x682.jpg 1024w, https:\/\/www.radiopiu.net\/wordpress\/wp-content\/uploads\/2023\/12\/In_attesa_del_derby_a_Motta-768x512.jpg 768w, https:\/\/www.radiopiu.net\/wordpress\/wp-content\/uploads\/2023\/12\/In_attesa_del_derby_a_Motta.jpg 1280w\" sizes=\"auto, (max-width: 173px) 100vw, 173px\" \/><\/a>Il Belluno Volley si prepara per il derby veneto contro la Pallavolo Motta, analizzando l&#8217;avversario guidato dal nuovo allenatore Marco Marzola. Motta arriva da tre sconfitte consecutive contro San Don\u00e0, Mantova e Cus Cagliari e occupa attualmente il settimo posto con 6 punti in meno rispetto al Belluno. Mattia Catone agisce come palleggiatore, Matteo Mazzotti \u00e8 l&#8217;opposto, Alberto Saibene \u00e8 un ex esperto in banda, mentre Riccardo Mazzon e Riccardo Mian contribuiscono in vari modi. Al centro, spicca l&#8217;ex Macerata Luisetto e l&#8217;esperto Bortolozzo. Il libero \u00e8 Sebastian Santi. Malaguti sottolinea che nonostante la classifica, Motta \u00e8 una squadra insidiosa con buone capacit\u00e0 di ricezione e attacco.<\/p>\n<p>&nbsp;<\/p>\n<p>&nbsp;<\/p>\n<blockquote>\n<h3>Annullato per vento il superG in Val di Fassa Da oggi attivo il ticketing per la Coppa del Mondo<\/h3>\n<\/blockquote>\n<p><a class=\"dt-pswp-item\" href=\"https:\/\/www.radiopiu.net\/wordpress\/wp-content\/uploads\/2023\/12\/30969.jpg\" data-dt-img-description=\"\" data-large_image_width=\"630\" data-large_image_height=\"114\"><img loading=\"lazy\" decoding=\"async\" class=\"size-medium wp-image-367230 alignleft\" src=\"https:\/\/www.radiopiu.net\/wordpress\/wp-content\/uploads\/2023\/12\/30969-300x54.jpg\" alt=\"\" width=\"300\" height=\"54\" srcset=\"https:\/\/www.radiopiu.net\/wordpress\/wp-content\/uploads\/2023\/12\/30969-300x54.jpg 300w, https:\/\/www.radiopiu.net\/wordpress\/wp-content\/uploads\/2023\/12\/30969.jpg 630w\" sizes=\"auto, (max-width: 300px) 100vw, 300px\" \/><\/a>Dopo il successo organizzativo delle due discese libere di Coppa Europa, test event in vista della Coppa del Mondo femminile di superG che torner\u00e0 sulla pista La VolatA in Val di Fassa il 24 e 25 febbraio 2024, il Comitato organizzatore \u00e8 stato costretto ad annullare il superG del circuito continentale in programma questa mattina. Come era in parte preventivato il forte vento, con raffiche oltre i 140 chilometri orari ha inevitabilmente fatto propendere la Fis e i tre sci club Ski Team Fassa, Us Monti Pallidi e Fassactive ad annullare il superG che chiudeva la settimana internazionale nella Skiarea San Pellegrino. Evento meteorologico che non garantiva la sicurezza delle atlete in gara e altres\u00ec anche il regolare funzionamento della Funivia Col Margherita che serve la pista La VolatA. Nel frattempo il Comitato Organizzatore ha aperto ufficialmente il ticket di acquisto biglietti per chi volesse fare un regalo di Natale diverso dal solito. Per acquistare l\u2019ingresso all\u2019evento di Coppa del Mondo di febbraio basta accedere al sito <strong>www.valdifassaskiworldcup.it<\/strong> ed effettuare le operazioni on line all\u2019apposito link.<\/p>\n<p>&nbsp;<\/p>\n<p>&nbsp;<\/p>\n<p>&nbsp;<\/p>\n<div class=\"page-title-head hgroup\">\n<h3 class=\"entry-title\">RADIO PIU\u2019, IL GRANDE PASSO. IN DIGITALE SUL DAB + IN VENETO ELENCO DI TUTTI I COMUNI<\/h3>\n<\/div>\n<p>&nbsp;<\/p>\n<p><img decoding=\"async\" class=\"aligncenter\" src=\"https:\/\/www.radiopiu.net\/wordpress\/wp-content\/uploads\/2023\/12\/th-9.jpg\" \/><\/p>\n<p><strong>REDAZIONE<\/strong> Ci siamo fatti il regalo di Natale e lo abbiamo fatto a tanti veneti. Un milione di persone interessante. E&#8217; il nuovo segnale digitale dab + sul canale 8C\u00a0 RADIO PIU&#8217; si ascolta in tutti i Comuni sottoelencati.<\/p>\n<p>&nbsp;<\/p>\n<a href=\"https:\/\/www.radiopiu.net\/wordpress\/wp-content\/uploads\/2023\/12\/DAB_Veneto_Copertura-abitanti-ris_90mt-1.pdf\" class=\"pdfemb-viewer\" style=\"\" data-width=\"max\" data-height=\"max\" data-toolbar=\"top\" data-toolbar-fixed=\"on\">DAB_Veneto_Copertura abitanti ris_90mt (1)<\/a>\n<p>&nbsp;<\/p>\n<p>&nbsp;<\/p>\n<hr \/>\n<p>&nbsp;<\/p>\n","protected":false},"excerpt":{"rendered":"<p>***** &nbsp; 40esimo di RADIOPIU\u2026. LA VOCE DELL\u2019EMOZIONE ISCRIVITI AL NOSTRO CANALE\u00a0\u00a0YOUTUBE PER SEGUIRE IN DIRETTA I PRINCIPALI PROGRAMMI DI RADIO PIU\u2019 E LE FUTURE DIRETTE IN ESTERNA. PER ISCRIVERTI CLICCA QUI\u00a0E PREMI\u00a0 \u201cIscriviti\u201d\u00a0 \u00a0\u00a0 RADIO PIU&#8217; IN DAB IN VENETO REDAZIONE Il consorzio Go Dab ha attivato il primo impianto sperimentale DAB+ in Veneto&hellip;<\/p>\n","protected":false},"author":4,"featured_media":367373,"comment_status":"closed","ping_status":"closed","sticky":false,"template":"","format":"standard","meta":{"_monsterinsights_skip_tracking":false,"_monsterinsights_sitenote_active":false,"_monsterinsights_sitenote_note":"","_monsterinsights_sitenote_category":0,"footnotes":""},"categories":[104,86,49],"tags":[],"class_list":["post-367132","post","type-post","status-publish","format-standard","has-post-thumbnail","hentry","category-evidenza_3","category-gr","category-news-18","category-104","category-86","category-49","description-off"],"img_url":"https:\/\/www.radiopiu.net\/wordpress\/wp-content\/uploads\/2023\/12\/Senza-nome-80.png","_links":{"self":[{"href":"https:\/\/www.radiopiu.net\/wordpress\/wp-json\/wp\/v2\/posts\/367132","targetHints":{"allow":["GET"]}}],"collection":[{"href":"https:\/\/www.radiopiu.net\/wordpress\/wp-json\/wp\/v2\/posts"}],"about":[{"href":"https:\/\/www.radiopiu.net\/wordpress\/wp-json\/wp\/v2\/types\/post"}],"author":[{"embeddable":true,"href":"https:\/\/www.radiopiu.net\/wordpress\/wp-json\/wp\/v2\/users\/4"}],"replies":[{"embeddable":true,"href":"https:\/\/www.radiopiu.net\/wordpress\/wp-json\/wp\/v2\/comments?post=367132"}],"version-history":[{"count":0,"href":"https:\/\/www.radiopiu.net\/wordpress\/wp-json\/wp\/v2\/posts\/367132\/revisions"}],"wp:featuredmedia":[{"embeddable":true,"href":"https:\/\/www.radiopiu.net\/wordpress\/wp-json\/wp\/v2\/media\/367373"}],"wp:attachment":[{"href":"https:\/\/www.radiopiu.net\/wordpress\/wp-json\/wp\/v2\/media?parent=367132"}],"wp:term":[{"taxonomy":"category","embeddable":true,"href":"https:\/\/www.radiopiu.net\/wordpress\/wp-json\/wp\/v2\/categories?post=367132"},{"taxonomy":"post_tag","embeddable":true,"href":"https:\/\/www.radiopiu.net\/wordpress\/wp-json\/wp\/v2\/tags?post=367132"}],"curies":[{"name":"wp","href":"https:\/\/api.w.org\/{rel}","templated":true}]}}