{"id":367382,"date":"2023-12-01T04:53:16","date_gmt":"2023-12-01T03:53:16","guid":{"rendered":"https:\/\/www.radiopiu.net\/wordpress\/?p=367382"},"modified":"2023-12-23T06:09:50","modified_gmt":"2023-12-23T05:09:50","slug":"ulss-1-dolomiti-e-guardia-di-finanza-di-belluno-protocollo-per-soccorso-in-montagna","status":"publish","type":"post","link":"https:\/\/www.radiopiu.net\/wordpress\/ulss-1-dolomiti-e-guardia-di-finanza-di-belluno-protocollo-per-soccorso-in-montagna\/","title":{"rendered":"Ulss 1 Dolomiti e Guardia di Finanza di Belluno, protocollo per soccorso in montagna"},"content":{"rendered":"<p>&nbsp;<\/p>\n<blockquote>\n<h2><strong><a class=\"dt-pswp-item\" href=\"https:\/\/www.radiopiu.net\/wordpress\/wp-content\/uploads\/2021\/02\/fiamme-gialle-scaled.jpeg\" data-dt-img-description=\"GUARDIA DI FINANZA\" data-large_image_width=\"2560\" data-large_image_height=\"1920\"><img loading=\"lazy\" decoding=\"async\" class=\" wp-image-190302 alignleft\" src=\"https:\/\/www.radiopiu.net\/wordpress\/wp-content\/uploads\/2021\/02\/fiamme-gialle-300x225.jpeg\" alt=\"\" width=\"227\" height=\"170\" srcset=\"https:\/\/www.radiopiu.net\/wordpress\/wp-content\/uploads\/2021\/02\/fiamme-gialle-300x225.jpeg 300w, https:\/\/www.radiopiu.net\/wordpress\/wp-content\/uploads\/2021\/02\/fiamme-gialle-1024x768.jpeg 1024w, https:\/\/www.radiopiu.net\/wordpress\/wp-content\/uploads\/2021\/02\/fiamme-gialle-768x576.jpeg 768w, https:\/\/www.radiopiu.net\/wordpress\/wp-content\/uploads\/2021\/02\/fiamme-gialle-1536x1152.jpeg 1536w, https:\/\/www.radiopiu.net\/wordpress\/wp-content\/uploads\/2021\/02\/fiamme-gialle-2048x1536.jpeg 2048w\" sizes=\"auto, (max-width: 227px) 100vw, 227px\" \/><\/a><\/strong><\/h2>\n<\/blockquote>\n<p><strong>BELLUNO<\/strong> Ulss 1 Dolomiti e la Guardia di Finanza di Belluno hanno siglato un protocollo di intesa per la collaborazione nelle attivit\u00e0 di soccorso in montagna via terra e via aria. La collaborazione garantir\u00e0 massima efficienza, tempestivit\u00e0 e sicurezza nelle operazioni di soccorso. Le stazioni del Soccorso alpino della Guardia di Finanza verranno informate dal soccorso alpino Cnsas in caso di intervento, e entrambi gli enti metteranno reciprocamente a disposizione mezzi, attrezzature e supporti logistici. Il Suem si impegner\u00e0 a formare e addestrare il personale del Sagf, e verr\u00e0 istituita una commissione paritetica per monitorare le attivit\u00e0. La collaborazione mira a migliorare la tempestivit\u00e0 degli interventi e la sopravvivenza in caso di arresto cardiaco territoriale.<\/p>\n<p>&nbsp;<\/p>\n<p>&nbsp;<\/p>\n<hr \/>\n<p>&nbsp;<\/p>\n","protected":false},"excerpt":{"rendered":"<p>&nbsp; BELLUNO Ulss 1 Dolomiti e la Guardia di Finanza di Belluno hanno siglato un protocollo di intesa per la collaborazione nelle attivit\u00e0 di soccorso in montagna via terra e via aria. La collaborazione garantir\u00e0 massima efficienza, tempestivit\u00e0 e sicurezza nelle operazioni di soccorso. Le stazioni del Soccorso alpino della Guardia di Finanza verranno informate&hellip;<\/p>\n","protected":false},"author":4,"featured_media":270373,"comment_status":"closed","ping_status":"closed","sticky":false,"template":"","format":"standard","meta":{"_monsterinsights_skip_tracking":false,"_monsterinsights_sitenote_active":false,"_monsterinsights_sitenote_note":"","_monsterinsights_sitenote_category":0,"footnotes":""},"categories":[51,49],"tags":[],"class_list":["post-367382","post","type-post","status-publish","format-standard","has-post-thumbnail","hentry","category-evidenza-top","category-news-18","category-51","category-49","description-off"],"img_url":"https:\/\/www.radiopiu.net\/wordpress\/wp-content\/uploads\/2022\/04\/GUARDIA-FINANZA-SCI.jpg","_links":{"self":[{"href":"https:\/\/www.radiopiu.net\/wordpress\/wp-json\/wp\/v2\/posts\/367382","targetHints":{"allow":["GET"]}}],"collection":[{"href":"https:\/\/www.radiopiu.net\/wordpress\/wp-json\/wp\/v2\/posts"}],"about":[{"href":"https:\/\/www.radiopiu.net\/wordpress\/wp-json\/wp\/v2\/types\/post"}],"author":[{"embeddable":true,"href":"https:\/\/www.radiopiu.net\/wordpress\/wp-json\/wp\/v2\/users\/4"}],"replies":[{"embeddable":true,"href":"https:\/\/www.radiopiu.net\/wordpress\/wp-json\/wp\/v2\/comments?post=367382"}],"version-history":[{"count":0,"href":"https:\/\/www.radiopiu.net\/wordpress\/wp-json\/wp\/v2\/posts\/367382\/revisions"}],"wp:featuredmedia":[{"embeddable":true,"href":"https:\/\/www.radiopiu.net\/wordpress\/wp-json\/wp\/v2\/media\/270373"}],"wp:attachment":[{"href":"https:\/\/www.radiopiu.net\/wordpress\/wp-json\/wp\/v2\/media?parent=367382"}],"wp:term":[{"taxonomy":"category","embeddable":true,"href":"https:\/\/www.radiopiu.net\/wordpress\/wp-json\/wp\/v2\/categories?post=367382"},{"taxonomy":"post_tag","embeddable":true,"href":"https:\/\/www.radiopiu.net\/wordpress\/wp-json\/wp\/v2\/tags?post=367382"}],"curies":[{"name":"wp","href":"https:\/\/api.w.org\/{rel}","templated":true}]}}