{"id":367402,"date":"2023-12-27T05:29:01","date_gmt":"2023-12-27T04:29:01","guid":{"rendered":"https:\/\/www.radiopiu.net\/wordpress\/?p=367402"},"modified":"2023-12-27T09:15:40","modified_gmt":"2023-12-27T08:15:40","slug":"giornale-radiopiu-27-dicembre-2023-direttore-mirko-mezzacasada-40-anni-25-giugno-1983-25-giugno-2023","status":"publish","type":"post","link":"https:\/\/www.radiopiu.net\/wordpress\/giornale-radiopiu-27-dicembre-2023-direttore-mirko-mezzacasada-40-anni-25-giugno-1983-25-giugno-2023\/","title":{"rendered":"GIORNALE RADIOPIU 27 DICEMBRE 2023 DIRETTORE MIRKO MEZZACASA\u2026DA 40 ANNI 25 GIUGNO 1983-25 GIUGNO 2023"},"content":{"rendered":"<p>*****<\/p>\n<p>&nbsp;<\/p>\n<h1 class=\"entry-title photoswipe-wrapper\">40esimo di RADIOPIU\u2026. LA VOCE DELL\u2019EMOZIONE<\/h1>\n<h2><span style=\"color: #ff0000;\">ISCRIVITI AL NOSTRO CANALE\u00a0\u00a0YOUTUBE PER SEGUIRE IN DIRETTA I PRINCIPALI PROGRAMMI DI RADIO PIU\u2019 E LE FUTURE DIRETTE IN ESTERNA. PER ISCRIVERTI <a style=\"color: #ff0000;\" href=\"https:\/\/youtube.com\/@radiopiu1527\">CLICCA QUI\u00a0<\/a>E PREMI\u00a0 \u201cIscriviti\u201d\u00a0<\/span><\/h2>\n<p><strong>\u00a0\u00a0<\/strong><\/p>\n<h2 style=\"text-align: center;\"><span style=\"color: #0000ff;\">RADIO PIU&#8217; AMICA DEL CORO AGORDO 2023<\/span><\/h2>\n<p>Una grande emozione per la RADIOPIU, ieri sera in chiesa ad Agordo la consegna del riconoscimento all&#8217;emittente agordina, nel 40esimo anniversario dalla fondazione. Grazie agli amici del Coro Agordo, per il riconoscimento e la stima.<\/p>\n<p>mirko<\/p>\n<p>&nbsp;<\/p>\n<p><span style=\"color: #ff0000;\"><strong>dal GIORNALE RADIO PRINCIPALE DELLE 12.30<\/strong><\/span><\/p>\n<audio class=\"wp-audio-shortcode\" id=\"audio-367402-1\" preload=\"none\" style=\"width: 100%;\" controls=\"controls\"><source type=\"audio\/mpeg\" src=\"https:\/\/www.radiopiu.net\/wordpress\/wp-content\/uploads\/2023\/12\/GF18.mp3?_=1\" \/><a href=\"https:\/\/www.radiopiu.net\/wordpress\/wp-content\/uploads\/2023\/12\/GF18.mp3\">https:\/\/www.radiopiu.net\/wordpress\/wp-content\/uploads\/2023\/12\/GF18.mp3<\/a><\/audio>\n<p>&nbsp;<\/p>\n<p>&nbsp;<\/p>\n<p>&nbsp;<\/p>\n<p style=\"text-align: center;\"><strong>IERI SERA, IL CONCERTO IN CHIESA AD AGORDO, LA DIRETTA DI RADIO PIU&#8217;\u00a0<\/strong><\/p>\n<p><iframe loading=\"lazy\" title=\"Radio Pi\u00f9 sta trasmettendo dal vivo.\" width=\"1200\" height=\"675\" src=\"https:\/\/www.youtube.com\/embed\/B7w0s5TmRoY?feature=oembed\" frameborder=\"0\" allow=\"accelerometer; autoplay; clipboard-write; encrypted-media; gyroscope; picture-in-picture; web-share\" allowfullscreen><\/iframe><\/p>\n<p>&nbsp;<\/p>\n<blockquote>\n<h3>RADIO PIU\u2019 AMICA DEL CORO AGORDO 2023<\/h3>\n<\/blockquote>\n<p><strong>AGORDO<\/strong> Una serata di voci, suoni ed armonie nella Chiesa Arcidiaconale di Agordo con il Coro Agordo e il Trio Folk Rudem\u00e0. Pensieri ed emozioni semplici ma profonde. Durante la serata anche un pensiero a Radio Pi\u00f9 da parte del Coro Agordo.<\/p>\n<p><em>&#8220;Bravo il &#8220;mio&#8221; Coro Agordo che mi ha reso stasera pi\u00f9 che mai felice ritornando con i suoi canti e quindi per aver pensato alla RADIOPIU, con il meritato riconoscimento di &#8220;Amico&#8221; proprio nel 40\u00b0, chiudendo in bellezza questo straordinario 2023. RADIO PIU&#8217;:\u00a0 39\u00b0 amico del Cordo Agordo, io il 35\u00b0 altrettanto felice e&#8230; onorato di essere in tua comapagnia. Loris Santomaso\u00a0<\/em><\/p>\n<p>&nbsp;<\/p>\n\n\t\t\t<style type='text\/css'>\n\t\t\t\t#gallery-1 {\n\t\t\t\t\tmargin: auto;\n\t\t\t\t}\n\t\t\t\t#gallery-1 .gallery-item {\n\t\t\t\t\tfloat: left;\n\t\t\t\t\tmargin-top: 10px;\n\t\t\t\t\ttext-align: center;\n\t\t\t\t\twidth: 20%;\n\t\t\t\t}\n\t\t\t\t#gallery-1 img {\n\t\t\t\t\tborder: 2px solid #cfcfcf;\n\t\t\t\t}\n\t\t\t\t#gallery-1 .gallery-caption {\n\t\t\t\t\tmargin-left: 0;\n\t\t\t\t}\n\t\t\t\t\/* see gallery_shortcode() in wp-includes\/media.php *\/\n\t\t\t<\/style>\n\t\t<div id='gallery-1' class='dt-gallery-container gallery galleryid-367402 gallery-columns-5 gallery-size-thumbnail'><dl class='gallery-item'>\n\t\t\t\t<dt class='gallery-icon landscape'>\n\t\t\t\t\t<a class=\"rollover rollover-zoom dt-pswp-item\" title=\"11e369fc-db5a-446e-80e0-49d04e423aec\" data-dt-img-description=\"\" data-large_image_width=\"1024\" data-large_image_height=\"768\"href='https:\/\/www.radiopiu.net\/wordpress\/wp-content\/uploads\/2023\/12\/11e369fc-db5a-446e-80e0-49d04e423aec.jpeg'><img loading=\"lazy\" decoding=\"async\" width=\"150\" height=\"150\" src=\"https:\/\/www.radiopiu.net\/wordpress\/wp-content\/uploads\/2023\/12\/11e369fc-db5a-446e-80e0-49d04e423aec-150x150.jpeg\" class=\"attachment-thumbnail size-thumbnail\" alt=\"\" \/><\/a>\n\t\t\t\t<\/dt><\/dl><dl class='gallery-item'>\n\t\t\t\t<dt class='gallery-icon landscape'>\n\t\t\t\t\t<a class=\"rollover rollover-zoom dt-pswp-item\" title=\"ba38e6c4-5be7-41e1-ad36-e173c5af6b7f\" data-dt-img-description=\"\" data-large_image_width=\"1024\" data-large_image_height=\"768\"href='https:\/\/www.radiopiu.net\/wordpress\/wp-content\/uploads\/2023\/12\/ba38e6c4-5be7-41e1-ad36-e173c5af6b7f.jpeg'><img loading=\"lazy\" decoding=\"async\" width=\"150\" height=\"150\" src=\"https:\/\/www.radiopiu.net\/wordpress\/wp-content\/uploads\/2023\/12\/ba38e6c4-5be7-41e1-ad36-e173c5af6b7f-150x150.jpeg\" class=\"attachment-thumbnail size-thumbnail\" alt=\"\" \/><\/a>\n\t\t\t\t<\/dt><\/dl><dl class='gallery-item'>\n\t\t\t\t<dt class='gallery-icon portrait'>\n\t\t\t\t\t<a class=\"rollover rollover-zoom dt-pswp-item\" title=\"3df4dd57-00ed-48bd-92dd-18619639bfe9\" data-dt-img-description=\"\" data-large_image_width=\"801\" data-large_image_height=\"1024\"href='https:\/\/www.radiopiu.net\/wordpress\/wp-content\/uploads\/2023\/12\/3df4dd57-00ed-48bd-92dd-18619639bfe9.jpeg'><img loading=\"lazy\" decoding=\"async\" width=\"150\" height=\"150\" src=\"https:\/\/www.radiopiu.net\/wordpress\/wp-content\/uploads\/2023\/12\/3df4dd57-00ed-48bd-92dd-18619639bfe9-150x150.jpeg\" class=\"attachment-thumbnail size-thumbnail\" alt=\"\" \/><\/a>\n\t\t\t\t<\/dt><\/dl><dl class='gallery-item'>\n\t\t\t\t<dt class='gallery-icon landscape'>\n\t\t\t\t\t<a class=\"rollover rollover-zoom dt-pswp-item\" title=\"bde4a420-7690-4360-87fa-c26fbdbf9bfc\" data-dt-img-description=\"\" data-large_image_width=\"1600\" data-large_image_height=\"900\"href='https:\/\/www.radiopiu.net\/wordpress\/wp-content\/uploads\/2023\/12\/bde4a420-7690-4360-87fa-c26fbdbf9bfc.jpeg'><img loading=\"lazy\" decoding=\"async\" width=\"150\" height=\"150\" src=\"https:\/\/www.radiopiu.net\/wordpress\/wp-content\/uploads\/2023\/12\/bde4a420-7690-4360-87fa-c26fbdbf9bfc-150x150.jpeg\" class=\"attachment-thumbnail size-thumbnail\" alt=\"\" \/><\/a>\n\t\t\t\t<\/dt><\/dl><dl class='gallery-item'>\n\t\t\t\t<dt class='gallery-icon landscape'>\n\t\t\t\t\t<a class=\"rollover rollover-zoom dt-pswp-item\" title=\"87bf8822-261b-4728-a0c4-fffb3792c957\" data-dt-img-description=\"\" data-large_image_width=\"1024\" data-large_image_height=\"816\"href='https:\/\/www.radiopiu.net\/wordpress\/wp-content\/uploads\/2023\/12\/87bf8822-261b-4728-a0c4-fffb3792c957.jpeg'><img loading=\"lazy\" decoding=\"async\" width=\"150\" height=\"150\" src=\"https:\/\/www.radiopiu.net\/wordpress\/wp-content\/uploads\/2023\/12\/87bf8822-261b-4728-a0c4-fffb3792c957-150x150.jpeg\" class=\"attachment-thumbnail size-thumbnail\" alt=\"\" \/><\/a>\n\t\t\t\t<\/dt><\/dl><br style=\"clear: both\" \/><dl class='gallery-item'>\n\t\t\t\t<dt class='gallery-icon landscape'>\n\t\t\t\t\t<a class=\"rollover rollover-zoom dt-pswp-item\" title=\"6a290f6d-d374-4d3d-88c6-ffa7c8d63b65\" data-dt-img-description=\"\" data-large_image_width=\"1024\" data-large_image_height=\"768\"href='https:\/\/www.radiopiu.net\/wordpress\/wp-content\/uploads\/2023\/12\/6a290f6d-d374-4d3d-88c6-ffa7c8d63b65.jpeg'><img loading=\"lazy\" decoding=\"async\" width=\"150\" height=\"150\" src=\"https:\/\/www.radiopiu.net\/wordpress\/wp-content\/uploads\/2023\/12\/6a290f6d-d374-4d3d-88c6-ffa7c8d63b65-150x150.jpeg\" class=\"attachment-thumbnail size-thumbnail\" alt=\"\" \/><\/a>\n\t\t\t\t<\/dt><\/dl><dl class='gallery-item'>\n\t\t\t\t<dt class='gallery-icon portrait'>\n\t\t\t\t\t<a class=\"rollover rollover-zoom dt-pswp-item\" title=\"38ebfee2-a7c4-4eef-9482-c8b2d28e85f7\" data-dt-img-description=\"\" data-large_image_width=\"898\" data-large_image_height=\"1024\"href='https:\/\/www.radiopiu.net\/wordpress\/wp-content\/uploads\/2023\/12\/38ebfee2-a7c4-4eef-9482-c8b2d28e85f7.jpeg'><img loading=\"lazy\" decoding=\"async\" width=\"150\" height=\"150\" src=\"https:\/\/www.radiopiu.net\/wordpress\/wp-content\/uploads\/2023\/12\/38ebfee2-a7c4-4eef-9482-c8b2d28e85f7-150x150.jpeg\" class=\"attachment-thumbnail size-thumbnail\" alt=\"\" \/><\/a>\n\t\t\t\t<\/dt><\/dl><dl class='gallery-item'>\n\t\t\t\t<dt class='gallery-icon landscape'>\n\t\t\t\t\t<a class=\"rollover rollover-zoom dt-pswp-item\" title=\"662a7163-eeaf-400e-893d-fec6ded71aa1\" data-dt-img-description=\"\" data-large_image_width=\"1024\" data-large_image_height=\"768\"href='https:\/\/www.radiopiu.net\/wordpress\/wp-content\/uploads\/2023\/12\/662a7163-eeaf-400e-893d-fec6ded71aa1.jpeg'><img loading=\"lazy\" decoding=\"async\" width=\"150\" height=\"150\" src=\"https:\/\/www.radiopiu.net\/wordpress\/wp-content\/uploads\/2023\/12\/662a7163-eeaf-400e-893d-fec6ded71aa1-150x150.jpeg\" class=\"attachment-thumbnail size-thumbnail\" alt=\"\" \/><\/a>\n\t\t\t\t<\/dt><\/dl><dl class='gallery-item'>\n\t\t\t\t<dt class='gallery-icon landscape'>\n\t\t\t\t\t<a class=\"rollover rollover-zoom dt-pswp-item\" title=\"9f5e1356-e41b-448f-81f6-6dc455612ead\" data-dt-img-description=\"\" data-large_image_width=\"1024\" data-large_image_height=\"898\"href='https:\/\/www.radiopiu.net\/wordpress\/wp-content\/uploads\/2023\/12\/9f5e1356-e41b-448f-81f6-6dc455612ead.jpeg'><img loading=\"lazy\" decoding=\"async\" width=\"150\" height=\"150\" src=\"https:\/\/www.radiopiu.net\/wordpress\/wp-content\/uploads\/2023\/12\/9f5e1356-e41b-448f-81f6-6dc455612ead-150x150.jpeg\" class=\"attachment-thumbnail size-thumbnail\" alt=\"\" \/><\/a>\n\t\t\t\t<\/dt><\/dl><dl class='gallery-item'>\n\t\t\t\t<dt class='gallery-icon landscape'>\n\t\t\t\t\t<a class=\"rollover rollover-zoom dt-pswp-item\" title=\"e06e0027-7b68-429a-ac1d-4307a2d20278\" data-dt-img-description=\"\" data-large_image_width=\"1600\" data-large_image_height=\"900\"href='https:\/\/www.radiopiu.net\/wordpress\/wp-content\/uploads\/2023\/12\/e06e0027-7b68-429a-ac1d-4307a2d20278.jpg'><img loading=\"lazy\" decoding=\"async\" width=\"150\" height=\"150\" src=\"https:\/\/www.radiopiu.net\/wordpress\/wp-content\/uploads\/2023\/12\/e06e0027-7b68-429a-ac1d-4307a2d20278-150x150.jpg\" class=\"attachment-thumbnail size-thumbnail\" alt=\"\" \/><\/a>\n\t\t\t\t<\/dt><\/dl><br style=\"clear: both\" \/>\n\t\t\t<\/div>\n\n<p>&nbsp;<\/p>\n<p>&nbsp;<\/p>\n<hr \/>\n<p>&nbsp;<\/p>\n<p>&nbsp;<\/p>\n<blockquote>\n<blockquote>\n<h1><span style=\"color: #ff0000;\">i podcast informativi del mattino &#8211; audio &#8211;\u00a0<\/span><\/h1>\n<\/blockquote>\n<p><strong><a class=\"dt-pswp-item\" href=\"https:\/\/www.radiopiu.net\/wordpress\/wp-content\/uploads\/2023\/11\/th-10.jpg\" data-dt-img-description=\"\" data-large_image_width=\"320\" data-large_image_height=\"180\"><img loading=\"lazy\" decoding=\"async\" class=\"wp-image-362866 alignleft\" src=\"https:\/\/www.radiopiu.net\/wordpress\/wp-content\/uploads\/2023\/11\/th-10-300x169.jpg\" alt=\"\" width=\"185\" height=\"104\" srcset=\"https:\/\/www.radiopiu.net\/wordpress\/wp-content\/uploads\/2023\/11\/th-10-300x169.jpg 300w, https:\/\/www.radiopiu.net\/wordpress\/wp-content\/uploads\/2023\/11\/th-10.jpg 320w\" sizes=\"auto, (max-width: 185px) 100vw, 185px\" \/><\/a>LA RASSEGNA STAMPA NAZIONALE ALLA RADIO, OGNI GIORNO ALLE 5 E ALLE 6 DEL MATTINO <span style=\"color: #0000ff;\">viene pubblicata alle 6.00 <span style=\"color: #ff0000;\">DIRETTA RADIO<\/span><\/span><\/strong><\/p><\/blockquote>\n<p>DI SISSY MARTINELLI<br \/>\n<em>Questa mattina le principali testate giornalistiche hanno dedicato molti titoli ai due fronti<\/em><br \/>\n<em>mondiali, quello Israelo-palestinese e quello\u00a0 Ucraino. In medio oriente se da una parte si intensifica l&#8217;azione dell&#8217;esercito israeliano nella striscia di Gaza e i vertici militari parlano di un&#8217;operazione che durer\u00e0 ancora molti mesi,<\/em><br \/>\n<em>dall&#8217;altra aumentano anche gli attacchi\u00a0 nel Mar Rosso. Kiev ha annunciato di aver colpito una nave da Sbarco, \u00a0ormeggiata in un porto della Crimea, secondo gli ukrainini l&#8217;imbarcazione stava trasportando droni di fabbricazione iraniana.<\/em><\/p>\n<p><strong>AUDIO<\/strong><\/p>\n<audio class=\"wp-audio-shortcode\" id=\"audio-367402-2\" preload=\"none\" style=\"width: 100%;\" controls=\"controls\"><source type=\"audio\/mpeg\" src=\"https:\/\/www.radiopiu.net\/wordpress\/wp-content\/uploads\/2023\/12\/GIORNALEDELLESEI-22.mp3?_=2\" \/><a href=\"https:\/\/www.radiopiu.net\/wordpress\/wp-content\/uploads\/2023\/12\/GIORNALEDELLESEI-22.mp3\">https:\/\/www.radiopiu.net\/wordpress\/wp-content\/uploads\/2023\/12\/GIORNALEDELLESEI-22.mp3<\/a><\/audio>\n<p>&nbsp;<\/p>\n<p>&nbsp;<\/p>\n<p>&nbsp;<\/p>\n<p><strong><a class=\"dt-pswp-item\" href=\"https:\/\/www.radiopiu.net\/wordpress\/wp-content\/uploads\/2023\/12\/images.png\" data-dt-img-description=\"\" data-large_image_width=\"316\" data-large_image_height=\"160\"><img loading=\"lazy\" decoding=\"async\" class=\"wp-image-367008 alignleft\" src=\"https:\/\/www.radiopiu.net\/wordpress\/wp-content\/uploads\/2023\/12\/images-300x152.png\" alt=\"\" width=\"235\" height=\"119\" srcset=\"https:\/\/www.radiopiu.net\/wordpress\/wp-content\/uploads\/2023\/12\/images-300x152.png 300w, https:\/\/www.radiopiu.net\/wordpress\/wp-content\/uploads\/2023\/12\/images.png 316w\" sizes=\"auto, (max-width: 235px) 100vw, 235px\" \/><\/a>OGNI GIORNO ALLE SETTE DEL MATTINO, LA RASSEGNA STAMPA LOCALE FLASH&#8230; PER CHI VA IN FRETTA. I TITOLI DAI GIORNALI E DAL SITO WWW.RADIOPIU.NET <span style=\"color: #0000ff;\">viene pubblicato alle 7.00<\/span> <span style=\"color: #ff0000;\">DIRETTA RADIO\u00a0<\/span><\/strong><\/p>\n<p><em><span style=\"color: #ff0000;\">per chi va in fretta&#8230; tante notizie in pochi minuti<\/span><\/em><\/p>\n<audio class=\"wp-audio-shortcode\" id=\"audio-367402-3\" preload=\"none\" style=\"width: 100%;\" controls=\"controls\"><source type=\"audio\/mpeg\" src=\"https:\/\/www.radiopiu.net\/wordpress\/wp-content\/uploads\/2023\/12\/GF07-3.mp3?_=3\" \/><a href=\"https:\/\/www.radiopiu.net\/wordpress\/wp-content\/uploads\/2023\/12\/GF07-3.mp3\">https:\/\/www.radiopiu.net\/wordpress\/wp-content\/uploads\/2023\/12\/GF07-3.mp3<\/a><\/audio>\n<p>&nbsp;<\/p>\n<p>&nbsp;<\/p>\n<p>&nbsp;<\/p>\n<blockquote><p><strong><a class=\"dt-pswp-item\" href=\"https:\/\/www.radiopiu.net\/wordpress\/wp-content\/uploads\/2021\/07\/microfono-radio-ok-768x448-768x448-1.jpg\" data-dt-img-description=\"\" data-large_image_width=\"768\" data-large_image_height=\"448\"><img loading=\"lazy\" decoding=\"async\" class=\"wp-image-220632 alignleft\" src=\"https:\/\/www.radiopiu.net\/wordpress\/wp-content\/uploads\/2021\/07\/microfono-radio-ok-768x448-768x448-1-300x175.jpg\" alt=\"\" width=\"178\" height=\"104\" srcset=\"https:\/\/www.radiopiu.net\/wordpress\/wp-content\/uploads\/2021\/07\/microfono-radio-ok-768x448-768x448-1-300x175.jpg 300w, https:\/\/www.radiopiu.net\/wordpress\/wp-content\/uploads\/2021\/07\/microfono-radio-ok-768x448-768x448-1.jpg 768w\" sizes=\"auto, (max-width: 178px) 100vw, 178px\" \/><\/a>GIORNALE RADIO NAZIONALE, EDIZIONE DELLE SETTE <span style=\"color: #0000ff;\">viene pubblicato alle 7.05 <span style=\"color: #ff0000;\">DIRETTA RADIO\u00a0<\/span><\/span><\/strong><\/p><\/blockquote>\n<p>&nbsp;<\/p>\n<p>&nbsp;<\/p>\n<p><strong>AUDIO<\/strong><\/p>\n<audio class=\"wp-audio-shortcode\" id=\"audio-367402-4\" preload=\"none\" style=\"width: 100%;\" controls=\"controls\"><source type=\"audio\/mpeg\" src=\"https:\/\/www.radiopiu.net\/wordpress\/wp-content\/uploads\/2023\/12\/giornale07-20.mp3?_=4\" \/><a href=\"https:\/\/www.radiopiu.net\/wordpress\/wp-content\/uploads\/2023\/12\/giornale07-20.mp3\">https:\/\/www.radiopiu.net\/wordpress\/wp-content\/uploads\/2023\/12\/giornale07-20.mp3<\/a><\/audio>\n<p>&nbsp;<\/p>\n<p>&nbsp;<\/p>\n<p>&nbsp;<\/p>\n<p>&nbsp;<\/p>\n<blockquote>\n<h2><strong><a class=\"dt-pswp-item\" href=\"https:\/\/www.radiopiu.net\/wordpress\/wp-content\/uploads\/2023\/12\/th-10.jpg\" data-dt-img-description=\"\" data-large_image_width=\"245\" data-large_image_height=\"180\"><img loading=\"lazy\" decoding=\"async\" class=\" wp-image-367395 alignleft\" src=\"https:\/\/www.radiopiu.net\/wordpress\/wp-content\/uploads\/2023\/12\/th-10.jpg\" alt=\"\" width=\"166\" height=\"122\" \/><\/a>RASSEGNA STAMPA LOCALE, ORE OTTO 05<\/strong><\/h2>\n<h2><strong> <span style=\"color: #0000ff;\">viene\u00a0 <\/span><\/strong><strong><span style=\"color: #0000ff;\">pubblicata alle 8.05 <span style=\"color: #ff0000;\">DIRETTA RADIO\u00a0<\/span><\/span><\/strong><\/h2>\n<\/blockquote>\n<h1><\/h1>\n<p>&nbsp;<\/p>\n<p><iframe loading=\"lazy\" title=\"DAL 1983 L&#039;ORIGINALE! LA RASSEGNA STAMPA LOCALE DI MIRKO MEZZACASA\" width=\"1200\" height=\"675\" src=\"https:\/\/www.youtube.com\/embed\/bsCTFGZfYik?feature=oembed\" frameborder=\"0\" allow=\"accelerometer; autoplay; clipboard-write; encrypted-media; gyroscope; picture-in-picture; web-share\" allowfullscreen><\/iframe><\/p>\n<p>&nbsp;<\/p>\n<hr \/>\n<p>&nbsp;<\/p>\n<p>&nbsp;<\/p>\n<p><a class=\"dt-pswp-item\" href=\"https:\/\/www.radiopiu.net\/wordpress\/wp-content\/uploads\/2023\/10\/34f4cfc6-e863-46e9-9695-8df44be63421.jpg\" data-dt-img-description=\"\" data-large_image_width=\"1200\" data-large_image_height=\"1200\"><img loading=\"lazy\" decoding=\"async\" class=\"wp-image-357393 alignleft\" src=\"https:\/\/www.radiopiu.net\/wordpress\/wp-content\/uploads\/2023\/10\/34f4cfc6-e863-46e9-9695-8df44be63421-300x300.jpg\" alt=\"\" width=\"81\" height=\"81\" srcset=\"https:\/\/www.radiopiu.net\/wordpress\/wp-content\/uploads\/2023\/10\/34f4cfc6-e863-46e9-9695-8df44be63421-300x300.jpg 300w, https:\/\/www.radiopiu.net\/wordpress\/wp-content\/uploads\/2023\/10\/34f4cfc6-e863-46e9-9695-8df44be63421-1024x1024.jpg 1024w, https:\/\/www.radiopiu.net\/wordpress\/wp-content\/uploads\/2023\/10\/34f4cfc6-e863-46e9-9695-8df44be63421-150x150.jpg 150w, https:\/\/www.radiopiu.net\/wordpress\/wp-content\/uploads\/2023\/10\/34f4cfc6-e863-46e9-9695-8df44be63421-768x768.jpg 768w, https:\/\/www.radiopiu.net\/wordpress\/wp-content\/uploads\/2023\/10\/34f4cfc6-e863-46e9-9695-8df44be63421.jpg 1200w\" sizes=\"auto, (max-width: 81px) 100vw, 81px\" \/><\/a>OGGI ALLA RADIO: <strong>ALLE 7<\/strong> LA RASSEGNA STAMPA LOCALE FLASH, PER CHI COME NOI ALLE SETTE DEL MATTINO VA DI FRETTA, TANTE NOTIZIE IN POCHE CHIACCHIERE. <strong>ALLE OTTO<\/strong> L&#8217;APPROFONDIMENTO NELLA STORICA RASSEGNA STAMPA LOCALE.\u00a0 DALLE 6 ALLE 21, OGNI ORA, L&#8217;INFORMAZIONE NAZIONALE, l&#8217;informazione locale, ALLE 10 flash. 11flash. 14 viabilit\u00e0. 15meteo. 16flash. 17flash. 18flash. 19 i titoli di Antenna 3<\/p>\n<p>&nbsp;<\/p>\n<p>&nbsp;<\/p>\n<hr \/>\n<p>&nbsp;<\/p>\n<blockquote>\n<h3>ADDIO AD ANGELO DEVICH, UNO DEI PADRI DELL&#8217;ELISOCCORSO<\/h3>\n<\/blockquote>\n<p><strong><a class=\"dt-pswp-item\" href=\"https:\/\/www.radiopiu.net\/wordpress\/wp-content\/uploads\/2023\/12\/SCR-20231226-qvea.jpeg\" data-dt-img-description=\"\" data-large_image_width=\"2330\" data-large_image_height=\"1554\"><img loading=\"lazy\" decoding=\"async\" class=\" wp-image-367585 alignleft\" src=\"https:\/\/www.radiopiu.net\/wordpress\/wp-content\/uploads\/2023\/12\/SCR-20231226-qvea-300x200.jpeg\" alt=\"\" width=\"173\" height=\"115\" srcset=\"https:\/\/www.radiopiu.net\/wordpress\/wp-content\/uploads\/2023\/12\/SCR-20231226-qvea-300x200.jpeg 300w, https:\/\/www.radiopiu.net\/wordpress\/wp-content\/uploads\/2023\/12\/SCR-20231226-qvea-1024x683.jpeg 1024w, https:\/\/www.radiopiu.net\/wordpress\/wp-content\/uploads\/2023\/12\/SCR-20231226-qvea-768x512.jpeg 768w, https:\/\/www.radiopiu.net\/wordpress\/wp-content\/uploads\/2023\/12\/SCR-20231226-qvea-1536x1024.jpeg 1536w, https:\/\/www.radiopiu.net\/wordpress\/wp-content\/uploads\/2023\/12\/SCR-20231226-qvea-2048x1366.jpeg 2048w\" sizes=\"auto, (max-width: 173px) 100vw, 173px\" \/><\/a>LIVINALLONGO<\/strong> Angelo Devich, uno dei padri dell&#8217;elisoccorso in montagna noto come Suem 118, \u00e8 deceduto all&#8217;et\u00e0 di 75 anni. Devich \u00e8 stato fondatore del Cnsas delle Prealpi Trevigiane e ha svolto un ruolo chiave nell&#8217;avviare il servizio di elisoccorso. Nel 1986, inizi\u00f2 una trattativa importante con il Dipartimento della Sanit\u00e0 della Regione Veneto per ottenere finanziamenti e garantire un servizio efficace di elisoccorso. Il Suem nacque due anni dopo, grazie agli sforzi congiunti di Devich e altri. La sua dedizione e la sua battaglia per il servizio furono fondamentali, anche quando molti nell&#8217;area di Belluno non credevano nel progetto. Angelo Devich lascia la moglie Susy e la nipote Alena. I funerali si terranno in forma privata, con le ceneri deposte nel cimitero di Livinallongo.<\/p>\n<p>&nbsp;<\/p>\n<hr \/>\n<p>&nbsp;<\/p>\n<p>&nbsp;<\/p>\n<blockquote>\n<h2>Addio a Valerio Sani: Una Vita di Passione e Avventure<\/h2>\n<\/blockquote>\n<p><a class=\"dt-pswp-item\" href=\"https:\/\/www.radiopiu.net\/wordpress\/wp-content\/uploads\/2023\/12\/Senza-nome-86.png\" data-dt-img-description=\"\" data-large_image_width=\"370\" data-large_image_height=\"280\"><img loading=\"lazy\" decoding=\"async\" class=\"wp-image-367631 alignleft\" src=\"https:\/\/www.radiopiu.net\/wordpress\/wp-content\/uploads\/2023\/12\/Senza-nome-86-300x227.png\" alt=\"\" width=\"247\" height=\"187\" srcset=\"https:\/\/www.radiopiu.net\/wordpress\/wp-content\/uploads\/2023\/12\/Senza-nome-86-300x227.png 300w, https:\/\/www.radiopiu.net\/wordpress\/wp-content\/uploads\/2023\/12\/Senza-nome-86.png 370w\" sizes=\"auto, (max-width: 247px) 100vw, 247px\" \/><\/a><strong>REDAZIONE<\/strong> Valerio Sani, 77 anni, originario di Ancona ma innamorato delle montagne di Belluno, ha concluso la sua vita con un&#8217;ultima avventura: una corsa panoramica sul monte Talvena a Natale. Dopo aver condiviso la bellezza del luogo con il figlio, si \u00e8 ritirato a casa, ha scritto uno dei suoi racconti e, prima di andare a letto, \u00e8 deceduto per un arresto cardiaco. Uomo di mare trapiantato tra le montagne, Sani, nonostante problemi renali e un trapianto passato, ha continuato a praticare la corsa, lo sci e le sue numerose passioni. Dai tempi degli studi in Ingegneria nucleare, alle avventure come la Traversata delle Alpi nel 2009, Sani incarnava lo spirito irriducibile e curioso. Proprietario di un bed and breakfast a Belluno, gestiva il Borgo Garibaldi con simpatia e offriva consigli ai suoi ospiti per esplorare luoghi autentici e suggestivi. La sua morte improvvisa \u00e8 stata scoperta dalla moglie, circondato dalle carte del suo ultimo racconto. La sua scomparsa lascia un vuoto nella comunit\u00e0, ma il figlio Gianpaolo ricorda il padre come un eterno ragazzo, ottimista e pieno d&#8217;iniziativa<\/p>\n<p>&nbsp;<\/p>\n<hr \/>\n<p>&nbsp;<\/p>\n<blockquote>\n<h3>PROFONDO CORDOGLIO DELLA CISL PER LA SCOMPARSA DI GIANNI LUSA<\/h3>\n<\/blockquote>\n<p><strong><a class=\"dt-pswp-item\" href=\"https:\/\/www.radiopiu.net\/wordpress\/wp-content\/uploads\/2023\/12\/Gianni-Lusa.png\" data-dt-img-description=\"\" data-large_image_width=\"590\" data-large_image_height=\"826\"><img loading=\"lazy\" decoding=\"async\" class=\" wp-image-367436 alignleft\" src=\"https:\/\/www.radiopiu.net\/wordpress\/wp-content\/uploads\/2023\/12\/Gianni-Lusa-214x300.png\" alt=\"\" width=\"95\" height=\"133\" srcset=\"https:\/\/www.radiopiu.net\/wordpress\/wp-content\/uploads\/2023\/12\/Gianni-Lusa-214x300.png 214w, https:\/\/www.radiopiu.net\/wordpress\/wp-content\/uploads\/2023\/12\/Gianni-Lusa.png 590w\" sizes=\"auto, (max-width: 95px) 100vw, 95px\" \/><\/a>BELLUNO <\/strong>Gianni Lusa, volto storico del patronato Inas Cisl della provincia di Belluno, \u00e8 scomparso all&#8217;et\u00e0 di 82 anni. Lusa, responsabile dell&#8217;Inas a Feltre e successivamente a livello provinciale, \u00e8 stato descritto come un esempio per tutti, impegnato nella tutela dei pi\u00f9 deboli e sempre al servizio dei cittadini. Ha condotto molte battaglie sindacali, tra cui il riconoscimento della silicosi contratta da lavoratori emigrati. Dopo il pensionamento, \u00e8 stato attivo come delegato comunale della Fnp e membro del Consiglio generale della Cisl Pensionati. Lusa \u00e8 stato anche coinvolto in attivit\u00e0 sociali, sportive e culturali, contribuendo significativamente alla comunit\u00e0. La Cisl Belluno Treviso ha espresso profondo cordoglio e vicinanza alla sua famiglia. I funerali avranno luogo mercoled\u00ec nella Cattedrale di Feltre.<\/p>\n<p>&nbsp;<\/p>\n<hr \/>\n<p>&nbsp;<\/p>\n<p>&nbsp;<\/p>\n<blockquote>\n<h3>VENERDI I FUNERALI DI MARCELLA<\/h3>\n<\/blockquote>\n<p><a class=\"dt-pswp-item\" href=\"https:\/\/www.radiopiu.net\/wordpress\/wp-content\/uploads\/2023\/12\/RANDINO-1.png\" data-dt-img-description=\"\" data-large_image_width=\"209\" data-large_image_height=\"171\"><img loading=\"lazy\" decoding=\"async\" class=\" wp-image-367627 alignleft\" src=\"https:\/\/www.radiopiu.net\/wordpress\/wp-content\/uploads\/2023\/12\/RANDINO-1.png\" alt=\"\" width=\"132\" height=\"108\" \/><\/a><strong>CANALE D&#8217;AGORDO<\/strong> E&#8217; mancata Marcella Casanova, 77 anni, compagna di una vita del dottor Gustavo Randino, gi\u00e0 medico di base e consigliere comunale con il sindaco Flavio Colcergnan. Aveva lavorato per molti anni in ospedale, al San Martino di Belluno.\u00a0 Oltre al marito Marcella lascia le figlie Donatella e Chiara, la sorella Battistina, genero e nipoti. I funerali venerdi alle 15 a Sospirolo, suo paese di nascita.<\/p>\n<p>&nbsp;<\/p>\n<p>&nbsp;<\/p>\n<p>&nbsp;<\/p>\n<hr \/>\n<p>&nbsp;<\/p>\n<blockquote>\n<h3>INTERVENTI DEI VIGILI DEL FUOCO PER FORTE VENTO<\/h3>\n<\/blockquote>\n<p><strong>REDAZIONE<\/strong> Nella giornata di sabato, i vigili del fuoco sono intervenuti nella parte Nord della provincia per affrontare gli effetti delle forti raffiche di vento. Le operazioni includevano la messa in sicurezza di tetti, la rimozione di manufatti pericolanti e piante cadute a causa delle condizioni meteorologiche avverse. La caduta di alberi ha portato a disagi nella viabilit\u00e0 su alcuni passi, tra cui Valles e San Pellegrino. Gli interventi si sono concentrati principalmente nelle aree di Falcade, Agordo, Cortina d\u2019Ampezzo, Calalzo e Belluno.<\/p>\n\n\t\t\t<style type='text\/css'>\n\t\t\t\t#gallery-2 {\n\t\t\t\t\tmargin: auto;\n\t\t\t\t}\n\t\t\t\t#gallery-2 .gallery-item {\n\t\t\t\t\tfloat: left;\n\t\t\t\t\tmargin-top: 10px;\n\t\t\t\t\ttext-align: center;\n\t\t\t\t\twidth: 50%;\n\t\t\t\t}\n\t\t\t\t#gallery-2 img {\n\t\t\t\t\tborder: 2px solid #cfcfcf;\n\t\t\t\t}\n\t\t\t\t#gallery-2 .gallery-caption {\n\t\t\t\t\tmargin-left: 0;\n\t\t\t\t}\n\t\t\t\t\/* see gallery_shortcode() in wp-includes\/media.php *\/\n\t\t\t<\/style>\n\t\t<div id='gallery-2' class='dt-gallery-container gallery galleryid-367402 gallery-columns-2 gallery-size-medium'><dl class='gallery-item'>\n\t\t\t\t<dt class='gallery-icon landscape'>\n\t\t\t\t\t<a class=\"rollover rollover-zoom dt-pswp-item\" title=\"9dcff9ed-7250-4caf-8d4c-bd0d0cd025b5\" data-dt-img-description=\"\" data-large_image_width=\"960\" data-large_image_height=\"732\"href='https:\/\/www.radiopiu.net\/wordpress\/wp-content\/uploads\/2023\/12\/9dcff9ed-7250-4caf-8d4c-bd0d0cd025b5.jpg'><img loading=\"lazy\" decoding=\"async\" width=\"300\" height=\"229\" src=\"https:\/\/www.radiopiu.net\/wordpress\/wp-content\/uploads\/2023\/12\/9dcff9ed-7250-4caf-8d4c-bd0d0cd025b5-300x229.jpg\" class=\"attachment-medium size-medium\" alt=\"\" srcset=\"https:\/\/www.radiopiu.net\/wordpress\/wp-content\/uploads\/2023\/12\/9dcff9ed-7250-4caf-8d4c-bd0d0cd025b5-300x229.jpg 300w, https:\/\/www.radiopiu.net\/wordpress\/wp-content\/uploads\/2023\/12\/9dcff9ed-7250-4caf-8d4c-bd0d0cd025b5-768x586.jpg 768w, https:\/\/www.radiopiu.net\/wordpress\/wp-content\/uploads\/2023\/12\/9dcff9ed-7250-4caf-8d4c-bd0d0cd025b5.jpg 960w\" sizes=\"auto, (max-width: 300px) 100vw, 300px\" \/><\/a>\n\t\t\t\t<\/dt><\/dl><dl class='gallery-item'>\n\t\t\t\t<dt class='gallery-icon landscape'>\n\t\t\t\t\t<a class=\"rollover rollover-zoom dt-pswp-item\" title=\"c41eb130-ba5e-4b01-a531-3daaae667c16\" data-dt-img-description=\"\" data-large_image_width=\"960\" data-large_image_height=\"680\"href='https:\/\/www.radiopiu.net\/wordpress\/wp-content\/uploads\/2023\/12\/c41eb130-ba5e-4b01-a531-3daaae667c16.jpg'><img loading=\"lazy\" decoding=\"async\" width=\"300\" height=\"213\" src=\"https:\/\/www.radiopiu.net\/wordpress\/wp-content\/uploads\/2023\/12\/c41eb130-ba5e-4b01-a531-3daaae667c16-300x213.jpg\" class=\"attachment-medium size-medium\" alt=\"\" srcset=\"https:\/\/www.radiopiu.net\/wordpress\/wp-content\/uploads\/2023\/12\/c41eb130-ba5e-4b01-a531-3daaae667c16-300x213.jpg 300w, https:\/\/www.radiopiu.net\/wordpress\/wp-content\/uploads\/2023\/12\/c41eb130-ba5e-4b01-a531-3daaae667c16-768x544.jpg 768w, https:\/\/www.radiopiu.net\/wordpress\/wp-content\/uploads\/2023\/12\/c41eb130-ba5e-4b01-a531-3daaae667c16.jpg 960w\" sizes=\"auto, (max-width: 300px) 100vw, 300px\" \/><\/a>\n\t\t\t\t<\/dt><\/dl><br style=\"clear: both\" \/>\n\t\t\t<\/div>\n\n<p>&nbsp;<\/p>\n<hr \/>\n<p>&nbsp;<\/p>\n<blockquote>\n<h2><strong>Incendio a Anz\u00f9 di Feltre: Casa Distrutta, Nessun Ferito<\/strong><\/h2>\n<\/blockquote>\n<p><strong><a class=\"dt-pswp-item\" href=\"https:\/\/www.radiopiu.net\/wordpress\/wp-content\/uploads\/2021\/07\/7b3b4c7a-9421-4e33-96b9-7161270ef358.jpg\" data-dt-img-description=\"\" data-large_image_width=\"1080\" data-large_image_height=\"1246\"><img loading=\"lazy\" decoding=\"async\" class=\"wp-image-222509 alignleft\" src=\"https:\/\/www.radiopiu.net\/wordpress\/wp-content\/uploads\/2021\/07\/7b3b4c7a-9421-4e33-96b9-7161270ef358-260x300.jpg\" alt=\"\" width=\"116\" height=\"134\" srcset=\"https:\/\/www.radiopiu.net\/wordpress\/wp-content\/uploads\/2021\/07\/7b3b4c7a-9421-4e33-96b9-7161270ef358-260x300.jpg 260w, https:\/\/www.radiopiu.net\/wordpress\/wp-content\/uploads\/2021\/07\/7b3b4c7a-9421-4e33-96b9-7161270ef358-888x1024.jpg 888w, https:\/\/www.radiopiu.net\/wordpress\/wp-content\/uploads\/2021\/07\/7b3b4c7a-9421-4e33-96b9-7161270ef358-768x886.jpg 768w, https:\/\/www.radiopiu.net\/wordpress\/wp-content\/uploads\/2021\/07\/7b3b4c7a-9421-4e33-96b9-7161270ef358.jpg 1080w\" sizes=\"auto, (max-width: 116px) 100vw, 116px\" \/><\/a>FELTRE<\/strong> Vigilia di Natale ad Anz\u00f9,\u00a0 un&#8217;abitazione \u00e8 andata completamente a fuoco, rendendola non agibile. L&#8217;allarme \u00e8 stato lanciato dal residente straniero del civico 9 di vicolo D\u00e8 Facci, il quale ha richiesto l&#8217;intervento dei pompieri dopo aver segnalato la presenza di fumo in una stanza poco dopo le 19. Le squadre dei vigili del fuoco, provenienti dal distaccamento di Feltre e dal comando provinciale di Belluno, insieme ai volontari, hanno lottato contro le fiamme che si sono sviluppate rapidamente, coinvolgendo l&#8217;intera abitazione. Nonostante gli sforzi, i danni causati sia dal fuoco che dall&#8217;acqua utilizzata per spegnerlo sono stati considerevoli. L&#8217;intervento ha richiesto ore e si \u00e8 protratto fino a sera inoltrata. Fortunatamente, non si segnalano feriti o bisognosi di cure mediche, ma la casa adiacente ha subito danni da fumo. L&#8217;abitazione \u00e8 stata dichiarata non agibile, costringendo l&#8217;inquilino a cercare rifugio presso amici.<\/p>\n<p>&nbsp;<\/p>\n<hr \/>\n<p>&nbsp;<\/p>\n<p>&nbsp;<\/p>\n<blockquote>\n<h1><strong><a class=\"dt-pswp-item\" href=\"https:\/\/www.radiopiu.net\/wordpress\/wp-content\/uploads\/2019\/05\/ELI-SUEM-SOCC-4.jpg\" data-dt-img-description=\"\" data-large_image_width=\"1600\" data-large_image_height=\"900\"><img loading=\"lazy\" decoding=\"async\" class=\"size-medium wp-image-86182 alignleft\" src=\"https:\/\/www.radiopiu.net\/wordpress\/wp-content\/uploads\/2019\/05\/ELI-SUEM-SOCC-4-300x169.jpg\" alt=\"\" width=\"300\" height=\"169\" srcset=\"https:\/\/www.radiopiu.net\/wordpress\/wp-content\/uploads\/2019\/05\/ELI-SUEM-SOCC-4-300x169.jpg 300w, https:\/\/www.radiopiu.net\/wordpress\/wp-content\/uploads\/2019\/05\/ELI-SUEM-SOCC-4-768x432.jpg 768w, https:\/\/www.radiopiu.net\/wordpress\/wp-content\/uploads\/2019\/05\/ELI-SUEM-SOCC-4-1024x576.jpg 1024w, https:\/\/www.radiopiu.net\/wordpress\/wp-content\/uploads\/2019\/05\/ELI-SUEM-SOCC-4.jpg 1600w\" sizes=\"auto, (max-width: 300px) 100vw, 300px\" \/><\/a>Santo Stefano sugli Sci: Traumi, Ma Nessuna Emergenza Grave<\/strong><\/h1>\n<\/blockquote>\n<p>Durante la giornata di Santo Stefano, le piste da sci hanno registrato alcuni incidenti, con la zona del Comprensorio del Civetta in evidenza per otto interventi. Le cadute hanno causato traumi, ma fortunatamente nessuno di essi \u00e8 stato grave. Il Soccorso piste e, in alcuni casi, il personale dell&#8217;ambulanza hanno gestito prontamente le situazioni, evitando la necessit\u00e0 di interventi dell&#8217;elicottero del Suem 118. Nessun infortunato \u00e8 stato trasportato al Pronto Soccorso dell&#8217;ospedale Papa Luciani di Agordo. Al di fuori di questa zona, si sono verificati due interventi a Cortina, uno in Cadore e uno sulla Marmolada. Anche in questi casi, i pazienti hanno ricevuto trattamenti sul posto per traumi di minore entit\u00e0, senza la necessit\u00e0 di trasporti agli ospedali locali.<\/p>\n<p>&nbsp;<\/p>\n<p>&nbsp;<\/p>\n<hr \/>\n<blockquote>\n<h3>PERDE UNA SCARPA NELLA NEVE, RECUPERATO TURISTA TEDESCO<\/h3>\n<\/blockquote>\n<p><strong><img loading=\"lazy\" decoding=\"async\" class=\"alignleft\" src=\"https:\/\/www.radiopiu.net\/wordpress\/wp-content\/uploads\/2023\/12\/Watermark_20231225_185733_570-1.jpg\" width=\"178\" height=\"133\" \/>AURONZO\u00a0<\/strong> Nel rientrare dal Rifugio Lavaredo al Rifugio Auronzo, un turista tedesco di 30 anni si \u00e8 tolto le scarpe legandole allo zaino, perch\u00e9 aveva male ai piedi, e ha iniziato a camminare sulla strada innevata solo con i calzettoni. Al momento di calzarle nuovamente, l&#8217;escursionista si \u00e8 per\u00f2 accorto di averne persa una, \u00e8 tornato indietro, ma non \u00e8 riuscito a trovarla. Non potendo procedere oltre, la compagna \u00e8\u00a0 tornata al Rifugio Auronzo, dove erano stati accompagnati in motoslitta, e ha avvertito il personale, che ha allertato il 118 verso le 16.30. Sette tecnici del Soccorso alpino di Auronzo e della Guardia di finanza si sono quindi preparati a intervenire a Misurina, mentre, rientrando da una missione, l&#8217;elicottero del Suem di Pieve di Cadore \u00e8 stato deviato sulle Tre Cime. Dopo aver individuato dove si trovava l&#8217;uomo, l&#8217;elicottero \u00e8 atterrato al Rifugio Lavaredo. Equipe medica e tecnico di elisoccorso lo hanno quindi raggiunto a 200 metri di distanza per poi riportarlo alla piazzola. Il 30enne con un principio di assideramento \u00e8 stato trasportato all&#8217;ospedale di Piave di Cadore. La compagna \u00e8 scesa ad Auronzo assieme ai soccorritori.<\/p>\n<p>&nbsp;<\/p>\n<p>&nbsp;<\/p>\n<hr \/>\n<p>&nbsp;<\/p>\n<blockquote>\n<h3>ESCURSIONISTI IN DIFFICOLTA&#8217; A CAUSA DELLA NEBBIA<\/h3>\n<\/blockquote>\n<p><strong>CESIOMAGGIORE<\/strong> Verso le 15 di ieri la Centrale del 118 \u00e8 stata attivata da due escursionisti in difficolt\u00e0 a causa della nebbia. I due amici di Santa Giustina erano saliti sul Palmar e da l\u00ec avevano raggiunto la vetta del Monte Cimone. Al momento di scendere, erano entrati in un banco di nebbia a circa 1.700 metri di quota e avevano perso l&#8217;orientamento. Una squadra del Soccorso alpino di Feltre, dopo aver dato indicazioni per ritornare sul sentiero, \u00e8 partita per andare loro incontro. Poco dopo i due hanno chiamato che avevano ritrovato la traccia e avevano ripreso la discesa.<\/p>\n<p>&nbsp;<\/p>\n<p>&nbsp;<\/p>\n<hr \/>\n<p>&nbsp;<\/p>\n<blockquote>\n<h3>TRE INTERVENTI DEL SUEM NEL POMERIGGIO DI SABATO<\/h3>\n<\/blockquote>\n<p><strong>REDAZIONE<\/strong> Una giornata impegnativa per il SUEM 118 sabato \u00e8 intervenuto per quattro emergenze. Stamane alle 11 un giovane originario di Venezia \u00e8 stato soccorso a causa di un politrauma. Nel pomeriggio tre interventi: a Limana un uomo di 65 originario di Belluno \u00e8 stato trasportato al San Martino di Belluno dopo un incidente stradale. A Lorenzago \u00e8 intervenuto l&#8217;elicottero del SUEM per soccorrere un 66enne che aveva avuto un malore. A Cortina un uomo \u00e8 stato soccorso in seguito ad un politrauma.<\/p>\n<p>&nbsp;<\/p>\n<p>&nbsp;<\/p>\n<hr \/>\n<p>&nbsp;<\/p>\n<blockquote>\n<h3>IL GIORNO DI NATALE ALLA CENTRALE OPERATIVA DEL SUEM 118<\/h3>\n<\/blockquote>\n<p><img loading=\"lazy\" decoding=\"async\" class=\"alignleft\" src=\"https:\/\/www.radiopiu.net\/wordpress\/wp-content\/uploads\/2023\/08\/ambulanza-ulss-1.jpg\" width=\"167\" height=\"108\" \/><strong>BELLUNO<\/strong> Alla centrale operativa del 118 della Ulss di Belluno, tre le chiamate. Se la mattinata di Natale \u00e8 corsa via tranquilla, non altrettanto \u00e8 stato il pomeriggio, tre interventi, nessuna persona grave o in pericolo di vita.\u00a0 Con la prima telefonata da Cortina, l&#8217;ambulanza in rendez vous con l&#8217;elicottero Falco ha provveduto a soccorrere una 79enne di Cortina, due ore dopo alle 16\u00a0 a Passo Giau altro malore, vittima un 22enne dell&#8217;Aquila, terzo volo del Falco alle 18 verso Le Tre Cime per prestare aiuto a un 30enne tedesco, illeso.<\/p>\n<p>&nbsp;<\/p>\n<p>&nbsp;<\/p>\n<hr \/>\n<p>&nbsp;<\/p>\n<blockquote>\n<h3>ESEMPIO DI IMBECILLITA&#8217; \u00a0non \u00e8 una locuzione comune o riconosciuta nella terminologia medica o scientifica. Tuttavia, sembra derivare dalla combinazione di due concetti: imbecille con riferimento alla sfera cognitiva.<\/h3>\n<\/blockquote>\n<p><strong>SEREN DEL GRAPPA<\/strong> Atto vandalico nella notte di Natale. Danneggiate le decorazioni delle festivit\u00e0, tagliati i fili elettrici ed in paese \u00e8 stato udito un forte botto. Un atto vigliacco e deprecabile sul quale, grazie anche alle immagini della video sorveglianza, indagano i Carabinieri.<\/p>\n<p>&nbsp;<\/p>\n<p>&nbsp;<\/p>\n<hr \/>\n<p>&nbsp;<\/p>\n<blockquote>\n<h3>L&#8217;AFFETTO DELLA GENTE SCALDA IL NATALE A CASA DI WALTER LOCATELLO<\/h3>\n<\/blockquote>\n<p><strong><a class=\"dt-pswp-item\" href=\"https:\/\/www.radiopiu.net\/wordpress\/wp-content\/uploads\/2023\/12\/WALTER-LOCATELLO.jpg\" data-dt-img-description=\"\" data-large_image_width=\"1280\" data-large_image_height=\"838\"><img loading=\"lazy\" decoding=\"async\" class=\" wp-image-367504 alignleft\" src=\"https:\/\/www.radiopiu.net\/wordpress\/wp-content\/uploads\/2023\/12\/WALTER-LOCATELLO-300x196.jpg\" alt=\"\" width=\"187\" height=\"122\" srcset=\"https:\/\/www.radiopiu.net\/wordpress\/wp-content\/uploads\/2023\/12\/WALTER-LOCATELLO-300x196.jpg 300w, https:\/\/www.radiopiu.net\/wordpress\/wp-content\/uploads\/2023\/12\/WALTER-LOCATELLO-1024x670.jpg 1024w, https:\/\/www.radiopiu.net\/wordpress\/wp-content\/uploads\/2023\/12\/WALTER-LOCATELLO-768x503.jpg 768w, https:\/\/www.radiopiu.net\/wordpress\/wp-content\/uploads\/2023\/12\/WALTER-LOCATELLO.jpg 1280w\" sizes=\"auto, (max-width: 187px) 100vw, 187px\" \/><\/a>PUOS D&#8217;ALPAGO<\/strong><\/p>\n<p>DI GIANNI SANTOMASO<\/p>\n<audio class=\"wp-audio-shortcode\" id=\"audio-367402-5\" preload=\"none\" style=\"width: 100%;\" controls=\"controls\"><source type=\"audio\/mpeg\" src=\"https:\/\/www.radiopiu.net\/wordpress\/wp-content\/uploads\/2023\/12\/GIANNI-WALTER-LOCATELLO.mp3?_=5\" \/><a href=\"https:\/\/www.radiopiu.net\/wordpress\/wp-content\/uploads\/2023\/12\/GIANNI-WALTER-LOCATELLO.mp3\">https:\/\/www.radiopiu.net\/wordpress\/wp-content\/uploads\/2023\/12\/GIANNI-WALTER-LOCATELLO.mp3<\/a><\/audio>\n<p>&nbsp;<\/p>\n<hr \/>\n<p>&nbsp;<\/p>\n<blockquote>\n<h3>NOTIFICATO LO SFRATTO ALLA ONLUS CHE GESTICE LA CASA DI RIPOSO DI TAIBON<\/h3>\n<\/blockquote>\n<p><strong><a class=\"dt-pswp-item\" href=\"https:\/\/www.radiopiu.net\/wordpress\/wp-content\/uploads\/2021\/02\/CASA-SOGGIORNO-TAIBON.jpg\" data-dt-img-description=\"\" data-large_image_width=\"512\" data-large_image_height=\"324\"><img loading=\"lazy\" decoding=\"async\" class=\" wp-image-190126 alignleft\" src=\"https:\/\/www.radiopiu.net\/wordpress\/wp-content\/uploads\/2021\/02\/CASA-SOGGIORNO-TAIBON-300x190.jpg\" alt=\"\" width=\"197\" height=\"125\" srcset=\"https:\/\/www.radiopiu.net\/wordpress\/wp-content\/uploads\/2021\/02\/CASA-SOGGIORNO-TAIBON-300x190.jpg 300w, https:\/\/www.radiopiu.net\/wordpress\/wp-content\/uploads\/2021\/02\/CASA-SOGGIORNO-TAIBON.jpg 512w\" sizes=\"auto, (max-width: 197px) 100vw, 197px\" \/><\/a>TAIBON<\/strong><\/p>\n<p>DI GIANNI SANTOMASO<\/p>\n<audio class=\"wp-audio-shortcode\" id=\"audio-367402-6\" preload=\"none\" style=\"width: 100%;\" controls=\"controls\"><source type=\"audio\/mpeg\" src=\"https:\/\/www.radiopiu.net\/wordpress\/wp-content\/uploads\/2023\/12\/GIANNI-CASA-DI-RIPOSO-TAIBON.mp3?_=6\" \/><a href=\"https:\/\/www.radiopiu.net\/wordpress\/wp-content\/uploads\/2023\/12\/GIANNI-CASA-DI-RIPOSO-TAIBON.mp3\">https:\/\/www.radiopiu.net\/wordpress\/wp-content\/uploads\/2023\/12\/GIANNI-CASA-DI-RIPOSO-TAIBON.mp3<\/a><\/audio>\n<p>&nbsp;<\/p>\n<hr \/>\n<p>&nbsp;<\/p>\n<blockquote>\n<h3>LUPI A PASSEGGIO LA MATTINA DI NATALE<\/h3>\n<\/blockquote>\n<p><strong>REDAZIONE<\/strong> Se l&#8217;altro giorno erano 11, questa volta erano in 7 i lupi che passeggiano tranquillamente in riva al Lago di Alleghe vicino allo Chalet al Lago. Il video da una telecamera di servizio dice che erano le 4:44<\/p>\n<div style=\"width: 848px;\" class=\"wp-video\"><video class=\"wp-video-shortcode\" id=\"video-367402-1\" width=\"848\" height=\"496\" preload=\"metadata\" controls=\"controls\"><source type=\"video\/mp4\" src=\"https:\/\/www.radiopiu.net\/wordpress\/wp-content\/uploads\/2023\/12\/lupi-mara.mp4?_=1\" \/><a href=\"https:\/\/www.radiopiu.net\/wordpress\/wp-content\/uploads\/2023\/12\/lupi-mara.mp4\">https:\/\/www.radiopiu.net\/wordpress\/wp-content\/uploads\/2023\/12\/lupi-mara.mp4<\/a><\/video><\/div>\n<p>&nbsp;<\/p>\n<hr \/>\n<p>&nbsp;<\/p>\n<blockquote>\n<h3>FONDO DI ROTAZIONE: ESAURITA LA COMPONENTE IN CONTO CAPITALE<\/h3>\n<\/blockquote>\n<p><strong>BELLUNO<\/strong> Il nuovo fondo di rotazione, mirato allo sviluppo del territorio, ha superato le aspettative, esaurendo rapidamente la componente a fondo perduto in conto capitale. La componente a fondo perduto, con un budget di 4 milioni di euro, \u00e8 gi\u00e0 esaurita, portando alla temporanea sospensione delle nuove richieste. Il fondo sar\u00e0 riaperto a gennaio solo per la componente di finanziamenti agevolati, con 244 domande gi\u00e0 ricevute da diverse aree economiche, dimostrando l&#8217;ampio interesse e il successo dell&#8217;iniziativa che ha movimentato investimenti per quasi 20 milioni di euro sul territorio.<\/p>\n<p><strong>L&#8217;ASSESSORE PROVINCIALE SERENELLA BOGANA<\/strong><\/p>\n<audio class=\"wp-audio-shortcode\" id=\"audio-367402-7\" preload=\"none\" style=\"width: 100%;\" controls=\"controls\"><source type=\"audio\/mpeg\" src=\"https:\/\/www.radiopiu.net\/wordpress\/wp-content\/uploads\/2023\/12\/SERENELLA-BOGANA-FONDO-ROTAZIONE.mp3?_=7\" \/><a href=\"https:\/\/www.radiopiu.net\/wordpress\/wp-content\/uploads\/2023\/12\/SERENELLA-BOGANA-FONDO-ROTAZIONE.mp3\">https:\/\/www.radiopiu.net\/wordpress\/wp-content\/uploads\/2023\/12\/SERENELLA-BOGANA-FONDO-ROTAZIONE.mp3<\/a><\/audio>\n<p>&nbsp;<\/p>\n<hr \/>\n<p>&nbsp;<\/p>\n<blockquote>\n<h3>BILANCIO DI FINE ANNO PER IL SINDACO DI BELLUNO OSCAR DE PELLEGRIN<\/h3>\n<\/blockquote>\n<p><strong><a class=\"dt-pswp-item\" href=\"https:\/\/www.radiopiu.net\/wordpress\/wp-content\/uploads\/2023\/12\/5618a80e-b30f-43fc-883b-5168084c7592-scaled.jpg\" data-dt-img-description=\"\" data-large_image_width=\"2560\" data-large_image_height=\"1920\"><img loading=\"lazy\" decoding=\"async\" class=\" wp-image-367460 alignleft\" src=\"https:\/\/www.radiopiu.net\/wordpress\/wp-content\/uploads\/2023\/12\/5618a80e-b30f-43fc-883b-5168084c7592-300x225.jpg\" alt=\"\" width=\"173\" height=\"130\" srcset=\"https:\/\/www.radiopiu.net\/wordpress\/wp-content\/uploads\/2023\/12\/5618a80e-b30f-43fc-883b-5168084c7592-300x225.jpg 300w, https:\/\/www.radiopiu.net\/wordpress\/wp-content\/uploads\/2023\/12\/5618a80e-b30f-43fc-883b-5168084c7592-1024x768.jpg 1024w, https:\/\/www.radiopiu.net\/wordpress\/wp-content\/uploads\/2023\/12\/5618a80e-b30f-43fc-883b-5168084c7592-768x576.jpg 768w, https:\/\/www.radiopiu.net\/wordpress\/wp-content\/uploads\/2023\/12\/5618a80e-b30f-43fc-883b-5168084c7592-1536x1152.jpg 1536w, https:\/\/www.radiopiu.net\/wordpress\/wp-content\/uploads\/2023\/12\/5618a80e-b30f-43fc-883b-5168084c7592-2048x1536.jpg 2048w\" sizes=\"auto, (max-width: 173px) 100vw, 173px\" \/><\/a>BELLUNO<\/strong> Si avvicinano Natale e la fine dell&#8217;anno, tempo di auguri e di bilanci anche per le amministrazioni comunali: abbiamo avvicinato il Sindaco di Belluno, Oscar De Pellegrin.<\/p>\n<p><strong>DI DANIELE DALVIT<\/strong><\/p>\n<audio class=\"wp-audio-shortcode\" id=\"audio-367402-8\" preload=\"none\" style=\"width: 100%;\" controls=\"controls\"><source type=\"audio\/mpeg\" src=\"https:\/\/www.radiopiu.net\/wordpress\/wp-content\/uploads\/2023\/12\/Radio-Piu-Servizio-Bilancio-fine-anno-Oscar-De-Pellegrin.mp3?_=8\" \/><a href=\"https:\/\/www.radiopiu.net\/wordpress\/wp-content\/uploads\/2023\/12\/Radio-Piu-Servizio-Bilancio-fine-anno-Oscar-De-Pellegrin.mp3\">https:\/\/www.radiopiu.net\/wordpress\/wp-content\/uploads\/2023\/12\/Radio-Piu-Servizio-Bilancio-fine-anno-Oscar-De-Pellegrin.mp3<\/a><\/audio>\n<p>&nbsp;<\/p>\n<hr \/>\n<p>&nbsp;<\/p>\n<blockquote>\n<h3>COLONIA ENI A BORCA DI CADORE: PROVINCIA FIDUCIOSA SUL RECUPERO<\/h3>\n<\/blockquote>\n<p><strong>BELLUNO<\/strong> Il presidente della Provincia di Belluno, Roberto Padrin, ha espresso la sua speranza e il suo sogno per il 2024 riguardo alla rigenerazione della vecchia colonia Eni a Borca di Cadore. L&#8217;hotel Boite, costruito nel 1963 come parte del complesso Eni-Agip sotto le pendici dell&#8217;Antelao, \u00e8 stato celebrato in occasione del suo 60\u00b0 anniversario. Padrin ha sottolineato l&#8217;importanza di dotare la montagna di servizi e strutture di qualit\u00e0 per sostenere la crescita turistica, indicando la rigenerazione della colonia come un progetto significativo. Ha menzionato possibili utilizzi come edilizia sociale, incubatore di start-up e Academy per gli sport invernali, evidenziando il potenziale contributo alla manodopera e all&#8217;eredit\u00e0 delle Olimpiadi invernali del 2026.<\/p>\n<p>&nbsp;<\/p>\n<p>&nbsp;<\/p>\n<hr \/>\n<p>&nbsp;<\/p>\n<blockquote>\n<h3>DOMANI CONFERENZA STAMPA DI BOTTACIN A BELLUNO<\/h3>\n<\/blockquote>\n<p><strong><a class=\"dt-pswp-item\" href=\"https:\/\/www.radiopiu.net\/wordpress\/wp-content\/uploads\/2023\/11\/BOTTACIN.png\" data-dt-img-description=\"\" data-large_image_width=\"591\" data-large_image_height=\"400\"><img loading=\"lazy\" decoding=\"async\" class=\" wp-image-362309 alignleft\" src=\"https:\/\/www.radiopiu.net\/wordpress\/wp-content\/uploads\/2023\/11\/BOTTACIN-300x203.png\" alt=\"\" width=\"130\" height=\"88\" srcset=\"https:\/\/www.radiopiu.net\/wordpress\/wp-content\/uploads\/2023\/11\/BOTTACIN-300x203.png 300w, https:\/\/www.radiopiu.net\/wordpress\/wp-content\/uploads\/2023\/11\/BOTTACIN.png 591w\" sizes=\"auto, (max-width: 130px) 100vw, 130px\" \/><\/a>BELLUNO <\/strong>Domani alle ore 11, presso il Genio Civile di Belluno, l\u2019Assessore regionale all\u2019Ambiente e Protezione Civile, Gianpaolo Bottacin, terr\u00e0 una conferenza stampa, nel corso della quale sar\u00e0 fatto il punto sulla situazione e sulle attivit\u00e0 svolte durante il 2023 in materia di Protezione Civile, Ambiente e Difesa del Suolo. L\u2019appuntamento riguarder\u00e0 gli accadimenti su tutto il territorio regionale, con un focus specifico per il bellunese.<\/p>\n<p>&nbsp;<\/p>\n<p>&nbsp;<\/p>\n<hr \/>\n<p>&nbsp;<\/p>\n<blockquote>\n<h3>L&#8217;INCONTRO CON I GIOVANI DI CENCENIGHE PER PARLARE DI BULLISMO<\/h3>\n<\/blockquote>\n<p><strong><a class=\"dt-pswp-item\" href=\"https:\/\/www.radiopiu.net\/wordpress\/wp-content\/uploads\/2023\/12\/db7aba67-6d10-4fd6-8c63-8180e12638db.jpg\" data-dt-img-description=\"\" data-large_image_width=\"1600\" data-large_image_height=\"900\"><img loading=\"lazy\" decoding=\"async\" class=\" wp-image-367610 alignleft\" src=\"https:\/\/www.radiopiu.net\/wordpress\/wp-content\/uploads\/2023\/12\/db7aba67-6d10-4fd6-8c63-8180e12638db-300x169.jpg\" alt=\"\" width=\"169\" height=\"95\" srcset=\"https:\/\/www.radiopiu.net\/wordpress\/wp-content\/uploads\/2023\/12\/db7aba67-6d10-4fd6-8c63-8180e12638db-300x169.jpg 300w, https:\/\/www.radiopiu.net\/wordpress\/wp-content\/uploads\/2023\/12\/db7aba67-6d10-4fd6-8c63-8180e12638db-1024x576.jpg 1024w, https:\/\/www.radiopiu.net\/wordpress\/wp-content\/uploads\/2023\/12\/db7aba67-6d10-4fd6-8c63-8180e12638db-768x432.jpg 768w, https:\/\/www.radiopiu.net\/wordpress\/wp-content\/uploads\/2023\/12\/db7aba67-6d10-4fd6-8c63-8180e12638db-1536x864.jpg 1536w, https:\/\/www.radiopiu.net\/wordpress\/wp-content\/uploads\/2023\/12\/db7aba67-6d10-4fd6-8c63-8180e12638db.jpg 1600w\" sizes=\"auto, (max-width: 169px) 100vw, 169px\" \/><\/a>CENCENIGHE<\/strong><\/p>\n<p>DI GIANNI SANTOMASO<\/p>\n<audio class=\"wp-audio-shortcode\" id=\"audio-367402-9\" preload=\"none\" style=\"width: 100%;\" controls=\"controls\"><source type=\"audio\/mpeg\" src=\"https:\/\/www.radiopiu.net\/wordpress\/wp-content\/uploads\/2023\/12\/GIANNI-LINCONTRO-CON-I-GIOVANI-DI-CENCENIGHE-PER-PARLARE-DI-BULLISMO-ED-ALTRO.mp3?_=9\" \/><a href=\"https:\/\/www.radiopiu.net\/wordpress\/wp-content\/uploads\/2023\/12\/GIANNI-LINCONTRO-CON-I-GIOVANI-DI-CENCENIGHE-PER-PARLARE-DI-BULLISMO-ED-ALTRO.mp3\">https:\/\/www.radiopiu.net\/wordpress\/wp-content\/uploads\/2023\/12\/GIANNI-LINCONTRO-CON-I-GIOVANI-DI-CENCENIGHE-PER-PARLARE-DI-BULLISMO-ED-ALTRO.mp3<\/a><\/audio>\n<p>&nbsp;<\/p>\n<hr \/>\n<p>&nbsp;<\/p>\n<blockquote>\n<h3>\u201cLE MAGIE DEL NATALE FELTRE\u201d: BILANCIO MOLTO POSITIVO PER IL PROGRAMMA DI ANIMAZIONI NEL CENTRO CITT\u00c0<\/h3>\n<\/blockquote>\n<p><strong>FELTRE<\/strong> Il presidente del consiglio comunale di Feltre, Ennio Trento, ha elogiato il successo dell&#8217;evento &#8220;Le Magie del Natale a Feltre&#8221;, sottolineando la variet\u00e0 dell&#8217;offerta e la partecipazione significativa. La sfilata dei Krampus ha attirato tra 3.000 e 4.000 persone, segnando uno dei momenti pi\u00f9 significativi dell&#8217;evento. Trento ha esortato a guardare con ottimismo al futuro e sperimentare nuovi modelli per sfruttare le potenzialit\u00e0 di Feltre. Ha ringraziato i commercianti, gli artisti, gli sponsor e il Consorzio Turistico Dolomiti Prealpi per il loro contributo. L&#8217;evento includeva anche un programma di attivit\u00e0 per i bambini e, nonostante la conclusione delle animazioni in centro, il Natale a Feltre continua con un concerto il 29 dicembre e luminarie che rimarranno attive fino all&#8217;Epifania.<\/p>\n\n\t\t\t<style type='text\/css'>\n\t\t\t\t#gallery-3 {\n\t\t\t\t\tmargin: auto;\n\t\t\t\t}\n\t\t\t\t#gallery-3 .gallery-item {\n\t\t\t\t\tfloat: left;\n\t\t\t\t\tmargin-top: 10px;\n\t\t\t\t\ttext-align: center;\n\t\t\t\t\twidth: 33%;\n\t\t\t\t}\n\t\t\t\t#gallery-3 img {\n\t\t\t\t\tborder: 2px solid #cfcfcf;\n\t\t\t\t}\n\t\t\t\t#gallery-3 .gallery-caption {\n\t\t\t\t\tmargin-left: 0;\n\t\t\t\t}\n\t\t\t\t\/* see gallery_shortcode() in wp-includes\/media.php *\/\n\t\t\t<\/style>\n\t\t<div id='gallery-3' class='dt-gallery-container gallery galleryid-367402 gallery-columns-3 gallery-size-thumbnail'><dl class='gallery-item'>\n\t\t\t\t<dt class='gallery-icon landscape'>\n\t\t\t\t\t<a class=\"rollover rollover-zoom dt-pswp-item\" title=\"Natale a Feltre 1\" data-dt-img-description=\"\" data-large_image_width=\"1920\" data-large_image_height=\"1080\"href='https:\/\/www.radiopiu.net\/wordpress\/wp-content\/uploads\/2023\/12\/Natale-a-Feltre-1.jpg'><img loading=\"lazy\" decoding=\"async\" width=\"150\" height=\"150\" src=\"https:\/\/www.radiopiu.net\/wordpress\/wp-content\/uploads\/2023\/12\/Natale-a-Feltre-1-150x150.jpg\" class=\"attachment-thumbnail size-thumbnail\" alt=\"\" \/><\/a>\n\t\t\t\t<\/dt><\/dl><dl class='gallery-item'>\n\t\t\t\t<dt class='gallery-icon landscape'>\n\t\t\t\t\t<a class=\"rollover rollover-zoom dt-pswp-item\" title=\"Natale a Feltre 2\" data-dt-img-description=\"\" data-large_image_width=\"1920\" data-large_image_height=\"1080\"href='https:\/\/www.radiopiu.net\/wordpress\/wp-content\/uploads\/2023\/12\/Natale-a-Feltre-2.jpg'><img loading=\"lazy\" decoding=\"async\" width=\"150\" height=\"150\" src=\"https:\/\/www.radiopiu.net\/wordpress\/wp-content\/uploads\/2023\/12\/Natale-a-Feltre-2-150x150.jpg\" class=\"attachment-thumbnail size-thumbnail\" alt=\"\" \/><\/a>\n\t\t\t\t<\/dt><\/dl><dl class='gallery-item'>\n\t\t\t\t<dt class='gallery-icon landscape'>\n\t\t\t\t\t<a class=\"rollover rollover-zoom dt-pswp-item\" title=\"Natale a Feltre 3\" data-dt-img-description=\"\" data-large_image_width=\"1920\" data-large_image_height=\"1080\"href='https:\/\/www.radiopiu.net\/wordpress\/wp-content\/uploads\/2023\/12\/Natale-a-Feltre-3.jpg'><img loading=\"lazy\" decoding=\"async\" width=\"150\" height=\"150\" src=\"https:\/\/www.radiopiu.net\/wordpress\/wp-content\/uploads\/2023\/12\/Natale-a-Feltre-3-150x150.jpg\" class=\"attachment-thumbnail size-thumbnail\" alt=\"\" \/><\/a>\n\t\t\t\t<\/dt><\/dl><br style=\"clear: both\" \/>\n\t\t\t<\/div>\n\n<p>&nbsp;<\/p>\n<p>&nbsp;<\/p>\n<hr \/>\n<p>&nbsp;<\/p>\n<blockquote>\n<h3>GLI EFFETTI DELLE NUVOLE SOPRA IL CIELO DI VOLTAGO<\/h3>\n<\/blockquote>\n<p><strong>REDAZIONE<\/strong> Mario De Marco sa sempre cogliere il momento giusto per scattare delle foto da lasciare a bocca aperta. Qui tre scatti di sabato pomeriggio. &#8220;Si tratta di un fenomeno particolare legato al vento di caduta, fohn, fenomeno che nelle nuvole crea delle piccole e tutte simili particelle di ghiaccio e acqua che creano un effetto prisma con delle nuvole irridescenti dai fantastici colori&#8221; ci spiega Mario che approfitta per augurare buone feste a tutti gli ascoltatori di Radio Pi\u00f9.<\/p>\n\n\t\t\t<style type='text\/css'>\n\t\t\t\t#gallery-4 {\n\t\t\t\t\tmargin: auto;\n\t\t\t\t}\n\t\t\t\t#gallery-4 .gallery-item {\n\t\t\t\t\tfloat: left;\n\t\t\t\t\tmargin-top: 10px;\n\t\t\t\t\ttext-align: center;\n\t\t\t\t\twidth: 33%;\n\t\t\t\t}\n\t\t\t\t#gallery-4 img {\n\t\t\t\t\tborder: 2px solid #cfcfcf;\n\t\t\t\t}\n\t\t\t\t#gallery-4 .gallery-caption {\n\t\t\t\t\tmargin-left: 0;\n\t\t\t\t}\n\t\t\t\t\/* see gallery_shortcode() in wp-includes\/media.php *\/\n\t\t\t<\/style>\n\t\t<div id='gallery-4' class='dt-gallery-container gallery galleryid-367402 gallery-columns-3 gallery-size-medium'><dl class='gallery-item'>\n\t\t\t\t<dt class='gallery-icon landscape'>\n\t\t\t\t\t<a class=\"rollover rollover-zoom dt-pswp-item\" title=\"5ceecaf0-b50b-436e-9ec0-7966cf8d5cea\" data-dt-img-description=\"\" data-large_image_width=\"1348\" data-large_image_height=\"898\"href='https:\/\/www.radiopiu.net\/wordpress\/wp-content\/uploads\/2023\/12\/5ceecaf0-b50b-436e-9ec0-7966cf8d5cea.jpg'><img loading=\"lazy\" decoding=\"async\" width=\"300\" height=\"200\" src=\"https:\/\/www.radiopiu.net\/wordpress\/wp-content\/uploads\/2023\/12\/5ceecaf0-b50b-436e-9ec0-7966cf8d5cea-300x200.jpg\" class=\"attachment-medium size-medium\" alt=\"\" srcset=\"https:\/\/www.radiopiu.net\/wordpress\/wp-content\/uploads\/2023\/12\/5ceecaf0-b50b-436e-9ec0-7966cf8d5cea-300x200.jpg 300w, https:\/\/www.radiopiu.net\/wordpress\/wp-content\/uploads\/2023\/12\/5ceecaf0-b50b-436e-9ec0-7966cf8d5cea-1024x682.jpg 1024w, https:\/\/www.radiopiu.net\/wordpress\/wp-content\/uploads\/2023\/12\/5ceecaf0-b50b-436e-9ec0-7966cf8d5cea-768x512.jpg 768w, https:\/\/www.radiopiu.net\/wordpress\/wp-content\/uploads\/2023\/12\/5ceecaf0-b50b-436e-9ec0-7966cf8d5cea.jpg 1348w\" sizes=\"auto, (max-width: 300px) 100vw, 300px\" \/><\/a>\n\t\t\t\t<\/dt><\/dl><dl class='gallery-item'>\n\t\t\t\t<dt class='gallery-icon landscape'>\n\t\t\t\t\t<a class=\"rollover rollover-zoom dt-pswp-item\" title=\"25865b9c-c2c3-4b6a-8f05-39bf7826038d\" data-dt-img-description=\"\" data-large_image_width=\"1348\" data-large_image_height=\"898\"href='https:\/\/www.radiopiu.net\/wordpress\/wp-content\/uploads\/2023\/12\/25865b9c-c2c3-4b6a-8f05-39bf7826038d.jpg'><img loading=\"lazy\" decoding=\"async\" width=\"300\" height=\"200\" src=\"https:\/\/www.radiopiu.net\/wordpress\/wp-content\/uploads\/2023\/12\/25865b9c-c2c3-4b6a-8f05-39bf7826038d-300x200.jpg\" class=\"attachment-medium size-medium\" alt=\"\" srcset=\"https:\/\/www.radiopiu.net\/wordpress\/wp-content\/uploads\/2023\/12\/25865b9c-c2c3-4b6a-8f05-39bf7826038d-300x200.jpg 300w, https:\/\/www.radiopiu.net\/wordpress\/wp-content\/uploads\/2023\/12\/25865b9c-c2c3-4b6a-8f05-39bf7826038d-1024x682.jpg 1024w, https:\/\/www.radiopiu.net\/wordpress\/wp-content\/uploads\/2023\/12\/25865b9c-c2c3-4b6a-8f05-39bf7826038d-768x512.jpg 768w, https:\/\/www.radiopiu.net\/wordpress\/wp-content\/uploads\/2023\/12\/25865b9c-c2c3-4b6a-8f05-39bf7826038d.jpg 1348w\" sizes=\"auto, (max-width: 300px) 100vw, 300px\" \/><\/a>\n\t\t\t\t<\/dt><\/dl><dl class='gallery-item'>\n\t\t\t\t<dt class='gallery-icon landscape'>\n\t\t\t\t\t<a class=\"rollover rollover-zoom dt-pswp-item\" title=\"d3f74402-556c-43bc-9671-acd2e67e3359\" data-dt-img-description=\"\" data-large_image_width=\"1348\" data-large_image_height=\"898\"href='https:\/\/www.radiopiu.net\/wordpress\/wp-content\/uploads\/2023\/12\/d3f74402-556c-43bc-9671-acd2e67e3359.jpg'><img loading=\"lazy\" decoding=\"async\" width=\"300\" height=\"200\" src=\"https:\/\/www.radiopiu.net\/wordpress\/wp-content\/uploads\/2023\/12\/d3f74402-556c-43bc-9671-acd2e67e3359-300x200.jpg\" class=\"attachment-medium size-medium\" alt=\"\" srcset=\"https:\/\/www.radiopiu.net\/wordpress\/wp-content\/uploads\/2023\/12\/d3f74402-556c-43bc-9671-acd2e67e3359-300x200.jpg 300w, https:\/\/www.radiopiu.net\/wordpress\/wp-content\/uploads\/2023\/12\/d3f74402-556c-43bc-9671-acd2e67e3359-1024x682.jpg 1024w, https:\/\/www.radiopiu.net\/wordpress\/wp-content\/uploads\/2023\/12\/d3f74402-556c-43bc-9671-acd2e67e3359-768x512.jpg 768w, https:\/\/www.radiopiu.net\/wordpress\/wp-content\/uploads\/2023\/12\/d3f74402-556c-43bc-9671-acd2e67e3359.jpg 1348w\" sizes=\"auto, (max-width: 300px) 100vw, 300px\" \/><\/a>\n\t\t\t\t<\/dt><\/dl><br style=\"clear: both\" \/>\n\t\t\t<\/div>\n\n<p>&nbsp;<\/p>\n<hr \/>\n<p>&nbsp;<\/p>\n<blockquote>\n<h3>L&#8217;ALBA DI NATALE VERSO LA GUSELA DEL VESCOVA&#8217;<\/h3>\n<\/blockquote>\n<p><strong>REDAZIONE<\/strong> Anche il giorno di Natale Mario De Marco ha puntato la sveglia presto per cercare degli scatti particolari e ci \u00e8 riuscito. &#8220;Un&#8217;alba mozzafiato verso la Gusela del Vescov\u00e0 (gruppo Schiara) in questo periodo causa il vento di caduta si formano delle nubi lenticolari che creano questi fenomeni straordinari &#8211; dice Mario &#8211; un regalo di Natale tra le nostre meravigliose Dolomiti. Scatti senza filtri e senza aggiustamento di colore&#8221;.<\/p>\n\n\t\t\t<style type='text\/css'>\n\t\t\t\t#gallery-5 {\n\t\t\t\t\tmargin: auto;\n\t\t\t\t}\n\t\t\t\t#gallery-5 .gallery-item {\n\t\t\t\t\tfloat: left;\n\t\t\t\t\tmargin-top: 10px;\n\t\t\t\t\ttext-align: center;\n\t\t\t\t\twidth: 33%;\n\t\t\t\t}\n\t\t\t\t#gallery-5 img {\n\t\t\t\t\tborder: 2px solid #cfcfcf;\n\t\t\t\t}\n\t\t\t\t#gallery-5 .gallery-caption {\n\t\t\t\t\tmargin-left: 0;\n\t\t\t\t}\n\t\t\t\t\/* see gallery_shortcode() in wp-includes\/media.php *\/\n\t\t\t<\/style>\n\t\t<div id='gallery-5' class='dt-gallery-container gallery galleryid-367402 gallery-columns-3 gallery-size-medium'><dl class='gallery-item'>\n\t\t\t\t<dt class='gallery-icon landscape'>\n\t\t\t\t\t<a class=\"rollover rollover-zoom dt-pswp-item\" title=\"f6792d67-3ce7-4dad-a4b4-a9ab60b982a0\" data-dt-img-description=\"\" data-large_image_width=\"1348\" data-large_image_height=\"898\"href='https:\/\/www.radiopiu.net\/wordpress\/wp-content\/uploads\/2023\/12\/f6792d67-3ce7-4dad-a4b4-a9ab60b982a0.jpg'><img loading=\"lazy\" decoding=\"async\" width=\"300\" height=\"200\" src=\"https:\/\/www.radiopiu.net\/wordpress\/wp-content\/uploads\/2023\/12\/f6792d67-3ce7-4dad-a4b4-a9ab60b982a0-300x200.jpg\" class=\"attachment-medium size-medium\" alt=\"\" srcset=\"https:\/\/www.radiopiu.net\/wordpress\/wp-content\/uploads\/2023\/12\/f6792d67-3ce7-4dad-a4b4-a9ab60b982a0-300x200.jpg 300w, https:\/\/www.radiopiu.net\/wordpress\/wp-content\/uploads\/2023\/12\/f6792d67-3ce7-4dad-a4b4-a9ab60b982a0-1024x682.jpg 1024w, https:\/\/www.radiopiu.net\/wordpress\/wp-content\/uploads\/2023\/12\/f6792d67-3ce7-4dad-a4b4-a9ab60b982a0-768x512.jpg 768w, https:\/\/www.radiopiu.net\/wordpress\/wp-content\/uploads\/2023\/12\/f6792d67-3ce7-4dad-a4b4-a9ab60b982a0.jpg 1348w\" sizes=\"auto, (max-width: 300px) 100vw, 300px\" \/><\/a>\n\t\t\t\t<\/dt><\/dl><dl class='gallery-item'>\n\t\t\t\t<dt class='gallery-icon landscape'>\n\t\t\t\t\t<a class=\"rollover rollover-zoom dt-pswp-item\" title=\"18492b7d-58e0-44a5-a569-5ccce7d5757a\" data-dt-img-description=\"\" data-large_image_width=\"1600\" data-large_image_height=\"1066\"href='https:\/\/www.radiopiu.net\/wordpress\/wp-content\/uploads\/2023\/12\/18492b7d-58e0-44a5-a569-5ccce7d5757a.jpg'><img loading=\"lazy\" decoding=\"async\" width=\"300\" height=\"200\" src=\"https:\/\/www.radiopiu.net\/wordpress\/wp-content\/uploads\/2023\/12\/18492b7d-58e0-44a5-a569-5ccce7d5757a-300x200.jpg\" class=\"attachment-medium size-medium\" alt=\"\" srcset=\"https:\/\/www.radiopiu.net\/wordpress\/wp-content\/uploads\/2023\/12\/18492b7d-58e0-44a5-a569-5ccce7d5757a-300x200.jpg 300w, https:\/\/www.radiopiu.net\/wordpress\/wp-content\/uploads\/2023\/12\/18492b7d-58e0-44a5-a569-5ccce7d5757a-1024x682.jpg 1024w, https:\/\/www.radiopiu.net\/wordpress\/wp-content\/uploads\/2023\/12\/18492b7d-58e0-44a5-a569-5ccce7d5757a-768x512.jpg 768w, https:\/\/www.radiopiu.net\/wordpress\/wp-content\/uploads\/2023\/12\/18492b7d-58e0-44a5-a569-5ccce7d5757a-1536x1023.jpg 1536w, https:\/\/www.radiopiu.net\/wordpress\/wp-content\/uploads\/2023\/12\/18492b7d-58e0-44a5-a569-5ccce7d5757a.jpg 1600w\" sizes=\"auto, (max-width: 300px) 100vw, 300px\" \/><\/a>\n\t\t\t\t<\/dt><\/dl><dl class='gallery-item'>\n\t\t\t\t<dt class='gallery-icon landscape'>\n\t\t\t\t\t<a class=\"rollover rollover-zoom dt-pswp-item\" title=\"f63e92a5-45fc-4c65-85e8-24cc09f5ba71\" data-dt-img-description=\"\" data-large_image_width=\"1600\" data-large_image_height=\"1066\"href='https:\/\/www.radiopiu.net\/wordpress\/wp-content\/uploads\/2023\/12\/f63e92a5-45fc-4c65-85e8-24cc09f5ba71.jpg'><img loading=\"lazy\" decoding=\"async\" width=\"300\" height=\"200\" src=\"https:\/\/www.radiopiu.net\/wordpress\/wp-content\/uploads\/2023\/12\/f63e92a5-45fc-4c65-85e8-24cc09f5ba71-300x200.jpg\" class=\"attachment-medium size-medium\" alt=\"\" srcset=\"https:\/\/www.radiopiu.net\/wordpress\/wp-content\/uploads\/2023\/12\/f63e92a5-45fc-4c65-85e8-24cc09f5ba71-300x200.jpg 300w, https:\/\/www.radiopiu.net\/wordpress\/wp-content\/uploads\/2023\/12\/f63e92a5-45fc-4c65-85e8-24cc09f5ba71-1024x682.jpg 1024w, https:\/\/www.radiopiu.net\/wordpress\/wp-content\/uploads\/2023\/12\/f63e92a5-45fc-4c65-85e8-24cc09f5ba71-768x512.jpg 768w, https:\/\/www.radiopiu.net\/wordpress\/wp-content\/uploads\/2023\/12\/f63e92a5-45fc-4c65-85e8-24cc09f5ba71-1536x1023.jpg 1536w, https:\/\/www.radiopiu.net\/wordpress\/wp-content\/uploads\/2023\/12\/f63e92a5-45fc-4c65-85e8-24cc09f5ba71.jpg 1600w\" sizes=\"auto, (max-width: 300px) 100vw, 300px\" \/><\/a>\n\t\t\t\t<\/dt><\/dl><br style=\"clear: both\" \/>\n\t\t\t<\/div>\n\n<p>&nbsp;<\/p>\n<hr \/>\n<p>&nbsp;<\/p>\n<h2><span style=\"color: #ff0000;\">I CONSIGLI COMUNALI IN AGORDINO<\/span><\/h2>\n<p><strong>TAIBON <\/strong>Consiglio comunale convocato dal sindaco Silvia Tormen per oggi. 9 punti da discutere: tra questi il bilancio dell&#8217;azienda speciale multiservizi, adizionale comunale IRPEF, IMU, l&#8217;aggiornamento al DUP, la revisione delle partecipazioni societarie e il regolamento per la concessione di aree cimiteriali.<\/p>\n<p><strong>LIVINALLONGO<\/strong> Il sindaco Leandro Grones ha convocato il consiglio comunale per domani alle 20:30. Tra i punti da discutere l&#8217;approvazione del DUP, IMU, IRPEF, la verifica delle aree fabbricabili, l&#8217;approvazione del bilancio 2024\/2026 e la revisione delle partecipazioni societarie.<\/p>\n<p><strong>SAN TOMASO<\/strong> Sar\u00e0 un consiglio comunale veloce quello di domani a San Tomaso. Il sindaco Moreno De Val ha convocato i consiglieri per trattare due punti tra cui la revisione delle partecipazioni societarie.<\/p>\n<p><strong>SELVA DI CADORE<\/strong>\u00a0 Luca Lorenzini ha convocato i consiglieri per domani alle 18. All&#8217;ordine del giorno le partecipazioni societarie possedute e l&#8217;imposta comunale sugli immobili (IMU)<\/p>\n<p><strong>LA VALLE<\/strong> Bilancio ma non solo in discussione nel consiglio comunale convocato dal sindaco Ezio Zuanel per venerd\u00ec alle 18. Saranno approvate infatti le aliquote Imu per il 2024, saranno approvati il piano delle alienazioni, il bilancio di previsione e il Dup e si esaminer\u00e0 la bozza di convenzione per la gestione della scuola dell&#8217;infanzia Gianelli. Sul tavolo anche l&#8217;accordo con l&#8217;Unione montana per la gestione associata dei cimiteri.<\/p>\n<p><strong>CENCENIGHE<\/strong> Consiglio comunale venerdi. In discussione la ricognizione delle partecipazioni e prelievo dal fondo di riserva.<\/p>\n<p><strong>VOLTAGO<\/strong> Il sindaco di Voltago Giuseppe Schena ha chiamato a rapporto i consiglieri per venerd\u00ec. Sei punti da trattare tra cui una variazione a bilancio, IMU, addizionale comunale all&#8217;imposta sul reddito delle persone e la revisione delle partecipazioni societarie.<\/p>\n<p>&nbsp;<\/p>\n<p>&nbsp;<\/p>\n<hr \/>\n<p>&nbsp;<\/p>\n<blockquote>\n<h3 class=\"entry-title\">L\u2019ERARIO FESTEGGIA IL NATALE CON 28 MILIARDI IN PIU\u2019<\/h3>\n<\/blockquote>\n<p><a class=\"dt-pswp-item\" href=\"https:\/\/www.radiopiu.net\/wordpress\/wp-content\/uploads\/2023\/12\/Schermata-2023-12-23-alle-09.59.34.png\" data-dt-img-description=\"\" data-large_image_width=\"1294\" data-large_image_height=\"572\"><img loading=\"lazy\" decoding=\"async\" class=\"size-medium wp-image-367404 alignleft\" src=\"https:\/\/www.radiopiu.net\/wordpress\/wp-content\/uploads\/2023\/12\/Schermata-2023-12-23-alle-09.59.34-300x133.png\" alt=\"\" width=\"300\" height=\"133\" srcset=\"https:\/\/www.radiopiu.net\/wordpress\/wp-content\/uploads\/2023\/12\/Schermata-2023-12-23-alle-09.59.34-300x133.png 300w, https:\/\/www.radiopiu.net\/wordpress\/wp-content\/uploads\/2023\/12\/Schermata-2023-12-23-alle-09.59.34-1024x453.png 1024w, https:\/\/www.radiopiu.net\/wordpress\/wp-content\/uploads\/2023\/12\/Schermata-2023-12-23-alle-09.59.34-768x339.png 768w, https:\/\/www.radiopiu.net\/wordpress\/wp-content\/uploads\/2023\/12\/Schermata-2023-12-23-alle-09.59.34.png 1294w\" sizes=\"auto, (max-width: 300px) 100vw, 300px\" \/><\/a>Per le casse dello Stato sar\u00e0 un Natale con i fiocchi. Nei primi 10 mesi di quest\u2019anno, infatti, l\u2019Erario ha incassato 28 miliardi di euro in pi\u00f9 rispetto allo stesso periodo del 2022 (pari al +4,4 per cento) (vedi Tab. 1). Un maggior gettito impressionante; pari a 1,4 punti di Pil che, sicuramente, \u00e8 destinato ad aumentare ancora. Con le scadenze fiscali di novembre e dicembre, infatti, \u00e8 molto probabile che le maggiori entrate tributarie e contributive riferite a quest\u2019anno cresceranno ancora di parecchi miliardi. A segnalarlo \u00e8 l\u2019Ufficio studi della CGIA.<\/p>\n<p><strong>Le tasse, per\u00f2, non sono aumentate<\/strong><br \/>\nVa, comunque, sgombrato il campo da eventuali equivoci: questo incremento non \u00e8 riconducibile ad un aumento del carico fiscale sulle famiglie e sulle imprese, ma dalla combinazione di alcuni aspetti congiunturali distinti, come una moderata crescita economica avvenuta nel 2023, l\u2019aumento dell\u2019inflazione, l\u2019incremento dell\u2019occupazione e il rinnovo di alcuni contratti di lavoro. Va altres\u00ec ricordato che con la fine del 2022 \u00e8 venuto meno anche il taglio delle accise sui carburanti. Misura, quest\u2019ultima, che aveva trovato applicazione per una buona parte dell\u2019anno scorso.<\/p>\n<p><strong>Mancano all\u2019appello 2 miliardi<\/strong><\/p>\n<p>Con il prelievo sugli extraprofitti delle banche introdotto con il decreto dello scorso mese di agosto, ci si attendeva un gettito sino a 2 miliardi di euro. A seguito dell\u2019aumento dei tassi di interesse sui prestiti deciso dalla BCE, l\u2019esecutivo voleva redistribuire una parte dei massicci utili realizzati dagli istituti di credito a famiglie e imprese. Soggetti, questi ultimi, che hanno pagato pesantemente l\u2019incremento dell\u2019inflazione avvenuto in questi ultimi due anni. In sede di conversione, per\u00f2, il Parlamento ha modificato la misura, consentendo alle banche, in alternativa al versamento dell\u2019imposta, di accantonare questo importo a riserva non distribuibile, incrementando cos\u00ec la propria situazione patrimoniale. Una opportunit\u00e0, quest\u2019ultima, che \u00e8 stata \u201csfruttata\u201d da tutte le grandi banche italiane che hanno accantonato quasi 5 miliardi di euro. I dati ufficiali saranno disponibili solo nei primi mesi del 2024, tuttavia \u00e8 molto probabile che dal prelievo sugli extraprofitti delle banche il gettito sar\u00e0 nullo o quasi.<\/p>\n<p><strong>Nel 2023 pressione fiscale in calo<\/strong><br \/>\nNel 2023 la pressione fiscale \u00e8 destinata a scendere al 42,5 per cento, 0,2 punti percentuali in meno rispetto al dato 2022. Il livello raggiunto quest\u2019anno ci riporta in linea con la soglia che gravava sui contribuenti italiani prima dell\u2019avvento del Covid. Secondo la Commissione Europea, invece, solo la Danimarca (48,1 per cento), la Francia (45,1 per cento) e il Belgio (43,6 per cento) registravano nel 2021 una pressione fiscale superiore alla nostra (pari al 43,3 per cento). La media dei 27 Paesi UE si \u00e8 invece attestata al 40,6 per cento: 2,7 punti in meno che da noi.<\/p>\n<p><strong>Sono cresciute soprattutto Ires e Irpef<\/strong><br \/>\nL\u2019Ires e l\u2019Irpef sono state le imposte dirette che in questi primi 10 mesi dell\u2019anno sono cresciute di pi\u00f9. Se la prima ha subito un incremento rispetto allo stesso arco temporale del 2022 del 15,7 per cento (+4,3 miliardi di euro), la seconda, invece \u00e8 salita dell\u20198,2 per cento (+13,6 miliardi di euro). Tra le imposte indirette, invece, il gettito dell\u2019Iva \u00e8 aumentato dell\u20191,7 per cento (+2,2 miliardi di euro).<\/p>\n<p><strong>Le principali novit\u00e0 fiscali del 2024<\/strong><br \/>\nSono molte le novit\u00e0 fiscali che entreranno in vigore nel 2024. In sintesi: per i lavoratori autonomi in regime forfettario con compensi superiori ai 25 mila euro sar\u00e0 obbligatorio emettere la fattura elettronica; per le imprese verr\u00e0 altres\u00ec abrogata l\u2019ACE (Aiuto alla Crescita Economica), mentre \u00e8 destinato a tornare in vigore il Concordato preventivo biennale. Per i lavoratori dipendenti, invece, i fringe benefits saranno pi\u00f9 \u201cpesanti\u201d, verr\u00e0 confermata per un altro anno la riduzione del cuneo fiscale per i redditi inferiori a 35 mila euro (costo totale pari a 10 miliardi di euro) e le lavoratrici madri di almeno due figli con un contratto di lavoro a tempo indeterminato godranno dell\u2019esonero contributivo al 100 per cento sino al decimo anno di et\u00e0 del figlio pi\u00f9 piccolo. Per tutti i contribuenti \u00e8 prevista la rimodulazione delle aliquote e degli scaglioni Irpef che da quattro si ridurranno a tre, con l\u2019unificazione dei primi due scaglioni di reddito (aliquota 23 per cento). Questa misura comporter\u00e0 un alleggerimento del carico fiscale in capo ai beneficiari pari a 4,2 miliardi di euro. Infine, \u00e8 prevista una riduzione del canone Rai da 90 a 70 euro.<\/p>\n<p><strong>Gli aumenti previsti<\/strong><br \/>\nAlcune piccole tasse, per\u00f2, sono destinate ad aumentare: dal 5 torna al 10 per cento l\u2019aliquota Iva relativa ai prodotti per l\u2019igiene femminile (assorbenti, temponi, etc.) e per alcuni prodotti per l\u2019infanzia (pannolini, latte in polvere, etc.). Sale dal 21 al 26 per cento l\u2019aliquota della cedolare secca sulle locazioni brevi (a partire dal secondo immobile locato) e, infine, sono destinate ad aumentare le accise sulle sigarette<\/p>\n<a href=\"https:\/\/www.radiopiu.net\/wordpress\/wp-content\/uploads\/2023\/12\/novita-fiscali2024.pdf\" class=\"pdfemb-viewer\" style=\"\" data-width=\"max\" data-height=\"max\" data-toolbar=\"top\" data-toolbar-fixed=\"on\">novita-fiscali2024<\/a>\n<p>&nbsp;<\/p>\n<hr \/>\n<p>&nbsp;<\/p>\n<blockquote>\n<h3>OGGI L&#8217;ASSEMBLEA GENERALE DEL CONSORZIO BIM PIAVE<\/h3>\n<\/blockquote>\n<p><strong>BELLUNO<\/strong> E&#8217; stata convocata per oggi alle 14:30 nella sala convegni ANA di Belluno. Sono sei i punti da discutere. Tra questi una variazione a bilancio, l&#8217;approvazione del bilancio 2024\/2026 e la revisione periodica delle societ\u00e0 partecipate.<\/p>\n<p>&nbsp;<\/p>\n<p>&nbsp;<\/p>\n<hr \/>\n<p>&nbsp;<\/p>\n<blockquote>\n<h3>UN SOGNO A CINQUE CERCHI, IL LIBRO IN SALA CONSILIARE A FALCADE<\/h3>\n<\/blockquote>\n<p><strong>FALCADE<\/strong> Oggi alle 17.30 in sala consiliare a Falcade sar\u00e0 presentato il libro di Mari Cristina Pasqualetto. Moderatrice della serata la giornalista e\u00a0 &#8220;Donna avventura&#8221; Camilla Ronchi. Alcuni dei brani verranno cantati da Nicole Lorenzet. Un&#8217;iniziativa promossa dalle blblioteche di Falcade, Canale d&#8217;Agordo, Vallada e la Libreria Canton del Libro di Falcade in collaborazione con il Comune, Alpini Ana Falcade e Caviola che si occuperanno del brul\u00e8..salati e dolci eventuali.<\/p>\n<p>&nbsp;<\/p>\n<hr \/>\n<p>&nbsp;<\/p>\n<p>&nbsp;<\/p>\n<blockquote>\n<h3>IL LIBRO DI ISABEL OBLIGATO, SARA&#8217; PRESENTATO A FUSINE<\/h3>\n<\/blockquote>\n<p><strong>VAL DI ZOLDO<\/strong> Il libro &#8220;Isabel e la sua ombra. Dall&#8217;Argentina degli anni Trenta all&#8217;Italia occupata dai nazisti&#8221; ricostruisce una pagina di storia di Zoldo durante la Seconda Guerra Mondiale, focalizzandosi sulla figura controversa della contessa Isabel de Obligado. L&#8217;autrice, Eugenia Scarzanella, originaria di Zoldo e docente di Storia e Istituzioni dell&#8217;America latina, esplora i legami della storia locale con gli eventi di portata internazionale. La presentazione del libro avverr\u00e0 oggi a Fusine.<\/p>\n<p>&nbsp;<\/p>\n<p>&nbsp;<\/p>\n<hr \/>\n<p>&nbsp;<\/p>\n<blockquote>\n<h3>VENERDI&#8217; FESTA SOTTO ALL&#8217;ALBERO DI NATALE A SAN CIPRIANO<\/h3>\n<\/blockquote>\n<p><strong><a class=\"dt-pswp-item\" href=\"https:\/\/www.radiopiu.net\/wordpress\/wp-content\/uploads\/2023\/12\/locandina-1-.jpg\" data-dt-img-description=\"\" data-large_image_width=\"1240\" data-large_image_height=\"1753\"><img loading=\"lazy\" decoding=\"async\" class=\" wp-image-367440 alignleft\" src=\"https:\/\/www.radiopiu.net\/wordpress\/wp-content\/uploads\/2023\/12\/locandina-1--212x300.jpg\" alt=\"\" width=\"98\" height=\"139\" srcset=\"https:\/\/www.radiopiu.net\/wordpress\/wp-content\/uploads\/2023\/12\/locandina-1--212x300.jpg 212w, https:\/\/www.radiopiu.net\/wordpress\/wp-content\/uploads\/2023\/12\/locandina-1--724x1024.jpg 724w, https:\/\/www.radiopiu.net\/wordpress\/wp-content\/uploads\/2023\/12\/locandina-1--768x1086.jpg 768w, https:\/\/www.radiopiu.net\/wordpress\/wp-content\/uploads\/2023\/12\/locandina-1--1087x1536.jpg 1087w, https:\/\/www.radiopiu.net\/wordpress\/wp-content\/uploads\/2023\/12\/locandina-1-.jpg 1240w\" sizes=\"auto, (max-width: 98px) 100vw, 98px\" \/><\/a> <\/strong><\/p>\n<p><strong>\u00a0<\/strong><\/p>\n<p><strong>TAIBON<\/strong> Il Comitato San Cipriano e la Pro Loco di Taibon organizzano per venerd\u00ec, dopo la santa messa delle 18, una serata di festa in Piazza San Cipriano a Taibon per salutare tutti assieme il 2023. Tutta la popolazione \u00e8 invitata. Ci saranno dolci, bevande e molto altro. A seguire musica e canti.<\/p>\n<p>&nbsp;<\/p>\n<p>&nbsp;<\/p>\n<p>&nbsp;<\/p>\n<hr \/>\n<p>&nbsp;<\/p>\n<h2><span style=\"color: #ff6600;\">ALLA RADIO<\/span><\/h2>\n<h2><span style=\"color: #0000ff;\">SALUTE &amp; SOCIETA&#8217;<\/span><\/h2>\n<p><strong><a class=\"dt-pswp-item\" href=\"https:\/\/www.radiopiu.net\/wordpress\/wp-content\/uploads\/2023\/12\/cd5b5086-68cd-bdf3-f5b5-dc3d6579a772.jpg\" data-dt-img-description=\"\" data-large_image_width=\"800\" data-large_image_height=\"445\"><img loading=\"lazy\" decoding=\"async\" class=\" wp-image-367527 alignleft\" src=\"https:\/\/www.radiopiu.net\/wordpress\/wp-content\/uploads\/2023\/12\/cd5b5086-68cd-bdf3-f5b5-dc3d6579a772-300x167.jpg\" alt=\"\" width=\"209\" height=\"116\" srcset=\"https:\/\/www.radiopiu.net\/wordpress\/wp-content\/uploads\/2023\/12\/cd5b5086-68cd-bdf3-f5b5-dc3d6579a772-300x167.jpg 300w, https:\/\/www.radiopiu.net\/wordpress\/wp-content\/uploads\/2023\/12\/cd5b5086-68cd-bdf3-f5b5-dc3d6579a772-768x427.jpg 768w, https:\/\/www.radiopiu.net\/wordpress\/wp-content\/uploads\/2023\/12\/cd5b5086-68cd-bdf3-f5b5-dc3d6579a772.jpg 800w\" sizes=\"auto, (max-width: 209px) 100vw, 209px\" \/><\/a>PUNTATA DEL 25 DICEMBRE 2023<\/strong><\/p>\n<p><strong>Diabete in Pronto Soccorso: e dopo? <\/strong>Troppo spesso, dopo episodi acuti, il paziente diabetico non ha alcun seguito assistenziale. In Senato, istituzioni, clinici e pazienti indicano i criteri irrinunciabili per una pi\u00f9 appropriata gestione. <strong>Malattia di Crohn e colite ulcerosa <\/strong>Quali sono state le novit\u00e0 nella quattordicesima edizione del congresso nazionale IG-IBD? e quali i passi avanti sotto la guida del segretario uscente il prof. Flavio Caprioli? Emilia Vaccaro lo ha seguito per noi a Riccione.<\/p>\n<audio class=\"wp-audio-shortcode\" id=\"audio-367402-10\" preload=\"none\" style=\"width: 100%;\" controls=\"controls\"><source type=\"audio\/mpeg\" src=\"https:\/\/www.radiopiu.net\/wordpress\/wp-content\/uploads\/2023\/12\/SALUTE-2.mp3?_=10\" \/><a href=\"https:\/\/www.radiopiu.net\/wordpress\/wp-content\/uploads\/2023\/12\/SALUTE-2.mp3\">https:\/\/www.radiopiu.net\/wordpress\/wp-content\/uploads\/2023\/12\/SALUTE-2.mp3<\/a><\/audio>\n<p>&nbsp;<\/p>\n<h2><span style=\"color: #008000;\">IL NUOVO SINGOLO DEGLI HIGUITA DOOM SU RADIO PIU&#8217;<\/span><\/h2>\n<p><strong><a class=\"dt-pswp-item\" href=\"https:\/\/www.radiopiu.net\/wordpress\/wp-content\/uploads\/2023\/12\/3ee4c9a1-c331-4557-8cac-3aeaacb23bbf.jpg\" data-dt-img-description=\"\" data-large_image_width=\"1200\" data-large_image_height=\"1200\"><img loading=\"lazy\" decoding=\"async\" class=\" wp-image-367513 alignleft\" src=\"https:\/\/www.radiopiu.net\/wordpress\/wp-content\/uploads\/2023\/12\/3ee4c9a1-c331-4557-8cac-3aeaacb23bbf-300x300.jpg\" alt=\"\" width=\"134\" height=\"134\" srcset=\"https:\/\/www.radiopiu.net\/wordpress\/wp-content\/uploads\/2023\/12\/3ee4c9a1-c331-4557-8cac-3aeaacb23bbf-300x300.jpg 300w, https:\/\/www.radiopiu.net\/wordpress\/wp-content\/uploads\/2023\/12\/3ee4c9a1-c331-4557-8cac-3aeaacb23bbf-1024x1024.jpg 1024w, https:\/\/www.radiopiu.net\/wordpress\/wp-content\/uploads\/2023\/12\/3ee4c9a1-c331-4557-8cac-3aeaacb23bbf-150x150.jpg 150w, https:\/\/www.radiopiu.net\/wordpress\/wp-content\/uploads\/2023\/12\/3ee4c9a1-c331-4557-8cac-3aeaacb23bbf-768x768.jpg 768w, https:\/\/www.radiopiu.net\/wordpress\/wp-content\/uploads\/2023\/12\/3ee4c9a1-c331-4557-8cac-3aeaacb23bbf.jpg 1200w\" sizes=\"auto, (max-width: 134px) 100vw, 134px\" \/><\/a>REDAZIONE<\/strong> Esce il nuovo singolo degli Higuita Doom e Marco dal Farra li ha sentiti per presentare questo brano che entra in rotazione proprio il giorno di Natale<\/p>\n<p><strong>L&#8217;INTERVISTA RACCOLTA DA MARCO DAL FARRA E IL NUOVO SINGOLO<\/strong><\/p>\n<audio class=\"wp-audio-shortcode\" id=\"audio-367402-11\" preload=\"none\" style=\"width: 100%;\" controls=\"controls\"><source type=\"audio\/mpeg\" src=\"https:\/\/www.radiopiu.net\/wordpress\/wp-content\/uploads\/2023\/12\/DAL-FARRA-PRESENTAZIONE-BRANO-HIGUITA-DOOM.mp3?_=11\" \/><a href=\"https:\/\/www.radiopiu.net\/wordpress\/wp-content\/uploads\/2023\/12\/DAL-FARRA-PRESENTAZIONE-BRANO-HIGUITA-DOOM.mp3\">https:\/\/www.radiopiu.net\/wordpress\/wp-content\/uploads\/2023\/12\/DAL-FARRA-PRESENTAZIONE-BRANO-HIGUITA-DOOM.mp3<\/a><\/audio>\n<p>&nbsp;<\/p>\n<hr \/>\n<p>&nbsp;<\/p>\n<h2><span style=\"color: #ff0000;\">GLI APPUNTAMENTI DELLA SETTIMANA\u00a0<\/span><\/h2>\n<blockquote>\n<h3>NADAL A SAN TOMAS<\/h3>\n<\/blockquote>\n<p><strong>SAN TOMASO <\/strong>Sono visitabili i presepi nelle frazioni di San Tomaso. Questi gli appuntamenti con le serate dedicate al Natale.<\/p>\n<p><strong>DOMANI<\/strong> &#8220;Racconti di Natale&#8221;, uno spettacolo di marionette per i pi\u00f9 piccoli. Sala parrocchiale alle 17<\/p>\n<p><strong>29 DICEMBRE<\/strong> &#8220;In viaggio con A. Edwards&#8221;, serata con Eleonora Pescosta che racconta la storia dell&#8217;escursionista inglese salita sul Sasso Bianco. Celat alle 20:30<\/p>\n<p><strong>04 GENNAIO<\/strong> &#8220;I Kropya&#8221; Concerto natalizio dell&#8217;ensamble vocale dei giovani di Livinallongo. Chiesa Parocchiale alle 20:30<\/p>\n<p>&nbsp;<\/p>\n<blockquote>\n<h3>AL CINEMA DI FALCADE IL FILM DI PAOLA CORTELLESI<\/h3>\n<\/blockquote>\n<p><strong>FALCADE<\/strong> Oggi e domani alle 21 al Cinema Dolomiti di Falcade verr\u00e0 proiettato il nuovo film di Paola Cortellesi &#8220;C&#8217;\u00e8 Ancora Domani&#8221;. Nel fine settimana la commedia &#8220;Improvvisamente A Natale mi sposo&#8221; con Diego Abatantuono e Nino Frassica. Venerd\u00ec e sabato alle 21, domenica alle 15:30 e 21.<\/p>\n<p>&nbsp;<\/p>\n<blockquote>\n<h3>ANTONELLA GIACOMINI OSPITE A SAN VITO DI CADORE<\/h3>\n<\/blockquote>\n<p><strong>SAN VITO DI CADORE<\/strong> Sabato 30, alle 18 nella sala polifunzionale di San Vito di Cadore, in occasione della presentazione della stagione 23\/24 dello sci club Dolomiti Cadore sar\u00e0 ospite Antonella Giacomini che presenter\u00e0 il suo libro &#8220;Volevo Vedere La Tundra&#8221;<\/p>\n<p>&nbsp;<\/p>\n<blockquote>\n<h3>CONCERTO NATALIZIO A CANALE D&#8217;AGORDO<\/h3>\n<\/blockquote>\n<p><strong>CANALE D&#8217;AGORDO<\/strong> <span style=\"font-family: Arial;\">concerto natalizio a Canale d&#8217;Agordo, <b><u>s<\/u><\/b><\/span><span style=\"font-family: Arial;\"><b><u>abato 30 dicembre <\/u><\/b>alle <b><u>20.30<\/u><\/b>, nella chiesa arcipretale di San Giovanni Battista. L&#8217;evento, ad ingresso libero, prevede l&#8217;esibizione di due cori di giovani talenti. Il primo gruppo \u00e8 composto da 14 ragazzi tra i 20 e i 30 anni con la passione per la musica e il canto. Il secondo coro, l&#8217; Ensemble vocale Calycanthus Concentus, ha iniziato la sua attivit\u00e0 musicale concertistica quindici anni fa dedicandosi al repertorio sacro.<\/span><\/p>\n<p>&nbsp;<\/p>\n<h2><span style=\"color: #ff0000;\">PROSSIMAMENTE&#8230;<\/span><\/h2>\n<blockquote>\n<h3>IL NUOVO LIBRO DI GIORGIO PIROLO<\/h3>\n<\/blockquote>\n<p><strong>ALLEGHE<\/strong> Mercoled\u00ec 3 gennaio alle 18 alla biblioteca di Alleghe verr\u00e0 presentato il nuovo libro di Giorgio Pirolo &#8220;I Disegni Non Parlano&#8221;. Ci sar\u00e0 un dialogo con l&#8217;autore.<\/p>\n<p>&nbsp;<\/p>\n<blockquote>\n<h3>CONCERTO CORALE AD ALLEGHE<\/h3>\n<\/blockquote>\n<p><strong>ALLEGHE<\/strong> Gioved\u00ec 4 gennaio alle 20:30 in Sala Stoppani delle scuole elementari di Alleghe, la Corale di Limana e il Coro Monte Civetta si esibiranno. Un appuntamento da non perdere. Ingresso gratuito.<\/p>\n<p>&nbsp;<\/p>\n<hr \/>\n<p>&nbsp;<\/p>\n<blockquote>\n<h3>IL CONCERTO DI NATALE AL SUPERW DI AGORDO<\/h3>\n<\/blockquote>\n<p><strong>AGORDO<\/strong> Anche quest&#8217;anno viene proposto ai supermercati del SuperW, JuniorW e WStore il concerto di Natale. I classici natalizi suonati al saxofono da Andrey Pletnev. Domenica mattina al SuperW di Agordo.<\/p>\n<p><strong>LA DIRETTA RADIO PIU&#8217;<\/strong><\/p>\n<p><iframe loading=\"lazy\" title=\"NATALE 2023   ANDREY PLETNEV AL SUPER W DI AGORDO\" width=\"1200\" height=\"675\" src=\"https:\/\/www.youtube.com\/embed\/YqJ6LIIOi-s?feature=oembed\" frameborder=\"0\" allow=\"accelerometer; autoplay; clipboard-write; encrypted-media; gyroscope; picture-in-picture; web-share\" allowfullscreen><\/iframe><\/p>\n<p>&nbsp;<\/p>\n<p>&nbsp;<\/p>\n<p><iframe loading=\"lazy\" title=\"CENA DI NATALE LUXOTTICA CON CONCERTO DEI M\u00c5NESKIN #viralvideo #maneskin #luxottica #party\" width=\"1200\" height=\"675\" src=\"https:\/\/www.youtube.com\/embed\/37BF9NGbQtE?feature=oembed\" frameborder=\"0\" allow=\"accelerometer; autoplay; clipboard-write; encrypted-media; gyroscope; picture-in-picture; web-share\" allowfullscreen><\/iframe><\/p>\n<p>&nbsp;<\/p>\n<p>&nbsp;<\/p>\n<hr \/>\n<p>&nbsp;<\/p>\n<blockquote>\n<h3>GLI AUGURI DI BUONE FESTE DA ADA AGORDO<\/h3>\n<\/blockquote>\n<div style=\"width: 848px;\" class=\"wp-video\"><video class=\"wp-video-shortcode\" id=\"video-367402-2\" width=\"848\" height=\"480\" preload=\"metadata\" controls=\"controls\"><source type=\"video\/mp4\" src=\"https:\/\/www.radiopiu.net\/wordpress\/wp-content\/uploads\/2023\/12\/WhatsApp-Video-2023-12-24-at-11.58.59.mp4?_=2\" \/><a href=\"https:\/\/www.radiopiu.net\/wordpress\/wp-content\/uploads\/2023\/12\/WhatsApp-Video-2023-12-24-at-11.58.59.mp4\">https:\/\/www.radiopiu.net\/wordpress\/wp-content\/uploads\/2023\/12\/WhatsApp-Video-2023-12-24-at-11.58.59.mp4<\/a><\/video><\/div>\n<p>&nbsp;<\/p>\n<p>&nbsp;<\/p>\n<hr \/>\n<p>&nbsp;<\/p>\n<p><a class=\"dt-pswp-item\" href=\"https:\/\/www.radiopiu.net\/wordpress\/wp-content\/uploads\/2018\/09\/viabilita.jpeg\" data-dt-img-description=\"\" data-large_image_width=\"800\" data-large_image_height=\"100\"><img loading=\"lazy\" decoding=\"async\" class=\"aligncenter wp-image-61954 size-full\" src=\"https:\/\/www.radiopiu.net\/wordpress\/wp-content\/uploads\/2018\/09\/viabilita.jpeg\" alt=\"\" width=\"800\" height=\"100\" srcset=\"https:\/\/www.radiopiu.net\/wordpress\/wp-content\/uploads\/2018\/09\/viabilita.jpeg 800w, https:\/\/www.radiopiu.net\/wordpress\/wp-content\/uploads\/2018\/09\/viabilita-300x38.jpeg 300w, https:\/\/www.radiopiu.net\/wordpress\/wp-content\/uploads\/2018\/09\/viabilita-768x96.jpeg 768w\" sizes=\"auto, (max-width: 800px) 100vw, 800px\" \/><\/a><\/p>\n<p>&nbsp;<\/p>\n<p><a class=\"dt-pswp-item\" href=\"https:\/\/www.radiopiu.net\/wordpress\/wp-content\/uploads\/2023\/12\/botol-car-service.jpg\" data-dt-img-description=\"\" data-large_image_width=\"600\" data-large_image_height=\"600\"><img loading=\"lazy\" decoding=\"async\" class=\"size-medium wp-image-367044 aligncenter\" src=\"https:\/\/www.radiopiu.net\/wordpress\/wp-content\/uploads\/2023\/12\/botol-car-service-300x300.jpg\" alt=\"\" width=\"300\" height=\"300\" srcset=\"https:\/\/www.radiopiu.net\/wordpress\/wp-content\/uploads\/2023\/12\/botol-car-service-300x300.jpg 300w, https:\/\/www.radiopiu.net\/wordpress\/wp-content\/uploads\/2023\/12\/botol-car-service-150x150.jpg 150w, https:\/\/www.radiopiu.net\/wordpress\/wp-content\/uploads\/2023\/12\/botol-car-service.jpg 600w\" sizes=\"auto, (max-width: 300px) 100vw, 300px\" \/><\/a><\/p>\n<p>&nbsp;<\/p>\n<p>&nbsp;<\/p>\n<blockquote class=\"wp-embedded-content\" data-secret=\"oq2WULSDV3\"><p><a href=\"https:\/\/www.radiopiu.net\/wordpress\/viabilita\/\">viabilita<\/a><\/p><\/blockquote>\n<p><iframe loading=\"lazy\" class=\"wp-embedded-content\" sandbox=\"allow-scripts\" security=\"restricted\" style=\"position: absolute; clip: rect(1px, 1px, 1px, 1px);\" title=\"&#8220;viabilita&#8221; &#8212; Radio Pi\u00f9\" src=\"https:\/\/www.radiopiu.net\/wordpress\/viabilita\/embed\/#?secret=aSAhpp7xvi#?secret=oq2WULSDV3\" data-secret=\"oq2WULSDV3\" width=\"600\" height=\"338\" frameborder=\"0\" marginwidth=\"0\" marginheight=\"0\" scrolling=\"no\"><\/iframe><\/p>\n<p>&nbsp;<\/p>\n<hr \/>\n<p>&nbsp;<\/p>\n<p><a class=\"dt-pswp-item\" href=\"https:\/\/www.radiopiu.net\/wordpress\/wp-content\/uploads\/2018\/09\/WhatsApp-Image-2018-09-20-at-16.04.06.jpeg\" data-dt-img-description=\"\" data-large_image_width=\"800\" data-large_image_height=\"100\"><img loading=\"lazy\" decoding=\"async\" class=\"wp-image-61378 size-full aligncenter\" src=\"https:\/\/www.radiopiu.net\/wordpress\/wp-content\/uploads\/2018\/09\/WhatsApp-Image-2018-09-20-at-16.04.06.jpeg\" alt=\"\" width=\"800\" height=\"100\" srcset=\"https:\/\/www.radiopiu.net\/wordpress\/wp-content\/uploads\/2018\/09\/WhatsApp-Image-2018-09-20-at-16.04.06.jpeg 800w, https:\/\/www.radiopiu.net\/wordpress\/wp-content\/uploads\/2018\/09\/WhatsApp-Image-2018-09-20-at-16.04.06-300x38.jpeg 300w, https:\/\/www.radiopiu.net\/wordpress\/wp-content\/uploads\/2018\/09\/WhatsApp-Image-2018-09-20-at-16.04.06-768x96.jpeg 768w\" sizes=\"auto, (max-width: 800px) 100vw, 800px\" \/><\/a><\/p>\n<p><center><\/center><b>\u00a0<\/b><\/p>\n<p><center><\/center><center><b>OGGI<\/b><\/center>Sulle Dolomiti in quota sole perlopi\u00f9 visibile, nonostante il cielo in prevalenza velato da sottili nubi alte. In alcune valli dolomitiche e sulle Prealpi, situazione ben diversa con cielo coperto da estese nubi basse, in alcuni casi saranno persistenti.<br \/>\n<b>Precipitazioni: <\/b>Assenti (0%).<br \/>\n<b>Temperature: <\/b>Sotto i 2000-2200 m in generale lieve flessione e persistenza dell&#8217;inversione termica; oltre i 2000-2200 m stazionariet\u00e0 delle minime e leggero aumento delle massime.<\/p>\n<hr \/>\n<p><center><b>DOMANI<\/b><\/center>Sulle Dolomiti tratti di sereno in alternanza con temporanee velature al mattino. Poi crescente nuvolosit\u00e0 stratiforme medio-alta fino a cielo coperto nel corso del pomeriggio. Sulle Prealpi spesso molto nuvoloso per nubi basse stratiformi con rischio di pioviggine.<br \/>\n<b>Precipitazioni: <\/b>Assenti (0%), salvo locali pioviggine su alcuni settori prealpini (10%), specie a ridosso della pedemontana.<br \/>\n<b>Temperature: <\/b>In generale calo, pi\u00f9 marcato in quota, e riduzione dell&#8217;inversione termica nelle valli.<\/p>\n<hr \/>\n<p><center><b>VENERDI<\/b><\/center>Eccetto residue schiarite a inizio giornata sulle Dolomiti, il cielo risulter\u00e0 molto nuvoloso\/coperto tutto il giorno. In questo contesto molto umido non saranno da escludere pioviggine e magari qualche fiocco di neve oltre i 1200-1400 m. Temperature in ulteriore lieve calo, con minime osservate alla sera in quota; debole escursione termica giornaliera.<\/p>\n<hr \/>\n<p><center><b>SABATO<\/b><\/center>Nuvolosit\u00e0 irregolare durante la notte e al primo mattino, con qualche fiocco sulle cime dolomitiche. In giornata miglioramento del tempo con ampi rasserenamenti, pi\u00f9 frequenti sulle Dolomiti, mentre residue nubi basse stratiformi potrebbero resistere sulle Prealpi. Temperature in generale rialzo, eccetto calo delle minime in quota.<\/p>\n<p>&nbsp;<\/p>\n<hr \/>\n<p>&nbsp;<\/p>\n<p><img loading=\"lazy\" decoding=\"async\" class=\"wp-image-60761 size-full aligncenter\" src=\"https:\/\/www.radiopiu.net\/wordpress\/wp-content\/uploads\/2018\/09\/sport.jpg\" alt=\"\" width=\"800\" height=\"100\" srcset=\"https:\/\/www.radiopiu.net\/wordpress\/wp-content\/uploads\/2018\/09\/sport.jpg 800w, https:\/\/www.radiopiu.net\/wordpress\/wp-content\/uploads\/2018\/09\/sport-300x38.jpg 300w, https:\/\/www.radiopiu.net\/wordpress\/wp-content\/uploads\/2018\/09\/sport-768x96.jpg 768w\" sizes=\"auto, (max-width: 800px) 100vw, 800px\" \/><\/p>\n<p>&nbsp;<\/p>\n<p><span style=\"color: #0000ff;\"><strong>HOCKEY SU GHIACCIO<\/strong><\/span><\/p>\n<blockquote>\n<h3>L&#8217;ALLEGHE VAI AI PLAYOFF E SPEDISCE IL FELTRE AL QUALIFICATION ROUND<\/h3>\n<\/blockquote>\n<p><span style=\"color: #ff0000;\"><strong><a class=\"dt-pswp-item\" href=\"https:\/\/www.radiopiu.net\/wordpress\/wp-content\/uploads\/2023\/01\/hockey.jpg\" data-dt-img-description=\"\" data-large_image_width=\"1920\" data-large_image_height=\"1280\"><img loading=\"lazy\" decoding=\"async\" class=\" wp-image-315616 alignleft\" src=\"https:\/\/www.radiopiu.net\/wordpress\/wp-content\/uploads\/2023\/01\/hockey-300x200.jpg\" alt=\"\" width=\"176\" height=\"117\" srcset=\"https:\/\/www.radiopiu.net\/wordpress\/wp-content\/uploads\/2023\/01\/hockey-300x200.jpg 300w, https:\/\/www.radiopiu.net\/wordpress\/wp-content\/uploads\/2023\/01\/hockey-1024x683.jpg 1024w, https:\/\/www.radiopiu.net\/wordpress\/wp-content\/uploads\/2023\/01\/hockey-768x512.jpg 768w, https:\/\/www.radiopiu.net\/wordpress\/wp-content\/uploads\/2023\/01\/hockey-1536x1024.jpg 1536w, https:\/\/www.radiopiu.net\/wordpress\/wp-content\/uploads\/2023\/01\/hockey.jpg 1920w\" sizes=\"auto, (max-width: 176px) 100vw, 176px\" \/><\/a>22ESIMA GIORNATA IHL<\/strong><\/span><\/p>\n<p><strong>ALLEGHE \u2013 APPIANO 6-2<\/strong><\/p>\n<p>PARZIALI: 1-1, 2-1, 3-0<\/p>\n<p>GOL: Pt. 6\u201907\u201d Critelli, 7\u201923\u201d Makela. St. 10\u201908\u201d S. Vinatzer, 13\u201903\u201d Erlacher, 17\u201949\u201d Zherdev. Tt. 3\u201918\u201d Zherdev, 14\u201938\u201d Makela, 15\u201913\u201d A. Vinatzer<\/p>\n<p>Una vittoria che vale una stagione quella dell\u2019Alleghe contro l\u2019Appiano. Le civette strappano il pass per il Master Round e di conseguenza per i playoff della IHL. Una bella prestazione degli uomini di Scapinello che dopo essere andati sotto di una rete hanno reagito e portato a casa I 3 punti. Ora testa alla Coppa Italia. Inizio sofferente per le civette che si trovano subito a giocare con l\u2019uomo in meno. I pirati per\u00f2 non si rendono pericolosi. Alla prima disattenzione l\u2019Alleghe subisce il gol. A battere Scola ci pensa Critelli. Agordini che rispondono subito con Makela che sigla la rete del pareggio. La partita \u00e8 emozionante con tanti cambi di fronte. Gli altoatesini si fanno pericolosi ma non sono da meno gli alleghesi che con Testori sfiorano il gol. Al primo powerplay le civette prendono di mira la porta avversaria senza trovare la rete. Si gioca a viso aperto ma alla prima sirena la frazione si chiude con un gol per parte. Nella seconda frazione l\u2019Alleghe cerca di portarsi in vantaggio tenendo in mano la partita e mettendo in difficolt\u00e0 gli avversari. Tanti tiri in porta ma il disco non vuole entrare. Solo agordini in campo e gol che arriva con Simon Vinatzer. Dura poco il vantaggio dei padroni di casa. I pirati approfittano di una confusione per sorprendere Scola. A fine tempo gli agordini tornano in vantaggio con una rete di Zherdev. Anche nel terzo drittel gli agordini continuano a premere e gli altoatesini provano a rispondere in contropiede. Gol nell\u2019aria per le civette che arriva poco dopo. Azione insistita con Zherdev che si fa trovare al posto giusto per cogliere al volo l\u2019assist di Makela. A chiudere la partita ci pensa Makeal che a 6\u2019 dalla fine trova il gol con un tiro dalla distanza a porta sguarnita. Appiano che crolla e Alleghe che sigla anche il sesto gol con Andreas Vinatzer.<\/p>\n<p><strong>VARESE \u2013 FELTRE 4-2<\/strong><\/p>\n<p>PARZIALI: 1-0, 2-1, 1-1<\/p>\n<p>GOL: Pt. 11\u201958\u201d Majul. St. 10\u201901\u201d e 13\u201933\u201d Majul, 11\u201914\u201d Stupak. 9\u201955\u201d Blaha, 19\u201912\u201d Borghi<\/p>\n<p>I campioni in carica del Varese vincono con il Feltre dopo una partita giocata a viso aperto. I lombradi calano il poker nonostante una buona prova dei feltrini. Il Varese passa in vantaggio dopo 11\u2019 e chiude la prima frazione con una rete avanti. Nel secondo drittel i padroni di casa incrementano il vantaggio ma i feltrini accorciano con Stupak. Rispondono subito i lombardi e si va alla sirena con il Varese in doppio vantaggio. Nel terzo parziale i picchi reagiscono e Blaha riapre la partita. Match emozionante con tante occasioni. Nel finale di gara la squadra di casa chiude il match calando il poker.<\/p>\n<p><strong>Classifica Regular Season:<\/strong> Pergine, Caldaro 46, Varese 42, Appiano 40, Alleghe 36, Feltreghiaccio 34, Valdifiemme 27, Como 26, Bressanone 14, Valpellice 10, Dobbiaco 9.<br \/>\n<strong>Classifica partenza Master:<\/strong> Pergine, Caldaro 15, Varese 14, Appiano 13, Alleghe 12.<br \/>\n<strong>Classifica partenza Qualification:<\/strong> Feltreghiaccio 11, Valdifiemme 9, Como 8, Bressanone 4, Valpellice, Dobbiaco 3.<\/p>\n<p>&nbsp;<\/p>\n<blockquote>\n<h3>ALLEGHE A DOBBIACO PER GARA 1 DEGLI OTTAVI DI COPPA ITALIA<\/h3>\n<\/blockquote>\n<p><strong><a class=\"dt-pswp-item\" href=\"https:\/\/www.radiopiu.net\/wordpress\/wp-content\/uploads\/2019\/01\/HOCKEY-PORTA.jpg\" data-dt-img-description=\"\" data-large_image_width=\"2000\" data-large_image_height=\"1000\"><img loading=\"lazy\" decoding=\"async\" class=\" wp-image-71539 alignleft\" src=\"https:\/\/www.radiopiu.net\/wordpress\/wp-content\/uploads\/2019\/01\/HOCKEY-PORTA-300x150.jpg\" alt=\"\" width=\"154\" height=\"77\" srcset=\"https:\/\/www.radiopiu.net\/wordpress\/wp-content\/uploads\/2019\/01\/HOCKEY-PORTA-300x150.jpg 300w, https:\/\/www.radiopiu.net\/wordpress\/wp-content\/uploads\/2019\/01\/HOCKEY-PORTA-768x384.jpg 768w, https:\/\/www.radiopiu.net\/wordpress\/wp-content\/uploads\/2019\/01\/HOCKEY-PORTA-1024x512.jpg 1024w, https:\/\/www.radiopiu.net\/wordpress\/wp-content\/uploads\/2019\/01\/HOCKEY-PORTA.jpg 2000w\" sizes=\"auto, (max-width: 154px) 100vw, 154px\" \/><\/a>DI ROBERTO MIANA, PORTAVOCE DELL&#8217;ALLEGHE HOCKEY<\/strong><\/p>\n<p>Andata degli ottavi di Coppa Italia 2023\/2024. Mercoled\u00ec 27 dicembre alle 20:00\u00a0l\u2019Alleghe gioca a Dobbiaco.<br \/>\nChiusa la stagione regolare del campionato IHL, avendo raggiunto all\u2019ultima giornata l\u2019importantissima qualificazione al Master Round ed il conseguente pass per i playoff, le Civette si possono ora focalizzare sugli ottavi di Coppa Italia, affrontando nel doppio turno di andata (27 dicembre in trasferta) e ritorno (30 dicembre in casa) il Dobbiaco. Le due gare di campionato, giocate in questa stagione contro i Pusteresi, sono terminate con due vittorie Agordine: 7:3 al De Toni e 5:2 in terra Altoatesina. Vittorie che non devono per\u00f2 far pensare ad un turno semplice per i Biancorossi. La vincente della doppia sfida tra Alleghe e Dobbiaco incontrer\u00e0 ai quarti la vincente di Appiano-Pin\u00e8.<\/p>\n<p><strong>AHC DOBBIACO &#8211; ALLEGHE hockey <\/strong>Mercoled\u00ec 27 dicembre ore 20:00 &#8211; Eistadion di Dobbiaco (Bz). Arbitri: Alex Lazzeri e Andrea Moschen con giudici di linea Matthias Cristeli e Luca Grisenti. Collegamenti in DIRETTA RADIOFONICA su Radio Pi\u00f9 (www.radiopiu.net) con \u201cHockey al punto giusto\u201d, in studio Marco Gaz e da Dobbiaco interventi di Federico Paganin<\/p>\n<p><strong>Il programma completo degli ottavi prevede:<\/strong> Pergine-Gherd\u00ebina, Caldaro-Vinschgau, Varese-Chiavenna, Appiano-Pine&#8217;, Alleghe-Dobbiaco, Feltre-Bressanone, Fiemme-Aosta e Como-Valpellice.<\/p>\n<p>&nbsp;<\/p>\n<p><span style=\"color: #0000ff;\"><strong>PALLAVOLO<\/strong><\/span><\/p>\n<blockquote>\n<h3>TERZO PASSO FALSO PER IL BELLUNO VOLLEY<\/h3>\n<\/blockquote>\n<p><b><a class=\"dt-pswp-item\" href=\"https:\/\/www.radiopiu.net\/wordpress\/wp-content\/uploads\/2023\/12\/Schiro_in_attacco-1.jpg\" data-dt-img-description=\"\" data-large_image_width=\"1440\" data-large_image_height=\"960\"><img loading=\"lazy\" decoding=\"async\" class=\" wp-image-367617 alignleft\" src=\"https:\/\/www.radiopiu.net\/wordpress\/wp-content\/uploads\/2023\/12\/Schiro_in_attacco-1-300x200.jpg\" alt=\"\" width=\"164\" height=\"109\" srcset=\"https:\/\/www.radiopiu.net\/wordpress\/wp-content\/uploads\/2023\/12\/Schiro_in_attacco-1-300x200.jpg 300w, https:\/\/www.radiopiu.net\/wordpress\/wp-content\/uploads\/2023\/12\/Schiro_in_attacco-1-1024x683.jpg 1024w, https:\/\/www.radiopiu.net\/wordpress\/wp-content\/uploads\/2023\/12\/Schiro_in_attacco-1-768x512.jpg 768w, https:\/\/www.radiopiu.net\/wordpress\/wp-content\/uploads\/2023\/12\/Schiro_in_attacco-1.jpg 1440w\" sizes=\"auto, (max-width: 164px) 100vw, 164px\" \/><\/a>PALLAVOLO MOTTA-BELLUNO VOLLEY 3-0 (<\/b><strong>25-18, 25-21, 25-14)<\/strong><\/p>\n<p>L\u2019incantesimo di Santo Stefano non si spezza: per il terzo anno consecutivo, il giorno successivo al Natale \u00e8 tutt\u2019altro che festivo. Anzi, \u00e8 avaro di vittorie e di soddisfazioni per il Belluno Volley. Oltre a veder sfumare definitivamente la qualificazione alla prossima Coppa Italia, i rinoceronti rimediano la terza sconfitta di fila (il semaforo rosso era gi\u00e0 scattato a Mantova e con Acqui Terme, alla Spes Arena). E non riescono a spremere punti neppure dal secondo derby stagionale: dopo lo stop a San Don\u00e0 di Piave, matura un passivo anche a Motta di Livenza. E cos\u00ec, l\u2019andata si chiude al sesto posto: un piazzamento che i bellunesi avranno il compito di migliorare in un girone di ritorno gi\u00e0 alle porte.<\/p>\n<p>&nbsp;<\/p>\n<p><span style=\"color: #0000ff;\"><strong>SNOWBOARD<\/strong><\/span><\/p>\n<blockquote>\n<h3>ANCORA UNA GRANDE PROVA PER LUCIA DALMASSO, SECONDA A DAVOS<\/h3>\n<\/blockquote>\n<p><strong><a href=\"https:\/\/www.radiopiu.net\/wordpress\/wp-content\/uploads\/2021\/12\/dalmasso-luvia-falcade-990x743-1.webp\"><img loading=\"lazy\" decoding=\"async\" class=\" wp-image-247571 alignleft\" src=\"https:\/\/www.radiopiu.net\/wordpress\/wp-content\/uploads\/2021\/12\/dalmasso-luvia-falcade-990x743-1-300x225.webp\" alt=\"\" width=\"176\" height=\"132\" srcset=\"https:\/\/www.radiopiu.net\/wordpress\/wp-content\/uploads\/2021\/12\/dalmasso-luvia-falcade-990x743-1-300x225.webp 300w, https:\/\/www.radiopiu.net\/wordpress\/wp-content\/uploads\/2021\/12\/dalmasso-luvia-falcade-990x743-1-768x576.webp 768w, https:\/\/www.radiopiu.net\/wordpress\/wp-content\/uploads\/2021\/12\/dalmasso-luvia-falcade-990x743-1.webp 990w\" sizes=\"auto, (max-width: 176px) 100vw, 176px\" \/><\/a>REDAZIONE<\/strong> Lucia Dalmasso ha ottenuto un secondo posto sabato nello Slalom Parallelo, la terza gara di Coppa del Mondo della stagione, a Davos in Svizzera. Secondo podio consecutivo per la falcadina dopo il secondo posto a Cortina. La sua progressione e miglioramenti tecnici sono evidenti, dimostrando che il duro lavoro sta dando i suoi frutti. Nella finale, si \u00e8 confrontata con atlete di grande calibro come Jilie Zogg e Ramona Theresia Hofmeister, quest&#8217;ultima vincitrice della gara. La stagione di Lucia Dalmasso era iniziata con un quinto posto a Carezza e un secondo posto a Cortina.<\/p>\n<p>&nbsp;<\/p>\n<p>&nbsp;<\/p>\n<p><span style=\"color: #0000ff;\"><strong>NUOTO<\/strong><\/span><\/p>\n<blockquote>\n<h3>NUOTO SINCRONIZZATO: 9 MEDAGLIE BELLUNESI NELLA MANIFESTAZIONE \u201cWHITE CHRISTMAS\u201d<\/h3>\n<\/blockquote>\n<p><strong>BELLUNO<\/strong> La stagione del nuoto sincronizzato ha preso il via con successo presso la piscina di Belluno, ospitando l&#8217;evento interregionale &#8220;Obbligatori A Modo Mio Uisp: White Christmas&#8221;. Sette squadre, con un totale di 290 atlete, hanno partecipato all&#8217;evento, tra cui una piccola rappresentanza maschile. La squadra di casa, Sportivamente Belluno, ha ottenuto ottimi risultati con ben 9 podi. Tra gli highlight, Francesca Pia Caputo ha trionfato nella categoria Junior 1, e altre atlete hanno conquistato posizioni di rilievo. Le insegnanti sono soddisfatte dei risultati e guardano avanti alla costruzione delle prossime coreografie dopo una breve pausa per le vacanze natalizie.<\/p>\n\n\t\t\t<style type='text\/css'>\n\t\t\t\t#gallery-6 {\n\t\t\t\t\tmargin: auto;\n\t\t\t\t}\n\t\t\t\t#gallery-6 .gallery-item {\n\t\t\t\t\tfloat: left;\n\t\t\t\t\tmargin-top: 10px;\n\t\t\t\t\ttext-align: center;\n\t\t\t\t\twidth: 33%;\n\t\t\t\t}\n\t\t\t\t#gallery-6 img {\n\t\t\t\t\tborder: 2px solid #cfcfcf;\n\t\t\t\t}\n\t\t\t\t#gallery-6 .gallery-caption {\n\t\t\t\t\tmargin-left: 0;\n\t\t\t\t}\n\t\t\t\t\/* see gallery_shortcode() in wp-includes\/media.php *\/\n\t\t\t<\/style>\n\t\t<div id='gallery-6' class='dt-gallery-container gallery galleryid-367402 gallery-columns-3 gallery-size-medium'><dl class='gallery-item'>\n\t\t\t\t<dt class='gallery-icon portrait'>\n\t\t\t\t\t<a class=\"rollover rollover-zoom dt-pswp-item\" title=\"Anna_Funes\" data-dt-img-description=\"\" data-large_image_width=\"988\" data-large_image_height=\"1744\"href='https:\/\/www.radiopiu.net\/wordpress\/wp-content\/uploads\/2023\/12\/Anna_Funes.jpg'><img loading=\"lazy\" decoding=\"async\" width=\"170\" height=\"300\" src=\"https:\/\/www.radiopiu.net\/wordpress\/wp-content\/uploads\/2023\/12\/Anna_Funes-170x300.jpg\" class=\"attachment-medium size-medium\" alt=\"\" srcset=\"https:\/\/www.radiopiu.net\/wordpress\/wp-content\/uploads\/2023\/12\/Anna_Funes-170x300.jpg 170w, https:\/\/www.radiopiu.net\/wordpress\/wp-content\/uploads\/2023\/12\/Anna_Funes-580x1024.jpg 580w, https:\/\/www.radiopiu.net\/wordpress\/wp-content\/uploads\/2023\/12\/Anna_Funes-768x1356.jpg 768w, https:\/\/www.radiopiu.net\/wordpress\/wp-content\/uploads\/2023\/12\/Anna_Funes-870x1536.jpg 870w, https:\/\/www.radiopiu.net\/wordpress\/wp-content\/uploads\/2023\/12\/Anna_Funes.jpg 988w\" sizes=\"auto, (max-width: 170px) 100vw, 170px\" \/><\/a>\n\t\t\t\t<\/dt><\/dl><dl class='gallery-item'>\n\t\t\t\t<dt class='gallery-icon landscape'>\n\t\t\t\t\t<a class=\"rollover rollover-zoom dt-pswp-item\" title=\"Manifestazione_1\" data-dt-img-description=\"\" data-large_image_width=\"1404\" data-large_image_height=\"488\"href='https:\/\/www.radiopiu.net\/wordpress\/wp-content\/uploads\/2023\/12\/Manifestazione_1.jpg'><img loading=\"lazy\" decoding=\"async\" width=\"300\" height=\"104\" src=\"https:\/\/www.radiopiu.net\/wordpress\/wp-content\/uploads\/2023\/12\/Manifestazione_1-300x104.jpg\" class=\"attachment-medium size-medium\" alt=\"\" srcset=\"https:\/\/www.radiopiu.net\/wordpress\/wp-content\/uploads\/2023\/12\/Manifestazione_1-300x104.jpg 300w, https:\/\/www.radiopiu.net\/wordpress\/wp-content\/uploads\/2023\/12\/Manifestazione_1-1024x356.jpg 1024w, https:\/\/www.radiopiu.net\/wordpress\/wp-content\/uploads\/2023\/12\/Manifestazione_1-768x267.jpg 768w, https:\/\/www.radiopiu.net\/wordpress\/wp-content\/uploads\/2023\/12\/Manifestazione_1.jpg 1404w\" sizes=\"auto, (max-width: 300px) 100vw, 300px\" \/><\/a>\n\t\t\t\t<\/dt><\/dl><dl class='gallery-item'>\n\t\t\t\t<dt class='gallery-icon portrait'>\n\t\t\t\t\t<a class=\"rollover rollover-zoom dt-pswp-item\" title=\"Greta_Cesca\" data-dt-img-description=\"\" data-large_image_width=\"1003\" data-large_image_height=\"1800\"href='https:\/\/www.radiopiu.net\/wordpress\/wp-content\/uploads\/2023\/12\/Greta_Cesca.jpg'><img loading=\"lazy\" decoding=\"async\" width=\"167\" height=\"300\" src=\"https:\/\/www.radiopiu.net\/wordpress\/wp-content\/uploads\/2023\/12\/Greta_Cesca-167x300.jpg\" class=\"attachment-medium size-medium\" alt=\"\" srcset=\"https:\/\/www.radiopiu.net\/wordpress\/wp-content\/uploads\/2023\/12\/Greta_Cesca-167x300.jpg 167w, https:\/\/www.radiopiu.net\/wordpress\/wp-content\/uploads\/2023\/12\/Greta_Cesca-571x1024.jpg 571w, https:\/\/www.radiopiu.net\/wordpress\/wp-content\/uploads\/2023\/12\/Greta_Cesca-768x1378.jpg 768w, https:\/\/www.radiopiu.net\/wordpress\/wp-content\/uploads\/2023\/12\/Greta_Cesca-856x1536.jpg 856w, https:\/\/www.radiopiu.net\/wordpress\/wp-content\/uploads\/2023\/12\/Greta_Cesca.jpg 1003w\" sizes=\"auto, (max-width: 167px) 100vw, 167px\" \/><\/a>\n\t\t\t\t<\/dt><\/dl><br style=\"clear: both\" \/>\n\t\t\t<\/div>\n\n<p>&nbsp;<\/p>\n<p><span style=\"color: #0000ff;\"><strong>CALCIO A 5<\/strong><\/span><\/p>\n<blockquote>\n<h3>GIESSE PER LO SPORT\u2026CON LA CANOTTIERI BELLUNO CALCIO A 5<\/h3>\n<\/blockquote>\n<div class=\"x11i5rnm xat24cr x1mh8g0r x1vvkbs xtlvy1s x126k92a\">\n<h4 class=\"photoswipe-wrapper\" dir=\"auto\"><a class=\"dt-pswp-item pspw-wrap-ready\" href=\"https:\/\/www.radiopiu.net\/wordpress\/wp-content\/uploads\/2023\/10\/Senza-nome-57.png\" data-dt-img-description=\"\" data-large_image_width=\"317\" data-large_image_height=\"322\"><img loading=\"lazy\" decoding=\"async\" class=\"size-medium wp-image-358116 aligncenter\" src=\"https:\/\/www.radiopiu.net\/wordpress\/wp-content\/uploads\/2023\/10\/Senza-nome-57-295x300.png\" sizes=\"auto, (max-width: 295px) 100vw, 295px\" srcset=\"https:\/\/www.radiopiu.net\/wordpress\/wp-content\/uploads\/2023\/10\/Senza-nome-57-295x300.png 295w, https:\/\/www.radiopiu.net\/wordpress\/wp-content\/uploads\/2023\/10\/Senza-nome-57.png 317w\" alt=\"\" width=\"295\" height=\"300\" \/><\/a><\/h4>\n<h4 dir=\"auto\"><\/h4>\n<h4 dir=\"auto\">GIESSE PER LO SPORT\u201d \u2026 con la Canottieri Belluno, calcio a 5. Tutto sul campionato di serie A2, girone A. Il programma alla RADIO che da ascolto ai talenti del calcio a 5 bellunese. IN COLLABORAZIONE CON GIESSE RISARCIMENTO DANNI A BELLUNO<\/h4>\n<\/div>\n<div class=\"x11i5rnm xat24cr x1mh8g0r x1vvkbs xtlvy1s x126k92a\">\n<h4 dir=\"auto\"><a class=\"x1i10hfl xjbqb8w x6umtig x1b1mbwd xaqea5y xav7gou x9f619 x1ypdohk xt0psk2 xe8uvvx xdj266r x11i5rnm xat24cr x1mh8g0r xexx8yu x4uap5 x18d9i69 xkhd6sd x16tdsg8 x1hl2dhg xggy1nq x1a2a7pz xt0b8zv x1qq9wsj xo1l8bm\" tabindex=\"0\" role=\"link\" href=\"https:\/\/www.facebook.com\/groups\/radiopiu\/?__cft__[0]=AZVtB3sskZBwGsu89zeRk9eNMGUFohz53TdYmXZyePAKPt8cBeKCqA03znGJk9wPaqHDXQ5yMBG_hrsUX03xH8fdmlMazTirW3KRFEY3Kr2cyBd_5Es2MvKnqyd6ZcahL6_M_zOo19o5N5tV8NHsHcfP&amp;__tn__=-UK-R\"><span class=\"xt0psk2\">RADIO PIU\u2019 EMITTENTE AGORDINA (Taibon_32027)<\/span><\/a>: IL LUNEDI ALLE 16.30, IL MARTEDI ALLE 13.05 RADIO CLUB 103 IL LUNEDI ALLE 16.20 E MARTEDI ALLE 13.40 <a class=\"x1i10hfl xjbqb8w x6umtig x1b1mbwd xaqea5y xav7gou x9f619 x1ypdohk xt0psk2 xe8uvvx xdj266r x11i5rnm xat24cr x1mh8g0r xexx8yu x4uap5 x18d9i69 xkhd6sd x16tdsg8 x1hl2dhg xggy1nq x1a2a7pz xt0b8zv x1qq9wsj xo1l8bm\" tabindex=\"0\" role=\"link\" href=\"https:\/\/www.facebook.com\/groups\/61488111720\/user\/100063652837062\/?__cft__[0]=AZVtB3sskZBwGsu89zeRk9eNMGUFohz53TdYmXZyePAKPt8cBeKCqA03znGJk9wPaqHDXQ5yMBG_hrsUX03xH8fdmlMazTirW3KRFEY3Kr2cyBd_5Es2MvKnqyd6ZcahL6_M_zOo19o5N5tV8NHsHcfP&amp;__tn__=-]K-R\"><span class=\"xt0psk2\">Radio Primiero<\/span><\/a>\u00a0IL LUNEDI ALLE 10.30 E MARTEDI ALLE 12.30<\/h4>\n<p>&nbsp;<\/p>\n<p><strong><a class=\"dt-pswp-item\" href=\"https:\/\/www.radiopiu.net\/wordpress\/wp-content\/uploads\/2023\/11\/SCR-20231225-jjsc.jpeg\" data-dt-img-description=\"\" data-large_image_width=\"1854\" data-large_image_height=\"1134\"><img loading=\"lazy\" decoding=\"async\" class=\" wp-image-367522 alignleft\" src=\"https:\/\/www.radiopiu.net\/wordpress\/wp-content\/uploads\/2023\/11\/SCR-20231225-jjsc-300x183.jpeg\" alt=\"\" width=\"200\" height=\"122\" srcset=\"https:\/\/www.radiopiu.net\/wordpress\/wp-content\/uploads\/2023\/11\/SCR-20231225-jjsc-300x183.jpeg 300w, https:\/\/www.radiopiu.net\/wordpress\/wp-content\/uploads\/2023\/11\/SCR-20231225-jjsc-1024x626.jpeg 1024w, https:\/\/www.radiopiu.net\/wordpress\/wp-content\/uploads\/2023\/11\/SCR-20231225-jjsc-768x470.jpeg 768w, https:\/\/www.radiopiu.net\/wordpress\/wp-content\/uploads\/2023\/11\/SCR-20231225-jjsc-1536x939.jpeg 1536w, https:\/\/www.radiopiu.net\/wordpress\/wp-content\/uploads\/2023\/11\/SCR-20231225-jjsc.jpeg 1854w\" sizes=\"auto, (max-width: 200px) 100vw, 200px\" \/><\/a>PUNTATA 10 &#8211; 25 DICEMBRE 2023<\/strong><\/p>\n<p><span style=\"color: #0000ff;\"><strong>DECIMA GIORNATA SERIE A 2 GIRONE A<\/strong><\/span><\/p>\n<p><strong>ASTI &#8211; CANOTTIERI BELLUNO 2-2<\/strong><\/p>\n<p>Reti: PT 3.00 autogol Montauro, 8.59 Ghouati, 10.57 Ghouati; ST 17.23 Dall\u2019\u00d2<\/p>\n<audio class=\"wp-audio-shortcode\" id=\"audio-367402-12\" preload=\"none\" style=\"width: 100%;\" controls=\"controls\"><source type=\"audio\/mpeg\" src=\"https:\/\/www.radiopiu.net\/wordpress\/wp-content\/uploads\/2023\/11\/GIESSECALCIO-7.mp3?_=12\" \/><a href=\"https:\/\/www.radiopiu.net\/wordpress\/wp-content\/uploads\/2023\/11\/GIESSECALCIO-7.mp3\">https:\/\/www.radiopiu.net\/wordpress\/wp-content\/uploads\/2023\/11\/GIESSECALCIO-7.mp3<\/a><\/audio>\n<p>&nbsp;<\/p>\n<p><strong>LA RACCOLTA COMPLETA <a href=\"https:\/\/www.radiopiu.net\/wordpress\/giesse-per-lo-sport-con-la-canottieri-belluno-calcio-a-5\/\">CLICCA QUI<\/a><\/strong><\/p>\n<p>&nbsp;<\/p>\n<p>&nbsp;<\/p>\n<p>&nbsp;<\/p>\n<\/div>\n","protected":false},"excerpt":{"rendered":"<p>***** &nbsp; 40esimo di RADIOPIU\u2026. LA VOCE DELL\u2019EMOZIONE ISCRIVITI AL NOSTRO CANALE\u00a0\u00a0YOUTUBE PER SEGUIRE IN DIRETTA I PRINCIPALI PROGRAMMI DI RADIO PIU\u2019 E LE FUTURE DIRETTE IN ESTERNA. PER ISCRIVERTI CLICCA QUI\u00a0E PREMI\u00a0 \u201cIscriviti\u201d\u00a0 \u00a0\u00a0 RADIO PIU&#8217; AMICA DEL CORO AGORDO 2023 Una grande emozione per la RADIOPIU, ieri sera in chiesa ad Agordo la&hellip;<\/p>\n","protected":false},"author":4,"featured_media":367596,"comment_status":"closed","ping_status":"closed","sticky":false,"template":"","format":"standard","meta":{"_monsterinsights_skip_tracking":false,"_monsterinsights_sitenote_active":false,"_monsterinsights_sitenote_note":"","_monsterinsights_sitenote_category":0,"footnotes":""},"categories":[51,86,49],"tags":[],"class_list":["post-367402","post","type-post","status-publish","format-standard","has-post-thumbnail","hentry","category-evidenza-top","category-gr","category-news-18","category-51","category-86","category-49","description-off"],"img_url":"https:\/\/www.radiopiu.net\/wordpress\/wp-content\/uploads\/2023\/12\/6a290f6d-d374-4d3d-88c6-ffa7c8d63b65.jpeg","_links":{"self":[{"href":"https:\/\/www.radiopiu.net\/wordpress\/wp-json\/wp\/v2\/posts\/367402","targetHints":{"allow":["GET"]}}],"collection":[{"href":"https:\/\/www.radiopiu.net\/wordpress\/wp-json\/wp\/v2\/posts"}],"about":[{"href":"https:\/\/www.radiopiu.net\/wordpress\/wp-json\/wp\/v2\/types\/post"}],"author":[{"embeddable":true,"href":"https:\/\/www.radiopiu.net\/wordpress\/wp-json\/wp\/v2\/users\/4"}],"replies":[{"embeddable":true,"href":"https:\/\/www.radiopiu.net\/wordpress\/wp-json\/wp\/v2\/comments?post=367402"}],"version-history":[{"count":0,"href":"https:\/\/www.radiopiu.net\/wordpress\/wp-json\/wp\/v2\/posts\/367402\/revisions"}],"wp:featuredmedia":[{"embeddable":true,"href":"https:\/\/www.radiopiu.net\/wordpress\/wp-json\/wp\/v2\/media\/367596"}],"wp:attachment":[{"href":"https:\/\/www.radiopiu.net\/wordpress\/wp-json\/wp\/v2\/media?parent=367402"}],"wp:term":[{"taxonomy":"category","embeddable":true,"href":"https:\/\/www.radiopiu.net\/wordpress\/wp-json\/wp\/v2\/categories?post=367402"},{"taxonomy":"post_tag","embeddable":true,"href":"https:\/\/www.radiopiu.net\/wordpress\/wp-json\/wp\/v2\/tags?post=367402"}],"curies":[{"name":"wp","href":"https:\/\/api.w.org\/{rel}","templated":true}]}}