{"id":367414,"date":"2023-12-23T10:28:46","date_gmt":"2023-12-23T09:28:46","guid":{"rendered":"https:\/\/www.radiopiu.net\/wordpress\/?p=367414"},"modified":"2023-12-23T10:28:46","modified_gmt":"2023-12-23T09:28:46","slug":"bollettino-neve-al-suolo-a-malga-losch-12-cm-di-neve-fresca","status":"publish","type":"post","link":"https:\/\/www.radiopiu.net\/wordpress\/bollettino-neve-al-suolo-a-malga-losch-12-cm-di-neve-fresca\/","title":{"rendered":"BOLLETTINO NEVE AL SUOLO: A MALGA LOSCH 12 CM DI NEVE FRESCA"},"content":{"rendered":"<p>******<\/p>\n<p>&nbsp;<\/p>\n<p><strong>REDAZIONE<\/strong> Il Centro Arpav di Arabba, dopo le ultime nevicate, ha distribuito il nuovo bollettino neve al suolo. Dai dati registrati a Malga Losch di Frassen\u00e8 la zona dove la neve \u00e8 scesa pi\u00f9 copiosa con 12 cm nelle ultime 24 ore. La zona dove si registra il maggior cumulo da inizio eventi \u00e8 Ra Vales a Cortina dove fino ad ora sono 94 i cm di neve caduta.<\/p>\n<p><strong>BOLLETTINO NEVE AL SUOLO<\/strong><\/p>\n<a href=\"https:\/\/www.radiopiu.net\/wordpress\/wp-content\/uploads\/2023\/12\/2023_12_23_Dolomiti-Neve-al-Suolo.pdf\" class=\"pdfemb-viewer\" style=\"\" data-width=\"max\" data-height=\"max\" data-toolbar=\"top\" data-toolbar-fixed=\"on\">2023_12_23_Dolomiti Neve al Suolo<\/a>\n<p>&nbsp;<\/p>\n<p>&nbsp;<\/p>\n<p>******<\/p>\n","protected":false},"excerpt":{"rendered":"<p>****** &nbsp; REDAZIONE Il Centro Arpav di Arabba, dopo le ultime nevicate, ha distribuito il nuovo bollettino neve al suolo. Dai dati registrati a Malga Losch di Frassen\u00e8 la zona dove la neve \u00e8 scesa pi\u00f9 copiosa con 12 cm nelle ultime 24 ore. La zona dove si registra il maggior cumulo da inizio eventi&hellip;<\/p>\n","protected":false},"author":4,"featured_media":246934,"comment_status":"closed","ping_status":"closed","sticky":false,"template":"","format":"standard","meta":{"_monsterinsights_skip_tracking":false,"_monsterinsights_sitenote_active":false,"_monsterinsights_sitenote_note":"","_monsterinsights_sitenote_category":0,"footnotes":""},"categories":[49],"tags":[],"class_list":["post-367414","post","type-post","status-publish","format-standard","has-post-thumbnail","hentry","category-news-18","category-49","description-off"],"img_url":"https:\/\/www.radiopiu.net\/wordpress\/wp-content\/uploads\/2021\/12\/neve-fiocco.jpeg","_links":{"self":[{"href":"https:\/\/www.radiopiu.net\/wordpress\/wp-json\/wp\/v2\/posts\/367414","targetHints":{"allow":["GET"]}}],"collection":[{"href":"https:\/\/www.radiopiu.net\/wordpress\/wp-json\/wp\/v2\/posts"}],"about":[{"href":"https:\/\/www.radiopiu.net\/wordpress\/wp-json\/wp\/v2\/types\/post"}],"author":[{"embeddable":true,"href":"https:\/\/www.radiopiu.net\/wordpress\/wp-json\/wp\/v2\/users\/4"}],"replies":[{"embeddable":true,"href":"https:\/\/www.radiopiu.net\/wordpress\/wp-json\/wp\/v2\/comments?post=367414"}],"version-history":[{"count":0,"href":"https:\/\/www.radiopiu.net\/wordpress\/wp-json\/wp\/v2\/posts\/367414\/revisions"}],"wp:featuredmedia":[{"embeddable":true,"href":"https:\/\/www.radiopiu.net\/wordpress\/wp-json\/wp\/v2\/media\/246934"}],"wp:attachment":[{"href":"https:\/\/www.radiopiu.net\/wordpress\/wp-json\/wp\/v2\/media?parent=367414"}],"wp:term":[{"taxonomy":"category","embeddable":true,"href":"https:\/\/www.radiopiu.net\/wordpress\/wp-json\/wp\/v2\/categories?post=367414"},{"taxonomy":"post_tag","embeddable":true,"href":"https:\/\/www.radiopiu.net\/wordpress\/wp-json\/wp\/v2\/tags?post=367414"}],"curies":[{"name":"wp","href":"https:\/\/api.w.org\/{rel}","templated":true}]}}