{"id":367462,"date":"2023-12-30T05:30:41","date_gmt":"2023-12-30T04:30:41","guid":{"rendered":"https:\/\/www.radiopiu.net\/wordpress\/?p=367462"},"modified":"2023-12-30T05:45:00","modified_gmt":"2023-12-30T04:45:00","slug":"notificato-lo-sfratto","status":"publish","type":"post","link":"https:\/\/www.radiopiu.net\/wordpress\/notificato-lo-sfratto\/","title":{"rendered":"NOTIFICATO LO SFRATTO ALLA ONLUS CHE GESTISCE LA CASA DI RIPOSO DI TAIBON"},"content":{"rendered":"<p>&nbsp;<\/p>\n<h1><span style=\"color: #ff0000;\"><strong>DAL GIORNALE RADIOPIU DEL 23 DICEMBRE 2023. DI GIANNI SANTOMASO.<\/strong><\/span><\/h1>\n<p>&nbsp;<\/p>\n<blockquote>\n<h3>NOTIFICATO LO SFRATTO ALLA ONLUS CHE GESTISCE LA CASA DI RIPOSO DI TAIBON<\/h3>\n<\/blockquote>\n<p><strong><a class=\"dt-pswp-item\" href=\"https:\/\/www.radiopiu.net\/wordpress\/wp-content\/uploads\/2021\/02\/CASA-SOGGIORNO-TAIBON.jpg\" data-dt-img-description=\"\" data-large_image_width=\"512\" data-large_image_height=\"324\"><img loading=\"lazy\" decoding=\"async\" class=\" wp-image-190126 alignleft\" src=\"https:\/\/www.radiopiu.net\/wordpress\/wp-content\/uploads\/2021\/02\/CASA-SOGGIORNO-TAIBON-300x190.jpg\" alt=\"\" width=\"197\" height=\"125\" srcset=\"https:\/\/www.radiopiu.net\/wordpress\/wp-content\/uploads\/2021\/02\/CASA-SOGGIORNO-TAIBON-300x190.jpg 300w, https:\/\/www.radiopiu.net\/wordpress\/wp-content\/uploads\/2021\/02\/CASA-SOGGIORNO-TAIBON.jpg 512w\" sizes=\"auto, (max-width: 197px) 100vw, 197px\" \/><\/a>TAIBON<\/strong><\/p>\n<p>DI GIANNI SANTOMASO<\/p>\n<audio class=\"wp-audio-shortcode\" id=\"audio-367462-1\" preload=\"none\" style=\"width: 100%;\" controls=\"controls\"><source type=\"audio\/mpeg\" src=\"https:\/\/www.radiopiu.net\/wordpress\/wp-content\/uploads\/2023\/12\/GIANNI-CASA-DI-RIPOSO-TAIBON.mp3?_=1\" \/><a href=\"https:\/\/www.radiopiu.net\/wordpress\/wp-content\/uploads\/2023\/12\/GIANNI-CASA-DI-RIPOSO-TAIBON.mp3\">https:\/\/www.radiopiu.net\/wordpress\/wp-content\/uploads\/2023\/12\/GIANNI-CASA-DI-RIPOSO-TAIBON.mp3<\/a><\/audio>\n<p>&nbsp;<\/p>\n<p>&nbsp;<\/p>\n<blockquote>\n<h2><\/h2>\n<\/blockquote>\n<blockquote>\n<h3><a class=\"dt-pswp-item\" href=\"https:\/\/www.radiopiu.net\/wordpress\/wp-content\/uploads\/2021\/02\/CASA-SOGGIORNO-TAIBON.jpg\" data-dt-img-description=\"\" data-large_image_width=\"512\" data-large_image_height=\"324\"><img loading=\"lazy\" decoding=\"async\" class=\"size-medium wp-image-190126 alignleft\" src=\"https:\/\/www.radiopiu.net\/wordpress\/wp-content\/uploads\/2021\/02\/CASA-SOGGIORNO-TAIBON-300x190.jpg\" alt=\"\" width=\"300\" height=\"190\" srcset=\"https:\/\/www.radiopiu.net\/wordpress\/wp-content\/uploads\/2021\/02\/CASA-SOGGIORNO-TAIBON-300x190.jpg 300w, https:\/\/www.radiopiu.net\/wordpress\/wp-content\/uploads\/2021\/02\/CASA-SOGGIORNO-TAIBON.jpg 512w\" sizes=\"auto, (max-width: 300px) 100vw, 300px\" \/><\/a> IL RIASSUNTO DI UNA VICENDA DIFFICILE DA SPIEGARE AGLI ANZIANI A LORO PARENTI.<\/h3>\n<h3>Visto da fuori si ha come l&#8217;impressione che chi ha gestito la struttura donata alla vallata agordina da Bruno Dai Pra, lo abbia fatto prendendo tra le mani una pubblica struttura che oggi da l&#8217;impressione di essere &#8220;privata&#8221; sulla quale lucrare, fare affari, business.\u00a0 L&#8217;Unione Montana lavora per il passaggio delle competenze ad Asca con buona pace di anziani a loro parenti, ma non si intravvedono soluzioni, la fine dell&#8217;anno \u00e8 vicina e i dipendenti sono molto preoccupati. Siamo certi che prima o poi qualcuno arriver\u00e0 a Taibon, aprir\u00e0 i forzieri, legger\u00e0 i documenti e tirer\u00e0 le giuste conclusioni affinch\u00e9 gli utenti &#8211; chi paga e non poco &#8211; tirino un sospiro di sollievo.<\/h3>\n<p><strong>di GIANNI SANTOMASO, TUTTI I SERVIZI ALLA RADIO<\/strong><\/p><\/blockquote>\n<audio class=\"wp-audio-shortcode\" id=\"audio-367462-2\" preload=\"none\" style=\"width: 100%;\" controls=\"controls\"><source type=\"audio\/mpeg\" src=\"https:\/\/www.radiopiu.net\/wordpress\/wp-content\/uploads\/2023\/11\/speciale-casa-soggiorno-completo.mp3?_=2\" \/><a href=\"https:\/\/www.radiopiu.net\/wordpress\/wp-content\/uploads\/2023\/11\/speciale-casa-soggiorno-completo.mp3\">https:\/\/www.radiopiu.net\/wordpress\/wp-content\/uploads\/2023\/11\/speciale-casa-soggiorno-completo.mp3<\/a><\/audio>\n<p>&nbsp;<\/p>\n<p>&nbsp;<\/p>\n<p>******<\/p>\n","protected":false},"excerpt":{"rendered":"<p>&nbsp; DAL GIORNALE RADIOPIU DEL 23 DICEMBRE 2023. DI GIANNI SANTOMASO. &nbsp; NOTIFICATO LO SFRATTO ALLA ONLUS CHE GESTISCE LA CASA DI RIPOSO DI TAIBON TAIBON DI GIANNI SANTOMASO &nbsp; &nbsp; IL RIASSUNTO DI UNA VICENDA DIFFICILE DA SPIEGARE AGLI ANZIANI A LORO PARENTI. Visto da fuori si ha come l&#8217;impressione che chi ha gestito&hellip;<\/p>\n","protected":false},"author":4,"featured_media":190126,"comment_status":"closed","ping_status":"closed","sticky":false,"template":"","format":"standard","meta":{"_monsterinsights_skip_tracking":false,"_monsterinsights_sitenote_active":false,"_monsterinsights_sitenote_note":"","_monsterinsights_sitenote_category":0,"footnotes":""},"categories":[51,49],"tags":[],"class_list":["post-367462","post","type-post","status-publish","format-standard","has-post-thumbnail","hentry","category-evidenza-top","category-news-18","category-51","category-49","description-off"],"img_url":"https:\/\/www.radiopiu.net\/wordpress\/wp-content\/uploads\/2021\/02\/CASA-SOGGIORNO-TAIBON.jpg","_links":{"self":[{"href":"https:\/\/www.radiopiu.net\/wordpress\/wp-json\/wp\/v2\/posts\/367462","targetHints":{"allow":["GET"]}}],"collection":[{"href":"https:\/\/www.radiopiu.net\/wordpress\/wp-json\/wp\/v2\/posts"}],"about":[{"href":"https:\/\/www.radiopiu.net\/wordpress\/wp-json\/wp\/v2\/types\/post"}],"author":[{"embeddable":true,"href":"https:\/\/www.radiopiu.net\/wordpress\/wp-json\/wp\/v2\/users\/4"}],"replies":[{"embeddable":true,"href":"https:\/\/www.radiopiu.net\/wordpress\/wp-json\/wp\/v2\/comments?post=367462"}],"version-history":[{"count":0,"href":"https:\/\/www.radiopiu.net\/wordpress\/wp-json\/wp\/v2\/posts\/367462\/revisions"}],"wp:featuredmedia":[{"embeddable":true,"href":"https:\/\/www.radiopiu.net\/wordpress\/wp-json\/wp\/v2\/media\/190126"}],"wp:attachment":[{"href":"https:\/\/www.radiopiu.net\/wordpress\/wp-json\/wp\/v2\/media?parent=367462"}],"wp:term":[{"taxonomy":"category","embeddable":true,"href":"https:\/\/www.radiopiu.net\/wordpress\/wp-json\/wp\/v2\/categories?post=367462"},{"taxonomy":"post_tag","embeddable":true,"href":"https:\/\/www.radiopiu.net\/wordpress\/wp-json\/wp\/v2\/tags?post=367462"}],"curies":[{"name":"wp","href":"https:\/\/api.w.org\/{rel}","templated":true}]}}