{"id":367581,"date":"2023-12-26T19:08:47","date_gmt":"2023-12-26T18:08:47","guid":{"rendered":"https:\/\/www.radiopiu.net\/wordpress\/?p=367581"},"modified":"2023-12-26T19:08:47","modified_gmt":"2023-12-26T18:08:47","slug":"escursionisti-in-difficolta-a-causa-della-nebbia","status":"publish","type":"post","link":"https:\/\/www.radiopiu.net\/wordpress\/escursionisti-in-difficolta-a-causa-della-nebbia\/","title":{"rendered":"ESCURSIONISTI IN DIFFICOLTA&#8217; A CAUSA DELLA NEBBIA"},"content":{"rendered":"<p><strong>*****<\/strong><\/p>\n<p>&nbsp;<\/p>\n<p><strong>CESIOMAGGIORE<\/strong> Verso le 15 la Centrale del 118 \u00e8 stata attivata da due escursionisti in difficolt\u00e0 a causa della nebbia. I due amici di Santa Giustina erano saliti sul Palmar e da l\u00ec avevano raggiunto la vetta del Monte Cimone. Al momento di scendere, erano entrati in un banco di nebbia a circa 1.700 metri di quota e avevano perso l&#8217;orientamento. Una squadra del Soccorso alpino di Feltre, dopo aver dato indicazioni per ritornare sul sentiero, \u00e8 partita per andare loro incontro. Poco dopo i due hanno chiamato che avevano ritrovato la traccia e avevano ripreso la discesa.<\/p>\n<p>&nbsp;<\/p>\n<p>&nbsp;<\/p>\n<p>*******<\/p>\n","protected":false},"excerpt":{"rendered":"<p>***** &nbsp; CESIOMAGGIORE Verso le 15 la Centrale del 118 \u00e8 stata attivata da due escursionisti in difficolt\u00e0 a causa della nebbia. I due amici di Santa Giustina erano saliti sul Palmar e da l\u00ec avevano raggiunto la vetta del Monte Cimone. Al momento di scendere, erano entrati in un banco di nebbia a circa&hellip;<\/p>\n","protected":false},"author":4,"featured_media":270917,"comment_status":"closed","ping_status":"closed","sticky":false,"template":"","format":"standard","meta":{"_monsterinsights_skip_tracking":false,"_monsterinsights_sitenote_active":false,"_monsterinsights_sitenote_note":"","_monsterinsights_sitenote_category":0,"footnotes":""},"categories":[49],"tags":[],"class_list":["post-367581","post","type-post","status-publish","format-standard","has-post-thumbnail","hentry","category-news-18","category-49","description-off"],"img_url":"https:\/\/www.radiopiu.net\/wordpress\/wp-content\/uploads\/2022\/04\/soccorso-alpino-1024x602-1.jpg","_links":{"self":[{"href":"https:\/\/www.radiopiu.net\/wordpress\/wp-json\/wp\/v2\/posts\/367581","targetHints":{"allow":["GET"]}}],"collection":[{"href":"https:\/\/www.radiopiu.net\/wordpress\/wp-json\/wp\/v2\/posts"}],"about":[{"href":"https:\/\/www.radiopiu.net\/wordpress\/wp-json\/wp\/v2\/types\/post"}],"author":[{"embeddable":true,"href":"https:\/\/www.radiopiu.net\/wordpress\/wp-json\/wp\/v2\/users\/4"}],"replies":[{"embeddable":true,"href":"https:\/\/www.radiopiu.net\/wordpress\/wp-json\/wp\/v2\/comments?post=367581"}],"version-history":[{"count":0,"href":"https:\/\/www.radiopiu.net\/wordpress\/wp-json\/wp\/v2\/posts\/367581\/revisions"}],"wp:featuredmedia":[{"embeddable":true,"href":"https:\/\/www.radiopiu.net\/wordpress\/wp-json\/wp\/v2\/media\/270917"}],"wp:attachment":[{"href":"https:\/\/www.radiopiu.net\/wordpress\/wp-json\/wp\/v2\/media?parent=367581"}],"wp:term":[{"taxonomy":"category","embeddable":true,"href":"https:\/\/www.radiopiu.net\/wordpress\/wp-json\/wp\/v2\/categories?post=367581"},{"taxonomy":"post_tag","embeddable":true,"href":"https:\/\/www.radiopiu.net\/wordpress\/wp-json\/wp\/v2\/tags?post=367581"}],"curies":[{"name":"wp","href":"https:\/\/api.w.org\/{rel}","templated":true}]}}