{"id":367584,"date":"2023-12-26T19:19:40","date_gmt":"2023-12-26T18:19:40","guid":{"rendered":"https:\/\/www.radiopiu.net\/wordpress\/?p=367584"},"modified":"2023-12-26T19:19:40","modified_gmt":"2023-12-26T18:19:40","slug":"addio-ad-angelo-devich-uno-dei-padri-dellelisoccorso","status":"publish","type":"post","link":"https:\/\/www.radiopiu.net\/wordpress\/addio-ad-angelo-devich-uno-dei-padri-dellelisoccorso\/","title":{"rendered":"ADDIO AD ANGELO DEVICH, UNO DEI PADRI DELL&#8217;ELISOCCORSO"},"content":{"rendered":"<p>*****<\/p>\n<p>&nbsp;<\/p>\n<p><strong><a class=\"dt-pswp-item\" href=\"https:\/\/www.radiopiu.net\/wordpress\/wp-content\/uploads\/2023\/12\/SCR-20231226-qvea.jpeg\" data-dt-img-description=\"\" data-large_image_width=\"2330\" data-large_image_height=\"1554\"><img loading=\"lazy\" decoding=\"async\" class=\" wp-image-367585 alignleft\" src=\"https:\/\/www.radiopiu.net\/wordpress\/wp-content\/uploads\/2023\/12\/SCR-20231226-qvea-300x200.jpeg\" alt=\"\" width=\"173\" height=\"115\" srcset=\"https:\/\/www.radiopiu.net\/wordpress\/wp-content\/uploads\/2023\/12\/SCR-20231226-qvea-300x200.jpeg 300w, https:\/\/www.radiopiu.net\/wordpress\/wp-content\/uploads\/2023\/12\/SCR-20231226-qvea-1024x683.jpeg 1024w, https:\/\/www.radiopiu.net\/wordpress\/wp-content\/uploads\/2023\/12\/SCR-20231226-qvea-768x512.jpeg 768w, https:\/\/www.radiopiu.net\/wordpress\/wp-content\/uploads\/2023\/12\/SCR-20231226-qvea-1536x1024.jpeg 1536w, https:\/\/www.radiopiu.net\/wordpress\/wp-content\/uploads\/2023\/12\/SCR-20231226-qvea-2048x1366.jpeg 2048w\" sizes=\"auto, (max-width: 173px) 100vw, 173px\" \/><\/a>LIVINALLONGO<\/strong> Angelo Devich, uno dei padri dell&#8217;elisoccorso in montagna noto come Suem 118, \u00e8 deceduto all&#8217;et\u00e0 di 75 anni. Devich \u00e8 stato fondatore del Cnsas delle Prealpi Trevigiane e ha svolto un ruolo chiave nell&#8217;avviare il servizio di elisoccorso. Nel 1986, inizi\u00f2 una trattativa importante con il Dipartimento della Sanit\u00e0 della Regione Veneto per ottenere finanziamenti e garantire un servizio efficace di elisoccorso. Il Suem nacque due anni dopo, grazie agli sforzi congiunti di Devich e altri. La sua dedizione e la sua battaglia per il servizio furono fondamentali, anche quando molti nell&#8217;area di Belluno non credevano nel progetto. Angelo Devich lascia la moglie Susy e la nipote Alena. I funerali si terranno in forma privata, con le ceneri deposte nel cimitero di Livinallongo.<\/p>\n<p>(foto: Corriere Delle Alpi)<\/p>\n<p>&nbsp;<\/p>\n<p>&nbsp;<\/p>\n<p>******<\/p>\n","protected":false},"excerpt":{"rendered":"<p>***** &nbsp; LIVINALLONGO Angelo Devich, uno dei padri dell&#8217;elisoccorso in montagna noto come Suem 118, \u00e8 deceduto all&#8217;et\u00e0 di 75 anni. Devich \u00e8 stato fondatore del Cnsas delle Prealpi Trevigiane e ha svolto un ruolo chiave nell&#8217;avviare il servizio di elisoccorso. Nel 1986, inizi\u00f2 una trattativa importante con il Dipartimento della Sanit\u00e0 della Regione Veneto&hellip;<\/p>\n","protected":false},"author":4,"featured_media":367585,"comment_status":"closed","ping_status":"closed","sticky":false,"template":"","format":"standard","meta":{"_monsterinsights_skip_tracking":false,"_monsterinsights_sitenote_active":false,"_monsterinsights_sitenote_note":"","_monsterinsights_sitenote_category":0,"footnotes":""},"categories":[51,49],"tags":[],"class_list":["post-367584","post","type-post","status-publish","format-standard","has-post-thumbnail","hentry","category-evidenza-top","category-news-18","category-51","category-49","description-off"],"img_url":"https:\/\/www.radiopiu.net\/wordpress\/wp-content\/uploads\/2023\/12\/SCR-20231226-qvea.jpeg","_links":{"self":[{"href":"https:\/\/www.radiopiu.net\/wordpress\/wp-json\/wp\/v2\/posts\/367584","targetHints":{"allow":["GET"]}}],"collection":[{"href":"https:\/\/www.radiopiu.net\/wordpress\/wp-json\/wp\/v2\/posts"}],"about":[{"href":"https:\/\/www.radiopiu.net\/wordpress\/wp-json\/wp\/v2\/types\/post"}],"author":[{"embeddable":true,"href":"https:\/\/www.radiopiu.net\/wordpress\/wp-json\/wp\/v2\/users\/4"}],"replies":[{"embeddable":true,"href":"https:\/\/www.radiopiu.net\/wordpress\/wp-json\/wp\/v2\/comments?post=367584"}],"version-history":[{"count":0,"href":"https:\/\/www.radiopiu.net\/wordpress\/wp-json\/wp\/v2\/posts\/367584\/revisions"}],"wp:featuredmedia":[{"embeddable":true,"href":"https:\/\/www.radiopiu.net\/wordpress\/wp-json\/wp\/v2\/media\/367585"}],"wp:attachment":[{"href":"https:\/\/www.radiopiu.net\/wordpress\/wp-json\/wp\/v2\/media?parent=367584"}],"wp:term":[{"taxonomy":"category","embeddable":true,"href":"https:\/\/www.radiopiu.net\/wordpress\/wp-json\/wp\/v2\/categories?post=367584"},{"taxonomy":"post_tag","embeddable":true,"href":"https:\/\/www.radiopiu.net\/wordpress\/wp-json\/wp\/v2\/tags?post=367584"}],"curies":[{"name":"wp","href":"https:\/\/api.w.org\/{rel}","templated":true}]}}