{"id":367614,"date":"2023-12-28T05:46:50","date_gmt":"2023-12-28T04:46:50","guid":{"rendered":"https:\/\/www.radiopiu.net\/wordpress\/?p=367614"},"modified":"2023-12-28T08:50:26","modified_gmt":"2023-12-28T07:50:26","slug":"giornale-radiopiu-28-dicembre-2023-direttore-mirko-mezzacasada-40-anni-25-giugno-1983-25-giugno-2023","status":"publish","type":"post","link":"https:\/\/www.radiopiu.net\/wordpress\/giornale-radiopiu-28-dicembre-2023-direttore-mirko-mezzacasada-40-anni-25-giugno-1983-25-giugno-2023\/","title":{"rendered":"GIORNALE RADIOPIU 28 DICEMBRE 2023 DIRETTORE MIRKO MEZZACASA\u2026DA 40 ANNI 25 GIUGNO 1983-25 GIUGNO 2023"},"content":{"rendered":"<p>*****<\/p>\n<p>&nbsp;<\/p>\n<h1 class=\"entry-title photoswipe-wrapper\">40esimo di RADIOPIU\u2026. LA VOCE DELL\u2019EMOZIONE<\/h1>\n<h2><span style=\"color: #ff0000;\">ISCRIVITI AL NOSTRO CANALE\u00a0\u00a0YOUTUBE PER SEGUIRE IN DIRETTA I PRINCIPALI PROGRAMMI DI RADIO PIU\u2019 E LE FUTURE DIRETTE IN ESTERNA. PER ISCRIVERTI <a style=\"color: #ff0000;\" href=\"https:\/\/youtube.com\/@radiopiu1527\">CLICCA QUI\u00a0<\/a>E PREMI\u00a0 \u201cIscriviti\u201d\u00a0<\/span><\/h2>\n<p><strong>\u00a0\u00a0<\/strong><\/p>\n<p>&nbsp;<\/p>\n<p>&nbsp;<\/p>\n<hr \/>\n<p>&nbsp;<\/p>\n<p>&nbsp;<\/p>\n<blockquote>\n<blockquote>\n<h1><span style=\"color: #ff0000;\">i podcast informativi del mattino &#8211; audio &#8211;\u00a0<\/span><\/h1>\n<\/blockquote>\n<p><strong><a class=\"dt-pswp-item\" href=\"https:\/\/www.radiopiu.net\/wordpress\/wp-content\/uploads\/2023\/11\/th-10.jpg\" data-dt-img-description=\"\" data-large_image_width=\"320\" data-large_image_height=\"180\"><img loading=\"lazy\" decoding=\"async\" class=\"wp-image-362866 alignleft\" src=\"https:\/\/www.radiopiu.net\/wordpress\/wp-content\/uploads\/2023\/11\/th-10-300x169.jpg\" alt=\"\" width=\"185\" height=\"104\" srcset=\"https:\/\/www.radiopiu.net\/wordpress\/wp-content\/uploads\/2023\/11\/th-10-300x169.jpg 300w, https:\/\/www.radiopiu.net\/wordpress\/wp-content\/uploads\/2023\/11\/th-10.jpg 320w\" sizes=\"auto, (max-width: 185px) 100vw, 185px\" \/><\/a>LA RASSEGNA STAMPA NAZIONALE ALLA RADIO, OGNI GIORNO ALLE 5 E ALLE 6 DEL MATTINO <span style=\"color: #0000ff;\">viene pubblicata alle 6.00 <span style=\"color: #ff0000;\">DIRETTA RADIO<\/span><\/span><\/strong><\/p><\/blockquote>\n<p>Natale di sangue nei territori palestinesi dove prosegue l&#8217;offensiva israeliana. Intanto l&#8217;Iran ha comunicato all&#8217;ONU che si riserva di rispondere a Israele che ha lanciato tre razzi, uccidendo in Siria un generale che faceva da collegamento con Esbolla. Sulla situazione in Ukraina \u00e8 medio oriente, il nuovo appello di Papa Francesco nell&#8217;udienza generale.<\/p>\n<p><strong>AUDIO<\/strong><\/p>\n<audio class=\"wp-audio-shortcode\" id=\"audio-367614-1\" preload=\"none\" style=\"width: 100%;\" controls=\"controls\"><source type=\"audio\/mpeg\" src=\"https:\/\/www.radiopiu.net\/wordpress\/wp-content\/uploads\/2023\/12\/GIORNALEDELLESEI-23.mp3?_=1\" \/><a href=\"https:\/\/www.radiopiu.net\/wordpress\/wp-content\/uploads\/2023\/12\/GIORNALEDELLESEI-23.mp3\">https:\/\/www.radiopiu.net\/wordpress\/wp-content\/uploads\/2023\/12\/GIORNALEDELLESEI-23.mp3<\/a><\/audio>\n<p>&nbsp;<\/p>\n<p>&nbsp;<\/p>\n<p>&nbsp;<\/p>\n<p><strong><a class=\"dt-pswp-item\" href=\"https:\/\/www.radiopiu.net\/wordpress\/wp-content\/uploads\/2023\/12\/images.png\" data-dt-img-description=\"\" data-large_image_width=\"316\" data-large_image_height=\"160\"><img loading=\"lazy\" decoding=\"async\" class=\"wp-image-367008 alignleft\" src=\"https:\/\/www.radiopiu.net\/wordpress\/wp-content\/uploads\/2023\/12\/images-300x152.png\" alt=\"\" width=\"235\" height=\"119\" srcset=\"https:\/\/www.radiopiu.net\/wordpress\/wp-content\/uploads\/2023\/12\/images-300x152.png 300w, https:\/\/www.radiopiu.net\/wordpress\/wp-content\/uploads\/2023\/12\/images.png 316w\" sizes=\"auto, (max-width: 235px) 100vw, 235px\" \/><\/a>OGNI GIORNO ALLE SETTE DEL MATTINO, LA RASSEGNA STAMPA LOCALE FLASH&#8230; PER CHI VA IN FRETTA. I TITOLI DAI GIORNALI E DAL SITO WWW.RADIOPIU.NET <span style=\"color: #0000ff;\">viene pubblicato alle 7.00<\/span> <span style=\"color: #ff0000;\">DIRETTA RADIO\u00a0<\/span><\/strong><\/p>\n<p><em><span style=\"color: #ff0000;\">per chi va in fretta&#8230; tante notizie in pochi minuti<\/span><\/em><\/p>\n<p>&nbsp;<\/p>\n<p>&nbsp;<\/p>\n<audio class=\"wp-audio-shortcode\" id=\"audio-367614-2\" preload=\"none\" style=\"width: 100%;\" controls=\"controls\"><source type=\"audio\/mpeg\" src=\"https:\/\/www.radiopiu.net\/wordpress\/wp-content\/uploads\/2023\/12\/giornale07-21.mp3?_=2\" \/><a href=\"https:\/\/www.radiopiu.net\/wordpress\/wp-content\/uploads\/2023\/12\/giornale07-21.mp3\">https:\/\/www.radiopiu.net\/wordpress\/wp-content\/uploads\/2023\/12\/giornale07-21.mp3<\/a><\/audio>\n<p>&nbsp;<\/p>\n<p>&nbsp;<\/p>\n<p>&nbsp;<\/p>\n<p>&nbsp;<\/p>\n<blockquote><p><strong><a class=\"dt-pswp-item\" href=\"https:\/\/www.radiopiu.net\/wordpress\/wp-content\/uploads\/2021\/07\/microfono-radio-ok-768x448-768x448-1.jpg\" data-dt-img-description=\"\" data-large_image_width=\"768\" data-large_image_height=\"448\"><img loading=\"lazy\" decoding=\"async\" class=\"wp-image-220632 alignleft\" src=\"https:\/\/www.radiopiu.net\/wordpress\/wp-content\/uploads\/2021\/07\/microfono-radio-ok-768x448-768x448-1-300x175.jpg\" alt=\"\" width=\"178\" height=\"104\" srcset=\"https:\/\/www.radiopiu.net\/wordpress\/wp-content\/uploads\/2021\/07\/microfono-radio-ok-768x448-768x448-1-300x175.jpg 300w, https:\/\/www.radiopiu.net\/wordpress\/wp-content\/uploads\/2021\/07\/microfono-radio-ok-768x448-768x448-1.jpg 768w\" sizes=\"auto, (max-width: 178px) 100vw, 178px\" \/><\/a>GIORNALE RADIO NAZIONALE, EDIZIONE DELLE SETTE <span style=\"color: #0000ff;\">viene pubblicato alle 7.05 <span style=\"color: #ff0000;\">DIRETTA RADIO\u00a0<\/span><\/span><\/strong><\/p><\/blockquote>\n<p>&nbsp;<\/p>\n<p>&nbsp;<\/p>\n<p><strong>AUDIO<\/strong><\/p>\n<audio class=\"wp-audio-shortcode\" id=\"audio-367614-3\" preload=\"none\" style=\"width: 100%;\" controls=\"controls\"><source type=\"audio\/mpeg\" src=\"https:\/\/www.radiopiu.net\/wordpress\/wp-content\/uploads\/2023\/12\/GF07-4.mp3?_=3\" \/><a href=\"https:\/\/www.radiopiu.net\/wordpress\/wp-content\/uploads\/2023\/12\/GF07-4.mp3\">https:\/\/www.radiopiu.net\/wordpress\/wp-content\/uploads\/2023\/12\/GF07-4.mp3<\/a><\/audio>\n<p>&nbsp;<\/p>\n<p>&nbsp;<\/p>\n<p>&nbsp;<\/p>\n<p>&nbsp;<\/p>\n<blockquote>\n<h2><strong><a class=\"dt-pswp-item\" href=\"https:\/\/www.radiopiu.net\/wordpress\/wp-content\/uploads\/2023\/12\/th-10.jpg\" data-dt-img-description=\"\" data-large_image_width=\"245\" data-large_image_height=\"180\"><img loading=\"lazy\" decoding=\"async\" class=\" wp-image-367395 alignleft\" src=\"https:\/\/www.radiopiu.net\/wordpress\/wp-content\/uploads\/2023\/12\/th-10.jpg\" alt=\"\" width=\"166\" height=\"122\" \/><\/a>RASSEGNA STAMPA LOCALE, ORE OTTO 05<\/strong><\/h2>\n<h2><strong> <span style=\"color: #0000ff;\">viene\u00a0 <\/span><\/strong><strong><span style=\"color: #0000ff;\">pubblicata alle 8.05 <span style=\"color: #ff0000;\">DIRETTA RADIO\u00a0<\/span><\/span><\/strong><\/h2>\n<\/blockquote>\n<h1><\/h1>\n<p>&nbsp;<\/p>\n<p>&nbsp;<\/p>\n<blockquote class=\"wp-embedded-content\" data-secret=\"XYkRNhKYBq\"><p><a href=\"https:\/\/www.radiopiu.net\/wordpress\/dal-1983-loriginale-la-rassegna-stampa-locale-di-mirko-mezzacasa-8\/\">dal 1983 L&#8217;ORIGINALE! la rassegna stampa locale di mirko mezzacasa<\/a><\/p><\/blockquote>\n<p><iframe loading=\"lazy\" class=\"wp-embedded-content\" sandbox=\"allow-scripts\" security=\"restricted\" style=\"position: absolute; clip: rect(1px, 1px, 1px, 1px);\" title=\"&#8220;dal 1983 L&#8217;ORIGINALE! la rassegna stampa locale di mirko mezzacasa&#8221; &#8212; Radio Pi\u00f9\" src=\"https:\/\/www.radiopiu.net\/wordpress\/dal-1983-loriginale-la-rassegna-stampa-locale-di-mirko-mezzacasa-8\/embed\/#?secret=kY8W99Z1Um#?secret=XYkRNhKYBq\" data-secret=\"XYkRNhKYBq\" width=\"600\" height=\"338\" frameborder=\"0\" marginwidth=\"0\" marginheight=\"0\" scrolling=\"no\"><\/iframe><\/p>\n<p>&nbsp;<\/p>\n<hr \/>\n<p>&nbsp;<\/p>\n<p>&nbsp;<\/p>\n<p><a class=\"dt-pswp-item\" href=\"https:\/\/www.radiopiu.net\/wordpress\/wp-content\/uploads\/2023\/10\/34f4cfc6-e863-46e9-9695-8df44be63421.jpg\" data-dt-img-description=\"\" data-large_image_width=\"1200\" data-large_image_height=\"1200\"><img loading=\"lazy\" decoding=\"async\" class=\"wp-image-357393 alignleft\" src=\"https:\/\/www.radiopiu.net\/wordpress\/wp-content\/uploads\/2023\/10\/34f4cfc6-e863-46e9-9695-8df44be63421-300x300.jpg\" alt=\"\" width=\"81\" height=\"81\" srcset=\"https:\/\/www.radiopiu.net\/wordpress\/wp-content\/uploads\/2023\/10\/34f4cfc6-e863-46e9-9695-8df44be63421-300x300.jpg 300w, https:\/\/www.radiopiu.net\/wordpress\/wp-content\/uploads\/2023\/10\/34f4cfc6-e863-46e9-9695-8df44be63421-1024x1024.jpg 1024w, https:\/\/www.radiopiu.net\/wordpress\/wp-content\/uploads\/2023\/10\/34f4cfc6-e863-46e9-9695-8df44be63421-150x150.jpg 150w, https:\/\/www.radiopiu.net\/wordpress\/wp-content\/uploads\/2023\/10\/34f4cfc6-e863-46e9-9695-8df44be63421-768x768.jpg 768w, https:\/\/www.radiopiu.net\/wordpress\/wp-content\/uploads\/2023\/10\/34f4cfc6-e863-46e9-9695-8df44be63421.jpg 1200w\" sizes=\"auto, (max-width: 81px) 100vw, 81px\" \/><\/a>OGGI ALLA RADIO: <strong>ALLE 7<\/strong> LA RASSEGNA STAMPA LOCALE FLASH, PER CHI COME NOI ALLE SETTE DEL MATTINO VA DI FRETTA, TANTE NOTIZIE IN POCHE CHIACCHIERE. <strong>ALLE OTTO<\/strong> L&#8217;APPROFONDIMENTO NELLA STORICA RASSEGNA STAMPA LOCALE.\u00a0 DALLE 6 ALLE 21, OGNI ORA, L&#8217;INFORMAZIONE NAZIONALE, l&#8217;informazione locale, ALLE 10 flash. 11flash. 14 viabilit\u00e0. 15meteo. 16flash. 17flash. 18flash. 19 i titoli di Antenna 3<\/p>\n<p><strong>OGGI ALLE 9 IL COUNTRY CON ALEX NASCINMBEN, ALLE 10.30 E 1900 ANDREA DAL FARRA, MAX ED ELISA TOSI, CHRISTIAN MORETTI, &#8220;DOMINATOR NIGHT&#8221;. ALLE 20.30 INTANTO ME LA CANTO, A SEGUIRE MORENO TOCCHETTO E SIRO LENA CON JESSICA WALKING AROUND THE MUSIC<\/strong><\/p>\n<p>&nbsp;<\/p>\n<hr \/>\n<p>&nbsp;<\/p>\n<blockquote>\n<h3>E&#8217; MORTO IL PITTORE DELLE SUGGESTIVE ATMOSFERE E COLORI<\/h3>\n<\/blockquote>\n<p><strong><a class=\"dt-pswp-item\" href=\"https:\/\/www.radiopiu.net\/wordpress\/wp-content\/uploads\/2019\/07\/Senza-nome.png\" data-dt-img-description=\"\" data-large_image_width=\"179\" data-large_image_height=\"182\"><img loading=\"lazy\" decoding=\"async\" class=\"size-full wp-image-367692 alignleft\" src=\"https:\/\/www.radiopiu.net\/wordpress\/wp-content\/uploads\/2019\/07\/Senza-nome.png\" alt=\"\" width=\"179\" height=\"182\" \/><\/a>CANALE D&#8217;AGORDO\u00a0<\/strong> Abbiamo perso Giuliano De Rocco, il pittore di Canale d&#8217;Agordo, nato nel 1934, il 14 gennaio prossimo avrebbe compiuto 90 anni. Un artista le cui opere hanno condotto in luoghi nascosti.\u00a0Dunio Piccolin ha sottolineato la capacit\u00e0 dell&#8217;artista di trasformare la realt\u00e0 in poesia. Mario Rigoni Stern ne ha elogiato la sincerit\u00e0 quasi imbarazzante delle sue opere, definendolo un montanaro fedele e sottolineando il legame tra il pittore e la sua terra.<\/p>\n<p><strong>BIOGRAFIA<\/strong> <span class=\" OGiC0d\">Giuliano De Rocco \u00e8 nato a Canale d&#8217; Agordo il 14 gennaio 1934 dove ha vissuto. <\/span><span class=\" OGiC0d\">Autodidatta, inizia a dipingere a diciotto anni aiutato dalla pittrice Fausta Luciani. <\/span><span class=\" OGiC0d\">Studia a Venezia con il professor Galletti e con il maestro Cadorin. <\/span><span class=\" OGiC0d\">Nel 1962, grazie a Renato Guttuso, ha un&#8217;esperienza artistica con Pizzinato e Zancanaro, ma il mondo della poesia e della montagna restano gli ambiti preferiti per le sue creazioni. <\/span><span class=\" OGiC0d\">Critici ed estimatori lo collocano fra i pi\u00f9 rappresentativi pittori contemporanei.\u00a0 Le s<\/span><span class=\" OGiC0d\">ue opere figurano in importanti musei e gallerie italiane ed estere.<\/span><\/p>\n<p><strong>DI GIANNI SANTOMASO<\/strong><\/p>\n<audio class=\"wp-audio-shortcode\" id=\"audio-367614-4\" preload=\"none\" style=\"width: 100%;\" controls=\"controls\"><source type=\"audio\/mpeg\" src=\"https:\/\/www.radiopiu.net\/wordpress\/wp-content\/uploads\/2023\/12\/GIANNI-GIULIANO-DE-ROCCO.mp3?_=4\" \/><a href=\"https:\/\/www.radiopiu.net\/wordpress\/wp-content\/uploads\/2023\/12\/GIANNI-GIULIANO-DE-ROCCO.mp3\">https:\/\/www.radiopiu.net\/wordpress\/wp-content\/uploads\/2023\/12\/GIANNI-GIULIANO-DE-ROCCO.mp3<\/a><\/audio>\n<p>&nbsp;<\/p>\n<p><span style=\"color: #ff0000;\"><strong>Archivio RADIOPIU 2019.<\/strong><\/span><\/p>\n<blockquote>\n<h3>UN PAESE PER MANIFESTARE AMMIRAZIONE A GIULIANO DE ROCCO<\/h3>\n<\/blockquote>\n<p><strong><a class=\"dt-pswp-item\" href=\"http:\/\/www.radiopiu.net\/wordpress\/wp-content\/uploads\/2019\/07\/GDeRoccoA_0001.jpg\" data-dt-img-description=\"\" data-large_image_width=\"1476\" data-large_image_height=\"996\"><img loading=\"lazy\" decoding=\"async\" class=\" wp-image-92276 alignleft\" src=\"http:\/\/www.radiopiu.net\/wordpress\/wp-content\/uploads\/2019\/07\/GDeRoccoA_0001-300x202.jpg\" alt=\"\" width=\"264\" height=\"178\" srcset=\"https:\/\/www.radiopiu.net\/wordpress\/wp-content\/uploads\/2019\/07\/GDeRoccoA_0001-300x202.jpg 300w, https:\/\/www.radiopiu.net\/wordpress\/wp-content\/uploads\/2019\/07\/GDeRoccoA_0001-768x518.jpg 768w, https:\/\/www.radiopiu.net\/wordpress\/wp-content\/uploads\/2019\/07\/GDeRoccoA_0001-1024x691.jpg 1024w, https:\/\/www.radiopiu.net\/wordpress\/wp-content\/uploads\/2019\/07\/GDeRoccoA_0001.jpg 1476w\" sizes=\"auto, (max-width: 264px) 100vw, 264px\" \/><\/a>CANALE D&#8217;AGORDO<\/strong> Per smentire la famosa locuzione latina del \u00abNemo propheta in patria\u00bb e manifestare ammirazione e affetto a un figlio che onora con l\u2019arte il proprio paese, Comune, Pro Loco e Biblioteca di Canale d\u2019Agordo hanno pensato di rendere un omaggio particolare a Giuliano De Rocco, il pittore canalino di riconosciuta fama a livello nazionale e internazionale. L\u2019evento si svolger\u00e0\u00a0 in sala Conferenze del Museo Papa Luciani ci sar\u00e0 l\u2019incontro con l\u2019artista mediante proiezioni e lettura di testimonianze di stima e apprezzamento rivolte a De Rocco dai pi\u00f9 prestigiosi nomi della critica e dell\u2019arte italiana.<\/p>\n<p>In tale occasione,si riuniranno gli artisti scultori che operano con la loro arte in questo paese\u00a0 ricco di tradizioni. Walter De Biasio \u201cel Zoldo\u201d, artista scultore locale,ha organizzato questa simpatica conviviale manifestazione, a tutte le persone che vorranno parteciparvi. Questi scultori del legno, hanno titolato il gruppo \u201cLO SCALPELLO MAGICO\u201d<\/p>\n<p>Foto: Giuliano De Rocco all\u2019opera, in una bella immagine d\u2019archivio.<\/p>\n<p>&nbsp;<\/p>\n<blockquote>\n<h3><a class=\"dt-pswp-item\" href=\"https:\/\/www.radiopiu.net\/wordpress\/wp-content\/uploads\/2020\/06\/CANALE-DAGORDO-6.jpg\" data-dt-img-description=\"\" data-large_image_width=\"960\" data-large_image_height=\"720\"><img loading=\"lazy\" decoding=\"async\" class=\"wp-image-142143 alignleft\" src=\"https:\/\/www.radiopiu.net\/wordpress\/wp-content\/uploads\/2020\/06\/CANALE-DAGORDO-6-300x225.jpg\" alt=\"\" width=\"183\" height=\"138\" srcset=\"https:\/\/www.radiopiu.net\/wordpress\/wp-content\/uploads\/2020\/06\/CANALE-DAGORDO-6-300x225.jpg 300w, https:\/\/www.radiopiu.net\/wordpress\/wp-content\/uploads\/2020\/06\/CANALE-DAGORDO-6-768x576.jpg 768w, https:\/\/www.radiopiu.net\/wordpress\/wp-content\/uploads\/2020\/06\/CANALE-DAGORDO-6.jpg 960w\" sizes=\"auto, (max-width: 183px) 100vw, 183px\" \/><\/a>IL MESSAGGIO DELL\u2019AMMINISTRAZIONE COMUNALE DI CANALE D\u2019AGORDO, LA VICESINDACO MARILISA LUCHETTA<\/h3>\n<\/blockquote>\n<p>Giuliano De Rocco, illustre cittadino di Canale d\u2019Agordo, apprezzato e amato pittore, ci ha lasciati. Solo la settimana scorsa ci siamo scambiati gli auguri per le festivit\u00e0 natalizie, era sereno, sorridente. Se ne \u00e8 andato in punta di piedi, con discrezione. Ma cos\u00ec \u00e8 diventato ancora pi\u00f9 presente, continuando a parlarci dai tanti muri, dalle tante pareti, dai tanti quadri sui quali ha raccontato la nostra storia con atmosfere suggestive e figure che rendono immediatamente riconoscibile la sua pennellata, la sua poetica ed anche la sua ironia. L\u2019ultimo evento pubblico che lo ha visto protagonista di un affettuoso ed emozionante abbraccio di amici ed estimatori \u00e8 stata la mostra organizzata a Canale da Comune e Pro Loco nel 2019: un successo, giusto riconoscimento per un artista che si \u00e8 fatto valere ben oltre i confini regionali e che ha gettato i semi perch\u00e9 la pittura murale continui ad essere praticata secondo la tradizione. Grazie Giuliano, ti siamo riconoscenti.<\/p>\n<p>&nbsp;<\/p>\n<hr \/>\n<p>&nbsp;<\/p>\n<blockquote>\n<h3>PEZZI DI PAESE, di mirko mezzacasa<\/h3>\n<\/blockquote>\n\n\t\t\t<style type='text\/css'>\n\t\t\t\t#gallery-1 {\n\t\t\t\t\tmargin: auto;\n\t\t\t\t}\n\t\t\t\t#gallery-1 .gallery-item {\n\t\t\t\t\tfloat: left;\n\t\t\t\t\tmargin-top: 10px;\n\t\t\t\t\ttext-align: center;\n\t\t\t\t\twidth: 25%;\n\t\t\t\t}\n\t\t\t\t#gallery-1 img {\n\t\t\t\t\tborder: 2px solid #cfcfcf;\n\t\t\t\t}\n\t\t\t\t#gallery-1 .gallery-caption {\n\t\t\t\t\tmargin-left: 0;\n\t\t\t\t}\n\t\t\t\t\/* see gallery_shortcode() in wp-includes\/media.php *\/\n\t\t\t<\/style>\n\t\t<div id='gallery-1' class='dt-gallery-container gallery galleryid-367614 gallery-columns-4 gallery-size-thumbnail'><dl class='gallery-item'>\n\t\t\t\t<dt class='gallery-icon portrait'>\n\t\t\t\t\t<a class=\"rollover rollover-zoom dt-pswp-item\" title=\"giulio\" data-dt-img-description=\"\" data-large_image_width=\"276\" data-large_image_height=\"300\"href='https:\/\/www.radiopiu.net\/wordpress\/wp-content\/uploads\/2023\/12\/giulio.png'><img loading=\"lazy\" decoding=\"async\" width=\"150\" height=\"150\" src=\"https:\/\/www.radiopiu.net\/wordpress\/wp-content\/uploads\/2023\/12\/giulio-150x150.png\" class=\"attachment-thumbnail size-thumbnail\" alt=\"\" aria-describedby=\"gallery-1-367730\" \/><\/a>\n\t\t\t\t<\/dt>\n\t\t\t\t\t<dd class='wp-caption-text gallery-caption' id='gallery-1-367730'>\n\t\t\t\t\tgiulio soccol\n\t\t\t\t\t<\/dd><\/dl><dl class='gallery-item'>\n\t\t\t\t<dt class='gallery-icon portrait'>\n\t\t\t\t\t<a class=\"rollover rollover-zoom dt-pswp-item\" title=\"Senza nome\" data-dt-img-description=\"\" data-large_image_width=\"179\" data-large_image_height=\"182\"href='https:\/\/www.radiopiu.net\/wordpress\/wp-content\/uploads\/2023\/12\/Senza-nome-87.png'><img loading=\"lazy\" decoding=\"async\" width=\"150\" height=\"150\" src=\"https:\/\/www.radiopiu.net\/wordpress\/wp-content\/uploads\/2023\/12\/Senza-nome-87-150x150.png\" class=\"attachment-thumbnail size-thumbnail\" alt=\"\" aria-describedby=\"gallery-1-367731\" \/><\/a>\n\t\t\t\t<\/dt>\n\t\t\t\t\t<dd class='wp-caption-text gallery-caption' id='gallery-1-367731'>\n\t\t\t\t\tgiuliano de rocco\n\t\t\t\t\t<\/dd><\/dl><dl class='gallery-item'>\n\t\t\t\t<dt class='gallery-icon portrait'>\n\t\t\t\t\t<a class=\"rollover rollover-zoom dt-pswp-item\" title=\"paola\" data-dt-img-description=\"\" data-large_image_width=\"258\" data-large_image_height=\"277\"href='https:\/\/www.radiopiu.net\/wordpress\/wp-content\/uploads\/2023\/12\/paola.png'><img loading=\"lazy\" decoding=\"async\" width=\"150\" height=\"150\" src=\"https:\/\/www.radiopiu.net\/wordpress\/wp-content\/uploads\/2023\/12\/paola-150x150.png\" class=\"attachment-thumbnail size-thumbnail\" alt=\"\" aria-describedby=\"gallery-1-367729\" \/><\/a>\n\t\t\t\t<\/dt>\n\t\t\t\t\t<dd class='wp-caption-text gallery-caption' id='gallery-1-367729'>\n\t\t\t\t\tpaola miola\n\t\t\t\t\t<\/dd><\/dl><dl class='gallery-item'>\n\t\t\t\t<dt class='gallery-icon landscape'>\n\t\t\t\t\t<a class=\"rollover rollover-zoom dt-pswp-item\" title=\"lucia\" data-dt-img-description=\"\" data-large_image_width=\"210\" data-large_image_height=\"167\"href='https:\/\/www.radiopiu.net\/wordpress\/wp-content\/uploads\/2023\/12\/lucia.png'><img loading=\"lazy\" decoding=\"async\" width=\"150\" height=\"150\" src=\"https:\/\/www.radiopiu.net\/wordpress\/wp-content\/uploads\/2023\/12\/lucia-150x150.png\" class=\"attachment-thumbnail size-thumbnail\" alt=\"\" aria-describedby=\"gallery-1-367728\" \/><\/a>\n\t\t\t\t<\/dt>\n\t\t\t\t\t<dd class='wp-caption-text gallery-caption' id='gallery-1-367728'>\n\t\t\t\t\tlucia dai pra\n\t\t\t\t\t<\/dd><\/dl><br style=\"clear: both\" \/>\n\t\t\t<\/div>\n\n<p>&nbsp;<\/p>\n<p><strong>REDAZIONE<\/strong> Giorni di dolore a Taibon, un Natale di lutto, di nuovo un lutto, per la famiglia dei Napi. A pochi giorni dalla scomparsa di Napoleone &#8220;Napi&#8221;, se n&#8217;\u00e8 andato anche Giulio. Per noi cresciuti a Taibon, l&#8217;uno era l&#8217;idraulico, il pap\u00e0 ti mandava spesso a prendere un pezzo di tubo ed era la persona di riferimento per chi come me di idraulica non capiva un tubo. Giulio dei Napi era tanto nella nostra adolescenza, sorridente dietro al banco di un negozio di vicinato dove trovavi di tutto, giocattoli compresi e poi Giulio era l&#8217;uomo del gas, quello in bombole e il pap\u00e0 della Coscritta. E poco lontano l&#8217;ultimo saluto a Lucia. Per noi, cresciuti sul campo\u00a0 di sassi, oggi tappeto erboso Cesare Scatena,\u00a0 \u00a0era il volto noto, che da sopra vedeva il campo sportivo e le nostre marachelle, la compagna del &#8220;milio&#8221; Stel. Poco lontano, ad Agordo, si \u00e8 dissolto un pezzo della famiglia Miola. Paola \u00e8 stata la maestra a Taibon, prima di lei il pap\u00e0. Maestra della mia generazione e di mio nipote. A Canale d&#8217;Agordo \u00e8 calato un velo di tristezza per la morte di Giuliano, il pittore. Che abbiamo visto a fianco di Sandro Pertini, allora Presidente della Repubblica.\u00a0 Ma per ricordare l&#8217;artista Giuliano De Rocco ho chiesto aiuto ad un amico, a Loris Santomaso.<\/p>\n<p><strong>AUDIO Loris Santomaso ricorda Giuliano De Rocco<\/strong><\/p>\n<audio class=\"wp-audio-shortcode\" id=\"audio-367614-5\" preload=\"none\" style=\"width: 100%;\" controls=\"controls\"><source type=\"audio\/mpeg\" src=\"https:\/\/www.radiopiu.net\/wordpress\/wp-content\/uploads\/2023\/12\/GIORGIO-FONTANIVE-RICORDA-GIULIANO-DE-ROCCO.mp3?_=5\" \/><a href=\"https:\/\/www.radiopiu.net\/wordpress\/wp-content\/uploads\/2023\/12\/GIORGIO-FONTANIVE-RICORDA-GIULIANO-DE-ROCCO.mp3\">https:\/\/www.radiopiu.net\/wordpress\/wp-content\/uploads\/2023\/12\/GIORGIO-FONTANIVE-RICORDA-GIULIANO-DE-ROCCO.mp3<\/a><\/audio>\n<p>&nbsp;<\/p>\n<p>&nbsp;<\/p>\n<hr \/>\n<p>&nbsp;<\/p>\n<blockquote>\n<h2><strong><a class=\"dt-pswp-item\" href=\"https:\/\/www.radiopiu.net\/wordpress\/wp-content\/uploads\/2023\/12\/Senza-nome-86.png\" data-dt-img-description=\"\" data-large_image_width=\"370\" data-large_image_height=\"280\"><img loading=\"lazy\" decoding=\"async\" class=\"wp-image-367631 alignleft\" src=\"https:\/\/www.radiopiu.net\/wordpress\/wp-content\/uploads\/2023\/12\/Senza-nome-86-300x227.png\" alt=\"\" width=\"170\" height=\"129\" srcset=\"https:\/\/www.radiopiu.net\/wordpress\/wp-content\/uploads\/2023\/12\/Senza-nome-86-300x227.png 300w, https:\/\/www.radiopiu.net\/wordpress\/wp-content\/uploads\/2023\/12\/Senza-nome-86.png 370w\" sizes=\"auto, (max-width: 170px) 100vw, 170px\" \/><\/a>Valerio Sani: Un Addio al Viaggiatore Appassionato<\/strong><\/h2>\n<\/blockquote>\n<p><strong>BELLUNO <\/strong>Il 77enne Valerio Sani ha intrapreso un nuovo viaggio, come annunciato dalla moglie Elisabetta e dal figlio Gianpaolo sull&#8217;epigrafe che annuncia i suoi funerali. La cerimonia si terr\u00e0 oggi pomeriggio alle 15.30 in cattedrale, mentre chi desidera salutare Sani potr\u00e0 farlo presso la casa funeraria De Dea Gelisio di via Sarajevo. Valerio Sani \u00e8 deceduto la sera del giorno di Natale, mentre si dedicava alla stesura del suo ultimo racconto. In perfetta sintonia con la sua passione per la natura, aveva trascorso la giornata sul monte Talvena e, da lass\u00f9, aveva chiamato suo figlio Gianpaolo per invitarlo a condividere un momento di meraviglia.<\/p>\n<p>&nbsp;<\/p>\n<hr \/>\n<p>&nbsp;<\/p>\n<p>&nbsp;<\/p>\n<blockquote>\n<h3 style=\"text-align: left;\"><a class=\"dt-pswp-item\" href=\"https:\/\/www.radiopiu.net\/wordpress\/wp-content\/uploads\/2023\/12\/Senza-nome-88.png\" data-dt-img-description=\"\" data-large_image_width=\"241\" data-large_image_height=\"252\"><img loading=\"lazy\" decoding=\"async\" class=\"wp-image-367769 alignleft\" src=\"https:\/\/www.radiopiu.net\/wordpress\/wp-content\/uploads\/2023\/12\/Senza-nome-88.png\" alt=\"\" width=\"139\" height=\"145\" \/><\/a>ADDIO PROFESSORE, E&#8217; MANCATO LO STIMATO INEGNERE<\/h3>\n<\/blockquote>\n<p><strong>BELLUNO<\/strong> Gastone Olivieri, stimato ingegnere e professore di fisica, \u00e8 scomparso all&#8217;et\u00e0 di 81 anni. Noto per il suo ruolo di insegnante presso l&#8217;Iti Segato negli anni Settanta e Ottanta, Olivieri era anche coinvolto nella ricostruzione post-terremoto e aveva lavorato come direttore tecnico degli impianti di risalita del Nevegal. Durante la sua carriera, ha occupato incarichi all&#8217;interno dell&#8217;ordine degli ingegneri e successivamente si \u00e8 dedicato alla gestione della discarica di Cordele e all&#8217;ecocentro di via del Boscon. Dopo essere stato ospite di una casa di riposo, \u00e8 deceduto poco prima di Natale. Lascia la moglie Anna e i figli Massimiliano e Alessandro. I funerali si terranno oggi alle 11 presso la basilica cattedrale.<\/p>\n<p>&nbsp;<\/p>\n<p>&nbsp;<\/p>\n<hr \/>\n<p>&nbsp;<\/p>\n<blockquote>\n<h3>ADDIO AD ADELE CAPRANI, FONDATRICE DI RADIO &#8220;ESSE&#8221;, LA SORELLINA DI RADIO PIU<\/h3>\n<\/blockquote>\n<p><strong>SEDICO<\/strong>\u00a0 Si \u00e8 spenta a 88 anni Adele Caprani, la mamma di Maurizio gi\u00e0 voce di Radio Pi\u00f9 e Radio Valbelluna, soprattutto di RADIO ESSE, storica emittente di Sedico dalla vita breve. Autrice di libri di cucina e non solo, un&#8217;amica della radio pi\u00f9.<\/p>\n<p>&nbsp;<\/p>\n<blockquote>\n<h3>LA\u00a0 VERA STORIA DI RADIO ESSE, SCONOSCIUTA AI PIU&#8217;<\/h3>\n<\/blockquote>\n<p><strong><img loading=\"lazy\" decoding=\"async\" class=\"alignleft\" src=\"https:\/\/www.radiopiu.net\/wordpress\/wp-content\/uploads\/2023\/12\/Senza-nome-89.png\" width=\"180\" height=\"178\" \/>IN VAL BELLUNA<\/strong> 1988 Con Adele Caprani e il figlio Maurizio Da Rold nasce Radio Esse in Piazza della Vittoria a Sedico. E\u2019 durata qualche anno, Sedico non ha capito l\u2019importanza di vantare una Radio sul territorio e Adele si \u00e8 trovata sola, quindi costretta a cedere la frequenza. Il giorno dell\u2019inaugurazione di Radio Esse Sindaco e amministratori di allora fecero i complimenti, alzarono le \u201combre\u201d, mangiarono le tartine e promisero di sostenere il mezzo Radio&#8230; Per migliorare il segnale avevamo acceso un ponte Radio di trasferimento in una Casera in Val Morel da amici di Adele. Fu una soluzione ideale, poco costosa e poi la Legge Mamm\u00ec non era ancora stata approvata, pertanto si potevano accendere frequenze ogni giorno, pur senza disturbare gli altri. Radio Esse \u00e8 andata avanti finch\u00e9 ha potuto ripetendo spesso la programmazione di RADIO PI\u00d9, l\u2019hockey su ghiaccio soprattutto. Ma un bel giorno Radio Esse ha ceduto la frequenza 92.000 MHz che, dopo una serie compravendite \u00e8 stata definitivamente acquisita da Radio NBC di Bolzano. \u201cMamma Adele era la proprietaria della Radio Esse &#8211; racconta Maurizio da Rold &#8211; una piccola emittente nata quasi per gioco. Con il tempo \u00e8 diventata una Radio a tutti gli effetti con una buona copertura nella Valbelluna, anche grazie al tuo aiuto Mirko, soprattutto nei primi periodi. Mamma si occupava di quasi tutto all\u2019interno della Radio, dalla rassegna stampa, alle rubriche d\u2019informazione. Faceva tutto lei, anche la gestione contabile. Io ero giovane, avevo 16 anni, era la mia prima esperienza radiofonica. Da \u201cgrande\u201d ho lavorato a Radio Valbelluna per due anni e mezzo&#8230; Quanto mi sono divertito\u201d.<\/p>\n<p>___<\/p>\n<p>&nbsp;<\/p>\n<hr \/>\n<p>&nbsp;<\/p>\n<p>&nbsp;<\/p>\n<blockquote>\n<h3>INCIDENTE SUL LAVORO&#8230; A LIETO FINE<\/h3>\n<\/blockquote>\n<p><strong>SEREN DEL GRAPPA<\/strong> Graziano Miglioranza, titolare della ditta Ipogeo, ha avuto un incidente durante un campo prove per il risanamento di un argine a San Don\u00e0 di Piave. \u00c8 stato investito da uno sbuffo di cemento a presa rapida che ha solidificato la sua divisa di protezione dalla testa ai piedi, senza per\u00f2 coinvolgere la pelle e il volto. Grazie alla sua prontezza nel girare la testa, ha evitato lesioni gravi.<\/p>\n<p>&nbsp;<\/p>\n<p>&nbsp;<\/p>\n<hr \/>\n<p>&nbsp;<\/p>\n<p>&nbsp;<\/p>\n<blockquote>\n<h3>INCIDENTI SUGLI SCI,\u00a0 IERI 44 INTERVENTI IN PISTA<\/h3>\n<\/blockquote>\n<p><strong><a class=\"dt-pswp-item\" href=\"https:\/\/www.radiopiu.net\/wordpress\/wp-content\/uploads\/2023\/01\/Senza-nome-38.jpg\" data-dt-img-description=\"\" data-large_image_width=\"762\" data-large_image_height=\"365\"><img loading=\"lazy\" decoding=\"async\" class=\"wp-image-316847 alignleft\" src=\"https:\/\/www.radiopiu.net\/wordpress\/wp-content\/uploads\/2023\/01\/Senza-nome-38-300x144.jpg\" alt=\"\" width=\"169\" height=\"81\" srcset=\"https:\/\/www.radiopiu.net\/wordpress\/wp-content\/uploads\/2023\/01\/Senza-nome-38-300x144.jpg 300w, https:\/\/www.radiopiu.net\/wordpress\/wp-content\/uploads\/2023\/01\/Senza-nome-38.jpg 762w\" sizes=\"auto, (max-width: 169px) 100vw, 169px\" \/><\/a>ROCCA PIETORE<\/strong> Una donna di 50 anni \u00e8 caduta sugli sci nella zona di Capanna Bill a Rocca Pietore, causando la necessit\u00e0 di un intervento di soccorso.\u00a0 Il Soccorso piste \u00e8 stato il primo a prestare le cure necessarie. Dopo un primo esame, \u00e8 stato deciso di richiedere l&#8217;elicottero Falco per il trasporto al Pronto Soccorso dell&#8217;ospedale San Martino di Belluno. Il codice d&#8217;ingresso assegnato \u00e8 stato il secondo, indicando traumi di media gravit\u00e0. Durante la giornata, Cortina ha registrato il maggior numero di traumi in pista con 14 casi, seguita da Arabba con 12 e il Comprensorio del Civetta con 10. Altri otto interventi sono stati effettuati in diverse localit\u00e0, tra cui Corvara in Val Badia, dove Falco \u00e8 intervenuto per un ventenne trasportato a Brunico<\/p>\n<p>&nbsp;<\/p>\n<p>&nbsp;<\/p>\n<hr \/>\n<p>&nbsp;<\/p>\n<p>&nbsp;<\/p>\n<blockquote>\n<h3><img loading=\"lazy\" decoding=\"async\" class=\"alignleft\" src=\"https:\/\/www.radiopiu.net\/wordpress\/wp-content\/uploads\/2023\/11\/carabinieri-forestali.jpg\" width=\"210\" height=\"115\" \/>ARRESTATO IL BRACCONIERE, TRA LE MANI L&#8217;ARMA CLANDESTINA<\/h3>\n<\/blockquote>\n<p><strong>PONTE NELLE ALPI I<\/strong> Carabinieri forestali di Belluno hanno arrestato un uomo residente a Tambre per bracconaggio e detenzione illegale di un fucile. Durante un controllo a Pian Cansiglio, \u00e8 stato trovato con un cervo appena ucciso e un&#8217;arma non regolarmente detenuta. Successivamente \u00e8 stata effettuata una perquisizione domiciliare. Il 60enne G.B. \u00e8 ora a disposizione dell&#8217;autorit\u00e0 giudiziaria, e la prossima udienza stabilir\u00e0 la misura cautelare da applicare. L&#8217;indagato aveva precedenti specifici per bracconaggio, motivo per cui i Carabinieri forestali lo stavano monitorando attentamente, soprattutto durante le festivit\u00e0 natalizie. L&#8217;animale \u00e8 stato affidato alla Polizia provinciale, mentre l&#8217;udienza futura permetter\u00e0 all&#8217;indagato di esporre la sua versione dei fatti.<\/p>\n<p>&nbsp;<\/p>\n<p>&nbsp;<\/p>\n<hr \/>\n<p>&nbsp;<\/p>\n<p>&nbsp;<\/p>\n<div class=\"flex-1 overflow-hidden\">\n<div class=\"react-scroll-to-bottom--css-dtppg-79elbk h-full\">\n<div class=\"react-scroll-to-bottom--css-dtppg-1n7m0yu\">\n<div class=\"flex flex-col pb-9 text-sm\">\n<div class=\"w-full text-token-text-primary\" data-testid=\"conversation-turn-27\">\n<div class=\"px-4 py-2 justify-center text-base md:gap-6 m-auto\">\n<div class=\"flex flex-1 text-base mx-auto gap-3 md:px-5 lg:px-1 xl:px-5 md:max-w-3xl lg:max-w-[40rem] xl:max-w-[48rem] group final-completion\">\n<div class=\"relative flex w-full flex-col lg:w-[calc(100%-115px)] agent-turn\">\n<div class=\"flex-col gap-1 md:gap-3\">\n<div class=\"flex flex-grow flex-col max-w-full\">\n<div class=\"min-h-[20px] text-message flex flex-col items-start gap-3 whitespace-pre-wrap break-words [.text-message+&amp;]:mt-5 overflow-x-auto\" data-message-author-role=\"assistant\" data-message-id=\"542fc542-15b6-43a3-abab-06b5db5ca831\">\n<div class=\"markdown prose w-full break-words dark:prose-invert dark\">\n<blockquote>\n<h2>&#8220;Intrusione nella Scuola: Cinque Ragazzi Sotto Inchiesta dopo l&#8217;Accesso in una Struttura Vuota&#8221;<\/h2>\n<\/blockquote>\n<p><strong>\u00a0BELLUNO <a class=\"dt-pswp-item\" href=\"https:\/\/www.radiopiu.net\/wordpress\/wp-content\/uploads\/2023\/12\/Belluno-entrata-Scuola-Ricci-esterno.jpg\" data-dt-img-description=\"\" data-large_image_width=\"900\" data-large_image_height=\"600\"><img loading=\"lazy\" decoding=\"async\" class=\" wp-image-367763 alignleft\" src=\"https:\/\/www.radiopiu.net\/wordpress\/wp-content\/uploads\/2023\/12\/Belluno-entrata-Scuola-Ricci-esterno-300x200.jpg\" alt=\"\" width=\"119\" height=\"79\" srcset=\"https:\/\/www.radiopiu.net\/wordpress\/wp-content\/uploads\/2023\/12\/Belluno-entrata-Scuola-Ricci-esterno-300x200.jpg 300w, https:\/\/www.radiopiu.net\/wordpress\/wp-content\/uploads\/2023\/12\/Belluno-entrata-Scuola-Ricci-esterno-768x512.jpg 768w, https:\/\/www.radiopiu.net\/wordpress\/wp-content\/uploads\/2023\/12\/Belluno-entrata-Scuola-Ricci-esterno.jpg 900w\" sizes=\"auto, (max-width: 119px) 100vw, 119px\" \/><\/a><\/strong>Marted\u00ec sera, al crepuscolo, cinque ragazzi, due dei quali apparentemente ragazze, sono entrati nella scuola media Sebastiano Ricci attraverso la porta d&#8217;ingresso stranamente aperta. Un vicino ha chiamato la polizia dopo aver notato movimenti sospetti. Due sono stati bloccati, mentre gli altri sono riusciti a fuggire. Non \u00e8 chiaro quali fossero le loro intenzioni, ma le indagini sono in corso. Non ci sono segni di effrazione, ma verr\u00e0 effettuato un inventario per verificare eventuali atti vandalici o furti. La scuola era vuota da diversi giorni, e si ipotizza che i ragazzi abbiano approfittato di un&#8217;opportunit\u00e0. La polizia sta cercando di identificare gli altri membri della comitiva e stabilire le eventuali accuse.<\/p>\n<p>&nbsp;<\/p>\n<p>&nbsp;<\/p>\n<blockquote>\n<blockquote>\n<h2><a class=\"dt-pswp-item\" href=\"https:\/\/www.radiopiu.net\/wordpress\/wp-content\/uploads\/2023\/12\/293148071_514919490432222_5759596487502701249_n.png\" data-dt-img-description=\"\" data-large_image_width=\"177\" data-large_image_height=\"177\"><img loading=\"lazy\" decoding=\"async\" class=\"wp-image-367767 alignleft\" src=\"https:\/\/www.radiopiu.net\/wordpress\/wp-content\/uploads\/2023\/12\/293148071_514919490432222_5759596487502701249_n.png\" alt=\"\" width=\"97\" height=\"97\" srcset=\"https:\/\/www.radiopiu.net\/wordpress\/wp-content\/uploads\/2023\/12\/293148071_514919490432222_5759596487502701249_n.png 177w, https:\/\/www.radiopiu.net\/wordpress\/wp-content\/uploads\/2023\/12\/293148071_514919490432222_5759596487502701249_n-150x150.png 150w\" sizes=\"auto, (max-width: 97px) 100vw, 97px\" \/><\/a><\/h2>\n<h3>TENTATO FURTO IN PIZZERIA<\/h3>\n<\/blockquote>\n<p><strong>BELLUNO <\/strong>La pizzeria Terzo Millennio, situata a Castion, \u00e8 stata oggetto di un tentato furto la scorsa sera. Un individuo sconosciuto ha cercato di forzare l&#8217;ingresso, ma la porta ha resistito, impedendogli l&#8217;accesso. Sebbene il colpo sia fallito, sono stati causati danni all&#8217;uscio. Il tentativo sembra essersi verificato tra la vigilia di Natale e Santo Stefano, durante le ore di chiusura del locale. Non sono stati segnalati altri furti nella zona, ma la pizzeria rimane in allerta e adotter\u00e0 precauzioni aggiuntive.<\/p><\/blockquote>\n<blockquote><p>&nbsp;<\/p><\/blockquote>\n<\/div>\n<\/div>\n<\/div>\n<\/div>\n<\/div>\n<\/div>\n<\/div>\n<\/div>\n<\/div>\n<\/div>\n<\/div>\n<\/div>\n<hr \/>\n<p>&nbsp;<\/p>\n<blockquote>\n<h3>IMPIANTI DI RISALITA E INNEVAMENTO, OLTRE 21,5 MILIONI AL BELLUNESE<\/h3>\n<\/blockquote>\n<p><strong><a class=\"dt-pswp-item\" href=\"https:\/\/www.radiopiu.net\/wordpress\/wp-content\/uploads\/2018\/04\/impianti-alleghe-funivie.jpg\" data-dt-img-description=\"\" data-large_image_width=\"550\" data-large_image_height=\"309\"><img loading=\"lazy\" decoding=\"async\" class=\" wp-image-46376 alignleft\" src=\"https:\/\/www.radiopiu.net\/wordpress\/wp-content\/uploads\/2018\/04\/impianti-alleghe-funivie-300x169.jpg\" alt=\"\" width=\"188\" height=\"106\" srcset=\"https:\/\/www.radiopiu.net\/wordpress\/wp-content\/uploads\/2018\/04\/impianti-alleghe-funivie-300x169.jpg 300w, https:\/\/www.radiopiu.net\/wordpress\/wp-content\/uploads\/2018\/04\/impianti-alleghe-funivie.jpg 550w\" sizes=\"auto, (max-width: 188px) 100vw, 188px\" \/><\/a>ROMA <\/strong>Il Ministero del Turismo destiner\u00e0 oltre 21,5 milioni di euro alla provincia di Belluno dal fondo per l&#8217;ammodernamento, la sicurezza e la dismissione degli impianti di risalita e innevamento artificiale. Questo finanziamento, considerato un &#8220;regalo di Natale&#8221; per gli impiantisti locali, supporter\u00e0 sei imprese bellunesi, tra cui Lagazuoi Spa (10 milioni di euro), Valdizoldo Funivie Spa (6,4 milioni), Impianti Averau srl (quasi 2,5 milioni), Palafavera (1,2 milioni), Marmolada srl (950mila euro) ed Alleghe Funivie (561mila euro). Il senatore Luca De Carlo, presidente della IX Commissione, elogia l&#8217;iniziativa del Ministro Daniela Santanch\u00e9 e il sostegno fornito al settore del turismo bianco, fondamentale per l&#8217;economia bellunese.<\/p>\n<p>&nbsp;<\/p>\n<p>&nbsp;<\/p>\n<hr \/>\n<p>&nbsp;<\/p>\n<blockquote>\n<h3 class=\"entry-title\">RAFFAELE DE COL, UN AGORDINO IL NUOVO DIRETTORE GENERALE DELLA PROVINCIA DI TRENTO<\/h3>\n<\/blockquote>\n<p><strong class=\"photoswipe-wrapper\"><a class=\"dt-pswp-item pspw-wrap-ready\" href=\"https:\/\/www.radiopiu.net\/wordpress\/wp-content\/uploads\/2023\/12\/decol_1.jpg\" data-dt-img-description=\"\" data-large_image_width=\"980\" data-large_image_height=\"450\"><img loading=\"lazy\" decoding=\"async\" class=\" wp-image-367735 alignleft\" src=\"https:\/\/www.radiopiu.net\/wordpress\/wp-content\/uploads\/2023\/12\/decol_1-300x138.jpg\" sizes=\"auto, (max-width: 193px) 100vw, 193px\" srcset=\"https:\/\/www.radiopiu.net\/wordpress\/wp-content\/uploads\/2023\/12\/decol_1-300x138.jpg 300w, https:\/\/www.radiopiu.net\/wordpress\/wp-content\/uploads\/2023\/12\/decol_1-768x353.jpg 768w, https:\/\/www.radiopiu.net\/wordpress\/wp-content\/uploads\/2023\/12\/decol_1.jpg 980w\" alt=\"\" width=\"193\" height=\"89\" \/><\/a>REDAZIONE<\/strong> Raffaele De Col \u00e8 stato nominato nuovo direttore generale della provincia di Trento, sostituendo Paolo Nicoletti, prossimo alla pensione. La decisione \u00e8 stata presa all\u2019unanimit\u00e0 dalla giunta provinciale, approvando la delibera proposta dal presidente Maurizio Fugatti. Attualmente dirigente generale del Dipartimento Protezione Civile, Foreste e Fauna, De Col assume l\u2019incarico di vertice della struttura tecnica e amministrativa di Piazza Dante. La giunta provinciale ha ringraziato il direttore generale uscente Nicoletti per il suo equilibrio, competenza e professionalit\u00e0 dimostrati durante il suo mandato e ha augurato buon lavoro al successore De Col per le sfide future. De Col \u00e8 originario di La Valle, suo pap\u00e0 Luigi ha gestito il negozio di alimentari vicino al Municipio per 30 anni.<\/p>\n<p>(foto: Il Dolomiti)<\/p>\n<p>&nbsp;<\/p>\n<p>&nbsp;<\/p>\n<hr \/>\n<p>&nbsp;<\/p>\n<blockquote>\n<h3>SEQUESTRATI OLTRE 5 MILA PRODOTTI NON SICURI, TRA I QUALI GIOCATTOLI E ADDOBBI NATALIZI<\/h3>\n<\/blockquote>\n<p><strong><a class=\"dt-pswp-item\" href=\"https:\/\/www.radiopiu.net\/wordpress\/wp-content\/uploads\/2021\/04\/IMG_0211-scaled.jpg\" data-dt-img-description=\"\" data-large_image_width=\"2560\" data-large_image_height=\"1707\"><img loading=\"lazy\" decoding=\"async\" class=\" wp-image-203244 alignleft\" src=\"https:\/\/www.radiopiu.net\/wordpress\/wp-content\/uploads\/2021\/04\/IMG_0211-300x200.jpg\" alt=\"\" width=\"176\" height=\"117\" srcset=\"https:\/\/www.radiopiu.net\/wordpress\/wp-content\/uploads\/2021\/04\/IMG_0211-300x200.jpg 300w, https:\/\/www.radiopiu.net\/wordpress\/wp-content\/uploads\/2021\/04\/IMG_0211-1024x683.jpg 1024w, https:\/\/www.radiopiu.net\/wordpress\/wp-content\/uploads\/2021\/04\/IMG_0211-768x512.jpg 768w, https:\/\/www.radiopiu.net\/wordpress\/wp-content\/uploads\/2021\/04\/IMG_0211-1536x1024.jpg 1536w, https:\/\/www.radiopiu.net\/wordpress\/wp-content\/uploads\/2021\/04\/IMG_0211-2048x1365.jpg 2048w\" sizes=\"auto, (max-width: 176px) 100vw, 176px\" \/><\/a>BELLUNO <\/strong>Il Comando Provinciale di Belluno ha intensificato i controlli sul territorio in vista delle festivit\u00e0 natalizie, sequestrando complessivamente 5.235 prodotti non conformi agli standard di sicurezza. Tra i sequestri figurano 224 giocattoli e 1.439 luminarie e addobbi natalizi. Gli illeciti sono di natura amministrativa, in violazione dell&#8217;obbligo di riportare in modo visibile e leggibile, in lingua italiana, la denominazione, i dati del produttore e dell&#8217;importatore, il Paese d&#8217;origine, i materiali impiegati e le istruzioni d&#8217;uso, come previsto dal Codice del Consumo. I controlli si sono concentrati principalmente nei centri urbani come Belluno e Feltre, coinvolgendo esercizi commerciali, in gran parte di propriet\u00e0 di soggetti extracomunitari, con la maggior parte dei prodotti non conformi provenienti dalla Cina e alcuni dall&#8217;est europeo (Repubblica Ceca). La Guardia di Finanza si impegna a tutelare il mercato dai prodotti non conformi, garantendo condizioni eque di concorrenza per gli operatori economici e la sicurezza dei consumatori.<\/p>\n<p>&nbsp;<\/p>\n<p>&nbsp;<\/p>\n<hr \/>\n<p>&nbsp;<\/p>\n<blockquote>\n<h3>PROGETTO ESECUTIVO PER IL PONTE BAILEY SUL PIAVE<\/h3>\n<\/blockquote>\n<p><strong>BELLUNO<\/strong> Coster\u00e0 18,5 milioni di euro il nuovo ponte sul Piave a Lambioi, nel capoluogo, che andr\u00e0 a sostituire il bailey. La giunta comunale ha approvato prima di Natale il progetto esecutivo<\/p>\n<p><strong>DI DANIELE DALVIT<\/strong><\/p>\n<audio class=\"wp-audio-shortcode\" id=\"audio-367614-6\" preload=\"none\" style=\"width: 100%;\" controls=\"controls\"><source type=\"audio\/mpeg\" src=\"https:\/\/www.radiopiu.net\/wordpress\/wp-content\/uploads\/2023\/12\/Radio-Piu-Servizio-Progetto-esecutivo-bailey-Belluno.mp3?_=6\" \/><a href=\"https:\/\/www.radiopiu.net\/wordpress\/wp-content\/uploads\/2023\/12\/Radio-Piu-Servizio-Progetto-esecutivo-bailey-Belluno.mp3\">https:\/\/www.radiopiu.net\/wordpress\/wp-content\/uploads\/2023\/12\/Radio-Piu-Servizio-Progetto-esecutivo-bailey-Belluno.mp3<\/a><\/audio>\n<p>&nbsp;<\/p>\n\n\t\t\t<style type='text\/css'>\n\t\t\t\t#gallery-2 {\n\t\t\t\t\tmargin: auto;\n\t\t\t\t}\n\t\t\t\t#gallery-2 .gallery-item {\n\t\t\t\t\tfloat: left;\n\t\t\t\t\tmargin-top: 10px;\n\t\t\t\t\ttext-align: center;\n\t\t\t\t\twidth: 33%;\n\t\t\t\t}\n\t\t\t\t#gallery-2 img {\n\t\t\t\t\tborder: 2px solid #cfcfcf;\n\t\t\t\t}\n\t\t\t\t#gallery-2 .gallery-caption {\n\t\t\t\t\tmargin-left: 0;\n\t\t\t\t}\n\t\t\t\t\/* see gallery_shortcode() in wp-includes\/media.php *\/\n\t\t\t<\/style>\n\t\t<div id='gallery-2' class='dt-gallery-container gallery galleryid-367614 gallery-columns-3 gallery-size-medium'><dl class='gallery-item'>\n\t\t\t\t<dt class='gallery-icon landscape'>\n\t\t\t\t\t<a class=\"rollover rollover-zoom dt-pswp-item\" title=\"00\" data-dt-img-description=\"\" data-large_image_width=\"2560\" data-large_image_height=\"1440\"href='https:\/\/www.radiopiu.net\/wordpress\/wp-content\/uploads\/2023\/12\/00.jpg'><img loading=\"lazy\" decoding=\"async\" width=\"300\" height=\"169\" src=\"https:\/\/www.radiopiu.net\/wordpress\/wp-content\/uploads\/2023\/12\/00-300x169.jpg\" class=\"attachment-medium size-medium\" alt=\"\" srcset=\"https:\/\/www.radiopiu.net\/wordpress\/wp-content\/uploads\/2023\/12\/00-300x169.jpg 300w, https:\/\/www.radiopiu.net\/wordpress\/wp-content\/uploads\/2023\/12\/00-1024x576.jpg 1024w, https:\/\/www.radiopiu.net\/wordpress\/wp-content\/uploads\/2023\/12\/00-768x432.jpg 768w, https:\/\/www.radiopiu.net\/wordpress\/wp-content\/uploads\/2023\/12\/00-1536x864.jpg 1536w, https:\/\/www.radiopiu.net\/wordpress\/wp-content\/uploads\/2023\/12\/00-2048x1152.jpg 2048w\" sizes=\"auto, (max-width: 300px) 100vw, 300px\" \/><\/a>\n\t\t\t\t<\/dt><\/dl><dl class='gallery-item'>\n\t\t\t\t<dt class='gallery-icon landscape'>\n\t\t\t\t\t<a class=\"rollover rollover-zoom dt-pswp-item\" title=\"BELLUNO BAYLEY\" data-dt-img-description=\"\" data-large_image_width=\"2560\" data-large_image_height=\"1684\"href='https:\/\/www.radiopiu.net\/wordpress\/wp-content\/uploads\/2023\/12\/1-scaled.jpg'><img loading=\"lazy\" decoding=\"async\" width=\"300\" height=\"197\" src=\"https:\/\/www.radiopiu.net\/wordpress\/wp-content\/uploads\/2023\/12\/1-300x197.jpg\" class=\"attachment-medium size-medium\" alt=\"\" srcset=\"https:\/\/www.radiopiu.net\/wordpress\/wp-content\/uploads\/2023\/12\/1-300x197.jpg 300w, https:\/\/www.radiopiu.net\/wordpress\/wp-content\/uploads\/2023\/12\/1-1024x674.jpg 1024w, https:\/\/www.radiopiu.net\/wordpress\/wp-content\/uploads\/2023\/12\/1-768x505.jpg 768w, https:\/\/www.radiopiu.net\/wordpress\/wp-content\/uploads\/2023\/12\/1-1536x1011.jpg 1536w, https:\/\/www.radiopiu.net\/wordpress\/wp-content\/uploads\/2023\/12\/1-2048x1348.jpg 2048w\" sizes=\"auto, (max-width: 300px) 100vw, 300px\" \/><\/a>\n\t\t\t\t<\/dt><\/dl><dl class='gallery-item'>\n\t\t\t\t<dt class='gallery-icon landscape'>\n\t\t\t\t\t<a class=\"rollover rollover-zoom dt-pswp-item\" title=\"01\" data-dt-img-description=\"\" data-large_image_width=\"2560\" data-large_image_height=\"1440\"href='https:\/\/www.radiopiu.net\/wordpress\/wp-content\/uploads\/2023\/12\/01.jpg'><img loading=\"lazy\" decoding=\"async\" width=\"300\" height=\"169\" src=\"https:\/\/www.radiopiu.net\/wordpress\/wp-content\/uploads\/2023\/12\/01-300x169.jpg\" class=\"attachment-medium size-medium\" alt=\"\" srcset=\"https:\/\/www.radiopiu.net\/wordpress\/wp-content\/uploads\/2023\/12\/01-300x169.jpg 300w, https:\/\/www.radiopiu.net\/wordpress\/wp-content\/uploads\/2023\/12\/01-1024x576.jpg 1024w, https:\/\/www.radiopiu.net\/wordpress\/wp-content\/uploads\/2023\/12\/01-768x432.jpg 768w, https:\/\/www.radiopiu.net\/wordpress\/wp-content\/uploads\/2023\/12\/01-1536x864.jpg 1536w, https:\/\/www.radiopiu.net\/wordpress\/wp-content\/uploads\/2023\/12\/01-2048x1152.jpg 2048w\" sizes=\"auto, (max-width: 300px) 100vw, 300px\" \/><\/a>\n\t\t\t\t<\/dt><\/dl><br style=\"clear: both\" \/>\n\t\t\t<\/div>\n\n<p>&nbsp;<\/p>\n<hr \/>\n<p>&nbsp;<\/p>\n<blockquote>\n<h3>ALL&#8217;ASTA IL LEGNAME TRA FRASSENE&#8217; E RIFUGIO SCARPA<\/h3>\n<\/blockquote>\n<p><strong><a class=\"dt-pswp-item\" href=\"https:\/\/www.radiopiu.net\/wordpress\/wp-content\/uploads\/2023\/07\/MUNICIPIO-VOLTAGO.jpeg\" data-dt-img-description=\"\" data-large_image_width=\"1504\" data-large_image_height=\"1116\"><img loading=\"lazy\" decoding=\"async\" class=\" wp-image-344319 alignleft\" src=\"https:\/\/www.radiopiu.net\/wordpress\/wp-content\/uploads\/2023\/07\/MUNICIPIO-VOLTAGO-300x223.jpeg\" alt=\"\" width=\"182\" height=\"135\" srcset=\"https:\/\/www.radiopiu.net\/wordpress\/wp-content\/uploads\/2023\/07\/MUNICIPIO-VOLTAGO-300x223.jpeg 300w, https:\/\/www.radiopiu.net\/wordpress\/wp-content\/uploads\/2023\/07\/MUNICIPIO-VOLTAGO-1024x760.jpeg 1024w, https:\/\/www.radiopiu.net\/wordpress\/wp-content\/uploads\/2023\/07\/MUNICIPIO-VOLTAGO-768x570.jpeg 768w, https:\/\/www.radiopiu.net\/wordpress\/wp-content\/uploads\/2023\/07\/MUNICIPIO-VOLTAGO.jpeg 1504w\" sizes=\"auto, (max-width: 182px) 100vw, 182px\" \/><\/a>VOLTAGO<\/strong><\/p>\n<p>DI GIANNI SANTOMASO<\/p>\n<audio class=\"wp-audio-shortcode\" id=\"audio-367614-7\" preload=\"none\" style=\"width: 100%;\" controls=\"controls\"><source type=\"audio\/mpeg\" src=\"https:\/\/www.radiopiu.net\/wordpress\/wp-content\/uploads\/2023\/12\/GIANNI-ALLASTA-IL-LEGNAME-TRA-FRASSENE-E-RIFUGIO-SCARPA.mp3?_=7\" \/><a href=\"https:\/\/www.radiopiu.net\/wordpress\/wp-content\/uploads\/2023\/12\/GIANNI-ALLASTA-IL-LEGNAME-TRA-FRASSENE-E-RIFUGIO-SCARPA.mp3\">https:\/\/www.radiopiu.net\/wordpress\/wp-content\/uploads\/2023\/12\/GIANNI-ALLASTA-IL-LEGNAME-TRA-FRASSENE-E-RIFUGIO-SCARPA.mp3<\/a><\/audio>\n<p>&nbsp;<\/p>\n<hr \/>\n<p>&nbsp;<\/p>\n<blockquote>\n<h3>I LAVORATORI DICONO SI ALL&#8217;ACCORDO INTEGRATIVO DI LUXOTTICA<\/h3>\n<\/blockquote>\n<p><strong><a class=\"dt-pswp-item\" href=\"https:\/\/www.radiopiu.net\/wordpress\/wp-content\/uploads\/2022\/06\/LUXOTTICA-12.jpg\" data-dt-img-description=\"\" data-large_image_width=\"800\" data-large_image_height=\"600\"><img loading=\"lazy\" decoding=\"async\" class=\" wp-image-284019 alignleft\" src=\"https:\/\/www.radiopiu.net\/wordpress\/wp-content\/uploads\/2022\/06\/LUXOTTICA-12-300x225.jpg\" alt=\"\" width=\"165\" height=\"124\" srcset=\"https:\/\/www.radiopiu.net\/wordpress\/wp-content\/uploads\/2022\/06\/LUXOTTICA-12-300x225.jpg 300w, https:\/\/www.radiopiu.net\/wordpress\/wp-content\/uploads\/2022\/06\/LUXOTTICA-12-768x576.jpg 768w, https:\/\/www.radiopiu.net\/wordpress\/wp-content\/uploads\/2022\/06\/LUXOTTICA-12.jpg 800w\" sizes=\"auto, (max-width: 165px) 100vw, 165px\" \/><\/a>ROMA <\/strong>I dipendenti di Luxottica, oltre 15.000 in Italia, hanno approvato con ampia maggioranza il rinnovo del contratto integrativo. L&#8217;accordo include un nuovo modello di orario con 20 venerd\u00ec a casa, riconoscimento della parit\u00e0 retributiva per il full time e stabilizzazione di 1.550 lavoratori. Altre disposizioni riguardano la formazione sulle molestie di genere, permessi aggiuntivi per studio, rappresentanti dei lavoratori per la sicurezza, accordi su smart working, staffetta generazionale, potenziamento del welfare e miglioramenti nelle indennit\u00e0 legate alle prestazioni. L&#8217;accordo evidenzia l&#8217;importanza della partecipazione attiva dei lavoratori nella gestione dei processi aziendali.<\/p>\n<p>&nbsp;<\/p>\n<p>&nbsp;<\/p>\n<hr \/>\n<p>&nbsp;<\/p>\n<blockquote>\n<h3>RADIO PIU&#8217; E MIRKO MEZZACASA IL 39 AMICO DEL CORO AGORDO<\/h3>\n<\/blockquote>\n<p><strong><a class=\"dt-pswp-item\" href=\"https:\/\/www.radiopiu.net\/wordpress\/wp-content\/uploads\/2023\/12\/ba38e6c4-5be7-41e1-ad36-e173c5af6b7f.jpeg\" data-dt-img-description=\"\" data-large_image_width=\"1024\" data-large_image_height=\"768\"><img loading=\"lazy\" decoding=\"async\" class=\" wp-image-367592 alignleft\" src=\"https:\/\/www.radiopiu.net\/wordpress\/wp-content\/uploads\/2023\/12\/ba38e6c4-5be7-41e1-ad36-e173c5af6b7f-300x225.jpeg\" alt=\"\" width=\"175\" height=\"131\" srcset=\"https:\/\/www.radiopiu.net\/wordpress\/wp-content\/uploads\/2023\/12\/ba38e6c4-5be7-41e1-ad36-e173c5af6b7f-300x225.jpeg 300w, https:\/\/www.radiopiu.net\/wordpress\/wp-content\/uploads\/2023\/12\/ba38e6c4-5be7-41e1-ad36-e173c5af6b7f-768x576.jpeg 768w, https:\/\/www.radiopiu.net\/wordpress\/wp-content\/uploads\/2023\/12\/ba38e6c4-5be7-41e1-ad36-e173c5af6b7f.jpeg 1024w\" sizes=\"auto, (max-width: 175px) 100vw, 175px\" \/><\/a>AGORDO<\/strong><\/p>\n<p>DI GIANNI SANTOMASO<\/p>\n<audio class=\"wp-audio-shortcode\" id=\"audio-367614-8\" preload=\"none\" style=\"width: 100%;\" controls=\"controls\"><source type=\"audio\/mpeg\" src=\"https:\/\/www.radiopiu.net\/wordpress\/wp-content\/uploads\/2023\/12\/GIANNI-RADIO-PIU-E-MIRKO-MEZZACASA-IL-39-AMICO-DEL-CORO-AGORDO.mp3?_=8\" \/><a href=\"https:\/\/www.radiopiu.net\/wordpress\/wp-content\/uploads\/2023\/12\/GIANNI-RADIO-PIU-E-MIRKO-MEZZACASA-IL-39-AMICO-DEL-CORO-AGORDO.mp3\">https:\/\/www.radiopiu.net\/wordpress\/wp-content\/uploads\/2023\/12\/GIANNI-RADIO-PIU-E-MIRKO-MEZZACASA-IL-39-AMICO-DEL-CORO-AGORDO.mp3<\/a><\/audio>\n<p>&nbsp;<\/p>\n<hr \/>\n<p>&nbsp;<\/p>\n<blockquote>\n<h3>DILLO A RADIO PIU&#8217;&#8230;NOI CHE VIVIAMO DI TURISMO<\/h3>\n<\/blockquote>\n<p><a class=\"dt-pswp-item\" href=\"https:\/\/www.radiopiu.net\/wordpress\/wp-content\/uploads\/2023\/12\/PIANA-FALCADE-NEVE.jpg\" data-dt-img-description=\"\" data-large_image_width=\"722\" data-large_image_height=\"414\"><img loading=\"lazy\" decoding=\"async\" class=\" wp-image-367723 alignleft\" src=\"https:\/\/www.radiopiu.net\/wordpress\/wp-content\/uploads\/2023\/12\/PIANA-FALCADE-NEVE-300x172.jpg\" alt=\"\" width=\"188\" height=\"108\" srcset=\"https:\/\/www.radiopiu.net\/wordpress\/wp-content\/uploads\/2023\/12\/PIANA-FALCADE-NEVE-300x172.jpg 300w, https:\/\/www.radiopiu.net\/wordpress\/wp-content\/uploads\/2023\/12\/PIANA-FALCADE-NEVE.jpg 722w\" sizes=\"auto, (max-width: 188px) 100vw, 188px\" \/><\/a>Qualcuno nel gruppo Facebook &#8220;Sei di Falcade&#8230;se&#8221;, ha invocato un servizio di Radio Pi\u00f9 su lupi e ospiti. Riceviamo e pubblichiamo.<\/p>\n<p>Il citato gruppo Facebook, non \u00e8 gestito da falcadini o gente del posto e da anni alimenta discussioni a discapito del buon nome di Falcade e dell&#8217;accoglienza turistica. Se io fossi un vero turista che legge quanto viene scritto in questi post, non sapendo che questi niente hanno a che fare con gli abitanti della zona, qualche dubbio mi verrebbe perch\u00e9 giustamente sembra, ad occhio inesperto, che noi che viviamo di turismo sputiamo nel piatto dove mangiamo. In realt\u00e0 non \u00e8 cos\u00ec, i turisti sono benvoluti, (beh, forse quasi tutti, non quelli che scrivono in tale gruppo) e che ci si diverta ad insultare chi viene da fuori. L&#8217;ultima diatriba \u00e8 nata su un sondaggio sciocco quanto inutile sul motivo che spinge il lupo a girare per Falcade, mettendo tra le opzioni &#8220;per cercare slac&#8221;. Apriti cielo: si \u00e8 passati da chi chiede cosa significhi questa parola, peraltro desueta ed prevalentemente in disuso, ad insulti aperti che, si faccia attenzione, sono rivolti da turisti ai potenziali turisti di Falcade. Non bisognerebbe prendersela per ci\u00f2 che viene scritto in internet che ha il valore che ha, ma che figura ci facciamo?\u00a0 Per quanto riguarda i lupi a passeggio, non sono abbastanza esperta sull&#8217;argomento, pur avendo partecipato a diversi convegni tenutisi in provincia riguardo la convivenza uomo-lupo, per cui non mi pronuncio.<\/p>\n<p>Saluti. Una Falcadina<\/p>\n<p>&nbsp;<\/p>\n<p>&nbsp;<\/p>\n<hr \/>\n<p>&nbsp;<\/p>\n<blockquote>\n<h3>\u201cA-TRATTI \u2013 ATTRATTI DAL TERRITORIO\u201d PORTERA\u2019 CIRCA 6 MILIONI DI EURO NEL BASSO BELLUNESE<\/h3>\n<\/blockquote>\n<p><strong><a class=\"dt-pswp-item\" href=\"https:\/\/www.radiopiu.net\/wordpress\/wp-content\/uploads\/2023\/12\/grafica_ATTRATTI.jpg\" data-dt-img-description=\"\" data-large_image_width=\"1080\" data-large_image_height=\"1080\"><img loading=\"lazy\" decoding=\"async\" class=\" wp-image-367680 alignleft\" src=\"https:\/\/www.radiopiu.net\/wordpress\/wp-content\/uploads\/2023\/12\/grafica_ATTRATTI-300x300.jpg\" alt=\"\" width=\"152\" height=\"152\" srcset=\"https:\/\/www.radiopiu.net\/wordpress\/wp-content\/uploads\/2023\/12\/grafica_ATTRATTI-300x300.jpg 300w, https:\/\/www.radiopiu.net\/wordpress\/wp-content\/uploads\/2023\/12\/grafica_ATTRATTI-1024x1024.jpg 1024w, https:\/\/www.radiopiu.net\/wordpress\/wp-content\/uploads\/2023\/12\/grafica_ATTRATTI-150x150.jpg 150w, https:\/\/www.radiopiu.net\/wordpress\/wp-content\/uploads\/2023\/12\/grafica_ATTRATTI-768x768.jpg 768w, https:\/\/www.radiopiu.net\/wordpress\/wp-content\/uploads\/2023\/12\/grafica_ATTRATTI.jpg 1080w\" sizes=\"auto, (max-width: 152px) 100vw, 152px\" \/><\/a>BORGO VALBELLUNA<\/strong> La Regione del Veneto ha approvato il nuovo Programma di Sviluppo Locale denominato &#8220;A-TRATTI \u2013 Attratti dal Territorio&#8221; per il periodo 2023\/2027 del Gruppo di Azione Locale (GAL) Prealpi e Dolomiti. Il GAL Prealpi e Dolomiti ricever\u00e0 circa 5.936.820 euro per sostenere progetti volti a migliorare la qualit\u00e0 della vita e l&#8217;attrattivit\u00e0 del territorio. Il programma sar\u00e0 implementato attraverso bandi pubblici dedicati a enti pubblici, imprese, fondazioni e associazioni no-profit, con i primi interventi pianificati per la fine del primo semestre del 2024. Gli interventi riguarderanno la nascita e il potenziamento dei servizi di base, il supporto alle imprese extra-agricole e il rafforzamento delle imprese agricole con un focus ambientale, paesaggistico ed idrogeologico.<\/p>\n<p>&nbsp;<\/p>\n<p>&nbsp;<\/p>\n<hr \/>\n<p>&nbsp;<\/p>\n<p>&nbsp;<\/p>\n<blockquote>\n<p align=\"JUSTIFY\"><span style=\"font-size: large;\">APPROVATO IL PROGRAMMA DI SVILUPPO LOCALE DEL GAL PREALPI E DOLOMITI 2023-<\/span><\/p>\n<\/blockquote>\n<p><strong>FELTRE<\/strong> Il GAL Prealpi e Dolomiti ha ottenuto l&#8217;approvazione per il suo nuovo Programma di Sviluppo Locale denominato &#8220;A-TRATTI \u2013 Attratti dal Territorio&#8221; per il periodo 2023\/2027. La Regione del Veneto ha ufficializzato la decisione, assegnando complessivamente circa 46 milioni di euro a tutti e nove i Gruppi di Azione Locale (GAL) veneti, compreso il GAL Prealpi e Dolomiti. Il budget confermato per il GAL Prealpi e Dolomiti ammonta a 5.936.820 euro. Il GAL pianificher\u00e0 il cronoprogramma pluriennale dei bandi all&#8217;inizio del 2024 per attuare il Programma di Sviluppo Locale.<\/p>\n<p>&nbsp;<\/p>\n<p>&nbsp;<\/p>\n<hr \/>\n<p>&nbsp;<\/p>\n<blockquote>\n<h3>I BUONI PROPOSITI DEL PRESIDENTE DI CONFEDILIZIA BELLUNO<\/h3>\n<\/blockquote>\n<p><strong><a class=\"dt-pswp-item\" href=\"https:\/\/www.radiopiu.net\/wordpress\/wp-content\/uploads\/2022\/10\/CHIAVI-CASA-e1665919733221.png\" data-dt-img-description=\"\" data-large_image_width=\"864\" data-large_image_height=\"544\"><img loading=\"lazy\" decoding=\"async\" class=\" wp-image-301785 alignleft\" src=\"https:\/\/www.radiopiu.net\/wordpress\/wp-content\/uploads\/2022\/10\/CHIAVI-CASA-e1665919733221-300x189.png\" alt=\"\" width=\"168\" height=\"106\" srcset=\"https:\/\/www.radiopiu.net\/wordpress\/wp-content\/uploads\/2022\/10\/CHIAVI-CASA-e1665919733221-300x189.png 300w, https:\/\/www.radiopiu.net\/wordpress\/wp-content\/uploads\/2022\/10\/CHIAVI-CASA-e1665919733221-768x484.png 768w, https:\/\/www.radiopiu.net\/wordpress\/wp-content\/uploads\/2022\/10\/CHIAVI-CASA-e1665919733221.png 864w\" sizes=\"auto, (max-width: 168px) 100vw, 168px\" \/><\/a>BELLUNO<\/strong> Il 2023 per la Confedilizia \u00e8 stato caratterizzato da battaglie, celebrazioni, successi e delusioni, con la Confederazione sempre impegnata nella tutela e difesa della propriet\u00e0. In vista del 2024, il presidente Michele Vigne esprime domande e speranze riguardo alla revisione delle regole di locazione non abitativa, l&#8217;estensione della cedolare secca e la tutela dei proprietari, auspicando anche una riduzione dell&#8217;IMU e un riordino degli incentivi per gli interventi sugli immobili.<\/p>\n<p>&nbsp;<\/p>\n<p>&nbsp;<\/p>\n<hr \/>\n<blockquote>\n<h3><\/h3>\n<h3>OGNI SERA ALLE 19 SU RADIO PIU&#8217;, LE ANTICIPAZIONI DAL TG BELLUNESE DI ANTENNA 3, IN ONDA ALLE 19.30 SUL CANALE 10 DEL DIGITALE TERRESTRE<\/h3>\n<h3><\/h3>\n<\/blockquote>\n<h1 class=\"_title post-title entry-title\">49 MILIONI DI EURO PER RINNOVARE GLI ISTUTI SUPERIORI DEL BELLUNESE<\/h1>\n<p>Intervista A LUCIA DA ROLD (VICEPRESIDENTE PROVINCIA DI BELLUNO) (Servizio di <a href=\"https:\/\/antennatre.medianordest.it\/redazione\/Stefano-Bozzi\/\">Stefano Bozzi<\/a>)<\/p>\n<p>&nbsp;<\/p>\n<p><iframe loading=\"lazy\" title=\"49 MILIONI DI EURO PER RINNOVARE GLI ISTUTI SUPERIORI DEL BELLUNESE | 27\/12\/2023\" width=\"1200\" height=\"675\" src=\"https:\/\/www.youtube.com\/embed\/vDWyL_eLt0c?feature=oembed\" frameborder=\"0\" allow=\"accelerometer; autoplay; clipboard-write; encrypted-media; gyroscope; picture-in-picture; web-share\" allowfullscreen><\/iframe><\/p>\n<p>&nbsp;<\/p>\n<p>&nbsp;<\/p>\n<p>&nbsp;<\/p>\n<hr \/>\n<p>&nbsp;<\/p>\n<h2><span style=\"color: #ff0000;\">I CONSIGLI COMUNALI IN AGORDINO<\/span><\/h2>\n<p><strong>LIVINALLONGO<\/strong> Il sindaco Leandro Grones ha convocato il consiglio comunale per oggi alle 20:30. Tra i punti da discutere l&#8217;approvazione del DUP, IMU, IRPEF, la verifica delle aree fabbricabili, l&#8217;approvazione del bilancio 2024\/2026 e la revisione delle partecipazioni societarie.<\/p>\n<p><strong>SAN TOMASO<\/strong> Sar\u00e0 un consiglio comunale veloce quello di oggi a San Tomaso. Il sindaco Moreno De Val ha convocato i consiglieri per trattare due punti tra cui la revisione delle partecipazioni societarie.<\/p>\n<p><strong>SELVA DI CADORE<\/strong>\u00a0 Luca Lorenzini ha convocato i consiglieri per oggi alle 18. All&#8217;ordine del giorno le partecipazioni societarie possedute e l&#8217;imposta comunale sugli immobili (IMU)<\/p>\n<p><strong>LA VALLE<\/strong> Bilancio ma non solo in discussione nel consiglio comunale convocato dal sindaco Ezio Zuanel per domani alle 18. Saranno approvate infatti le aliquote Imu per il 2024, saranno approvati il piano delle alienazioni, il bilancio di previsione e il Dup e si esaminer\u00e0 la bozza di convenzione per la gestione della scuola dell&#8217;infanzia Gianelli. Sul tavolo anche l&#8217;accordo con l&#8217;Unione montana per la gestione associata dei cimiteri.<\/p>\n<p><strong>CENCENIGHE<\/strong> Consiglio comunale domani. In discussione la ricognizione delle partecipazioni e prelievo dal fondo di riserva.<\/p>\n<p><strong>VOLTAGO<\/strong> Il sindaco di Voltago Giuseppe Schena ha chiamato a rapporto i consiglieri per domani. Sei punti da trattare tra cui una variazione a bilancio, IMU, addizionale comunale all&#8217;imposta sul reddito delle persone e la revisione delle partecipazioni societarie.<\/p>\n<p>&nbsp;<\/p>\n<p>&nbsp;<\/p>\n<hr \/>\n<p>&nbsp;<\/p>\n<blockquote>\n<h3>VENERDI&#8217; FESTA SOTTO ALL&#8217;ALBERO DI NATALE A SAN CIPRIANO<\/h3>\n<\/blockquote>\n<p><strong><a class=\"dt-pswp-item\" href=\"https:\/\/www.radiopiu.net\/wordpress\/wp-content\/uploads\/2023\/12\/locandina-1-.jpg\" data-dt-img-description=\"\" data-large_image_width=\"1240\" data-large_image_height=\"1753\"><img loading=\"lazy\" decoding=\"async\" class=\" wp-image-367440 alignleft\" src=\"https:\/\/www.radiopiu.net\/wordpress\/wp-content\/uploads\/2023\/12\/locandina-1--212x300.jpg\" alt=\"\" width=\"98\" height=\"139\" srcset=\"https:\/\/www.radiopiu.net\/wordpress\/wp-content\/uploads\/2023\/12\/locandina-1--212x300.jpg 212w, https:\/\/www.radiopiu.net\/wordpress\/wp-content\/uploads\/2023\/12\/locandina-1--724x1024.jpg 724w, https:\/\/www.radiopiu.net\/wordpress\/wp-content\/uploads\/2023\/12\/locandina-1--768x1086.jpg 768w, https:\/\/www.radiopiu.net\/wordpress\/wp-content\/uploads\/2023\/12\/locandina-1--1087x1536.jpg 1087w, https:\/\/www.radiopiu.net\/wordpress\/wp-content\/uploads\/2023\/12\/locandina-1-.jpg 1240w\" sizes=\"auto, (max-width: 98px) 100vw, 98px\" \/><\/a> <\/strong><\/p>\n<p><strong>\u00a0<\/strong><\/p>\n<p><strong>TAIBON<\/strong> Il Comitato San Cipriano e la Pro Loco di Taibon organizzano per venerd\u00ec, dopo la santa messa delle 18, una serata di festa in Piazza San Cipriano a Taibon per salutare tutti assieme il 2023. Tutta la popolazione \u00e8 invitata. Ci saranno dolci, bevande e molto altro. A seguire musica e canti.<\/p>\n<p>&nbsp;<\/p>\n<p>&nbsp;<\/p>\n<p>&nbsp;<\/p>\n<hr \/>\n<p>&nbsp;<\/p>\n<h2><span style=\"color: #ff6600;\">IERI ALLA RADIO<\/span><\/h2>\n<h2><span style=\"color: #ff00ff;\">LIBER, IL NUOVO PROGRAMMA DI LIANA CAVALLET<\/span><\/h2>\n<p><strong>PUNTATA 15 27 DICEMBRE WISTAWA SZYMBORSKA &#8220;LA GIOIA DI SCRIVERE&#8221;<\/strong><\/p>\n<p><a class=\"dt-pswp-item\" href=\"https:\/\/www.radiopiu.net\/wordpress\/wp-content\/uploads\/2023\/12\/71ercTTdkpL._AC_UF10001000_QL80_.jpg\" data-dt-img-description=\"\" data-large_image_width=\"639\" data-large_image_height=\"1000\"><img loading=\"lazy\" decoding=\"async\" class=\"size-medium wp-image-367667 aligncenter\" src=\"https:\/\/www.radiopiu.net\/wordpress\/wp-content\/uploads\/2023\/12\/71ercTTdkpL._AC_UF10001000_QL80_-192x300.jpg\" alt=\"\" width=\"192\" height=\"300\" srcset=\"https:\/\/www.radiopiu.net\/wordpress\/wp-content\/uploads\/2023\/12\/71ercTTdkpL._AC_UF10001000_QL80_-192x300.jpg 192w, https:\/\/www.radiopiu.net\/wordpress\/wp-content\/uploads\/2023\/12\/71ercTTdkpL._AC_UF10001000_QL80_.jpg 639w\" sizes=\"auto, (max-width: 192px) 100vw, 192px\" \/><\/a><\/p>\n<audio class=\"wp-audio-shortcode\" id=\"audio-367614-9\" preload=\"none\" style=\"width: 100%;\" controls=\"controls\"><source type=\"audio\/mpeg\" src=\"https:\/\/www.radiopiu.net\/wordpress\/wp-content\/uploads\/2023\/12\/LIANA-6.mp3?_=9\" \/><a href=\"https:\/\/www.radiopiu.net\/wordpress\/wp-content\/uploads\/2023\/12\/LIANA-6.mp3\">https:\/\/www.radiopiu.net\/wordpress\/wp-content\/uploads\/2023\/12\/LIANA-6.mp3<\/a><\/audio>\n<p>&nbsp;<\/p>\n<p><strong>LA RACCOLTA COMPLETA <a href=\"https:\/\/www.radiopiu.net\/wordpress\/liber-il-nuovo-programma-di-liana-cavalet-la-raccolta-2\/\">CLICCA QUI<\/a><\/strong><\/p>\n<p>&nbsp;<\/p>\n<h2><span style=\"color: #33cccc;\">CAPODANNO A FALCADE, CON PAOLO PROSPERI E DJ JACK<\/span><\/h2>\n<p><strong><a class=\"dt-pswp-item\" href=\"https:\/\/www.radiopiu.net\/wordpress\/wp-content\/uploads\/2023\/12\/SCR-20231227-jesn.jpeg\" data-dt-img-description=\"\" data-large_image_width=\"880\" data-large_image_height=\"1594\"><img loading=\"lazy\" decoding=\"async\" class=\" wp-image-367673 alignleft\" src=\"https:\/\/www.radiopiu.net\/wordpress\/wp-content\/uploads\/2023\/12\/SCR-20231227-jesn-166x300.jpeg\" alt=\"\" width=\"108\" height=\"195\" srcset=\"https:\/\/www.radiopiu.net\/wordpress\/wp-content\/uploads\/2023\/12\/SCR-20231227-jesn-166x300.jpeg 166w, https:\/\/www.radiopiu.net\/wordpress\/wp-content\/uploads\/2023\/12\/SCR-20231227-jesn-565x1024.jpeg 565w, https:\/\/www.radiopiu.net\/wordpress\/wp-content\/uploads\/2023\/12\/SCR-20231227-jesn-768x1391.jpeg 768w, https:\/\/www.radiopiu.net\/wordpress\/wp-content\/uploads\/2023\/12\/SCR-20231227-jesn-848x1536.jpeg 848w, https:\/\/www.radiopiu.net\/wordpress\/wp-content\/uploads\/2023\/12\/SCR-20231227-jesn.jpeg 880w\" sizes=\"auto, (max-width: 108px) 100vw, 108px\" \/><\/a>DI JACOPO DELTEDESCO (DJ JACK)<\/strong><\/p>\n<p>OSPITI: Paolo Prosperi<\/p>\n<audio class=\"wp-audio-shortcode\" id=\"audio-367614-10\" preload=\"none\" style=\"width: 100%;\" controls=\"controls\"><source type=\"audio\/mpeg\" src=\"https:\/\/www.radiopiu.net\/wordpress\/wp-content\/uploads\/2023\/12\/INTERVISTA-CAPODANNO-FALCADE-PAOLO-PROSPERI-DJ-JACK.mp3?_=10\" \/><a href=\"https:\/\/www.radiopiu.net\/wordpress\/wp-content\/uploads\/2023\/12\/INTERVISTA-CAPODANNO-FALCADE-PAOLO-PROSPERI-DJ-JACK.mp3\">https:\/\/www.radiopiu.net\/wordpress\/wp-content\/uploads\/2023\/12\/INTERVISTA-CAPODANNO-FALCADE-PAOLO-PROSPERI-DJ-JACK.mp3<\/a><\/audio>\n<p>&nbsp;<\/p>\n<hr \/>\n<p>&nbsp;<\/p>\n<h2><span style=\"color: #ff0000;\">GLI APPUNTAMENTI DELLA SETTIMANA\u00a0<\/span><\/h2>\n<blockquote>\n<h3>NADAL A SAN TOMAS<\/h3>\n<\/blockquote>\n<p><strong>SAN TOMASO <\/strong>Sono visitabili i presepi nelle frazioni di San Tomaso. Questi gli appuntamenti con le serate dedicate al Natale.<\/p>\n<p><strong>OGGI<\/strong> &#8220;Racconti di Natale&#8221;, uno spettacolo di marionette per i pi\u00f9 piccoli. Sala parrocchiale alle 17<\/p>\n<p><strong>29 DICEMBRE<\/strong> &#8220;In viaggio con A. Edwards&#8221;, serata con Eleonora Pescosta che racconta la storia dell&#8217;escursionista inglese salita sul Sasso Bianco. Celat alle 20:30<\/p>\n<p><strong>04 GENNAIO<\/strong> &#8220;I Kropya&#8221; Concerto natalizio dell&#8217;ensamble vocale dei giovani di Livinallongo. Chiesa Parocchiale alle 20:30<\/p>\n<p>&nbsp;<\/p>\n<blockquote>\n<h3>AL CINEMA DI FALCADE IL FILM DI PAOLA CORTELLESI<\/h3>\n<\/blockquote>\n<p><strong>FALCADE<\/strong> Oggi\u00a0 alle 21 al Cinema Dolomiti di Falcade verr\u00e0 proiettato il nuovo film di Paola Cortellesi &#8220;C&#8217;\u00e8 Ancora Domani&#8221;. Nel fine settimana la commedia &#8220;Improvvisamente A Natale mi sposo&#8221; con Diego Abatantuono e Nino Frassica. Domani e sabato alle 21, domenica alle 15:30 e 21.<\/p>\n<p>&nbsp;<\/p>\n<blockquote>\n<h3>ANTONELLA GIACOMINI OSPITE A SAN VITO DI CADORE<\/h3>\n<\/blockquote>\n<p><strong>SAN VITO DI CADORE<\/strong> Sabato 30, alle 18 nella sala polifunzionale di San Vito di Cadore, in occasione della presentazione della stagione 23\/24 dello sci club Dolomiti Cadore sar\u00e0 ospite Antonella Giacomini che presenter\u00e0 il suo libro &#8220;Volevo Vedere La Tundra&#8221;<\/p>\n<p>&nbsp;<\/p>\n<blockquote>\n<h3>CONCERTO NATALIZIO A CANALE D&#8217;AGORDO<\/h3>\n<\/blockquote>\n<p><strong>CANALE D&#8217;AGORDO<\/strong> <span style=\"font-family: Arial;\">concerto natalizio a Canale d&#8217;Agordo, <b><u>s<\/u><\/b><\/span><span style=\"font-family: Arial;\"><b><u>abato 30 dicembre <\/u><\/b>alle <b><u>20.30<\/u><\/b>, nella chiesa arcipretale di San Giovanni Battista. L&#8217;evento, ad ingresso libero, prevede l&#8217;esibizione di due cori di giovani talenti. Il primo gruppo \u00e8 composto da 14 ragazzi tra i 20 e i 30 anni con la passione per la musica e il canto. Il secondo coro, l&#8217; Ensemble vocale Calycanthus Concentus, ha iniziato la sua attivit\u00e0 musicale concertistica quindici anni fa dedicandosi al repertorio sacro.<\/span><\/p>\n<p>&nbsp;<\/p>\n<blockquote>\n<h3>SABATO LA FESTA AL RISTOBAR GHEGI DI FORCELLA AURINE<\/h3>\n<\/blockquote>\n<p><strong><a class=\"dt-pswp-item\" href=\"https:\/\/www.radiopiu.net\/wordpress\/wp-content\/uploads\/2023\/12\/5255b046-5a50-447e-b1ab-4e359aca3f8c.jpg\" data-dt-img-description=\"\" data-large_image_width=\"625\" data-large_image_height=\"738\"><img loading=\"lazy\" decoding=\"async\" class=\" wp-image-367715 alignleft\" src=\"https:\/\/www.radiopiu.net\/wordpress\/wp-content\/uploads\/2023\/12\/5255b046-5a50-447e-b1ab-4e359aca3f8c-254x300.jpg\" alt=\"\" width=\"138\" height=\"163\" srcset=\"https:\/\/www.radiopiu.net\/wordpress\/wp-content\/uploads\/2023\/12\/5255b046-5a50-447e-b1ab-4e359aca3f8c-254x300.jpg 254w, https:\/\/www.radiopiu.net\/wordpress\/wp-content\/uploads\/2023\/12\/5255b046-5a50-447e-b1ab-4e359aca3f8c.jpg 625w\" sizes=\"auto, (max-width: 138px) 100vw, 138px\" \/><\/a>GOSALDO<\/strong> Saranno Morgan e Battaglia i Djs che sabato scateneranno la festa al Ristobar Ghegi di Forcella Aurine. L&#8217;aperitivo in Apr\u00e8s Ski inizier\u00e0 alle 17 e proseguir\u00e0 fino a notte inoltrata con drinks, food e cocktail.<\/p>\n<p><strong>\u00a0<\/strong><\/p>\n<p><strong>\u00a0<\/strong><\/p>\n<p><strong>\u00a0<\/strong><\/p>\n<p><strong>LO SPOT ALLA RADIO<\/strong><\/p>\n<audio class=\"wp-audio-shortcode\" id=\"audio-367614-11\" preload=\"none\" style=\"width: 100%;\" controls=\"controls\"><source type=\"audio\/mpeg\" src=\"https:\/\/www.radiopiu.net\/wordpress\/wp-content\/uploads\/2023\/12\/FORCELLA-AURINE.mp3?_=11\" \/><a href=\"https:\/\/www.radiopiu.net\/wordpress\/wp-content\/uploads\/2023\/12\/FORCELLA-AURINE.mp3\">https:\/\/www.radiopiu.net\/wordpress\/wp-content\/uploads\/2023\/12\/FORCELLA-AURINE.mp3<\/a><\/audio>\n<p>&nbsp;<\/p>\n<h2><span style=\"color: #ff0000;\">PROSSIMAMENTE&#8230;<\/span><\/h2>\n<blockquote>\n<h3>IL NUOVO LIBRO DI GIORGIO PIROLO<\/h3>\n<\/blockquote>\n<p><strong>ALLEGHE<\/strong> Mercoled\u00ec 3 gennaio alle 18 alla biblioteca di Alleghe verr\u00e0 presentato il nuovo libro di Giorgio Pirolo &#8220;I Disegni Non Parlano&#8221;. Ci sar\u00e0 un dialogo con l&#8217;autore.<\/p>\n<p>&nbsp;<\/p>\n<blockquote>\n<h3>CONCERTO CORALE AD ALLEGHE<\/h3>\n<\/blockquote>\n<p><strong>ALLEGHE<\/strong> Gioved\u00ec 4 gennaio alle 20:30 in Sala Stoppani delle scuole elementari di Alleghe, la Corale di Limana e il Coro Monte Civetta si esibiranno. Un appuntamento da non perdere. Ingresso gratuito.<\/p>\n<p>&nbsp;<\/p>\n<hr \/>\n<p>&nbsp;<\/p>\n<p><a class=\"dt-pswp-item\" href=\"https:\/\/www.radiopiu.net\/wordpress\/wp-content\/uploads\/2018\/09\/viabilita.jpeg\" data-dt-img-description=\"\" data-large_image_width=\"800\" data-large_image_height=\"100\"><img loading=\"lazy\" decoding=\"async\" class=\"aligncenter wp-image-61954 size-full\" src=\"https:\/\/www.radiopiu.net\/wordpress\/wp-content\/uploads\/2018\/09\/viabilita.jpeg\" alt=\"\" width=\"800\" height=\"100\" srcset=\"https:\/\/www.radiopiu.net\/wordpress\/wp-content\/uploads\/2018\/09\/viabilita.jpeg 800w, https:\/\/www.radiopiu.net\/wordpress\/wp-content\/uploads\/2018\/09\/viabilita-300x38.jpeg 300w, https:\/\/www.radiopiu.net\/wordpress\/wp-content\/uploads\/2018\/09\/viabilita-768x96.jpeg 768w\" sizes=\"auto, (max-width: 800px) 100vw, 800px\" \/><\/a><\/p>\n<p>&nbsp;<\/p>\n<p><a class=\"dt-pswp-item\" href=\"https:\/\/www.radiopiu.net\/wordpress\/wp-content\/uploads\/2023\/12\/botol-car-service.jpg\" data-dt-img-description=\"\" data-large_image_width=\"600\" data-large_image_height=\"600\"><img loading=\"lazy\" decoding=\"async\" class=\"size-medium wp-image-367044 aligncenter\" src=\"https:\/\/www.radiopiu.net\/wordpress\/wp-content\/uploads\/2023\/12\/botol-car-service-300x300.jpg\" alt=\"\" width=\"300\" height=\"300\" srcset=\"https:\/\/www.radiopiu.net\/wordpress\/wp-content\/uploads\/2023\/12\/botol-car-service-300x300.jpg 300w, https:\/\/www.radiopiu.net\/wordpress\/wp-content\/uploads\/2023\/12\/botol-car-service-150x150.jpg 150w, https:\/\/www.radiopiu.net\/wordpress\/wp-content\/uploads\/2023\/12\/botol-car-service.jpg 600w\" sizes=\"auto, (max-width: 300px) 100vw, 300px\" \/><\/a><\/p>\n<p>&nbsp;<\/p>\n<p>&nbsp;<\/p>\n<blockquote class=\"wp-embedded-content\" data-secret=\"SIPb55hBiX\"><p><a href=\"https:\/\/www.radiopiu.net\/wordpress\/viabilita\/\">viabilita<\/a><\/p><\/blockquote>\n<p><iframe loading=\"lazy\" class=\"wp-embedded-content\" sandbox=\"allow-scripts\" security=\"restricted\" style=\"position: absolute; clip: rect(1px, 1px, 1px, 1px);\" title=\"&#8220;viabilita&#8221; &#8212; Radio Pi\u00f9\" src=\"https:\/\/www.radiopiu.net\/wordpress\/viabilita\/embed\/#?secret=NW0zOspnfB#?secret=SIPb55hBiX\" data-secret=\"SIPb55hBiX\" width=\"600\" height=\"338\" frameborder=\"0\" marginwidth=\"0\" marginheight=\"0\" scrolling=\"no\"><\/iframe><\/p>\n<p>&nbsp;<\/p>\n<hr \/>\n<p>&nbsp;<\/p>\n<p><a class=\"dt-pswp-item\" href=\"https:\/\/www.radiopiu.net\/wordpress\/wp-content\/uploads\/2018\/09\/WhatsApp-Image-2018-09-20-at-16.04.06.jpeg\" data-dt-img-description=\"\" data-large_image_width=\"800\" data-large_image_height=\"100\"><img loading=\"lazy\" decoding=\"async\" class=\"wp-image-61378 size-full aligncenter\" src=\"https:\/\/www.radiopiu.net\/wordpress\/wp-content\/uploads\/2018\/09\/WhatsApp-Image-2018-09-20-at-16.04.06.jpeg\" alt=\"\" width=\"800\" height=\"100\" srcset=\"https:\/\/www.radiopiu.net\/wordpress\/wp-content\/uploads\/2018\/09\/WhatsApp-Image-2018-09-20-at-16.04.06.jpeg 800w, https:\/\/www.radiopiu.net\/wordpress\/wp-content\/uploads\/2018\/09\/WhatsApp-Image-2018-09-20-at-16.04.06-300x38.jpeg 300w, https:\/\/www.radiopiu.net\/wordpress\/wp-content\/uploads\/2018\/09\/WhatsApp-Image-2018-09-20-at-16.04.06-768x96.jpeg 768w\" sizes=\"auto, (max-width: 800px) 100vw, 800px\" \/><\/a><\/p>\n<p><center><\/center><b>\u00a0<\/b><\/p>\n<p><center><\/center><center><b>OGGI<\/b><\/center><b>Tempo atteso: <\/b>Sulle Dolomiti sole e cielo sereno al mattino, sulle Prealpi stessa situazione, senza escludere l&#8217;insidia nebbia o nubi basse sar\u00e0 presente nelle valli e conche solitamente pi\u00f9 umide. Al pomeriggio crescente nuvolosit\u00e0 medio-alta stratiforme ovunque fino a cielo coperto.<br \/>\n<b>Precipitazioni: <\/b>Assenti<br \/>\n<b>Temperature: <\/b>In generale lieve calo, pi\u00f9 marcato in quota, dove le minime saranno osservate alla sera, Persistenza dell&#8217;inversione termica nelle valli.<\/p>\n<hr \/>\n<p><center><b>DOMANI<\/b><\/center><b>Tempo atteso: <\/b>Sulle Dolomiti sole e cielo sereno fino a met\u00e0 mattinata, prima che sottili nubi alte velino il cielo, localmente potr\u00e0 esserci la fornazione di nubi basse in alcune valli meridionali entro la sera. Sulle Prealpi, salvo schiarite mattutine in quota, il cielo risulter\u00e0 perlopi\u00f9 coperto tutto il giorno per estese nubi basse.<br \/>\n<b>Precipitazioni: <\/b>Assenti, anche se qualche locale pioviggine non potr\u00e0 essere del tutto esclusa sulla fascia prealpina (10%).<br \/>\n<b>Temperature: <\/b>In ulteriore lieve calo, con minime osservate alla sera in quota; debole escursione termica giornaliera, specie nei settori prealpini interessati dalla copertura nuvolosa bassa.<\/p>\n<hr \/>\n<p><center><b>SABATO<\/b><\/center>Nuvolosit\u00e0 irregolare nottetempo, poi netto miglioramento del tempo che sar\u00e0 in prevalenza soleggiato, salvo transito di temporanee sottili velature senza incidenza rilevante. Temperature minime in calo e massime in generale lieve rialzo.<\/p>\n<hr \/>\n<p><center><b>DOMENICA<\/b><\/center>Residui tratti di sereno al primo mattino, prima che il cielo si copr\u00e0 fino a risultare coperto ovunque con probabili deboli o debolissime precipitazioni sparse al pomeriggio\/sera, nevose oltre i 1000-1200 m sulle Dolomiti e 1200-1400 m sulle Prealpi. Temperature in leggera flessione, eccetto locali aumenti delle minime in alcune valli.<\/p>\n<p>&nbsp;<\/p>\n<hr \/>\n<p>&nbsp;<\/p>\n<p><img loading=\"lazy\" decoding=\"async\" class=\"wp-image-60761 size-full aligncenter\" src=\"https:\/\/www.radiopiu.net\/wordpress\/wp-content\/uploads\/2018\/09\/sport.jpg\" alt=\"\" width=\"800\" height=\"100\" srcset=\"https:\/\/www.radiopiu.net\/wordpress\/wp-content\/uploads\/2018\/09\/sport.jpg 800w, https:\/\/www.radiopiu.net\/wordpress\/wp-content\/uploads\/2018\/09\/sport-300x38.jpg 300w, https:\/\/www.radiopiu.net\/wordpress\/wp-content\/uploads\/2018\/09\/sport-768x96.jpg 768w\" sizes=\"auto, (max-width: 800px) 100vw, 800px\" \/><\/p>\n<p>&nbsp;<\/p>\n<p><span style=\"color: #0000ff;\"><strong>HOCKEY SU GHIACCIO<\/strong><\/span><\/p>\n<blockquote>\n<h3>ALLEGHE E FELTRE VINCONO E FANNO IL PRIMO PASSO VERSO I QUARTI DI FINALE DELLA COPPA ITALIA<\/h3>\n<\/blockquote>\n<p><strong>di Marco Gaz<\/strong><\/p>\n<p><span style=\"color: #ff0000;\"><strong>ANDATA OTTAVI COPPA ITALIA<\/strong><\/span><\/p>\n<p><strong>DOBBIACO \u2013 ALLEGHE 4-5<\/strong><\/p>\n<p>PARZIALI: 0-1, 2-3, 2-1<\/p>\n<p>GOL: Pt. 3\u201923\u201d De Silvestro. St. 5\u201906\u201d A. Vinatzer, 7\u201928\u201d Purdeller, 8\u201935\u201d G. Vinatzer, 8\u201940\u201d Pompanin, 12\u201955\u201d De Val. Tt. 0\u201934\u201d G. Vinatzer, 8\u201959\u201d De Lorenzo, 9\u201939\u201d Purdeller<\/p>\n<p>Vittoria di misura per l\u2019Alleghe (orfano di parecchie assenze) nella sfida valida per l\u2019andata degli ottavi di finale della Coppa Italia. Alti e bassi per la formazione allenata da Scapinello che gestisce al meglio la partita nei primi due tempi per poi rischiare nel terzo drittel. Un buon Dobbiaco ha tenuto in piedi una sfida che sembrava prendere tranquillamente la strada giusta per gli agordini. Ora il ritorno sabato sera al De Toni dove alle civette basta un pareggio per passare il turno. Pronti, via, passano 3\u2019 e le civette si portano subito avanti. A sbloccare la partita ci pensa De Silvestro. Il Dobbiaco non si lascia sorprendere e prova a rispondere non trovando per\u00f2 il pareggio. Si lotta su ogni disco. L\u2019Alleghe si fa pericoloso con la situazione di superiorit\u00e0 numerica ma il golie altoatesino si difende bene. Nel finale della prima frazione gli uomini di Scapinello prendono di mira la porta avversaria ma non riescono a trovare il gol del raddoppio. Nel secondo tempo le squadre giocano alla pari. Gli orsi polari prendono coraggio e chiudono in difesa le civette. Nel momento peggiore della partita, gli agordini trovano la seconda rete della serata. Galoppata di Soppelsa il quale trova libero Andreas Vinatzer che insacca. Risponde la squadra locale con Purdeller ma Gabriel Vinatzer risponde per l\u2019Alleghe. Cala la concentrazione e il Dobbiaco accorcia di nuovo con Pompanin. Alla prima superiorit\u00e0 numerica le civette calano il poker. Dopo una serie di tentativi andati a vuoto, De Val trova il pertugio per spedire il disco alle spalle del portiere. Terza frazione che viene inaugurata dalla doppietta di Gabriel Vinatzer. I padroni di casa trovano la terza rete della serata con De Lorenzo. Il match si riapre poco dopo quando Purdeller accorcia ulteriormente le distanze per gli orsi polari. Finale al cardiopalma con gli altoatesini che giocano la carta del sesto uomo di movimento ma senza trovare i risultati sperati.<\/p>\n<p>(foto: Annalisa Dal Mas)<\/p>\n\n\t\t\t<style type='text\/css'>\n\t\t\t\t#gallery-3 {\n\t\t\t\t\tmargin: auto;\n\t\t\t\t}\n\t\t\t\t#gallery-3 .gallery-item {\n\t\t\t\t\tfloat: left;\n\t\t\t\t\tmargin-top: 10px;\n\t\t\t\t\ttext-align: center;\n\t\t\t\t\twidth: 16%;\n\t\t\t\t}\n\t\t\t\t#gallery-3 img {\n\t\t\t\t\tborder: 2px solid #cfcfcf;\n\t\t\t\t}\n\t\t\t\t#gallery-3 .gallery-caption {\n\t\t\t\t\tmargin-left: 0;\n\t\t\t\t}\n\t\t\t\t\/* see gallery_shortcode() in wp-includes\/media.php *\/\n\t\t\t<\/style>\n\t\t<div id='gallery-3' class='dt-gallery-container gallery galleryid-367614 gallery-columns-6 gallery-size-thumbnail'><dl class='gallery-item'>\n\t\t\t\t<dt class='gallery-icon landscape'>\n\t\t\t\t\t<a class=\"rollover rollover-zoom dt-pswp-item\" title=\"0b9616e6-0f40-4203-af2e-2ce18a34e7ae\" data-dt-img-description=\"\" data-large_image_width=\"1600\" data-large_image_height=\"1180\"href='https:\/\/www.radiopiu.net\/wordpress\/wp-content\/uploads\/2023\/12\/0b9616e6-0f40-4203-af2e-2ce18a34e7ae.jpg'><img loading=\"lazy\" decoding=\"async\" width=\"150\" height=\"150\" src=\"https:\/\/www.radiopiu.net\/wordpress\/wp-content\/uploads\/2023\/12\/0b9616e6-0f40-4203-af2e-2ce18a34e7ae-150x150.jpg\" class=\"attachment-thumbnail size-thumbnail\" alt=\"\" \/><\/a>\n\t\t\t\t<\/dt><\/dl><dl class='gallery-item'>\n\t\t\t\t<dt class='gallery-icon landscape'>\n\t\t\t\t\t<a class=\"rollover rollover-zoom dt-pswp-item\" title=\"be5124e7-a65c-4d47-9db9-64a7d3682c5a\" data-dt-img-description=\"\" data-large_image_width=\"1600\" data-large_image_height=\"1200\"href='https:\/\/www.radiopiu.net\/wordpress\/wp-content\/uploads\/2023\/12\/be5124e7-a65c-4d47-9db9-64a7d3682c5a.jpg'><img loading=\"lazy\" decoding=\"async\" width=\"150\" height=\"150\" src=\"https:\/\/www.radiopiu.net\/wordpress\/wp-content\/uploads\/2023\/12\/be5124e7-a65c-4d47-9db9-64a7d3682c5a-150x150.jpg\" class=\"attachment-thumbnail size-thumbnail\" alt=\"\" \/><\/a>\n\t\t\t\t<\/dt><\/dl><dl class='gallery-item'>\n\t\t\t\t<dt class='gallery-icon landscape'>\n\t\t\t\t\t<a class=\"rollover rollover-zoom dt-pswp-item\" title=\"e14fe968-6422-4473-8d74-92f0e37d7fe0\" data-dt-img-description=\"\" data-large_image_width=\"1600\" data-large_image_height=\"1200\"href='https:\/\/www.radiopiu.net\/wordpress\/wp-content\/uploads\/2023\/12\/e14fe968-6422-4473-8d74-92f0e37d7fe0.jpg'><img loading=\"lazy\" decoding=\"async\" width=\"150\" height=\"150\" src=\"https:\/\/www.radiopiu.net\/wordpress\/wp-content\/uploads\/2023\/12\/e14fe968-6422-4473-8d74-92f0e37d7fe0-150x150.jpg\" class=\"attachment-thumbnail size-thumbnail\" alt=\"\" \/><\/a>\n\t\t\t\t<\/dt><\/dl><dl class='gallery-item'>\n\t\t\t\t<dt class='gallery-icon landscape'>\n\t\t\t\t\t<a class=\"rollover rollover-zoom dt-pswp-item\" title=\"b75d0c72-0b68-4218-97c2-ab8a65401dc9\" data-dt-img-description=\"\" data-large_image_width=\"1600\" data-large_image_height=\"1200\"href='https:\/\/www.radiopiu.net\/wordpress\/wp-content\/uploads\/2023\/12\/b75d0c72-0b68-4218-97c2-ab8a65401dc9.jpg'><img loading=\"lazy\" decoding=\"async\" width=\"150\" height=\"150\" src=\"https:\/\/www.radiopiu.net\/wordpress\/wp-content\/uploads\/2023\/12\/b75d0c72-0b68-4218-97c2-ab8a65401dc9-150x150.jpg\" class=\"attachment-thumbnail size-thumbnail\" alt=\"\" \/><\/a>\n\t\t\t\t<\/dt><\/dl><dl class='gallery-item'>\n\t\t\t\t<dt class='gallery-icon landscape'>\n\t\t\t\t\t<a class=\"rollover rollover-zoom dt-pswp-item\" title=\"9487bc9b-4b5d-43e5-b6da-09f81c04cc41\" data-dt-img-description=\"\" data-large_image_width=\"1024\" data-large_image_height=\"768\"href='https:\/\/www.radiopiu.net\/wordpress\/wp-content\/uploads\/2023\/12\/9487bc9b-4b5d-43e5-b6da-09f81c04cc41.jpg'><img loading=\"lazy\" decoding=\"async\" width=\"150\" height=\"150\" src=\"https:\/\/www.radiopiu.net\/wordpress\/wp-content\/uploads\/2023\/12\/9487bc9b-4b5d-43e5-b6da-09f81c04cc41-150x150.jpg\" class=\"attachment-thumbnail size-thumbnail\" alt=\"\" \/><\/a>\n\t\t\t\t<\/dt><\/dl><dl class='gallery-item'>\n\t\t\t\t<dt class='gallery-icon landscape'>\n\t\t\t\t\t<a class=\"rollover rollover-zoom dt-pswp-item\" title=\"4983ead4-d976-411f-b8c6-cf15bd935ae6\" data-dt-img-description=\"\" data-large_image_width=\"1600\" data-large_image_height=\"1200\"href='https:\/\/www.radiopiu.net\/wordpress\/wp-content\/uploads\/2023\/12\/4983ead4-d976-411f-b8c6-cf15bd935ae6.jpg'><img loading=\"lazy\" decoding=\"async\" width=\"150\" height=\"150\" src=\"https:\/\/www.radiopiu.net\/wordpress\/wp-content\/uploads\/2023\/12\/4983ead4-d976-411f-b8c6-cf15bd935ae6-150x150.jpg\" class=\"attachment-thumbnail size-thumbnail\" alt=\"\" \/><\/a>\n\t\t\t\t<\/dt><\/dl><br style=\"clear: both\" \/>\n\t\t\t<\/div>\n\n<p>&nbsp;<\/p>\n<p><strong>BRESSANONE \u2013 FELTRE 2-8<\/strong><\/p>\n<p>PARZIALI: 0-2, 1-4, 1-2<\/p>\n<p>GOL: Pt. 5\u201951\u201d Eruzione, 18\u201917\u201d Nimenko. St. 2\u201917\u201d Niccolai, 4\u201932\u201d Stupak, 12\u201912\u201d Damin, 13\u201931\u201d M. Dall\u2019Agnol, 18\u201958\u201d Eruzione. Tt. 9\u201954\u201d L. Dall\u2019Agnol, 11\u201905\u201d Eruzione, 12\u201904\u201d Thum<\/p>\n<p>Buona la prima per il Feltre che fa un sol boccone del Bressanone nella prima gara valida per gli ottavi di finale di Coppa Italia. Una vittoria sonante per i picchi che salgono sull\u2019ottovolante rifilando otto gol agli altoatesini e subendone solo due mettendo un piede nei quarti di finale del torneo. Nel rpimo tempo feltrini avanti per 2 a 0. Drittel centrale con i padroni di casa che accorciano ma subito dopo i picchi mettono a segno un gol dopo l\u2019altro chiudendo la frazione avanti di 5 reti. Ultima frazione con il Feltre che incrementa il vantaggio e falchi che nel finale siglano la seconda rete della serata.<\/p>\n<p>&nbsp;<\/p>\n<p><span style=\"color: #0000ff;\"><strong>SCI ALPINO<\/strong><\/span><\/p>\n<blockquote>\n<h3>LE REGINE DELLA VELOCITA&#8217; SULLA VOLATA DAL 3 AL 10 GENNAIO<\/h3>\n<\/blockquote>\n<p><strong><a class=\"dt-pswp-item\" href=\"https:\/\/www.radiopiu.net\/wordpress\/wp-content\/uploads\/2023\/12\/31281.jpeg\" data-dt-img-description=\"\" data-large_image_width=\"1280\" data-large_image_height=\"854\"><img loading=\"lazy\" decoding=\"async\" class=\" wp-image-367678 alignleft\" src=\"https:\/\/www.radiopiu.net\/wordpress\/wp-content\/uploads\/2023\/12\/31281-300x200.jpeg\" alt=\"\" width=\"174\" height=\"116\" srcset=\"https:\/\/www.radiopiu.net\/wordpress\/wp-content\/uploads\/2023\/12\/31281-300x200.jpeg 300w, https:\/\/www.radiopiu.net\/wordpress\/wp-content\/uploads\/2023\/12\/31281-1024x683.jpeg 1024w, https:\/\/www.radiopiu.net\/wordpress\/wp-content\/uploads\/2023\/12\/31281-768x512.jpeg 768w, https:\/\/www.radiopiu.net\/wordpress\/wp-content\/uploads\/2023\/12\/31281.jpeg 1280w\" sizes=\"auto, (max-width: 174px) 100vw, 174px\" \/><\/a>VAL DI FASSA <\/strong>La Val di Fassa delle Piste Azzurre, progetto in partnership con la F.I.S.I che vede ben otto piste della valle ladina essere centro federale di allenamento delle squadre nazionali azzurre, saluter\u00e0 il 2024, con le regine della velocit\u00e0 e delle discipline veloci femminili annunciate per una settimana di allenamento in Val di Fassa. Le top atlete italiane: Goggia, Brignone, Bassino, Delago Nadia e Nicole, Pirovano e Melesi saranno in Val di Fassa dal 3 gennaio fino al 10, con al seguito tutti gli staff tecnici della nazionale per preparare al meglio le gare di Coppa del Mondo in calendario e poi gi\u00e0 per trovare confidenza con la pista di velocit\u00e0 per eccellenza ovvero La VolatA &#8211; Ski Area San Pellegrino Col Margherita, dove dal 24 al 25 febbraio \u00a02024, si svolgeranno ben due superG di Coppa del Mondo femminile.<\/p>\n<p>&nbsp;<\/p>\n<p><span style=\"color: #0000ff;\"><strong>CALCIO A 5<\/strong><\/span><\/p>\n<blockquote>\n<h3>LA CANOTTIERI BELLUNO A PALAZZO ROSSO<\/h3>\n<\/blockquote>\n<p><strong><a class=\"dt-pswp-item\" href=\"https:\/\/www.radiopiu.net\/wordpress\/wp-content\/uploads\/2023\/12\/Canottieri-Belluno.jpeg\" data-dt-img-description=\"\" data-large_image_width=\"2048\" data-large_image_height=\"1536\"><img loading=\"lazy\" decoding=\"async\" class=\" wp-image-367719 alignleft\" src=\"https:\/\/www.radiopiu.net\/wordpress\/wp-content\/uploads\/2023\/12\/Canottieri-Belluno-300x225.jpeg\" alt=\"\" width=\"247\" height=\"185\" srcset=\"https:\/\/www.radiopiu.net\/wordpress\/wp-content\/uploads\/2023\/12\/Canottieri-Belluno-300x225.jpeg 300w, https:\/\/www.radiopiu.net\/wordpress\/wp-content\/uploads\/2023\/12\/Canottieri-Belluno-1024x768.jpeg 1024w, https:\/\/www.radiopiu.net\/wordpress\/wp-content\/uploads\/2023\/12\/Canottieri-Belluno-768x576.jpeg 768w, https:\/\/www.radiopiu.net\/wordpress\/wp-content\/uploads\/2023\/12\/Canottieri-Belluno-1536x1152.jpeg 1536w, https:\/\/www.radiopiu.net\/wordpress\/wp-content\/uploads\/2023\/12\/Canottieri-Belluno.jpeg 2048w\" sizes=\"auto, (max-width: 247px) 100vw, 247px\" \/><\/a>BELLUNO <\/strong>Nasce nel 1998 la Canottieri Belluno, squadra di calcio a 5 della citt\u00e0 di Belluno. Ed \u00e8 proprio in occasione del 25\u00ba anno di attivit\u00e0 che \u00e8 stato conquistato il passaggio in A2 lo scorso giugno, in SPES Arena, davanti a 500 tifosi, contro la Virtus Libera Ischia con 2 goal segnati da Dos Santos e uno di Dal Farra.\u00a0 \u201cEro presente anche io alla SPES quel pomeriggio di finale playoff serieB e abbiamo gioito insieme a dirigenti e giocatori per questo successo che oggi abbiamo voluto celebrare in Comune &#8211; commenta l&#8217;assessore &#8211; in chiusura d\u2019anno, per gratificare chi con impegno e dedizione consegue risultati sportivi e porta alto il nome \u00a0della nostra citt\u00e0\u201c. Presenti sia giocatori di prima squadra che alcuni componenti delle squadre giovanili, alcuni mister, il mister Alessio Bortolini e il dirigente Giacomo Fiabane (tutti e 3 \u00a0cofondatori nel 1998 della squadra insieme a Federico Palazzin).<\/p>\n<p>&nbsp;<\/p>\n<p><span style=\"color: #0000ff;\"><strong>CURLING<\/strong><\/span><\/p>\n<blockquote>\n<h3>TUTTO PRONTO PER LA PRIMA EDIZIONE DELLA CORTINA CURLING CUP<\/h3>\n<\/blockquote>\n<p><strong><a class=\"dt-pswp-item\" href=\"https:\/\/www.radiopiu.net\/wordpress\/wp-content\/uploads\/2023\/12\/Curling-Cortina-Photo-.jpg\" data-dt-img-description=\"\" data-large_image_width=\"1024\" data-large_image_height=\"768\"><img loading=\"lazy\" decoding=\"async\" class=\" wp-image-367694 alignleft\" src=\"https:\/\/www.radiopiu.net\/wordpress\/wp-content\/uploads\/2023\/12\/Curling-Cortina-Photo--300x225.jpg\" alt=\"\" width=\"151\" height=\"113\" \/><\/a>CORTINA<\/strong> La prima edizione della Cortina Curling Cup, evento parte del World Curling Tour, si svolger\u00e0 a Cortina d\u2019Ampezzo da gioved\u00ec 11 a sabato 13 gennaio. La competizione vedr\u00e0 la partecipazione di squadre femminili provenienti da otto nazioni, con grande attesa per il Team Constantini dell&#8217;Italia, l&#8217;ottava forza nel ranking mondiale, e il Team Mariani, giovani campionesse italiane junior. Tra le squadre partecipanti, spicca il Team Gim della Corea del Sud, la seconda forza nel ranking mondiale. Le partite si svolgeranno in tre campi di gara, con un programma intenso che culminer\u00e0 nelle finali il 13 gennaio. L&#8217;evento si terr\u00e0 allo Stadio Olimpico del Ghiaccio, e l&#8217;accesso sar\u00e0 gratuito per il pubblico. Tutti i dettagli sono disponibili sul sito cortinacurlingcup.com.<\/p>\n<p>&nbsp;<\/p>\n","protected":false},"excerpt":{"rendered":"<p>***** &nbsp; 40esimo di RADIOPIU\u2026. LA VOCE DELL\u2019EMOZIONE ISCRIVITI AL NOSTRO CANALE\u00a0\u00a0YOUTUBE PER SEGUIRE IN DIRETTA I PRINCIPALI PROGRAMMI DI RADIO PIU\u2019 E LE FUTURE DIRETTE IN ESTERNA. PER ISCRIVERTI CLICCA QUI\u00a0E PREMI\u00a0 \u201cIscriviti\u201d\u00a0 \u00a0\u00a0 &nbsp; &nbsp; &nbsp; &nbsp; i podcast informativi del mattino &#8211; audio &#8211;\u00a0 LA RASSEGNA STAMPA NAZIONALE ALLA RADIO, OGNI GIORNO&hellip;<\/p>\n","protected":false},"author":4,"featured_media":367686,"comment_status":"closed","ping_status":"closed","sticky":false,"template":"","format":"standard","meta":{"_monsterinsights_skip_tracking":false,"_monsterinsights_sitenote_active":false,"_monsterinsights_sitenote_note":"","_monsterinsights_sitenote_category":0,"footnotes":""},"categories":[51,86,49],"tags":[],"class_list":["post-367614","post","type-post","status-publish","format-standard","has-post-thumbnail","hentry","category-evidenza-top","category-gr","category-news-18","category-51","category-86","category-49","description-off"],"img_url":"https:\/\/www.radiopiu.net\/wordpress\/wp-content\/uploads\/2023\/12\/1-scaled.jpg","_links":{"self":[{"href":"https:\/\/www.radiopiu.net\/wordpress\/wp-json\/wp\/v2\/posts\/367614","targetHints":{"allow":["GET"]}}],"collection":[{"href":"https:\/\/www.radiopiu.net\/wordpress\/wp-json\/wp\/v2\/posts"}],"about":[{"href":"https:\/\/www.radiopiu.net\/wordpress\/wp-json\/wp\/v2\/types\/post"}],"author":[{"embeddable":true,"href":"https:\/\/www.radiopiu.net\/wordpress\/wp-json\/wp\/v2\/users\/4"}],"replies":[{"embeddable":true,"href":"https:\/\/www.radiopiu.net\/wordpress\/wp-json\/wp\/v2\/comments?post=367614"}],"version-history":[{"count":0,"href":"https:\/\/www.radiopiu.net\/wordpress\/wp-json\/wp\/v2\/posts\/367614\/revisions"}],"wp:featuredmedia":[{"embeddable":true,"href":"https:\/\/www.radiopiu.net\/wordpress\/wp-json\/wp\/v2\/media\/367686"}],"wp:attachment":[{"href":"https:\/\/www.radiopiu.net\/wordpress\/wp-json\/wp\/v2\/media?parent=367614"}],"wp:term":[{"taxonomy":"category","embeddable":true,"href":"https:\/\/www.radiopiu.net\/wordpress\/wp-json\/wp\/v2\/categories?post=367614"},{"taxonomy":"post_tag","embeddable":true,"href":"https:\/\/www.radiopiu.net\/wordpress\/wp-json\/wp\/v2\/tags?post=367614"}],"curies":[{"name":"wp","href":"https:\/\/api.w.org\/{rel}","templated":true}]}}