{"id":367622,"date":"2023-12-27T05:01:30","date_gmt":"2023-12-27T04:01:30","guid":{"rendered":"https:\/\/www.radiopiu.net\/wordpress\/?p=367622"},"modified":"2023-12-27T05:01:30","modified_gmt":"2023-12-27T04:01:30","slug":"incendio-a-anzu-di-feltre-casa-distrutta-nessun-ferito","status":"publish","type":"post","link":"https:\/\/www.radiopiu.net\/wordpress\/incendio-a-anzu-di-feltre-casa-distrutta-nessun-ferito\/","title":{"rendered":"Incendio a Anz\u00f9 di Feltre: Casa Distrutta, Nessun Ferito"},"content":{"rendered":"<h2>***<\/h2>\n<p>&nbsp;<\/p>\n<p><strong><a class=\"dt-pswp-item\" href=\"https:\/\/www.radiopiu.net\/wordpress\/wp-content\/uploads\/2021\/07\/7b3b4c7a-9421-4e33-96b9-7161270ef358.jpg\" data-dt-img-description=\"\" data-large_image_width=\"1080\" data-large_image_height=\"1246\"><img loading=\"lazy\" decoding=\"async\" class=\"wp-image-222509 alignleft\" src=\"https:\/\/www.radiopiu.net\/wordpress\/wp-content\/uploads\/2021\/07\/7b3b4c7a-9421-4e33-96b9-7161270ef358-260x300.jpg\" alt=\"\" width=\"116\" height=\"134\" srcset=\"https:\/\/www.radiopiu.net\/wordpress\/wp-content\/uploads\/2021\/07\/7b3b4c7a-9421-4e33-96b9-7161270ef358-260x300.jpg 260w, https:\/\/www.radiopiu.net\/wordpress\/wp-content\/uploads\/2021\/07\/7b3b4c7a-9421-4e33-96b9-7161270ef358-888x1024.jpg 888w, https:\/\/www.radiopiu.net\/wordpress\/wp-content\/uploads\/2021\/07\/7b3b4c7a-9421-4e33-96b9-7161270ef358-768x886.jpg 768w, https:\/\/www.radiopiu.net\/wordpress\/wp-content\/uploads\/2021\/07\/7b3b4c7a-9421-4e33-96b9-7161270ef358.jpg 1080w\" sizes=\"auto, (max-width: 116px) 100vw, 116px\" \/><\/a>FELTRE<\/strong> Vigilia di Natale ad Anz\u00f9,\u00a0 un&#8217;abitazione \u00e8 andata completamente a fuoco, rendendola non agibile. L&#8217;allarme \u00e8 stato lanciato dal residente straniero del civico 9 di vicolo D\u00e8 Facci, il quale ha richiesto l&#8217;intervento dei pompieri dopo aver segnalato la presenza di fumo in una stanza poco dopo le 19. Le squadre dei vigili del fuoco, provenienti dal distaccamento di Feltre e dal comando provinciale di Belluno, insieme ai volontari, hanno lottato contro le fiamme che si sono sviluppate rapidamente, coinvolgendo l&#8217;intera abitazione. Nonostante gli sforzi, i danni causati sia dal fuoco che dall&#8217;acqua utilizzata per spegnerlo sono stati considerevoli. L&#8217;intervento ha richiesto ore e si \u00e8 protratto fino a sera inoltrata. Fortunatamente, non si segnalano feriti o bisognosi di cure mediche, ma la casa adiacente ha subito danni da fumo. L&#8217;abitazione \u00e8 stata dichiarata non agibile, costringendo l&#8217;inquilino a cercare rifugio presso amici.<\/p>\n<p>&nbsp;<\/p>\n<p>&nbsp;<\/p>\n<hr \/>\n<p>&nbsp;<\/p>\n","protected":false},"excerpt":{"rendered":"<p>*** &nbsp; FELTRE Vigilia di Natale ad Anz\u00f9,\u00a0 un&#8217;abitazione \u00e8 andata completamente a fuoco, rendendola non agibile. L&#8217;allarme \u00e8 stato lanciato dal residente straniero del civico 9 di vicolo D\u00e8 Facci, il quale ha richiesto l&#8217;intervento dei pompieri dopo aver segnalato la presenza di fumo in una stanza poco dopo le 19. Le squadre dei&hellip;<\/p>\n","protected":false},"author":4,"featured_media":363298,"comment_status":"closed","ping_status":"closed","sticky":false,"template":"","format":"standard","meta":{"_monsterinsights_skip_tracking":false,"_monsterinsights_sitenote_active":false,"_monsterinsights_sitenote_note":"","_monsterinsights_sitenote_category":0,"footnotes":""},"categories":[51,49],"tags":[],"class_list":["post-367622","post","type-post","status-publish","format-standard","has-post-thumbnail","hentry","category-evidenza-top","category-news-18","category-51","category-49","description-off"],"img_url":"https:\/\/www.radiopiu.net\/wordpress\/wp-content\/uploads\/2023\/11\/vigili-fuoco-8.jpg","_links":{"self":[{"href":"https:\/\/www.radiopiu.net\/wordpress\/wp-json\/wp\/v2\/posts\/367622","targetHints":{"allow":["GET"]}}],"collection":[{"href":"https:\/\/www.radiopiu.net\/wordpress\/wp-json\/wp\/v2\/posts"}],"about":[{"href":"https:\/\/www.radiopiu.net\/wordpress\/wp-json\/wp\/v2\/types\/post"}],"author":[{"embeddable":true,"href":"https:\/\/www.radiopiu.net\/wordpress\/wp-json\/wp\/v2\/users\/4"}],"replies":[{"embeddable":true,"href":"https:\/\/www.radiopiu.net\/wordpress\/wp-json\/wp\/v2\/comments?post=367622"}],"version-history":[{"count":0,"href":"https:\/\/www.radiopiu.net\/wordpress\/wp-json\/wp\/v2\/posts\/367622\/revisions"}],"wp:featuredmedia":[{"embeddable":true,"href":"https:\/\/www.radiopiu.net\/wordpress\/wp-json\/wp\/v2\/media\/363298"}],"wp:attachment":[{"href":"https:\/\/www.radiopiu.net\/wordpress\/wp-json\/wp\/v2\/media?parent=367622"}],"wp:term":[{"taxonomy":"category","embeddable":true,"href":"https:\/\/www.radiopiu.net\/wordpress\/wp-json\/wp\/v2\/categories?post=367622"},{"taxonomy":"post_tag","embeddable":true,"href":"https:\/\/www.radiopiu.net\/wordpress\/wp-json\/wp\/v2\/tags?post=367622"}],"curies":[{"name":"wp","href":"https:\/\/api.w.org\/{rel}","templated":true}]}}