{"id":367713,"date":"2023-12-27T17:08:45","date_gmt":"2023-12-27T16:08:45","guid":{"rendered":"https:\/\/www.radiopiu.net\/wordpress\/?p=367713"},"modified":"2023-12-27T17:08:45","modified_gmt":"2023-12-27T16:08:45","slug":"sabato-la-festa-al-ristobar-ghegi-di-forcella-aurine","status":"publish","type":"post","link":"https:\/\/www.radiopiu.net\/wordpress\/sabato-la-festa-al-ristobar-ghegi-di-forcella-aurine\/","title":{"rendered":"SABATO LA FESTA AL RISTOBAR GHEGI DI FORCELLA AURINE"},"content":{"rendered":"<p>*****<\/p>\n<p>&nbsp;<\/p>\n<p><strong><a class=\"dt-pswp-item\" href=\"https:\/\/www.radiopiu.net\/wordpress\/wp-content\/uploads\/2023\/12\/5255b046-5a50-447e-b1ab-4e359aca3f8c.jpg\" data-dt-img-description=\"\" data-large_image_width=\"625\" data-large_image_height=\"738\"><img loading=\"lazy\" decoding=\"async\" class=\" wp-image-367715 alignleft\" src=\"https:\/\/www.radiopiu.net\/wordpress\/wp-content\/uploads\/2023\/12\/5255b046-5a50-447e-b1ab-4e359aca3f8c-254x300.jpg\" alt=\"\" width=\"138\" height=\"163\" srcset=\"https:\/\/www.radiopiu.net\/wordpress\/wp-content\/uploads\/2023\/12\/5255b046-5a50-447e-b1ab-4e359aca3f8c-254x300.jpg 254w, https:\/\/www.radiopiu.net\/wordpress\/wp-content\/uploads\/2023\/12\/5255b046-5a50-447e-b1ab-4e359aca3f8c.jpg 625w\" sizes=\"auto, (max-width: 138px) 100vw, 138px\" \/><\/a>GOSALDO<\/strong> Saranno Morgan e Battaglia i Djs che sabato scateneranno la festa al Ristobar Ghegi di Forcella Aurine. L&#8217;aperitivo in Apr\u00e8s Ski inizier\u00e0 alle 17 e proseguir\u00e0 fino a notte inoltrata con drinks, food e cocktail.<\/p>\n<p><strong>\u00a0<\/strong><\/p>\n<p><strong>\u00a0<\/strong><\/p>\n<p><strong>\u00a0<\/strong><\/p>\n<p><strong>LO SPOT ALLA RADIO<\/strong><\/p>\n<audio class=\"wp-audio-shortcode\" id=\"audio-367713-1\" preload=\"none\" style=\"width: 100%;\" controls=\"controls\"><source type=\"audio\/mpeg\" src=\"https:\/\/www.radiopiu.net\/wordpress\/wp-content\/uploads\/2023\/12\/FORCELLA-AURINE.mp3?_=1\" \/><a href=\"https:\/\/www.radiopiu.net\/wordpress\/wp-content\/uploads\/2023\/12\/FORCELLA-AURINE.mp3\">https:\/\/www.radiopiu.net\/wordpress\/wp-content\/uploads\/2023\/12\/FORCELLA-AURINE.mp3<\/a><\/audio>\n<p>&nbsp;<\/p>\n<p>&nbsp;<\/p>\n<p>********<\/p>\n","protected":false},"excerpt":{"rendered":"<p>***** &nbsp; GOSALDO Saranno Morgan e Battaglia i Djs che sabato scateneranno la festa al Ristobar Ghegi di Forcella Aurine. L&#8217;aperitivo in Apr\u00e8s Ski inizier\u00e0 alle 17 e proseguir\u00e0 fino a notte inoltrata con drinks, food e cocktail. \u00a0 \u00a0 \u00a0 LO SPOT ALLA RADIO &nbsp; &nbsp; ********<\/p>\n","protected":false},"author":4,"featured_media":367715,"comment_status":"closed","ping_status":"closed","sticky":false,"template":"","format":"standard","meta":{"_monsterinsights_skip_tracking":false,"_monsterinsights_sitenote_active":false,"_monsterinsights_sitenote_note":"","_monsterinsights_sitenote_category":0,"footnotes":""},"categories":[49],"tags":[],"class_list":["post-367713","post","type-post","status-publish","format-standard","has-post-thumbnail","hentry","category-news-18","category-49","description-off"],"img_url":"https:\/\/www.radiopiu.net\/wordpress\/wp-content\/uploads\/2023\/12\/5255b046-5a50-447e-b1ab-4e359aca3f8c.jpg","_links":{"self":[{"href":"https:\/\/www.radiopiu.net\/wordpress\/wp-json\/wp\/v2\/posts\/367713","targetHints":{"allow":["GET"]}}],"collection":[{"href":"https:\/\/www.radiopiu.net\/wordpress\/wp-json\/wp\/v2\/posts"}],"about":[{"href":"https:\/\/www.radiopiu.net\/wordpress\/wp-json\/wp\/v2\/types\/post"}],"author":[{"embeddable":true,"href":"https:\/\/www.radiopiu.net\/wordpress\/wp-json\/wp\/v2\/users\/4"}],"replies":[{"embeddable":true,"href":"https:\/\/www.radiopiu.net\/wordpress\/wp-json\/wp\/v2\/comments?post=367713"}],"version-history":[{"count":0,"href":"https:\/\/www.radiopiu.net\/wordpress\/wp-json\/wp\/v2\/posts\/367713\/revisions"}],"wp:featuredmedia":[{"embeddable":true,"href":"https:\/\/www.radiopiu.net\/wordpress\/wp-json\/wp\/v2\/media\/367715"}],"wp:attachment":[{"href":"https:\/\/www.radiopiu.net\/wordpress\/wp-json\/wp\/v2\/media?parent=367713"}],"wp:term":[{"taxonomy":"category","embeddable":true,"href":"https:\/\/www.radiopiu.net\/wordpress\/wp-json\/wp\/v2\/categories?post=367713"},{"taxonomy":"post_tag","embeddable":true,"href":"https:\/\/www.radiopiu.net\/wordpress\/wp-json\/wp\/v2\/tags?post=367713"}],"curies":[{"name":"wp","href":"https:\/\/api.w.org\/{rel}","templated":true}]}}