{"id":367727,"date":"2023-12-28T05:38:24","date_gmt":"2023-12-28T04:38:24","guid":{"rendered":"https:\/\/www.radiopiu.net\/wordpress\/?p=367727"},"modified":"2023-12-28T08:42:58","modified_gmt":"2023-12-28T07:42:58","slug":"pezzi-di-paese-di-mirko-m","status":"publish","type":"post","link":"https:\/\/www.radiopiu.net\/wordpress\/pezzi-di-paese-di-mirko-m\/","title":{"rendered":"PEZZI DI PAESE, di mirko mezzacasa"},"content":{"rendered":"<p>&nbsp;<\/p>\n<p>&nbsp;<\/p>\n<hr \/>\n<p>&nbsp;<\/p>\n<p>&nbsp;<\/p>\n\n\t\t\t<style type='text\/css'>\n\t\t\t\t#gallery-1 {\n\t\t\t\t\tmargin: auto;\n\t\t\t\t}\n\t\t\t\t#gallery-1 .gallery-item {\n\t\t\t\t\tfloat: left;\n\t\t\t\t\tmargin-top: 10px;\n\t\t\t\t\ttext-align: center;\n\t\t\t\t\twidth: 25%;\n\t\t\t\t}\n\t\t\t\t#gallery-1 img {\n\t\t\t\t\tborder: 2px solid #cfcfcf;\n\t\t\t\t}\n\t\t\t\t#gallery-1 .gallery-caption {\n\t\t\t\t\tmargin-left: 0;\n\t\t\t\t}\n\t\t\t\t\/* see gallery_shortcode() in wp-includes\/media.php *\/\n\t\t\t<\/style>\n\t\t<div id='gallery-1' class='dt-gallery-container gallery galleryid-367727 gallery-columns-4 gallery-size-thumbnail'><dl class='gallery-item'>\n\t\t\t\t<dt class='gallery-icon portrait'>\n\t\t\t\t\t<a class=\"rollover rollover-zoom dt-pswp-item\" title=\"giulio\" data-dt-img-description=\"\" data-large_image_width=\"276\" data-large_image_height=\"300\"href='https:\/\/www.radiopiu.net\/wordpress\/wp-content\/uploads\/2023\/12\/giulio.png'><img loading=\"lazy\" decoding=\"async\" width=\"150\" height=\"150\" src=\"https:\/\/www.radiopiu.net\/wordpress\/wp-content\/uploads\/2023\/12\/giulio-150x150.png\" class=\"attachment-thumbnail size-thumbnail\" alt=\"\" aria-describedby=\"gallery-1-367730\" \/><\/a>\n\t\t\t\t<\/dt>\n\t\t\t\t\t<dd class='wp-caption-text gallery-caption' id='gallery-1-367730'>\n\t\t\t\t\tgiulio soccol\n\t\t\t\t\t<\/dd><\/dl><dl class='gallery-item'>\n\t\t\t\t<dt class='gallery-icon portrait'>\n\t\t\t\t\t<a class=\"rollover rollover-zoom dt-pswp-item\" title=\"Senza nome\" data-dt-img-description=\"\" data-large_image_width=\"179\" data-large_image_height=\"182\"href='https:\/\/www.radiopiu.net\/wordpress\/wp-content\/uploads\/2023\/12\/Senza-nome-87.png'><img loading=\"lazy\" decoding=\"async\" width=\"150\" height=\"150\" src=\"https:\/\/www.radiopiu.net\/wordpress\/wp-content\/uploads\/2023\/12\/Senza-nome-87-150x150.png\" class=\"attachment-thumbnail size-thumbnail\" alt=\"\" aria-describedby=\"gallery-1-367731\" \/><\/a>\n\t\t\t\t<\/dt>\n\t\t\t\t\t<dd class='wp-caption-text gallery-caption' id='gallery-1-367731'>\n\t\t\t\t\tgiuliano de rocco\n\t\t\t\t\t<\/dd><\/dl><dl class='gallery-item'>\n\t\t\t\t<dt class='gallery-icon portrait'>\n\t\t\t\t\t<a class=\"rollover rollover-zoom dt-pswp-item\" title=\"paola\" data-dt-img-description=\"\" data-large_image_width=\"258\" data-large_image_height=\"277\"href='https:\/\/www.radiopiu.net\/wordpress\/wp-content\/uploads\/2023\/12\/paola.png'><img loading=\"lazy\" decoding=\"async\" width=\"150\" height=\"150\" src=\"https:\/\/www.radiopiu.net\/wordpress\/wp-content\/uploads\/2023\/12\/paola-150x150.png\" class=\"attachment-thumbnail size-thumbnail\" alt=\"\" aria-describedby=\"gallery-1-367729\" \/><\/a>\n\t\t\t\t<\/dt>\n\t\t\t\t\t<dd class='wp-caption-text gallery-caption' id='gallery-1-367729'>\n\t\t\t\t\tpaola miola\n\t\t\t\t\t<\/dd><\/dl><dl class='gallery-item'>\n\t\t\t\t<dt class='gallery-icon landscape'>\n\t\t\t\t\t<a class=\"rollover rollover-zoom dt-pswp-item\" title=\"lucia\" data-dt-img-description=\"\" data-large_image_width=\"210\" data-large_image_height=\"167\"href='https:\/\/www.radiopiu.net\/wordpress\/wp-content\/uploads\/2023\/12\/lucia.png'><img loading=\"lazy\" decoding=\"async\" width=\"150\" height=\"150\" src=\"https:\/\/www.radiopiu.net\/wordpress\/wp-content\/uploads\/2023\/12\/lucia-150x150.png\" class=\"attachment-thumbnail size-thumbnail\" alt=\"\" aria-describedby=\"gallery-1-367728\" \/><\/a>\n\t\t\t\t<\/dt>\n\t\t\t\t\t<dd class='wp-caption-text gallery-caption' id='gallery-1-367728'>\n\t\t\t\t\tlucia dai pra\n\t\t\t\t\t<\/dd><\/dl><br style=\"clear: both\" \/>\n\t\t\t<\/div>\n\n<p>&nbsp;<\/p>\n<p><strong>REDAZIONE<\/strong> Giorni di dolore a Taibon, un Natale di lutto, di nuovo un lutto, per la famiglia dei Napi. A pochi giorni dalla scomparsa di Napoleone &#8220;Napi&#8221;, se n&#8217;\u00e8 andato anche Giulio. Per noi cresciuti a Taibon, l&#8217;uno era l&#8217;idraulico, il pap\u00e0 ti mandava spesso a prendere un pezzo di tubo ed era la persona di riferimento per chi come me di idraulica non capiva un tubo. Giulio dei Napi era tanto nella nostra adolescenza, sorridente dietro al banco di un negozio di vicinato dove trovavi di tutto, giocattoli compresi e poi Giulio era l&#8217;uomo del gas, quello in bombole e il pap\u00e0 della Coscritta. E poco lontano l&#8217;ultimo saluto a Lucia. Per noi, cresciuti sul campo\u00a0 di sassi, oggi tappeto erboso Cesare Scatena,\u00a0 \u00a0era il volto noto, che da sopra vedeva il campo sportivo e le nostre marachelle, la compagna del &#8220;milio&#8221; Stel. Poco lontano, ad Agordo, si \u00e8 dissolto un pezzo della famiglia Miola. Paola \u00e8 stata la maestra a Taibon, prima di lei il pap\u00e0. Maestra della mia generazione e di mio nipote. A Canale d&#8217;Agordo \u00e8 calato un velo di tristezza per la morte di Giuliano, il pittore. Che abbiamo visto a fianco di Sandro Pertini, allora Presidente della Repubblica.\u00a0 Ma per ricordare l&#8217;artista Giuliano De Rocco ho chiesto aiuto ad un amico, a Loris Santomaso.<\/p>\n<p><strong>AUDIO Loris Santomaso ricorda Giuliano De Rocco<\/strong><\/p>\n<audio class=\"wp-audio-shortcode\" id=\"audio-367727-1\" preload=\"none\" style=\"width: 100%;\" controls=\"controls\"><source type=\"audio\/mpeg\" src=\"https:\/\/www.radiopiu.net\/wordpress\/wp-content\/uploads\/2023\/12\/GIORGIO-FONTANIVE-RICORDA-GIULIANO-DE-ROCCO.mp3?_=1\" \/><a href=\"https:\/\/www.radiopiu.net\/wordpress\/wp-content\/uploads\/2023\/12\/GIORGIO-FONTANIVE-RICORDA-GIULIANO-DE-ROCCO.mp3\">https:\/\/www.radiopiu.net\/wordpress\/wp-content\/uploads\/2023\/12\/GIORGIO-FONTANIVE-RICORDA-GIULIANO-DE-ROCCO.mp3<\/a><\/audio>\n<p>&nbsp;<\/p>\n<p>&nbsp;<\/p>\n<p>_____<\/p>\n","protected":false},"excerpt":{"rendered":"<p>&nbsp; &nbsp; &nbsp; &nbsp; &nbsp; REDAZIONE Giorni di dolore a Taibon, un Natale di lutto, di nuovo un lutto, per la famiglia dei Napi. A pochi giorni dalla scomparsa di Napoleone &#8220;Napi&#8221;, se n&#8217;\u00e8 andato anche Giulio. Per noi cresciuti a Taibon, l&#8217;uno era l&#8217;idraulico, il pap\u00e0 ti mandava spesso a prendere un pezzo di&hellip;<\/p>\n","protected":false},"author":4,"featured_media":367728,"comment_status":"closed","ping_status":"closed","sticky":false,"template":"","format":"standard","meta":{"_monsterinsights_skip_tracking":false,"_monsterinsights_sitenote_active":false,"_monsterinsights_sitenote_note":"","_monsterinsights_sitenote_category":0,"footnotes":""},"categories":[104,49],"tags":[],"class_list":["post-367727","post","type-post","status-publish","format-standard","has-post-thumbnail","hentry","category-evidenza_3","category-news-18","category-104","category-49","description-off"],"img_url":"https:\/\/www.radiopiu.net\/wordpress\/wp-content\/uploads\/2023\/12\/lucia.png","_links":{"self":[{"href":"https:\/\/www.radiopiu.net\/wordpress\/wp-json\/wp\/v2\/posts\/367727","targetHints":{"allow":["GET"]}}],"collection":[{"href":"https:\/\/www.radiopiu.net\/wordpress\/wp-json\/wp\/v2\/posts"}],"about":[{"href":"https:\/\/www.radiopiu.net\/wordpress\/wp-json\/wp\/v2\/types\/post"}],"author":[{"embeddable":true,"href":"https:\/\/www.radiopiu.net\/wordpress\/wp-json\/wp\/v2\/users\/4"}],"replies":[{"embeddable":true,"href":"https:\/\/www.radiopiu.net\/wordpress\/wp-json\/wp\/v2\/comments?post=367727"}],"version-history":[{"count":0,"href":"https:\/\/www.radiopiu.net\/wordpress\/wp-json\/wp\/v2\/posts\/367727\/revisions"}],"wp:featuredmedia":[{"embeddable":true,"href":"https:\/\/www.radiopiu.net\/wordpress\/wp-json\/wp\/v2\/media\/367728"}],"wp:attachment":[{"href":"https:\/\/www.radiopiu.net\/wordpress\/wp-json\/wp\/v2\/media?parent=367727"}],"wp:term":[{"taxonomy":"category","embeddable":true,"href":"https:\/\/www.radiopiu.net\/wordpress\/wp-json\/wp\/v2\/categories?post=367727"},{"taxonomy":"post_tag","embeddable":true,"href":"https:\/\/www.radiopiu.net\/wordpress\/wp-json\/wp\/v2\/tags?post=367727"}],"curies":[{"name":"wp","href":"https:\/\/api.w.org\/{rel}","templated":true}]}}