{"id":367734,"date":"2023-12-27T20:42:29","date_gmt":"2023-12-27T19:42:29","guid":{"rendered":"https:\/\/www.radiopiu.net\/wordpress\/?p=367734"},"modified":"2023-12-27T20:42:29","modified_gmt":"2023-12-27T19:42:29","slug":"raffaele-de-col-un-agordino-il-nuovo-direttore-generale-della-provincia-di-trento","status":"publish","type":"post","link":"https:\/\/www.radiopiu.net\/wordpress\/raffaele-de-col-un-agordino-il-nuovo-direttore-generale-della-provincia-di-trento\/","title":{"rendered":"RAFFAELE DE COL, UN AGORDINO IL NUOVO DIRETTORE GENERALE DELLA PROVINCIA DI TRENTO"},"content":{"rendered":"<p>*****<\/p>\n<p>&nbsp;<\/p>\n<p><strong><a class=\"dt-pswp-item\" href=\"https:\/\/www.radiopiu.net\/wordpress\/wp-content\/uploads\/2023\/12\/decol_1.jpg\" data-dt-img-description=\"\" data-large_image_width=\"980\" data-large_image_height=\"450\"><img loading=\"lazy\" decoding=\"async\" class=\" wp-image-367735 alignleft\" src=\"https:\/\/www.radiopiu.net\/wordpress\/wp-content\/uploads\/2023\/12\/decol_1-300x138.jpg\" alt=\"\" width=\"193\" height=\"89\" srcset=\"https:\/\/www.radiopiu.net\/wordpress\/wp-content\/uploads\/2023\/12\/decol_1-300x138.jpg 300w, https:\/\/www.radiopiu.net\/wordpress\/wp-content\/uploads\/2023\/12\/decol_1-768x353.jpg 768w, https:\/\/www.radiopiu.net\/wordpress\/wp-content\/uploads\/2023\/12\/decol_1.jpg 980w\" sizes=\"auto, (max-width: 193px) 100vw, 193px\" \/><\/a>REDAZIONE<\/strong> Raffaele De Col \u00e8 stato nominato nuovo direttore generale della provincia di Trento, sostituendo Paolo Nicoletti, prossimo alla pensione. La decisione \u00e8 stata presa all&#8217;unanimit\u00e0 dalla giunta provinciale, approvando la delibera proposta dal presidente Maurizio Fugatti. Attualmente dirigente generale del Dipartimento Protezione Civile, Foreste e Fauna, De Col assume l&#8217;incarico di vertice della struttura tecnica e amministrativa di Piazza Dante. La giunta provinciale ha ringraziato il direttore generale uscente Nicoletti per la sua equilibrio, competenza e professionalit\u00e0 dimostrati durante il suo mandato e ha augurato buon lavoro al successore De Col per le sfide future. De Col \u00e8 originario di La Valle, suo pap\u00e0 Luigi ha gestito il negozio di alimentari vicino al Municipio per 30 anni.<\/p>\n<p>(foto: Il Dolomiti)<\/p>\n<p>&nbsp;<\/p>\n<p>&nbsp;<\/p>\n<p>*******<\/p>\n","protected":false},"excerpt":{"rendered":"<p>***** &nbsp; REDAZIONE Raffaele De Col \u00e8 stato nominato nuovo direttore generale della provincia di Trento, sostituendo Paolo Nicoletti, prossimo alla pensione. La decisione \u00e8 stata presa all&#8217;unanimit\u00e0 dalla giunta provinciale, approvando la delibera proposta dal presidente Maurizio Fugatti. Attualmente dirigente generale del Dipartimento Protezione Civile, Foreste e Fauna, De Col assume l&#8217;incarico di vertice&hellip;<\/p>\n","protected":false},"author":4,"featured_media":367735,"comment_status":"closed","ping_status":"closed","sticky":false,"template":"","format":"standard","meta":{"_monsterinsights_skip_tracking":false,"_monsterinsights_sitenote_active":false,"_monsterinsights_sitenote_note":"","_monsterinsights_sitenote_category":0,"footnotes":""},"categories":[49],"tags":[],"class_list":["post-367734","post","type-post","status-publish","format-standard","has-post-thumbnail","hentry","category-news-18","category-49","description-off"],"img_url":"https:\/\/www.radiopiu.net\/wordpress\/wp-content\/uploads\/2023\/12\/decol_1.jpg","_links":{"self":[{"href":"https:\/\/www.radiopiu.net\/wordpress\/wp-json\/wp\/v2\/posts\/367734","targetHints":{"allow":["GET"]}}],"collection":[{"href":"https:\/\/www.radiopiu.net\/wordpress\/wp-json\/wp\/v2\/posts"}],"about":[{"href":"https:\/\/www.radiopiu.net\/wordpress\/wp-json\/wp\/v2\/types\/post"}],"author":[{"embeddable":true,"href":"https:\/\/www.radiopiu.net\/wordpress\/wp-json\/wp\/v2\/users\/4"}],"replies":[{"embeddable":true,"href":"https:\/\/www.radiopiu.net\/wordpress\/wp-json\/wp\/v2\/comments?post=367734"}],"version-history":[{"count":0,"href":"https:\/\/www.radiopiu.net\/wordpress\/wp-json\/wp\/v2\/posts\/367734\/revisions"}],"wp:featuredmedia":[{"embeddable":true,"href":"https:\/\/www.radiopiu.net\/wordpress\/wp-json\/wp\/v2\/media\/367735"}],"wp:attachment":[{"href":"https:\/\/www.radiopiu.net\/wordpress\/wp-json\/wp\/v2\/media?parent=367734"}],"wp:term":[{"taxonomy":"category","embeddable":true,"href":"https:\/\/www.radiopiu.net\/wordpress\/wp-json\/wp\/v2\/categories?post=367734"},{"taxonomy":"post_tag","embeddable":true,"href":"https:\/\/www.radiopiu.net\/wordpress\/wp-json\/wp\/v2\/tags?post=367734"}],"curies":[{"name":"wp","href":"https:\/\/api.w.org\/{rel}","templated":true}]}}