{"id":367758,"date":"2023-12-29T05:27:06","date_gmt":"2023-12-29T04:27:06","guid":{"rendered":"https:\/\/www.radiopiu.net\/wordpress\/?p=367758"},"modified":"2023-12-29T08:23:29","modified_gmt":"2023-12-29T07:23:29","slug":"giornale-radiopiu-29-dicembre-2023-direttore-mirko-mezzacasada-40-anni-25-giugno-1983-25-giugno-2023","status":"publish","type":"post","link":"https:\/\/www.radiopiu.net\/wordpress\/giornale-radiopiu-29-dicembre-2023-direttore-mirko-mezzacasada-40-anni-25-giugno-1983-25-giugno-2023\/","title":{"rendered":"GIORNALE RADIOPIU 29 DICEMBRE 2023 DIRETTORE MIRKO MEZZACASA\u2026DA 40 ANNI 25 GIUGNO 1983-25 GIUGNO 2023"},"content":{"rendered":"<p>*****<\/p>\n<p>&nbsp;<\/p>\n<h1 class=\"entry-title photoswipe-wrapper\">40esimo di RADIOPIU\u2026. LA VOCE DELL\u2019EMOZIONE<\/h1>\n<h2><span style=\"color: #ff0000;\">ISCRIVITI AL NOSTRO CANALE\u00a0\u00a0YOUTUBE PER SEGUIRE IN DIRETTA I PRINCIPALI PROGRAMMI DI RADIO PIU\u2019 E LE FUTURE DIRETTE IN ESTERNA. PER ISCRIVERTI <a style=\"color: #ff0000;\" href=\"https:\/\/youtube.com\/@radiopiu1527\">CLICCA QUI\u00a0<\/a>E PREMI\u00a0 \u201cIscriviti\u201d\u00a0<\/span><\/h2>\n<p><strong>\u00a0 \u00a0<\/strong><\/p>\n<blockquote>\n<h3>PEDEMONTANA, NUOVO TRAGUARDO. TERMINATA LA GALLERIA DI MALO E NON SONO MANCATE LE DIFFICOLTA&#8217;, DA QUESTA SERA VIA LIBERA A TUTTI I VEICOLI<\/h3>\n<\/blockquote>\n<p><strong>Video dichiarazioni del Presidente Zaia in occasione dell\u2019apertura dell\u2019ultima tratta della Pedemontana: su infrastrutture, Olimpiadi e attualit\u00e0<\/strong><\/p>\n<div style=\"width: 1200px;\" class=\"wp-video\"><video class=\"wp-video-shortcode\" id=\"video-367758-1\" width=\"1200\" height=\"675\" preload=\"metadata\" controls=\"controls\"><source type=\"video\/mp4\" src=\"https:\/\/www.radiopiu.net\/wordpress\/wp-content\/uploads\/2023\/12\/WhatsApp-Video-2023-12-28-at-13.21.52.mp4?_=1\" \/><a href=\"https:\/\/www.radiopiu.net\/wordpress\/wp-content\/uploads\/2023\/12\/WhatsApp-Video-2023-12-28-at-13.21.52.mp4\">https:\/\/www.radiopiu.net\/wordpress\/wp-content\/uploads\/2023\/12\/WhatsApp-Video-2023-12-28-at-13.21.52.mp4<\/a><\/video><\/div>\n<hr \/>\n<p>&nbsp;<\/p>\n<p>&nbsp;<\/p>\n<blockquote>\n<blockquote>\n<h1><span style=\"color: #ff0000;\">i podcast informativi del mattino &#8211; audio &#8211;\u00a0<\/span><\/h1>\n<\/blockquote>\n<p><strong><a class=\"dt-pswp-item\" href=\"https:\/\/www.radiopiu.net\/wordpress\/wp-content\/uploads\/2023\/11\/th-10.jpg\" data-dt-img-description=\"\" data-large_image_width=\"320\" data-large_image_height=\"180\"><img loading=\"lazy\" decoding=\"async\" class=\"wp-image-362866 alignleft\" src=\"https:\/\/www.radiopiu.net\/wordpress\/wp-content\/uploads\/2023\/11\/th-10-300x169.jpg\" alt=\"\" width=\"185\" height=\"104\" srcset=\"https:\/\/www.radiopiu.net\/wordpress\/wp-content\/uploads\/2023\/11\/th-10-300x169.jpg 300w, https:\/\/www.radiopiu.net\/wordpress\/wp-content\/uploads\/2023\/11\/th-10.jpg 320w\" sizes=\"auto, (max-width: 185px) 100vw, 185px\" \/><\/a>LA RASSEGNA STAMPA NAZIONALE ALLA RADIO, OGNI GIORNO ALLE 5 E ALLE 6 DEL MATTINO <span style=\"color: #0000ff;\">viene pubblicata alle 6.00 <span style=\"color: #ff0000;\">DIRETTA RADIO<\/span><\/span><\/strong><\/p><\/blockquote>\n<p>di\u00a0 STEFANO FAMA<br \/>\nPolitica conferenza stampa di fine anno della premier Meloni,\u00a0 il 4 gennaio. Economia nessuna proroga per il Super bonus 110. Guerra. \u00a0Cesena ragazza di 14 anni indotta alla prostituzione. Sardegna uccide il padre. Bologna auto si schianta su ambulanza. Sport calcio la Figic\u00a0 vieta la Superlelega.<\/p>\n<p><strong>AUDIO<\/strong><\/p>\n<audio class=\"wp-audio-shortcode\" id=\"audio-367758-1\" preload=\"none\" style=\"width: 100%;\" controls=\"controls\"><source type=\"audio\/mpeg\" src=\"https:\/\/www.radiopiu.net\/wordpress\/wp-content\/uploads\/2023\/12\/GIORNALEDELLESEI-24.mp3?_=1\" \/><a href=\"https:\/\/www.radiopiu.net\/wordpress\/wp-content\/uploads\/2023\/12\/GIORNALEDELLESEI-24.mp3\">https:\/\/www.radiopiu.net\/wordpress\/wp-content\/uploads\/2023\/12\/GIORNALEDELLESEI-24.mp3<\/a><\/audio>\n<p>&nbsp;<\/p>\n<p>&nbsp;<\/p>\n<p>&nbsp;<\/p>\n<p><strong><a class=\"dt-pswp-item\" href=\"https:\/\/www.radiopiu.net\/wordpress\/wp-content\/uploads\/2023\/12\/images.png\" data-dt-img-description=\"\" data-large_image_width=\"316\" data-large_image_height=\"160\"><img loading=\"lazy\" decoding=\"async\" class=\"wp-image-367008 alignleft\" src=\"https:\/\/www.radiopiu.net\/wordpress\/wp-content\/uploads\/2023\/12\/images-300x152.png\" alt=\"\" width=\"235\" height=\"119\" srcset=\"https:\/\/www.radiopiu.net\/wordpress\/wp-content\/uploads\/2023\/12\/images-300x152.png 300w, https:\/\/www.radiopiu.net\/wordpress\/wp-content\/uploads\/2023\/12\/images.png 316w\" sizes=\"auto, (max-width: 235px) 100vw, 235px\" \/><\/a>OGNI GIORNO ALLE SETTE DEL MATTINO, LA RASSEGNA STAMPA LOCALE FLASH&#8230; PER CHI VA IN FRETTA. I TITOLI DAI GIORNALI E DAL SITO WWW.RADIOPIU.NET <span style=\"color: #0000ff;\">viene pubblicato alle 7.00<\/span> <span style=\"color: #ff0000;\">DIRETTA RADIO\u00a0<\/span><\/strong><\/p>\n<p><em><span style=\"color: #ff0000;\">per chi va in fretta&#8230; tante notizie in pochi minuti<\/span><\/em><\/p>\n<audio class=\"wp-audio-shortcode\" id=\"audio-367758-2\" preload=\"none\" style=\"width: 100%;\" controls=\"controls\"><source type=\"audio\/mpeg\" src=\"https:\/\/www.radiopiu.net\/wordpress\/wp-content\/uploads\/2023\/12\/GF07-5.mp3?_=2\" \/><a href=\"https:\/\/www.radiopiu.net\/wordpress\/wp-content\/uploads\/2023\/12\/GF07-5.mp3\">https:\/\/www.radiopiu.net\/wordpress\/wp-content\/uploads\/2023\/12\/GF07-5.mp3<\/a><\/audio>\n<p>&nbsp;<\/p>\n<p>&nbsp;<\/p>\n<p>&nbsp;<\/p>\n<p>&nbsp;<\/p>\n<p>&nbsp;<\/p>\n<p>&nbsp;<\/p>\n<p>&nbsp;<\/p>\n<p>&nbsp;<\/p>\n<blockquote><p><strong><a class=\"dt-pswp-item\" href=\"https:\/\/www.radiopiu.net\/wordpress\/wp-content\/uploads\/2021\/07\/microfono-radio-ok-768x448-768x448-1.jpg\" data-dt-img-description=\"\" data-large_image_width=\"768\" data-large_image_height=\"448\"><img loading=\"lazy\" decoding=\"async\" class=\"wp-image-220632 alignleft\" src=\"https:\/\/www.radiopiu.net\/wordpress\/wp-content\/uploads\/2021\/07\/microfono-radio-ok-768x448-768x448-1-300x175.jpg\" alt=\"\" width=\"178\" height=\"104\" srcset=\"https:\/\/www.radiopiu.net\/wordpress\/wp-content\/uploads\/2021\/07\/microfono-radio-ok-768x448-768x448-1-300x175.jpg 300w, https:\/\/www.radiopiu.net\/wordpress\/wp-content\/uploads\/2021\/07\/microfono-radio-ok-768x448-768x448-1.jpg 768w\" sizes=\"auto, (max-width: 178px) 100vw, 178px\" \/><\/a>GIORNALE RADIO NAZIONALE, EDIZIONE DELLE SETTE <span style=\"color: #0000ff;\">viene pubblicato alle 7.05 <span style=\"color: #ff0000;\">DIRETTA RADIO\u00a0<\/span><\/span><\/strong><\/p><\/blockquote>\n<p>&nbsp;<\/p>\n<p>&nbsp;<\/p>\n<p><strong>AUDIO<\/strong><\/p>\n<audio class=\"wp-audio-shortcode\" id=\"audio-367758-3\" preload=\"none\" style=\"width: 100%;\" controls=\"controls\"><source type=\"audio\/mpeg\" src=\"https:\/\/www.radiopiu.net\/wordpress\/wp-content\/uploads\/2023\/12\/giornale07-22.mp3?_=3\" \/><a href=\"https:\/\/www.radiopiu.net\/wordpress\/wp-content\/uploads\/2023\/12\/giornale07-22.mp3\">https:\/\/www.radiopiu.net\/wordpress\/wp-content\/uploads\/2023\/12\/giornale07-22.mp3<\/a><\/audio>\n<p>&nbsp;<\/p>\n<p>&nbsp;<\/p>\n<blockquote>\n<h2><strong><a class=\"dt-pswp-item\" href=\"https:\/\/www.radiopiu.net\/wordpress\/wp-content\/uploads\/2023\/12\/th-10.jpg\" data-dt-img-description=\"\" data-large_image_width=\"245\" data-large_image_height=\"180\"><img loading=\"lazy\" decoding=\"async\" class=\" wp-image-367395 alignleft\" src=\"https:\/\/www.radiopiu.net\/wordpress\/wp-content\/uploads\/2023\/12\/th-10.jpg\" alt=\"\" width=\"166\" height=\"122\" \/><\/a>RASSEGNA STAMPA LOCALE, ORE OTTO 05<\/strong><\/h2>\n<h2><strong> <span style=\"color: #0000ff;\">viene\u00a0 <\/span><\/strong><strong><span style=\"color: #0000ff;\">pubblicata alle 8.05 <span style=\"color: #ff0000;\">DIRETTA RADIO\u00a0<\/span><\/span><\/strong><\/h2>\n<\/blockquote>\n<h1><\/h1>\n<p>&nbsp;<\/p>\n<p>&nbsp;<\/p>\n<p><iframe loading=\"lazy\" title=\"DAL 1983 LA RASSEGNA STAMPA LOCALE di mirko mezzacasa. L&#039;ORIGINALE\" width=\"1200\" height=\"675\" src=\"https:\/\/www.youtube.com\/embed\/nRqUBW4lhUI?feature=oembed\" frameborder=\"0\" allow=\"accelerometer; autoplay; clipboard-write; encrypted-media; gyroscope; picture-in-picture; web-share\" allowfullscreen><\/iframe><\/p>\n<hr \/>\n<p>&nbsp;<\/p>\n<p>&nbsp;<\/p>\n<p><a class=\"dt-pswp-item\" href=\"https:\/\/www.radiopiu.net\/wordpress\/wp-content\/uploads\/2023\/10\/34f4cfc6-e863-46e9-9695-8df44be63421.jpg\" data-dt-img-description=\"\" data-large_image_width=\"1200\" data-large_image_height=\"1200\"><img loading=\"lazy\" decoding=\"async\" class=\"wp-image-357393 alignleft\" src=\"https:\/\/www.radiopiu.net\/wordpress\/wp-content\/uploads\/2023\/10\/34f4cfc6-e863-46e9-9695-8df44be63421-300x300.jpg\" alt=\"\" width=\"81\" height=\"81\" srcset=\"https:\/\/www.radiopiu.net\/wordpress\/wp-content\/uploads\/2023\/10\/34f4cfc6-e863-46e9-9695-8df44be63421-300x300.jpg 300w, https:\/\/www.radiopiu.net\/wordpress\/wp-content\/uploads\/2023\/10\/34f4cfc6-e863-46e9-9695-8df44be63421-1024x1024.jpg 1024w, https:\/\/www.radiopiu.net\/wordpress\/wp-content\/uploads\/2023\/10\/34f4cfc6-e863-46e9-9695-8df44be63421-150x150.jpg 150w, https:\/\/www.radiopiu.net\/wordpress\/wp-content\/uploads\/2023\/10\/34f4cfc6-e863-46e9-9695-8df44be63421-768x768.jpg 768w, https:\/\/www.radiopiu.net\/wordpress\/wp-content\/uploads\/2023\/10\/34f4cfc6-e863-46e9-9695-8df44be63421.jpg 1200w\" sizes=\"auto, (max-width: 81px) 100vw, 81px\" \/><\/a>OGGI ALLA RADIO: <strong>ALLE 7<\/strong> LA RASSEGNA STAMPA LOCALE FLASH, PER CHI COME NOI ALLE SETTE DEL MATTINO VA DI FRETTA, TANTE NOTIZIE IN POCHE CHIACCHIERE. <strong>ALLE OTTO<\/strong> L&#8217;APPROFONDIMENTO NELLA STORICA RASSEGNA STAMPA LOCALE.\u00a0 DALLE 6 ALLE 21, OGNI ORA, L&#8217;INFORMAZIONE NAZIONALE, l&#8217;informazione locale, ALLE 10 flash. 11flash. 14 viabilit\u00e0. 15meteo. 16flash. 17flash. 18flash. 19 i titoli di Antenna 3<\/p>\n<p><span style=\"color: #ff0000;\">oggi alla radio&#8230;. alle 9 LA MUSICA ANNI OTTANTA le selezioni di Monica Fontanive. Alle 13, dominator night ai PIANI DI PEZZE&#8217; con Max ed Elisa Tosi, Andrea Dal Farra, Christian Moretti. Alle 10,30 TELEMEDICINA NEI RIFUGI con Barbara Paolazzi per le Tre RADIO. Alle 16.30 speciale Coro Agordo, il concerto di Natale 18.30 sport Hockey Roberto Miana<\/span><\/p>\n<p>&nbsp;<\/p>\n<p><strong>IL 31 DICEMBRE ALLE 12.30 E IL PRIMO GENNAIO ALLE 12&#8230; l&#8217;intervista di fine anno al PRESIDENTE DELL&#8217;UNIONE MONTANA AGORDINA PAOLO FRENA. esclusiva radiopiu<\/strong><\/p>\n<p>&nbsp;<\/p>\n<p>&nbsp;<\/p>\n<hr \/>\n<p>&nbsp;<\/p>\n<blockquote>\n<h3>DOMANI A CANALE D&#8217;AGORDO I FUNERALI DI GIULIANO DE ROCCO<\/h3>\n<\/blockquote>\n<p><strong>CANALE D&#8217;AGORDO<\/strong> Saranno celebrati domani alle 14:30 nella chiesa di Canale D&#8217;Agordo i funerali di Giuliano De Rocco, il pittore canalino che si \u00e8 spento alla Casa di Soggiorno di Taibon mercoled\u00ec. A darne il triste annuncio la sorella Flora, il cognato Marcellino, le nipoti, i cugini e parenti tutti. La funzione religiosa sar\u00e0 preceduta dal santo rosario alle 14. La salma proseguir\u00e0 per la cremazione. I famigliari ringraziano quanti si uniranno nel ricordo e nella preghiera. Un sentito ringraziamento al personale della Casa di Soggiorno di Taibon Agordino.<\/p>\n\n\t\t\t<style type='text\/css'>\n\t\t\t\t#gallery-1 {\n\t\t\t\t\tmargin: auto;\n\t\t\t\t}\n\t\t\t\t#gallery-1 .gallery-item {\n\t\t\t\t\tfloat: left;\n\t\t\t\t\tmargin-top: 10px;\n\t\t\t\t\ttext-align: center;\n\t\t\t\t\twidth: 100%;\n\t\t\t\t}\n\t\t\t\t#gallery-1 img {\n\t\t\t\t\tborder: 2px solid #cfcfcf;\n\t\t\t\t}\n\t\t\t\t#gallery-1 .gallery-caption {\n\t\t\t\t\tmargin-left: 0;\n\t\t\t\t}\n\t\t\t\t\/* see gallery_shortcode() in wp-includes\/media.php *\/\n\t\t\t<\/style>\n\t\t<div id='gallery-1' class='dt-gallery-container gallery galleryid-367758 gallery-columns-1 gallery-size-medium'><dl class='gallery-item'>\n\t\t\t\t<dt class='gallery-icon portrait'>\n\t\t\t\t\t<a class=\"rollover rollover-zoom dt-pswp-item\" title=\"EPIGRAFI\" data-dt-img-description=\"\" data-large_image_width=\"1794\" data-large_image_height=\"2560\"href='https:\/\/www.radiopiu.net\/wordpress\/wp-content\/uploads\/2023\/12\/De-Rocco-Giuliano-epi-sito-scaled.jpeg'><img loading=\"lazy\" decoding=\"async\" width=\"210\" height=\"300\" src=\"https:\/\/www.radiopiu.net\/wordpress\/wp-content\/uploads\/2023\/12\/De-Rocco-Giuliano-epi-sito-210x300.jpeg\" class=\"attachment-medium size-medium\" alt=\"\" srcset=\"https:\/\/www.radiopiu.net\/wordpress\/wp-content\/uploads\/2023\/12\/De-Rocco-Giuliano-epi-sito-210x300.jpeg 210w, https:\/\/www.radiopiu.net\/wordpress\/wp-content\/uploads\/2023\/12\/De-Rocco-Giuliano-epi-sito-718x1024.jpeg 718w, https:\/\/www.radiopiu.net\/wordpress\/wp-content\/uploads\/2023\/12\/De-Rocco-Giuliano-epi-sito-768x1096.jpeg 768w, https:\/\/www.radiopiu.net\/wordpress\/wp-content\/uploads\/2023\/12\/De-Rocco-Giuliano-epi-sito-1077x1536.jpeg 1077w, https:\/\/www.radiopiu.net\/wordpress\/wp-content\/uploads\/2023\/12\/De-Rocco-Giuliano-epi-sito-1435x2048.jpeg 1435w, https:\/\/www.radiopiu.net\/wordpress\/wp-content\/uploads\/2023\/12\/De-Rocco-Giuliano-epi-sito-scaled.jpeg 1794w\" sizes=\"auto, (max-width: 210px) 100vw, 210px\" \/><\/a>\n\t\t\t\t<\/dt><\/dl><br style=\"clear: both\" \/>\n\t\t\t<\/div>\n\n<p>&nbsp;<\/p>\n<hr \/>\n<p>&nbsp;<\/p>\n<blockquote>\n<h3>LA NOTA DI CORDOGLIO DEL COMANDO PROVINCIALE DEI CARABINIERI DI BELLUNO PER LA SCOMPARSA DI ALESSANDRO D&#8217;ALFONSO<\/h3>\n<\/blockquote>\n<p><strong><a class=\"dt-pswp-item\" href=\"https:\/\/www.radiopiu.net\/wordpress\/wp-content\/uploads\/2023\/12\/JLGDFG.png\" data-dt-img-description=\"\" data-large_image_width=\"343\" data-large_image_height=\"398\"><img loading=\"lazy\" decoding=\"async\" class=\" wp-image-367883 alignleft\" src=\"https:\/\/www.radiopiu.net\/wordpress\/wp-content\/uploads\/2023\/12\/JLGDFG-259x300.png\" alt=\"\" width=\"98\" height=\"113\" srcset=\"https:\/\/www.radiopiu.net\/wordpress\/wp-content\/uploads\/2023\/12\/JLGDFG-259x300.png 259w, https:\/\/www.radiopiu.net\/wordpress\/wp-content\/uploads\/2023\/12\/JLGDFG.png 343w\" sizes=\"auto, (max-width: 98px) 100vw, 98px\" \/><\/a>BELLUNO <\/strong>Il Comando Provinciale dei Carabinieri di Belluno esprime il profondo dolore per la scomparsa dell&#8217;Appuntato Scelto Alessandro D\u2019Alfonso, in servizio presso la Stazione Carabinieri di Longarone. Mentre era in servizio di pattuglia, Alessandro \u00e8 stato colto da un improvviso malore e, nonostante i soccorsi immediati, \u00e8 deceduto. L&#8217;Arma dei Carabinieri si stringe con affetto alla moglie Anita, alle figlie Sabrina e Daniela, e a tutti i familiari. L&#8217;Appuntato D\u2019Alfonso era descritto come un uomo buono, un bravo Carabiniere, e un padre e marito affettuoso. Le esequie saranno celebrate al Duomo di Belluno sabato alle 11.00.<\/p>\n<p>&nbsp;<\/p>\n<p>&nbsp;<\/p>\n<hr \/>\n<p>&nbsp;<\/p>\n<blockquote>\n<h3>TRE FERITI NELL&#8217;INCIDENTE TRA MAS DI SEDICO E BELLUNO<\/h3>\n<\/blockquote>\n<p><strong>REDAZIONE<\/strong> Il bilancio \u00e8 di tre feriti nell&#8217;incidente di ieri mattina tra Mas di Sedico e Belluno, pi\u00f9 precisamente ad Orzes, dove due auto sono entrate in collisione. Per ore la strada \u00e8 rimasta chiusa per permettere ai soccorsi di togliere dalla carreggiata le auto incidentate e soccorrere gli occupanti. Tre le donne portate al San Martino di Belluno: una 56enne di Sedico, una trentenne di Padova e una ragazza di 28 anni originaria di Venezia. Sul posto Suem 118 e personale di Veneto Strade oltre alle forze dell&#8217;ordine.<\/p>\n<p>&nbsp;<\/p>\n\n\t\t\t<style type='text\/css'>\n\t\t\t\t#gallery-2 {\n\t\t\t\t\tmargin: auto;\n\t\t\t\t}\n\t\t\t\t#gallery-2 .gallery-item {\n\t\t\t\t\tfloat: left;\n\t\t\t\t\tmargin-top: 10px;\n\t\t\t\t\ttext-align: center;\n\t\t\t\t\twidth: 20%;\n\t\t\t\t}\n\t\t\t\t#gallery-2 img {\n\t\t\t\t\tborder: 2px solid #cfcfcf;\n\t\t\t\t}\n\t\t\t\t#gallery-2 .gallery-caption {\n\t\t\t\t\tmargin-left: 0;\n\t\t\t\t}\n\t\t\t\t\/* see gallery_shortcode() in wp-includes\/media.php *\/\n\t\t\t<\/style>\n\t\t<div id='gallery-2' class='dt-gallery-container gallery galleryid-367758 gallery-columns-5 gallery-size-thumbnail'><dl class='gallery-item'>\n\t\t\t\t<dt class='gallery-icon landscape'>\n\t\t\t\t\t<a class=\"rollover rollover-zoom dt-pswp-item\" title=\"b4477668-d5a5-41b0-bebe-0d4a4f279680\" data-dt-img-description=\"\" data-large_image_width=\"2048\" data-large_image_height=\"1537\"href='https:\/\/www.radiopiu.net\/wordpress\/wp-content\/uploads\/2023\/12\/b4477668-d5a5-41b0-bebe-0d4a4f279680.jpg'><img loading=\"lazy\" decoding=\"async\" width=\"150\" height=\"150\" src=\"https:\/\/www.radiopiu.net\/wordpress\/wp-content\/uploads\/2023\/12\/b4477668-d5a5-41b0-bebe-0d4a4f279680-150x150.jpg\" class=\"attachment-thumbnail size-thumbnail\" alt=\"\" \/><\/a>\n\t\t\t\t<\/dt><\/dl><dl class='gallery-item'>\n\t\t\t\t<dt class='gallery-icon portrait'>\n\t\t\t\t\t<a class=\"rollover rollover-zoom dt-pswp-item\" title=\"31d44faf-3349-4146-ba7c-38bf89f962a9\" data-dt-img-description=\"\" data-large_image_width=\"1200\" data-large_image_height=\"1600\"href='https:\/\/www.radiopiu.net\/wordpress\/wp-content\/uploads\/2023\/12\/31d44faf-3349-4146-ba7c-38bf89f962a9.jpg'><img loading=\"lazy\" decoding=\"async\" width=\"150\" height=\"150\" src=\"https:\/\/www.radiopiu.net\/wordpress\/wp-content\/uploads\/2023\/12\/31d44faf-3349-4146-ba7c-38bf89f962a9-150x150.jpg\" class=\"attachment-thumbnail size-thumbnail\" alt=\"\" \/><\/a>\n\t\t\t\t<\/dt><\/dl><dl class='gallery-item'>\n\t\t\t\t<dt class='gallery-icon portrait'>\n\t\t\t\t\t<a class=\"rollover rollover-zoom dt-pswp-item\" title=\"110c07f6-9d50-4971-a42e-cd03ac958215\" data-dt-img-description=\"\" data-large_image_width=\"1201\" data-large_image_height=\"1600\"href='https:\/\/www.radiopiu.net\/wordpress\/wp-content\/uploads\/2023\/12\/110c07f6-9d50-4971-a42e-cd03ac958215.jpg'><img loading=\"lazy\" decoding=\"async\" width=\"150\" height=\"150\" src=\"https:\/\/www.radiopiu.net\/wordpress\/wp-content\/uploads\/2023\/12\/110c07f6-9d50-4971-a42e-cd03ac958215-150x150.jpg\" class=\"attachment-thumbnail size-thumbnail\" alt=\"\" \/><\/a>\n\t\t\t\t<\/dt><\/dl><dl class='gallery-item'>\n\t\t\t\t<dt class='gallery-icon portrait'>\n\t\t\t\t\t<a class=\"rollover rollover-zoom dt-pswp-item\" title=\"8dca5256-a560-409e-92c1-e7d8bddfe4e2\" data-dt-img-description=\"\" data-large_image_width=\"1537\" data-large_image_height=\"2048\"href='https:\/\/www.radiopiu.net\/wordpress\/wp-content\/uploads\/2023\/12\/8dca5256-a560-409e-92c1-e7d8bddfe4e2.jpg'><img loading=\"lazy\" decoding=\"async\" width=\"150\" height=\"150\" src=\"https:\/\/www.radiopiu.net\/wordpress\/wp-content\/uploads\/2023\/12\/8dca5256-a560-409e-92c1-e7d8bddfe4e2-150x150.jpg\" class=\"attachment-thumbnail size-thumbnail\" alt=\"\" \/><\/a>\n\t\t\t\t<\/dt><\/dl><dl class='gallery-item'>\n\t\t\t\t<dt class='gallery-icon portrait'>\n\t\t\t\t\t<a class=\"rollover rollover-zoom dt-pswp-item\" title=\"c0f9525e-c9e5-4de4-b680-e6d690549859\" data-dt-img-description=\"\" data-large_image_width=\"1537\" data-large_image_height=\"2048\"href='https:\/\/www.radiopiu.net\/wordpress\/wp-content\/uploads\/2023\/12\/c0f9525e-c9e5-4de4-b680-e6d690549859.jpg'><img loading=\"lazy\" decoding=\"async\" width=\"150\" height=\"150\" src=\"https:\/\/www.radiopiu.net\/wordpress\/wp-content\/uploads\/2023\/12\/c0f9525e-c9e5-4de4-b680-e6d690549859-150x150.jpg\" class=\"attachment-thumbnail size-thumbnail\" alt=\"\" \/><\/a>\n\t\t\t\t<\/dt><\/dl><br style=\"clear: both\" \/>\n\t\t\t<\/div>\n\n<p>&nbsp;<\/p>\n<hr \/>\n<p>&nbsp;<\/p>\n<blockquote>\n<h2>Incidente a Viale Pedavena: Violento Scontro tra Due Auto<\/h2>\n<\/blockquote>\n<p><strong>FELTRE<\/strong> Ieri mattina \u00a0violento incidente si \u00e8 verificato in viale Pedavena, coinvolgendo due giovani donne. La collisione frontale tra un furgone Ford Transit e una Volkswagen Golf \u00e8 stata causata da un&#8217;incomprensione, con la 43enne di Feltre alla guida del furgone che svoltava a sinistra. Fortunatamente, gli airbag hanno fatto il loro dovere e la conducente del furgone \u00e8 rimasta illesa. La giovane di Pedavena \u00e8 stata medicata sul posto e successivamente portata al pronto soccorso per ulteriori accertamenti.<\/p>\n<p>&nbsp;<\/p>\n<hr \/>\n<p>&nbsp;<\/p>\n<blockquote>\n<h3>SCIVOLA SUL GHIACCIO E SBATTE LA NUCA<\/h3>\n<\/blockquote>\n<p><strong>COMELICO SUPERIORE<\/strong> Verso le 12.30 di ieri una squadra del Soccorso alpino della Val Comelico e della Guardia di finanza di Auronzo \u00e8 stata attivata per un infortunio lungo il Sentiero della musica, tra le piste di Padola e le Terme di Valgrande. Una dodicenne di Padova, che faceva parte di una comitiva del gruppo parrocchiale, era infatti scivolata sul ghiaccio, sbattendo la nuca. Individuata dalle coordinate del punto in cui si trovava, la ragazzina \u00e8 stata raggiunta dai soccorritori, che la hanno trasportata fino al rendez vous con l&#8217;ambulanza fatta arrivare alla partenza degli impianti.<\/p>\n<p>&nbsp;<\/p>\n<hr \/>\n<p>&nbsp;<\/p>\n<blockquote>\n<h1><a class=\"dt-pswp-item\" href=\"https:\/\/www.radiopiu.net\/wordpress\/wp-content\/uploads\/2023\/12\/Senza-nome-92.png\" data-dt-img-description=\"\" data-large_image_width=\"161\" data-large_image_height=\"229\"><img loading=\"lazy\" decoding=\"async\" class=\"size-full wp-image-367910 alignleft\" src=\"https:\/\/www.radiopiu.net\/wordpress\/wp-content\/uploads\/2023\/12\/Senza-nome-92.png\" alt=\"\" width=\"161\" height=\"229\" \/><\/a>Pericolo di caduta di neve e ghiaccio: \u00abMettete in sicurezza l&#8217;ex Albergo Pieve\u00bb<\/h1>\n<\/blockquote>\n<p><strong>LIVINALLONGO Oggi sul Corriere delle Alpi, di Lorenzo Soratroi:\u00a0<\/strong><\/p>\n<div class=\"articlePlainText\">Pericolo di caduta neve dal tetto: il Comune ordina cos\u00ec ai proprietari di mettere in sicurezza l&#8217;ex Albergo Pieve.<\/div>\n<div class=\"articlePlainText\">Nel 2020 una massa di neve sfond\u00f2 il tetto di un&#8217;auto che passava sulla sr 48 delle Dolomiti. Nevicate importanti finora non se ne sono viste ma quella poca coltre bianca, mista a blocchi di ghiaccio, ha comunque gi\u00e0 creato qualche pericolo a Pieve capoluogo.<\/div>\n<div><\/div>\n<div><\/div>\n<div><\/div>\n<div>\n<audio class=\"wp-audio-shortcode\" id=\"audio-367758-4\" preload=\"none\" style=\"width: 100%;\" controls=\"controls\"><source type=\"audio\/wav\" src=\"https:\/\/www.radiopiu.net\/wordpress\/wp-content\/uploads\/2023\/12\/lorenzo.wav?_=4\" \/><a href=\"https:\/\/www.radiopiu.net\/wordpress\/wp-content\/uploads\/2023\/12\/lorenzo.wav\">https:\/\/www.radiopiu.net\/wordpress\/wp-content\/uploads\/2023\/12\/lorenzo.wav<\/a><\/audio>\n<\/div>\n<div><\/div>\n<div><\/div>\n<div><\/div>\n<div>\n<hr \/>\n<\/div>\n<blockquote>\n<h3><\/h3>\n<h3><\/h3>\n<h3>\u00a0**<\/h3>\n<h3><\/h3>\n<h3>Ritrovata Bustina di Topicida nel Giardino di un&#8217;Attivista per i Diritti degli Animali<\/h3>\n<\/blockquote>\n<div>\n<p><a class=\"dt-pswp-item\" href=\"https:\/\/www.radiopiu.net\/wordpress\/wp-content\/uploads\/2023\/12\/7dc1b365-7e59-4d8a-8006-cf02abfea8ca.jpg\" data-dt-img-description=\"\" data-large_image_width=\"1011\" data-large_image_height=\"1600\"><img loading=\"lazy\" decoding=\"async\" class=\"size-medium wp-image-367914 aligncenter\" src=\"https:\/\/www.radiopiu.net\/wordpress\/wp-content\/uploads\/2023\/12\/7dc1b365-7e59-4d8a-8006-cf02abfea8ca-190x300.jpg\" alt=\"\" width=\"190\" height=\"300\" srcset=\"https:\/\/www.radiopiu.net\/wordpress\/wp-content\/uploads\/2023\/12\/7dc1b365-7e59-4d8a-8006-cf02abfea8ca-190x300.jpg 190w, https:\/\/www.radiopiu.net\/wordpress\/wp-content\/uploads\/2023\/12\/7dc1b365-7e59-4d8a-8006-cf02abfea8ca-647x1024.jpg 647w, https:\/\/www.radiopiu.net\/wordpress\/wp-content\/uploads\/2023\/12\/7dc1b365-7e59-4d8a-8006-cf02abfea8ca-768x1215.jpg 768w, https:\/\/www.radiopiu.net\/wordpress\/wp-content\/uploads\/2023\/12\/7dc1b365-7e59-4d8a-8006-cf02abfea8ca-971x1536.jpg 971w, https:\/\/www.radiopiu.net\/wordpress\/wp-content\/uploads\/2023\/12\/7dc1b365-7e59-4d8a-8006-cf02abfea8ca.jpg 1011w\" sizes=\"auto, (max-width: 190px) 100vw, 190px\" \/><\/a><\/p>\n<p><strong>SOSPIROLO<\/strong> Anna Sanvido, delegata dell&#8217;associazione Earth OdV Belluno per la tutela degli animali, ha fatto una scoperta inquietante nel cortile di casa sua: una bustina da 20 grammi di topicida. Temendo per la salute dei suoi cani, ha sporto denuncia querela ai carabinieri forestali. Il rinvenimento, avvenuto il 21 dicembre, sembra essere il culmine di una serie di eventi pericolosi, tra cui il ritrovamento di ossa simili a pezzi di formaggio nello stesso giardino solo un mese prima. Sanvido ritiene che sia un attacco mirato contro di lei e ha dichiarato che non \u00e8 la prima volta che subisce simili vessazioni. I militari, intervenuti con i cani antiveleno, hanno eliminato il pericolo che coinvolgeva non solo gli animali domestici di Sanvido ma anche quelli del circondario. Nonostante non si siano verificati avvelenamenti, la delegata \u00e8 fortemente preoccupata per la ripetizione di questi episodi e sta pianificando un incontro con i vertici provinciali dei carabinieri forestali per sviluppare una strategia di contrasto e prevenire ulteriori problemi.<\/p>\n<p>&nbsp;<\/p>\n<\/div>\n<div>\n<hr \/>\n<\/div>\n<div>\n<blockquote>\n<h2><strong>\u00a0<\/strong><\/h2>\n<h2><strong>\u00a0<\/strong><\/h2>\n<h2><strong>\u00a0<\/strong><\/h2>\n<h2><strong>L&#8217;arresto del 60enne di Tambre: Bracconaggio e Porto Illegale d&#8217;Arma<\/strong><\/h2>\n<\/blockquote>\n<\/div>\n<h2><a class=\"dt-pswp-item\" href=\"https:\/\/www.radiopiu.net\/wordpress\/wp-content\/uploads\/2021\/11\/IMG-20200918-WA0041.jpg\" data-dt-img-description=\"\" data-large_image_width=\"1024\" data-large_image_height=\"768\"><img loading=\"lazy\" decoding=\"async\" class=\" wp-image-243335 alignleft\" src=\"https:\/\/www.radiopiu.net\/wordpress\/wp-content\/uploads\/2021\/11\/IMG-20200918-WA0041-300x225.jpg\" alt=\"\" width=\"245\" height=\"184\" srcset=\"https:\/\/www.radiopiu.net\/wordpress\/wp-content\/uploads\/2021\/11\/IMG-20200918-WA0041-300x225.jpg 300w, https:\/\/www.radiopiu.net\/wordpress\/wp-content\/uploads\/2021\/11\/IMG-20200918-WA0041-768x576.jpg 768w, https:\/\/www.radiopiu.net\/wordpress\/wp-content\/uploads\/2021\/11\/IMG-20200918-WA0041.jpg 1024w\" sizes=\"auto, (max-width: 245px) 100vw, 245px\" \/><\/a><\/h2>\n<p><strong>BELLUNO<\/strong> Durante l&#8217;udienza presso il carcere cittadino di Baldenich, l&#8217;arresto del 60enne di Tambre, accusato di bracconaggio e porto illegale d&#8217;arma, \u00e8 stato convalidato. Il giudice Enrica Marson e il pubblico ministero Roberta Gallego hanno sottolineato il pericolo della ripetizione del reato come ragione per confermare la custodia cautelare in prigione. La difesa sta cercando misure meno pesanti, proponendo eventuali arresti domiciliari, ma la presenza di precedenti specifici complica la situazione dell&#8217;indagato. Fermato a Pian Cansiglio, il 60enne \u00e8 stato trovato con un cervo appena abbattuto e un fucile non regolarmente detenuti nel veicolo, con l&#8217;arma posta sotto sequestro. Una seconda perquisizione domiciliare potrebbe avere impatti cruciali sul caso. I carabinieri forestali hanno effettuato l&#8217;arresto, consegnando gli atti alla magistratura, e prevedono un processo penale nei prossimi mesi. L&#8217;animale \u00e8 stato affidato alla Polizia provinciale per le azioni di competenza.<\/p>\n<div><\/div>\n<div><\/div>\n<div><\/div>\n<div>\n<hr \/>\n<\/div>\n<div><\/div>\n<div>\n<blockquote>\n<h3 class=\"_title post-title entry-title\">SALVINI: \u00abC\u2019E\u2019 L\u2019IMPEGNO DEL MINISTERO PERCHE\u2019 IL BOB RESTI A CORTINA\u00bb<\/h3>\n<p><span style=\"color: #ff0000;\"><strong>IERI SERA CANALE 10 DEL DIGITALE TERRESTRE, SU ANTENNA 3 IL TG BELLUNESE. E OGNI SERA ALLE 19 LE ANTICIPAZIONI ALLA RADIO<\/strong><\/span><\/p><\/blockquote>\n<\/div>\n<h3>\u00a0CORTINA\u00a0 Telenovela\u00a0 pista da bob. Oggi Salvini rilancia, e nelle prossime ore dovrebbe arrivare il verdetto.\u00a0 Intervistati MATTEO SALVINI (MINISTRO INFRASTRUTTURE), LUCA ZAIA (PRESIDENTE REGIONE VENETO) Servizio di <a href=\"https:\/\/antennatre.medianordest.it\/redazione\/Fabio-Fioravanzi\/\">Fabio Fioravanzi<\/a><\/h3>\n<div>\n<p><iframe loading=\"lazy\" title=\"SALVINI: \u00abC&#039;E&#039; L&#039;IMPEGNO DEL MINISTERO PERCHE&#039; IL BOB RESTI A CORTINA\u00bb | 28\/12\/2023\" width=\"1200\" height=\"675\" src=\"https:\/\/www.youtube.com\/embed\/hRzsK2zO9-U?feature=oembed\" frameborder=\"0\" allow=\"accelerometer; autoplay; clipboard-write; encrypted-media; gyroscope; picture-in-picture; web-share\" allowfullscreen><\/iframe><\/p>\n<\/div>\n<div><\/div>\n<hr \/>\n<p>&nbsp;<\/p>\n<blockquote>\n<h3>BILANCIO DI FINE ANNO PER L&#8217;ASSESSORE REGIONALE ALLA PROTEZIONE CIVILE GIANPAOLO BOTTACIN<\/h3>\n<\/blockquote>\n<p><strong><a class=\"dt-pswp-item\" href=\"https:\/\/www.radiopiu.net\/wordpress\/wp-content\/uploads\/2023\/12\/93017a87-1706-469a-bb1b-32e1a32a5ccc.jpg\" data-dt-img-description=\"\" data-large_image_width=\"2048\" data-large_image_height=\"1536\"><img loading=\"lazy\" decoding=\"async\" class=\" wp-image-367879 alignleft\" src=\"https:\/\/www.radiopiu.net\/wordpress\/wp-content\/uploads\/2023\/12\/93017a87-1706-469a-bb1b-32e1a32a5ccc-300x225.jpg\" alt=\"\" width=\"167\" height=\"125\" srcset=\"https:\/\/www.radiopiu.net\/wordpress\/wp-content\/uploads\/2023\/12\/93017a87-1706-469a-bb1b-32e1a32a5ccc-300x225.jpg 300w, https:\/\/www.radiopiu.net\/wordpress\/wp-content\/uploads\/2023\/12\/93017a87-1706-469a-bb1b-32e1a32a5ccc-1024x768.jpg 1024w, https:\/\/www.radiopiu.net\/wordpress\/wp-content\/uploads\/2023\/12\/93017a87-1706-469a-bb1b-32e1a32a5ccc-768x576.jpg 768w, https:\/\/www.radiopiu.net\/wordpress\/wp-content\/uploads\/2023\/12\/93017a87-1706-469a-bb1b-32e1a32a5ccc-1536x1152.jpg 1536w, https:\/\/www.radiopiu.net\/wordpress\/wp-content\/uploads\/2023\/12\/93017a87-1706-469a-bb1b-32e1a32a5ccc.jpg 2048w\" sizes=\"auto, (max-width: 167px) 100vw, 167px\" \/><\/a>BELLUNO<\/strong> Bilancio di fine anno per l&#8217;assessore regionale Gianpaolo Bottacin; il momento per tirare le fila di quanto fatto nel 2023, ma anche per lanciare chiari messaggi politici a partiti e territorio.<\/p>\n<p><strong>DI DANIELE DALVIT<\/strong><\/p>\n<audio class=\"wp-audio-shortcode\" id=\"audio-367758-5\" preload=\"none\" style=\"width: 100%;\" controls=\"controls\"><source type=\"audio\/mpeg\" src=\"https:\/\/www.radiopiu.net\/wordpress\/wp-content\/uploads\/2023\/12\/Radio-Piu-Servizio-Bottacin-bilancio-2023.mp3?_=5\" \/><a href=\"https:\/\/www.radiopiu.net\/wordpress\/wp-content\/uploads\/2023\/12\/Radio-Piu-Servizio-Bottacin-bilancio-2023.mp3\">https:\/\/www.radiopiu.net\/wordpress\/wp-content\/uploads\/2023\/12\/Radio-Piu-Servizio-Bottacin-bilancio-2023.mp3<\/a><\/audio>\n<p>&nbsp;<\/p>\n<hr \/>\n<p>&nbsp;<\/p>\n<blockquote>\n<h3>PRESENTATO A PIEVE DI CADORE IL PROGETTO RIFUGI SICURI<\/h3>\n<\/blockquote>\n<p><strong>PIEVE DI CADORE<\/strong> Un progetto pilota a livello nazionale, una dotazione tecnologica molto avanzata, uno strumento che potr\u00e0 rendere ancora pi\u00f9 sicuri i luoghi decentrati come i rifugi alpini, ma non solo. Rifugi sani e sicuri \u00e8 il nuovo progetto che partir\u00e0 con l&#8217;estate prossima ma che intanto viene sperimentato per tutto l&#8217;inverno dal rifugio Faloria di Cortina. In termini pratici si tratta di una zaino dotato di alcune importanti strumentazioni che potranno fornire i n tempo reale alla centrale operativa del 118 parametri importanti per una diagnosi precisa, cone ad esempio nel caso di infarto. Questo grazie anche ad una bodycam fornita al rifugista che permetter\u00e0 all&#8217;operatore della centrale di Pieve di vedere esattamente quello che sta accadendo.<\/p>\n<p><strong>IL SERVIZIO DI BARBARA PAOLAZZI, RADIO CLUB 103<\/strong><\/p>\n<audio class=\"wp-audio-shortcode\" id=\"audio-367758-6\" preload=\"none\" style=\"width: 100%;\" controls=\"controls\"><source type=\"audio\/mpeg\" src=\"https:\/\/www.radiopiu.net\/wordpress\/wp-content\/uploads\/2023\/12\/BARBARA-PAOLAZZI-TELEMEDICINA-RIFUGI.mp3?_=6\" \/><a href=\"https:\/\/www.radiopiu.net\/wordpress\/wp-content\/uploads\/2023\/12\/BARBARA-PAOLAZZI-TELEMEDICINA-RIFUGI.mp3\">https:\/\/www.radiopiu.net\/wordpress\/wp-content\/uploads\/2023\/12\/BARBARA-PAOLAZZI-TELEMEDICINA-RIFUGI.mp3<\/a><\/audio>\n<p>&nbsp;<\/p>\n\n\t\t\t<style type='text\/css'>\n\t\t\t\t#gallery-3 {\n\t\t\t\t\tmargin: auto;\n\t\t\t\t}\n\t\t\t\t#gallery-3 .gallery-item {\n\t\t\t\t\tfloat: left;\n\t\t\t\t\tmargin-top: 10px;\n\t\t\t\t\ttext-align: center;\n\t\t\t\t\twidth: 33%;\n\t\t\t\t}\n\t\t\t\t#gallery-3 img {\n\t\t\t\t\tborder: 2px solid #cfcfcf;\n\t\t\t\t}\n\t\t\t\t#gallery-3 .gallery-caption {\n\t\t\t\t\tmargin-left: 0;\n\t\t\t\t}\n\t\t\t\t\/* see gallery_shortcode() in wp-includes\/media.php *\/\n\t\t\t<\/style>\n\t\t<div id='gallery-3' class='dt-gallery-container gallery galleryid-367758 gallery-columns-3 gallery-size-thumbnail'><dl class='gallery-item'>\n\t\t\t\t<dt class='gallery-icon portrait'>\n\t\t\t\t\t<a class=\"rollover rollover-zoom dt-pswp-item\" title=\"05e23fe6-b111-4409-b3c3-87184801f6e8\" data-dt-img-description=\"\" data-large_image_width=\"900\" data-large_image_height=\"1600\"href='https:\/\/www.radiopiu.net\/wordpress\/wp-content\/uploads\/2023\/12\/05e23fe6-b111-4409-b3c3-87184801f6e8.jpg'><img loading=\"lazy\" decoding=\"async\" width=\"150\" height=\"150\" src=\"https:\/\/www.radiopiu.net\/wordpress\/wp-content\/uploads\/2023\/12\/05e23fe6-b111-4409-b3c3-87184801f6e8-150x150.jpg\" class=\"attachment-thumbnail size-thumbnail\" alt=\"\" \/><\/a>\n\t\t\t\t<\/dt><\/dl><dl class='gallery-item'>\n\t\t\t\t<dt class='gallery-icon landscape'>\n\t\t\t\t\t<a class=\"rollover rollover-zoom dt-pswp-item\" title=\"97f26e46-08ac-49e4-989e-fd61224b0307\" data-dt-img-description=\"\" data-large_image_width=\"1600\" data-large_image_height=\"900\"href='https:\/\/www.radiopiu.net\/wordpress\/wp-content\/uploads\/2023\/12\/97f26e46-08ac-49e4-989e-fd61224b0307.jpg'><img loading=\"lazy\" decoding=\"async\" width=\"150\" height=\"150\" src=\"https:\/\/www.radiopiu.net\/wordpress\/wp-content\/uploads\/2023\/12\/97f26e46-08ac-49e4-989e-fd61224b0307-150x150.jpg\" class=\"attachment-thumbnail size-thumbnail\" alt=\"\" \/><\/a>\n\t\t\t\t<\/dt><\/dl><dl class='gallery-item'>\n\t\t\t\t<dt class='gallery-icon landscape'>\n\t\t\t\t\t<a class=\"rollover rollover-zoom dt-pswp-item\" title=\"37dd6399-839e-4f99-bd14-5ee01af4d6ed\" data-dt-img-description=\"\" data-large_image_width=\"1600\" data-large_image_height=\"900\"href='https:\/\/www.radiopiu.net\/wordpress\/wp-content\/uploads\/2023\/12\/37dd6399-839e-4f99-bd14-5ee01af4d6ed.jpg'><img loading=\"lazy\" decoding=\"async\" width=\"150\" height=\"150\" src=\"https:\/\/www.radiopiu.net\/wordpress\/wp-content\/uploads\/2023\/12\/37dd6399-839e-4f99-bd14-5ee01af4d6ed-150x150.jpg\" class=\"attachment-thumbnail size-thumbnail\" alt=\"\" \/><\/a>\n\t\t\t\t<\/dt><\/dl><br style=\"clear: both\" \/>\n\t\t\t<\/div>\n\n<p>&nbsp;<\/p>\n<p><strong>IL DOCUMENTO DI PRESENTAZIONE DELL&#8217;ULSS 1 DOLOMITI<\/strong><\/p>\n<a href=\"https:\/\/www.radiopiu.net\/wordpress\/wp-content\/uploads\/2023\/12\/telemedicina-rifugi-4.pdf\" class=\"pdfemb-viewer\" style=\"\" data-width=\"max\" data-height=\"max\" data-toolbar=\"top\" data-toolbar-fixed=\"on\">telemedicina rifugi (4)<\/a>\n<p>&nbsp;<\/p>\n<p>&nbsp;<\/p>\n<hr \/>\n<p>&nbsp;<\/p>\n<blockquote>\n<h3>ANCHE A VALLADA VERRANNO INSTALLATE LE COLONNINE PER LE AUTO ELETTRICHE<\/h3>\n<\/blockquote>\n<p><strong><a class=\"dt-pswp-item\" href=\"https:\/\/www.radiopiu.net\/wordpress\/wp-content\/uploads\/2020\/10\/AUTO-ELETTRICA.jpg\" data-dt-img-description=\"\" data-large_image_width=\"1920\" data-large_image_height=\"1078\"><img loading=\"lazy\" decoding=\"async\" class=\" wp-image-167537 alignleft\" src=\"https:\/\/www.radiopiu.net\/wordpress\/wp-content\/uploads\/2020\/10\/AUTO-ELETTRICA-300x168.jpg\" alt=\"\" width=\"164\" height=\"92\" srcset=\"https:\/\/www.radiopiu.net\/wordpress\/wp-content\/uploads\/2020\/10\/AUTO-ELETTRICA-300x168.jpg 300w, https:\/\/www.radiopiu.net\/wordpress\/wp-content\/uploads\/2020\/10\/AUTO-ELETTRICA-1024x575.jpg 1024w, https:\/\/www.radiopiu.net\/wordpress\/wp-content\/uploads\/2020\/10\/AUTO-ELETTRICA-768x431.jpg 768w, https:\/\/www.radiopiu.net\/wordpress\/wp-content\/uploads\/2020\/10\/AUTO-ELETTRICA-1536x862.jpg 1536w, https:\/\/www.radiopiu.net\/wordpress\/wp-content\/uploads\/2020\/10\/AUTO-ELETTRICA.jpg 1920w\" sizes=\"auto, (max-width: 164px) 100vw, 164px\" \/><\/a>VALLADA<\/strong><\/p>\n<p>DI GIANNI SANTOMASO<\/p>\n<audio class=\"wp-audio-shortcode\" id=\"audio-367758-7\" preload=\"none\" style=\"width: 100%;\" controls=\"controls\"><source type=\"audio\/mpeg\" src=\"https:\/\/www.radiopiu.net\/wordpress\/wp-content\/uploads\/2023\/12\/GIANNI-ANCHE-A-VALLADA-VERRANNO-INSTALLATE-LE-COLONNINE-PER-LE-AUTO-ELETTRICHE.mp3?_=7\" \/><a href=\"https:\/\/www.radiopiu.net\/wordpress\/wp-content\/uploads\/2023\/12\/GIANNI-ANCHE-A-VALLADA-VERRANNO-INSTALLATE-LE-COLONNINE-PER-LE-AUTO-ELETTRICHE.mp3\">https:\/\/www.radiopiu.net\/wordpress\/wp-content\/uploads\/2023\/12\/GIANNI-ANCHE-A-VALLADA-VERRANNO-INSTALLATE-LE-COLONNINE-PER-LE-AUTO-ELETTRICHE.mp3<\/a><\/audio>\n<p>&nbsp;<\/p>\n<hr \/>\n<blockquote>\n<h3 class=\"articlePlainSubHead\"><\/h3>\n<h3 class=\"articlePlainSubHead\">TELECAMERE ALL&#8217;ECOCENTRO, ANTI INTRUSIONE<\/h3>\n<\/blockquote>\n<div class=\"articlePlainText\"><strong>FELTRE\u00a0 \u00a0<\/strong>Il Comune ha fatto realizzare un impianto di videosorveglianza al centro di raccolta in via Cavalieri di Vittorio Veneto, dopo che negli ultimi anni si sono verificate effrazioni al perimetro dalla zona nord-ovest per depositare, ma anche per sottrarre rifiuti. Ieri mattina il tecnico era al lavoro per installare i dispositivi che permetteranno di tenere l&#8217;area sotto controllo.<\/div>\n<p>&nbsp;<\/p>\n<p>&nbsp;<\/p>\n<hr \/>\n<p>&nbsp;<\/p>\n<blockquote>\n<h3>MANUTENZIONE ALLA LINEA TELEFONICA PIANDEMONTE<\/h3>\n<\/blockquote>\n<p><strong><a class=\"dt-pswp-item\" href=\"https:\/\/www.radiopiu.net\/wordpress\/wp-content\/uploads\/2021\/05\/telefono.jpg\" data-dt-img-description=\"\" data-large_image_width=\"1920\" data-large_image_height=\"1280\"><img loading=\"lazy\" decoding=\"async\" class=\" wp-image-209013 alignleft\" src=\"https:\/\/www.radiopiu.net\/wordpress\/wp-content\/uploads\/2021\/05\/telefono-300x200.jpg\" alt=\"\" width=\"146\" height=\"97\" srcset=\"https:\/\/www.radiopiu.net\/wordpress\/wp-content\/uploads\/2021\/05\/telefono-300x200.jpg 300w, https:\/\/www.radiopiu.net\/wordpress\/wp-content\/uploads\/2021\/05\/telefono-1024x683.jpg 1024w, https:\/\/www.radiopiu.net\/wordpress\/wp-content\/uploads\/2021\/05\/telefono-768x512.jpg 768w, https:\/\/www.radiopiu.net\/wordpress\/wp-content\/uploads\/2021\/05\/telefono-1536x1024.jpg 1536w, https:\/\/www.radiopiu.net\/wordpress\/wp-content\/uploads\/2021\/05\/telefono.jpg 1920w\" sizes=\"auto, (max-width: 146px) 100vw, 146px\" \/><\/a>BELLUNO<\/strong> TIM ha completato interventi di manutenzione straordinaria alla linea telefonica dell&#8217;area Piandelmonte \u2013 Tassei \u2013 Medil e Ronce, risolvendo un lungo disagio segnalato dagli abitanti. La manutenzione ha migliorato la ricezione per telefonia fissa e mobile, riducendo i guasti segnalati. Il sindaco Oscar De Pellegrin sottolinea l&#8217;importanza del servizio per gli anziani, mentre l&#8217;assessore al sociale, Marco Dal Pont, spiega che nonostante qualche possibile disagio futuro, l&#8217;intervento ha risolto i problemi strutturali, assicurando un funzionamento ottimale. Gli interventi di TIM includono disboscamento, recupero e posa di nuova palificazione, oltre alla posa di cavi aerei e sotterranei su una lunghezza complessiva di 1700 metri.<\/p>\n<p>&nbsp;<\/p>\n<p>&nbsp;<\/p>\n<hr \/>\n<p>&nbsp;<\/p>\n<blockquote>\n<h3>PONTE NELLE ALPI: APPROVATO IL BILANCIO PREVISIONALE 2024<\/h3>\n<\/blockquote>\n<p><strong><a class=\"dt-pswp-item\" href=\"https:\/\/www.radiopiu.net\/wordpress\/wp-content\/uploads\/2023\/04\/Municipio_di_Ponte_nelle_Alpi-1.jpg\" data-dt-img-description=\"\" data-large_image_width=\"1024\" data-large_image_height=\"768\"><img loading=\"lazy\" decoding=\"async\" class=\" wp-image-331602 alignleft\" src=\"https:\/\/www.radiopiu.net\/wordpress\/wp-content\/uploads\/2023\/04\/Municipio_di_Ponte_nelle_Alpi-1-300x225.jpg\" alt=\"\" width=\"141\" height=\"106\" srcset=\"https:\/\/www.radiopiu.net\/wordpress\/wp-content\/uploads\/2023\/04\/Municipio_di_Ponte_nelle_Alpi-1-300x225.jpg 300w, https:\/\/www.radiopiu.net\/wordpress\/wp-content\/uploads\/2023\/04\/Municipio_di_Ponte_nelle_Alpi-1-768x576.jpg 768w, https:\/\/www.radiopiu.net\/wordpress\/wp-content\/uploads\/2023\/04\/Municipio_di_Ponte_nelle_Alpi-1.jpg 1024w\" sizes=\"auto, (max-width: 141px) 100vw, 141px\" \/><\/a>PONTE NELLE ALPI<\/strong> Il consiglio comunale di Ponte nelle Alpi ha approvato il bilancio previsionale 2024, evidenziando un impegno per oltre 5 milioni di euro in opere pubbliche, senza aumento delle tasse. Il bilancio include investimenti in settori chiave come trasporto scolastico, servizi mensa, impianti sportivi giovanili, sicurezza idrogeologica e riqualificazione urbana, con finanziamenti provenienti da varie fonti, tra cui il Piano nazionale di ripresa e resilienza (PNRR) e fondi europei.<\/p>\n<p>&nbsp;<\/p>\n<p>&nbsp;<\/p>\n<hr \/>\n<p>&nbsp;<\/p>\n<blockquote>\n<h3>NUOVE MODALIT\u00c0 DI SEGNALAZIONE RELATIVA A GUASTI O DISSERVIZI SULL&#8217;ILLUMINAZIONE PUBBLICA<\/h3>\n<\/blockquote>\n<p><strong><a class=\"dt-pswp-item\" href=\"https:\/\/www.radiopiu.net\/wordpress\/wp-content\/uploads\/2023\/12\/illuminazione-pubblica.jpg\" data-dt-img-description=\"\" data-large_image_width=\"720\" data-large_image_height=\"540\"><img loading=\"lazy\" decoding=\"async\" class=\" wp-image-367815 alignleft\" src=\"https:\/\/www.radiopiu.net\/wordpress\/wp-content\/uploads\/2023\/12\/illuminazione-pubblica-300x225.jpg\" alt=\"\" width=\"179\" height=\"134\" srcset=\"https:\/\/www.radiopiu.net\/wordpress\/wp-content\/uploads\/2023\/12\/illuminazione-pubblica-300x225.jpg 300w, https:\/\/www.radiopiu.net\/wordpress\/wp-content\/uploads\/2023\/12\/illuminazione-pubblica.jpg 720w\" sizes=\"auto, (max-width: 179px) 100vw, 179px\" \/><\/a>FELTRE<\/strong> A partire dal primo gennaio 2024, la gestione dell&#8217;illuminazione pubblica del Comune di Feltre sar\u00e0 affidata alla societ\u00e0 City Green Light, in seguito alla convenzione Consip firmata precedentemente. I cittadini potranno segnalare guasti o disservizi attraverso diverse modalit\u00e0, tra cui chiamata al numero verde 800642120, invio di email a <a target=\"_new\" rel=\"noopener\">segnalazioni.feltre@citygreenlight.com<\/a>, utilizzo dell&#8217;app CityGreenApp (con registrazione al primo accesso), o invio di fax al numero 0625496218. Queste opzioni saranno comunicate sul portale web del Comune di Feltre, dove sar\u00e0 anche implementato un popup iniziale e bloccata la relativa &#8220;Tipologia del problema (PUBBLICA ILLUMINAZIONE)&#8221;.<\/p>\n<p>&nbsp;<\/p>\n<p>&nbsp;<\/p>\n<hr \/>\n<p>&nbsp;<\/p>\n<blockquote>\n<h3>L&#8217;ARTIGIANATO, MOTORE CULTURALE PER LA COMUNITA&#8217;<\/h3>\n<\/blockquote>\n<p><strong><a class=\"dt-pswp-item\" href=\"https:\/\/www.radiopiu.net\/wordpress\/wp-content\/uploads\/2022\/07\/CONFARTIGIANATO.png\" data-dt-img-description=\"\" data-large_image_width=\"1001\" data-large_image_height=\"431\"><img loading=\"lazy\" decoding=\"async\" class=\" wp-image-288229 alignleft\" src=\"https:\/\/www.radiopiu.net\/wordpress\/wp-content\/uploads\/2022\/07\/CONFARTIGIANATO-300x129.png\" alt=\"\" width=\"195\" height=\"84\" srcset=\"https:\/\/www.radiopiu.net\/wordpress\/wp-content\/uploads\/2022\/07\/CONFARTIGIANATO-300x129.png 300w, https:\/\/www.radiopiu.net\/wordpress\/wp-content\/uploads\/2022\/07\/CONFARTIGIANATO-768x331.png 768w, https:\/\/www.radiopiu.net\/wordpress\/wp-content\/uploads\/2022\/07\/CONFARTIGIANATO.png 1001w\" sizes=\"auto, (max-width: 195px) 100vw, 195px\" \/><\/a>BELLUNO<\/strong> Confartigianato Servizi Belluno riflette sui tragici eventi del 2023, con uccisioni di giovani donne, e si impegna per una rivoluzione culturale nelle imprese e comunit\u00e0. Orgogliosi della certificazione del rispetto della parit\u00e0 di genere, l&#8217;associazione affronta sfide geopolitiche, promuove l&#8217;ottimismo basato sui positivi numeri dell&#8217;export provinciale (oltre 4 miliardi con una crescita del 10%) e si prepara alle Olimpiadi 2026. Affronta questioni come incentivi sulla casa, manodopera, passaggio generazionale, e si impegna per la formazione e l&#8217;approvazione del Disegno di Legge sulla valorizzazione delle zone montane. L&#8217;associazione invita all&#8217;impegno civico e politico, sottolineando il ruolo fondamentale dell&#8217;artigianato nella ricostruzione delle comunit\u00e0. Lavorare insieme per un positivo 2024 \u00e8 la chiara prospettiva.<\/p>\n<p>&nbsp;<\/p>\n<p>&nbsp;<\/p>\n<hr \/>\n<p>&nbsp;<\/p>\n<blockquote>\n<h3>LONGARONE FIERE HA OSPITATO LE CENE AZIENDALI DI TRE GRANDI AZIENDE<\/h3>\n<\/blockquote>\n<p><strong><a class=\"dt-pswp-item\" href=\"https:\/\/www.radiopiu.net\/wordpress\/wp-content\/uploads\/2023\/12\/20231228-Cene-aziendali-per-le-feste-a-Longarone-Fiere.jpg\" data-dt-img-description=\"\" data-large_image_width=\"1600\" data-large_image_height=\"1200\"><img loading=\"lazy\" decoding=\"async\" class=\" wp-image-367835 alignleft\" src=\"https:\/\/www.radiopiu.net\/wordpress\/wp-content\/uploads\/2023\/12\/20231228-Cene-aziendali-per-le-feste-a-Longarone-Fiere-300x225.jpg\" alt=\"\" width=\"152\" height=\"114\" srcset=\"https:\/\/www.radiopiu.net\/wordpress\/wp-content\/uploads\/2023\/12\/20231228-Cene-aziendali-per-le-feste-a-Longarone-Fiere-300x225.jpg 300w, https:\/\/www.radiopiu.net\/wordpress\/wp-content\/uploads\/2023\/12\/20231228-Cene-aziendali-per-le-feste-a-Longarone-Fiere-1024x768.jpg 1024w, https:\/\/www.radiopiu.net\/wordpress\/wp-content\/uploads\/2023\/12\/20231228-Cene-aziendali-per-le-feste-a-Longarone-Fiere-768x576.jpg 768w, https:\/\/www.radiopiu.net\/wordpress\/wp-content\/uploads\/2023\/12\/20231228-Cene-aziendali-per-le-feste-a-Longarone-Fiere-1536x1152.jpg 1536w, https:\/\/www.radiopiu.net\/wordpress\/wp-content\/uploads\/2023\/12\/20231228-Cene-aziendali-per-le-feste-a-Longarone-Fiere.jpg 1600w\" sizes=\"auto, (max-width: 152px) 100vw, 152px\" \/><\/a>LONGARONE <\/strong>Ha chiuso con la Mig il calendario fieristico, ma non ha staccato la spina. Anzi. Longarone Fiere Dolomiti ha vissuto un dicembre di \u201cfuoco\u201d con le cene di Natale. Tre grandi aziende del territorio infatti hanno scelto di festeggiare con i loro dipendenti le ricorrenze di fine anno proprio nella location della Fiera: si tratta di Marcolin, De Rigo e Thelios. Un intero padiglione \u00e8 stato allestito per ospitare i tre eventi, con aree living, tavoli per la cena, salottini e stand gastronomici, oltre a palchi e impianti luce-stereo per la musica: nel giro di dieci giorni sono state ospitate oltre 3mila persone, per serate con catering stellati del territorio, musica, dj, spettacoli ed eventi collaterali.<\/p>\n<p>&nbsp;<\/p>\n<p>&nbsp;<\/p>\n<p>&nbsp;<\/p>\n<hr \/>\n<p>&nbsp;<\/p>\n<h2><span style=\"color: #ff0000;\">I CONSIGLI COMUNALI IN AGORDINO<\/span><\/h2>\n<p><strong>LA VALLE<\/strong> Bilancio ma non solo in discussione nel consiglio comunale convocato dal sindaco Ezio Zuanel per oggi alle 18. Saranno approvate infatti le aliquote Imu per il 2024, saranno approvati il piano delle alienazioni, il bilancio di previsione e il Dup e si esaminer\u00e0 la bozza di convenzione per la gestione della scuola dell&#8217;infanzia Gianelli. Sul tavolo anche l&#8217;accordo con l&#8217;Unione montana per la gestione associata dei cimiteri.<\/p>\n<p><strong>CENCENIGHE<\/strong> Consiglio comunale oggi. In discussione la ricognizione delle partecipazioni e prelievo dal fondo di riserva.<\/p>\n<p><strong>VOLTAGO<\/strong> Il sindaco di Voltago Giuseppe Schena ha chiamato a rapporto i consiglieri per oggi. Sei punti da trattare tra cui una variazione a bilancio, IMU, addizionale comunale all&#8217;imposta sul reddito delle persone e la revisione delle partecipazioni societarie.<\/p>\n<p>&nbsp;<\/p>\n<p>&nbsp;<\/p>\n<hr \/>\n<p>&nbsp;<\/p>\n<blockquote>\n<h3>UN ALBERO DI NATALE ORIGINALE AL MUNICIPIO DI CENCENIGHE<\/h3>\n<\/blockquote>\n<p><strong><a class=\"dt-pswp-item\" href=\"https:\/\/www.radiopiu.net\/wordpress\/wp-content\/uploads\/2023\/12\/2d9075f4-74ba-4fe5-9b10-af3e2390e558.jpg\" data-dt-img-description=\"\" data-large_image_width=\"1080\" data-large_image_height=\"1440\"><img loading=\"lazy\" decoding=\"async\" class=\" wp-image-367855 alignleft\" src=\"https:\/\/www.radiopiu.net\/wordpress\/wp-content\/uploads\/2023\/12\/2d9075f4-74ba-4fe5-9b10-af3e2390e558-225x300.jpg\" alt=\"\" width=\"122\" height=\"162\" srcset=\"https:\/\/www.radiopiu.net\/wordpress\/wp-content\/uploads\/2023\/12\/2d9075f4-74ba-4fe5-9b10-af3e2390e558-225x300.jpg 225w, https:\/\/www.radiopiu.net\/wordpress\/wp-content\/uploads\/2023\/12\/2d9075f4-74ba-4fe5-9b10-af3e2390e558-768x1024.jpg 768w, https:\/\/www.radiopiu.net\/wordpress\/wp-content\/uploads\/2023\/12\/2d9075f4-74ba-4fe5-9b10-af3e2390e558.jpg 1080w\" sizes=\"auto, (max-width: 122px) 100vw, 122px\" \/><\/a> <\/strong><\/p>\n<p><strong>\u00a0<\/strong><\/p>\n<p><strong>CENCENIGHE<\/strong> Chi \u00e8 passato davanti al Municipio di Cencenighe non ha potuto non notare un albero di natale particolare. Infatti le signore che si ritrovano il mercoled\u00ec e il venerd\u00ec nella saletta sopra la Pro Loco, hanno pensato di abbellire l&#8217;accesso al municipio con una albero diverso, dove ci sono tutti i centrini fatti a mano durante gli incontri.<\/p>\n<p>(foto: Roberta Lorenzi)<\/p>\n<p>&nbsp;<\/p>\n<p>&nbsp;<\/p>\n<p>&nbsp;<\/p>\n<hr \/>\n<p>&nbsp;<\/p>\n<blockquote>\n<h3>\u00a0FESTA SOTTO ALL&#8217;ALBERO DI NATALE A SAN CIPRIANO<\/h3>\n<\/blockquote>\n<p><strong><a class=\"dt-pswp-item\" href=\"https:\/\/www.radiopiu.net\/wordpress\/wp-content\/uploads\/2023\/12\/locandina-1-.jpg\" data-dt-img-description=\"\" data-large_image_width=\"1240\" data-large_image_height=\"1753\"><img loading=\"lazy\" decoding=\"async\" class=\" wp-image-367440 alignleft\" src=\"https:\/\/www.radiopiu.net\/wordpress\/wp-content\/uploads\/2023\/12\/locandina-1--212x300.jpg\" alt=\"\" width=\"98\" height=\"139\" srcset=\"https:\/\/www.radiopiu.net\/wordpress\/wp-content\/uploads\/2023\/12\/locandina-1--212x300.jpg 212w, https:\/\/www.radiopiu.net\/wordpress\/wp-content\/uploads\/2023\/12\/locandina-1--724x1024.jpg 724w, https:\/\/www.radiopiu.net\/wordpress\/wp-content\/uploads\/2023\/12\/locandina-1--768x1086.jpg 768w, https:\/\/www.radiopiu.net\/wordpress\/wp-content\/uploads\/2023\/12\/locandina-1--1087x1536.jpg 1087w, https:\/\/www.radiopiu.net\/wordpress\/wp-content\/uploads\/2023\/12\/locandina-1-.jpg 1240w\" sizes=\"auto, (max-width: 98px) 100vw, 98px\" \/><\/a> <\/strong><\/p>\n<p><strong>\u00a0<\/strong><\/p>\n<p><strong>TAIBON<\/strong> Il Comitato San Cipriano e la Pro Loco di Taibon organizzano per oggi, dopo la santa messa delle 18, una serata di festa in Piazza San Cipriano a Taibon per salutare tutti assieme il 2023. Tutta la popolazione \u00e8 invitata. Ci saranno dolci, bevande e molto altro. A seguire musica e canti.<\/p>\n<p>&nbsp;<\/p>\n<p>&nbsp;<\/p>\n<p>&nbsp;<\/p>\n<hr \/>\n<p>&nbsp;<\/p>\n<blockquote>\n<h3>SEMINARI DI YOGA A CANALE D&#8217;AGORDO<\/h3>\n<\/blockquote>\n<p><strong>CANALE D&#8217;AGORDO<\/strong> A Canale d&#8217;Agordo sono previsti seminari di yoga nella Sala Emigranti nei primi mesi del 2024. Il corso si terr\u00e0 ogni marted\u00ec dal 9 gennaio al 28 maggio, dalle 18.30 alle 19.30, con un costo di \u20ac15 a lezione. Per informazioni riguardo alle iscrizioni e alle possibilit\u00e0 di abbonamento, \u00e8 possibile contattare Elena al numero 3408944032.<\/p>\n<p>&nbsp;<\/p>\n<p>&nbsp;<\/p>\n<hr \/>\n<p>&nbsp;<\/p>\n<h2><span style=\"color: #ff6600;\">IERI ALLA RADIO<\/span><\/h2>\n<h2><span style=\"color: #ff00ff;\">INTANTO ME LA CANTO<\/span><\/h2>\n<p><iframe loading=\"lazy\" title=\"INTANTO ME LA CANTO - 28 DICEMBRE 2023\" width=\"1200\" height=\"675\" src=\"https:\/\/www.youtube.com\/embed\/ecG2orPdy4s?feature=oembed\" frameborder=\"0\" allow=\"accelerometer; autoplay; clipboard-write; encrypted-media; gyroscope; picture-in-picture; web-share\" allowfullscreen><\/iframe><\/p>\n<p>&nbsp;<\/p>\n<h2><span style=\"color: #ff0000;\">DOMINATOR NIGHT, L&#8217;EVENTO DI INIZIO ANNO AI PIANI DI PEZZE&#8217;<\/span><\/h2>\n<p><strong><a class=\"dt-pswp-item\" href=\"https:\/\/www.radiopiu.net\/wordpress\/wp-content\/uploads\/2023\/12\/SCR-20231228-jsjq.png\" data-dt-img-description=\"\" data-large_image_width=\"1066\" data-large_image_height=\"440\"><img loading=\"lazy\" decoding=\"async\" class=\" wp-image-367821 alignleft\" src=\"https:\/\/www.radiopiu.net\/wordpress\/wp-content\/uploads\/2023\/12\/SCR-20231228-jsjq-300x124.png\" alt=\"\" width=\"150\" height=\"62\" srcset=\"https:\/\/www.radiopiu.net\/wordpress\/wp-content\/uploads\/2023\/12\/SCR-20231228-jsjq-300x124.png 300w, https:\/\/www.radiopiu.net\/wordpress\/wp-content\/uploads\/2023\/12\/SCR-20231228-jsjq-1024x423.png 1024w, https:\/\/www.radiopiu.net\/wordpress\/wp-content\/uploads\/2023\/12\/SCR-20231228-jsjq-768x317.png 768w, https:\/\/www.radiopiu.net\/wordpress\/wp-content\/uploads\/2023\/12\/SCR-20231228-jsjq.png 1066w\" sizes=\"auto, (max-width: 150px) 100vw, 150px\" \/><\/a>ALLEGHE<\/strong> Venerd\u00ec 5 gennaio ai Piani di Pezz\u00e8 andra in scenaa la &#8220;Dominator Night&#8221;. 14 piloti tra i migliori d&#8217;Europa si sfideranno senza esclusioni di colpi su un tracciato di puro snowcross. Uno spettacolo unico che inizier\u00e0 alle 21:30, a seguire le premiazioni e dj set fino all&#8217;1. Cabinovia aperta a pagamento dalle 20:30 all&#8217;1:30.<\/p>\n<p><strong>DI MIRKO MEZZACASA<\/strong><\/p>\n<p>OSPITI: Cristian Moretti, Andrea Dal Farra, Elisa Tosi, Max Tosi<\/p>\n<audio class=\"wp-audio-shortcode\" id=\"audio-367758-8\" preload=\"none\" style=\"width: 100%;\" controls=\"controls\"><source type=\"audio\/mpeg\" src=\"https:\/\/www.radiopiu.net\/wordpress\/wp-content\/uploads\/2023\/12\/MAX-TOSI-2023.mp3?_=8\" \/><a href=\"https:\/\/www.radiopiu.net\/wordpress\/wp-content\/uploads\/2023\/12\/MAX-TOSI-2023.mp3\">https:\/\/www.radiopiu.net\/wordpress\/wp-content\/uploads\/2023\/12\/MAX-TOSI-2023.mp3<\/a><\/audio>\n<p><strong>IL PROGRAMMA<\/strong><\/p>\n\n\t\t\t<style type='text\/css'>\n\t\t\t\t#gallery-4 {\n\t\t\t\t\tmargin: auto;\n\t\t\t\t}\n\t\t\t\t#gallery-4 .gallery-item {\n\t\t\t\t\tfloat: left;\n\t\t\t\t\tmargin-top: 10px;\n\t\t\t\t\ttext-align: center;\n\t\t\t\t\twidth: 100%;\n\t\t\t\t}\n\t\t\t\t#gallery-4 img {\n\t\t\t\t\tborder: 2px solid #cfcfcf;\n\t\t\t\t}\n\t\t\t\t#gallery-4 .gallery-caption {\n\t\t\t\t\tmargin-left: 0;\n\t\t\t\t}\n\t\t\t\t\/* see gallery_shortcode() in wp-includes\/media.php *\/\n\t\t\t<\/style>\n\t\t<div id='gallery-4' class='dt-gallery-container gallery galleryid-367758 gallery-columns-1 gallery-size-medium'><dl class='gallery-item'>\n\t\t\t\t<dt class='gallery-icon portrait'>\n\t\t\t\t\t<a class=\"rollover rollover-zoom dt-pswp-item\" title=\"79f174a0-339d-41d0-a8b1-d32466c90e5a\" data-dt-img-description=\"\" data-large_image_width=\"1406\" data-large_image_height=\"2000\"href='https:\/\/www.radiopiu.net\/wordpress\/wp-content\/uploads\/2023\/12\/79f174a0-339d-41d0-a8b1-d32466c90e5a.jpg'><img loading=\"lazy\" decoding=\"async\" width=\"211\" height=\"300\" src=\"https:\/\/www.radiopiu.net\/wordpress\/wp-content\/uploads\/2023\/12\/79f174a0-339d-41d0-a8b1-d32466c90e5a-211x300.jpg\" class=\"attachment-medium size-medium\" alt=\"\" srcset=\"https:\/\/www.radiopiu.net\/wordpress\/wp-content\/uploads\/2023\/12\/79f174a0-339d-41d0-a8b1-d32466c90e5a-211x300.jpg 211w, https:\/\/www.radiopiu.net\/wordpress\/wp-content\/uploads\/2023\/12\/79f174a0-339d-41d0-a8b1-d32466c90e5a-720x1024.jpg 720w, https:\/\/www.radiopiu.net\/wordpress\/wp-content\/uploads\/2023\/12\/79f174a0-339d-41d0-a8b1-d32466c90e5a-768x1092.jpg 768w, https:\/\/www.radiopiu.net\/wordpress\/wp-content\/uploads\/2023\/12\/79f174a0-339d-41d0-a8b1-d32466c90e5a-1080x1536.jpg 1080w, https:\/\/www.radiopiu.net\/wordpress\/wp-content\/uploads\/2023\/12\/79f174a0-339d-41d0-a8b1-d32466c90e5a.jpg 1406w\" sizes=\"auto, (max-width: 211px) 100vw, 211px\" \/><\/a>\n\t\t\t\t<\/dt><\/dl><br style=\"clear: both\" \/>\n\t\t\t<\/div>\n\n<p>&nbsp;<\/p>\n<hr \/>\n<p>&nbsp;<\/p>\n<p>&nbsp;<\/p>\n<h2>INVIALO A RADIO PIU&#8217;&#8230;EFFETTI DEL CIELO DAL COL MENADAR, il buongiorno di MANUEL CONEDERA<\/h2>\n<blockquote>\n<h3><span style=\"color: #0000ff;\">Dal Col Menadar&#8230;Questa notte. Il mare di nubi non si \u00e8 fatto vedere.\u00a0<\/span><\/h3>\n<\/blockquote>\n<div style=\"width: 1200px;\" class=\"wp-video\"><video class=\"wp-video-shortcode\" id=\"video-367758-2\" width=\"1200\" height=\"675\" preload=\"metadata\" controls=\"controls\"><source type=\"video\/mp4\" src=\"https:\/\/www.radiopiu.net\/wordpress\/wp-content\/uploads\/2023\/12\/WhatsApp-Video-2023-12-29-at-04.34.51.mp4?_=2\" \/><a href=\"https:\/\/www.radiopiu.net\/wordpress\/wp-content\/uploads\/2023\/12\/WhatsApp-Video-2023-12-29-at-04.34.51.mp4\">https:\/\/www.radiopiu.net\/wordpress\/wp-content\/uploads\/2023\/12\/WhatsApp-Video-2023-12-29-at-04.34.51.mp4<\/a><\/video><\/div>\n<blockquote>\n<h2><\/h2>\n<h2>INVIALO A RADIO PIU&#8217;&#8230;IL BUONGIORNO DI BARBARA DAL FRAMONT<\/h2>\n<\/blockquote>\n<p><strong>Buongiorno\u00a0 Radio Pi\u00f9\u00a0 video da Forcella Sei\u00e8re e dalla Croce del Monte Framont, sopra Agordo e la Conca Agordina.<\/strong><\/p>\n<p>Barbara Benvegn\u00f9.<\/p>\n<div style=\"width: 848px;\" class=\"wp-video\"><video class=\"wp-video-shortcode\" id=\"video-367758-3\" width=\"848\" height=\"480\" preload=\"metadata\" controls=\"controls\"><source type=\"video\/mp4\" src=\"https:\/\/www.radiopiu.net\/wordpress\/wp-content\/uploads\/2023\/12\/WhatsApp-Video-2023-12-28-at-09.43.55.mp4?_=3\" \/><a href=\"https:\/\/www.radiopiu.net\/wordpress\/wp-content\/uploads\/2023\/12\/WhatsApp-Video-2023-12-28-at-09.43.55.mp4\">https:\/\/www.radiopiu.net\/wordpress\/wp-content\/uploads\/2023\/12\/WhatsApp-Video-2023-12-28-at-09.43.55.mp4<\/a><\/video><\/div>\n<p>&nbsp;<\/p>\n<p>&nbsp;<\/p>\n<p>&nbsp;<\/p>\n<hr \/>\n<p>&nbsp;<\/p>\n<h2><span style=\"color: #ff0000;\">GLI APPUNTAMENTI DELLA SETTIMANA\u00a0<\/span><\/h2>\n<blockquote>\n<h3>NADAL A SAN TOMAS<\/h3>\n<\/blockquote>\n<p><strong>SAN TOMASO <\/strong>Sono visitabili i presepi nelle frazioni di San Tomaso. Questi gli appuntamenti con le serate dedicate al Natale.<\/p>\n<p><strong>OGGI<\/strong> &#8220;In viaggio con A. Edwards&#8221;, serata con Eleonora Pescosta che racconta la storia dell&#8217;escursionista inglese salita sul Sasso Bianco. Celat alle 20:30<\/p>\n<p><strong>04 GENNAIO<\/strong> &#8220;I Kropya&#8221; Concerto natalizio dell&#8217;ensamble vocale dei giovani di Livinallongo. Chiesa Parocchiale alle 20:30<\/p>\n<p>&nbsp;<\/p>\n<blockquote>\n<h3>AL CINEMA DI FALCADE &#8220;IMPROVVISAMENTE A NATALE MI SPOSO&#8221;<\/h3>\n<\/blockquote>\n<p><strong>FALCADE<\/strong> Al Cinema Dolomiti di Falcade verr\u00e0 proiettata la commedia &#8220;Improvvisamente A Natale mi sposo&#8221; con Diego Abatantuono e Nino Frassica. Oggi e domani alle 21, domenica alle 15:30 e 21.<\/p>\n<p>&nbsp;<\/p>\n<blockquote>\n<h3>ANTONELLA GIACOMINI OSPITE A SAN VITO DI CADORE<\/h3>\n<\/blockquote>\n<p><strong>SAN VITO DI CADORE<\/strong> Domani, alle 18 nella sala polifunzionale di San Vito di Cadore, in occasione della presentazione della stagione 23\/24 dello sci club Dolomiti Cadore sar\u00e0 ospite Antonella Giacomini che presenter\u00e0 il suo libro &#8220;Volevo Vedere La Tundra&#8221;<\/p>\n<p>&nbsp;<\/p>\n<blockquote>\n<h3>CONCERTO NATALIZIO A CANALE D&#8217;AGORDO<\/h3>\n<\/blockquote>\n<p><strong>CANALE D&#8217;AGORDO<\/strong> <span style=\"font-family: Arial;\">concerto natalizio a Canale d&#8217;Agordo, domani <\/span><span style=\"font-family: Arial;\">alle <b><u>20.30<\/u><\/b>, nella chiesa arcipretale di San Giovanni Battista. L&#8217;evento, ad ingresso libero, prevede l&#8217;esibizione di due cori di giovani talenti. Il primo gruppo \u00e8 composto da 14 ragazzi tra i 20 e i 30 anni con la passione per la musica e il canto. Il secondo coro, l&#8217; Ensemble vocale Calycanthus Concentus, ha iniziato la sua attivit\u00e0 musicale concertistica quindici anni fa dedicandosi al repertorio sacro.<\/span><\/p>\n<p>&nbsp;<\/p>\n<blockquote>\n<h3>SABATO LA FESTA AL RISTOBAR GHEGI DI FORCELLA AURINE<\/h3>\n<\/blockquote>\n<p><strong><a class=\"dt-pswp-item\" href=\"https:\/\/www.radiopiu.net\/wordpress\/wp-content\/uploads\/2023\/12\/5255b046-5a50-447e-b1ab-4e359aca3f8c.jpg\" data-dt-img-description=\"\" data-large_image_width=\"625\" data-large_image_height=\"738\"><img loading=\"lazy\" decoding=\"async\" class=\" wp-image-367715 alignleft\" src=\"https:\/\/www.radiopiu.net\/wordpress\/wp-content\/uploads\/2023\/12\/5255b046-5a50-447e-b1ab-4e359aca3f8c-254x300.jpg\" alt=\"\" width=\"138\" height=\"163\" srcset=\"https:\/\/www.radiopiu.net\/wordpress\/wp-content\/uploads\/2023\/12\/5255b046-5a50-447e-b1ab-4e359aca3f8c-254x300.jpg 254w, https:\/\/www.radiopiu.net\/wordpress\/wp-content\/uploads\/2023\/12\/5255b046-5a50-447e-b1ab-4e359aca3f8c.jpg 625w\" sizes=\"auto, (max-width: 138px) 100vw, 138px\" \/><\/a>GOSALDO<\/strong> Saranno Morgan e Battaglia i Djs che domani scateneranno la festa al Ristobar Ghegi di Forcella Aurine. L&#8217;aperitivo in Apr\u00e8s Ski inizier\u00e0 alle 17 e proseguir\u00e0 fino a notte inoltrata con drinks, food e cocktail.<\/p>\n<p><strong>\u00a0<\/strong><\/p>\n<p><strong>\u00a0<\/strong><\/p>\n<p><strong>\u00a0<\/strong><\/p>\n<p><strong>LO SPOT ALLA RADIO<\/strong><\/p>\n<audio class=\"wp-audio-shortcode\" id=\"audio-367758-9\" preload=\"none\" style=\"width: 100%;\" controls=\"controls\"><source type=\"audio\/mpeg\" src=\"https:\/\/www.radiopiu.net\/wordpress\/wp-content\/uploads\/2023\/12\/FORCELLA-AURINE.mp3?_=9\" \/><a href=\"https:\/\/www.radiopiu.net\/wordpress\/wp-content\/uploads\/2023\/12\/FORCELLA-AURINE.mp3\">https:\/\/www.radiopiu.net\/wordpress\/wp-content\/uploads\/2023\/12\/FORCELLA-AURINE.mp3<\/a><\/audio>\n<p>&nbsp;<\/p>\n<h2><span style=\"color: #ff0000;\">PROSSIMAMENTE&#8230;<\/span><\/h2>\n<blockquote>\n<h3>IL NUOVO LIBRO DI GIORGIO PIROLO<\/h3>\n<\/blockquote>\n<p><strong>ALLEGHE<\/strong> Mercoled\u00ec 3 gennaio alle 18 alla biblioteca di Alleghe verr\u00e0 presentato il nuovo libro di Giorgio Pirolo &#8220;I Disegni Non Parlano&#8221;. Ci sar\u00e0 un dialogo con l&#8217;autore.<\/p>\n<p>&nbsp;<\/p>\n<blockquote>\n<h3>CONCERTO CORALE AD ALLEGHE<\/h3>\n<\/blockquote>\n<p><strong>ALLEGHE<\/strong> Gioved\u00ec 4 gennaio alle 20:30 in Sala Stoppani delle scuole elementari di Alleghe, la Corale di Limana e il Coro Monte Civetta si esibiranno. Un appuntamento da non perdere. Ingresso gratuito.<\/p>\n<p>&nbsp;<\/p>\n<blockquote>\n<h3>DOMINATOR NIGHT AI PIANI DI PEZZE&#8217;<\/h3>\n<\/blockquote>\n<p><strong><a class=\"dt-pswp-item\" href=\"https:\/\/www.radiopiu.net\/wordpress\/wp-content\/uploads\/2023\/12\/SCR-20231228-jsjq.png\" data-dt-img-description=\"\" data-large_image_width=\"1066\" data-large_image_height=\"440\"><img loading=\"lazy\" decoding=\"async\" class=\" wp-image-367821 alignleft\" src=\"https:\/\/www.radiopiu.net\/wordpress\/wp-content\/uploads\/2023\/12\/SCR-20231228-jsjq-300x124.png\" alt=\"\" width=\"150\" height=\"62\" srcset=\"https:\/\/www.radiopiu.net\/wordpress\/wp-content\/uploads\/2023\/12\/SCR-20231228-jsjq-300x124.png 300w, https:\/\/www.radiopiu.net\/wordpress\/wp-content\/uploads\/2023\/12\/SCR-20231228-jsjq-1024x423.png 1024w, https:\/\/www.radiopiu.net\/wordpress\/wp-content\/uploads\/2023\/12\/SCR-20231228-jsjq-768x317.png 768w, https:\/\/www.radiopiu.net\/wordpress\/wp-content\/uploads\/2023\/12\/SCR-20231228-jsjq.png 1066w\" sizes=\"auto, (max-width: 150px) 100vw, 150px\" \/><\/a>ALLEGHE<\/strong> Venerd\u00ec 5 gennaio ai Piani di Pezz\u00e8 andra in scenaa la &#8220;Dominator Night&#8221;. 14 piloti tra i migliori d&#8217;Europa si sfideranno senza esclusioni di colpi su un tracciato di puro snowcross. Uno spettacolo unico che inizier\u00e0 alle 21:30, a seguire le premiazioni e dj set fino all&#8217;1. Cabinovia aperta a pagamento dalle 20:30 all&#8217;1:30.<\/p>\n<p>&nbsp;<\/p>\n<p>&nbsp;<\/p>\n<hr \/>\n<p>&nbsp;<\/p>\n<blockquote>\n<h2>CUORE D&#8217;ARTISTA di JOHN FRANCIS DELLA PIETRA<\/h2>\n<\/blockquote>\n<p><strong><a class=\"dt-pswp-item\" href=\"https:\/\/www.radiopiu.net\/wordpress\/wp-content\/uploads\/2023\/12\/83371204-371b-451e-bf38-a1640bad0bd9.jpg\" data-dt-img-description=\"\" data-large_image_width=\"1600\" data-large_image_height=\"720\"><img loading=\"lazy\" decoding=\"async\" class=\" wp-image-367889 alignleft\" src=\"https:\/\/www.radiopiu.net\/wordpress\/wp-content\/uploads\/2023\/12\/83371204-371b-451e-bf38-a1640bad0bd9-300x135.jpg\" alt=\"\" width=\"220\" height=\"99\" srcset=\"https:\/\/www.radiopiu.net\/wordpress\/wp-content\/uploads\/2023\/12\/83371204-371b-451e-bf38-a1640bad0bd9-300x135.jpg 300w, https:\/\/www.radiopiu.net\/wordpress\/wp-content\/uploads\/2023\/12\/83371204-371b-451e-bf38-a1640bad0bd9-1024x461.jpg 1024w, https:\/\/www.radiopiu.net\/wordpress\/wp-content\/uploads\/2023\/12\/83371204-371b-451e-bf38-a1640bad0bd9-768x346.jpg 768w, https:\/\/www.radiopiu.net\/wordpress\/wp-content\/uploads\/2023\/12\/83371204-371b-451e-bf38-a1640bad0bd9-1536x691.jpg 1536w, https:\/\/www.radiopiu.net\/wordpress\/wp-content\/uploads\/2023\/12\/83371204-371b-451e-bf38-a1640bad0bd9.jpg 1600w\" sizes=\"auto, (max-width: 220px) 100vw, 220px\" \/><\/a>CUORE D&#8217;ARTISTA<\/strong><\/p>\n<p><span style=\"color: #ff0000;\"><strong>DI JOHN FRANCIS DELLA PIETRA<\/strong><\/span><\/p>\n<p>le tue abili mani, svelte lo sapevano tracciare d&#8217;un pensiero lo schizzo essenziale<br \/>\nper me sar\u00e0 un&#8217;impresa ardua e dura<br \/>\ncon le parole anche solo abbozzare la tua figura<br \/>\nle tue opere son state ben spese tanto hai saputo dare al tuo paese con esse hai saputo meravigliosamente evidenziare della nostra valle paesaggi e tessuto sociale<br \/>\ned a tutto il mondo mostrare<br \/>\nla semplicit\u00e0 d&#8217;una nostra cultura montana d&#8217;amare<br \/>\nin questo t&#8217;\u00e8 venuto d&#8217;aiuto qui nascer e vivere<br \/>\nosservare ed immaginare il suo quieto scorrere<br \/>\nin dote da madre natura molto hai ricevuto<br \/>\npoi anni d&#8217;applicazione e di studio c&#8217;\u00e8 voluto<br \/>\nma sei riuscito la tua arte ad affinare<br \/>\ned universalmente maestro ti sei sentito appellare<br \/>\ndalla finestra di casa, dal pian di sais o dal soler del tabia hai impresso per sempre la realt\u00e0<br \/>\nchiari e scuri<br \/>\nsulle tele o sui muri<br \/>\nor vividi or tenui colori<br \/>\ndalla tua tavolozza dalle tue mani son partiti dei capolavori<br \/>\nper molto ti dobbiamo ringraziare<br \/>\nanche per averci intrattenuto col tuo schietto conversare<br \/>\nper il tuo fraterno ridere ed a volte cantare<br \/>\nla tua grande della pittura passione<br \/>\nha generato nel mondo ed a noi immensa emozione nelle tue immagini traspare la spontanea e geniale abilita la genuinit\u00e0 ed un&#8217;innata d&#8217;animo sensibilit\u00e0<br \/>\nora nell&#8217;osservare fra i vicoli delle case quei monti<br \/>\nnel rivederti dipingerli saremo sempre pronti<br \/>\nnon si tratter\u00e0 di sognare<br \/>\nn\u00e9 di fantasticare<br \/>\nsappiamo che il tuo cuore qui a Canale ha sempre voluto restare<br \/>\ngrazie Giuliano<\/p>\n<p>&nbsp;<\/p>\n<p>&nbsp;<\/p>\n<hr \/>\n<p>&nbsp;<\/p>\n<p><a class=\"dt-pswp-item\" href=\"https:\/\/www.radiopiu.net\/wordpress\/wp-content\/uploads\/2018\/09\/viabilita.jpeg\" data-dt-img-description=\"\" data-large_image_width=\"800\" data-large_image_height=\"100\"><img loading=\"lazy\" decoding=\"async\" class=\"aligncenter wp-image-61954 size-full\" src=\"https:\/\/www.radiopiu.net\/wordpress\/wp-content\/uploads\/2018\/09\/viabilita.jpeg\" alt=\"\" width=\"800\" height=\"100\" srcset=\"https:\/\/www.radiopiu.net\/wordpress\/wp-content\/uploads\/2018\/09\/viabilita.jpeg 800w, https:\/\/www.radiopiu.net\/wordpress\/wp-content\/uploads\/2018\/09\/viabilita-300x38.jpeg 300w, https:\/\/www.radiopiu.net\/wordpress\/wp-content\/uploads\/2018\/09\/viabilita-768x96.jpeg 768w\" sizes=\"auto, (max-width: 800px) 100vw, 800px\" \/><\/a><\/p>\n<p>&nbsp;<\/p>\n<p><a class=\"dt-pswp-item\" href=\"https:\/\/www.radiopiu.net\/wordpress\/wp-content\/uploads\/2023\/12\/botol-car-service.jpg\" data-dt-img-description=\"\" data-large_image_width=\"600\" data-large_image_height=\"600\"><img loading=\"lazy\" decoding=\"async\" class=\"size-medium wp-image-367044 aligncenter\" src=\"https:\/\/www.radiopiu.net\/wordpress\/wp-content\/uploads\/2023\/12\/botol-car-service-300x300.jpg\" alt=\"\" width=\"300\" height=\"300\" srcset=\"https:\/\/www.radiopiu.net\/wordpress\/wp-content\/uploads\/2023\/12\/botol-car-service-300x300.jpg 300w, https:\/\/www.radiopiu.net\/wordpress\/wp-content\/uploads\/2023\/12\/botol-car-service-150x150.jpg 150w, https:\/\/www.radiopiu.net\/wordpress\/wp-content\/uploads\/2023\/12\/botol-car-service.jpg 600w\" sizes=\"auto, (max-width: 300px) 100vw, 300px\" \/><\/a><\/p>\n<p>&nbsp;<\/p>\n<p>&nbsp;<\/p>\n<blockquote class=\"wp-embedded-content\" data-secret=\"UCSxyL8QaG\"><p><a href=\"https:\/\/www.radiopiu.net\/wordpress\/viabilita\/\">viabilita<\/a><\/p><\/blockquote>\n<p><iframe loading=\"lazy\" class=\"wp-embedded-content\" sandbox=\"allow-scripts\" security=\"restricted\" style=\"position: absolute; clip: rect(1px, 1px, 1px, 1px);\" title=\"&#8220;viabilita&#8221; &#8212; Radio Pi\u00f9\" src=\"https:\/\/www.radiopiu.net\/wordpress\/viabilita\/embed\/#?secret=amiOG0Biq9#?secret=UCSxyL8QaG\" data-secret=\"UCSxyL8QaG\" width=\"600\" height=\"338\" frameborder=\"0\" marginwidth=\"0\" marginheight=\"0\" scrolling=\"no\"><\/iframe><\/p>\n<p>&nbsp;<\/p>\n<hr \/>\n<p>&nbsp;<\/p>\n<p><a class=\"dt-pswp-item\" href=\"https:\/\/www.radiopiu.net\/wordpress\/wp-content\/uploads\/2018\/09\/WhatsApp-Image-2018-09-20-at-16.04.06.jpeg\" data-dt-img-description=\"\" data-large_image_width=\"800\" data-large_image_height=\"100\"><img loading=\"lazy\" decoding=\"async\" class=\"wp-image-61378 size-full aligncenter\" src=\"https:\/\/www.radiopiu.net\/wordpress\/wp-content\/uploads\/2018\/09\/WhatsApp-Image-2018-09-20-at-16.04.06.jpeg\" alt=\"\" width=\"800\" height=\"100\" srcset=\"https:\/\/www.radiopiu.net\/wordpress\/wp-content\/uploads\/2018\/09\/WhatsApp-Image-2018-09-20-at-16.04.06.jpeg 800w, https:\/\/www.radiopiu.net\/wordpress\/wp-content\/uploads\/2018\/09\/WhatsApp-Image-2018-09-20-at-16.04.06-300x38.jpeg 300w, https:\/\/www.radiopiu.net\/wordpress\/wp-content\/uploads\/2018\/09\/WhatsApp-Image-2018-09-20-at-16.04.06-768x96.jpeg 768w\" sizes=\"auto, (max-width: 800px) 100vw, 800px\" \/><\/a><\/p>\n<p><center><\/center><b>\u00a0<\/b><\/p>\n<p><center><\/center><center><b>OGGI<\/b><\/center>Sulle Dolomiti sole e cielo sereno o poco nuvoloso fino a met\u00e0 mattinata, prima che la nuvolosit\u00e0 stratiforme tenda ad aumentare, localmente potranno essere presenti nubi basse, gi\u00e0 al mattino. Sulle Prealpi, salvo schiarite mattutine in quota, il cielo risulter\u00e0 perlopi\u00f9 coperto tutto il giorno per estese nubi basse<br \/>\n<b>Precipitazioni: <\/b>Assenti , anche se qualche locale pioviggine non sar\u00e0 da escludere del tutto su Prealpi occidentali verso sera.<br \/>\n<b>Temperature: <\/b>In quota in lievissimo calo con minime osservate alla sera. Nelle valli minime in aumento e massime pressoch\u00e9 stazionarie. Debole escursione termica giornaliera a tutte le quote.<\/p>\n<hr \/>\n<p><center><b>DOMANI<\/b><\/center>Nuvolosit\u00e0 irregolare nottetempo, poi parziale miglioramento per poche ore al mattino, prima di una crescente nuvolosit\u00e0 bassa e media stratiforme, via via pi\u00f9 intensa ed estesa a partire dalle Prealpi, successivamente ed in maniera pi\u00f9 graduale anche sulle Dolomiti.<br \/>\n<b>Precipitazioni: <\/b>Assenti<br \/>\n<b>Temperature: <\/b>Minime in leggero calo e massime in lieve ripresa o stazionarie nei settori rapidamente interessati dalla nuvolosit\u00e0. Sulle cime pi\u00f9 alte, la diminuzione sar\u00e0 generale.<\/p>\n<hr \/>\n<p><center><b>DOMENICA<\/b><\/center>Residui tratti di sereno al primo mattino, prima che il cielo si copr\u00e0 fino a risultare coperto ovunque con deboli o debolissime precipitazioni sparse al pomeriggio e diffuse alla sera, nevose a 1000-1200 m sulle Dolomiti e 1300-1500 m sulle Prealpi.\u00a0 Temperature in generale calo.<\/p>\n<hr \/>\n<p><center><b>LUNEDI<\/b><\/center>Nuvolosit\u00e0 prevalente, spesso anche intensa, con deboli o debolissime precipitazioni sparse ed intermittenti, nevose oltre i 1100-1300 m. Temperature senza notevoli variazioni, eccetto contenuto rialzo delle minime nei fondovalle.<\/p>\n<p>&nbsp;<\/p>\n<hr \/>\n<p>&nbsp;<\/p>\n<p><img loading=\"lazy\" decoding=\"async\" class=\"wp-image-60761 size-full aligncenter\" src=\"https:\/\/www.radiopiu.net\/wordpress\/wp-content\/uploads\/2018\/09\/sport.jpg\" alt=\"\" width=\"800\" height=\"100\" srcset=\"https:\/\/www.radiopiu.net\/wordpress\/wp-content\/uploads\/2018\/09\/sport.jpg 800w, https:\/\/www.radiopiu.net\/wordpress\/wp-content\/uploads\/2018\/09\/sport-300x38.jpg 300w, https:\/\/www.radiopiu.net\/wordpress\/wp-content\/uploads\/2018\/09\/sport-768x96.jpg 768w\" sizes=\"auto, (max-width: 800px) 100vw, 800px\" \/><\/p>\n<p>&nbsp;<\/p>\n<p><span style=\"color: #0000ff;\"><strong>HOCKEY SU GHIACCIO<\/strong><\/span><\/p>\n<blockquote>\n<h3><a class=\"dt-pswp-item\" href=\"https:\/\/www.radiopiu.net\/wordpress\/wp-content\/uploads\/2023\/10\/hockey.jpg\" data-dt-img-description=\"\" data-large_image_width=\"1280\" data-large_image_height=\"961\"><img loading=\"lazy\" decoding=\"async\" class=\" wp-image-359038 alignleft\" src=\"https:\/\/www.radiopiu.net\/wordpress\/wp-content\/uploads\/2023\/10\/hockey-300x225.jpg\" alt=\"\" width=\"151\" height=\"113\" srcset=\"https:\/\/www.radiopiu.net\/wordpress\/wp-content\/uploads\/2023\/10\/hockey-300x225.jpg 300w, https:\/\/www.radiopiu.net\/wordpress\/wp-content\/uploads\/2023\/10\/hockey-1024x769.jpg 1024w, https:\/\/www.radiopiu.net\/wordpress\/wp-content\/uploads\/2023\/10\/hockey-768x577.jpg 768w, https:\/\/www.radiopiu.net\/wordpress\/wp-content\/uploads\/2023\/10\/hockey.jpg 1280w\" sizes=\"auto, (max-width: 151px) 100vw, 151px\" \/><\/a>IL FELTRE ANTICIPA IL RITORNO DI COPPA ITALIA<\/h3>\n<\/blockquote>\n<p><strong>FELTRE<\/strong> Dopo la vittoria sonante in terra altoatesina contro il Bressanone per 8 a 2, il Feltre torna in campo stasera per anticipare la gara di ritorno degli ottavi di finale. Con un piede gi\u00e0 ai quarti di finale, ai picchi baster\u00e0 vincere o pareggiare al PalaFeltre. Sulla carta una partita facile per i feltrini che termineranno l&#8217;anno con la sfida di Coppa Italia prima di tornare in campo nel 2024 con la seconda fase del campionato IHL.<\/p>\n<p>&nbsp;<\/p>\n<p><span style=\"color: #0000ff;\"><strong>PATTINAGGIO ARTISTICO<\/strong><\/span><\/p>\n<blockquote>\n<h3>FELTRE ON ICE: DOMANI IL GRANDE GIORNO<\/h3>\n<\/blockquote>\n<p><strong><a class=\"dt-pswp-item\" href=\"https:\/\/www.radiopiu.net\/wordpress\/wp-content\/uploads\/2020\/03\/Palaghiaccio-drio-le-Rive.jpg\" data-dt-img-description=\"\" data-large_image_width=\"1600\" data-large_image_height=\"1200\"><img loading=\"lazy\" decoding=\"async\" class=\" wp-image-119967 alignleft\" src=\"https:\/\/www.radiopiu.net\/wordpress\/wp-content\/uploads\/2020\/03\/Palaghiaccio-drio-le-Rive-300x225.jpg\" alt=\"\" width=\"191\" height=\"143\" srcset=\"https:\/\/www.radiopiu.net\/wordpress\/wp-content\/uploads\/2020\/03\/Palaghiaccio-drio-le-Rive-300x225.jpg 300w, https:\/\/www.radiopiu.net\/wordpress\/wp-content\/uploads\/2020\/03\/Palaghiaccio-drio-le-Rive-1024x768.jpg 1024w, https:\/\/www.radiopiu.net\/wordpress\/wp-content\/uploads\/2020\/03\/Palaghiaccio-drio-le-Rive-768x576.jpg 768w, https:\/\/www.radiopiu.net\/wordpress\/wp-content\/uploads\/2020\/03\/Palaghiaccio-drio-le-Rive-1536x1152.jpg 1536w, https:\/\/www.radiopiu.net\/wordpress\/wp-content\/uploads\/2020\/03\/Palaghiaccio-drio-le-Rive.jpg 1600w\" sizes=\"auto, (max-width: 191px) 100vw, 191px\" \/><\/a>FELTRE <\/strong>Per la prima volta nella storia, Feltre ospiter\u00e0 un evento di pattinaggio su ghiaccio internazionale, &#8220;Feltre on Ice&#8221;, domani all PalaFeltre. La serata inizier\u00e0 alle 20:00 e presenta esibizioni di campioni europei come Sara Conti e Nicol\u00f2 Macii, la coppia acrobatica Annette Dytrt e Yannick Bonheur, i vice-campioni italiani di danza Victoria Manni e Carlo R\u00f6thlisberger, e l&#8217;acrobata americano Philip Warren. La coppia d&#8217;artistico della Nazionale Italiana, Irma Caldara e Riccardo Maglio, insieme alla compagnia Ghiaccio Spettacolo, arricchiranno l&#8217;evento con coreografie mozzafiato. &#8220;Feltre on Ice&#8221; promette un&#8217;esperienza unica, unendo sport, arte ed emozione in una serata indimenticabile per gli appassionati di pattinaggio e per chi cerca spettacolo e eleganza sul ghiaccio.<\/p>\n<p>&nbsp;<\/p>\n<p><span style=\"color: #0000ff;\"><strong>SCI ALPINISMO<\/strong><\/span><\/p>\n<blockquote>\n<h3>A GENNAIO LA PRIMA SKIALP CAVERSON &#8211; PASSO VALLES<\/h3>\n<\/blockquote>\n<p><strong><a class=\"dt-pswp-item\" href=\"https:\/\/www.radiopiu.net\/wordpress\/wp-content\/uploads\/2023\/12\/SCR-20231228-jqob.png\" data-dt-img-description=\"\" data-large_image_width=\"1400\" data-large_image_height=\"842\"><img loading=\"lazy\" decoding=\"async\" class=\" wp-image-367819 alignleft\" src=\"https:\/\/www.radiopiu.net\/wordpress\/wp-content\/uploads\/2023\/12\/SCR-20231228-jqob-300x180.png\" alt=\"\" width=\"167\" height=\"100\" srcset=\"https:\/\/www.radiopiu.net\/wordpress\/wp-content\/uploads\/2023\/12\/SCR-20231228-jqob-300x180.png 300w, https:\/\/www.radiopiu.net\/wordpress\/wp-content\/uploads\/2023\/12\/SCR-20231228-jqob-1024x616.png 1024w, https:\/\/www.radiopiu.net\/wordpress\/wp-content\/uploads\/2023\/12\/SCR-20231228-jqob-768x462.png 768w, https:\/\/www.radiopiu.net\/wordpress\/wp-content\/uploads\/2023\/12\/SCR-20231228-jqob.png 1400w\" sizes=\"auto, (max-width: 167px) 100vw, 167px\" \/><\/a>FALCADE<\/strong> L\u2019ASD Giro delle Mura Citta\u0300 di Feltre, il Le Mura TIMEvents con la colla- borazione del Gruppo Sportivo Vigili del Fuoco di Belluno organizzano, per giovedi\u0300 11 gennaio 2024, la prima edizione della SkiAlp Caverson Passo Valles, gara di sci alpinismo solo in salita, aperta a tutti. Partenza presso l\u2019Albergo Dolomiti, localita\u0300 Caverson, Falcade, quota 1.535 m, salita lungo la \u201cPista degli Innamorati\u201d per circa 4.400 mt. e arrivo a Passo Valles, quota 2.032 m. Iscrizioni online sul sito www.retevvf.it\/skialp\/<\/p>\n<p>&nbsp;<\/p>\n","protected":false},"excerpt":{"rendered":"<p>***** &nbsp; 40esimo di RADIOPIU\u2026. LA VOCE DELL\u2019EMOZIONE ISCRIVITI AL NOSTRO CANALE\u00a0\u00a0YOUTUBE PER SEGUIRE IN DIRETTA I PRINCIPALI PROGRAMMI DI RADIO PIU\u2019 E LE FUTURE DIRETTE IN ESTERNA. PER ISCRIVERTI CLICCA QUI\u00a0E PREMI\u00a0 \u201cIscriviti\u201d\u00a0 \u00a0 \u00a0 PEDEMONTANA, NUOVO TRAGUARDO. TERMINATA LA GALLERIA DI MALO E NON SONO MANCATE LE DIFFICOLTA&#8217;, DA QUESTA SERA VIA LIBERA&hellip;<\/p>\n","protected":false},"author":4,"featured_media":367922,"comment_status":"closed","ping_status":"closed","sticky":false,"template":"","format":"standard","meta":{"_monsterinsights_skip_tracking":false,"_monsterinsights_sitenote_active":false,"_monsterinsights_sitenote_note":"","_monsterinsights_sitenote_category":0,"footnotes":""},"categories":[51,86,49],"tags":[],"class_list":["post-367758","post","type-post","status-publish","format-standard","has-post-thumbnail","hentry","category-evidenza-top","category-gr","category-news-18","category-51","category-86","category-49","description-off"],"img_url":"https:\/\/www.radiopiu.net\/wordpress\/wp-content\/uploads\/2023\/12\/WhatsApp-Image-2023-12-28-at-17.30.06-2.jpeg","_links":{"self":[{"href":"https:\/\/www.radiopiu.net\/wordpress\/wp-json\/wp\/v2\/posts\/367758","targetHints":{"allow":["GET"]}}],"collection":[{"href":"https:\/\/www.radiopiu.net\/wordpress\/wp-json\/wp\/v2\/posts"}],"about":[{"href":"https:\/\/www.radiopiu.net\/wordpress\/wp-json\/wp\/v2\/types\/post"}],"author":[{"embeddable":true,"href":"https:\/\/www.radiopiu.net\/wordpress\/wp-json\/wp\/v2\/users\/4"}],"replies":[{"embeddable":true,"href":"https:\/\/www.radiopiu.net\/wordpress\/wp-json\/wp\/v2\/comments?post=367758"}],"version-history":[{"count":0,"href":"https:\/\/www.radiopiu.net\/wordpress\/wp-json\/wp\/v2\/posts\/367758\/revisions"}],"wp:featuredmedia":[{"embeddable":true,"href":"https:\/\/www.radiopiu.net\/wordpress\/wp-json\/wp\/v2\/media\/367922"}],"wp:attachment":[{"href":"https:\/\/www.radiopiu.net\/wordpress\/wp-json\/wp\/v2\/media?parent=367758"}],"wp:term":[{"taxonomy":"category","embeddable":true,"href":"https:\/\/www.radiopiu.net\/wordpress\/wp-json\/wp\/v2\/categories?post=367758"},{"taxonomy":"post_tag","embeddable":true,"href":"https:\/\/www.radiopiu.net\/wordpress\/wp-json\/wp\/v2\/tags?post=367758"}],"curies":[{"name":"wp","href":"https:\/\/api.w.org\/{rel}","templated":true}]}}