{"id":367770,"date":"2023-12-28T05:35:17","date_gmt":"2023-12-28T04:35:17","guid":{"rendered":"https:\/\/www.radiopiu.net\/wordpress\/?p=367770"},"modified":"2023-12-28T06:11:51","modified_gmt":"2023-12-28T05:11:51","slug":"tristi-giorni-a-belluno-laddio-a-valerio-e-gastone","status":"publish","type":"post","link":"https:\/\/www.radiopiu.net\/wordpress\/tristi-giorni-a-belluno-laddio-a-valerio-e-gastone\/","title":{"rendered":"TRISTI GIORNI A BELLUNO, L&#8217;ADDIO A VALERIO E GASTONE"},"content":{"rendered":"<p>&nbsp;<\/p>\n<p>**<\/p>\n<p>&nbsp;<\/p>\n<blockquote>\n<h2><strong><a class=\"dt-pswp-item\" href=\"https:\/\/www.radiopiu.net\/wordpress\/wp-content\/uploads\/2023\/12\/Senza-nome-86.png\" data-dt-img-description=\"\" data-large_image_width=\"370\" data-large_image_height=\"280\"><img loading=\"lazy\" decoding=\"async\" class=\"wp-image-367631 alignleft\" src=\"https:\/\/www.radiopiu.net\/wordpress\/wp-content\/uploads\/2023\/12\/Senza-nome-86-300x227.png\" alt=\"\" width=\"170\" height=\"129\" srcset=\"https:\/\/www.radiopiu.net\/wordpress\/wp-content\/uploads\/2023\/12\/Senza-nome-86-300x227.png 300w, https:\/\/www.radiopiu.net\/wordpress\/wp-content\/uploads\/2023\/12\/Senza-nome-86.png 370w\" sizes=\"auto, (max-width: 170px) 100vw, 170px\" \/><\/a>Valerio Sani: Un Addio al Viaggiatore Appassionato<\/strong><\/h2>\n<\/blockquote>\n<p><strong>BELLUNO <\/strong>Il 77enne Valerio Sani ha intrapreso un nuovo viaggio, come annunciato dalla moglie Elisabetta e dal figlio Gianpaolo sull&#8217;epigrafe che annuncia i suoi funerali. La cerimonia si terr\u00e0 oggi pomeriggio alle 15.30 in cattedrale, mentre chi desidera salutare Sani potr\u00e0 farlo presso la casa funeraria De Dea Gelisio di via Sarajevo. Valerio Sani \u00e8 deceduto la sera del giorno di Natale, mentre si dedicava alla stesura del suo ultimo racconto. In perfetta sintonia con la sua passione per la natura, aveva trascorso la giornata sul monte Talvena e, da lass\u00f9, aveva chiamato suo figlio Gianpaolo per invitarlo a condividere un momento di meraviglia.<\/p>\n<p>&nbsp;<\/p>\n<hr \/>\n<p>&nbsp;<\/p>\n<p>&nbsp;<\/p>\n<blockquote>\n<h3 style=\"text-align: left;\"><a class=\"dt-pswp-item\" href=\"https:\/\/www.radiopiu.net\/wordpress\/wp-content\/uploads\/2023\/12\/Senza-nome-88.png\" data-dt-img-description=\"\" data-large_image_width=\"241\" data-large_image_height=\"252\"><img loading=\"lazy\" decoding=\"async\" class=\"wp-image-367769 alignleft\" src=\"https:\/\/www.radiopiu.net\/wordpress\/wp-content\/uploads\/2023\/12\/Senza-nome-88.png\" alt=\"\" width=\"139\" height=\"145\" \/><\/a>ADDIO PROFESSORE, E&#8217; MANCATO LO STIMATO INEGNERE<\/h3>\n<\/blockquote>\n<p><strong>BELLUNO<\/strong> Gastone Olivieri, stimato ingegnere e professore di fisica, \u00e8 scomparso all&#8217;et\u00e0 di 81 anni. Noto per il suo ruolo di insegnante presso l&#8217;Iti Segato negli anni Settanta e Ottanta, Olivieri era anche coinvolto nella ricostruzione post-terremoto e aveva lavorato come direttore tecnico degli impianti di risalita del Nevegal. Durante la sua carriera, ha occupato incarichi all&#8217;interno dell&#8217;ordine degli ingegneri e successivamente si \u00e8 dedicato alla gestione della discarica di Cordele e all&#8217;ecocentro di via del Boscon. Dopo essere stato ospite di una casa di riposo, \u00e8 deceduto poco prima di Natale. Lascia la moglie Anna e i figli Massimiliano e Alessandro. I funerali si terranno oggi alle 11 presso la basilica cattedrale.<\/p>\n<p>&nbsp;<\/p>\n<hr \/>\n<p>&nbsp;<\/p>\n","protected":false},"excerpt":{"rendered":"<p>&nbsp; ** &nbsp; Valerio Sani: Un Addio al Viaggiatore Appassionato BELLUNO Il 77enne Valerio Sani ha intrapreso un nuovo viaggio, come annunciato dalla moglie Elisabetta e dal figlio Gianpaolo sull&#8217;epigrafe che annuncia i suoi funerali. La cerimonia si terr\u00e0 oggi pomeriggio alle 15.30 in cattedrale, mentre chi desidera salutare Sani potr\u00e0 farlo presso la casa&hellip;<\/p>\n","protected":false},"author":4,"featured_media":367769,"comment_status":"closed","ping_status":"closed","sticky":false,"template":"","format":"standard","meta":{"_monsterinsights_skip_tracking":false,"_monsterinsights_sitenote_active":false,"_monsterinsights_sitenote_note":"","_monsterinsights_sitenote_category":0,"footnotes":""},"categories":[104,49],"tags":[],"class_list":["post-367770","post","type-post","status-publish","format-standard","has-post-thumbnail","hentry","category-evidenza_3","category-news-18","category-104","category-49","description-off"],"img_url":"https:\/\/www.radiopiu.net\/wordpress\/wp-content\/uploads\/2023\/12\/Senza-nome-88.png","_links":{"self":[{"href":"https:\/\/www.radiopiu.net\/wordpress\/wp-json\/wp\/v2\/posts\/367770","targetHints":{"allow":["GET"]}}],"collection":[{"href":"https:\/\/www.radiopiu.net\/wordpress\/wp-json\/wp\/v2\/posts"}],"about":[{"href":"https:\/\/www.radiopiu.net\/wordpress\/wp-json\/wp\/v2\/types\/post"}],"author":[{"embeddable":true,"href":"https:\/\/www.radiopiu.net\/wordpress\/wp-json\/wp\/v2\/users\/4"}],"replies":[{"embeddable":true,"href":"https:\/\/www.radiopiu.net\/wordpress\/wp-json\/wp\/v2\/comments?post=367770"}],"version-history":[{"count":0,"href":"https:\/\/www.radiopiu.net\/wordpress\/wp-json\/wp\/v2\/posts\/367770\/revisions"}],"wp:featuredmedia":[{"embeddable":true,"href":"https:\/\/www.radiopiu.net\/wordpress\/wp-json\/wp\/v2\/media\/367769"}],"wp:attachment":[{"href":"https:\/\/www.radiopiu.net\/wordpress\/wp-json\/wp\/v2\/media?parent=367770"}],"wp:term":[{"taxonomy":"category","embeddable":true,"href":"https:\/\/www.radiopiu.net\/wordpress\/wp-json\/wp\/v2\/categories?post=367770"},{"taxonomy":"post_tag","embeddable":true,"href":"https:\/\/www.radiopiu.net\/wordpress\/wp-json\/wp\/v2\/tags?post=367770"}],"curies":[{"name":"wp","href":"https:\/\/api.w.org\/{rel}","templated":true}]}}