{"id":367777,"date":"2023-12-28T05:38:53","date_gmt":"2023-12-28T04:38:53","guid":{"rendered":"https:\/\/www.radiopiu.net\/wordpress\/?p=367777"},"modified":"2023-12-28T10:51:56","modified_gmt":"2023-12-28T09:51:56","slug":"addio-ad-adele-caprani","status":"publish","type":"post","link":"https:\/\/www.radiopiu.net\/wordpress\/addio-ad-adele-caprani\/","title":{"rendered":"ADDIO AD ADELE CAPRANI, FONDATRICE  DI RADIO &#8220;ESSE&#8221;, LA SORELLINA DI RADIO PIU"},"content":{"rendered":"<p>\u00ec^^^<\/p>\n<p>&nbsp;<\/p>\n<p><strong>SEDICO<\/strong>\u00a0 Si \u00e8 spenta a 88 anni Adele Caprani, la mamma di Maurizio gi\u00e0 voce di Radio Pi\u00f9 e Radio Valbelluna, soprattutto di RADIO ESSE, storica emittente di Sedico dall vita breve. Autrice di libri di cucina e non solo, un&#8217;amica della radio pi\u00f9.<\/p>\n<p>&nbsp;<\/p>\n<blockquote>\n<h3>LA\u00a0 VERA STORIA DI RADIO ESSE, SCONOSCIUTA AI PIU&#8217;<\/h3>\n<\/blockquote>\n<p><strong><img loading=\"lazy\" decoding=\"async\" class=\"alignleft\" src=\"https:\/\/www.radiopiu.net\/wordpress\/wp-content\/uploads\/2023\/12\/Senza-nome-89.png\" width=\"180\" height=\"178\" \/>IN VAL BELLUNA<\/strong> 1988 Con Adele Caprani e il figlio Maurizio Da Rold nasce Radio Esse in Piazza della Vittoria a Sedico. E\u2019 durata qualche anno, Sedico non ha capito l\u2019importanza di vantare una Radio sul territorio e Adele si \u00e8 trovata sola, quindi costretta a cedere la frequenza. Il giorno dell\u2019inaugurazione di Radio Esse Sindaco e amministratori di allora fecero i complimenti, alzarono le \u201combre\u201d, mangiarono le tartine e promisero di sostenere il mezzo Radio&#8230; Per migliorare il segnale avevamo acceso un ponte Radio di trasferimento in una Casera in Val Morel da amici di Adele. Fu una soluzione ideale, poco costosa e poi la Legge Mamm\u00ec non era ancora stata approvata, pertanto si potevano accendere frequenze ogni giorno, pur senza disturbare gli altri. Radio Esse \u00e8 andata avanti finch\u00e9 ha potuto ripetendo spesso la programmazione di RADIO PI\u00d9, l\u2019hockey su ghiaccio soprattutto. Ma un bel giorno Radio Esse ha ceduto<br \/>\nla frequenza 92.000 MHz che, dopo una serie compravendite \u00e8 stata definitivamente acquisita da Radio NBC di Bolzano. \u201cMamma Adele era la proprietaria della Radio Esse &#8211; racconta Maurizio da Rold &#8211; una piccola emittente nata quasi per gioco. Con il tempo \u00e8 diventata una Radio a tutti gli effetti con una buona copertura nella Valbelluna, anche grazie al tuo aiuto Mirko, soprattutto nei primi periodi. Mamma si occupava di quasi tutto all\u2019interno della Radio, dalla rassegna stampa, alle rubriche d\u2019informazione. Faceva tutto lei, anche la gestione contabile. Io ero giovane, avevo 16 anni, era la mia prima esperienza radiofonica. Da \u201cgrande\u201d ho lavorato a Radio Valbelluna per due anni e mezzo&#8230; Quanto mi sono divertito\u201d.<\/p>\n<p>&nbsp;<\/p>\n<p>dal libro ODIO LA RADIO di mirko mezzacasa 2013<\/p>\n<p>___<\/p>\n","protected":false},"excerpt":{"rendered":"<p>\u00ec^^^ &nbsp; SEDICO\u00a0 Si \u00e8 spenta a 88 anni Adele Caprani, la mamma di Maurizio gi\u00e0 voce di Radio Pi\u00f9 e Radio Valbelluna, soprattutto di RADIO ESSE, storica emittente di Sedico dall vita breve. Autrice di libri di cucina e non solo, un&#8217;amica della radio pi\u00f9. &nbsp; LA\u00a0 VERA STORIA DI RADIO ESSE, SCONOSCIUTA AI&hellip;<\/p>\n","protected":false},"author":4,"featured_media":367778,"comment_status":"closed","ping_status":"closed","sticky":false,"template":"","format":"standard","meta":{"_monsterinsights_skip_tracking":false,"_monsterinsights_sitenote_active":false,"_monsterinsights_sitenote_note":"","_monsterinsights_sitenote_category":0,"footnotes":""},"categories":[104,49],"tags":[],"class_list":["post-367777","post","type-post","status-publish","format-standard","has-post-thumbnail","hentry","category-evidenza_3","category-news-18","category-104","category-49","description-off"],"img_url":"https:\/\/www.radiopiu.net\/wordpress\/wp-content\/uploads\/2023\/12\/Senza-nome-89.png","_links":{"self":[{"href":"https:\/\/www.radiopiu.net\/wordpress\/wp-json\/wp\/v2\/posts\/367777","targetHints":{"allow":["GET"]}}],"collection":[{"href":"https:\/\/www.radiopiu.net\/wordpress\/wp-json\/wp\/v2\/posts"}],"about":[{"href":"https:\/\/www.radiopiu.net\/wordpress\/wp-json\/wp\/v2\/types\/post"}],"author":[{"embeddable":true,"href":"https:\/\/www.radiopiu.net\/wordpress\/wp-json\/wp\/v2\/users\/4"}],"replies":[{"embeddable":true,"href":"https:\/\/www.radiopiu.net\/wordpress\/wp-json\/wp\/v2\/comments?post=367777"}],"version-history":[{"count":0,"href":"https:\/\/www.radiopiu.net\/wordpress\/wp-json\/wp\/v2\/posts\/367777\/revisions"}],"wp:featuredmedia":[{"embeddable":true,"href":"https:\/\/www.radiopiu.net\/wordpress\/wp-json\/wp\/v2\/media\/367778"}],"wp:attachment":[{"href":"https:\/\/www.radiopiu.net\/wordpress\/wp-json\/wp\/v2\/media?parent=367777"}],"wp:term":[{"taxonomy":"category","embeddable":true,"href":"https:\/\/www.radiopiu.net\/wordpress\/wp-json\/wp\/v2\/categories?post=367777"},{"taxonomy":"post_tag","embeddable":true,"href":"https:\/\/www.radiopiu.net\/wordpress\/wp-json\/wp\/v2\/tags?post=367777"}],"curies":[{"name":"wp","href":"https:\/\/api.w.org\/{rel}","templated":true}]}}