{"id":367930,"date":"2023-12-29T07:55:38","date_gmt":"2023-12-29T06:55:38","guid":{"rendered":"https:\/\/www.radiopiu.net\/wordpress\/?p=367930"},"modified":"2023-12-29T08:37:49","modified_gmt":"2023-12-29T07:37:49","slug":"dal-1983-la-rassegna-stampa-locale-di-mirko-mezzacasa-loriginale","status":"publish","type":"post","link":"https:\/\/www.radiopiu.net\/wordpress\/dal-1983-la-rassegna-stampa-locale-di-mirko-mezzacasa-loriginale\/","title":{"rendered":"DAL 1983 LA RASSEGNA STAMPA LOCALE di mirko mezzacasa. L&#8217;ORIGINALE"},"content":{"rendered":"<p>&nbsp;<\/p>\n<p><iframe loading=\"lazy\" title=\"DAL 1983 LA RASSEGNA STAMPA LOCALE di mirko mezzacasa. L&#039;ORIGINALE\" width=\"1200\" height=\"675\" src=\"https:\/\/www.youtube.com\/embed\/nRqUBW4lhUI?feature=oembed\" frameborder=\"0\" allow=\"accelerometer; autoplay; clipboard-write; encrypted-media; gyroscope; picture-in-picture; web-share\" allowfullscreen><\/iframe><\/p>\n<p>&nbsp;<\/p>\n<p>&nbsp;<\/p>\n<div class=\"flex-1 overflow-hidden\">\n<div class=\"react-scroll-to-bottom--css-zifql-79elbk h-full\">\n<div class=\"react-scroll-to-bottom--css-zifql-1n7m0yu\">\n<div class=\"flex flex-col pb-9 text-sm\">\n<div class=\"w-full text-token-text-primary\" data-testid=\"conversation-turn-25\">\n<div class=\"px-4 py-2 justify-center text-base md:gap-6 m-auto\">\n<div class=\"flex flex-1 text-base mx-auto gap-3 md:px-5 lg:px-1 xl:px-5 md:max-w-3xl lg:max-w-[40rem] xl:max-w-[48rem] group final-completion\">\n<div class=\"relative flex w-full flex-col lg:w-[calc(100%-115px)] agent-turn\">\n<div class=\"flex-col gap-1 md:gap-3\">\n<div class=\"flex flex-grow flex-col max-w-full\">\n<div class=\"text-message flex flex-col items-start gap-3 whitespace-pre-wrap break-words [.text-message+&amp;]:mt-5 overflow-x-auto\" data-message-author-role=\"assistant\" data-message-id=\"bc40b179-2d0e-45f7-b923-507457c1fba5\">\n<div class=\"markdown prose w-full break-words dark:prose-invert dark\">\n<table>\n<thead>\n<tr>\n<th>Titolo Notizia<\/th>\n<th>Contenuto<\/th>\n<\/tr>\n<\/thead>\n<tbody>\n<tr>\n<td><strong>Venezia Pedemontana: Nuovo Traguardo con la Conclusione della Galleria di Malo<\/strong><\/td>\n<td>Il progetto della Venezia Pedemontana raggiunge un nuovo traguardo con la conclusione della Galleria di Malo. Nonostante le difficolt\u00e0 incontrate, l&#8217;infrastruttura sar\u00e0 aperta al traffico veicolare a partire da questa sera. Un passo avanti significativo per migliorare la mobilit\u00e0 nella zona.<\/td>\n<\/tr>\n<tr>\n<td><strong>Domani i Funerali di Giuliano De Rocco a Canale d&#8217;Agordo<\/strong><\/td>\n<td>La comunit\u00e0 di Canale d&#8217;Agordo si prepara a salutare Giuliano De Rocco, il talentuoso pittore scomparso. I funerali del maestro, previsti per domani, offriranno un&#8217;occasione alla cittadinanza per onorare la memoria di un artista che ha ispirato generazioni con le sue opere.<\/td>\n<\/tr>\n<tr>\n<td><strong>Lutto nel Comando Provinciale dei Carabinieri di Belluno<\/strong><\/td>\n<td>Il Comando Provinciale dei Carabinieri di Belluno esprime il profondo dolore per la perdita dell&#8217;Appuntato Scelto Alessandro D\u2019Alfonso, colto da un improvviso malore mentre era in servizio. Nonostante i soccorsi immediati, il militare \u00e8 deceduto.<\/td>\n<\/tr>\n<tr>\n<td><strong>Incidente a Orzes: Tre Feriti e Lunga Chiusura della Strada<\/strong><\/td>\n<td>Un violento incidente tra Mas di Sedico e Belluno, ad Orzes, ha causato tre feriti. La strada \u00e8 rimasta chiusa per ore per consentire i soccorsi e la rimozione delle auto coinvolte. Le tre donne coinvolte sono state trasportate al San Martino di Belluno per le cure necessarie.<\/td>\n<\/tr>\n<tr>\n<td><strong>Incidente a Viale Pedavena: Violento Scontro tra Due Veicoli<\/strong><\/td>\n<td>Ieri mattina, un incidente violento ha coinvolto due giovani donne in viale Pedavena. La collisione tra un furgone Ford Transit e una Volkswagen Golf \u00e8 stata causata da un&#8217;incomprensione. Fortunatamente, gli airbag hanno evitato gravi conseguenze, e le donne coinvolte sono sotto accertamento medico.<\/td>\n<\/tr>\n<tr>\n<td><strong>Infortunio sul Sentiero della Musica: Soccorso per Dodicenne a Padola<\/strong><\/td>\n<td>Nel pomeriggio di ieri, una squadra del Soccorso alpino e della Guardia di finanza \u00e8 intervenuta per un infortunio lungo il Sentiero della Musica tra Padola e le Terme di Valgrande. Una dodicenne di Padova \u00e8 scivolata sul ghiaccio, ma \u00e8 stata prontamente soccorsa e trasportata per le cure necessarie.<\/td>\n<\/tr>\n<tr>\n<td><b>belluno baldenich<\/b><\/td>\n<td>Durante l&#8217;udienza presso il carcere cittadino di Baldenich, \u00e8 stato convalidato l&#8217;arresto del 60enne di Tambre, accusato di bracconaggio e porto illegale d&#8217;arma.<\/td>\n<\/tr>\n<tr>\n<td><strong>Pericolo di Caduta di Neve e Ghiaccio: Appello per la Sicurezza dell&#8217;Ex Albergo Pieve<\/strong><\/td>\n<td>A Livinallongo, si lancia un appello urgente per la sicurezza dell&#8217;ex Albergo Pieve, a causa del pericolo di caduta di neve e ghiaccio. Un invito affinch\u00e9 metta in sicurezza la struttura al fine di evitare eventuali incidenti.<\/td>\n<\/tr>\n<tr>\n<td><strong>Bilancio di Fine Anno per l&#8217;Assessore Regionale Gianpaolo Bottacin<\/strong><\/td>\n<td>L&#8217;assessore regionale Gianpaolo Bottacin fa il bilancio di fine anno, tirando le fila delle attivit\u00e0 svolte nel 2023. Un momento anche per lanciare chiari messaggi politici a partiti e territorio, delineando le prospettive per il futuro.<\/td>\n<\/tr>\n<tr>\n<td><strong>Rifugio Faloria di Cortina Sperimenta Progetto &#8220;Rifugi Sani e Sicuri&#8221;<\/strong><\/td>\n<td>Il rifugio Faloria di Cortina si prepara a sperimentare il progetto pilota nazionale &#8220;Rifugi Sani e Sicuri&#8221;. Dotato di tecnologie avanzate, il progetto sar\u00e0 attivo dall&#8217;estate prossima, con l&#8217;obiettivo di garantire sicurezza nei luoghi decentrati come i rifugi alpini.<\/td>\n<\/tr>\n<tr>\n<td><strong>Installazione di Colonnine per Auto Elettriche a Vallada<\/strong><\/td>\n<td>Vallada si prepara all&#8217;installazione di colonnine per la ricarica di auto elettriche. Un passo avanti verso la sostenibilit\u00e0 e la promozione di veicoli a emissioni zero<\/td>\n<\/tr>\n<tr>\n<td><strong>Telecamere all&#8217;Ecocentro di Feltre per Prevenire Intrusioni<\/strong><\/td>\n<td>L&#8217;Ecocentro di Feltre sar\u00e0 dotato di telecamere per rafforzare la sicurezza e prevenire intrusioni. Un investimento nella sicurezza delle importanti strutture ambientali e una misura per garantire una gestione sostenibile dei rifiuti.<\/td>\n<\/tr>\n<tr>\n<td><strong>Miglioramenti alla Linea Telefonica nell&#8217;Area Piandelmonte &#8211; Tassei &#8211; Medil e Ronce<\/strong><\/td>\n<td>TIM ha completato interventi di manutenzione straordinaria alla linea telefonica nell&#8217;area Piandelmonte &#8211; Tassei &#8211; Medil e Ronce, risolvendo un lungo disagio segnalato dagli abitanti.<\/td>\n<\/tr>\n<tr>\n<td><strong>Dicembre di Fuoco a Longarone Fiere Dolomiti con Cene di Natale<\/strong><\/td>\n<td>Longarone Fiere Dolomiti ha chiuso il calendario fieristico con la MIG, ma l&#8217;attivit\u00e0 non si ferma. Il dicembre \u00e8 stato caratterizzato da cene di Natale di aziende locali, tra cui Marcolin, De Rigo e Thelios, che hanno scelto la location della Fiera per festeggiare le ricorrenze di fine anno.<\/td>\n<\/tr>\n<tr>\n<td><strong>Creativit\u00e0 a Cencenighe: Albero di Natale con Centrini Fatti a Mano<\/strong><\/td>\n<td>Chi \u00e8 passato davanti al Municipio di Cencenighe ha potuto ammirare un albero di Natale speciale. Le signore che si ritrovano nella saletta sopra la Pro Loco hanno abbellito l&#8217;accesso al municipio con un albero diverso, decorato con tutti i centrini realizzati durante gli incontri.<\/td>\n<\/tr>\n<tr>\n<td><strong>Serata di Festa a Taibon per Salutare il 2023<\/strong><\/td>\n<td>Il Comitato San Cipriano e la Pro Loco di Taibon organizzano una serata di festa in Piazza San Cipriano per salutare tutti assieme il 2023. La popolazione \u00e8 invitata a partecipare, con dolci, bevande e intrattenimento. Un&#8217;occasione per condividere momenti di gioia e augurare un felice anno nuovo.<\/td>\n<\/tr>\n<tr>\n<td><strong>Dominator Night ai Piani di Pezz\u00e8: Snowcross e Spettacolo Notturno<\/strong><\/td>\n<td>Il 5 gennaio ai Piani di Pezz\u00e8 si terr\u00e0 la &#8220;Dominator Night&#8221;, uno spettacolo di snowcross con la partecipazione di 14 piloti tra i migliori d&#8217;Europa. L&#8217;evento, che inizia alle 21:30, sar\u00e0 seguito dalle premiazioni e da un dj set fino all&#8217;1:30. La cabinovia sar\u00e0 aperta a pagamento dalle 20:30 all&#8217;1:30.<\/td>\n<\/tr>\n<tr>\n<td><strong>Concerto Natalizio a Canale d&#8217;Agordo con Giovani Talenti e Ensemble Vocale<\/strong><\/td>\n<td>A Canale d&#8217;Agordo si terr\u00e0 un concerto natalizio nella chiesa arcipretale di San Giovanni Battista. L&#8217;evento, ad ingresso libero, vedr\u00e0 esibirsi due cori di giovani talenti. Il primo gruppo \u00e8 composto da 14 ragazzi tra i 20 e i 30 anni con la passione per la musica e il canto. Il secondo coro, l&#8217;Ensemble vocale Calycanthus Concentus, \u00e8 attivo da quindici anni dedicandosi al repertorio sacro.<\/td>\n<\/tr>\n<tr>\n<td><strong>Festa con Morgan e Battaglia al Ristobar Ghegi di Gosaldo<\/strong><\/td>\n<td>Il Ristobar Ghegi di Forcella Aurine ospiter\u00e0 una festa con i DJ Morgan e Battaglia. L&#8217;aperitivo in Apr\u00e8s Ski inizier\u00e0 alle 17 e proseguir\u00e0 fino a notte inoltrata con drinks, food e cocktail. Un&#8217;occasione per festeggiare e accogliere il nuovo anno con musica e divertimento.<\/td>\n<\/tr>\n<tr>\n<td><strong>Intervista di Fine Anno al Presidente dell&#8217;Unione Montana Agordina Paolo Frena<\/strong><\/td>\n<td>Alle 12:30 del 31 dicembre e alle 12:00 del primo gennaio, l&#8217;intervista di fine anno al Presidente dell&#8217;Unione Montana Agordina Paolo Frena andr\u00e0 in onda in esclusiva su radiopiu. Un&#8217;opportunit\u00e0 per riflettere sulle sfide affrontate nel 2023 e per progettare il futuro dell&#8217;Unione Montana.<\/td>\n<\/tr>\n<\/tbody>\n<\/table>\n<\/div>\n<\/div>\n<\/div>\n<div class=\"mt-1 flex justify-start gap-3 empty:hidden\">\n<div class=\"text-gray-400 flex self-end lg:self-center justify-center lg:justify-start mt-0 gap-1 visible\">\n<p>&nbsp;<\/p>\n<div class=\"flex gap-1\"><img decoding=\"async\" class=\"aligncenter\" src=\"https:\/\/www.radiopiu.net\/wordpress\/wp-content\/uploads\/2023\/12\/COPERTINA-10.png\" \/><\/div>\n<div class=\"flex items-center gap-1.5 text-xs\"><\/div>\n<\/div>\n<\/div>\n<\/div>\n<\/div>\n<\/div>\n<\/div>\n<\/div>\n<\/div>\n<\/div>\n<\/div>\n<\/div>\n<div class=\"w-full pt-2 md:pt-0 dark:border-white\/20 md:border-transparent md:dark:border-transparent md:w-[calc(100%-.5rem)]\">\n<form class=\"stretch mx-2 flex flex-row gap-3 last:mb-2 md:mx-4 md:last:mb-6 lg:mx-auto lg:max-w-2xl xl:max-w-3xl\">\n<div class=\"relative flex h-full flex-1 items-stretch md:flex-col\">\n<div class=\"flex w-full items-center\"><\/div>\n<\/div>\n<\/form>\n<\/div>\n","protected":false},"excerpt":{"rendered":"<p>&nbsp; &nbsp; &nbsp; Titolo Notizia Contenuto Venezia Pedemontana: Nuovo Traguardo con la Conclusione della Galleria di Malo Il progetto della Venezia Pedemontana raggiunge un nuovo traguardo con la conclusione della Galleria di Malo. Nonostante le difficolt\u00e0 incontrate, l&#8217;infrastruttura sar\u00e0 aperta al traffico veicolare a partire da questa sera. Un passo avanti significativo per migliorare la&hellip;<\/p>\n","protected":false},"author":4,"featured_media":367931,"comment_status":"closed","ping_status":"closed","sticky":false,"template":"","format":"standard","meta":{"_monsterinsights_skip_tracking":false,"_monsterinsights_sitenote_active":false,"_monsterinsights_sitenote_note":"","_monsterinsights_sitenote_category":0,"footnotes":""},"categories":[104,49,142],"tags":[],"class_list":["post-367930","post","type-post","status-publish","format-standard","has-post-thumbnail","hentry","category-evidenza_3","category-news-18","category-rassegna-stampa","category-104","category-49","category-142","description-off"],"img_url":"https:\/\/www.radiopiu.net\/wordpress\/wp-content\/uploads\/2023\/12\/COPERTINA-10.png","_links":{"self":[{"href":"https:\/\/www.radiopiu.net\/wordpress\/wp-json\/wp\/v2\/posts\/367930","targetHints":{"allow":["GET"]}}],"collection":[{"href":"https:\/\/www.radiopiu.net\/wordpress\/wp-json\/wp\/v2\/posts"}],"about":[{"href":"https:\/\/www.radiopiu.net\/wordpress\/wp-json\/wp\/v2\/types\/post"}],"author":[{"embeddable":true,"href":"https:\/\/www.radiopiu.net\/wordpress\/wp-json\/wp\/v2\/users\/4"}],"replies":[{"embeddable":true,"href":"https:\/\/www.radiopiu.net\/wordpress\/wp-json\/wp\/v2\/comments?post=367930"}],"version-history":[{"count":0,"href":"https:\/\/www.radiopiu.net\/wordpress\/wp-json\/wp\/v2\/posts\/367930\/revisions"}],"wp:featuredmedia":[{"embeddable":true,"href":"https:\/\/www.radiopiu.net\/wordpress\/wp-json\/wp\/v2\/media\/367931"}],"wp:attachment":[{"href":"https:\/\/www.radiopiu.net\/wordpress\/wp-json\/wp\/v2\/media?parent=367930"}],"wp:term":[{"taxonomy":"category","embeddable":true,"href":"https:\/\/www.radiopiu.net\/wordpress\/wp-json\/wp\/v2\/categories?post=367930"},{"taxonomy":"post_tag","embeddable":true,"href":"https:\/\/www.radiopiu.net\/wordpress\/wp-json\/wp\/v2\/tags?post=367930"}],"curies":[{"name":"wp","href":"https:\/\/api.w.org\/{rel}","templated":true}]}}