{"id":367990,"date":"2023-12-30T05:31:14","date_gmt":"2023-12-30T04:31:14","guid":{"rendered":"https:\/\/www.radiopiu.net\/wordpress\/?p=367990"},"modified":"2023-12-30T05:43:55","modified_gmt":"2023-12-30T04:43:55","slug":"recuperati-cinque-ragazzi-in-difficolta","status":"publish","type":"post","link":"https:\/\/www.radiopiu.net\/wordpress\/recuperati-cinque-ragazzi-in-difficolta\/","title":{"rendered":"RECUPERATI CINQUE RAGAZZI IN DIFFICOLTA&#8217;"},"content":{"rendered":"<p>******<\/p>\n<p>&nbsp;<\/p>\n<p><strong><a class=\"dt-pswp-item\" href=\"https:\/\/www.radiopiu.net\/wordpress\/wp-content\/uploads\/2018\/08\/soccorsoalpino.jpg\" data-dt-img-description=\"\" data-large_image_width=\"1200\" data-large_image_height=\"1200\"><img loading=\"lazy\" decoding=\"async\" class=\" wp-image-59164 alignleft\" src=\"https:\/\/www.radiopiu.net\/wordpress\/wp-content\/uploads\/2018\/08\/soccorsoalpino-300x300.jpg\" alt=\"\" width=\"169\" height=\"169\" srcset=\"https:\/\/www.radiopiu.net\/wordpress\/wp-content\/uploads\/2018\/08\/soccorsoalpino-300x300.jpg 300w, https:\/\/www.radiopiu.net\/wordpress\/wp-content\/uploads\/2018\/08\/soccorsoalpino-150x150.jpg 150w, https:\/\/www.radiopiu.net\/wordpress\/wp-content\/uploads\/2018\/08\/soccorsoalpino-768x768.jpg 768w, https:\/\/www.radiopiu.net\/wordpress\/wp-content\/uploads\/2018\/08\/soccorsoalpino-1024x1024.jpg 1024w, https:\/\/www.radiopiu.net\/wordpress\/wp-content\/uploads\/2018\/08\/soccorsoalpino.jpg 1200w\" sizes=\"auto, (max-width: 169px) 100vw, 169px\" \/><\/a>CALALZO DI CADORE <\/strong>Ieri verso le 19 la Centrale del Suem \u00e8 stata contattata da cinque ragazzi veronesi, che non sapevano dove si trovavano in mezzo alla neve e chiedevano indicazioni. Non riuscendo ad avere informazioni precise sulla loro destinazione, n\u00e9 sul punto di partenza, se non un generico parcheggio del Cadore, dalla Centrale sono risaliti alle coordinate della posizione in cui si trovavano, a un centinaio di metri di distanza dal Rifugio Galassi. I ragazzi, di et\u00e0 compresa tra i 17 e i 19 anni, sono stati quindi guidati fino all&#8217;edificio, per trovare ricovero nel bivacco invernale aperto, che poi &#8211; si \u00e8 appurato oggi &#8211; era veramente la loro meta. Questa mattina alle 7.45 circa, i cinque hanno richiamato il 118, dicendo che uno di loro aveva dolori alle gambe e non erano in grado di rientrare autonomamente. L&#8217;elicottero del Suem di Pieve di Cadore \u00e8 quindi decollato per poi atterrare nelle vicinanze della struttura. In due rotazioni ha quindi trasportato a valle i ragazzi, che calzavano scarpe inadeguate, non indossavano abbigliamento adatto all&#8217;ambiente invernale e portavano una sacca da viaggio a testa.<\/p>\n<p dir=\"auto\"><strong>ZOLDO ALTO <\/strong>Ieri pomeriggio verso le 16 \u00e8 scattato un altro allarme: una quindicenne di Trebaseleghe (PD) era caduta dal bob e si era fatta male nella zona di Zoldo Alto. Capito che l&#8217;incidente era avvenuto lungo la vecchia pista da sci in localit\u00e0 Palma, \u00e8 stato chiesto l&#8217;intervento del Soccorso alpino della Val di Zoldo, poich\u00e9 per la presenza di nubi a 1.400 metri di quota non era certo l&#8217;avvicinamento dell&#8217;elicottero, n\u00e9 dell&#8217;ambulanza vista la possibilit\u00e0 di ghiaccio sulla strada. La giovane, che era con altre persone, \u00e8 stata raggiunta dai soccorritori e da equipe medica e tecnico di elisoccorso, che sono riusciti ad essere sbarcati con un verricello. Stabilizzata per un possibile trauma lombare, la ragazza \u00e8 stata imbarellata, trasferita nell&#8217;ambulanza e trasportata dove era atterrato l&#8217;elicottero, volato poi a Belluno.<\/p>\n<p dir=\"auto\">\n<p dir=\"auto\">\n<p dir=\"auto\">*******<\/p>\n","protected":false},"excerpt":{"rendered":"<p>****** &nbsp; CALALZO DI CADORE Ieri verso le 19 la Centrale del Suem \u00e8 stata contattata da cinque ragazzi veronesi, che non sapevano dove si trovavano in mezzo alla neve e chiedevano indicazioni. Non riuscendo ad avere informazioni precise sulla loro destinazione, n\u00e9 sul punto di partenza, se non un generico parcheggio del Cadore, dalla&hellip;<\/p>\n","protected":false},"author":4,"featured_media":59164,"comment_status":"closed","ping_status":"closed","sticky":false,"template":"","format":"standard","meta":{"_monsterinsights_skip_tracking":false,"_monsterinsights_sitenote_active":false,"_monsterinsights_sitenote_note":"","_monsterinsights_sitenote_category":0,"footnotes":""},"categories":[51,49],"tags":[],"class_list":["post-367990","post","type-post","status-publish","format-standard","has-post-thumbnail","hentry","category-evidenza-top","category-news-18","category-51","category-49","description-off"],"img_url":"https:\/\/www.radiopiu.net\/wordpress\/wp-content\/uploads\/2018\/08\/soccorsoalpino.jpg","_links":{"self":[{"href":"https:\/\/www.radiopiu.net\/wordpress\/wp-json\/wp\/v2\/posts\/367990","targetHints":{"allow":["GET"]}}],"collection":[{"href":"https:\/\/www.radiopiu.net\/wordpress\/wp-json\/wp\/v2\/posts"}],"about":[{"href":"https:\/\/www.radiopiu.net\/wordpress\/wp-json\/wp\/v2\/types\/post"}],"author":[{"embeddable":true,"href":"https:\/\/www.radiopiu.net\/wordpress\/wp-json\/wp\/v2\/users\/4"}],"replies":[{"embeddable":true,"href":"https:\/\/www.radiopiu.net\/wordpress\/wp-json\/wp\/v2\/comments?post=367990"}],"version-history":[{"count":0,"href":"https:\/\/www.radiopiu.net\/wordpress\/wp-json\/wp\/v2\/posts\/367990\/revisions"}],"wp:featuredmedia":[{"embeddable":true,"href":"https:\/\/www.radiopiu.net\/wordpress\/wp-json\/wp\/v2\/media\/59164"}],"wp:attachment":[{"href":"https:\/\/www.radiopiu.net\/wordpress\/wp-json\/wp\/v2\/media?parent=367990"}],"wp:term":[{"taxonomy":"category","embeddable":true,"href":"https:\/\/www.radiopiu.net\/wordpress\/wp-json\/wp\/v2\/categories?post=367990"},{"taxonomy":"post_tag","embeddable":true,"href":"https:\/\/www.radiopiu.net\/wordpress\/wp-json\/wp\/v2\/tags?post=367990"}],"curies":[{"name":"wp","href":"https:\/\/api.w.org\/{rel}","templated":true}]}}