{"id":368062,"date":"2024-01-02T05:43:32","date_gmt":"2024-01-02T04:43:32","guid":{"rendered":"https:\/\/www.radiopiu.net\/wordpress\/?p=368062"},"modified":"2024-01-02T08:48:03","modified_gmt":"2024-01-02T07:48:03","slug":"giornale-radiopiu-02-gennaio-2024-direttore-mirko-mezzacasada-40-anni-25-giugno-1983-25-giugno-2023","status":"publish","type":"post","link":"https:\/\/www.radiopiu.net\/wordpress\/giornale-radiopiu-02-gennaio-2024-direttore-mirko-mezzacasada-40-anni-25-giugno-1983-25-giugno-2023\/","title":{"rendered":"GIORNALE RADIOPIU 02 GENNAIO 2024 DIRETTORE MIRKO MEZZACASA\u2026DA 40 ANNI 25 GIUGNO 1983-25 GIUGNO 2023"},"content":{"rendered":"<h1>***<\/h1>\n<h1><\/h1>\n<h1 class=\"entry-title photoswipe-wrapper\"><strong><a class=\"dt-pswp-item\" href=\"https:\/\/www.radiopiu.net\/wordpress\/wp-content\/uploads\/2023\/12\/logo-radio.jpg\" data-dt-img-description=\"\" data-large_image_width=\"800\" data-large_image_height=\"600\"><img loading=\"lazy\" decoding=\"async\" class=\"wp-image-367163 alignleft\" src=\"https:\/\/www.radiopiu.net\/wordpress\/wp-content\/uploads\/2023\/12\/logo-radio-300x225.jpg\" alt=\"\" width=\"109\" height=\"82\" srcset=\"https:\/\/www.radiopiu.net\/wordpress\/wp-content\/uploads\/2023\/12\/logo-radio-300x225.jpg 300w, https:\/\/www.radiopiu.net\/wordpress\/wp-content\/uploads\/2023\/12\/logo-radio-768x576.jpg 768w, https:\/\/www.radiopiu.net\/wordpress\/wp-content\/uploads\/2023\/12\/logo-radio.jpg 800w\" sizes=\"auto, (max-width: 109px) 100vw, 109px\" \/><\/a><\/strong><\/h1>\n<h1 class=\"entry-title photoswipe-wrapper\">40esimo di RADIOPIU\u2026. LA VOCE DELL\u2019EMOZIONE<\/h1>\n<h2><span style=\"color: #ff0000;\">ISCRIVITI AL NOSTRO CANALE\u00a0\u00a0YOUTUBE PER SEGUIRE IN DIRETTA I PRINCIPALI PROGRAMMI DI RADIO PIU\u2019 E LE FUTURE DIRETTE IN ESTERNA. PER ISCRIVERTI <a style=\"color: #ff0000;\" href=\"https:\/\/youtube.com\/@radiopiu1527\">CLICCA QUI\u00a0<\/a>E PREMI\u00a0 \u201cIscriviti\u201d\u00a0\u00a0<\/span><\/h2>\n<p>&nbsp;<\/p>\n<p>&nbsp;<\/p>\n<p>&nbsp;<\/p>\n<hr \/>\n<p>&nbsp;<\/p>\n<blockquote>\n<blockquote>\n<h1><span style=\"color: #ff0000;\">i podcast informativi del mattino &#8211; audio &#8211;\u00a0<\/span><\/h1>\n<\/blockquote>\n<p><strong><a class=\"dt-pswp-item\" href=\"https:\/\/www.radiopiu.net\/wordpress\/wp-content\/uploads\/2023\/11\/th-10.jpg\" data-dt-img-description=\"\" data-large_image_width=\"320\" data-large_image_height=\"180\"><img loading=\"lazy\" decoding=\"async\" class=\"wp-image-362866 alignleft\" src=\"https:\/\/www.radiopiu.net\/wordpress\/wp-content\/uploads\/2023\/11\/th-10-300x169.jpg\" alt=\"\" width=\"185\" height=\"104\" srcset=\"https:\/\/www.radiopiu.net\/wordpress\/wp-content\/uploads\/2023\/11\/th-10-300x169.jpg 300w, https:\/\/www.radiopiu.net\/wordpress\/wp-content\/uploads\/2023\/11\/th-10.jpg 320w\" sizes=\"auto, (max-width: 185px) 100vw, 185px\" \/><\/a>LA RASSEGNA STAMPA NAZIONALE ALLA RADIO, OGNI GIORNO ALLE 5 E ALLE 6 DEL MATTINO <span style=\"color: #0000ff;\">viene pubblicata alle 6.00 <span style=\"color: #ff0000;\">DIRETTA RADIO<\/span><\/span><\/strong><\/p><\/blockquote>\n<p>Terremoto in Giappone, almeno 6 persone sono morte per il<br \/>\ncrollo delle abitazioni seguito alle scosse di manitudo 7.5 e 6.2.<br \/>\nLa guerra e medioriente si continua a combattere soprattutto nel sud della striscia. Papa Francesco invoca il rispetto e la valorizzazione delle donne durante la messa di Capodanno. Notte di Capodanno violenta in Italia: 274 feriti, aumento del 52% rispetto al 2023, una persona morta per proiettile alla testa e un&#8217;altra con taglio alla gola. Saldi invernali in arrivo, con previsioni di spese per lo shopping scontato di circa 5 miliardi di euro.<\/p>\n<p><strong>AUDIO<\/strong><\/p>\n<audio class=\"wp-audio-shortcode\" id=\"audio-368062-1\" preload=\"none\" style=\"width: 100%;\" controls=\"controls\"><source type=\"audio\/mpeg\" src=\"https:\/\/www.radiopiu.net\/wordpress\/wp-content\/uploads\/2024\/01\/GIORNALEDELLESEI.mp3?_=1\" \/><a href=\"https:\/\/www.radiopiu.net\/wordpress\/wp-content\/uploads\/2024\/01\/GIORNALEDELLESEI.mp3\">https:\/\/www.radiopiu.net\/wordpress\/wp-content\/uploads\/2024\/01\/GIORNALEDELLESEI.mp3<\/a><\/audio>\n<p>&nbsp;<\/p>\n<p>&nbsp;<\/p>\n<p><strong><a class=\"dt-pswp-item\" href=\"https:\/\/www.radiopiu.net\/wordpress\/wp-content\/uploads\/2023\/12\/images.png\" data-dt-img-description=\"\" data-large_image_width=\"316\" data-large_image_height=\"160\"><img loading=\"lazy\" decoding=\"async\" class=\"wp-image-367008 alignleft\" src=\"https:\/\/www.radiopiu.net\/wordpress\/wp-content\/uploads\/2023\/12\/images-300x152.png\" alt=\"\" width=\"235\" height=\"119\" srcset=\"https:\/\/www.radiopiu.net\/wordpress\/wp-content\/uploads\/2023\/12\/images-300x152.png 300w, https:\/\/www.radiopiu.net\/wordpress\/wp-content\/uploads\/2023\/12\/images.png 316w\" sizes=\"auto, (max-width: 235px) 100vw, 235px\" \/><\/a>OGNI GIORNO ALLE SETTE DEL MATTINO, LA RASSEGNA STAMPA LOCALE FLASH&#8230; PER CHI VA IN FRETTA. I TITOLI DAI GIORNALI E DAL SITO WWW.RADIOPIU.NET <span style=\"color: #0000ff;\">viene pubblicato alle 7.00<\/span> <span style=\"color: #ff0000;\">DIRETTA RADIO\u00a0<\/span><\/strong><\/p>\n<p><em><span style=\"color: #ff0000;\">per chi va in fretta&#8230; tante notizie in pochi minuti\u00a0<\/span><\/em><\/p>\n<p>&nbsp;<\/p>\n<p>&nbsp;<\/p>\n<audio class=\"wp-audio-shortcode\" id=\"audio-368062-2\" preload=\"none\" style=\"width: 100%;\" controls=\"controls\"><source type=\"audio\/mpeg\" src=\"https:\/\/www.radiopiu.net\/wordpress\/wp-content\/uploads\/2024\/01\/GF07.mp3?_=2\" \/><a href=\"https:\/\/www.radiopiu.net\/wordpress\/wp-content\/uploads\/2024\/01\/GF07.mp3\">https:\/\/www.radiopiu.net\/wordpress\/wp-content\/uploads\/2024\/01\/GF07.mp3<\/a><\/audio>\n<p>&nbsp;<\/p>\n<p>&nbsp;<\/p>\n<blockquote><p><strong><a class=\"dt-pswp-item\" href=\"https:\/\/www.radiopiu.net\/wordpress\/wp-content\/uploads\/2021\/07\/microfono-radio-ok-768x448-768x448-1.jpg\" data-dt-img-description=\"\" data-large_image_width=\"768\" data-large_image_height=\"448\"><img loading=\"lazy\" decoding=\"async\" class=\"wp-image-220632 alignleft\" src=\"https:\/\/www.radiopiu.net\/wordpress\/wp-content\/uploads\/2021\/07\/microfono-radio-ok-768x448-768x448-1-300x175.jpg\" alt=\"\" width=\"178\" height=\"104\" srcset=\"https:\/\/www.radiopiu.net\/wordpress\/wp-content\/uploads\/2021\/07\/microfono-radio-ok-768x448-768x448-1-300x175.jpg 300w, https:\/\/www.radiopiu.net\/wordpress\/wp-content\/uploads\/2021\/07\/microfono-radio-ok-768x448-768x448-1.jpg 768w\" sizes=\"auto, (max-width: 178px) 100vw, 178px\" \/><\/a>GIORNALE RADIO NAZIONALE, EDIZIONE DELLE SETTE <span style=\"color: #0000ff;\">viene pubblicato alle 7.05 <span style=\"color: #ff0000;\">DIRETTA RADIO\u00a0<\/span><\/span><\/strong><\/p><\/blockquote>\n<p>&nbsp;<\/p>\n<p>&nbsp;<\/p>\n<p><strong>AUDIO\u00a0\u00a0<\/strong><\/p>\n<audio class=\"wp-audio-shortcode\" id=\"audio-368062-3\" preload=\"none\" style=\"width: 100%;\" controls=\"controls\"><source type=\"audio\/mpeg\" src=\"https:\/\/www.radiopiu.net\/wordpress\/wp-content\/uploads\/2024\/01\/giornale07.mp3?_=3\" \/><a href=\"https:\/\/www.radiopiu.net\/wordpress\/wp-content\/uploads\/2024\/01\/giornale07.mp3\">https:\/\/www.radiopiu.net\/wordpress\/wp-content\/uploads\/2024\/01\/giornale07.mp3<\/a><\/audio>\n<p>&nbsp;<\/p>\n<blockquote>\n<h2><strong><a class=\"dt-pswp-item\" href=\"https:\/\/www.radiopiu.net\/wordpress\/wp-content\/uploads\/2023\/12\/th-10.jpg\" data-dt-img-description=\"\" data-large_image_width=\"245\" data-large_image_height=\"180\"><img loading=\"lazy\" decoding=\"async\" class=\" wp-image-367395 alignleft\" src=\"https:\/\/www.radiopiu.net\/wordpress\/wp-content\/uploads\/2023\/12\/th-10.jpg\" alt=\"\" width=\"166\" height=\"122\" \/><\/a>RASSEGNA STAMPA LOCALE, ORE OTTO 05<\/strong><\/h2>\n<h2><strong> <span style=\"color: #0000ff;\">viene\u00a0 <\/span><\/strong><strong><span style=\"color: #0000ff;\">pubblicata alle 8.05 <span style=\"color: #ff0000;\">DIRETTA RADIO\u00a0<\/span><\/span><\/strong><\/h2>\n<\/blockquote>\n<h1><\/h1>\n<p>&nbsp;<\/p>\n<p>&nbsp;<\/p>\n<p><iframe loading=\"lazy\" title=\"DAL 1983 LA RASSEGNA STAMPA LOCALE di mirko mezzacasa. L&#039;ORIGINALE\" width=\"1200\" height=\"675\" src=\"https:\/\/www.youtube.com\/embed\/nETgKrW3W6g?feature=oembed\" frameborder=\"0\" allow=\"accelerometer; autoplay; clipboard-write; encrypted-media; gyroscope; picture-in-picture; web-share\" allowfullscreen><\/iframe><\/p>\n<p>&nbsp;<\/p>\n<hr \/>\n<p>&nbsp;<\/p>\n<p>&nbsp;<\/p>\n<p><a class=\"dt-pswp-item\" href=\"https:\/\/www.radiopiu.net\/wordpress\/wp-content\/uploads\/2023\/10\/34f4cfc6-e863-46e9-9695-8df44be63421.jpg\" data-dt-img-description=\"\" data-large_image_width=\"1200\" data-large_image_height=\"1200\"><img loading=\"lazy\" decoding=\"async\" class=\"wp-image-357393 alignleft\" src=\"https:\/\/www.radiopiu.net\/wordpress\/wp-content\/uploads\/2023\/10\/34f4cfc6-e863-46e9-9695-8df44be63421-300x300.jpg\" alt=\"\" width=\"81\" height=\"81\" srcset=\"https:\/\/www.radiopiu.net\/wordpress\/wp-content\/uploads\/2023\/10\/34f4cfc6-e863-46e9-9695-8df44be63421-300x300.jpg 300w, https:\/\/www.radiopiu.net\/wordpress\/wp-content\/uploads\/2023\/10\/34f4cfc6-e863-46e9-9695-8df44be63421-1024x1024.jpg 1024w, https:\/\/www.radiopiu.net\/wordpress\/wp-content\/uploads\/2023\/10\/34f4cfc6-e863-46e9-9695-8df44be63421-150x150.jpg 150w, https:\/\/www.radiopiu.net\/wordpress\/wp-content\/uploads\/2023\/10\/34f4cfc6-e863-46e9-9695-8df44be63421-768x768.jpg 768w, https:\/\/www.radiopiu.net\/wordpress\/wp-content\/uploads\/2023\/10\/34f4cfc6-e863-46e9-9695-8df44be63421.jpg 1200w\" sizes=\"auto, (max-width: 81px) 100vw, 81px\" \/><\/a>OGGI ALLA RADIO: <strong>ALLE 7<\/strong> LA RASSEGNA STAMPA LOCALE FLASH, PER CHI COME NOI ALLE SETTE DEL MATTINO VA DI FRETTA, TANTE NOTIZIE IN POCHE CHIACCHIERE. <strong>ALLE OTTO<\/strong> L&#8217;APPROFONDIMENTO NELLA STORICA RASSEGNA STAMPA LOCALE.\u00a0 DALLE 6 ALLE 21, OGNI ORA, L&#8217;INFORMAZIONE NAZIONALE, l&#8217;informazione locale, ALLE 10 flash. 11flash. 14 viabilit\u00e0. 15meteo. 16flash. 17flash. 18flash. 19 i titoli di Antenna 3<\/p>\n<p>&nbsp;<\/p>\n<p>&nbsp;<\/p>\n<hr \/>\n<p>&nbsp;<\/p>\n<blockquote>\n<h2><a class=\"dt-pswp-item\" href=\"https:\/\/www.radiopiu.net\/wordpress\/wp-content\/uploads\/2021\/05\/203e932f-d79d-423b-a9df-af7325d671e8.jpg\" data-dt-img-description=\"\" data-large_image_width=\"1599\" data-large_image_height=\"899\"><img loading=\"lazy\" decoding=\"async\" class=\"wp-image-212226 alignleft\" src=\"https:\/\/www.radiopiu.net\/wordpress\/wp-content\/uploads\/2021\/05\/203e932f-d79d-423b-a9df-af7325d671e8-300x169.jpg\" alt=\"\" width=\"119\" height=\"67\" srcset=\"https:\/\/www.radiopiu.net\/wordpress\/wp-content\/uploads\/2021\/05\/203e932f-d79d-423b-a9df-af7325d671e8-300x169.jpg 300w, https:\/\/www.radiopiu.net\/wordpress\/wp-content\/uploads\/2021\/05\/203e932f-d79d-423b-a9df-af7325d671e8-1024x576.jpg 1024w, https:\/\/www.radiopiu.net\/wordpress\/wp-content\/uploads\/2021\/05\/203e932f-d79d-423b-a9df-af7325d671e8-768x432.jpg 768w, https:\/\/www.radiopiu.net\/wordpress\/wp-content\/uploads\/2021\/05\/203e932f-d79d-423b-a9df-af7325d671e8-1536x864.jpg 1536w, https:\/\/www.radiopiu.net\/wordpress\/wp-content\/uploads\/2021\/05\/203e932f-d79d-423b-a9df-af7325d671e8.jpg 1599w\" sizes=\"auto, (max-width: 119px) 100vw, 119px\" \/><\/a>31 DICEMBRE 2023<\/h2>\n<\/blockquote>\n<p>82 chiamate alla centrale del Suem:\u00a0 incidenti, problemi sanitari e sindromi influenzali. A Cortina incidente tra due motoslitte,\u00a0 tre incidenti su strada nella zona di Cortina. Anche nella zona del Nevegal, ci sono state richieste legate a festeggiamenti &#8220;esagerati&#8221;, senza feriti gravi. I vigili del fuoco hanno affrontato una trentina di interventi, principalmente per incendi causati da petardi e auto in difficolt\u00e0 a causa della neve tra Cortina e S. Stefano<\/p>\n<p>&nbsp;<\/p>\n<blockquote>\n<h3>FIAMME A DOMEGGE DI CADORE<\/h3>\n<\/blockquote>\n<p>Fuoco la mattina di San Silvestro,\u00a0 a causa di braci non completamente spente, al terzo piano di un condominio in via Roma. L&#8217;allarme \u00e8 scattato alle 10.40 quando i padroni di casa hanno notato l&#8217;incendio causato probabilmente dallo scarico imprudente di un caminetto o di una stufa. I danni sono limitati alla terrazza e a un divano del salotto, ma l&#8217;acqua utilizzata per lo spegnimento ha provocato qualche problema. Fortunatamente, non ci sono intossicati o ustionati, evitando la chiamata al 118.<\/p>\n<p>&nbsp;<\/p>\n<hr \/>\n<blockquote>\n<h3><\/h3>\n<h3>INCIDENTE A LENTIAI, TRE AUTO COINVOLTE E CINQUE FERITI<\/h3>\n<\/blockquote>\n<p><strong>BORGO VALBELLUNA<\/strong> Sabato alle 17, si \u00e8 verificato un grave incidente in localit\u00e0 Molini, zona Lentiai, nel comune di Borgo Valbelluna. Lo scontro tra le auto ha causato lunghe code e il blocco del traffico sulla strada provinciale 1bis tra Molinello e Villapiana. Sul posto sono intervenuti i vigili del fuoco e i soccorritori del 118, compreso l&#8217;intervento dell&#8217;elicottero del Suem. Cinque persone sono rimaste ferite. I pompieri arrivati dal distaccamento di Feltre e con i volontari del basso feltrino, hanno messo in sicurezza i mezzi ed estratto da un\u2019autovettura su cui viaggiavano quattro persone, tra cui una donna rimasta gravemente ferita ed elitrasportata all&#8217;ospedale di Treviso. Ferito anche l\u2019autista dell\u2019altra auto. Illeso il conducente dell\u2019auto coinvolta in modo parziale. Tutti i feriti sono stati stabilizzati dai sanitari del Suem e trasferiti da cinque ambulanze in ospedale. I carabinieri hanno deviato il traffico della provinciale rimasta chiusa per circa due ore ed eseguito i rilievi del sinistro. Le operazioni di soccorso dei vigili del fuoco sono terminate alle 19:45.<\/p>\n\n\t\t\t<style type='text\/css'>\n\t\t\t\t#gallery-1 {\n\t\t\t\t\tmargin: auto;\n\t\t\t\t}\n\t\t\t\t#gallery-1 .gallery-item {\n\t\t\t\t\tfloat: left;\n\t\t\t\t\tmargin-top: 10px;\n\t\t\t\t\ttext-align: center;\n\t\t\t\t\twidth: 33%;\n\t\t\t\t}\n\t\t\t\t#gallery-1 img {\n\t\t\t\t\tborder: 2px solid #cfcfcf;\n\t\t\t\t}\n\t\t\t\t#gallery-1 .gallery-caption {\n\t\t\t\t\tmargin-left: 0;\n\t\t\t\t}\n\t\t\t\t\/* see gallery_shortcode() in wp-includes\/media.php *\/\n\t\t\t<\/style>\n\t\t<div id='gallery-1' class='dt-gallery-container gallery galleryid-368062 gallery-columns-3 gallery-size-medium'><dl class='gallery-item'>\n\t\t\t\t<dt class='gallery-icon landscape'>\n\t\t\t\t\t<a class=\"rollover rollover-zoom dt-pswp-item\" title=\"08b41536-1d67-4b4e-9c48-5b7a3e723e3f\" data-dt-img-description=\"\" data-large_image_width=\"1200\" data-large_image_height=\"803\"href='https:\/\/www.radiopiu.net\/wordpress\/wp-content\/uploads\/2023\/12\/08b41536-1d67-4b4e-9c48-5b7a3e723e3f.jpg'><img loading=\"lazy\" decoding=\"async\" width=\"300\" height=\"201\" src=\"https:\/\/www.radiopiu.net\/wordpress\/wp-content\/uploads\/2023\/12\/08b41536-1d67-4b4e-9c48-5b7a3e723e3f-300x201.jpg\" class=\"attachment-medium size-medium\" alt=\"\" srcset=\"https:\/\/www.radiopiu.net\/wordpress\/wp-content\/uploads\/2023\/12\/08b41536-1d67-4b4e-9c48-5b7a3e723e3f-300x201.jpg 300w, https:\/\/www.radiopiu.net\/wordpress\/wp-content\/uploads\/2023\/12\/08b41536-1d67-4b4e-9c48-5b7a3e723e3f-1024x685.jpg 1024w, https:\/\/www.radiopiu.net\/wordpress\/wp-content\/uploads\/2023\/12\/08b41536-1d67-4b4e-9c48-5b7a3e723e3f-768x514.jpg 768w, https:\/\/www.radiopiu.net\/wordpress\/wp-content\/uploads\/2023\/12\/08b41536-1d67-4b4e-9c48-5b7a3e723e3f.jpg 1200w\" sizes=\"auto, (max-width: 300px) 100vw, 300px\" \/><\/a>\n\t\t\t\t<\/dt><\/dl><dl class='gallery-item'>\n\t\t\t\t<dt class='gallery-icon landscape'>\n\t\t\t\t\t<a class=\"rollover rollover-zoom dt-pswp-item\" title=\"20c9a1f3-ff2b-4f4e-8574-89d7962548d7\" data-dt-img-description=\"\" data-large_image_width=\"1200\" data-large_image_height=\"773\"href='https:\/\/www.radiopiu.net\/wordpress\/wp-content\/uploads\/2023\/12\/20c9a1f3-ff2b-4f4e-8574-89d7962548d7.jpg'><img loading=\"lazy\" decoding=\"async\" width=\"300\" height=\"193\" src=\"https:\/\/www.radiopiu.net\/wordpress\/wp-content\/uploads\/2023\/12\/20c9a1f3-ff2b-4f4e-8574-89d7962548d7-300x193.jpg\" class=\"attachment-medium size-medium\" alt=\"\" srcset=\"https:\/\/www.radiopiu.net\/wordpress\/wp-content\/uploads\/2023\/12\/20c9a1f3-ff2b-4f4e-8574-89d7962548d7-300x193.jpg 300w, https:\/\/www.radiopiu.net\/wordpress\/wp-content\/uploads\/2023\/12\/20c9a1f3-ff2b-4f4e-8574-89d7962548d7-1024x660.jpg 1024w, https:\/\/www.radiopiu.net\/wordpress\/wp-content\/uploads\/2023\/12\/20c9a1f3-ff2b-4f4e-8574-89d7962548d7-768x495.jpg 768w, https:\/\/www.radiopiu.net\/wordpress\/wp-content\/uploads\/2023\/12\/20c9a1f3-ff2b-4f4e-8574-89d7962548d7.jpg 1200w\" sizes=\"auto, (max-width: 300px) 100vw, 300px\" \/><\/a>\n\t\t\t\t<\/dt><\/dl><dl class='gallery-item'>\n\t\t\t\t<dt class='gallery-icon landscape'>\n\t\t\t\t\t<a class=\"rollover rollover-zoom dt-pswp-item\" title=\"576e53a6-6e1d-4c08-ab90-0746a5b47b2e\" data-dt-img-description=\"\" data-large_image_width=\"1600\" data-large_image_height=\"1028\"href='https:\/\/www.radiopiu.net\/wordpress\/wp-content\/uploads\/2023\/12\/576e53a6-6e1d-4c08-ab90-0746a5b47b2e.jpg'><img loading=\"lazy\" decoding=\"async\" width=\"300\" height=\"193\" src=\"https:\/\/www.radiopiu.net\/wordpress\/wp-content\/uploads\/2023\/12\/576e53a6-6e1d-4c08-ab90-0746a5b47b2e-300x193.jpg\" class=\"attachment-medium size-medium\" alt=\"\" srcset=\"https:\/\/www.radiopiu.net\/wordpress\/wp-content\/uploads\/2023\/12\/576e53a6-6e1d-4c08-ab90-0746a5b47b2e-300x193.jpg 300w, https:\/\/www.radiopiu.net\/wordpress\/wp-content\/uploads\/2023\/12\/576e53a6-6e1d-4c08-ab90-0746a5b47b2e-1024x658.jpg 1024w, https:\/\/www.radiopiu.net\/wordpress\/wp-content\/uploads\/2023\/12\/576e53a6-6e1d-4c08-ab90-0746a5b47b2e-768x493.jpg 768w, https:\/\/www.radiopiu.net\/wordpress\/wp-content\/uploads\/2023\/12\/576e53a6-6e1d-4c08-ab90-0746a5b47b2e-1536x987.jpg 1536w, https:\/\/www.radiopiu.net\/wordpress\/wp-content\/uploads\/2023\/12\/576e53a6-6e1d-4c08-ab90-0746a5b47b2e.jpg 1600w\" sizes=\"auto, (max-width: 300px) 100vw, 300px\" \/><\/a>\n\t\t\t\t<\/dt><\/dl><br style=\"clear: both\" \/>\n\t\t\t<\/div>\n\n<p>&nbsp;<\/p>\n<p>&nbsp;<\/p>\n<hr \/>\n<p>&nbsp;<\/p>\n<p>&nbsp;<\/p>\n<blockquote>\n<h3><a class=\"dt-pswp-item\" href=\"https:\/\/www.radiopiu.net\/wordpress\/wp-content\/uploads\/2024\/01\/e4ebd9c4-6e62-48b6-a1f3-d4c76ec360ce.jpg\" data-dt-img-description=\"\" data-large_image_width=\"2048\" data-large_image_height=\"1536\"><img loading=\"lazy\" decoding=\"async\" class=\"wp-image-368299 alignleft\" src=\"https:\/\/www.radiopiu.net\/wordpress\/wp-content\/uploads\/2024\/01\/e4ebd9c4-6e62-48b6-a1f3-d4c76ec360ce-300x225.jpg\" alt=\"\" width=\"217\" height=\"163\" srcset=\"https:\/\/www.radiopiu.net\/wordpress\/wp-content\/uploads\/2024\/01\/e4ebd9c4-6e62-48b6-a1f3-d4c76ec360ce-300x225.jpg 300w, https:\/\/www.radiopiu.net\/wordpress\/wp-content\/uploads\/2024\/01\/e4ebd9c4-6e62-48b6-a1f3-d4c76ec360ce-1024x768.jpg 1024w, https:\/\/www.radiopiu.net\/wordpress\/wp-content\/uploads\/2024\/01\/e4ebd9c4-6e62-48b6-a1f3-d4c76ec360ce-768x576.jpg 768w, https:\/\/www.radiopiu.net\/wordpress\/wp-content\/uploads\/2024\/01\/e4ebd9c4-6e62-48b6-a1f3-d4c76ec360ce-1536x1152.jpg 1536w, https:\/\/www.radiopiu.net\/wordpress\/wp-content\/uploads\/2024\/01\/e4ebd9c4-6e62-48b6-a1f3-d4c76ec360ce.jpg 2048w\" sizes=\"auto, (max-width: 217px) 100vw, 217px\" \/><\/a>INCIDENTE ALLE PORTE DI AGORDO: CINQUE FERITI DI CUI UNO GRAVE<\/h3>\n<div class=\"articlePlainText\"><em>La Volkswagen viaggiava in direzione di Belluno quando si \u00e8 scontrata con la Audi A1 che saliva verso il capoluogo di vallata: un salto di corsia, stando alle prime ricostruzioni, all&#8217;origine dell&#8217;incidente. La Polo arancione con targa tedesca che aveva occupato la corsia opposta, protetta a sinistra da un muro, e l&#8217;Audi che non avrebbe potuto evitare l&#8217;impatto, tra l&#8217;altro immettendosi sul piccolo tratto dritto della 203 dopo la curva a destra. La 203 Agordina \u00e8 rimasta bloccata al traffico per oltre un&#8217;ora e code si sono formate in entrata e in uscita di Agordo.\u00a0<\/em><\/div>\n<\/blockquote>\n<p><strong><em><a class=\"dt-pswp-item\" href=\"https:\/\/www.radiopiu.net\/wordpress\/wp-content\/uploads\/2024\/01\/c1ad0fdf-ddd7-4e41-9b03-43dccc555bc4.jpg\" data-dt-img-description=\"\" data-large_image_width=\"2000\" data-large_image_height=\"1125\"><img loading=\"lazy\" decoding=\"async\" class=\" wp-image-368194 alignleft\" src=\"https:\/\/www.radiopiu.net\/wordpress\/wp-content\/uploads\/2024\/01\/c1ad0fdf-ddd7-4e41-9b03-43dccc555bc4-300x169.jpg\" alt=\"\" width=\"208\" height=\"117\" srcset=\"https:\/\/www.radiopiu.net\/wordpress\/wp-content\/uploads\/2024\/01\/c1ad0fdf-ddd7-4e41-9b03-43dccc555bc4-300x169.jpg 300w, https:\/\/www.radiopiu.net\/wordpress\/wp-content\/uploads\/2024\/01\/c1ad0fdf-ddd7-4e41-9b03-43dccc555bc4-1024x576.jpg 1024w, https:\/\/www.radiopiu.net\/wordpress\/wp-content\/uploads\/2024\/01\/c1ad0fdf-ddd7-4e41-9b03-43dccc555bc4-768x432.jpg 768w, https:\/\/www.radiopiu.net\/wordpress\/wp-content\/uploads\/2024\/01\/c1ad0fdf-ddd7-4e41-9b03-43dccc555bc4-1536x864.jpg 1536w, https:\/\/www.radiopiu.net\/wordpress\/wp-content\/uploads\/2024\/01\/c1ad0fdf-ddd7-4e41-9b03-43dccc555bc4.jpg 2000w\" sizes=\"auto, (max-width: 208px) 100vw, 208px\" \/><\/a>RED<\/em>AZIONE<\/strong> Grave incidente a Pragrande fronte Villa Imperina questa mattina poco prima delle 10. La strada che porta al centro di Agordo \u00e8 rimasta chiusa per consentire i soccorsi. Sono 5 le persone rimaste coinvolte nello scontro, tutte da fuori provincia: Asolo, Montebelluna e Venezia. Ad avere la peggio un 22, rumeno di origine, residente ad Agordo dove lavora \u00e8\u00a0 stato elitrasportato a Belluno con ferite gravi. I pompieri arrivati dal locale distaccamento, hanno messo in sicurezza e soccorso le cinque persone coinvolte nel sinistro, che sono state prese in cura dal personale del Suem. I feriti una volta stabilizzati sono stati trasferiti in ospedale, tra cui una persona in codice rosso. I carabinieri di Cencenighe hanno deviato il traffico ed eseguito i rilievi del sinistro. Le operazioni di soccorso dei vigili del fuoco sono terminate dopo circa due ore e mezza con la rimozione dei mezzi da parte del soccorso stradale.<\/p>\n\n\t\t\t<style type='text\/css'>\n\t\t\t\t#gallery-2 {\n\t\t\t\t\tmargin: auto;\n\t\t\t\t}\n\t\t\t\t#gallery-2 .gallery-item {\n\t\t\t\t\tfloat: left;\n\t\t\t\t\tmargin-top: 10px;\n\t\t\t\t\ttext-align: center;\n\t\t\t\t\twidth: 33%;\n\t\t\t\t}\n\t\t\t\t#gallery-2 img {\n\t\t\t\t\tborder: 2px solid #cfcfcf;\n\t\t\t\t}\n\t\t\t\t#gallery-2 .gallery-caption {\n\t\t\t\t\tmargin-left: 0;\n\t\t\t\t}\n\t\t\t\t\/* see gallery_shortcode() in wp-includes\/media.php *\/\n\t\t\t<\/style>\n\t\t<div id='gallery-2' class='dt-gallery-container gallery galleryid-368062 gallery-columns-3 gallery-size-medium'><dl class='gallery-item'>\n\t\t\t\t<dt class='gallery-icon landscape'>\n\t\t\t\t\t<a class=\"rollover rollover-zoom dt-pswp-item\" title=\"a0b81f92-4fc4-4a1e-8227-e82973695918\" data-dt-img-description=\"\" data-large_image_width=\"1108\" data-large_image_height=\"721\"href='https:\/\/www.radiopiu.net\/wordpress\/wp-content\/uploads\/2024\/01\/a0b81f92-4fc4-4a1e-8227-e82973695918.jpg'><img loading=\"lazy\" decoding=\"async\" width=\"300\" height=\"195\" src=\"https:\/\/www.radiopiu.net\/wordpress\/wp-content\/uploads\/2024\/01\/a0b81f92-4fc4-4a1e-8227-e82973695918-300x195.jpg\" class=\"attachment-medium size-medium\" alt=\"\" srcset=\"https:\/\/www.radiopiu.net\/wordpress\/wp-content\/uploads\/2024\/01\/a0b81f92-4fc4-4a1e-8227-e82973695918-300x195.jpg 300w, https:\/\/www.radiopiu.net\/wordpress\/wp-content\/uploads\/2024\/01\/a0b81f92-4fc4-4a1e-8227-e82973695918-1024x666.jpg 1024w, https:\/\/www.radiopiu.net\/wordpress\/wp-content\/uploads\/2024\/01\/a0b81f92-4fc4-4a1e-8227-e82973695918-768x500.jpg 768w, https:\/\/www.radiopiu.net\/wordpress\/wp-content\/uploads\/2024\/01\/a0b81f92-4fc4-4a1e-8227-e82973695918.jpg 1108w\" sizes=\"auto, (max-width: 300px) 100vw, 300px\" \/><\/a>\n\t\t\t\t<\/dt><\/dl><dl class='gallery-item'>\n\t\t\t\t<dt class='gallery-icon landscape'>\n\t\t\t\t\t<a class=\"rollover rollover-zoom dt-pswp-item\" title=\"0a8ef5a5-5705-487c-ac24-48461e06591d\" data-dt-img-description=\"\" data-large_image_width=\"1078\" data-large_image_height=\"721\"href='https:\/\/www.radiopiu.net\/wordpress\/wp-content\/uploads\/2024\/01\/0a8ef5a5-5705-487c-ac24-48461e06591d.jpg'><img loading=\"lazy\" decoding=\"async\" width=\"300\" height=\"201\" src=\"https:\/\/www.radiopiu.net\/wordpress\/wp-content\/uploads\/2024\/01\/0a8ef5a5-5705-487c-ac24-48461e06591d-300x201.jpg\" class=\"attachment-medium size-medium\" alt=\"\" srcset=\"https:\/\/www.radiopiu.net\/wordpress\/wp-content\/uploads\/2024\/01\/0a8ef5a5-5705-487c-ac24-48461e06591d-300x201.jpg 300w, https:\/\/www.radiopiu.net\/wordpress\/wp-content\/uploads\/2024\/01\/0a8ef5a5-5705-487c-ac24-48461e06591d-1024x685.jpg 1024w, https:\/\/www.radiopiu.net\/wordpress\/wp-content\/uploads\/2024\/01\/0a8ef5a5-5705-487c-ac24-48461e06591d-768x514.jpg 768w, https:\/\/www.radiopiu.net\/wordpress\/wp-content\/uploads\/2024\/01\/0a8ef5a5-5705-487c-ac24-48461e06591d.jpg 1078w\" sizes=\"auto, (max-width: 300px) 100vw, 300px\" \/><\/a>\n\t\t\t\t<\/dt><\/dl><dl class='gallery-item'>\n\t\t\t\t<dt class='gallery-icon landscape'>\n\t\t\t\t\t<a class=\"rollover rollover-zoom dt-pswp-item\" title=\"7bc0218e-68b6-483c-83a5-d6b607bb94dc\" data-dt-img-description=\"\" data-large_image_width=\"1027\" data-large_image_height=\"643\"href='https:\/\/www.radiopiu.net\/wordpress\/wp-content\/uploads\/2024\/01\/7bc0218e-68b6-483c-83a5-d6b607bb94dc.jpg'><img loading=\"lazy\" decoding=\"async\" width=\"300\" height=\"188\" src=\"https:\/\/www.radiopiu.net\/wordpress\/wp-content\/uploads\/2024\/01\/7bc0218e-68b6-483c-83a5-d6b607bb94dc-300x188.jpg\" class=\"attachment-medium size-medium\" alt=\"\" srcset=\"https:\/\/www.radiopiu.net\/wordpress\/wp-content\/uploads\/2024\/01\/7bc0218e-68b6-483c-83a5-d6b607bb94dc-300x188.jpg 300w, https:\/\/www.radiopiu.net\/wordpress\/wp-content\/uploads\/2024\/01\/7bc0218e-68b6-483c-83a5-d6b607bb94dc-1024x641.jpg 1024w, https:\/\/www.radiopiu.net\/wordpress\/wp-content\/uploads\/2024\/01\/7bc0218e-68b6-483c-83a5-d6b607bb94dc-768x481.jpg 768w, https:\/\/www.radiopiu.net\/wordpress\/wp-content\/uploads\/2024\/01\/7bc0218e-68b6-483c-83a5-d6b607bb94dc.jpg 1027w\" sizes=\"auto, (max-width: 300px) 100vw, 300px\" \/><\/a>\n\t\t\t\t<\/dt><\/dl><br style=\"clear: both\" \/>\n\t\t\t<\/div>\n\n<p>&nbsp;<\/p>\n<hr \/>\n<p>&nbsp;<\/p>\n<blockquote>\n<h3>L&#8217;ULTIMA NOTTE DI ANDREA, MALORE AL CENONE<\/h3>\n<\/blockquote>\n<p>&nbsp;<\/p>\n<p><strong>SANTA GIUSTINA<\/strong> La notte di Capodanno si \u00e8 trasformata in una tragedia con la scomparsa improvvisa del 51enne Andrea Locatelli. Mentre festeggiava l&#8217;arrivo del nuovo anno con gli amici nella frazione di Callibago, Locatelli \u00e8 stato colpito da un infarto. Nonostante l&#8217;intervento tempestivo dei sanitari del 118 e il trasferimento all&#8217;ospedale San Martino di Belluno, purtroppo per lui non c&#8217;\u00e8 stato nulla da fare.\u00a0 Padre di due ragazze di 23 e 20 anni con l&#8217;ex moglie Elena, che ieri lo ha salutato commossa su Facebook con le parole <em>&#8220;Sorprendi sempre&#8230; ciao Andrea.&#8221;<\/em>\u00a0 Locatelli ha gestito diversi pub nella zona, tra cui il Valentino nella frazione di Tallandino e l&#8217;Alpino nel centro di Mel. Appassionato di calcio, era spesso presente nei campi da gioco, specialmente al Gemelle<\/p>\n<p>&nbsp;<\/p>\n<p><a class=\"dt-pswp-item\" href=\"https:\/\/www.radiopiu.net\/wordpress\/wp-content\/uploads\/2024\/01\/416117012_10233176266935173_3047284502584174772_n.jpg\" data-dt-img-description=\"\" data-large_image_width=\"604\" data-large_image_height=\"402\"><img loading=\"lazy\" decoding=\"async\" class=\"size-medium wp-image-368304 aligncenter\" src=\"https:\/\/www.radiopiu.net\/wordpress\/wp-content\/uploads\/2024\/01\/416117012_10233176266935173_3047284502584174772_n-300x200.jpg\" alt=\"\" width=\"300\" height=\"200\" srcset=\"https:\/\/www.radiopiu.net\/wordpress\/wp-content\/uploads\/2024\/01\/416117012_10233176266935173_3047284502584174772_n-300x200.jpg 300w, https:\/\/www.radiopiu.net\/wordpress\/wp-content\/uploads\/2024\/01\/416117012_10233176266935173_3047284502584174772_n.jpg 604w\" sizes=\"auto, (max-width: 300px) 100vw, 300px\" \/><\/a><\/p>\n<p><em>Andrea, voglio ricordati con questa foto, La tua BIRRERIA BAZZOKA (nostro 1 sponsor ) nel 2005 dove abbiamo dato vita ad un gruppo fantastico di amici e ancora oggi in campo , quanti tornei , quante vittorie , quante feste , quante risate , per te noi eravamo I RAGAZZI , la tua passione per la Juventus , e chiudo con la tua citazione , esiste solo un grande giocatore , e quel giocatore siamo io e zando , grazie di tutto e fai buon viaggio un abbraccio LOCAZ,<\/em><\/p>\n<div class=\"x78zum5 xdt5ytf x4cne27 xifccgj\">\n<div class=\"xzueoph x1k70j0n\"><span class=\"x193iq5w xeuugli x13faqbe x1vvkbs x1xmvt09 x1603h9y x1u7k74 x1xlr1w8 xzsf02u x1yc453h\">Fabio El Thorpe Zando<\/span><\/div>\n<\/div>\n<p>&nbsp;<\/p>\n<p>&nbsp;<\/p>\n<p>&nbsp;<\/p>\n<hr \/>\n<p>&nbsp;<\/p>\n<blockquote>\n<h3>Addio a Aldo Pisacane: Il Pizzaiolo Che Ha Conquistato Belluno Con Passione e Innovazione<\/h3>\n<\/blockquote>\n<p><a class=\"dt-pswp-item\" href=\"https:\/\/www.radiopiu.net\/wordpress\/wp-content\/uploads\/2024\/01\/Senza-nome-1.png\" data-dt-img-description=\"\" data-large_image_width=\"251\" data-large_image_height=\"310\"><img loading=\"lazy\" decoding=\"async\" class=\"wp-image-368296 alignleft\" src=\"https:\/\/www.radiopiu.net\/wordpress\/wp-content\/uploads\/2024\/01\/Senza-nome-1-243x300.png\" alt=\"\" width=\"92\" height=\"114\" srcset=\"https:\/\/www.radiopiu.net\/wordpress\/wp-content\/uploads\/2024\/01\/Senza-nome-1-243x300.png 243w, https:\/\/www.radiopiu.net\/wordpress\/wp-content\/uploads\/2024\/01\/Senza-nome-1.png 251w\" sizes=\"auto, (max-width: 92px) 100vw, 92px\" \/><\/a><strong>BELLUNO<\/strong> Il noto pizzaiolo Aldo Pisacane, 61 anni, originario di Agerola, Napoli, e parte di una celebre dinastia di pizzaioli a Belluno, \u00e8 scomparso dopo una lunga lotta contro una malattia incurabile. Gestiva con successo la pizzeria Terzo Millennio a Castion insieme alla moglie Raffaella. I funerali si terranno domani a Castion, la famiglia ringrazia il personale ospedaliero e accetta offerte per l&#8217;Adimed, l&#8217;Assistenza domiciliare integrata medica. La scomparsa di Pisacane segue di pochi giorni quella di Camillo Villani, un altro pioniere della ristorazione napoletana in citt\u00e0.<\/p>\n<p>&nbsp;<\/p>\n<hr \/>\n<p>&nbsp;<\/p>\n<blockquote>\n<h3>ADDIO A MARIETTO, SOCIO CAI AGORDO<\/h3>\n<\/blockquote>\n<p><a class=\"dt-pswp-item\" href=\"https:\/\/www.radiopiu.net\/wordpress\/wp-content\/uploads\/2024\/01\/Senza-nome-2.png\" data-dt-img-description=\"\" data-large_image_width=\"241\" data-large_image_height=\"136\"><img loading=\"lazy\" decoding=\"async\" class=\"wp-image-368297 alignleft\" src=\"https:\/\/www.radiopiu.net\/wordpress\/wp-content\/uploads\/2024\/01\/Senza-nome-2.png\" alt=\"\" width=\"154\" height=\"87\" \/><\/a><strong>AGORDO<\/strong> \u00c8 deceduto\u00a0 Mario &#8220;Marietto&#8221; Pederiva, 69 anni, appassionato di montagna, noto socio del Cai di Agordo, residente a Funer di Valdobbiadene.. Mario Pederiva lascia la sorella Mirella, il cognato Mario, nipoti e pronipoti. Il funerale oggi alle 15 nel duomo di Valdobbiadene, dove il feretro arriver\u00e0 dall&#8217;ospedale di Feltre.<\/p>\n<p>&nbsp;<\/p>\n<p>&nbsp;<\/p>\n<hr \/>\n<p>&nbsp;<\/p>\n<blockquote>\n<h3>L&#8217;ULTIMO SALUTO A GIULIANO DE ROCCO, IL PITTORE DI CANALE D&#8217;AGORDO<\/h3>\n<\/blockquote>\n<p><strong><a class=\"dt-pswp-item\" href=\"https:\/\/www.radiopiu.net\/wordpress\/wp-content\/uploads\/2023\/12\/62c4b610-452a-46c4-bd8c-e372544c5954.jpg\" data-dt-img-description=\"\" data-large_image_width=\"1024\" data-large_image_height=\"756\"><img loading=\"lazy\" decoding=\"async\" class=\" wp-image-368104 alignleft\" src=\"https:\/\/www.radiopiu.net\/wordpress\/wp-content\/uploads\/2023\/12\/62c4b610-452a-46c4-bd8c-e372544c5954-300x221.jpg\" alt=\"\" width=\"198\" height=\"146\" srcset=\"https:\/\/www.radiopiu.net\/wordpress\/wp-content\/uploads\/2023\/12\/62c4b610-452a-46c4-bd8c-e372544c5954-300x221.jpg 300w, https:\/\/www.radiopiu.net\/wordpress\/wp-content\/uploads\/2023\/12\/62c4b610-452a-46c4-bd8c-e372544c5954-768x567.jpg 768w, https:\/\/www.radiopiu.net\/wordpress\/wp-content\/uploads\/2023\/12\/62c4b610-452a-46c4-bd8c-e372544c5954.jpg 1024w\" sizes=\"auto, (max-width: 198px) 100vw, 198px\" \/><\/a>CANALE D&#8217;AGORDO<\/strong> C&#8217;era un intero paese, ma non solo, per dare l&#8217;ultimo saluto a Giuliano De Rocco, il pittore di Canale D&#8217;Agordo che si \u00e8 spento in Casa di Soggiorno a Taibon Agordino. Una chiesa gremita per la funzione religiosa eseguita da Don Vito De Vido assieme al Vescovo Emerito Giuseppe Andrich. Il parroco di Canale D&#8217;Agordo ha voluto ricordare l&#8217;artista con un&#8217;omelia improntata sui segni che lasciamo tutti noi quando siamo in vita e che rimarranno in eterno. Il Vescovo Emerito Giuseppe Andrich ha ricordato la figura di Giuliano De Rocco ricordando le opere dell&#8217;artista al Centro Giovanni XXIII di Belluno e ricordando la sua amicizia con De Rocco visti i pochi anni di differenza.<\/p>\n<p><strong>L&#8217;OMELIA DI DON VITO DE VIDO<\/strong><\/p>\n<audio class=\"wp-audio-shortcode\" id=\"audio-368062-4\" preload=\"none\" style=\"width: 100%;\" controls=\"controls\"><source type=\"audio\/mpeg\" src=\"https:\/\/www.radiopiu.net\/wordpress\/wp-content\/uploads\/2023\/12\/DON-VITO.mp3?_=4\" \/><a href=\"https:\/\/www.radiopiu.net\/wordpress\/wp-content\/uploads\/2023\/12\/DON-VITO.mp3\">https:\/\/www.radiopiu.net\/wordpress\/wp-content\/uploads\/2023\/12\/DON-VITO.mp3<\/a><\/audio>\n<p>&nbsp;<\/p>\n<p><strong>IL RICORDO DEL VESCOVO EMERITO GIUSEPPE ANDRICH<\/strong><\/p>\n<audio class=\"wp-audio-shortcode\" id=\"audio-368062-5\" preload=\"none\" style=\"width: 100%;\" controls=\"controls\"><source type=\"audio\/mpeg\" src=\"https:\/\/www.radiopiu.net\/wordpress\/wp-content\/uploads\/2023\/12\/VESCOVO-ANDRICH.mp3?_=5\" \/><a href=\"https:\/\/www.radiopiu.net\/wordpress\/wp-content\/uploads\/2023\/12\/VESCOVO-ANDRICH.mp3\">https:\/\/www.radiopiu.net\/wordpress\/wp-content\/uploads\/2023\/12\/VESCOVO-ANDRICH.mp3<\/a><\/audio>\n<p>&nbsp;<\/p>\n<hr \/>\n<p>&nbsp;<\/p>\n<blockquote>\n<h3 class=\"entry-title\">INFORTUNIO MENTRE FA LEGNA, \u00c8 IN GRAVI CONDIZIONI<\/h3>\n<\/blockquote>\n<p><img loading=\"lazy\" decoding=\"async\" class=\"alignleft\" src=\"https:\/\/www.radiopiu.net\/wordpress\/wp-content\/uploads\/2023\/12\/Watermark_20231230_140105_848.jpg\" width=\"156\" height=\"117\" \/><strong>FELTRE <\/strong>L\u2019allarme \u00e8 scattato poco prima di mezzogiorno di sabato, e immediatamente un\u2019ambulanza \u00e8 stata inviata sul luogo dell\u2019incidente. Il personale sanitario ha fornito le prime cure all\u2019uomo, che, sebbene fosse cosciente, non era in grado di muoversi. Per affrontare la situazione in un terreno difficile, \u00e8 intervenuto l\u2019elicottero del Suem di Pieve di Cadore, con un\u2019equipe medica e tecnico di elisoccorso. Le operazioni di soccorso sono state coordinate da una decina di volontari del Soccorso alpino di Feltre. Hanno reso sicura la zona, aprendo un varco tra la vegetazione per agevolare il recupero dell\u2019uomo. Sul luogo anche il figlio dell\u2019infortunato. Con sospetti di politrauma, il 68enne \u00e8 stato trasportato d\u2019urgenza all\u2019ospedale di Treviso.<\/p>\n<p>&nbsp;<\/p>\n<p>&nbsp;<\/p>\n<hr \/>\n<p>&nbsp;<\/p>\n<blockquote>\n<h3>SABATO SOCCORSO ALPINO AL LAVORO A ROCCA PIETORE E CORTINA<\/h3>\n<\/blockquote>\n<p><strong>ROCCA PIETORE <\/strong>Attorno alle 11.30 di sabato la Centrale del Suem \u00e8 stata attivata da un&#8217;escursionista bloccata su un sentiero del Piz de Guda per la presenza di ghiaccio. Messa in contatto telefonico con il Soccorso alpino della Val Pettorina, \u00e8 stato verificato il punto in cui si trovava, lo stretto e ripido percorso della Forcia, e che non fosse in grado di muoversi neanche a ritroso. Una squadra ha quindi raggiunto la 55enne di Scandicci (FI) a circa 1.800 metri di quota e, dopo averla assicurata, la ha riaccompagnata a valle.<\/p>\n<p><strong>CORTINA <\/strong>Sempre sabato verso le 13, su richiesta di un soccorritore casualmente sul posto, \u00e8 scattato l&#8217;allarme per uno scialpinista che si era fatto male vicino a Forcella Granda sul Ciadin de Lagazuoi, alla base della Ferrata Tomaselli. Lo sciatore, che era in compagnia di due amici e aveva riportato la sospetta distorsione di un ginocchio, \u00e8 stato recuperato con il verricello dall&#8217;eliambulanza di Treviso emergenza e trasportato all&#8217;ospedale di Cortina.<\/p>\n<p>&nbsp;<\/p>\n<p>&nbsp;<\/p>\n<hr \/>\n<p>&nbsp;<\/p>\n<blockquote>\n<h3>SOCCORSO ALPINO IMPEGANTO A FELTRE E SUL PASSO DURAN<\/h3>\n<\/blockquote>\n<p><strong><a class=\"dt-pswp-item\" href=\"https:\/\/www.radiopiu.net\/wordpress\/wp-content\/uploads\/2022\/04\/soccorso-alpino-1024x602-1.jpg\" data-dt-img-description=\"\" data-large_image_width=\"1024\" data-large_image_height=\"602\"><img loading=\"lazy\" decoding=\"async\" class=\" wp-image-270917 alignleft\" src=\"https:\/\/www.radiopiu.net\/wordpress\/wp-content\/uploads\/2022\/04\/soccorso-alpino-1024x602-1-300x176.jpg\" alt=\"\" width=\"199\" height=\"117\" srcset=\"https:\/\/www.radiopiu.net\/wordpress\/wp-content\/uploads\/2022\/04\/soccorso-alpino-1024x602-1-300x176.jpg 300w, https:\/\/www.radiopiu.net\/wordpress\/wp-content\/uploads\/2022\/04\/soccorso-alpino-1024x602-1-768x452.jpg 768w, https:\/\/www.radiopiu.net\/wordpress\/wp-content\/uploads\/2022\/04\/soccorso-alpino-1024x602-1.jpg 1024w\" sizes=\"auto, (max-width: 199px) 100vw, 199px\" \/><\/a>FELTRE <\/strong>Verso le 12.30 di domenica l&#8217;elicottero di Treviso emergenza \u00e8 stato inviato in localit\u00e0 Col di Frescura, Villaga, dove un 52enne di Feltre (BL), aveva riportato un sospetto trauma al ginocchio dopo essere caduto da un salto di 3 metri in prossimit\u00e0 di una casera, raggiungibile dopo 200 metri di strada sterrata. Recuperato l&#8217;infortunato con il supporto di una squadra del Soccorso alpino di Feltre, l&#8217;infortunato \u00e8 stato trasportato all&#8217;ospedale.<\/p>\n<p><strong>LA VALLE <\/strong>Il Soccorso alpino di Agordo \u00e8 invece intervenuto al Passo Duran, dove una escursionista era stata accompagnata in jeep dal gestore del Carestiato, anche lui soccorritore, dopo essere scivolata poco sotto il Rifugio. La 38enne, con un sospetto trauma al gomito, \u00e8 stata quindi portata al pronto soccorso di Agordo.<\/p>\n<p>&nbsp;<\/p>\n<p>&nbsp;<\/p>\n<hr \/>\n<p>&nbsp;<\/p>\n<blockquote>\n<h3>A CAPODANNO INCIDENTE CON LA MOTOSLITTA<\/h3>\n<\/blockquote>\n<p><strong><a class=\"dt-pswp-item\" href=\"https:\/\/www.radiopiu.net\/wordpress\/wp-content\/uploads\/2021\/12\/ambulanze-4.jpeg\" data-dt-img-description=\"\" data-large_image_width=\"1600\" data-large_image_height=\"1200\"><img loading=\"lazy\" decoding=\"async\" class=\" wp-image-250919 alignleft\" src=\"https:\/\/www.radiopiu.net\/wordpress\/wp-content\/uploads\/2021\/12\/ambulanze-4-300x225.jpeg\" alt=\"\" width=\"152\" height=\"114\" srcset=\"https:\/\/www.radiopiu.net\/wordpress\/wp-content\/uploads\/2021\/12\/ambulanze-4-300x225.jpeg 300w, https:\/\/www.radiopiu.net\/wordpress\/wp-content\/uploads\/2021\/12\/ambulanze-4-1024x768.jpeg 1024w, https:\/\/www.radiopiu.net\/wordpress\/wp-content\/uploads\/2021\/12\/ambulanze-4-768x576.jpeg 768w, https:\/\/www.radiopiu.net\/wordpress\/wp-content\/uploads\/2021\/12\/ambulanze-4-1536x1152.jpeg 1536w, https:\/\/www.radiopiu.net\/wordpress\/wp-content\/uploads\/2021\/12\/ambulanze-4.jpeg 1600w\" sizes=\"auto, (max-width: 152px) 100vw, 152px\" \/><\/a>REDAZIONE<\/strong> Nella notte di San Silvetro il Suem 118 \u00e8 stato chiamato per tre incidenti, tutti a Cortina. Alle 21 dell&#8217;ultimo giorno dell&#8217;anno a Bai De Dones due donne sono rimaste ferite in seguito ad un incidente con le motoslitte. Una 38enne di Finale Emilia (MO) e una 42enne di Roma sono state portate in ambulanza con ferite lievi ai pronto soccorso di Pieve di Cadore e Cortina. Nella mattinata del 1 gennaio due incidenti autonomi hanno impegnato i sanitari in localit\u00e0 Ospitale e alla Funivia Faloria Park. Nel primo incidente di Ospitale delle 5:27 un uomo di 24 anni \u00e8 stato portatao all&#8217;ospedale di Cortina mentre poco prima delle 7 un milanese di 34 anni ha rifiutato le cure in seguito ad un&#8217;uscita autonoma con la sua auto.<\/p>\n<p>&nbsp;<\/p>\n<p>&nbsp;<\/p>\n<hr \/>\n<p>&nbsp;<\/p>\n<blockquote>\n<h3>TRE INTERVENTI DEL SUEM A CORTINA. 15 SULLE PISTE DA SCI<\/h3>\n<\/blockquote>\n<p><strong>REDAZIONE<\/strong> Sono tre gli interventi del Suem 118 a Cortina nel pomeriggio di ieri. L&#8217;elicottero Falco \u00e8 stato attivato per un trauma cranico alle 13:21 per poi portare una donna al San Martino di Belluno. Nello stesso momento si \u00e8 alzato in volo anche l&#8217;elicottero di eli Bolzano per soccorrere una donna di 56 anni originaria di Cortina che aveva accusato problemi neurologici, anch&#8217;essa portata al nosocomio di Belluno. Poco prima delle 15 di nuovo Falco protagonista per soccorrere una donna di 47 anni originaria di Genova che si era procurata un trauma al bacino. Da contare anche 15 interventi sulle piste da sci: 8 a Cortina, 3 nel comprensorio del Civetta, 3 ad Arabba e uno in Marmolada.<\/p>\n<p>&nbsp;<\/p>\n<p>&nbsp;<\/p>\n<hr \/>\n<p>&nbsp;<\/p>\n<blockquote>\n<h3>NICOLAS E GIULIO SONO I PRIMI NATI A BELLUNO E FELTRE DEL 2024<\/h3>\n<\/blockquote>\n<p><strong>BELLUNO<\/strong> Sono due maschietti i primi nati in ULSS 1 Dolomiti nel 2024. Ad inaugurare l&#8217;anno \u00e8 stato Nicolas, nato al San Martino di Belluno alle 10:02. Al Santa Maria del Prato di Feltre il primo nato \u00e8 stato Giulio, venuto al mondo alle 14:38. Il 2023 si \u00e8 concluso con circa 1.255 nati nell&#8217;Ulss Dolomiti, registrando un lieve calo rispetto all&#8217;anno precedente (1312 nati) e seguendo il trend nazionale. Nel corso dell&#8217;anno, dicembre e giugno sono stati i mesi con il maggior numero di nascite. Complessivamente, sono nati pi\u00f9 maschi che femmine, con 40 nati in pi\u00f9 di sesso maschile. I parti gemellari sono stati 9. A Feltre, sono nati 739 bambini, mentre a Belluno sono nati 516. Il Commissario Giuseppe Dal Ben ha espresso gratitudine agli operatori della Centrale SUEM e ai pronti soccorsi di Pieve di Cadore, Agordo, Feltre e Belluno per il loro impegno durante i giorni di afflusso di pazienti. Ha anche ringraziato i professionisti delle ostetricie di Belluno e Feltre.<\/p>\n\n\t\t\t<style type='text\/css'>\n\t\t\t\t#gallery-3 {\n\t\t\t\t\tmargin: auto;\n\t\t\t\t}\n\t\t\t\t#gallery-3 .gallery-item {\n\t\t\t\t\tfloat: left;\n\t\t\t\t\tmargin-top: 10px;\n\t\t\t\t\ttext-align: center;\n\t\t\t\t\twidth: 50%;\n\t\t\t\t}\n\t\t\t\t#gallery-3 img {\n\t\t\t\t\tborder: 2px solid #cfcfcf;\n\t\t\t\t}\n\t\t\t\t#gallery-3 .gallery-caption {\n\t\t\t\t\tmargin-left: 0;\n\t\t\t\t}\n\t\t\t\t\/* see gallery_shortcode() in wp-includes\/media.php *\/\n\t\t\t<\/style>\n\t\t<div id='gallery-3' class='dt-gallery-container gallery galleryid-368062 gallery-columns-2 gallery-size-medium'><dl class='gallery-item'>\n\t\t\t\t<dt class='gallery-icon portrait'>\n\t\t\t\t\t<a class=\"rollover rollover-zoom dt-pswp-item\" title=\"Nicolas primo nato in ulss DOlomiti a Belluno\" data-dt-img-description=\"\" data-large_image_width=\"768\" data-large_image_height=\"1024\"href='https:\/\/www.radiopiu.net\/wordpress\/wp-content\/uploads\/2024\/01\/Nicolas-primo-nato-in-ulss-DOlomiti-a-Belluno.jpeg'><img loading=\"lazy\" decoding=\"async\" width=\"225\" height=\"300\" src=\"https:\/\/www.radiopiu.net\/wordpress\/wp-content\/uploads\/2024\/01\/Nicolas-primo-nato-in-ulss-DOlomiti-a-Belluno-225x300.jpeg\" class=\"attachment-medium size-medium\" alt=\"\" aria-describedby=\"gallery-3-368272\" srcset=\"https:\/\/www.radiopiu.net\/wordpress\/wp-content\/uploads\/2024\/01\/Nicolas-primo-nato-in-ulss-DOlomiti-a-Belluno-225x300.jpeg 225w, https:\/\/www.radiopiu.net\/wordpress\/wp-content\/uploads\/2024\/01\/Nicolas-primo-nato-in-ulss-DOlomiti-a-Belluno.jpeg 768w\" sizes=\"auto, (max-width: 225px) 100vw, 225px\" \/><\/a>\n\t\t\t\t<\/dt>\n\t\t\t\t\t<dd class='wp-caption-text gallery-caption' id='gallery-3-368272'>\n\t\t\t\t\tNICOLAS &#8211; PRIMO NATO A BELLUNO\n\t\t\t\t\t<\/dd><\/dl><dl class='gallery-item'>\n\t\t\t\t<dt class='gallery-icon portrait'>\n\t\t\t\t\t<a class=\"rollover rollover-zoom dt-pswp-item\" title=\"Giulio - primo nato Feltre\" data-dt-img-description=\"\" data-large_image_width=\"768\" data-large_image_height=\"1024\"href='https:\/\/www.radiopiu.net\/wordpress\/wp-content\/uploads\/2024\/01\/Giulio-primo-nato-Feltre.jpeg'><img loading=\"lazy\" decoding=\"async\" width=\"225\" height=\"300\" src=\"https:\/\/www.radiopiu.net\/wordpress\/wp-content\/uploads\/2024\/01\/Giulio-primo-nato-Feltre-225x300.jpeg\" class=\"attachment-medium size-medium\" alt=\"\" aria-describedby=\"gallery-3-368271\" srcset=\"https:\/\/www.radiopiu.net\/wordpress\/wp-content\/uploads\/2024\/01\/Giulio-primo-nato-Feltre-225x300.jpeg 225w, https:\/\/www.radiopiu.net\/wordpress\/wp-content\/uploads\/2024\/01\/Giulio-primo-nato-Feltre.jpeg 768w\" sizes=\"auto, (max-width: 225px) 100vw, 225px\" \/><\/a>\n\t\t\t\t<\/dt>\n\t\t\t\t\t<dd class='wp-caption-text gallery-caption' id='gallery-3-368271'>\n\t\t\t\t\tGIULIO &#8211; PRIMO NATO A FELTRE\n\t\t\t\t\t<\/dd><\/dl><br style=\"clear: both\" \/>\n\t\t\t<\/div>\n\n<hr \/>\n<p>&nbsp;<\/p>\n<blockquote>\n<h3>IL GRAZIE DI ZAIA A LAVORATORI E VOLONTARI<\/h3>\n<\/blockquote>\n<p><strong>VENEZIA<\/strong> Il presidente della Regione del Veneto, Luca Zaia, ha espresso un sentito ringraziamento a medici, operatori sanitari e forze dell&#8217;ordine per il loro impegno durante il Capodanno, sottolineando anche i numerosi interventi di soccorso a Cortina. Ha inoltre dato il benvenuto al primo nato nel 2024 nel Veneto, Francesco Sordo, e congratulazioni ai genitori Michael ed Elisa, evidenziando l&#8217;importanza del servizio alla comunit\u00e0 offerto da chi dedica tempo ed energie durante le festivit\u00e0.<\/p>\n<p>&nbsp;<\/p>\n<p>&nbsp;<\/p>\n<hr \/>\n<p>&nbsp;<\/p>\n<blockquote>\n<h3>L&#8217;INTERVISTA DI FINE ANNO A PAOLO FRENA, PRESIDENTE DELL&#8217;UNIONE MONTANA AGORDINA<\/h3>\n<\/blockquote>\n<p><strong><a class=\"dt-pswp-item\" href=\"https:\/\/www.radiopiu.net\/wordpress\/wp-content\/uploads\/2023\/01\/PAOLO-FRENA.png\" data-dt-img-description=\"\" data-large_image_width=\"994\" data-large_image_height=\"672\"><img loading=\"lazy\" decoding=\"async\" class=\" wp-image-314432 alignleft\" src=\"https:\/\/www.radiopiu.net\/wordpress\/wp-content\/uploads\/2023\/01\/PAOLO-FRENA-300x203.png\" alt=\"\" width=\"180\" height=\"122\" srcset=\"https:\/\/www.radiopiu.net\/wordpress\/wp-content\/uploads\/2023\/01\/PAOLO-FRENA-300x203.png 300w, https:\/\/www.radiopiu.net\/wordpress\/wp-content\/uploads\/2023\/01\/PAOLO-FRENA-768x519.png 768w, https:\/\/www.radiopiu.net\/wordpress\/wp-content\/uploads\/2023\/01\/PAOLO-FRENA.png 994w\" sizes=\"auto, (max-width: 180px) 100vw, 180px\" \/><\/a>REDAZIONE<\/strong> Come ogni anno Radio Pi\u00f9 inizia con l&#8217;intervista al Presidente dell&#8217;Unione Montana Agordina. Con Paolo Frena una chiacchierata a 360 gradi sull&#8217;anno appena trascorso e altro.<\/p>\n<p><strong>DI MIRKO MEZZACASA<\/strong><\/p>\n<audio class=\"wp-audio-shortcode\" id=\"audio-368062-6\" preload=\"none\" style=\"width: 100%;\" controls=\"controls\"><source type=\"audio\/mpeg\" src=\"https:\/\/www.radiopiu.net\/wordpress\/wp-content\/uploads\/2024\/01\/PAOLO-FRENA-FINE-ANNOP-2023.mp3?_=6\" \/><a href=\"https:\/\/www.radiopiu.net\/wordpress\/wp-content\/uploads\/2024\/01\/PAOLO-FRENA-FINE-ANNOP-2023.mp3\">https:\/\/www.radiopiu.net\/wordpress\/wp-content\/uploads\/2024\/01\/PAOLO-FRENA-FINE-ANNOP-2023.mp3<\/a><\/audio>\n<p>&nbsp;<\/p>\n<hr \/>\n<p>&nbsp;<\/p>\n<blockquote>\n<h3>BUONE NOTIZIE PER LA PALESTRA DI NARAE, EX PALESTRA DEL VECCHIO<\/h3>\n<\/blockquote>\n<p><strong><a class=\"dt-pswp-item\" href=\"https:\/\/www.radiopiu.net\/wordpress\/wp-content\/uploads\/2023\/12\/palestra-narae.jpeg\" data-dt-img-description=\"\" data-large_image_width=\"313\" data-large_image_height=\"161\"><img loading=\"lazy\" decoding=\"async\" class=\"size-medium wp-image-368157 alignleft\" src=\"https:\/\/www.radiopiu.net\/wordpress\/wp-content\/uploads\/2023\/12\/palestra-narae-300x154.jpeg\" alt=\"\" width=\"300\" height=\"154\" srcset=\"https:\/\/www.radiopiu.net\/wordpress\/wp-content\/uploads\/2023\/12\/palestra-narae-300x154.jpeg 300w, https:\/\/www.radiopiu.net\/wordpress\/wp-content\/uploads\/2023\/12\/palestra-narae.jpeg 313w\" sizes=\"auto, (max-width: 300px) 100vw, 300px\" \/><\/a>AGORDO<\/strong><\/p>\n<p>DI GIANNI SANTOMASO<\/p>\n<audio class=\"wp-audio-shortcode\" id=\"audio-368062-7\" preload=\"none\" style=\"width: 100%;\" controls=\"controls\"><source type=\"audio\/mpeg\" src=\"https:\/\/www.radiopiu.net\/wordpress\/wp-content\/uploads\/2023\/12\/GIANNI-BUONE-NOTIZIE-PER-LA-PALESTRA-DI-NARAE.mp3?_=7\" \/><a href=\"https:\/\/www.radiopiu.net\/wordpress\/wp-content\/uploads\/2023\/12\/GIANNI-BUONE-NOTIZIE-PER-LA-PALESTRA-DI-NARAE.mp3\">https:\/\/www.radiopiu.net\/wordpress\/wp-content\/uploads\/2023\/12\/GIANNI-BUONE-NOTIZIE-PER-LA-PALESTRA-DI-NARAE.mp3<\/a><\/audio>\n<p>&nbsp;<\/p>\n<p>&nbsp;<\/p>\n<hr \/>\n<p>&nbsp;<\/p>\n<p>&nbsp;<\/p>\n<blockquote>\n<h3><a class=\"dt-pswp-item\" href=\"https:\/\/www.radiopiu.net\/wordpress\/wp-content\/uploads\/2024\/01\/369536985_252779490923240_4904751416599422507_n.jpg\" data-dt-img-description=\"\" data-large_image_width=\"2048\" data-large_image_height=\"2048\"><img loading=\"lazy\" decoding=\"async\" class=\"wp-image-368308 alignleft\" src=\"https:\/\/www.radiopiu.net\/wordpress\/wp-content\/uploads\/2024\/01\/369536985_252779490923240_4904751416599422507_n-300x300.jpg\" alt=\"\" width=\"127\" height=\"127\" srcset=\"https:\/\/www.radiopiu.net\/wordpress\/wp-content\/uploads\/2024\/01\/369536985_252779490923240_4904751416599422507_n-300x300.jpg 300w, https:\/\/www.radiopiu.net\/wordpress\/wp-content\/uploads\/2024\/01\/369536985_252779490923240_4904751416599422507_n-1024x1024.jpg 1024w, https:\/\/www.radiopiu.net\/wordpress\/wp-content\/uploads\/2024\/01\/369536985_252779490923240_4904751416599422507_n-150x150.jpg 150w, https:\/\/www.radiopiu.net\/wordpress\/wp-content\/uploads\/2024\/01\/369536985_252779490923240_4904751416599422507_n-768x768.jpg 768w, https:\/\/www.radiopiu.net\/wordpress\/wp-content\/uploads\/2024\/01\/369536985_252779490923240_4904751416599422507_n-1536x1536.jpg 1536w, https:\/\/www.radiopiu.net\/wordpress\/wp-content\/uploads\/2024\/01\/369536985_252779490923240_4904751416599422507_n.jpg 2048w\" sizes=\"auto, (max-width: 127px) 100vw, 127px\" \/><\/a>Scontro Altvelox-Comuni su Autovelox: Richieste di Documenti e Braccio di Ferro in Corso<\/h3>\n<\/blockquote>\n<p><strong>SOVRAMONTE<\/strong> L&#8217;associazione Altvelox, a difesa degli automobilisti, \u00e8 coinvolta in uno scontro con i Comuni di Arsi\u00e8 e Quero Vas riguardo all&#8217;installazione di autovelox. Altvelox si muove preventivamente contro il Comune di Sovramonte, richiedendo documenti al sindaco e alla Prefettura di Belluno per valutare l&#8217;iniziativa. Altvelox parla di uno &#8220;scontro istituzionale&#8221; e sostiene che l&#8217;installazione dell&#8217;autovelox potrebbe mancare dei requisiti previsti dal Codice della strada. Finora, le richieste sono rimaste senza risposta, alimentando un braccio di ferro in corso.<\/p>\n<p>&nbsp;<\/p>\n<p>&nbsp;<\/p>\n<hr \/>\n<p>&nbsp;<\/p>\n<blockquote>\n<h3>COME SEMPRE, QUANDO SI HA BISOGNO, I VIGILI DEL FUOCO CI SONO SEMPRE<\/h3>\n<\/blockquote>\n<p><strong><a class=\"dt-pswp-item\" href=\"https:\/\/www.radiopiu.net\/wordpress\/wp-content\/uploads\/2021\/07\/70769fc5-3640-49e1-8477-7a766fdc847f.jpg\" data-dt-img-description=\"\" data-large_image_width=\"1080\" data-large_image_height=\"1221\"><img loading=\"lazy\" decoding=\"async\" class=\" wp-image-222512 alignleft\" src=\"https:\/\/www.radiopiu.net\/wordpress\/wp-content\/uploads\/2021\/07\/70769fc5-3640-49e1-8477-7a766fdc847f-265x300.jpg\" alt=\"\" width=\"151\" height=\"171\" srcset=\"https:\/\/www.radiopiu.net\/wordpress\/wp-content\/uploads\/2021\/07\/70769fc5-3640-49e1-8477-7a766fdc847f-265x300.jpg 265w, https:\/\/www.radiopiu.net\/wordpress\/wp-content\/uploads\/2021\/07\/70769fc5-3640-49e1-8477-7a766fdc847f-906x1024.jpg 906w, https:\/\/www.radiopiu.net\/wordpress\/wp-content\/uploads\/2021\/07\/70769fc5-3640-49e1-8477-7a766fdc847f-768x868.jpg 768w, https:\/\/www.radiopiu.net\/wordpress\/wp-content\/uploads\/2021\/07\/70769fc5-3640-49e1-8477-7a766fdc847f.jpg 1080w\" sizes=\"auto, (max-width: 151px) 100vw, 151px\" \/><\/a>Riceviamo e pubblichiamo\u00a0<\/strong><\/p>\n<p>Nella giornata del 30 dicembre verso le ore 12.37, presso la partenza della seggiovia Capanna Bill\/ Padon si presentava il signor Piero (nome di fantasia) il quale aveva lasciato le chiavi dell&#8217;auto all&#8217; interno del bagagliaio e la chiusura centralizzata era entrata in funzione per cui era chiuso fuori senza possibilit\u00e0 di recuperare l\u2019auto parcheggiata sul piazzale antistante la seggiovia. Il signore, della bassa trevigiana preoccupatissimo e agitatissimo per l\u2019accaduto e non sapendo come risolvere l\u2019inconveniente, si \u00e8 rivolto al personale degli impianti della societ\u00e0 Arabba\/Marmolada S.R.L. i quali con estrema gentilezza hanno dato le prime indicazioni al signore per risolvere il tutto. Io per motivi lavorativi mi trovavo in quel sito e vista l\u2019agitazione del signor Piero per il fatto, si \u00e8 provveduto a chiamare il 115 Comando di Belluno, spiegando il bisogno di intervento. L\u2019operatore del 115 preciso e professionale assicurava l&#8217; intervento con personale del Comando permanente di Agordo e volontari di Caprile. Dalla chiamata al 115, alla risoluzione del fatto ore 13.20 e passata meno di un\u2019 ora senza per altro causare nessun danno all&#8217; autoveicolo, perch\u00e9 a volte una apertura porte pu\u00f2 portare a dei piccoli danneggiamenti. Anche in questa situazione grazie della professionalit\u00e0 dimostrata dal personale permanente e dei volontari dei Vigili del Fuoco e ai ragazzi dell&#8217;impianto di risalita del Padon. La sinergia fra le parti \u00e8 stata fondamentale per risolvere l\u2019 inconveniente accaduto al signor \u201cPiero\u201d<br \/>\nColgo l\u2019occasione di augurare buon anno nuovo alla redazione di Radio Pi\u00f9 e al personale dei Vigili del Fuoco.<\/p>\n<p>Massimo SOMMARIVA &#8211; Ispettore Dolomiti Superski Arabba\/Marmolada<\/p>\n<p>&nbsp;<\/p>\n<p>&nbsp;<\/p>\n<hr \/>\n<p>&nbsp;<\/p>\n<blockquote>\n<h3>CINQUE MILA EURO PER LA REALIZZAZIONE DI UN VIDEO PER PROMUOVERE IL CENTRO MINERARIO DI VALLE IMPERINA<\/h3>\n<\/blockquote>\n<p><strong><a class=\"dt-pswp-item\" href=\"https:\/\/www.radiopiu.net\/wordpress\/wp-content\/uploads\/2023\/11\/OSTELLO-VALLE-IMPERINA.jpg\" data-dt-img-description=\"\" data-large_image_width=\"1600\" data-large_image_height=\"1066\"><img loading=\"lazy\" decoding=\"async\" class=\" wp-image-361608 alignleft\" src=\"https:\/\/www.radiopiu.net\/wordpress\/wp-content\/uploads\/2023\/11\/OSTELLO-VALLE-IMPERINA-300x200.jpg\" alt=\"\" width=\"191\" height=\"127\" srcset=\"https:\/\/www.radiopiu.net\/wordpress\/wp-content\/uploads\/2023\/11\/OSTELLO-VALLE-IMPERINA-300x200.jpg 300w, https:\/\/www.radiopiu.net\/wordpress\/wp-content\/uploads\/2023\/11\/OSTELLO-VALLE-IMPERINA-1024x682.jpg 1024w, https:\/\/www.radiopiu.net\/wordpress\/wp-content\/uploads\/2023\/11\/OSTELLO-VALLE-IMPERINA-768x512.jpg 768w, https:\/\/www.radiopiu.net\/wordpress\/wp-content\/uploads\/2023\/11\/OSTELLO-VALLE-IMPERINA-1536x1023.jpg 1536w, https:\/\/www.radiopiu.net\/wordpress\/wp-content\/uploads\/2023\/11\/OSTELLO-VALLE-IMPERINA.jpg 1600w\" sizes=\"auto, (max-width: 191px) 100vw, 191px\" \/><\/a>RIVAMONTE<\/strong><\/p>\n<p>DI GIANNI SANTOMASO<\/p>\n<audio class=\"wp-audio-shortcode\" id=\"audio-368062-8\" preload=\"none\" style=\"width: 100%;\" controls=\"controls\"><source type=\"audio\/mpeg\" src=\"https:\/\/www.radiopiu.net\/wordpress\/wp-content\/uploads\/2023\/12\/GIANNI-CINQUE-MILA-EURO-PER-LA-REALIZZAZIONE-DI-UN-VIDEO-PER-PROMUOVERE-IL-CENTRO-MINERARIO-DI-VALLE-IMPERINA.mp3?_=8\" \/><a href=\"https:\/\/www.radiopiu.net\/wordpress\/wp-content\/uploads\/2023\/12\/GIANNI-CINQUE-MILA-EURO-PER-LA-REALIZZAZIONE-DI-UN-VIDEO-PER-PROMUOVERE-IL-CENTRO-MINERARIO-DI-VALLE-IMPERINA.mp3\">https:\/\/www.radiopiu.net\/wordpress\/wp-content\/uploads\/2023\/12\/GIANNI-CINQUE-MILA-EURO-PER-LA-REALIZZAZIONE-DI-UN-VIDEO-PER-PROMUOVERE-IL-CENTRO-MINERARIO-DI-VALLE-IMPERINA.mp3<\/a><\/audio>\n<p>&nbsp;<\/p>\n<hr \/>\n<p>&nbsp;<\/p>\n<blockquote>\n<h3>IL CAPODANNO A FALCADE<\/h3>\n<\/blockquote>\n<p><strong>IN DIRETTA DA FALCADE IL CONTO ALLA ROVESCIA PER IL NUOVO ANNO&#8230;.BUON 2024 A TUTTI!!!!<\/strong><\/p>\n<p><iframe loading=\"lazy\" title=\"Radio Pi\u00f9 sta trasmettendo dal vivo.\" width=\"1200\" height=\"675\" src=\"https:\/\/www.youtube.com\/embed\/luYblLGF1xA?feature=oembed\" frameborder=\"0\" allow=\"accelerometer; autoplay; clipboard-write; encrypted-media; gyroscope; picture-in-picture; web-share\" allowfullscreen><\/iframe><\/p>\n\n\t\t\t<style type='text\/css'>\n\t\t\t\t#gallery-4 {\n\t\t\t\t\tmargin: auto;\n\t\t\t\t}\n\t\t\t\t#gallery-4 .gallery-item {\n\t\t\t\t\tfloat: left;\n\t\t\t\t\tmargin-top: 10px;\n\t\t\t\t\ttext-align: center;\n\t\t\t\t\twidth: 11%;\n\t\t\t\t}\n\t\t\t\t#gallery-4 img {\n\t\t\t\t\tborder: 2px solid #cfcfcf;\n\t\t\t\t}\n\t\t\t\t#gallery-4 .gallery-caption {\n\t\t\t\t\tmargin-left: 0;\n\t\t\t\t}\n\t\t\t\t\/* see gallery_shortcode() in wp-includes\/media.php *\/\n\t\t\t<\/style>\n\t\t<div id='gallery-4' class='dt-gallery-container gallery galleryid-368062 gallery-columns-9 gallery-size-thumbnail'><dl class='gallery-item'>\n\t\t\t\t<dt class='gallery-icon landscape'>\n\t\t\t\t\t<a class=\"rollover rollover-zoom dt-pswp-item\" title=\"2f9a8e2a-2b9a-4b51-a149-8276dfba385c\" data-dt-img-description=\"\" data-large_image_width=\"1599\" data-large_image_height=\"899\"href='https:\/\/www.radiopiu.net\/wordpress\/wp-content\/uploads\/2024\/01\/2f9a8e2a-2b9a-4b51-a149-8276dfba385c.jpg'><img loading=\"lazy\" decoding=\"async\" width=\"150\" height=\"150\" src=\"https:\/\/www.radiopiu.net\/wordpress\/wp-content\/uploads\/2024\/01\/2f9a8e2a-2b9a-4b51-a149-8276dfba385c-150x150.jpg\" class=\"attachment-thumbnail size-thumbnail\" alt=\"\" \/><\/a>\n\t\t\t\t<\/dt><\/dl><dl class='gallery-item'>\n\t\t\t\t<dt class='gallery-icon landscape'>\n\t\t\t\t\t<a class=\"rollover rollover-zoom dt-pswp-item\" title=\"ba7e293b-2545-48d9-8e47-39a6a2ec000f\" data-dt-img-description=\"\" data-large_image_width=\"1599\" data-large_image_height=\"899\"href='https:\/\/www.radiopiu.net\/wordpress\/wp-content\/uploads\/2024\/01\/ba7e293b-2545-48d9-8e47-39a6a2ec000f.jpg'><img loading=\"lazy\" decoding=\"async\" width=\"150\" height=\"150\" src=\"https:\/\/www.radiopiu.net\/wordpress\/wp-content\/uploads\/2024\/01\/ba7e293b-2545-48d9-8e47-39a6a2ec000f-150x150.jpg\" class=\"attachment-thumbnail size-thumbnail\" alt=\"\" \/><\/a>\n\t\t\t\t<\/dt><\/dl><dl class='gallery-item'>\n\t\t\t\t<dt class='gallery-icon landscape'>\n\t\t\t\t\t<a class=\"rollover rollover-zoom dt-pswp-item\" title=\"8e73493e-c866-41c7-ae5b-6063d94dc100\" data-dt-img-description=\"\" data-large_image_width=\"1920\" data-large_image_height=\"1080\"href='https:\/\/www.radiopiu.net\/wordpress\/wp-content\/uploads\/2024\/01\/8e73493e-c866-41c7-ae5b-6063d94dc100.jpg'><img loading=\"lazy\" decoding=\"async\" width=\"150\" height=\"150\" src=\"https:\/\/www.radiopiu.net\/wordpress\/wp-content\/uploads\/2024\/01\/8e73493e-c866-41c7-ae5b-6063d94dc100-150x150.jpg\" class=\"attachment-thumbnail size-thumbnail\" alt=\"\" \/><\/a>\n\t\t\t\t<\/dt><\/dl><dl class='gallery-item'>\n\t\t\t\t<dt class='gallery-icon landscape'>\n\t\t\t\t\t<a class=\"rollover rollover-zoom dt-pswp-item\" title=\"6b9efaff-37a4-4ead-9af2-6ebc775124ee\" data-dt-img-description=\"\" data-large_image_width=\"1920\" data-large_image_height=\"1080\"href='https:\/\/www.radiopiu.net\/wordpress\/wp-content\/uploads\/2024\/01\/6b9efaff-37a4-4ead-9af2-6ebc775124ee.jpg'><img loading=\"lazy\" decoding=\"async\" width=\"150\" height=\"150\" src=\"https:\/\/www.radiopiu.net\/wordpress\/wp-content\/uploads\/2024\/01\/6b9efaff-37a4-4ead-9af2-6ebc775124ee-150x150.jpg\" class=\"attachment-thumbnail size-thumbnail\" alt=\"\" \/><\/a>\n\t\t\t\t<\/dt><\/dl><dl class='gallery-item'>\n\t\t\t\t<dt class='gallery-icon landscape'>\n\t\t\t\t\t<a class=\"rollover rollover-zoom dt-pswp-item\" title=\"424cca08-1bb5-493a-921c-6228368cfd2f\" data-dt-img-description=\"\" data-large_image_width=\"1920\" data-large_image_height=\"1080\"href='https:\/\/www.radiopiu.net\/wordpress\/wp-content\/uploads\/2024\/01\/424cca08-1bb5-493a-921c-6228368cfd2f.jpg'><img loading=\"lazy\" decoding=\"async\" width=\"150\" height=\"150\" src=\"https:\/\/www.radiopiu.net\/wordpress\/wp-content\/uploads\/2024\/01\/424cca08-1bb5-493a-921c-6228368cfd2f-150x150.jpg\" class=\"attachment-thumbnail size-thumbnail\" alt=\"\" \/><\/a>\n\t\t\t\t<\/dt><\/dl><dl class='gallery-item'>\n\t\t\t\t<dt class='gallery-icon landscape'>\n\t\t\t\t\t<a class=\"rollover rollover-zoom dt-pswp-item\" title=\"e09e379c-1c48-4a85-8c36-5a182961b235\" data-dt-img-description=\"\" data-large_image_width=\"1920\" data-large_image_height=\"1080\"href='https:\/\/www.radiopiu.net\/wordpress\/wp-content\/uploads\/2024\/01\/e09e379c-1c48-4a85-8c36-5a182961b235.jpg'><img loading=\"lazy\" decoding=\"async\" width=\"150\" height=\"150\" src=\"https:\/\/www.radiopiu.net\/wordpress\/wp-content\/uploads\/2024\/01\/e09e379c-1c48-4a85-8c36-5a182961b235-150x150.jpg\" class=\"attachment-thumbnail size-thumbnail\" alt=\"\" \/><\/a>\n\t\t\t\t<\/dt><\/dl><dl class='gallery-item'>\n\t\t\t\t<dt class='gallery-icon landscape'>\n\t\t\t\t\t<a class=\"rollover rollover-zoom dt-pswp-item\" title=\"859b8283-80fa-44a9-b2be-85c114f82793\" data-dt-img-description=\"\" data-large_image_width=\"1920\" data-large_image_height=\"1080\"href='https:\/\/www.radiopiu.net\/wordpress\/wp-content\/uploads\/2024\/01\/859b8283-80fa-44a9-b2be-85c114f82793.jpg'><img loading=\"lazy\" decoding=\"async\" width=\"150\" height=\"150\" src=\"https:\/\/www.radiopiu.net\/wordpress\/wp-content\/uploads\/2024\/01\/859b8283-80fa-44a9-b2be-85c114f82793-150x150.jpg\" class=\"attachment-thumbnail size-thumbnail\" alt=\"\" \/><\/a>\n\t\t\t\t<\/dt><\/dl><dl class='gallery-item'>\n\t\t\t\t<dt class='gallery-icon landscape'>\n\t\t\t\t\t<a class=\"rollover rollover-zoom dt-pswp-item\" title=\"4eb98a44-9217-43e6-a8a8-c49e6b6faf2a\" data-dt-img-description=\"\" data-large_image_width=\"1920\" data-large_image_height=\"1080\"href='https:\/\/www.radiopiu.net\/wordpress\/wp-content\/uploads\/2024\/01\/4eb98a44-9217-43e6-a8a8-c49e6b6faf2a.jpg'><img loading=\"lazy\" decoding=\"async\" width=\"150\" height=\"150\" src=\"https:\/\/www.radiopiu.net\/wordpress\/wp-content\/uploads\/2024\/01\/4eb98a44-9217-43e6-a8a8-c49e6b6faf2a-150x150.jpg\" class=\"attachment-thumbnail size-thumbnail\" alt=\"\" \/><\/a>\n\t\t\t\t<\/dt><\/dl><dl class='gallery-item'>\n\t\t\t\t<dt class='gallery-icon landscape'>\n\t\t\t\t\t<a class=\"rollover rollover-zoom dt-pswp-item\" title=\"09538f34-375b-4866-b7eb-3dc302f89329\" data-dt-img-description=\"\" data-large_image_width=\"1920\" data-large_image_height=\"1080\"href='https:\/\/www.radiopiu.net\/wordpress\/wp-content\/uploads\/2024\/01\/09538f34-375b-4866-b7eb-3dc302f89329.jpg'><img loading=\"lazy\" decoding=\"async\" width=\"150\" height=\"150\" src=\"https:\/\/www.radiopiu.net\/wordpress\/wp-content\/uploads\/2024\/01\/09538f34-375b-4866-b7eb-3dc302f89329-150x150.jpg\" class=\"attachment-thumbnail size-thumbnail\" alt=\"\" \/><\/a>\n\t\t\t\t<\/dt><\/dl><br style=\"clear: both\" \/><dl class='gallery-item'>\n\t\t\t\t<dt class='gallery-icon landscape'>\n\t\t\t\t\t<a class=\"rollover rollover-zoom dt-pswp-item\" title=\"5b0e68db-2558-445f-8f93-c7a81e246e9f\" data-dt-img-description=\"\" data-large_image_width=\"1920\" data-large_image_height=\"1080\"href='https:\/\/www.radiopiu.net\/wordpress\/wp-content\/uploads\/2024\/01\/5b0e68db-2558-445f-8f93-c7a81e246e9f.jpg'><img loading=\"lazy\" decoding=\"async\" width=\"150\" height=\"150\" src=\"https:\/\/www.radiopiu.net\/wordpress\/wp-content\/uploads\/2024\/01\/5b0e68db-2558-445f-8f93-c7a81e246e9f-150x150.jpg\" class=\"attachment-thumbnail size-thumbnail\" alt=\"\" \/><\/a>\n\t\t\t\t<\/dt><\/dl><dl class='gallery-item'>\n\t\t\t\t<dt class='gallery-icon landscape'>\n\t\t\t\t\t<a class=\"rollover rollover-zoom dt-pswp-item\" title=\"a321584c-6ccc-4986-98d1-88e46e811023\" data-dt-img-description=\"\" data-large_image_width=\"1920\" data-large_image_height=\"1080\"href='https:\/\/www.radiopiu.net\/wordpress\/wp-content\/uploads\/2024\/01\/a321584c-6ccc-4986-98d1-88e46e811023.jpg'><img loading=\"lazy\" decoding=\"async\" width=\"150\" height=\"150\" src=\"https:\/\/www.radiopiu.net\/wordpress\/wp-content\/uploads\/2024\/01\/a321584c-6ccc-4986-98d1-88e46e811023-150x150.jpg\" class=\"attachment-thumbnail size-thumbnail\" alt=\"\" \/><\/a>\n\t\t\t\t<\/dt><\/dl><dl class='gallery-item'>\n\t\t\t\t<dt class='gallery-icon landscape'>\n\t\t\t\t\t<a class=\"rollover rollover-zoom dt-pswp-item\" title=\"1eb5b5d6-5e97-441f-b739-964903c75508\" data-dt-img-description=\"\" data-large_image_width=\"1920\" data-large_image_height=\"1080\"href='https:\/\/www.radiopiu.net\/wordpress\/wp-content\/uploads\/2024\/01\/1eb5b5d6-5e97-441f-b739-964903c75508.jpg'><img loading=\"lazy\" decoding=\"async\" width=\"150\" height=\"150\" src=\"https:\/\/www.radiopiu.net\/wordpress\/wp-content\/uploads\/2024\/01\/1eb5b5d6-5e97-441f-b739-964903c75508-150x150.jpg\" class=\"attachment-thumbnail size-thumbnail\" alt=\"\" \/><\/a>\n\t\t\t\t<\/dt><\/dl><dl class='gallery-item'>\n\t\t\t\t<dt class='gallery-icon landscape'>\n\t\t\t\t\t<a class=\"rollover rollover-zoom dt-pswp-item\" title=\"3f665123-acae-4616-b1b1-e1a45ce1a2b4\" data-dt-img-description=\"\" data-large_image_width=\"1920\" data-large_image_height=\"1080\"href='https:\/\/www.radiopiu.net\/wordpress\/wp-content\/uploads\/2024\/01\/3f665123-acae-4616-b1b1-e1a45ce1a2b4.jpg'><img loading=\"lazy\" decoding=\"async\" width=\"150\" height=\"150\" src=\"https:\/\/www.radiopiu.net\/wordpress\/wp-content\/uploads\/2024\/01\/3f665123-acae-4616-b1b1-e1a45ce1a2b4-150x150.jpg\" class=\"attachment-thumbnail size-thumbnail\" alt=\"\" \/><\/a>\n\t\t\t\t<\/dt><\/dl><dl class='gallery-item'>\n\t\t\t\t<dt class='gallery-icon landscape'>\n\t\t\t\t\t<a class=\"rollover rollover-zoom dt-pswp-item\" title=\"f65cdc19-b2ef-439d-b0cb-dc790a50b09e\" data-dt-img-description=\"\" data-large_image_width=\"1920\" data-large_image_height=\"1080\"href='https:\/\/www.radiopiu.net\/wordpress\/wp-content\/uploads\/2024\/01\/f65cdc19-b2ef-439d-b0cb-dc790a50b09e.jpg'><img loading=\"lazy\" decoding=\"async\" width=\"150\" height=\"150\" src=\"https:\/\/www.radiopiu.net\/wordpress\/wp-content\/uploads\/2024\/01\/f65cdc19-b2ef-439d-b0cb-dc790a50b09e-150x150.jpg\" class=\"attachment-thumbnail size-thumbnail\" alt=\"\" \/><\/a>\n\t\t\t\t<\/dt><\/dl><dl class='gallery-item'>\n\t\t\t\t<dt class='gallery-icon landscape'>\n\t\t\t\t\t<a class=\"rollover rollover-zoom dt-pswp-item\" title=\"8fbf9353-e15b-4cc8-98a2-4cef3073b152\" data-dt-img-description=\"\" data-large_image_width=\"1920\" data-large_image_height=\"1080\"href='https:\/\/www.radiopiu.net\/wordpress\/wp-content\/uploads\/2024\/01\/8fbf9353-e15b-4cc8-98a2-4cef3073b152.jpg'><img loading=\"lazy\" decoding=\"async\" width=\"150\" height=\"150\" src=\"https:\/\/www.radiopiu.net\/wordpress\/wp-content\/uploads\/2024\/01\/8fbf9353-e15b-4cc8-98a2-4cef3073b152-150x150.jpg\" class=\"attachment-thumbnail size-thumbnail\" alt=\"\" \/><\/a>\n\t\t\t\t<\/dt><\/dl><dl class='gallery-item'>\n\t\t\t\t<dt class='gallery-icon landscape'>\n\t\t\t\t\t<a class=\"rollover rollover-zoom dt-pswp-item\" title=\"9c4b282a-fe62-42fd-879a-f86f5f9735cd\" data-dt-img-description=\"\" data-large_image_width=\"1920\" data-large_image_height=\"1080\"href='https:\/\/www.radiopiu.net\/wordpress\/wp-content\/uploads\/2024\/01\/9c4b282a-fe62-42fd-879a-f86f5f9735cd.jpg'><img loading=\"lazy\" decoding=\"async\" width=\"150\" height=\"150\" src=\"https:\/\/www.radiopiu.net\/wordpress\/wp-content\/uploads\/2024\/01\/9c4b282a-fe62-42fd-879a-f86f5f9735cd-150x150.jpg\" class=\"attachment-thumbnail size-thumbnail\" alt=\"\" \/><\/a>\n\t\t\t\t<\/dt><\/dl><dl class='gallery-item'>\n\t\t\t\t<dt class='gallery-icon landscape'>\n\t\t\t\t\t<a class=\"rollover rollover-zoom dt-pswp-item\" title=\"0a79a522-6e7a-4e00-a868-b26ba72d5a17\" data-dt-img-description=\"\" data-large_image_width=\"1920\" data-large_image_height=\"1080\"href='https:\/\/www.radiopiu.net\/wordpress\/wp-content\/uploads\/2024\/01\/0a79a522-6e7a-4e00-a868-b26ba72d5a17.jpg'><img loading=\"lazy\" decoding=\"async\" width=\"150\" height=\"150\" src=\"https:\/\/www.radiopiu.net\/wordpress\/wp-content\/uploads\/2024\/01\/0a79a522-6e7a-4e00-a868-b26ba72d5a17-150x150.jpg\" class=\"attachment-thumbnail size-thumbnail\" alt=\"\" \/><\/a>\n\t\t\t\t<\/dt><\/dl><dl class='gallery-item'>\n\t\t\t\t<dt class='gallery-icon landscape'>\n\t\t\t\t\t<a class=\"rollover rollover-zoom dt-pswp-item\" title=\"b4202d8d-12a7-4ef2-9f25-c8799c7f2844\" data-dt-img-description=\"\" data-large_image_width=\"1920\" data-large_image_height=\"1080\"href='https:\/\/www.radiopiu.net\/wordpress\/wp-content\/uploads\/2024\/01\/b4202d8d-12a7-4ef2-9f25-c8799c7f2844.jpg'><img loading=\"lazy\" decoding=\"async\" width=\"150\" height=\"150\" src=\"https:\/\/www.radiopiu.net\/wordpress\/wp-content\/uploads\/2024\/01\/b4202d8d-12a7-4ef2-9f25-c8799c7f2844-150x150.jpg\" class=\"attachment-thumbnail size-thumbnail\" alt=\"\" \/><\/a>\n\t\t\t\t<\/dt><\/dl><br style=\"clear: both\" \/><dl class='gallery-item'>\n\t\t\t\t<dt class='gallery-icon landscape'>\n\t\t\t\t\t<a class=\"rollover rollover-zoom dt-pswp-item\" title=\"79d7df09-97bc-463b-bb4d-749d3e0b64fd\" data-dt-img-description=\"\" data-large_image_width=\"2048\" data-large_image_height=\"1152\"href='https:\/\/www.radiopiu.net\/wordpress\/wp-content\/uploads\/2024\/01\/79d7df09-97bc-463b-bb4d-749d3e0b64fd.jpg'><img loading=\"lazy\" decoding=\"async\" width=\"150\" height=\"150\" src=\"https:\/\/www.radiopiu.net\/wordpress\/wp-content\/uploads\/2024\/01\/79d7df09-97bc-463b-bb4d-749d3e0b64fd-150x150.jpg\" class=\"attachment-thumbnail size-thumbnail\" alt=\"\" \/><\/a>\n\t\t\t\t<\/dt><\/dl><dl class='gallery-item'>\n\t\t\t\t<dt class='gallery-icon landscape'>\n\t\t\t\t\t<a class=\"rollover rollover-zoom dt-pswp-item\" title=\"1719c485-6ace-47a8-98f7-221b98ca3f50\" data-dt-img-description=\"\" data-large_image_width=\"1920\" data-large_image_height=\"1080\"href='https:\/\/www.radiopiu.net\/wordpress\/wp-content\/uploads\/2024\/01\/1719c485-6ace-47a8-98f7-221b98ca3f50.jpg'><img loading=\"lazy\" decoding=\"async\" width=\"150\" height=\"150\" src=\"https:\/\/www.radiopiu.net\/wordpress\/wp-content\/uploads\/2024\/01\/1719c485-6ace-47a8-98f7-221b98ca3f50-150x150.jpg\" class=\"attachment-thumbnail size-thumbnail\" alt=\"\" \/><\/a>\n\t\t\t\t<\/dt><\/dl><dl class='gallery-item'>\n\t\t\t\t<dt class='gallery-icon landscape'>\n\t\t\t\t\t<a class=\"rollover rollover-zoom dt-pswp-item\" title=\"1416097c-f8c3-451f-b10c-b1195b742424\" data-dt-img-description=\"\" data-large_image_width=\"1920\" data-large_image_height=\"1080\"href='https:\/\/www.radiopiu.net\/wordpress\/wp-content\/uploads\/2024\/01\/1416097c-f8c3-451f-b10c-b1195b742424.jpg'><img loading=\"lazy\" decoding=\"async\" width=\"150\" height=\"150\" src=\"https:\/\/www.radiopiu.net\/wordpress\/wp-content\/uploads\/2024\/01\/1416097c-f8c3-451f-b10c-b1195b742424-150x150.jpg\" class=\"attachment-thumbnail size-thumbnail\" alt=\"\" \/><\/a>\n\t\t\t\t<\/dt><\/dl><dl class='gallery-item'>\n\t\t\t\t<dt class='gallery-icon landscape'>\n\t\t\t\t\t<a class=\"rollover rollover-zoom dt-pswp-item\" title=\"b1453148-86ce-443b-881d-eef08a4ee263\" data-dt-img-description=\"\" data-large_image_width=\"1920\" data-large_image_height=\"1080\"href='https:\/\/www.radiopiu.net\/wordpress\/wp-content\/uploads\/2024\/01\/b1453148-86ce-443b-881d-eef08a4ee263.jpg'><img loading=\"lazy\" decoding=\"async\" width=\"150\" height=\"150\" src=\"https:\/\/www.radiopiu.net\/wordpress\/wp-content\/uploads\/2024\/01\/b1453148-86ce-443b-881d-eef08a4ee263-150x150.jpg\" class=\"attachment-thumbnail size-thumbnail\" alt=\"\" \/><\/a>\n\t\t\t\t<\/dt><\/dl><dl class='gallery-item'>\n\t\t\t\t<dt class='gallery-icon portrait'>\n\t\t\t\t\t<a class=\"rollover rollover-zoom dt-pswp-item\" title=\"10aceea6-7ce2-46cb-9605-4503a0f26c13\" data-dt-img-description=\"\" data-large_image_width=\"1080\" data-large_image_height=\"1920\"href='https:\/\/www.radiopiu.net\/wordpress\/wp-content\/uploads\/2024\/01\/10aceea6-7ce2-46cb-9605-4503a0f26c13.jpg'><img loading=\"lazy\" decoding=\"async\" width=\"150\" height=\"150\" src=\"https:\/\/www.radiopiu.net\/wordpress\/wp-content\/uploads\/2024\/01\/10aceea6-7ce2-46cb-9605-4503a0f26c13-150x150.jpg\" class=\"attachment-thumbnail size-thumbnail\" alt=\"\" \/><\/a>\n\t\t\t\t<\/dt><\/dl><dl class='gallery-item'>\n\t\t\t\t<dt class='gallery-icon landscape'>\n\t\t\t\t\t<a class=\"rollover rollover-zoom dt-pswp-item\" title=\"72c6a4e3-0824-4b0a-aab4-30a0b8b6b274\" data-dt-img-description=\"\" data-large_image_width=\"1920\" data-large_image_height=\"1080\"href='https:\/\/www.radiopiu.net\/wordpress\/wp-content\/uploads\/2024\/01\/72c6a4e3-0824-4b0a-aab4-30a0b8b6b274.jpg'><img loading=\"lazy\" decoding=\"async\" width=\"150\" height=\"150\" src=\"https:\/\/www.radiopiu.net\/wordpress\/wp-content\/uploads\/2024\/01\/72c6a4e3-0824-4b0a-aab4-30a0b8b6b274-150x150.jpg\" class=\"attachment-thumbnail size-thumbnail\" alt=\"\" \/><\/a>\n\t\t\t\t<\/dt><\/dl><dl class='gallery-item'>\n\t\t\t\t<dt class='gallery-icon landscape'>\n\t\t\t\t\t<a class=\"rollover rollover-zoom dt-pswp-item\" title=\"eea44ba5-76dc-460b-b75e-6cf563628699\" data-dt-img-description=\"\" data-large_image_width=\"1920\" data-large_image_height=\"1080\"href='https:\/\/www.radiopiu.net\/wordpress\/wp-content\/uploads\/2024\/01\/eea44ba5-76dc-460b-b75e-6cf563628699.jpg'><img loading=\"lazy\" decoding=\"async\" width=\"150\" height=\"150\" src=\"https:\/\/www.radiopiu.net\/wordpress\/wp-content\/uploads\/2024\/01\/eea44ba5-76dc-460b-b75e-6cf563628699-150x150.jpg\" class=\"attachment-thumbnail size-thumbnail\" alt=\"\" \/><\/a>\n\t\t\t\t<\/dt><\/dl><dl class='gallery-item'>\n\t\t\t\t<dt class='gallery-icon portrait'>\n\t\t\t\t\t<a class=\"rollover rollover-zoom dt-pswp-item\" title=\"042afad3-9213-4361-a5f4-57a1c96b0c8e\" data-dt-img-description=\"\" data-large_image_width=\"1080\" data-large_image_height=\"1920\"href='https:\/\/www.radiopiu.net\/wordpress\/wp-content\/uploads\/2024\/01\/042afad3-9213-4361-a5f4-57a1c96b0c8e.jpg'><img loading=\"lazy\" decoding=\"async\" width=\"150\" height=\"150\" src=\"https:\/\/www.radiopiu.net\/wordpress\/wp-content\/uploads\/2024\/01\/042afad3-9213-4361-a5f4-57a1c96b0c8e-150x150.jpg\" class=\"attachment-thumbnail size-thumbnail\" alt=\"\" \/><\/a>\n\t\t\t\t<\/dt><\/dl><dl class='gallery-item'>\n\t\t\t\t<dt class='gallery-icon landscape'>\n\t\t\t\t\t<a class=\"rollover rollover-zoom dt-pswp-item\" title=\"fe154ae8-c960-480d-b2a9-e15e36cacd02-1\" data-dt-img-description=\"\" data-large_image_width=\"1599\" data-large_image_height=\"899\"href='https:\/\/www.radiopiu.net\/wordpress\/wp-content\/uploads\/2024\/01\/fe154ae8-c960-480d-b2a9-e15e36cacd02-1.jpg'><img loading=\"lazy\" decoding=\"async\" width=\"150\" height=\"150\" src=\"https:\/\/www.radiopiu.net\/wordpress\/wp-content\/uploads\/2024\/01\/fe154ae8-c960-480d-b2a9-e15e36cacd02-1-150x150.jpg\" class=\"attachment-thumbnail size-thumbnail\" alt=\"\" \/><\/a>\n\t\t\t\t<\/dt><\/dl><br style=\"clear: both\" \/><dl class='gallery-item'>\n\t\t\t\t<dt class='gallery-icon landscape'>\n\t\t\t\t\t<a class=\"rollover rollover-zoom dt-pswp-item\" title=\"2f9a8e2a-2b9a-4b51-a149-8276dfba385c-1\" data-dt-img-description=\"\" data-large_image_width=\"1599\" data-large_image_height=\"899\"href='https:\/\/www.radiopiu.net\/wordpress\/wp-content\/uploads\/2024\/01\/2f9a8e2a-2b9a-4b51-a149-8276dfba385c-1.jpg'><img loading=\"lazy\" decoding=\"async\" width=\"150\" height=\"150\" src=\"https:\/\/www.radiopiu.net\/wordpress\/wp-content\/uploads\/2024\/01\/2f9a8e2a-2b9a-4b51-a149-8276dfba385c-1-150x150.jpg\" class=\"attachment-thumbnail size-thumbnail\" alt=\"\" \/><\/a>\n\t\t\t\t<\/dt><\/dl><dl class='gallery-item'>\n\t\t\t\t<dt class='gallery-icon landscape'>\n\t\t\t\t\t<a class=\"rollover rollover-zoom dt-pswp-item\" title=\"ba7e293b-2545-48d9-8e47-39a6a2ec000f-1\" data-dt-img-description=\"\" data-large_image_width=\"1599\" data-large_image_height=\"899\"href='https:\/\/www.radiopiu.net\/wordpress\/wp-content\/uploads\/2024\/01\/ba7e293b-2545-48d9-8e47-39a6a2ec000f-1.jpg'><img loading=\"lazy\" decoding=\"async\" width=\"150\" height=\"150\" src=\"https:\/\/www.radiopiu.net\/wordpress\/wp-content\/uploads\/2024\/01\/ba7e293b-2545-48d9-8e47-39a6a2ec000f-1-150x150.jpg\" class=\"attachment-thumbnail size-thumbnail\" alt=\"\" \/><\/a>\n\t\t\t\t<\/dt><\/dl><dl class='gallery-item'>\n\t\t\t\t<dt class='gallery-icon landscape'>\n\t\t\t\t\t<a class=\"rollover rollover-zoom dt-pswp-item\" title=\"136f34ac-91c1-4b79-9681-2ee4f4b5eb94-1\" data-dt-img-description=\"\" data-large_image_width=\"1599\" data-large_image_height=\"899\"href='https:\/\/www.radiopiu.net\/wordpress\/wp-content\/uploads\/2024\/01\/136f34ac-91c1-4b79-9681-2ee4f4b5eb94-1.jpg'><img loading=\"lazy\" decoding=\"async\" width=\"150\" height=\"150\" src=\"https:\/\/www.radiopiu.net\/wordpress\/wp-content\/uploads\/2024\/01\/136f34ac-91c1-4b79-9681-2ee4f4b5eb94-1-150x150.jpg\" class=\"attachment-thumbnail size-thumbnail\" alt=\"\" \/><\/a>\n\t\t\t\t<\/dt><\/dl><dl class='gallery-item'>\n\t\t\t\t<dt class='gallery-icon landscape'>\n\t\t\t\t\t<a class=\"rollover rollover-zoom dt-pswp-item\" title=\"efaa407f-ce76-4c4b-b48d-1ccdd2f55d42\" data-dt-img-description=\"\" data-large_image_width=\"1599\" data-large_image_height=\"899\"href='https:\/\/www.radiopiu.net\/wordpress\/wp-content\/uploads\/2024\/01\/efaa407f-ce76-4c4b-b48d-1ccdd2f55d42.jpg'><img loading=\"lazy\" decoding=\"async\" width=\"150\" height=\"150\" src=\"https:\/\/www.radiopiu.net\/wordpress\/wp-content\/uploads\/2024\/01\/efaa407f-ce76-4c4b-b48d-1ccdd2f55d42-150x150.jpg\" class=\"attachment-thumbnail size-thumbnail\" alt=\"\" \/><\/a>\n\t\t\t\t<\/dt><\/dl><dl class='gallery-item'>\n\t\t\t\t<dt class='gallery-icon landscape'>\n\t\t\t\t\t<a class=\"rollover rollover-zoom dt-pswp-item\" title=\"fba182e0-f1c6-4fab-a4c3-86d97ec346e0-1\" data-dt-img-description=\"\" data-large_image_width=\"1599\" data-large_image_height=\"899\"href='https:\/\/www.radiopiu.net\/wordpress\/wp-content\/uploads\/2024\/01\/fba182e0-f1c6-4fab-a4c3-86d97ec346e0-1.jpg'><img loading=\"lazy\" decoding=\"async\" width=\"150\" height=\"150\" src=\"https:\/\/www.radiopiu.net\/wordpress\/wp-content\/uploads\/2024\/01\/fba182e0-f1c6-4fab-a4c3-86d97ec346e0-1-150x150.jpg\" class=\"attachment-thumbnail size-thumbnail\" alt=\"\" \/><\/a>\n\t\t\t\t<\/dt><\/dl><dl class='gallery-item'>\n\t\t\t\t<dt class='gallery-icon landscape'>\n\t\t\t\t\t<a class=\"rollover rollover-zoom dt-pswp-item\" title=\"8e73493e-c866-41c7-ae5b-6063d94dc100-1\" data-dt-img-description=\"\" data-large_image_width=\"1920\" data-large_image_height=\"1080\"href='https:\/\/www.radiopiu.net\/wordpress\/wp-content\/uploads\/2024\/01\/8e73493e-c866-41c7-ae5b-6063d94dc100-1.jpg'><img loading=\"lazy\" decoding=\"async\" width=\"150\" height=\"150\" src=\"https:\/\/www.radiopiu.net\/wordpress\/wp-content\/uploads\/2024\/01\/8e73493e-c866-41c7-ae5b-6063d94dc100-1-150x150.jpg\" class=\"attachment-thumbnail size-thumbnail\" alt=\"\" \/><\/a>\n\t\t\t\t<\/dt><\/dl><dl class='gallery-item'>\n\t\t\t\t<dt class='gallery-icon landscape'>\n\t\t\t\t\t<a class=\"rollover rollover-zoom dt-pswp-item\" title=\"6b9efaff-37a4-4ead-9af2-6ebc775124ee-1\" data-dt-img-description=\"\" data-large_image_width=\"1920\" data-large_image_height=\"1080\"href='https:\/\/www.radiopiu.net\/wordpress\/wp-content\/uploads\/2024\/01\/6b9efaff-37a4-4ead-9af2-6ebc775124ee-1.jpg'><img loading=\"lazy\" decoding=\"async\" width=\"150\" height=\"150\" src=\"https:\/\/www.radiopiu.net\/wordpress\/wp-content\/uploads\/2024\/01\/6b9efaff-37a4-4ead-9af2-6ebc775124ee-1-150x150.jpg\" class=\"attachment-thumbnail size-thumbnail\" alt=\"\" \/><\/a>\n\t\t\t\t<\/dt><\/dl><dl class='gallery-item'>\n\t\t\t\t<dt class='gallery-icon landscape'>\n\t\t\t\t\t<a class=\"rollover rollover-zoom dt-pswp-item\" title=\"a3c7121b-aeaf-41be-969e-d5ff0089bcd6\" data-dt-img-description=\"\" data-large_image_width=\"1920\" data-large_image_height=\"1080\"href='https:\/\/www.radiopiu.net\/wordpress\/wp-content\/uploads\/2024\/01\/a3c7121b-aeaf-41be-969e-d5ff0089bcd6.jpg'><img loading=\"lazy\" decoding=\"async\" width=\"150\" height=\"150\" src=\"https:\/\/www.radiopiu.net\/wordpress\/wp-content\/uploads\/2024\/01\/a3c7121b-aeaf-41be-969e-d5ff0089bcd6-150x150.jpg\" class=\"attachment-thumbnail size-thumbnail\" alt=\"\" \/><\/a>\n\t\t\t\t<\/dt><\/dl><dl class='gallery-item'>\n\t\t\t\t<dt class='gallery-icon landscape'>\n\t\t\t\t\t<a class=\"rollover rollover-zoom dt-pswp-item\" title=\"9b694a7c-3df4-4eff-817b-ab4c52c627ba\" data-dt-img-description=\"\" data-large_image_width=\"1920\" data-large_image_height=\"1080\"href='https:\/\/www.radiopiu.net\/wordpress\/wp-content\/uploads\/2024\/01\/9b694a7c-3df4-4eff-817b-ab4c52c627ba.jpg'><img loading=\"lazy\" decoding=\"async\" width=\"150\" height=\"150\" src=\"https:\/\/www.radiopiu.net\/wordpress\/wp-content\/uploads\/2024\/01\/9b694a7c-3df4-4eff-817b-ab4c52c627ba-150x150.jpg\" class=\"attachment-thumbnail size-thumbnail\" alt=\"\" \/><\/a>\n\t\t\t\t<\/dt><\/dl><br style=\"clear: both\" \/><dl class='gallery-item'>\n\t\t\t\t<dt class='gallery-icon landscape'>\n\t\t\t\t\t<a class=\"rollover rollover-zoom dt-pswp-item\" title=\"e916ab5b-9d12-46ec-b4dc-b2493776b4e9\" data-dt-img-description=\"\" data-large_image_width=\"1920\" data-large_image_height=\"1080\"href='https:\/\/www.radiopiu.net\/wordpress\/wp-content\/uploads\/2024\/01\/e916ab5b-9d12-46ec-b4dc-b2493776b4e9.jpg'><img loading=\"lazy\" decoding=\"async\" width=\"150\" height=\"150\" src=\"https:\/\/www.radiopiu.net\/wordpress\/wp-content\/uploads\/2024\/01\/e916ab5b-9d12-46ec-b4dc-b2493776b4e9-150x150.jpg\" class=\"attachment-thumbnail size-thumbnail\" alt=\"\" \/><\/a>\n\t\t\t\t<\/dt><\/dl><dl class='gallery-item'>\n\t\t\t\t<dt class='gallery-icon landscape'>\n\t\t\t\t\t<a class=\"rollover rollover-zoom dt-pswp-item\" title=\"424cca08-1bb5-493a-921c-6228368cfd2f-1\" data-dt-img-description=\"\" data-large_image_width=\"1920\" data-large_image_height=\"1080\"href='https:\/\/www.radiopiu.net\/wordpress\/wp-content\/uploads\/2024\/01\/424cca08-1bb5-493a-921c-6228368cfd2f-1.jpg'><img loading=\"lazy\" decoding=\"async\" width=\"150\" height=\"150\" src=\"https:\/\/www.radiopiu.net\/wordpress\/wp-content\/uploads\/2024\/01\/424cca08-1bb5-493a-921c-6228368cfd2f-1-150x150.jpg\" class=\"attachment-thumbnail size-thumbnail\" alt=\"\" \/><\/a>\n\t\t\t\t<\/dt><\/dl><dl class='gallery-item'>\n\t\t\t\t<dt class='gallery-icon landscape'>\n\t\t\t\t\t<a class=\"rollover rollover-zoom dt-pswp-item\" title=\"e09e379c-1c48-4a85-8c36-5a182961b235-1\" data-dt-img-description=\"\" data-large_image_width=\"1920\" data-large_image_height=\"1080\"href='https:\/\/www.radiopiu.net\/wordpress\/wp-content\/uploads\/2024\/01\/e09e379c-1c48-4a85-8c36-5a182961b235-1.jpg'><img loading=\"lazy\" decoding=\"async\" width=\"150\" height=\"150\" src=\"https:\/\/www.radiopiu.net\/wordpress\/wp-content\/uploads\/2024\/01\/e09e379c-1c48-4a85-8c36-5a182961b235-1-150x150.jpg\" class=\"attachment-thumbnail size-thumbnail\" alt=\"\" \/><\/a>\n\t\t\t\t<\/dt><\/dl><dl class='gallery-item'>\n\t\t\t\t<dt class='gallery-icon landscape'>\n\t\t\t\t\t<a class=\"rollover rollover-zoom dt-pswp-item\" title=\"859b8283-80fa-44a9-b2be-85c114f82793-1\" data-dt-img-description=\"\" data-large_image_width=\"1920\" data-large_image_height=\"1080\"href='https:\/\/www.radiopiu.net\/wordpress\/wp-content\/uploads\/2024\/01\/859b8283-80fa-44a9-b2be-85c114f82793-1.jpg'><img loading=\"lazy\" decoding=\"async\" width=\"150\" height=\"150\" src=\"https:\/\/www.radiopiu.net\/wordpress\/wp-content\/uploads\/2024\/01\/859b8283-80fa-44a9-b2be-85c114f82793-1-150x150.jpg\" class=\"attachment-thumbnail size-thumbnail\" alt=\"\" \/><\/a>\n\t\t\t\t<\/dt><\/dl><dl class='gallery-item'>\n\t\t\t\t<dt class='gallery-icon landscape'>\n\t\t\t\t\t<a class=\"rollover rollover-zoom dt-pswp-item\" title=\"4eb98a44-9217-43e6-a8a8-c49e6b6faf2a-1\" data-dt-img-description=\"\" data-large_image_width=\"1920\" data-large_image_height=\"1080\"href='https:\/\/www.radiopiu.net\/wordpress\/wp-content\/uploads\/2024\/01\/4eb98a44-9217-43e6-a8a8-c49e6b6faf2a-1.jpg'><img loading=\"lazy\" decoding=\"async\" width=\"150\" height=\"150\" src=\"https:\/\/www.radiopiu.net\/wordpress\/wp-content\/uploads\/2024\/01\/4eb98a44-9217-43e6-a8a8-c49e6b6faf2a-1-150x150.jpg\" class=\"attachment-thumbnail size-thumbnail\" alt=\"\" \/><\/a>\n\t\t\t\t<\/dt><\/dl><dl class='gallery-item'>\n\t\t\t\t<dt class='gallery-icon landscape'>\n\t\t\t\t\t<a class=\"rollover rollover-zoom dt-pswp-item\" title=\"0e57d457-0221-4bf5-aad0-a6496dbbe514\" data-dt-img-description=\"\" data-large_image_width=\"1920\" data-large_image_height=\"1080\"href='https:\/\/www.radiopiu.net\/wordpress\/wp-content\/uploads\/2024\/01\/0e57d457-0221-4bf5-aad0-a6496dbbe514.jpg'><img loading=\"lazy\" decoding=\"async\" width=\"150\" height=\"150\" src=\"https:\/\/www.radiopiu.net\/wordpress\/wp-content\/uploads\/2024\/01\/0e57d457-0221-4bf5-aad0-a6496dbbe514-150x150.jpg\" class=\"attachment-thumbnail size-thumbnail\" alt=\"\" \/><\/a>\n\t\t\t\t<\/dt><\/dl>\n\t\t\t\t<br style='clear: both' \/>\n\t\t\t<\/div>\n\n<p>&nbsp;<\/p>\n<p>&nbsp;<\/p>\n<hr \/>\n<p>&nbsp;<\/p>\n<blockquote>\n<h3>OLTRE 3 MILIONI DI EURO AI COMUNI PER INTERVENTI DI BONIFICA SITI INQUINATI<\/h3>\n<\/blockquote>\n<p><strong><a class=\"dt-pswp-item\" href=\"https:\/\/www.radiopiu.net\/wordpress\/wp-content\/uploads\/2023\/03\/AllegheVeneto-scaled.jpg\" data-dt-img-description=\"\" data-large_image_width=\"2560\" data-large_image_height=\"1920\"><img loading=\"lazy\" decoding=\"async\" class=\" wp-image-327219 alignleft\" src=\"https:\/\/www.radiopiu.net\/wordpress\/wp-content\/uploads\/2023\/03\/AllegheVeneto-300x225.jpg\" alt=\"\" width=\"163\" height=\"122\" srcset=\"https:\/\/www.radiopiu.net\/wordpress\/wp-content\/uploads\/2023\/03\/AllegheVeneto-300x225.jpg 300w, https:\/\/www.radiopiu.net\/wordpress\/wp-content\/uploads\/2023\/03\/AllegheVeneto-1024x768.jpg 1024w, https:\/\/www.radiopiu.net\/wordpress\/wp-content\/uploads\/2023\/03\/AllegheVeneto-768x576.jpg 768w, https:\/\/www.radiopiu.net\/wordpress\/wp-content\/uploads\/2023\/03\/AllegheVeneto-1536x1152.jpg 1536w, https:\/\/www.radiopiu.net\/wordpress\/wp-content\/uploads\/2023\/03\/AllegheVeneto-2048x1536.jpg 2048w\" sizes=\"auto, (max-width: 163px) 100vw, 163px\" \/><\/a>VENEZIA<\/strong> La Giunta regionale ha completato le istruttorie del bando per l&#8217;assegnazione di contributi per piccoli interventi di bonifica ambientale di siti inquinati. I Comuni beneficiari sono Jesolo, Conegliano, Musile di Piave, Alleghe, Campo San Martino, Villadose, Castelgomberto, Marcon, Cinto Caomaggiore. I contributi coprono il 100% delle spese di bonifica e interessano aree sia di propriet\u00e0 pubblica che privata. Villadose ricever\u00e0 un milione di euro per la bonifica dell&#8217;area presso l&#8217;ex &#8220;Isola Verde&#8221;, Conegliano ottiene 800mila euro per la messa in sicurezza della ex discarica &#8220;Fosse Tomasi&#8221;, e Jesolo riceve 790mila euro per la bonifica della falda dell&#8217;ex stazione di travaso in via Bassa. Gli altri contributi variano da 25mila a 185mila euro, per un totale di circa 3,3 milioni di euro. Le risorse sono state rimesse in gioco a causa del mancato avvio dei lavori di bonifica nel Comune di Crocetta del Montello, che aveva precedentemente ricevuto un contributo di quasi 5 milioni di euro. La mancata esecuzione dei lavori ha portato alla revoca del contributo, che \u00e8 stato successivamente destinato ad altri interventi di bonifica.<\/p>\n<p>&nbsp;<\/p>\n<p>&nbsp;<\/p>\n<hr \/>\n<p>&nbsp;<\/p>\n<blockquote>\n<h3>FORMAZIONE. NOVITA\u2019 NELLA PROGRAMMAZIONE DELL\u2019OFFERTA FORMATIVA<\/h3>\n<\/blockquote>\n<p><strong><a class=\"dt-pswp-item\" href=\"https:\/\/www.radiopiu.net\/wordpress\/wp-content\/uploads\/2020\/04\/DONAZZAN-e1604585643454.jpg\" data-dt-img-description=\"\" data-large_image_width=\"2048\" data-large_image_height=\"2048\"><img loading=\"lazy\" decoding=\"async\" class=\" wp-image-128499 alignleft\" src=\"https:\/\/www.radiopiu.net\/wordpress\/wp-content\/uploads\/2020\/04\/DONAZZAN-e1604585643454-300x300.jpg\" alt=\"\" width=\"134\" height=\"134\" srcset=\"https:\/\/www.radiopiu.net\/wordpress\/wp-content\/uploads\/2020\/04\/DONAZZAN-e1604585643454-300x300.jpg 300w, https:\/\/www.radiopiu.net\/wordpress\/wp-content\/uploads\/2020\/04\/DONAZZAN-e1604585643454-1024x1024.jpg 1024w, https:\/\/www.radiopiu.net\/wordpress\/wp-content\/uploads\/2020\/04\/DONAZZAN-e1604585643454-150x150.jpg 150w, https:\/\/www.radiopiu.net\/wordpress\/wp-content\/uploads\/2020\/04\/DONAZZAN-e1604585643454-768x768.jpg 768w, https:\/\/www.radiopiu.net\/wordpress\/wp-content\/uploads\/2020\/04\/DONAZZAN-e1604585643454-1536x1536.jpg 1536w, https:\/\/www.radiopiu.net\/wordpress\/wp-content\/uploads\/2020\/04\/DONAZZAN-e1604585643454.jpg 2048w\" sizes=\"auto, (max-width: 134px) 100vw, 134px\" \/><\/a>VENEZIA<\/strong> La giunta regionale del Veneto ha approvato la delibera relativa alla Programmazione dell\u2019offerta formativa negli Istituti scolastici del secondo ciclo e dell\u2019offerta di Istruzione e Formazione Professionale nelle Scuole di Formazione Professionale e in sussidiariet\u00e0 negli Istituti Professionali di Stato per l\u2019Anno Scolastico-Formativo 2024-2025. Un&#8217;importante novit\u00e0 \u00e8 l&#8217;anticipazione della riforma nazionale che prevede l\u2019istituzione della filiera formativa tecnologico-professionale. Gli istituti professionali e tecnici del Veneto avranno la possibilit\u00e0 di attuare la riduzione della durata del ciclo di studi da 5 a 4 anni, rendendo cos\u00ec il percorso di formazione pi\u00f9 in linea con gli standard europei. L&#8217;assessore regionale all\u2019istruzione, formazione e lavoro, Elena Donazzan, sottolinea che questo rappresenta un importante passo avanti nell&#8217;adeguamento del sistema educativo alle esigenze attuali e alle direttive europee.<\/p>\n<p>&nbsp;<\/p>\n<p>&nbsp;<\/p>\n<hr \/>\n<p>&nbsp;<\/p>\n<blockquote>\n<h3>AL RISTORANTE TABIA&#8217; DI FEDER I COSCRITTI DEL 1944 E 1964 FESTEGGIANO CON NONNA CLARA, CLASSE 1924<\/h3>\n<\/blockquote>\n<p><strong>CANALE D&#8217;AGORDO\u00a0<\/strong>Il primo giorno dell&#8217;anno grande festa al Ristorante Tabi\u00e0 a Feder di Canale D&#8217;Agordo dove i coscritti del 1944 e 1964 si sono ritrovati per festeggiare l&#8217;arrivo dell&#8217;anno in cui compiranno cifra tonda. Tra loro anche nonna Clara, classe 1924, che nel 2024 compir\u00e0 100 anni.<\/p>\n<div style=\"width: 848px;\" class=\"wp-video\"><video class=\"wp-video-shortcode\" id=\"video-368062-1\" width=\"848\" height=\"480\" preload=\"metadata\" controls=\"controls\"><source type=\"video\/mp4\" src=\"https:\/\/www.radiopiu.net\/wordpress\/wp-content\/uploads\/2024\/01\/WhatsApp-Video-2024-01-01-at-15.09.04.mp4?_=1\" \/><a href=\"https:\/\/www.radiopiu.net\/wordpress\/wp-content\/uploads\/2024\/01\/WhatsApp-Video-2024-01-01-at-15.09.04.mp4\">https:\/\/www.radiopiu.net\/wordpress\/wp-content\/uploads\/2024\/01\/WhatsApp-Video-2024-01-01-at-15.09.04.mp4<\/a><\/video><\/div>\n<p>&nbsp;<\/p>\n<p>&nbsp;<\/p>\n<hr \/>\n<p>&nbsp;<\/p>\n<p>&nbsp;<\/p>\n<blockquote>\n<h3>DOMINATOR NIGHT AI PIANI DI PEZZE&#8217;<\/h3>\n<\/blockquote>\n<p><strong><a class=\"dt-pswp-item\" href=\"https:\/\/www.radiopiu.net\/wordpress\/wp-content\/uploads\/2023\/12\/SCR-20231228-jsjq.png\" data-dt-img-description=\"\" data-large_image_width=\"1066\" data-large_image_height=\"440\"><img loading=\"lazy\" decoding=\"async\" class=\" wp-image-367821 alignleft\" src=\"https:\/\/www.radiopiu.net\/wordpress\/wp-content\/uploads\/2023\/12\/SCR-20231228-jsjq-300x124.png\" alt=\"\" width=\"150\" height=\"62\" srcset=\"https:\/\/www.radiopiu.net\/wordpress\/wp-content\/uploads\/2023\/12\/SCR-20231228-jsjq-300x124.png 300w, https:\/\/www.radiopiu.net\/wordpress\/wp-content\/uploads\/2023\/12\/SCR-20231228-jsjq-1024x423.png 1024w, https:\/\/www.radiopiu.net\/wordpress\/wp-content\/uploads\/2023\/12\/SCR-20231228-jsjq-768x317.png 768w, https:\/\/www.radiopiu.net\/wordpress\/wp-content\/uploads\/2023\/12\/SCR-20231228-jsjq.png 1066w\" sizes=\"auto, (max-width: 150px) 100vw, 150px\" \/><\/a>ALLEGHE<\/strong> Venerd\u00ec 5 gennaio ai Piani di Pezz\u00e8 andra in scena la &#8220;Dominator Night&#8221;. 14 piloti tra i migliori d&#8217;Europa si sfideranno senza esclusioni di colpi su un tracciato di puro snowcross. Uno spettacolo unico che inizier\u00e0 alle 21:30, a seguire le premiazioni e dj set fino all&#8217;1. Cabinovia aperta a pagamento dalle 20:30 all&#8217;1:30.<br \/>\nANDREA DAL FARRA, CRISTIAN MORETTI, ELISA E MAX TOSI<\/p>\n<audio class=\"wp-audio-shortcode\" id=\"audio-368062-9\" preload=\"none\" style=\"width: 100%;\" controls=\"controls\"><source type=\"audio\/mpeg\" src=\"https:\/\/www.radiopiu.net\/wordpress\/wp-content\/uploads\/2023\/12\/MAX-TOSI-2023.mp3?_=9\" \/><a href=\"https:\/\/www.radiopiu.net\/wordpress\/wp-content\/uploads\/2023\/12\/MAX-TOSI-2023.mp3\">https:\/\/www.radiopiu.net\/wordpress\/wp-content\/uploads\/2023\/12\/MAX-TOSI-2023.mp3<\/a><\/audio>\n<p>&nbsp;<\/p>\n<p>&nbsp;<\/p>\n<p>&nbsp;<\/p>\n<hr \/>\n<p>&nbsp;<\/p>\n<blockquote>\n<h3>TASSE: LE IMPRESE VENETE PAGANO 36 VOLTE IN PIU\u2019 DELLE MULTINAZIONALI DEL WEB<\/h3>\n<\/blockquote>\n<p><a class=\"dt-pswp-item\" href=\"https:\/\/www.radiopiu.net\/wordpress\/wp-content\/uploads\/2023\/12\/Schermata-2023-12-30-alle-09.51.50.png\" data-dt-img-description=\"\" data-large_image_width=\"842\" data-large_image_height=\"1608\"><img loading=\"lazy\" decoding=\"async\" class=\"size-medium wp-image-368060 alignleft\" src=\"https:\/\/www.radiopiu.net\/wordpress\/wp-content\/uploads\/2023\/12\/Schermata-2023-12-30-alle-09.51.50-157x300.png\" alt=\"\" width=\"157\" height=\"300\" srcset=\"https:\/\/www.radiopiu.net\/wordpress\/wp-content\/uploads\/2023\/12\/Schermata-2023-12-30-alle-09.51.50-157x300.png 157w, https:\/\/www.radiopiu.net\/wordpress\/wp-content\/uploads\/2023\/12\/Schermata-2023-12-30-alle-09.51.50-536x1024.png 536w, https:\/\/www.radiopiu.net\/wordpress\/wp-content\/uploads\/2023\/12\/Schermata-2023-12-30-alle-09.51.50-768x1467.png 768w, https:\/\/www.radiopiu.net\/wordpress\/wp-content\/uploads\/2023\/12\/Schermata-2023-12-30-alle-09.51.50-804x1536.png 804w, https:\/\/www.radiopiu.net\/wordpress\/wp-content\/uploads\/2023\/12\/Schermata-2023-12-30-alle-09.51.50.png 842w\" sizes=\"auto, (max-width: 157px) 100vw, 157px\" \/><\/a>Ancorch\u00e8 il risultato della comparazione risenta di alcune fragilit\u00e0 presenti nella metodologia di calcolo adottata, tutte le imprese venete nel 2020 (ultimo anno in cui il dato \u00e8 disponibile) hanno versato all\u2019erario 5,9 miliardi di imposte sul reddito, mentre le 25 principali multinazionali del web presenti nel Paese, bench\u00e9 abbiano realizzato oltre 9 miliardi di fatturato, nel 2022 hanno versato al fisco solo 162 milioni di euro. Teniamo a sottolineare che si tratta di un banalissimo caso di scuola che ha l\u2019obbiettivo di dimostrare, in linea puramente teorica, che le nostre imprese, prevalentemente micro, pagano complessivamente molto di pi\u00f9 delle grandi Web companies: per la precisione 36,7 volte. Non solo. In Italia solo le aziende lombarde e laziali hanno registrato uno sforzo fiscale rispetto ai giganti digitali superiore al nostro (vedi Tab. 1). A dirlo \u00e8 l\u2019Ufficio studi della CGIA.<\/p>\n<p>Quella appena accennata \u00e8 una comparazione che, con tutti i suoi limiti metodologici, evidenzia come le grandi multinazionali, in questo caso tecnologiche, sia riservato un carico fiscale molto modesto. Non solo. Va segnalato che tra il 2014 e il 2022 le principali multinazionali del web presenti in Italia hanno eluso il fisco dei paesi in cui operano per 99,7 miliardi di euro: di cui 49 tra il 2014 e il 2018 e 50,7 tra il 2019 e il 2022.<\/p>\n<p>Tutto questo \u00e8 avvenuto grazie al fatto che una parte importante degli utili ante imposte realizzati da questi giganti digitali \u00e8 stata \u201ctrasferita\u201d nei paesi a fiscalit\u00e0 agevolata, garantendo a questi grandi gruppi risparmi fiscali miliardari. Un comportamento alquanto discutibile che, teniamo a precisare, \u00e8 imputabile alla condotta di sole 25 WebSoft presenti anche nel nostro Paese. Fenomeno, quello dell\u2019elusione praticata da questi big, che in Italia non siamo in grado di dimensionare, ma sappiamo certamente che presenta volumi importanti. Ovviamente \u00e8 sempre sbagliato generalizzare, tuttavia se teniamo conto che in Italia il numero totale delle imprese controllate dalle multinazionali straniere \u00e8 pari a 17.641, \u00e8 probabile che molte di queste ricorrano con una certa frequenza a questa pratica molto discutibile.<\/p>\n<p>Va comunque sottolineato che, a differenza dell\u2019evasione fiscale, l\u2019elusione non \u00e8 sanzionata penalmente dal nostro ordinamento giuridico, ma solo amministrativamente. Tuttavia, appare evidente che chi pianifica scientificamente queste operazioni di aggiramento degli obblighi fiscali, tiene una condotta eticamente riprovevole tanto quanto chi evade.<\/p>\n<p><strong>Dal 2024 arriva la Global minimum tax<\/strong><br \/>\nIl 19 dicembre scorso il Consiglio dei Ministri ha approvato il decreto di attuazione della delega che recepisce la Direttiva europea 2022\/2523 in materia di imposizione minima globale. In altre parole, anche in Italia, a partire dal 2024 sar\u00e0 operativa la Global minimum tax; quest\u2019ultima avr\u00e0 un\u2019aliquota del 15 per cento che graver\u00e0 sugli utili realizzati dalle multinazionali con fatturato annuo superiore a 750 milioni di euro. Nello specifico, la direttiva introduce due regole volte proprio a colpire tutte le fattispecie con cui le grandi holding riescono a \u201cdribblare\u201d i propri obblighi nei confronti del fisco nazionale:<br \/>\nl\u2019imposta minima integrativa\u00a0che devono pagare le imprese controllanti localizzate in Italia di gruppi multinazionali o nazionali in relazione alle imprese soggette ad una bassa imposizione, ovvero inferiore al 15 per cento, che fanno parte del gruppo;<br \/>\nl\u2019imposta minima suppletiva: a versarla una o pi\u00f9 imprese di un gruppo multinazionale localizzate in Italia in relazione alle imprese che fanno parte del gruppo soggette ad una bassa imposizione quando non \u00e8 stata applicata, in tutto o in parte, l\u2019imposta minima integrativa equivalente in altri Paesi.<\/p>\n<p><strong>Dal gettito solo briciole<\/strong><br \/>\nNonostante questo provvedimento abbia riscosso un grande consenso sia tra l\u2019opinione pubblica che tra gli addetti ai lavori, gli effetti per le casse del nostro fisco rischiano di essere insignificanti. Secondo il dossier curato dal Servizio Bilancio dello Stato della Camera, il gettito previsto dalla sola applicazione dell\u2019aliquota del 15 per cento sulle multinazionali sar\u00e0 irrilevante. Si stima che nel 2025 l\u2019erario possa incassare 381,3 milioni di euro, nel 2026 il gettito dovrebbe salire a 427,9 e nel 2027 raggiungere i 432,5. Nel 2033, ultimo anno in cui nel documento si stimano le entrate, le stesse dovrebbero sfiorare i 500 milioni di euro.<\/p>\n<p><strong>Sulle imprese aliquota doppia a quella applicata alle multinazionali<\/strong><br \/>\nSe alle multinazionali con pi\u00f9 di 750 milioni di fatturato annuo dal 2024 verr\u00e0 applicata sugli utili realizzati un\u2019aliquota del 15 per cento, sulle nostre imprese, invece, grava un prelievo fiscale medio di almeno il 30 per cento; praticamente il doppio. Sebbene negli ultimi anni ci sia stato un leggero calo della pressione fiscale, la tassazione sulle nostre piccole realt\u00e0 imprenditoriali, soprattutto nel Veneto, rimane ancora eccessivo.<\/p>\n<p>&nbsp;<\/p>\n<p>&nbsp;<\/p>\n<hr \/>\n<p>&nbsp;<\/p>\n<blockquote>\n<h3 class=\"entry-title\">1924-2024, SUL \u201cCELENTONE\u201d SI GUARDAVA A 100 ANNI DOPO<\/h3>\n<\/blockquote>\n<p><strong>REDAZIONE<\/strong> Cento anni fa, nel 1924 c&#8217;era chi gi\u00e0 prevedeva le alluvioni, ma anche una vallata piena di vita e di risorse per il paese. Miniere in Valle di Gares&#8230; tutto andr\u00e0 a vanti con la forza elettrica.<br \/>\nSegnalazione Loris Serafini<\/p>\n<p>&nbsp;<\/p>\n\n\t\t\t<style type='text\/css'>\n\t\t\t\t#gallery-5 {\n\t\t\t\t\tmargin: auto;\n\t\t\t\t}\n\t\t\t\t#gallery-5 .gallery-item {\n\t\t\t\t\tfloat: left;\n\t\t\t\t\tmargin-top: 10px;\n\t\t\t\t\ttext-align: center;\n\t\t\t\t\twidth: 50%;\n\t\t\t\t}\n\t\t\t\t#gallery-5 img {\n\t\t\t\t\tborder: 2px solid #cfcfcf;\n\t\t\t\t}\n\t\t\t\t#gallery-5 .gallery-caption {\n\t\t\t\t\tmargin-left: 0;\n\t\t\t\t}\n\t\t\t\t\/* see gallery_shortcode() in wp-includes\/media.php *\/\n\t\t\t<\/style>\n\t\t<div id='gallery-5' class='dt-gallery-container gallery galleryid-368062 gallery-columns-2 gallery-size-medium'><dl class='gallery-item'>\n\t\t\t\t<dt class='gallery-icon portrait'>\n\t\t\t\t\t<a class=\"rollover rollover-zoom dt-pswp-item\" title=\"4fbe59ec-d346-4cd6-b0b8-b8ba35fb95e6\" data-dt-img-description=\"\" data-large_image_width=\"1123\" data-large_image_height=\"1600\"href='https:\/\/www.radiopiu.net\/wordpress\/wp-content\/uploads\/2023\/12\/4fbe59ec-d346-4cd6-b0b8-b8ba35fb95e6.jpg'><img loading=\"lazy\" decoding=\"async\" width=\"211\" height=\"300\" src=\"https:\/\/www.radiopiu.net\/wordpress\/wp-content\/uploads\/2023\/12\/4fbe59ec-d346-4cd6-b0b8-b8ba35fb95e6-211x300.jpg\" class=\"attachment-medium size-medium\" alt=\"\" srcset=\"https:\/\/www.radiopiu.net\/wordpress\/wp-content\/uploads\/2023\/12\/4fbe59ec-d346-4cd6-b0b8-b8ba35fb95e6-211x300.jpg 211w, https:\/\/www.radiopiu.net\/wordpress\/wp-content\/uploads\/2023\/12\/4fbe59ec-d346-4cd6-b0b8-b8ba35fb95e6-719x1024.jpg 719w, https:\/\/www.radiopiu.net\/wordpress\/wp-content\/uploads\/2023\/12\/4fbe59ec-d346-4cd6-b0b8-b8ba35fb95e6-768x1094.jpg 768w, https:\/\/www.radiopiu.net\/wordpress\/wp-content\/uploads\/2023\/12\/4fbe59ec-d346-4cd6-b0b8-b8ba35fb95e6-1078x1536.jpg 1078w, https:\/\/www.radiopiu.net\/wordpress\/wp-content\/uploads\/2023\/12\/4fbe59ec-d346-4cd6-b0b8-b8ba35fb95e6.jpg 1123w\" sizes=\"auto, (max-width: 211px) 100vw, 211px\" \/><\/a>\n\t\t\t\t<\/dt><\/dl><dl class='gallery-item'>\n\t\t\t\t<dt class='gallery-icon portrait'>\n\t\t\t\t\t<a class=\"rollover rollover-zoom dt-pswp-item\" title=\"8bd469b2-2233-425a-b025-38d68863250d\" data-dt-img-description=\"\" data-large_image_width=\"1066\" data-large_image_height=\"1600\"href='https:\/\/www.radiopiu.net\/wordpress\/wp-content\/uploads\/2023\/12\/8bd469b2-2233-425a-b025-38d68863250d.jpg'><img loading=\"lazy\" decoding=\"async\" width=\"200\" height=\"300\" src=\"https:\/\/www.radiopiu.net\/wordpress\/wp-content\/uploads\/2023\/12\/8bd469b2-2233-425a-b025-38d68863250d-200x300.jpg\" class=\"attachment-medium size-medium\" alt=\"\" srcset=\"https:\/\/www.radiopiu.net\/wordpress\/wp-content\/uploads\/2023\/12\/8bd469b2-2233-425a-b025-38d68863250d-200x300.jpg 200w, https:\/\/www.radiopiu.net\/wordpress\/wp-content\/uploads\/2023\/12\/8bd469b2-2233-425a-b025-38d68863250d-682x1024.jpg 682w, https:\/\/www.radiopiu.net\/wordpress\/wp-content\/uploads\/2023\/12\/8bd469b2-2233-425a-b025-38d68863250d-768x1153.jpg 768w, https:\/\/www.radiopiu.net\/wordpress\/wp-content\/uploads\/2023\/12\/8bd469b2-2233-425a-b025-38d68863250d-1023x1536.jpg 1023w, https:\/\/www.radiopiu.net\/wordpress\/wp-content\/uploads\/2023\/12\/8bd469b2-2233-425a-b025-38d68863250d.jpg 1066w\" sizes=\"auto, (max-width: 200px) 100vw, 200px\" \/><\/a>\n\t\t\t\t<\/dt><\/dl><br style=\"clear: both\" \/><dl class='gallery-item'>\n\t\t\t\t<dt class='gallery-icon portrait'>\n\t\t\t\t\t<a class=\"rollover rollover-zoom dt-pswp-item\" title=\"5c643dae-41a3-4cbf-accc-e3cba6c78604\" data-dt-img-description=\"\" data-large_image_width=\"1160\" data-large_image_height=\"1600\"href='https:\/\/www.radiopiu.net\/wordpress\/wp-content\/uploads\/2023\/12\/5c643dae-41a3-4cbf-accc-e3cba6c78604.jpg'><img loading=\"lazy\" decoding=\"async\" width=\"218\" height=\"300\" src=\"https:\/\/www.radiopiu.net\/wordpress\/wp-content\/uploads\/2023\/12\/5c643dae-41a3-4cbf-accc-e3cba6c78604-218x300.jpg\" class=\"attachment-medium size-medium\" alt=\"\" srcset=\"https:\/\/www.radiopiu.net\/wordpress\/wp-content\/uploads\/2023\/12\/5c643dae-41a3-4cbf-accc-e3cba6c78604-218x300.jpg 218w, https:\/\/www.radiopiu.net\/wordpress\/wp-content\/uploads\/2023\/12\/5c643dae-41a3-4cbf-accc-e3cba6c78604-742x1024.jpg 742w, https:\/\/www.radiopiu.net\/wordpress\/wp-content\/uploads\/2023\/12\/5c643dae-41a3-4cbf-accc-e3cba6c78604-768x1059.jpg 768w, https:\/\/www.radiopiu.net\/wordpress\/wp-content\/uploads\/2023\/12\/5c643dae-41a3-4cbf-accc-e3cba6c78604-1114x1536.jpg 1114w, https:\/\/www.radiopiu.net\/wordpress\/wp-content\/uploads\/2023\/12\/5c643dae-41a3-4cbf-accc-e3cba6c78604.jpg 1160w\" sizes=\"auto, (max-width: 218px) 100vw, 218px\" \/><\/a>\n\t\t\t\t<\/dt><\/dl><dl class='gallery-item'>\n\t\t\t\t<dt class='gallery-icon portrait'>\n\t\t\t\t\t<a class=\"rollover rollover-zoom dt-pswp-item\" title=\"a181b64f-8a33-45c4-ab5a-38835f31d38d\" data-dt-img-description=\"\" data-large_image_width=\"1156\" data-large_image_height=\"1600\"href='https:\/\/www.radiopiu.net\/wordpress\/wp-content\/uploads\/2023\/12\/a181b64f-8a33-45c4-ab5a-38835f31d38d.jpg'><img loading=\"lazy\" decoding=\"async\" width=\"217\" height=\"300\" src=\"https:\/\/www.radiopiu.net\/wordpress\/wp-content\/uploads\/2023\/12\/a181b64f-8a33-45c4-ab5a-38835f31d38d-217x300.jpg\" class=\"attachment-medium size-medium\" alt=\"\" srcset=\"https:\/\/www.radiopiu.net\/wordpress\/wp-content\/uploads\/2023\/12\/a181b64f-8a33-45c4-ab5a-38835f31d38d-217x300.jpg 217w, https:\/\/www.radiopiu.net\/wordpress\/wp-content\/uploads\/2023\/12\/a181b64f-8a33-45c4-ab5a-38835f31d38d-740x1024.jpg 740w, https:\/\/www.radiopiu.net\/wordpress\/wp-content\/uploads\/2023\/12\/a181b64f-8a33-45c4-ab5a-38835f31d38d-768x1063.jpg 768w, https:\/\/www.radiopiu.net\/wordpress\/wp-content\/uploads\/2023\/12\/a181b64f-8a33-45c4-ab5a-38835f31d38d-1110x1536.jpg 1110w, https:\/\/www.radiopiu.net\/wordpress\/wp-content\/uploads\/2023\/12\/a181b64f-8a33-45c4-ab5a-38835f31d38d.jpg 1156w\" sizes=\"auto, (max-width: 217px) 100vw, 217px\" \/><\/a>\n\t\t\t\t<\/dt><\/dl><br style=\"clear: both\" \/>\n\t\t\t<\/div>\n\n<p>&nbsp;<\/p>\n<hr \/>\n<p>&nbsp;<\/p>\n<h2><span style=\"color: #ff6600;\">ALLA RADIO<\/span><\/h2>\n<h2><strong><a class=\"dt-pswp-item\" href=\"https:\/\/www.radiopiu.net\/wordpress\/wp-content\/uploads\/2020\/12\/DON-GIORGIO-LISE.jpg\" data-dt-img-description=\"\" data-large_image_width=\"1600\" data-large_image_height=\"901\"><img loading=\"lazy\" decoding=\"async\" class=\" wp-image-177420 alignleft\" src=\"https:\/\/www.radiopiu.net\/wordpress\/wp-content\/uploads\/2020\/12\/DON-GIORGIO-LISE-300x169.jpg\" alt=\"\" width=\"186\" height=\"105\" srcset=\"https:\/\/www.radiopiu.net\/wordpress\/wp-content\/uploads\/2020\/12\/DON-GIORGIO-LISE-300x169.jpg 300w, https:\/\/www.radiopiu.net\/wordpress\/wp-content\/uploads\/2020\/12\/DON-GIORGIO-LISE-1024x577.jpg 1024w, https:\/\/www.radiopiu.net\/wordpress\/wp-content\/uploads\/2020\/12\/DON-GIORGIO-LISE-768x432.jpg 768w, https:\/\/www.radiopiu.net\/wordpress\/wp-content\/uploads\/2020\/12\/DON-GIORGIO-LISE-1536x865.jpg 1536w, https:\/\/www.radiopiu.net\/wordpress\/wp-content\/uploads\/2020\/12\/DON-GIORGIO-LISE.jpg 1600w\" sizes=\"auto, (max-width: 186px) 100vw, 186px\" \/><\/a><\/strong><span style=\"color: #339966;\">DUE MINUTI PER TE<\/span><\/h2>\n<p><strong>APPUNTAMENTO DELLA DOMENICA CON IL PENSIERO DI MONSIGNOR GIORGIO LISE<\/strong><\/p>\n<audio class=\"wp-audio-shortcode\" id=\"audio-368062-10\" preload=\"none\" style=\"width: 100%;\" controls=\"controls\"><source type=\"audio\/mpeg\" src=\"https:\/\/www.radiopiu.net\/wordpress\/wp-content\/uploads\/2023\/12\/DON-GIORGIO-4.mp3?_=10\" \/><a href=\"https:\/\/www.radiopiu.net\/wordpress\/wp-content\/uploads\/2023\/12\/DON-GIORGIO-4.mp3\">https:\/\/www.radiopiu.net\/wordpress\/wp-content\/uploads\/2023\/12\/DON-GIORGIO-4.mp3<\/a><\/audio>\n<p>&nbsp;<\/p>\n<h2><span style=\"color: #33cccc;\">I RACCONTI DI PAOLO SOPPELSA<\/span><\/h2>\n<p><strong>MEMORIE<\/strong><\/p>\n<p><strong>AUDIO<\/strong><\/p>\n<audio class=\"wp-audio-shortcode\" id=\"audio-368062-11\" preload=\"none\" style=\"width: 100%;\" controls=\"controls\"><source type=\"audio\/mpeg\" src=\"https:\/\/www.radiopiu.net\/wordpress\/wp-content\/uploads\/2023\/12\/PAOLOS-4.mp3?_=11\" \/><a href=\"https:\/\/www.radiopiu.net\/wordpress\/wp-content\/uploads\/2023\/12\/PAOLOS-4.mp3\">https:\/\/www.radiopiu.net\/wordpress\/wp-content\/uploads\/2023\/12\/PAOLOS-4.mp3<\/a><\/audio>\n<p>&nbsp;<\/p>\n<p><a class=\"dt-pswp-item\" href=\"https:\/\/www.radiopiu.net\/wordpress\/wp-content\/uploads\/2023\/12\/130ce61a-78e5-41c3-ac1c-c0eecf8454a3.jpg\" data-dt-img-description=\"\" data-large_image_width=\"1600\" data-large_image_height=\"1200\"><img loading=\"lazy\" decoding=\"async\" class=\" wp-image-368137 alignleft\" src=\"https:\/\/www.radiopiu.net\/wordpress\/wp-content\/uploads\/2023\/12\/130ce61a-78e5-41c3-ac1c-c0eecf8454a3-300x225.jpg\" alt=\"\" width=\"160\" height=\"120\" srcset=\"https:\/\/www.radiopiu.net\/wordpress\/wp-content\/uploads\/2023\/12\/130ce61a-78e5-41c3-ac1c-c0eecf8454a3-300x225.jpg 300w, https:\/\/www.radiopiu.net\/wordpress\/wp-content\/uploads\/2023\/12\/130ce61a-78e5-41c3-ac1c-c0eecf8454a3-1024x768.jpg 1024w, https:\/\/www.radiopiu.net\/wordpress\/wp-content\/uploads\/2023\/12\/130ce61a-78e5-41c3-ac1c-c0eecf8454a3-768x576.jpg 768w, https:\/\/www.radiopiu.net\/wordpress\/wp-content\/uploads\/2023\/12\/130ce61a-78e5-41c3-ac1c-c0eecf8454a3-1536x1152.jpg 1536w, https:\/\/www.radiopiu.net\/wordpress\/wp-content\/uploads\/2023\/12\/130ce61a-78e5-41c3-ac1c-c0eecf8454a3.jpg 1600w\" sizes=\"auto, (max-width: 160px) 100vw, 160px\" \/><\/a>Era uno stanco pomeriggio di fine dicembre, e lui era ancora una volta sul monte ad aspettare la sera a pochi passi dal grande salto. Non c&#8217;era un filo di neve e il tempo era umido, uggioso, con il cielo completamente coperto da pesanti nuvole dall&#8217;aspetto novembrino. Esse stazionavano appena al di sopra delle frazioni alte del paese, nascondendo le cime e sfiorando i tetti di quelle case che, gi\u00e0 a quell&#8217;ora, iniziavano a mostrare le finestre illuminate. Quel giorno le montagne erano assenti e non le poteva ammirare come accadeva di solito, ed allora lo sguardo puntava verso il basso, verso il paese posto all&#8217;incrocio delle valli e dei venti. Osservava e pensava al suo essere l\u00ec, in quel luogo dove i suoi avi avevano speso tanta vita e che ora lui stava tentando di mantenere vivo. Quel silenzio di fine anno rendeva vive le loro memorie che non aveva vissuto ma che tante volte aveva sentito narrare; erano i tempi in cui i prati ancora non si erano trasformati in boschi e si potevano sentire le voci delle persone che parlavano aldil\u00e0 della valle. Guardava il paese l\u00e0 in basso, e lo immaginava al tempo dei suoi avi, quando non c&#8217;era ancora il piccolo lago artificiale e mancavano pure le strade che si inerpicano ardite lungo i ripidi versanti delle montagne che si innalzano improvvisamente dal fondovalle. Pensava alle vite vissute da chi abitava in quelle frazioni alte il cui nome, a volte, era pure il cognome di quella gente che viveva aggrappata ai pendii. Gli sembrava quasi di vederli quei bambini di allora che ogni mattina scendevano in paese per recarsi a scuola. Un eterno peregrinare s\u00f9 e gi\u00f9 lungo quelle mulattiere realizzate con sapienza da quelli che c&#8217;erano prima. Erano percorsi sufficientemente diretti, buoni per superare il dislivello in poco tempo, per\u00f2 mai eccessivamente ripidi e stancanti. Qualche scalino di pietra, i muri a secco, le &#8220;pause&#8221; dove si fermavano a prendere fiato quando il carico sulla schiena era particolarmente pesante. Era cos\u00ec allora, e lo fu fino al termine degli anni &#8217;60 e, per alcuni luoghi, pure un po&#8217; pi\u00f9 tardi, al tempo in cui ormai era poca la gente rimasta a vivere lass\u00f9 dove il sole arriva a mattina inoltrata. Osservava le nuvole opprimenti che sembravano premere i tetti delle silenziose case immerse nei boschi aldil\u00e0 della valle, e chiss\u00e0 se anche i suoi vecchi, durante qualche pausa durante la fienagione, si recavano sull&#8217;orlo del monte ad ammirare la valle e il paese posto all&#8217;incrocio delle strade e delle acque. Chiss\u00e0 che suoni avrebbero udito dal pulpito che domina la vallata, forse il rumore di qualche rara e primordiale autovettura che viaggiava a fondovalle, e poi il battere dei martelli che facevano il filo alle falci e forse qualcuno cantare, che a quei tempi la gente ancora cantava. Chiss\u00e0 com&#8217;erano certi silenzi d&#8217;inverno in quegli anni faticosi, quando il freddo mordeva feroce e la neve era spesso tanta, chiss\u00e0 quante stelle in pi\u00f9 si potevano ammirare durante le gelide notti di gennaio. Pensieri, memorie e domande mentre iniziava ad affacciarsi la sera. Poi chiuse il piumino, salut\u00f2 le montagne assenti e si avvio lungo il sentiero che porta in paese. Lass\u00f9 sarebbe rimasta la grande stella cometa a vegliare la sua amata terra che si apprestava a vivere una lunga notte d&#8217;inverno.<\/p>\n<p>&nbsp;<\/p>\n<hr \/>\n<p>&nbsp;<\/p>\n<h2><span style=\"color: #ff0000;\">GLI APPUNTAMENTI DELLA SETTIMANA\u00a0<\/span><\/h2>\n<p>&nbsp;<\/p>\n<div>\n<div class=\"x1cy8zhl x78zum5 x1q0g3np xod5an3 x1pi30zi x1swvt13 xz9dl7a\">\n<div class=\"x1iyjqo2\">\n<div class=\"x78zum5 xdt5ytf xz62fqu x16ldp7u\">\n<div class=\"xu06os2 x1ok221b\">\n<h2 id=\":ruo:\" class=\"x1heor9g x1qlqyl8 x1pd3egz x1a2a7pz x1gslohp x1yc453h\"><span class=\"x193iq5w xeuugli x13faqbe x1vvkbs x1xmvt09 x6prxxf xvq8zen xo1l8bm xi81zsa\"><strong><a class=\"x1i10hfl xjbqb8w x6umtig x1b1mbwd xaqea5y xav7gou x9f619 x1ypdohk xt0psk2 xe8uvvx xdj266r x11i5rnm xat24cr x1mh8g0r xexx8yu x4uap5 x18d9i69 xkhd6sd x16tdsg8 x1hl2dhg xggy1nq x1a2a7pz xt0b8zv xzsf02u x1s688f\" tabindex=\"0\" role=\"link\" href=\"https:\/\/www.facebook.com\/profile.php?id=100008232888784&amp;__cft__[0]=AZU5r7bBe9zcn9HwUuGa8GzB72Zx7TpnzZbRSmKbnCuneKsJc-Sz1BHrnQMOWrdf23X59LNFvCZsHqlSMCNYGkntV2j8G5KIxaD20KeIXocKvruEq0FkgcoaP2fq8PkuoAtlx1m_h-U7rPBtrdxfg7McZsY7xF20IKkjWpX53NHAIg5S2eOM6hut7rUDmoUtjBI&amp;__tn__=-]C%2CP-R\"><span class=\"xt0psk2\">Giuseppe De Don\u00e0<\/span><\/a><\/strong> \u00a0<\/span><em>Ripercorrendo i 30 anni trascorsi dal primo incontro riguardante l&#8217;astronomia fatto a Sospirolo, approfondir\u00f2 gli eventi pi\u00f9 recenti come l&#8217;aurora boreale che ha interessato i nostri cieli nella sera del 5 novembre.<\/em><\/h2>\n<p><a class=\"dt-pswp-item\" href=\"https:\/\/www.radiopiu.net\/wordpress\/wp-content\/uploads\/2024\/01\/414468836_3806678132949912_5745327499938075114_n.jpg\" data-dt-img-description=\"\" data-large_image_width=\"843\" data-large_image_height=\"537\"><img loading=\"lazy\" decoding=\"async\" class=\"alignnone wp-image-368317 size-full\" src=\"https:\/\/www.radiopiu.net\/wordpress\/wp-content\/uploads\/2024\/01\/414468836_3806678132949912_5745327499938075114_n.jpg\" alt=\"\" width=\"843\" height=\"537\" srcset=\"https:\/\/www.radiopiu.net\/wordpress\/wp-content\/uploads\/2024\/01\/414468836_3806678132949912_5745327499938075114_n.jpg 843w, https:\/\/www.radiopiu.net\/wordpress\/wp-content\/uploads\/2024\/01\/414468836_3806678132949912_5745327499938075114_n-300x191.jpg 300w, https:\/\/www.radiopiu.net\/wordpress\/wp-content\/uploads\/2024\/01\/414468836_3806678132949912_5745327499938075114_n-768x489.jpg 768w\" sizes=\"auto, (max-width: 843px) 100vw, 843px\" \/><\/a><\/p>\n<p>&nbsp;<\/p>\n<p>&nbsp;<\/p>\n<\/div>\n<\/div>\n<\/div>\n<\/div>\n<\/div>\n<p>&nbsp;<\/p>\n<blockquote>\n<h3>IL NUOVO LIBRO DI GIORGIO PIROLO<\/h3>\n<\/blockquote>\n<p><strong>ALLEGHE<\/strong> Domani alle 18 alla biblioteca di Alleghe verr\u00e0 presentato il nuovo libro di Giorgio Pirolo &#8220;I Disegni Non Parlano&#8221;. Ci sar\u00e0 un dialogo con l&#8217;autore.<\/p>\n<p>&nbsp;<\/p>\n<blockquote>\n<h3>NADAL A SAN TOMAS<\/h3>\n<\/blockquote>\n<p><strong>SAN TOMASO <\/strong>Sono visitabili i presepi nelle frazioni di San Tomaso. Questi gli appuntamenti con le serate dedicate al Natale.<\/p>\n<p><strong>04 GENNAIO<\/strong> &#8220;I Kropya&#8221; Concerto natalizio dell&#8217;ensamble vocale dei giovani di Livinallongo. Chiesa Parocchiale alle 20:30<\/p>\n<p>&nbsp;<\/p>\n<blockquote>\n<h3>CONCERTO CORALE AD ALLEGHE<\/h3>\n<\/blockquote>\n<p><strong>ALLEGHE<\/strong> Gioved\u00ec 4 gennaio alle 20:30 in Sala Stoppani delle scuole elementari di Alleghe, la Corale di Limana e il Coro Monte Civetta si esibiranno. Un appuntamento da non perdere. Ingresso gratuito.<\/p>\n<p>&nbsp;<\/p>\n<blockquote>\n<h3>I PAVARUI A CENCENIGHE<\/h3>\n<\/blockquote>\n<p><strong>CENCENIGHE<\/strong> Torna il tradizionale appuntamento con i Pavarui, i fuochi sulle cime. Venerd\u00ec dalle 19:30 al Nof Fil\u00f2 di Cencenighe gnocchi con la ricotta affumicata. All&#8217;imbrunire si accenderannoi fuochi sulle cime. Ingresso libero, per la cena \u00e8 consigliata la prenotazione allo 0437 591549<\/p>\n<p>&nbsp;<\/p>\n<hr \/>\n<p>&nbsp;<\/p>\n<blockquote>\n<h2><span style=\"color: #ff00ff;\">GLI AUGURI DI BUON 2024 A TUTTI GLI ASCOLTATORI DI RADIO PIU&#8217;<\/span><\/h2>\n<\/blockquote>\n<p><strong><a class=\"dt-pswp-item\" href=\"https:\/\/www.radiopiu.net\/wordpress\/wp-content\/uploads\/2023\/05\/ADRIANO-LEVIS-PRIMO-PIANO.jpg\" data-dt-img-description=\"\" data-large_image_width=\"1876\" data-large_image_height=\"1235\"><img loading=\"lazy\" decoding=\"async\" class=\" wp-image-338181 alignleft\" src=\"https:\/\/www.radiopiu.net\/wordpress\/wp-content\/uploads\/2023\/05\/ADRIANO-LEVIS-PRIMO-PIANO-300x197.jpg\" alt=\"\" width=\"199\" height=\"131\" srcset=\"https:\/\/www.radiopiu.net\/wordpress\/wp-content\/uploads\/2023\/05\/ADRIANO-LEVIS-PRIMO-PIANO-300x197.jpg 300w, https:\/\/www.radiopiu.net\/wordpress\/wp-content\/uploads\/2023\/05\/ADRIANO-LEVIS-PRIMO-PIANO-1024x674.jpg 1024w, https:\/\/www.radiopiu.net\/wordpress\/wp-content\/uploads\/2023\/05\/ADRIANO-LEVIS-PRIMO-PIANO-768x506.jpg 768w, https:\/\/www.radiopiu.net\/wordpress\/wp-content\/uploads\/2023\/05\/ADRIANO-LEVIS-PRIMO-PIANO-1536x1011.jpg 1536w, https:\/\/www.radiopiu.net\/wordpress\/wp-content\/uploads\/2023\/05\/ADRIANO-LEVIS-PRIMO-PIANO.jpg 1876w\" sizes=\"auto, (max-width: 199px) 100vw, 199px\" \/><\/a>ADRIANO LEVIS &#8211; PRESIDENTE DELL&#8217;ALLEGHE HOCKEY<\/strong><\/p>\n<audio class=\"wp-audio-shortcode\" id=\"audio-368062-12\" preload=\"none\" style=\"width: 100%;\" controls=\"controls\"><source type=\"audio\/mpeg\" src=\"https:\/\/www.radiopiu.net\/wordpress\/wp-content\/uploads\/2023\/12\/AUGURI-ADRIANO-LEVIS.mp3?_=12\" \/><a href=\"https:\/\/www.radiopiu.net\/wordpress\/wp-content\/uploads\/2023\/12\/AUGURI-ADRIANO-LEVIS.mp3\">https:\/\/www.radiopiu.net\/wordpress\/wp-content\/uploads\/2023\/12\/AUGURI-ADRIANO-LEVIS.mp3<\/a><\/audio>\n<p>&nbsp;<\/p>\n<p>&nbsp;<\/p>\n<p><strong><a class=\"dt-pswp-item\" href=\"https:\/\/www.radiopiu.net\/wordpress\/wp-content\/uploads\/2022\/11\/ZAIA.jpg\" data-dt-img-description=\"\" data-large_image_width=\"1024\" data-large_image_height=\"761\"><img loading=\"lazy\" decoding=\"async\" class=\" wp-image-306973 alignleft\" src=\"https:\/\/www.radiopiu.net\/wordpress\/wp-content\/uploads\/2022\/11\/ZAIA-300x223.jpg\" alt=\"\" width=\"186\" height=\"138\" srcset=\"https:\/\/www.radiopiu.net\/wordpress\/wp-content\/uploads\/2022\/11\/ZAIA-300x223.jpg 300w, https:\/\/www.radiopiu.net\/wordpress\/wp-content\/uploads\/2022\/11\/ZAIA-768x571.jpg 768w, https:\/\/www.radiopiu.net\/wordpress\/wp-content\/uploads\/2022\/11\/ZAIA.jpg 1024w\" sizes=\"auto, (max-width: 186px) 100vw, 186px\" \/><\/a>LUCA ZAIA &#8211; PRESIDENTE DEL VENETO<\/strong><\/p>\n<audio class=\"wp-audio-shortcode\" id=\"audio-368062-13\" preload=\"none\" style=\"width: 100%;\" controls=\"controls\"><source type=\"audio\/mpeg\" src=\"https:\/\/www.radiopiu.net\/wordpress\/wp-content\/uploads\/2023\/12\/AUGURI-LUCA-ZAIA.mp3?_=13\" \/><a href=\"https:\/\/www.radiopiu.net\/wordpress\/wp-content\/uploads\/2023\/12\/AUGURI-LUCA-ZAIA.mp3\">https:\/\/www.radiopiu.net\/wordpress\/wp-content\/uploads\/2023\/12\/AUGURI-LUCA-ZAIA.mp3<\/a><\/audio>\n<p>&nbsp;<\/p>\n<p>&nbsp;<\/p>\n<p>&nbsp;<\/p>\n<hr \/>\n<p>&nbsp;<\/p>\n<h2><span style=\"color: #ff0000;\">L&#8217;OPINIONE&#8230;DI FRANCO PIACENTINI<\/span><\/h2>\n<p>Nei territori bellunesi e fra le rappresentanze politiche, amministrative pubbliche, sociali, economiche e sindacali, in questo periodo, si \u00e8 ravvivata la discussione sulle sorti delle aree montane della provincia di Belluno. La forte e partecipata ripresa del confronto tra i soggetti istituzionali e le varie espressioni delle comunit\u00e0 locali, \u00e8 la inevitabile conseguenza (la reazione) ad un chiaro disinteresse da parte di coloro che, invece, dovrebbero risolvere urgentemente i tanti problemi delle \u201cterre alte\u201d della regione Veneto. Sono ormai da tempo conosciute ed analizzate le cause che stanno determinando lo spopolamento e il conseguente invecchiamento delle popolazioni dolomitiche bellunesi. Se vengono tagliati o ridimensionati i servizi sociosanitari, se non viene programmata una effettiva politica per l\u2019occupazione giovanile, se il trasporto pubblico \u00e8 in una situazione di preoccupante precariet\u00e0, se non vengono sostenute e incentivate le specificit\u00e0 produttive montane, se il turismo non trova innovazione e allargamento nell\u2019offerta di qualit\u00e0 ambientale e culturale, se gli anziani sono considerati un peso e non invece come una straordinaria risorsa, l\u2019isolamento del bellunese, l\u2019andar via dei \u201cmontanari\u201d, l\u2019abbandono delle zone pi\u00f9 lontane dai centri urbani, sono gli inevitabili processi dello spopolamento e della sofferenza per quei pochi che continueranno ad abitare le \u201cterre alte\u201d. La gente di montagna non \u00e8 mai stata su posizioni di vittimismo e tanto meno ha rivendicato assistenzialismo statale. Vuole essere considerata alla pari di tutte le altre comunit\u00e0 di questa nostra regione. Sostanzialmente avere le stesse opportunit\u00e0 nelle prestazioni sociali, negli aiuti nelle situazioni del bisogno: accedere a costi sostenibili ad una ospitalit\u00e0 protetta; ricevere una cura sanitaria in tempi certi; avere un accompagnamento protetto. Oggi sui versanti della sussidiariet\u00e0 e della solidariet\u00e0 verso i poveri, i non autosufficienti e i disabili, in prima fila, anche nel bellunese, esiste a anni una qualificata rete di associazioni di volontariato (supportate dal CSV e dal Comitato d\u2019Intesa). Quel mondo del non profit, con il fondamentale impegno di centinaia di volontari, quotidianamente, risponde alle chiamate d\u2019aiuto delle persone fragili o che vivono in solitudine. Il Volontariato, proprio in quanto soggetto di sussidiariet\u00e0, non pu\u00f2 essere l\u2019unico riferimento per i diritti di welfare, che si riscontrano: nel trasporto sociale, nell\u2019accompagnamento protetto, nella socializzazione culturale, nell\u2019apprendimento permanente, nell\u2019invecchiamento attivo, nei buoni stili di vita. Per portare al centro dell\u2019attenzione politica e dell\u2019impegno governativo le soluzioni alle problematiche del bellunese, riprendendo alcune indicazioni presenti (anche) nel libro: \u201cKill Heidi\u201d, del compianto ex Presidente della Provincia di Belluno e Consigliere Regionale, Sergio Reolon, va velocemente costituito, dalla Regione Veneto, un tavolo permanente (una effettiva massa critica propositiva) al quale far partecipare: Cgil Cisl Uil; Camera di Commercio; CSV- Comitato d\u2019Intesa; Forze economiche, politiche, sociali e istituzionali, per concertare insieme le soluzioni da dare alle urgenti necessit\u00e0 delle \u201cTerre alte\u201d.<\/p>\n<p>Franco Piacentini<\/p>\n<p>&nbsp;<\/p>\n<hr \/>\n<p>&nbsp;<\/p>\n<blockquote class=\"wp-embedded-content\" data-secret=\"HAaBsc6Ax6\"><p><a href=\"https:\/\/www.radiopiu.net\/wordpress\/la-classifica-di-radio-piu-speciale-2023\/\">LA CLASSIFICA DI RADIO PIU&#8217;, SPECIALE 2023<\/a><\/p><\/blockquote>\n<p><iframe loading=\"lazy\" class=\"wp-embedded-content\" sandbox=\"allow-scripts\" security=\"restricted\" style=\"position: absolute; clip: rect(1px, 1px, 1px, 1px);\" title=\"&#8220;LA CLASSIFICA DI RADIO PIU&#8217;, SPECIALE 2023&#8221; &#8212; Radio Pi\u00f9\" src=\"https:\/\/www.radiopiu.net\/wordpress\/la-classifica-di-radio-piu-speciale-2023\/embed\/#?secret=JjhGxBVYKN#?secret=HAaBsc6Ax6\" data-secret=\"HAaBsc6Ax6\" width=\"600\" height=\"338\" frameborder=\"0\" marginwidth=\"0\" marginheight=\"0\" scrolling=\"no\"><\/iframe><\/p>\n<p>&nbsp;<\/p>\n<hr \/>\n<p>&nbsp;<\/p>\n<p><a class=\"dt-pswp-item\" href=\"https:\/\/www.radiopiu.net\/wordpress\/wp-content\/uploads\/2018\/09\/viabilita.jpeg\" data-dt-img-description=\"\" data-large_image_width=\"800\" data-large_image_height=\"100\"><img loading=\"lazy\" decoding=\"async\" class=\"aligncenter wp-image-61954 size-full\" src=\"https:\/\/www.radiopiu.net\/wordpress\/wp-content\/uploads\/2018\/09\/viabilita.jpeg\" alt=\"\" width=\"800\" height=\"100\" srcset=\"https:\/\/www.radiopiu.net\/wordpress\/wp-content\/uploads\/2018\/09\/viabilita.jpeg 800w, https:\/\/www.radiopiu.net\/wordpress\/wp-content\/uploads\/2018\/09\/viabilita-300x38.jpeg 300w, https:\/\/www.radiopiu.net\/wordpress\/wp-content\/uploads\/2018\/09\/viabilita-768x96.jpeg 768w\" sizes=\"auto, (max-width: 800px) 100vw, 800px\" \/><\/a><\/p>\n<p>&nbsp;<\/p>\n<p><a class=\"dt-pswp-item\" href=\"https:\/\/www.radiopiu.net\/wordpress\/wp-content\/uploads\/2023\/12\/botol-car-service.jpg\" data-dt-img-description=\"\" data-large_image_width=\"600\" data-large_image_height=\"600\"><img loading=\"lazy\" decoding=\"async\" class=\"size-medium wp-image-367044 aligncenter\" src=\"https:\/\/www.radiopiu.net\/wordpress\/wp-content\/uploads\/2023\/12\/botol-car-service-300x300.jpg\" alt=\"\" width=\"300\" height=\"300\" srcset=\"https:\/\/www.radiopiu.net\/wordpress\/wp-content\/uploads\/2023\/12\/botol-car-service-300x300.jpg 300w, https:\/\/www.radiopiu.net\/wordpress\/wp-content\/uploads\/2023\/12\/botol-car-service-150x150.jpg 150w, https:\/\/www.radiopiu.net\/wordpress\/wp-content\/uploads\/2023\/12\/botol-car-service.jpg 600w\" sizes=\"auto, (max-width: 300px) 100vw, 300px\" \/><\/a><\/p>\n<p>&nbsp;<\/p>\n<p>&nbsp;<\/p>\n<blockquote class=\"wp-embedded-content\" data-secret=\"pMRzJzfZpW\"><p><a href=\"https:\/\/www.radiopiu.net\/wordpress\/viabilita\/\">viabilita<\/a><\/p><\/blockquote>\n<p><iframe loading=\"lazy\" class=\"wp-embedded-content\" sandbox=\"allow-scripts\" security=\"restricted\" style=\"position: absolute; clip: rect(1px, 1px, 1px, 1px);\" title=\"&#8220;viabilita&#8221; &#8212; Radio Pi\u00f9\" src=\"https:\/\/www.radiopiu.net\/wordpress\/viabilita\/embed\/#?secret=Dt10VsmEHq#?secret=pMRzJzfZpW\" data-secret=\"pMRzJzfZpW\" width=\"600\" height=\"338\" frameborder=\"0\" marginwidth=\"0\" marginheight=\"0\" scrolling=\"no\"><\/iframe><\/p>\n<p>&nbsp;<\/p>\n<hr \/>\n<p>&nbsp;<\/p>\n<p><a class=\"dt-pswp-item\" href=\"https:\/\/www.radiopiu.net\/wordpress\/wp-content\/uploads\/2018\/09\/WhatsApp-Image-2018-09-20-at-16.04.06.jpeg\" data-dt-img-description=\"\" data-large_image_width=\"800\" data-large_image_height=\"100\"><img loading=\"lazy\" decoding=\"async\" class=\"wp-image-61378 size-full aligncenter\" src=\"https:\/\/www.radiopiu.net\/wordpress\/wp-content\/uploads\/2018\/09\/WhatsApp-Image-2018-09-20-at-16.04.06.jpeg\" alt=\"\" width=\"800\" height=\"100\" srcset=\"https:\/\/www.radiopiu.net\/wordpress\/wp-content\/uploads\/2018\/09\/WhatsApp-Image-2018-09-20-at-16.04.06.jpeg 800w, https:\/\/www.radiopiu.net\/wordpress\/wp-content\/uploads\/2018\/09\/WhatsApp-Image-2018-09-20-at-16.04.06-300x38.jpeg 300w, https:\/\/www.radiopiu.net\/wordpress\/wp-content\/uploads\/2018\/09\/WhatsApp-Image-2018-09-20-at-16.04.06-768x96.jpeg 768w\" sizes=\"auto, (max-width: 800px) 100vw, 800px\" \/><\/a><\/p>\n<p><center><\/center><b>\u00a0\u00a0<\/b><\/p>\n<p><center><b>OGGI<\/b><\/center>Salvo possibili nubi basse o qualche foschia nelle ore fredde in alcune valli prealpine, nuvolosit\u00e0 variabile di tipo medio-alta a tratti anche estesa con cielo perlopi\u00f9 irregolarmente nuvoloso. Nel pomeriggio ulteriore intensificazione della nuvolosit\u00e0 con possibili debolissimi fenomeni.<br \/>\n<b>Precipitazioni: <\/b>Non esclusa (10-30%) qualche debole o debolissima precipitazione, eventualmente nevosa a 1000\/1200 m sulle Prealpi e a 800-1000 m sulle Dolomiti, specie nel tardo pomeriggio\/sera con accumuli molto scarsi o assenti.<br \/>\n<b>Temperature: <\/b>Nelle valli minime in lieve calo, massime in lieve aumento<\/p>\n<hr \/>\n<p><center><b>DOMANI<\/b><\/center>Dopo una residua nuvolosit\u00e0 nelle prime ore con qualche eventuale sporadico e modestissimo fenomeno, cielo generalmente sereno o poco nuvoloso, specie intorno all&#8217;alba con tempo stabile, salvo possibili formazioni di nubi basse associate a foschie nelle ore fredde in alcune valli prealpine e passaggi di modeste nubi alte.<br \/>\n<b>Precipitazioni: <\/b>Non del tutto escluse debolissime nevicate nelle prime ore (10%) oltre i 900-1000 m ma senza accumuli; in seguito assenti (0%).<br \/>\n<b>Temperature: <\/b>In quota in lieve o contenuta ripresa specie le massime, nelle valli minime in lieve calo, massime in aumento, con discreta escursione termica giornaliera specie nelle valli esposte favorevolmente al soleggiamento.<\/p>\n<hr \/>\n<p><center><b>GIOVEDI<\/b><\/center>Ancora tempo stabile e abbastanza soleggiato, salvo il transito di nubi alte anche estese e consistenti, specie nel pomeriggio. Possibili temporanee formazioni di nubi basse o di foschie nelle ore fredde in alcune valli prealpine, specie in Valbelluna. Temperature in quota in lieve o contenuta diminuzione, nelle valli senza notevoli variazioni o in lieve calo.<\/p>\n<hr \/>\n<p><center><b>VENERDI<\/b><\/center>Cielo irregolarmente nuvoloso fin dal mattino con addensamenti nuvolosi a tratti consistenti nel corso della giornata associati a moderati fenomeni da sparsi a diffusi con quota neve intorno ai 900-1200 m sulle Dolomiti e ai 1300-1500 m sulle Prealpi. Temperature minime in aumento, massime in diminuzione.<\/p>\n<p>&nbsp;<\/p>\n<hr \/>\n<p>&nbsp;<\/p>\n<p><img loading=\"lazy\" decoding=\"async\" class=\"wp-image-60761 size-full aligncenter\" src=\"https:\/\/www.radiopiu.net\/wordpress\/wp-content\/uploads\/2018\/09\/sport.jpg\" alt=\"\" width=\"800\" height=\"100\" srcset=\"https:\/\/www.radiopiu.net\/wordpress\/wp-content\/uploads\/2018\/09\/sport.jpg 800w, https:\/\/www.radiopiu.net\/wordpress\/wp-content\/uploads\/2018\/09\/sport-300x38.jpg 300w, https:\/\/www.radiopiu.net\/wordpress\/wp-content\/uploads\/2018\/09\/sport-768x96.jpg 768w\" sizes=\"auto, (max-width: 800px) 100vw, 800px\" \/><\/p>\n<p>&nbsp;<\/p>\n<p><span style=\"color: #0000ff;\"><strong>HOCKEY SU GHIACCIO<\/strong><\/span><\/p>\n<blockquote>\n<h3 class=\"entry-title\">ALLEGHE E FELTRE STRAPPANO IL PASS PER I QUARTI DI FINALE DI COPPA ITALIA<\/h3>\n<\/blockquote>\n<p><strong class=\"photoswipe-wrapper\"><a class=\"dt-pswp-item pspw-wrap-ready\" href=\"https:\/\/www.radiopiu.net\/wordpress\/wp-content\/uploads\/2023\/12\/a4ce9792-b2e0-40be-a545-031615ff62ce.jpg\" data-dt-img-description=\"\" data-large_image_width=\"1024\" data-large_image_height=\"768\"><img loading=\"lazy\" decoding=\"async\" class=\" wp-image-368127 alignleft\" src=\"https:\/\/www.radiopiu.net\/wordpress\/wp-content\/uploads\/2023\/12\/a4ce9792-b2e0-40be-a545-031615ff62ce-300x225.jpg\" sizes=\"auto, (max-width: 211px) 100vw, 211px\" srcset=\"https:\/\/www.radiopiu.net\/wordpress\/wp-content\/uploads\/2023\/12\/a4ce9792-b2e0-40be-a545-031615ff62ce-300x225.jpg 300w, https:\/\/www.radiopiu.net\/wordpress\/wp-content\/uploads\/2023\/12\/a4ce9792-b2e0-40be-a545-031615ff62ce-768x576.jpg 768w, https:\/\/www.radiopiu.net\/wordpress\/wp-content\/uploads\/2023\/12\/a4ce9792-b2e0-40be-a545-031615ff62ce.jpg 1024w\" alt=\"\" width=\"211\" height=\"158\" \/><\/a>di Marco Gaz<\/strong><\/p>\n<p><span style=\"color: #ff0000;\"><strong>RITORNO OTTAVI DI FINALE COPPA ITALIA<\/strong><\/span><\/p>\n<p><strong>ALLEGHE \u2013 DOBBIACO 6-3<\/strong><\/p>\n<p class=\"selectable-text copyable-text iq0m558w g0rxnol2\" dir=\"ltr\"><span class=\"selectable-text copyable-text\">PARZIALI: 0-1, 3-0, 3-2<\/span><\/p>\n<p class=\"selectable-text copyable-text iq0m558w g0rxnol2\" dir=\"ltr\"><span class=\"selectable-text copyable-text\">GOL: Pt. 9\u201933\u201d Purdeller. St. 4\u201941\u201d De Val, 13\u201917\u201d Zherdev, 17\u201920\u201d A. Vinatzer. Tt. 4\u201910\u201d Maonthaler, 7\u201923\u201d Makela, 13\u201935\u201d Zherdev, 18\u201934\u201d De Val, 18\u201940\u201d Messner<\/span><\/p>\n<p class=\"selectable-text copyable-text iq0m558w g0rxnol2\" dir=\"ltr\"><span class=\"selectable-text copyable-text\">L\u2019Alleghe entra tra le migliori 8 squadre della Coppa Italia di hockey. Di fronte al pubblico delle grandi occasioni, oltre 1000 spettatori al De Toni, la squadra allenata da Scapinello vince e andr\u00e0 a giocare i quarti di finale contro l\u2019Appiano. Una partita che non era iniziata nel migliore dei modi per le civette che a fine primo tempo stavano perdendo di misura. Poi la reazione dei biancorossi che nel secondo tempo hanno messo in cassaforte la sfida giocando bene e concedendo ben poco al Dobbiaco. Gioved\u00ec di nuovo in campo per la prima sfida della seconda fase di IHL con gli agordini a Varese per la prima giornata del Master Round. Poche emozioni nei primi minuti della gara. Le squadre sembrano non versi fare del male. Poche conclusioni e non pericolose per le due compagini. Alla prima disattenzione difensiva delle civette il Dobbiaco trova il vantaggio con Purdeller da distanza ravvicinata. Provano a rispondere gli uomini di Scapinello. Makela e Zherdev si avvicinano alla rete ma il golie avversario dice di no. Continuano a premere gli agordini ma il disco sembra non voler entrare. Anche nel secondo drittel l\u2019Alleghe prende di mira la porta altoatesina complice anche due superiorit\u00e0 numeriche. Burzacca sembra in serata e sventa ogni minaccia alleghese. Dopo un batti e ribatti arriva il pareggio dei padroni di casa. A gonfiare la rete ci pensa De Val. Squadra ospite molto fallosa che viene punita pi\u00f9 volte dagli arbitri. Le civette hanno la possibilit\u00e0 di passare in vantaggio. La porta altoatesina continua ad essere presa di mira ma le conclusioni non danno i frutti sperati. Agordini in vantaggio subito dopo: tiro di De Val, parata di Burzacca e ribattuta vincente di Zherdev. Prima della seconda sirena gli alleghesi incrementano il vantaggio con Andreas Vinatzer. Nel terzo periodo di gioco fioccano le penalit\u00e0 per i padroni di casa e il Dobbiaco si trova pi\u00f9 volte in superiorit\u00e0 numerica. De Nardin si difende bene ma gli ospiti accorciano le distanze grazie ad una deviazione vincente di Monthaler. La reazione delle civette non si fa attendere e Makela cala il poker. A chiudere definitivamente ci pensa Zherdev che con un gol strepitoso, polsino dai 15 metri, spedisce il puck alle spalle di Burzacca. Nel finale De Val mette la firma alla doppietta personale e Messner sigla la terza marcatura altoatesina.<\/span><\/p>\n<p><strong>FELTRE \u2013 BRESSANONE 2-2<\/strong><\/p>\n<p>PARZIALI: 1-0, 1-0, 0-2<\/p>\n<p>GOL: Pt. 12\u201948\u201d Lysenko. St. 6\u201901\u201d M. Dall\u2019Agnol. Tt. 10\u201922\u201d Maunula, 13\u201928\u201d Niccolai<\/p>\n<p>Con il minimo sforzo il Feltre strappa il pass per i quarti di finale della Coppa Italia. Termina in pareggio la sfida al PalaFeltre di fronte a quasi 700 persone. Il Feltre sigla due marcature nelle prime due frazioni e gli altoatesini pareggiano i conti nel terzo parziale. Ad sbloccare l\u2019incontro ci pensa Lysenko nel primo tempo. Nel secondo drittel il secondo gol dei picchi a firma di Matteo Dall\u2019Agnol. Calano il ritmo i padroni di casa che concedono troppo al Bressanone che nel giro di pochi minuti pareggia i conti con Maunula e Niccolai. Poche emozioni nei minuti finali con le squadre che non si avvicinano alla porta avversaria.<\/p>\n<p>&nbsp;<\/p>\n<p><span style=\"color: #0000ff;\"><strong>CALCIO<\/strong><\/span><\/p>\n<blockquote>\n<h3>L&#8217;AGORDINA CALCIO RIPARTE DAI GIOVANI. L&#8217;INTERVISTA<\/h3>\n<\/blockquote>\n<p><strong><a class=\"dt-pswp-item\" href=\"https:\/\/www.radiopiu.net\/wordpress\/wp-content\/uploads\/2019\/09\/AGORDINA-CALCIO.jpeg\" data-dt-img-description=\"\" data-large_image_width=\"225\" data-large_image_height=\"225\"><img loading=\"lazy\" decoding=\"async\" class=\" wp-image-97575 alignleft\" src=\"https:\/\/www.radiopiu.net\/wordpress\/wp-content\/uploads\/2019\/09\/AGORDINA-CALCIO.jpeg\" alt=\"\" width=\"125\" height=\"125\" srcset=\"https:\/\/www.radiopiu.net\/wordpress\/wp-content\/uploads\/2019\/09\/AGORDINA-CALCIO.jpeg 225w, https:\/\/www.radiopiu.net\/wordpress\/wp-content\/uploads\/2019\/09\/AGORDINA-CALCIO-150x150.jpeg 150w\" sizes=\"auto, (max-width: 125px) 100vw, 125px\" \/><\/a>AGORDO<\/strong><\/p>\n<p>DI GIANNI SANTOMASO<\/p>\n<p><em><strong>OGGI ALLE 16:30 SU RADIO PIU&#8217;<\/strong><\/em><\/p>\n<audio class=\"wp-audio-shortcode\" id=\"audio-368062-14\" preload=\"none\" style=\"width: 100%;\" controls=\"controls\"><source type=\"audio\/mpeg\" src=\"https:\/\/www.radiopiu.net\/wordpress\/wp-content\/uploads\/2023\/12\/intervista-agordina-calcio-fine-2023.mp3?_=14\" \/><a href=\"https:\/\/www.radiopiu.net\/wordpress\/wp-content\/uploads\/2023\/12\/intervista-agordina-calcio-fine-2023.mp3\">https:\/\/www.radiopiu.net\/wordpress\/wp-content\/uploads\/2023\/12\/intervista-agordina-calcio-fine-2023.mp3<\/a><\/audio>\n<p>&nbsp;<\/p>\n<p><span style=\"color: #0000ff;\"><strong>CALCIO A 5<\/strong><\/span><\/p>\n<blockquote>\n<h3>GIESSE PER LO SPORT\u2026CON LA CANOTTIERI BELLUNO CALCIO A 5 \u2013 PUNTATA 11 01 GENNAIO 2024<\/h3>\n<\/blockquote>\n<div class=\"x11i5rnm xat24cr x1mh8g0r x1vvkbs xtlvy1s x126k92a\">\n<h4 class=\"photoswipe-wrapper\" dir=\"auto\"><a class=\"dt-pswp-item pspw-wrap-ready\" href=\"https:\/\/www.radiopiu.net\/wordpress\/wp-content\/uploads\/2023\/10\/Senza-nome-57.png\" data-dt-img-description=\"\" data-large_image_width=\"317\" data-large_image_height=\"322\"><img loading=\"lazy\" decoding=\"async\" class=\"size-medium wp-image-358116 aligncenter\" src=\"https:\/\/www.radiopiu.net\/wordpress\/wp-content\/uploads\/2023\/10\/Senza-nome-57-295x300.png\" sizes=\"auto, (max-width: 295px) 100vw, 295px\" srcset=\"https:\/\/www.radiopiu.net\/wordpress\/wp-content\/uploads\/2023\/10\/Senza-nome-57-295x300.png 295w, https:\/\/www.radiopiu.net\/wordpress\/wp-content\/uploads\/2023\/10\/Senza-nome-57.png 317w\" alt=\"\" width=\"295\" height=\"300\" \/><\/a><\/h4>\n<h4 dir=\"auto\"><\/h4>\n<h4 dir=\"auto\">GIESSE PER LO SPORT\u201d \u2026 con la Canottieri Belluno, calcio a 5. Tutto sul campionato di serie A2, girone A. Il programma alla RADIO che da ascolto ai talenti del calcio a 5 bellunese. IN COLLABORAZIONE CON GIESSE RISARCIMENTO DANNI A BELLUNO<\/h4>\n<\/div>\n<div class=\"x11i5rnm xat24cr x1mh8g0r x1vvkbs xtlvy1s x126k92a\">\n<h4 dir=\"auto\"><a class=\"x1i10hfl xjbqb8w x6umtig x1b1mbwd xaqea5y xav7gou x9f619 x1ypdohk xt0psk2 xe8uvvx xdj266r x11i5rnm xat24cr x1mh8g0r xexx8yu x4uap5 x18d9i69 xkhd6sd x16tdsg8 x1hl2dhg xggy1nq x1a2a7pz xt0b8zv x1qq9wsj xo1l8bm\" tabindex=\"0\" role=\"link\" href=\"https:\/\/www.facebook.com\/groups\/radiopiu\/?__cft__[0]=AZVtB3sskZBwGsu89zeRk9eNMGUFohz53TdYmXZyePAKPt8cBeKCqA03znGJk9wPaqHDXQ5yMBG_hrsUX03xH8fdmlMazTirW3KRFEY3Kr2cyBd_5Es2MvKnqyd6ZcahL6_M_zOo19o5N5tV8NHsHcfP&amp;__tn__=-UK-R\"><span class=\"xt0psk2\">RADIO PIU\u2019 EMITTENTE AGORDINA (Taibon_32027)<\/span><\/a>: IL LUNEDI ALLE 16.30, IL MARTEDI ALLE 13.05 RADIO CLUB 103 IL LUNEDI ALLE 16.20 E MARTEDI ALLE 13.40 <a class=\"x1i10hfl xjbqb8w x6umtig x1b1mbwd xaqea5y xav7gou x9f619 x1ypdohk xt0psk2 xe8uvvx xdj266r x11i5rnm xat24cr x1mh8g0r xexx8yu x4uap5 x18d9i69 xkhd6sd x16tdsg8 x1hl2dhg xggy1nq x1a2a7pz xt0b8zv x1qq9wsj xo1l8bm\" tabindex=\"0\" role=\"link\" href=\"https:\/\/www.facebook.com\/groups\/61488111720\/user\/100063652837062\/?__cft__[0]=AZVtB3sskZBwGsu89zeRk9eNMGUFohz53TdYmXZyePAKPt8cBeKCqA03znGJk9wPaqHDXQ5yMBG_hrsUX03xH8fdmlMazTirW3KRFEY3Kr2cyBd_5Es2MvKnqyd6ZcahL6_M_zOo19o5N5tV8NHsHcfP&amp;__tn__=-]K-R\"><span class=\"xt0psk2\">Radio Primiero<\/span><\/a>\u00a0IL LUNEDI ALLE 10.30 E MARTEDI ALLE 12.30<\/h4>\n<p><strong><a class=\"dt-pswp-item\" href=\"https:\/\/www.radiopiu.net\/wordpress\/wp-content\/uploads\/2023\/12\/SCR-20240101-oqeg.png\" data-dt-img-description=\"\" data-large_image_width=\"864\" data-large_image_height=\"688\"><img loading=\"lazy\" decoding=\"async\" class=\" wp-image-368276 alignleft\" src=\"https:\/\/www.radiopiu.net\/wordpress\/wp-content\/uploads\/2023\/12\/SCR-20240101-oqeg-300x239.png\" alt=\"\" width=\"146\" height=\"116\" srcset=\"https:\/\/www.radiopiu.net\/wordpress\/wp-content\/uploads\/2023\/12\/SCR-20240101-oqeg-300x239.png 300w, https:\/\/www.radiopiu.net\/wordpress\/wp-content\/uploads\/2023\/12\/SCR-20240101-oqeg-768x612.png 768w, https:\/\/www.radiopiu.net\/wordpress\/wp-content\/uploads\/2023\/12\/SCR-20240101-oqeg.png 864w\" sizes=\"auto, (max-width: 146px) 100vw, 146px\" \/><\/a>PUNTATA 11 &#8211; 01 GENNAIO 2024<\/strong><\/p>\n<p><span style=\"color: #0000ff;\"><strong>PAUSA NATALIZIA<\/strong><\/span><\/p>\n<p><strong>GLI AUGURI DELLA CANOTTIERI BELLUNO E GIESSE RISARCIMENTO DANNI<\/strong><\/p>\n<audio class=\"wp-audio-shortcode\" id=\"audio-368062-15\" preload=\"none\" style=\"width: 100%;\" controls=\"controls\"><source type=\"audio\/mpeg\" src=\"https:\/\/www.radiopiu.net\/wordpress\/wp-content\/uploads\/2023\/12\/GIESSECALCIO.mp3?_=15\" \/><a href=\"https:\/\/www.radiopiu.net\/wordpress\/wp-content\/uploads\/2023\/12\/GIESSECALCIO.mp3\">https:\/\/www.radiopiu.net\/wordpress\/wp-content\/uploads\/2023\/12\/GIESSECALCIO.mp3<\/a><\/audio>\n<p>&nbsp;<\/p>\n<p><strong>LA RACCOLTA COMPLETA <a href=\"https:\/\/www.radiopiu.net\/wordpress\/giesse-per-lo-sport-con-la-canottieri-belluno-calcio-a-5\/\">CLICCA QUI<\/a><\/strong><\/p>\n<p>&nbsp;<\/p>\n<\/div>\n<p><span style=\"color: #0000ff;\"><strong>SCI ALPINO<\/strong><\/span><\/p>\n<blockquote>\n<h3>LA GIORNATA SUGLI SCI DELLA DYNAMO<\/h3>\n<\/blockquote>\n<p><strong><a class=\"dt-pswp-item\" href=\"https:\/\/www.radiopiu.net\/wordpress\/wp-content\/uploads\/2023\/12\/IMG-20231228-WA0108.jpg\" data-dt-img-description=\"\" data-large_image_width=\"1984\" data-large_image_height=\"1488\"><img loading=\"lazy\" decoding=\"async\" class=\" wp-image-368071 alignleft\" src=\"https:\/\/www.radiopiu.net\/wordpress\/wp-content\/uploads\/2023\/12\/IMG-20231228-WA0108-300x225.jpg\" alt=\"\" width=\"160\" height=\"120\" srcset=\"https:\/\/www.radiopiu.net\/wordpress\/wp-content\/uploads\/2023\/12\/IMG-20231228-WA0108-300x225.jpg 300w, https:\/\/www.radiopiu.net\/wordpress\/wp-content\/uploads\/2023\/12\/IMG-20231228-WA0108-1024x768.jpg 1024w, https:\/\/www.radiopiu.net\/wordpress\/wp-content\/uploads\/2023\/12\/IMG-20231228-WA0108-768x576.jpg 768w, https:\/\/www.radiopiu.net\/wordpress\/wp-content\/uploads\/2023\/12\/IMG-20231228-WA0108-1536x1152.jpg 1536w, https:\/\/www.radiopiu.net\/wordpress\/wp-content\/uploads\/2023\/12\/IMG-20231228-WA0108.jpg 1984w\" sizes=\"auto, (max-width: 160px) 100vw, 160px\" \/><\/a>PASSO ROLLE <\/strong>Anche quest&#8217;anno la Dynamo ha fatto della, se ben poca, neve un modo per continuare a portare avanti con passione le proprie tradizioni, e cos\u00ec dal 26 al 29 dicembre ha portato quasi 30 ragazzi sulle piste del passo rolle. \u201cFomula che vince non si cambia\u201d le parole del presidente della societ\u00e0, il 22 enne Luca Zanella, \u201c da sempre cerchiamo di dare oltre alla giornata sugli sci, anche pasto e trasporto\u201d continua Zanella. Oltre ai ragazzi, dopo la buona riuscita dell\u2019anno scorso, anche alcuni ragazzi ipovedenti hanno potuto sciare, accompagnati da accompagnatori istruiti ad HOC. \u201cAnche quest\u2019anno abbiamo portato a termine il compito di mantenere vive le tradizioni\u201d comunica Mauro Zanella responsabile degli sport invernali della societ\u00e0,\u201dmantenere lo stesso format creato agli albori, \u00e8 una sfida difficile, ma che ci rende fieri di riuscire ad essere diversi dagli altri\u201d.<\/p>\n","protected":false},"excerpt":{"rendered":"<p>*** 40esimo di RADIOPIU\u2026. LA VOCE DELL\u2019EMOZIONE ISCRIVITI AL NOSTRO CANALE\u00a0\u00a0YOUTUBE PER SEGUIRE IN DIRETTA I PRINCIPALI PROGRAMMI DI RADIO PIU\u2019 E LE FUTURE DIRETTE IN ESTERNA. PER ISCRIVERTI CLICCA QUI\u00a0E PREMI\u00a0 \u201cIscriviti\u201d\u00a0\u00a0 &nbsp; &nbsp; &nbsp; &nbsp; i podcast informativi del mattino &#8211; audio &#8211;\u00a0 LA RASSEGNA STAMPA NAZIONALE ALLA RADIO, OGNI GIORNO ALLE 5&hellip;<\/p>\n","protected":false},"author":4,"featured_media":368285,"comment_status":"closed","ping_status":"closed","sticky":false,"template":"","format":"standard","meta":{"_monsterinsights_skip_tracking":false,"_monsterinsights_sitenote_active":false,"_monsterinsights_sitenote_note":"","_monsterinsights_sitenote_category":0,"footnotes":""},"categories":[51,86,49],"tags":[],"class_list":["post-368062","post","type-post","status-publish","format-standard","has-post-thumbnail","hentry","category-evidenza-top","category-gr","category-news-18","category-51","category-86","category-49","description-off"],"img_url":"https:\/\/www.radiopiu.net\/wordpress\/wp-content\/uploads\/2024\/01\/7bc0218e-68b6-483c-83a5-d6b607bb94dc.jpg","_links":{"self":[{"href":"https:\/\/www.radiopiu.net\/wordpress\/wp-json\/wp\/v2\/posts\/368062","targetHints":{"allow":["GET"]}}],"collection":[{"href":"https:\/\/www.radiopiu.net\/wordpress\/wp-json\/wp\/v2\/posts"}],"about":[{"href":"https:\/\/www.radiopiu.net\/wordpress\/wp-json\/wp\/v2\/types\/post"}],"author":[{"embeddable":true,"href":"https:\/\/www.radiopiu.net\/wordpress\/wp-json\/wp\/v2\/users\/4"}],"replies":[{"embeddable":true,"href":"https:\/\/www.radiopiu.net\/wordpress\/wp-json\/wp\/v2\/comments?post=368062"}],"version-history":[{"count":0,"href":"https:\/\/www.radiopiu.net\/wordpress\/wp-json\/wp\/v2\/posts\/368062\/revisions"}],"wp:featuredmedia":[{"embeddable":true,"href":"https:\/\/www.radiopiu.net\/wordpress\/wp-json\/wp\/v2\/media\/368285"}],"wp:attachment":[{"href":"https:\/\/www.radiopiu.net\/wordpress\/wp-json\/wp\/v2\/media?parent=368062"}],"wp:term":[{"taxonomy":"category","embeddable":true,"href":"https:\/\/www.radiopiu.net\/wordpress\/wp-json\/wp\/v2\/categories?post=368062"},{"taxonomy":"post_tag","embeddable":true,"href":"https:\/\/www.radiopiu.net\/wordpress\/wp-json\/wp\/v2\/tags?post=368062"}],"curies":[{"name":"wp","href":"https:\/\/api.w.org\/{rel}","templated":true}]}}