{"id":368270,"date":"2024-01-01T16:03:11","date_gmt":"2024-01-01T15:03:11","guid":{"rendered":"https:\/\/www.radiopiu.net\/wordpress\/?p=368270"},"modified":"2024-01-01T16:03:11","modified_gmt":"2024-01-01T15:03:11","slug":"nicolas-e-giulio-sono-i-primi-nati-a-belluno-e-feltre-del-2024","status":"publish","type":"post","link":"https:\/\/www.radiopiu.net\/wordpress\/nicolas-e-giulio-sono-i-primi-nati-a-belluno-e-feltre-del-2024\/","title":{"rendered":"NICOLAS E GIULIO SONO I PRIMI NATI A BELLUNO E FELTRE DEL 2024"},"content":{"rendered":"<p>*****<\/p>\n<p>&nbsp;<\/p>\n<p><strong>BELLUNO <\/strong>Mamma Llie Andreea Alexandra e pap\u00e0 Valeriu Cornel Gugu di Borgo Valbelluna hanno salutato il piccolo Nicholas Gabriel questa mattina alle 10.02 all\u2019ostetricia di Belluno. Il secondo nato, alle 13.30 di oggi, \u00e8 stato Nicolas Lozovyy di Nazariy e Olesya Stavchanska di Belluno nato all\u2019ospedale di Belluno L\u2019ultimo nato del 2023 \u00e8 stato Francesco Sacco Zirio di Erik ed Elena Giacomin, nato il 31.12 ore 15.28 all\u2019ostetricia di Belluno. All\u2019ostetricia di Feltre, l\u2019ultima nata, il 30 dicembre, \u00e8 stata Virginia Braccio di Ignazio e Balen Valentina di Sedico. Il primo nato a Feltre alle 14.38 \u00e8 stato Giulio Cicciarella di Pierpaolo e Veronica Cassia, residenti a Feltre. Complessivamente, l\u2019anno si chiude con circa <strong>1.255 <\/strong>nati in Ulss Dolomiti, in calo rispetto allo scorso anno (1312 nati), in linea con il trend nazionale. I mesi in cui sono nati pi\u00f9 bambini sono stati proprio dicembre (122 nati) e giugno (120). Sono nati pi\u00f9 maschi che femmine (circa 40 in pi\u00f9). I parti gemellari sono stati 9. A Feltre i nati sono stati <strong>739<\/strong>, a Belluno <strong>516. <\/strong>Questa mattina, il Commissario Giuseppe Dal Ben, ha portato un saluto agli operatori della Centrale SUEM e\u00a0 dei 4 pronti soccorsi di Pieve di Cadore, Agordo, Feltre e Belluno, in questi giorni impegnati per importanti afflussi di pazienti. Il Commissario \u00e8 passato a ringraziare anche i professionisti delle due ostetricie di Belluno e Feltre.<\/p>\n\n\t\t\t<style type='text\/css'>\n\t\t\t\t#gallery-1 {\n\t\t\t\t\tmargin: auto;\n\t\t\t\t}\n\t\t\t\t#gallery-1 .gallery-item {\n\t\t\t\t\tfloat: left;\n\t\t\t\t\tmargin-top: 10px;\n\t\t\t\t\ttext-align: center;\n\t\t\t\t\twidth: 50%;\n\t\t\t\t}\n\t\t\t\t#gallery-1 img {\n\t\t\t\t\tborder: 2px solid #cfcfcf;\n\t\t\t\t}\n\t\t\t\t#gallery-1 .gallery-caption {\n\t\t\t\t\tmargin-left: 0;\n\t\t\t\t}\n\t\t\t\t\/* see gallery_shortcode() in wp-includes\/media.php *\/\n\t\t\t<\/style>\n\t\t<div id='gallery-1' class='dt-gallery-container gallery galleryid-368270 gallery-columns-2 gallery-size-medium'><dl class='gallery-item'>\n\t\t\t\t<dt class='gallery-icon portrait'>\n\t\t\t\t\t<a class=\"rollover rollover-zoom dt-pswp-item\" title=\"Nicolas primo nato in ulss DOlomiti a Belluno\" data-dt-img-description=\"\" data-large_image_width=\"768\" data-large_image_height=\"1024\"href='https:\/\/www.radiopiu.net\/wordpress\/wp-content\/uploads\/2024\/01\/Nicolas-primo-nato-in-ulss-DOlomiti-a-Belluno.jpeg'><img loading=\"lazy\" decoding=\"async\" width=\"225\" height=\"300\" src=\"https:\/\/www.radiopiu.net\/wordpress\/wp-content\/uploads\/2024\/01\/Nicolas-primo-nato-in-ulss-DOlomiti-a-Belluno-225x300.jpeg\" class=\"attachment-medium size-medium\" alt=\"\" aria-describedby=\"gallery-1-368272\" srcset=\"https:\/\/www.radiopiu.net\/wordpress\/wp-content\/uploads\/2024\/01\/Nicolas-primo-nato-in-ulss-DOlomiti-a-Belluno-225x300.jpeg 225w, https:\/\/www.radiopiu.net\/wordpress\/wp-content\/uploads\/2024\/01\/Nicolas-primo-nato-in-ulss-DOlomiti-a-Belluno.jpeg 768w\" sizes=\"auto, (max-width: 225px) 100vw, 225px\" \/><\/a>\n\t\t\t\t<\/dt>\n\t\t\t\t\t<dd class='wp-caption-text gallery-caption' id='gallery-1-368272'>\n\t\t\t\t\tNICOLAS &#8211; PRIMO NATO A BELLUNO\n\t\t\t\t\t<\/dd><\/dl><dl class='gallery-item'>\n\t\t\t\t<dt class='gallery-icon portrait'>\n\t\t\t\t\t<a class=\"rollover rollover-zoom dt-pswp-item\" title=\"Giulio - primo nato Feltre\" data-dt-img-description=\"\" data-large_image_width=\"768\" data-large_image_height=\"1024\"href='https:\/\/www.radiopiu.net\/wordpress\/wp-content\/uploads\/2024\/01\/Giulio-primo-nato-Feltre.jpeg'><img loading=\"lazy\" decoding=\"async\" width=\"225\" height=\"300\" src=\"https:\/\/www.radiopiu.net\/wordpress\/wp-content\/uploads\/2024\/01\/Giulio-primo-nato-Feltre-225x300.jpeg\" class=\"attachment-medium size-medium\" alt=\"\" aria-describedby=\"gallery-1-368271\" srcset=\"https:\/\/www.radiopiu.net\/wordpress\/wp-content\/uploads\/2024\/01\/Giulio-primo-nato-Feltre-225x300.jpeg 225w, https:\/\/www.radiopiu.net\/wordpress\/wp-content\/uploads\/2024\/01\/Giulio-primo-nato-Feltre.jpeg 768w\" sizes=\"auto, (max-width: 225px) 100vw, 225px\" \/><\/a>\n\t\t\t\t<\/dt>\n\t\t\t\t\t<dd class='wp-caption-text gallery-caption' id='gallery-1-368271'>\n\t\t\t\t\tGIULIO &#8211; PRIMO NATO A FELTRE\n\t\t\t\t\t<\/dd><\/dl><br style=\"clear: both\" \/>\n\t\t\t<\/div>\n\n<p>&nbsp;<\/p>\n<p>&nbsp;<\/p>\n<p>*******<\/p>\n","protected":false},"excerpt":{"rendered":"<p>***** &nbsp; BELLUNO Mamma Llie Andreea Alexandra e pap\u00e0 Valeriu Cornel Gugu di Borgo Valbelluna hanno salutato il piccolo Nicholas Gabriel questa mattina alle 10.02 all\u2019ostetricia di Belluno. Il secondo nato, alle 13.30 di oggi, \u00e8 stato Nicolas Lozovyy di Nazariy e Olesya Stavchanska di Belluno nato all\u2019ospedale di Belluno L\u2019ultimo nato del 2023 \u00e8&hellip;<\/p>\n","protected":false},"author":4,"featured_media":348092,"comment_status":"closed","ping_status":"closed","sticky":false,"template":"","format":"standard","meta":{"_monsterinsights_skip_tracking":false,"_monsterinsights_sitenote_active":false,"_monsterinsights_sitenote_note":"","_monsterinsights_sitenote_category":0,"footnotes":""},"categories":[49],"tags":[],"class_list":["post-368270","post","type-post","status-publish","format-standard","has-post-thumbnail","hentry","category-news-18","category-49","description-off"],"img_url":"https:\/\/www.radiopiu.net\/wordpress\/wp-content\/uploads\/2023\/08\/nascita.jpeg","_links":{"self":[{"href":"https:\/\/www.radiopiu.net\/wordpress\/wp-json\/wp\/v2\/posts\/368270","targetHints":{"allow":["GET"]}}],"collection":[{"href":"https:\/\/www.radiopiu.net\/wordpress\/wp-json\/wp\/v2\/posts"}],"about":[{"href":"https:\/\/www.radiopiu.net\/wordpress\/wp-json\/wp\/v2\/types\/post"}],"author":[{"embeddable":true,"href":"https:\/\/www.radiopiu.net\/wordpress\/wp-json\/wp\/v2\/users\/4"}],"replies":[{"embeddable":true,"href":"https:\/\/www.radiopiu.net\/wordpress\/wp-json\/wp\/v2\/comments?post=368270"}],"version-history":[{"count":0,"href":"https:\/\/www.radiopiu.net\/wordpress\/wp-json\/wp\/v2\/posts\/368270\/revisions"}],"wp:featuredmedia":[{"embeddable":true,"href":"https:\/\/www.radiopiu.net\/wordpress\/wp-json\/wp\/v2\/media\/348092"}],"wp:attachment":[{"href":"https:\/\/www.radiopiu.net\/wordpress\/wp-json\/wp\/v2\/media?parent=368270"}],"wp:term":[{"taxonomy":"category","embeddable":true,"href":"https:\/\/www.radiopiu.net\/wordpress\/wp-json\/wp\/v2\/categories?post=368270"},{"taxonomy":"post_tag","embeddable":true,"href":"https:\/\/www.radiopiu.net\/wordpress\/wp-json\/wp\/v2\/tags?post=368270"}],"curies":[{"name":"wp","href":"https:\/\/api.w.org\/{rel}","templated":true}]}}