{"id":368324,"date":"2024-01-03T05:25:13","date_gmt":"2024-01-03T04:25:13","guid":{"rendered":"https:\/\/www.radiopiu.net\/wordpress\/?p=368324"},"modified":"2024-01-03T08:42:32","modified_gmt":"2024-01-03T07:42:32","slug":"giornale-radiopiu-03-gennaio-2024-direttore-mirko-mezzacasada-40-anni-25-giugno-1983-25-giugno-2023","status":"publish","type":"post","link":"https:\/\/www.radiopiu.net\/wordpress\/giornale-radiopiu-03-gennaio-2024-direttore-mirko-mezzacasada-40-anni-25-giugno-1983-25-giugno-2023\/","title":{"rendered":"GIORNALE RADIOPIU 03 GENNAIO 2024 DIRETTORE MIRKO MEZZACASA\u2026DA 40 ANNI 25 GIUGNO 1983-25 GIUGNO 2023"},"content":{"rendered":"<h1>***<\/h1>\n<h1><\/h1>\n<h1 class=\"entry-title photoswipe-wrapper\"><strong><a class=\"dt-pswp-item\" href=\"https:\/\/www.radiopiu.net\/wordpress\/wp-content\/uploads\/2023\/12\/logo-radio.jpg\" data-dt-img-description=\"\" data-large_image_width=\"800\" data-large_image_height=\"600\"><img loading=\"lazy\" decoding=\"async\" class=\"wp-image-367163 alignleft\" src=\"https:\/\/www.radiopiu.net\/wordpress\/wp-content\/uploads\/2023\/12\/logo-radio-300x225.jpg\" alt=\"\" width=\"109\" height=\"82\" srcset=\"https:\/\/www.radiopiu.net\/wordpress\/wp-content\/uploads\/2023\/12\/logo-radio-300x225.jpg 300w, https:\/\/www.radiopiu.net\/wordpress\/wp-content\/uploads\/2023\/12\/logo-radio-768x576.jpg 768w, https:\/\/www.radiopiu.net\/wordpress\/wp-content\/uploads\/2023\/12\/logo-radio.jpg 800w\" sizes=\"auto, (max-width: 109px) 100vw, 109px\" \/><\/a><\/strong><\/h1>\n<h1 class=\"entry-title photoswipe-wrapper\">40esimo di RADIOPIU\u2026. LA VOCE DELL\u2019EMOZIONE<\/h1>\n<h2><span style=\"color: #ff0000;\">ISCRIVITI AL NOSTRO CANALE\u00a0\u00a0YOUTUBE PER SEGUIRE IN DIRETTA I PRINCIPALI PROGRAMMI DI RADIO PIU\u2019 E LE FUTURE DIRETTE IN ESTERNA. PER ISCRIVERTI <a style=\"color: #ff0000;\" href=\"https:\/\/youtube.com\/@radiopiu1527\">CLICCA QUI\u00a0<\/a>E PREMI\u00a0 \u201cIscriviti\u201d\u00a0\u00a0<\/span><\/h2>\n<p>&nbsp;<\/p>\n<p>&nbsp;<\/p>\n<hr \/>\n<p>&nbsp;<\/p>\n<blockquote>\n<blockquote>\n<h1><span style=\"color: #ff0000;\">i podcast informativi del mattino &#8211; audio &#8211;\u00a0<\/span><\/h1>\n<\/blockquote>\n<p><strong><a class=\"dt-pswp-item\" href=\"https:\/\/www.radiopiu.net\/wordpress\/wp-content\/uploads\/2023\/11\/th-10.jpg\" data-dt-img-description=\"\" data-large_image_width=\"320\" data-large_image_height=\"180\"><img loading=\"lazy\" decoding=\"async\" class=\"wp-image-362866 alignleft\" src=\"https:\/\/www.radiopiu.net\/wordpress\/wp-content\/uploads\/2023\/11\/th-10-300x169.jpg\" alt=\"\" width=\"185\" height=\"104\" srcset=\"https:\/\/www.radiopiu.net\/wordpress\/wp-content\/uploads\/2023\/11\/th-10-300x169.jpg 300w, https:\/\/www.radiopiu.net\/wordpress\/wp-content\/uploads\/2023\/11\/th-10.jpg 320w\" sizes=\"auto, (max-width: 185px) 100vw, 185px\" \/><\/a>LA RASSEGNA STAMPA NAZIONALE ALLA RADIO, OGNI GIORNO ALLE 5 E ALLE 6 DEL MATTINO <span style=\"color: #0000ff;\">viene pubblicata alle 6.00 <span style=\"color: #ff0000;\">DIRETTA RADIO<\/span><\/span><\/strong><\/p><\/blockquote>\n<p>di Sissy\u00a0 Martinelli.<br \/>\nL&#8217;attacco a Beirut, ha perso la vita il numero 2 di Hamas, l&#8217;esplosione<br \/>\nche \u00e8 costata la vita ad altre 5 persone sembra sia\u00a0 stata innescatata un drone \u00a0israeliano, ma il governo di Netanyahu non ha fatto nessuna rivendicazione. All&#8217;eraoporto internazionale di Tokio un volo in fase di atterraggio ha colpito un aereo cargo che stava trasportando soccorsi\u00a0 per le zone colpite dal recentissimo terremoto. L&#8217;equipaggio del cargo non ha avuto scampo mentre tutti i 360-77 passaggiari e i 12 membri dell&#8217;equipaggio sono riusciti a mettersi<br \/>\nin salvo.Emanuele Pozzolo di FRATELLI D&#8217;ITALIA \u00e8 stato iscritto nel registro degli indagati per il ferimento, la notte di Capodanno, di un uomo che stava partecipando d&#8217;un veglione organizzato nei locali della prolocco di Rosazza.<\/p>\n<p><strong>AUDIO\u00a0<\/strong><\/p>\n<audio class=\"wp-audio-shortcode\" id=\"audio-368324-1\" preload=\"none\" style=\"width: 100%;\" controls=\"controls\"><source type=\"audio\/mpeg\" src=\"https:\/\/www.radiopiu.net\/wordpress\/wp-content\/uploads\/2024\/01\/GIORNALEDELLESEI-1.mp3?_=1\" \/><a href=\"https:\/\/www.radiopiu.net\/wordpress\/wp-content\/uploads\/2024\/01\/GIORNALEDELLESEI-1.mp3\">https:\/\/www.radiopiu.net\/wordpress\/wp-content\/uploads\/2024\/01\/GIORNALEDELLESEI-1.mp3<\/a><\/audio>\n<p>&nbsp;<\/p>\n<p>&nbsp;<\/p>\n<p><strong><a class=\"dt-pswp-item\" href=\"https:\/\/www.radiopiu.net\/wordpress\/wp-content\/uploads\/2023\/12\/images.png\" data-dt-img-description=\"\" data-large_image_width=\"316\" data-large_image_height=\"160\"><img loading=\"lazy\" decoding=\"async\" class=\"wp-image-367008 alignleft\" src=\"https:\/\/www.radiopiu.net\/wordpress\/wp-content\/uploads\/2023\/12\/images-300x152.png\" alt=\"\" width=\"235\" height=\"119\" srcset=\"https:\/\/www.radiopiu.net\/wordpress\/wp-content\/uploads\/2023\/12\/images-300x152.png 300w, https:\/\/www.radiopiu.net\/wordpress\/wp-content\/uploads\/2023\/12\/images.png 316w\" sizes=\"auto, (max-width: 235px) 100vw, 235px\" \/><\/a>OGNI GIORNO ALLE SETTE DEL MATTINO, LA RASSEGNA STAMPA LOCALE FLASH&#8230; PER CHI VA IN FRETTA. I TITOLI DAI GIORNALI E DAL SITO WWW.RADIOPIU.NET <span style=\"color: #0000ff;\">viene pubblicato alle 7.00<\/span> <span style=\"color: #ff0000;\">DIRETTA RADIO\u00a0<\/span><\/strong><\/p>\n<p><em><span style=\"color: #ff0000;\">per chi va in fretta&#8230; tante notizie in pochi minuti<\/span><\/em><\/p>\n<audio class=\"wp-audio-shortcode\" id=\"audio-368324-2\" preload=\"none\" style=\"width: 100%;\" controls=\"controls\"><source type=\"audio\/mpeg\" src=\"https:\/\/www.radiopiu.net\/wordpress\/wp-content\/uploads\/2024\/01\/GF07-1.mp3?_=2\" \/><a href=\"https:\/\/www.radiopiu.net\/wordpress\/wp-content\/uploads\/2024\/01\/GF07-1.mp3\">https:\/\/www.radiopiu.net\/wordpress\/wp-content\/uploads\/2024\/01\/GF07-1.mp3<\/a><\/audio>\n<p>&nbsp;<\/p>\n<p>&nbsp;<\/p>\n<p>&nbsp;<\/p>\n<p>&nbsp;<\/p>\n<blockquote><p><strong><a class=\"dt-pswp-item\" href=\"https:\/\/www.radiopiu.net\/wordpress\/wp-content\/uploads\/2021\/07\/microfono-radio-ok-768x448-768x448-1.jpg\" data-dt-img-description=\"\" data-large_image_width=\"768\" data-large_image_height=\"448\"><img loading=\"lazy\" decoding=\"async\" class=\"wp-image-220632 alignleft\" src=\"https:\/\/www.radiopiu.net\/wordpress\/wp-content\/uploads\/2021\/07\/microfono-radio-ok-768x448-768x448-1-300x175.jpg\" alt=\"\" width=\"178\" height=\"104\" srcset=\"https:\/\/www.radiopiu.net\/wordpress\/wp-content\/uploads\/2021\/07\/microfono-radio-ok-768x448-768x448-1-300x175.jpg 300w, https:\/\/www.radiopiu.net\/wordpress\/wp-content\/uploads\/2021\/07\/microfono-radio-ok-768x448-768x448-1.jpg 768w\" sizes=\"auto, (max-width: 178px) 100vw, 178px\" \/><\/a>GIORNALE RADIO NAZIONALE, EDIZIONE DELLE SETTE <span style=\"color: #0000ff;\">viene pubblicato alle 7.05 <span style=\"color: #ff0000;\">DIRETTA RADIO\u00a0<\/span><\/span><\/strong><\/p><\/blockquote>\n<p>&nbsp;<\/p>\n<p>&nbsp;<\/p>\n<p><strong>AUDIO<\/strong><\/p>\n<audio class=\"wp-audio-shortcode\" id=\"audio-368324-3\" preload=\"none\" style=\"width: 100%;\" controls=\"controls\"><source type=\"audio\/mpeg\" src=\"https:\/\/www.radiopiu.net\/wordpress\/wp-content\/uploads\/2024\/01\/giornale07-1.mp3?_=3\" \/><a href=\"https:\/\/www.radiopiu.net\/wordpress\/wp-content\/uploads\/2024\/01\/giornale07-1.mp3\">https:\/\/www.radiopiu.net\/wordpress\/wp-content\/uploads\/2024\/01\/giornale07-1.mp3<\/a><\/audio>\n<p>&nbsp;<\/p>\n<p>&nbsp;<\/p>\n<blockquote>\n<h2><strong><a class=\"dt-pswp-item\" href=\"https:\/\/www.radiopiu.net\/wordpress\/wp-content\/uploads\/2023\/12\/th-10.jpg\" data-dt-img-description=\"\" data-large_image_width=\"245\" data-large_image_height=\"180\"><img loading=\"lazy\" decoding=\"async\" class=\" wp-image-367395 alignleft\" src=\"https:\/\/www.radiopiu.net\/wordpress\/wp-content\/uploads\/2023\/12\/th-10.jpg\" alt=\"\" width=\"166\" height=\"122\" \/><\/a>RASSEGNA STAMPA LOCALE, ORE OTTO 05<\/strong><\/h2>\n<h2><strong> <span style=\"color: #0000ff;\">viene\u00a0 <\/span><\/strong><strong><span style=\"color: #0000ff;\">pubblicata alle 8.05 <span style=\"color: #ff0000;\">DIRETTA RADIO\u00a0<\/span><\/span><\/strong><\/h2>\n<\/blockquote>\n<h1><\/h1>\n<p>&nbsp;<\/p>\n<p>&nbsp;<\/p>\n<blockquote class=\"wp-embedded-content\" data-secret=\"rAM8wDysEp\"><p><a href=\"https:\/\/www.radiopiu.net\/wordpress\/la-rassegna-stampa-loc\/\">LA RASSEGNA STAMPA LOCALE, DAL 25 GIUGNO 1983 ALLE OTTO DEL MATTINO<\/a><\/p><\/blockquote>\n<p><iframe loading=\"lazy\" class=\"wp-embedded-content\" sandbox=\"allow-scripts\" security=\"restricted\" style=\"position: absolute; clip: rect(1px, 1px, 1px, 1px);\" title=\"&#8220;LA RASSEGNA STAMPA LOCALE, DAL 25 GIUGNO 1983 ALLE OTTO DEL MATTINO&#8221; &#8212; Radio Pi\u00f9\" src=\"https:\/\/www.radiopiu.net\/wordpress\/la-rassegna-stampa-loc\/embed\/#?secret=E2Y7tQbu5M#?secret=rAM8wDysEp\" data-secret=\"rAM8wDysEp\" width=\"600\" height=\"338\" frameborder=\"0\" marginwidth=\"0\" marginheight=\"0\" scrolling=\"no\"><\/iframe><\/p>\n<p>&nbsp;<\/p>\n<hr \/>\n<p>&nbsp;<\/p>\n<p>&nbsp;<\/p>\n<p><a class=\"dt-pswp-item\" href=\"https:\/\/www.radiopiu.net\/wordpress\/wp-content\/uploads\/2023\/10\/34f4cfc6-e863-46e9-9695-8df44be63421.jpg\" data-dt-img-description=\"\" data-large_image_width=\"1200\" data-large_image_height=\"1200\"><img loading=\"lazy\" decoding=\"async\" class=\"wp-image-357393 alignleft\" src=\"https:\/\/www.radiopiu.net\/wordpress\/wp-content\/uploads\/2023\/10\/34f4cfc6-e863-46e9-9695-8df44be63421-300x300.jpg\" alt=\"\" width=\"81\" height=\"81\" srcset=\"https:\/\/www.radiopiu.net\/wordpress\/wp-content\/uploads\/2023\/10\/34f4cfc6-e863-46e9-9695-8df44be63421-300x300.jpg 300w, https:\/\/www.radiopiu.net\/wordpress\/wp-content\/uploads\/2023\/10\/34f4cfc6-e863-46e9-9695-8df44be63421-1024x1024.jpg 1024w, https:\/\/www.radiopiu.net\/wordpress\/wp-content\/uploads\/2023\/10\/34f4cfc6-e863-46e9-9695-8df44be63421-150x150.jpg 150w, https:\/\/www.radiopiu.net\/wordpress\/wp-content\/uploads\/2023\/10\/34f4cfc6-e863-46e9-9695-8df44be63421-768x768.jpg 768w, https:\/\/www.radiopiu.net\/wordpress\/wp-content\/uploads\/2023\/10\/34f4cfc6-e863-46e9-9695-8df44be63421.jpg 1200w\" sizes=\"auto, (max-width: 81px) 100vw, 81px\" \/><\/a>OGGI ALLA RADIO: <strong>ALLE 7<\/strong> LA RASSEGNA STAMPA LOCALE FLASH, PER CHI COME NOI ALLE SETTE DEL MATTINO VA DI FRETTA, TANTE NOTIZIE IN POCHE CHIACCHIERE. <strong>ALLE OTTO<\/strong> L&#8217;APPROFONDIMENTO NELLA STORICA RASSEGNA STAMPA LOCALE.\u00a0 DALLE 6 ALLE 21, OGNI ORA, L&#8217;INFORMAZIONE NAZIONALE, l&#8217;informazione locale, ALLE 10 flash. 11flash. 14 viabilit\u00e0. 15meteo. 16flash. 17flash. 18flash. 19 i titoli di Antenna 3<\/p>\n<p>OGGI <strong>ALLE 9.00<\/strong> LIBER DI LIANA CAVALLET.<strong> ALLE 10.30<\/strong> SPECIALE DOMINATORI NIGHT AD\u00a0 ALLEGHE CON MAX ED ELISA TOSI, ANDREA DAL FARRA E CRISTIAN MORETTI.<\/p>\n<p>&nbsp;<\/p>\n<hr \/>\n<p>&nbsp;<\/p>\n<p>&nbsp;<\/p>\n<blockquote>\n<h3><a class=\"dt-pswp-item\" href=\"https:\/\/www.radiopiu.net\/wordpress\/wp-content\/uploads\/2024\/01\/Senza-nome-3.png\" data-dt-img-description=\"\" data-large_image_width=\"510\" data-large_image_height=\"290\"><img loading=\"lazy\" decoding=\"async\" class=\" wp-image-368440 alignleft\" src=\"https:\/\/www.radiopiu.net\/wordpress\/wp-content\/uploads\/2024\/01\/Senza-nome-3-300x171.png\" alt=\"\" width=\"246\" height=\"140\" srcset=\"https:\/\/www.radiopiu.net\/wordpress\/wp-content\/uploads\/2024\/01\/Senza-nome-3-300x171.png 300w, https:\/\/www.radiopiu.net\/wordpress\/wp-content\/uploads\/2024\/01\/Senza-nome-3.png 510w\" sizes=\"auto, (max-width: 246px) 100vw, 246px\" \/><\/a><strong>MAS-CASONI&#8230;LA TRAPPOLA<\/strong><\/h3>\n<\/blockquote>\n<p><strong>SEDICO\u00a0<\/strong> Tre incidenti in pochi giorni anche con feriti di media gravit\u00e0. Lungo la regionale 204, la si prende alla rotonda per Sedico, anche questa notte un&#8217;auto \u00e8 finita capottata fuori strada in prossimit\u00e0 del ristorante Casoni (verso Orzes). Un altro invito alla prudenza.<\/p>\n<p>&nbsp;<\/p>\n<p>&nbsp;<\/p>\n<hr \/>\n<p>&nbsp;<\/p>\n<blockquote>\n<h3>CARAMBOLA ALLA ROTATORIA<br \/>\n<a class=\"dt-pswp-item\" href=\"https:\/\/www.radiopiu.net\/wordpress\/wp-content\/uploads\/2024\/01\/Senza-nome-4.png\" data-dt-img-description=\"\" data-large_image_width=\"469\" data-large_image_height=\"199\"><img loading=\"lazy\" decoding=\"async\" class=\" wp-image-368447 alignleft\" src=\"https:\/\/www.radiopiu.net\/wordpress\/wp-content\/uploads\/2024\/01\/Senza-nome-4-300x127.png\" alt=\"\" width=\"288\" height=\"122\" srcset=\"https:\/\/www.radiopiu.net\/wordpress\/wp-content\/uploads\/2024\/01\/Senza-nome-4-300x127.png 300w, https:\/\/www.radiopiu.net\/wordpress\/wp-content\/uploads\/2024\/01\/Senza-nome-4.png 469w\" sizes=\"auto, (max-width: 288px) 100vw, 288px\" \/><\/a><\/h3>\n<\/blockquote>\n<p><strong>BELLUNO<\/strong> Ieri si \u00e8 verificato uno schianto alla rotonda del Lidl coinvolgendo il conducente di una Fiat 500. La perdita di controllo del veicolo \u00e8 stata causata da un improvviso malore del conducente. Prontamente soccorso, \u00e8 stato trasportato in ambulanza all&#8217;ospedale San Martino. Sul luogo dell&#8217;incidente sono intervenuti i pompieri per gestire la situazione<\/p>\n<div class=\"flex-1 overflow-hidden\">\n<div class=\"react-scroll-to-bottom--css-xpvwq-79elbk h-full\">\n<div class=\"react-scroll-to-bottom--css-xpvwq-1n7m0yu\">\n<div class=\"flex flex-col pb-9 text-sm\">\n<div class=\"w-full text-token-text-primary\" data-testid=\"conversation-turn-39\">\n<div class=\"px-4 py-2 justify-center text-base md:gap-6 m-auto\">\n<div class=\"flex flex-1 text-base mx-auto gap-3 md:px-5 lg:px-1 xl:px-5 md:max-w-3xl lg:max-w-[40rem] xl:max-w-[48rem] group final-completion\">\n<div class=\"relative flex w-full flex-col lg:w-[calc(100%-115px)] agent-turn\">\n<div class=\"flex-col gap-1 md:gap-3\">\n<div class=\"mt-1 flex justify-start gap-3 empty:hidden\"><\/div>\n<\/div>\n<\/div>\n<\/div>\n<\/div>\n<\/div>\n<\/div>\n<\/div>\n<\/div>\n<\/div>\n<p>&nbsp;<\/p>\n<p>FOTO CORRIERE ALPI<\/p>\n<p>&nbsp;<\/p>\n<hr \/>\n<p>&nbsp;<\/p>\n<blockquote>\n<h2><strong>Addio a Livio Gallio: Un Uomo di Sport e Sincerit\u00e0<\/strong><\/h2>\n<\/blockquote>\n<p><img loading=\"lazy\" decoding=\"async\" class=\"alignleft\" src=\"https:\/\/www.radiopiu.net\/wordpress\/wp-content\/uploads\/2023\/12\/AA1mcK05.jpg\" width=\"250\" height=\"137\" \/>Belluno ha detto addio a Livio Gallio in una commovente cerimonia a Sedico. Amici, colleghi, e squadre sportive si sono uniti per salutare questo amato personaggio. Il figlio Marco e la figlia Alessia hanno commosso la folla con un toccante saluto, ricordando l&#8217;importanza della puntualit\u00e0 per il loro padre e l&#8217;amore per la famiglia allargata. Lorenza De Kunovich ha auspicato che \u00ab<em>Dio schieri Livio nella squadra con tutti gli altri angeli\u00bb. <\/em>La chiesa era colma di oltre mille persone, testimoniando l&#8217;impatto di Gallio nella comunit\u00e0. Il suo sorriso luminoso \u00e8 stato ricordato insieme a momenti di spensieratezza e festa. Don Sandro Gabrieli ha sottolineato il dono umano di Gallio e il suo impegno nello sport e nel lavoro. Un addio commovente a un uomo che ha lasciato un segno indelebile nella vita di molti.<\/p>\n<p>&nbsp;<\/p>\n<hr \/>\n<blockquote>\n<h3><\/h3>\n<h3>DOMANI L&#8217;ADDIO AD ANDREA<\/h3>\n<\/blockquote>\n<p><strong><a class=\"dt-pswp-item\" href=\"https:\/\/www.radiopiu.net\/wordpress\/wp-content\/uploads\/2024\/01\/415218846_6589307497841590_4047034675436383704_n.jpg\" data-dt-img-description=\"\" data-large_image_width=\"526\" data-large_image_height=\"526\"><img loading=\"lazy\" decoding=\"async\" class=\"wp-image-368303 alignleft\" src=\"https:\/\/www.radiopiu.net\/wordpress\/wp-content\/uploads\/2024\/01\/415218846_6589307497841590_4047034675436383704_n-300x300.jpg\" alt=\"\" width=\"95\" height=\"95\" srcset=\"https:\/\/www.radiopiu.net\/wordpress\/wp-content\/uploads\/2024\/01\/415218846_6589307497841590_4047034675436383704_n-300x300.jpg 300w, https:\/\/www.radiopiu.net\/wordpress\/wp-content\/uploads\/2024\/01\/415218846_6589307497841590_4047034675436383704_n-150x150.jpg 150w, https:\/\/www.radiopiu.net\/wordpress\/wp-content\/uploads\/2024\/01\/415218846_6589307497841590_4047034675436383704_n.jpg 526w\" sizes=\"auto, (max-width: 95px) 100vw, 95px\" \/><\/a>\u00a0Tragedia la Notte di Capodanno: Muore Andrea Locatelli a 51 Anni<\/strong><\/p>\n<p>La notte di Capodanno \u00e8 segnata dalla tragica scomparsa di Andrea Locatelli, 51 anni, colto da un infarto mentre festeggiava con amici a Calibago. Originario di Milano e residente a Borgo Valbelluna, Locatelli era noto per aver gestito la birreria Bazooka a Tallandino di Mel. Divorziato e padre di due figlie, era appassionato di calcio, musica e motociclismo. I soccorsi sono stati tempestivi, ma i tentativi di rianimazione sono stati vani. I funerali si terranno domani a Mel. \u2014<\/p>\n<p>&nbsp;<\/p>\n<hr \/>\n<p>&nbsp;<\/p>\n<blockquote>\n<h3>QUATTRO INTERVENTI CON L&#8217;ELICOTTERO<\/h3>\n<\/blockquote>\n<p><strong><a class=\"dt-pswp-item\" href=\"https:\/\/www.radiopiu.net\/wordpress\/wp-content\/uploads\/2021\/03\/salt_20210304_134815_951.jpg\" data-dt-img-description=\"\" data-large_image_width=\"2364\" data-large_image_height=\"1773\"><img loading=\"lazy\" decoding=\"async\" class=\" wp-image-195089 alignleft\" src=\"https:\/\/www.radiopiu.net\/wordpress\/wp-content\/uploads\/2021\/03\/salt_20210304_134815_951-300x225.jpg\" alt=\"\" width=\"165\" height=\"124\" srcset=\"https:\/\/www.radiopiu.net\/wordpress\/wp-content\/uploads\/2021\/03\/salt_20210304_134815_951-300x225.jpg 300w, https:\/\/www.radiopiu.net\/wordpress\/wp-content\/uploads\/2021\/03\/salt_20210304_134815_951-1024x768.jpg 1024w, https:\/\/www.radiopiu.net\/wordpress\/wp-content\/uploads\/2021\/03\/salt_20210304_134815_951-768x576.jpg 768w, https:\/\/www.radiopiu.net\/wordpress\/wp-content\/uploads\/2021\/03\/salt_20210304_134815_951-1536x1152.jpg 1536w, https:\/\/www.radiopiu.net\/wordpress\/wp-content\/uploads\/2021\/03\/salt_20210304_134815_951-2048x1536.jpg 2048w\" sizes=\"auto, (max-width: 165px) 100vw, 165px\" \/><\/a>REDAZIONE<\/strong> Giornata impegnativa ieri per il Suem 118 che \u00e8 dovuto intervenire con l&#8217;elicottero per ben quattro volte. Poco prima di mezzogiorno l&#8217;allarme \u00e8 scattato a Duca D&#8217;Aosta a Cortina dove un giovane si era procurato un truma facciale in seguito ad una caduta con gli sci. Il ragazzo, originario di Roma, \u00e8 stato elitrasportato al San Martino di Belluno. Alle 15 doppio intervento. Falco \u00e8 volato a Digonera di Rocca Pietore per soccorrere un 71enne di Frosinone che aveva accusato un malore. L&#8217;elicottero di Eli Bolzano invece ad Alleghe, Piani di Pezze&#8217;, dove un uomo di 48 anni \u00e8 stato soccorso per un malore. Poco dopo le 16:30 l&#8217;ultimo intervento dell&#8217;elicottero del Suem a Col Gallina sul Passo Falzarego dove un uomo di 42 anni del Belgio si era fatto male sulla pista da sci. Nella giornata sono stati 28 gli interventi effettuati sui comprensori sciistici della provincia<\/p>\n<p>&nbsp;<\/p>\n<p>&nbsp;<\/p>\n<hr \/>\n<p>&nbsp;<\/p>\n<blockquote>\n<h3>LADRI DI CAPODANNO, INDAGINI IN CORSO<\/h3>\n<\/blockquote>\n<p><strong>BELLUNO<\/strong> I ladri sono tornata, la stretta delle forze dell&#8217;Ordine di pochi giorni fa non \u00e8 stata sufficiente a scongiurare i furti di capodanno a Castion e Cirvoi, bottino poche centinaia d&#8217;euro.\u00a0 Quattro i colpi denunciati, uno andato a segno. Dalla finestra \u00e8 stata vista fuggire un uomo o una donna vestiti di nero, lo ha detto il proprietario della casa, stava rientrando.<\/p>\n<p>&nbsp;<\/p>\n<p>&nbsp;<\/p>\n<hr \/>\n<p>&nbsp;<\/p>\n<blockquote>\n<h3>LA MALEDIZIONE SULLA &#8220;REGINA&#8221;, MA NON E&#8217; SOLO UNA CICLABILE<\/h3>\n<\/blockquote>\n<p><strong>di mirko mezzacasa\u00a0<\/strong><\/p>\n<p><strong><a class=\"dt-pswp-item\" href=\"https:\/\/www.radiopiu.net\/wordpress\/wp-content\/uploads\/2024\/01\/Sth.jpg\" data-dt-img-description=\"\" data-large_image_width=\"345\" data-large_image_height=\"180\"><img loading=\"lazy\" decoding=\"async\" class=\" wp-image-368413 alignleft\" src=\"https:\/\/www.radiopiu.net\/wordpress\/wp-content\/uploads\/2024\/01\/Sth-300x157.jpg\" alt=\"\" width=\"241\" height=\"126\" srcset=\"https:\/\/www.radiopiu.net\/wordpress\/wp-content\/uploads\/2024\/01\/Sth-300x157.jpg 300w, https:\/\/www.radiopiu.net\/wordpress\/wp-content\/uploads\/2024\/01\/Sth.jpg 345w\" sizes=\"auto, (max-width: 241px) 100vw, 241px\" \/><\/a>REDAZIONE<\/strong> Con Vaia \u00e8 stato distrutto il tratto di ciclabile tra <strong>Avoscan di San Tomaso e Cencenighe,<\/strong> alternative: la 203 agordina,\u00a0 paravalanghe a Ghisel compreso. La vecchia 203 (da Avoscan) in destra orografica del Cordevole,\u00a0 dalla tempesta perfetta non \u00e8 mai stata presa in considerazione, in caso di emergenza non esiste alternativa se non la strada provinciale per San Tomaso Agordino. La frana al <strong>Ponte dei Castei (Rivamonte, foto)<\/strong> ha dapprima cancellato la ex 203 alla Casa cantoniera e quindi resa <a class=\"dt-pswp-item\" href=\"https:\/\/www.radiopiu.net\/wordpress\/wp-content\/uploads\/2024\/01\/D.jpg\" data-dt-img-description=\"\" data-large_image_width=\"250\" data-large_image_height=\"180\"><img loading=\"lazy\" decoding=\"async\" class=\"size-full wp-image-368415 alignright\" src=\"https:\/\/www.radiopiu.net\/wordpress\/wp-content\/uploads\/2024\/01\/D.jpg\" alt=\"\" width=\"250\" height=\"180\" \/><\/a>decisamente pericolosa tra massi instabili,\u00a0 quindi chiusa. Alternative in caso di incidenti in galleria: la strada per la Valle del Mis, i passi Duran, Cereda, Staulanza.\u00a0 Il recente episodio a Mezzocanale, tra <strong>Taibon e Cencenighe<\/strong>\u00a0 un distacco di parte del Monte Pelsa,\u00a0 in un sol colpo di strade ne ha chiuse due, la variante alla galleria gi\u00e0 203 agordina e la vecchia strada, appena rimessa a nuovo dopo Vaia, in sinistra orografica del Cordevole, era una ciclabile perfetta, ma anche l&#8217;alternativa alle 203 in caso di incidenti in galleria, come gi\u00e0 accaduto la scorsa estate. Una maledizione sulla pista ciclabile ma anche sugli agordini e la loro sicurezza <strong><a class=\"dt-pswp-item\" href=\"https:\/\/www.radiopiu.net\/wordpress\/wp-content\/uploads\/2024\/01\/2023-12-06-14-03-37-066.jpg\" data-dt-img-description=\"\" data-large_image_width=\"1280\" data-large_image_height=\"720\"><img loading=\"lazy\" decoding=\"async\" class=\"size-medium wp-image-368416 alignleft\" src=\"https:\/\/www.radiopiu.net\/wordpress\/wp-content\/uploads\/2024\/01\/2023-12-06-14-03-37-066-300x169.jpg\" alt=\"\" width=\"300\" height=\"169\" srcset=\"https:\/\/www.radiopiu.net\/wordpress\/wp-content\/uploads\/2024\/01\/2023-12-06-14-03-37-066-300x169.jpg 300w, https:\/\/www.radiopiu.net\/wordpress\/wp-content\/uploads\/2024\/01\/2023-12-06-14-03-37-066-1024x576.jpg 1024w, https:\/\/www.radiopiu.net\/wordpress\/wp-content\/uploads\/2024\/01\/2023-12-06-14-03-37-066-768x432.jpg 768w, https:\/\/www.radiopiu.net\/wordpress\/wp-content\/uploads\/2024\/01\/2023-12-06-14-03-37-066.jpg 1280w\" sizes=\"auto, (max-width: 300px) 100vw, 300px\" \/><\/a><\/strong>in caso di emergenza. Ne abbiamo parlato, nell&#8217;intervista di fine anno con il Presidente dell&#8217;Unione Montana Agordina, Paolo Frena che come molti non smette di credere in quell&#8217;importante progetto della ciclabile <strong>Sedico-Agordino<\/strong> passando per Valle Imperina, ma anche, evidentemente, per far capire anche al Prefetto i rischi che corre una vallata, senza dimenticare che sulla 203 vicino alla montagna cadono sassi che si aggiungono al problema ungulati<\/p>\n<p><strong>DALL&#8217;INTERVISTA DI FINE ANNO, IL PRESIDENTE PAOLO FRENA\u00a0\u00a0<\/strong><\/p>\n<audio class=\"wp-audio-shortcode\" id=\"audio-368324-4\" preload=\"none\" style=\"width: 100%;\" controls=\"controls\"><source type=\"audio\/mpeg\" src=\"https:\/\/www.radiopiu.net\/wordpress\/wp-content\/uploads\/2024\/01\/paolo-frena.mp3?_=4\" \/><a href=\"https:\/\/www.radiopiu.net\/wordpress\/wp-content\/uploads\/2024\/01\/paolo-frena.mp3\">https:\/\/www.radiopiu.net\/wordpress\/wp-content\/uploads\/2024\/01\/paolo-frena.mp3<\/a><\/audio>\n<p>&nbsp;<\/p>\n<hr \/>\n<p>&nbsp;<\/p>\n<blockquote>\n<h3>STRADE: INVESTITI QUASI 25 MILIONI DI EURO<\/h3>\n<\/blockquote>\n<p><a class=\"dt-pswp-item\" href=\"https:\/\/www.radiopiu.net\/wordpress\/wp-content\/uploads\/2022\/02\/Strada-sistemata-Todesch-Cogul.jpg\" data-dt-img-description=\"Strada sistemata Todesch-Cogul\" data-large_image_width=\"2000\" data-large_image_height=\"1500\"><img loading=\"lazy\" decoding=\"async\" class=\"wp-image-261320 alignleft\" src=\"https:\/\/www.radiopiu.net\/wordpress\/wp-content\/uploads\/2022\/02\/Strada-sistemata-Todesch-Cogul-300x225.jpg\" alt=\"\" width=\"152\" height=\"114\" srcset=\"https:\/\/www.radiopiu.net\/wordpress\/wp-content\/uploads\/2022\/02\/Strada-sistemata-Todesch-Cogul-300x225.jpg 300w, https:\/\/www.radiopiu.net\/wordpress\/wp-content\/uploads\/2022\/02\/Strada-sistemata-Todesch-Cogul-1024x768.jpg 1024w, https:\/\/www.radiopiu.net\/wordpress\/wp-content\/uploads\/2022\/02\/Strada-sistemata-Todesch-Cogul-768x576.jpg 768w, https:\/\/www.radiopiu.net\/wordpress\/wp-content\/uploads\/2022\/02\/Strada-sistemata-Todesch-Cogul-1536x1152.jpg 1536w, https:\/\/www.radiopiu.net\/wordpress\/wp-content\/uploads\/2022\/02\/Strada-sistemata-Todesch-Cogul.jpg 2000w\" sizes=\"auto, (max-width: 152px) 100vw, 152px\" \/><\/a><strong>BELLUNO<\/strong> La Provincia di Belluno ha investito quasi 25 milioni di euro nella manutenzione straordinaria delle strade di competenza negli ultimi dieci anni. Nonostante l&#8217;azzeramento dei trasferimenti statali in materia di viabilit\u00e0, l&#8217;ente ha continuato a destinare risorse alla manutenzione delle strade provinciali, compresi i piani asfaltature e la messa in sicurezza di ponti e viadotti. Dal 2016, non sono pi\u00f9 arrivate risorse statali dedicate alla viabilit\u00e0, causando una rinuncia di circa 137 milioni di euro in una decina di anni. Nonostante le sfide finanziarie, la Provincia ha mantenuto un&#8217;attenzione particolare alla viabilit\u00e0, eseguendo interventi significativi per garantire strade sicure ed efficienti. La collaborazione con Veneto Strade e l&#8217;accesso a finanziamenti ministeriali hanno permesso la realizzazione di progetti di manutenzione e miglioramento della rete viaria provinciale. Il presidente della Provincia, Roberto Padrin, sottolinea l&#8217;importanza di assicurare la continuit\u00e0 dell&#8217;intervento sulla viabilit\u00e0 in vista della scadenza della convenzione con Veneto Strade per la gestione della rete stradale. Un incontro con la Regione \u00e8 previsto per definire la questione delle strade di interesse regionale.<\/p>\n<p>&nbsp;<\/p>\n<hr \/>\n<p>&nbsp;<\/p>\n<blockquote>\n<h3><strong><a class=\"dt-pswp-item\" href=\"https:\/\/www.radiopiu.net\/wordpress\/wp-content\/uploads\/2023\/12\/santa-giusta-palmas-cavalcaferrovia-301547.jpg\" data-dt-img-description=\"\" data-large_image_width=\"780\" data-large_image_height=\"437\"><img loading=\"lazy\" decoding=\"async\" class=\"size-medium wp-image-367192 alignleft\" src=\"https:\/\/www.radiopiu.net\/wordpress\/wp-content\/uploads\/2023\/12\/santa-giusta-palmas-cavalcaferrovia-301547-300x168.jpg\" alt=\"\" width=\"300\" height=\"168\" srcset=\"https:\/\/www.radiopiu.net\/wordpress\/wp-content\/uploads\/2023\/12\/santa-giusta-palmas-cavalcaferrovia-301547-300x168.jpg 300w, https:\/\/www.radiopiu.net\/wordpress\/wp-content\/uploads\/2023\/12\/santa-giusta-palmas-cavalcaferrovia-301547-768x430.jpg 768w, https:\/\/www.radiopiu.net\/wordpress\/wp-content\/uploads\/2023\/12\/santa-giusta-palmas-cavalcaferrovia-301547.jpg 780w\" sizes=\"auto, (max-width: 300px) 100vw, 300px\" \/><\/a>&#8220;Riapertura Linea Ferroviaria Belluno-Feltre: Sollievo per la Comunit\u00e0<\/strong><\/h3>\n<\/blockquote>\n<p><strong>SANTA GIUSTINA<\/strong> Dopo mesi di lavori, la linea ferroviaria tra Belluno e Feltre riaprir\u00e0 domani. La notizia \u00e8 stata confermata da Trenitalia, con la riapertura prevista anche per il cavalcavia di Formegan, oggetto di polemiche durante i lavori di ristrutturazione. Il sindaco Ivan Minella ha esaltato l&#8217;importanza di questo intervento per la viabilit\u00e0 locale e regionale, sottolineando il ripristino della sicurezza e la modernizzazione dell&#8217;infrastruttura viaria. La riapertura sar\u00e0 un sollievo per i pendolari e gli automobilisti che hanno subito disagi significativi. Tuttavia, la chiusura temporanea della tratta tra Feltre e Montebelluna \u00e8 prevista dal 25 febbraio al 7 settembre per lavori di elettrificazione.<\/p>\n<p>&nbsp;<\/p>\n<hr \/>\n<p>&nbsp;<\/p>\n<blockquote>\n<h3>LA PRO LOCO DI RIVAMONTE GESTIRA&#8217; IL PUNTO INFORMATIVO A FORCELLA FRANCHE DI GOSALDO<\/h3>\n<\/blockquote>\n<p><strong><a class=\"dt-pswp-item\" href=\"https:\/\/www.radiopiu.net\/wordpress\/wp-content\/uploads\/2022\/01\/280px-DBGosaldoPala3.jpg\" data-dt-img-description=\"\" data-large_image_width=\"280\" data-large_image_height=\"181\"><img loading=\"lazy\" decoding=\"async\" class=\" wp-image-255077 alignleft\" src=\"https:\/\/www.radiopiu.net\/wordpress\/wp-content\/uploads\/2022\/01\/280px-DBGosaldoPala3.jpg\" alt=\"\" width=\"175\" height=\"113\" \/><\/a>GOSALDO<\/strong><\/p>\n<p>DI GIANNI SANTOMASO<\/p>\n<audio class=\"wp-audio-shortcode\" id=\"audio-368324-5\" preload=\"none\" style=\"width: 100%;\" controls=\"controls\"><source type=\"audio\/mpeg\" src=\"https:\/\/www.radiopiu.net\/wordpress\/wp-content\/uploads\/2024\/01\/GIANNI-LA-PRO-LOCO-DI-RIVAMONTE-GESTIRA-IL-PUNTO-INFORMATIVO-A-FORCELLA-FRANCHE-DI-GOSALDO.mp3?_=5\" \/><a href=\"https:\/\/www.radiopiu.net\/wordpress\/wp-content\/uploads\/2024\/01\/GIANNI-LA-PRO-LOCO-DI-RIVAMONTE-GESTIRA-IL-PUNTO-INFORMATIVO-A-FORCELLA-FRANCHE-DI-GOSALDO.mp3\">https:\/\/www.radiopiu.net\/wordpress\/wp-content\/uploads\/2024\/01\/GIANNI-LA-PRO-LOCO-DI-RIVAMONTE-GESTIRA-IL-PUNTO-INFORMATIVO-A-FORCELLA-FRANCHE-DI-GOSALDO.mp3<\/a><\/audio>\n<p>&nbsp;<\/p>\n<hr \/>\n<p>&nbsp;<\/p>\n<blockquote>\n<h3>IL PD BOCCIA L&#8217;OPERATO DELL&#8217;AMMINISTRAZIONE DE PELLEGRIN NEL 2023<\/h3>\n<\/blockquote>\n<p><strong><a class=\"dt-pswp-item\" href=\"https:\/\/www.radiopiu.net\/wordpress\/wp-content\/uploads\/2024\/01\/DAVIDE-NORO.jpg\" data-dt-img-description=\"\" data-large_image_width=\"682\" data-large_image_height=\"543\"><img loading=\"lazy\" decoding=\"async\" class=\" wp-image-368420 alignleft\" src=\"https:\/\/www.radiopiu.net\/wordpress\/wp-content\/uploads\/2024\/01\/DAVIDE-NORO-300x239.jpg\" alt=\"\" width=\"147\" height=\"117\" srcset=\"https:\/\/www.radiopiu.net\/wordpress\/wp-content\/uploads\/2024\/01\/DAVIDE-NORO-300x239.jpg 300w, https:\/\/www.radiopiu.net\/wordpress\/wp-content\/uploads\/2024\/01\/DAVIDE-NORO.jpg 682w\" sizes=\"auto, (max-width: 147px) 100vw, 147px\" \/><\/a>BELLUNO<\/strong> Il Partito Democratico del capoluogo boccia l&#8217;operato dell&#8217;amministrazione De Pellegrin nel 2023 e per il nuovo anno vede come grandi sfide soprattutto i temi della viabilit\u00e0.<\/p>\n<p><strong>DI DANIELE DALVIT<\/strong><\/p>\n<audio class=\"wp-audio-shortcode\" id=\"audio-368324-6\" preload=\"none\" style=\"width: 100%;\" controls=\"controls\"><source type=\"audio\/mpeg\" src=\"https:\/\/www.radiopiu.net\/wordpress\/wp-content\/uploads\/2024\/01\/Radio-Piu-Servizio-Pd-Bilancio-comune-e-prospettive-2024.mp3?_=6\" \/><a href=\"https:\/\/www.radiopiu.net\/wordpress\/wp-content\/uploads\/2024\/01\/Radio-Piu-Servizio-Pd-Bilancio-comune-e-prospettive-2024.mp3\">https:\/\/www.radiopiu.net\/wordpress\/wp-content\/uploads\/2024\/01\/Radio-Piu-Servizio-Pd-Bilancio-comune-e-prospettive-2024.mp3<\/a><\/audio>\n<p>&nbsp;<\/p>\n<hr \/>\n<p>&nbsp;<\/p>\n<blockquote>\n<h3>A BELLUNO UN CONVEGNO SU TRANSIZIONE E PROGRAMMAZIONE ENERGETICA<\/h3>\n<\/blockquote>\n<p><strong>BELLUNO<\/strong> Il Consorzio Bim Piave di Belluno e il Comune di Belluno organizzano un convegno per discutere della programmazione energetica e della transizione energetica nel contesto del Green New Deal europeo. Il convegno, che si terr\u00e0 il 11 gennaio 2024, affronter\u00e0 argomenti come la generazione distribuita di energia da fonti rinnovabili e la gestione energetica territoriale. Saranno presenti relatori autorevoli, tra cui il Sindaco di Belluno, l&#8217;assessore regionale, il Presidente del Consorzio Bim Piave Belluno, e altri esperti del settore. Il ruolo cruciale dei Comuni nella trasformazione energetica e nella gestione locale dell&#8217;energia sar\u00e0 enfatizzato, evidenziando l&#8217;importanza delle nuove forme di partecipazione da parte di cittadini, imprese ed enti pubblici nella produzione e consumo di energia condivisa. La presenza dei Ministri dell&#8217;Ambiente e degli Affari Europei \u00e8 attesa per gli interventi di chiusura.<\/p>\n<p>&nbsp;<\/p>\n<p>&nbsp;<\/p>\n<hr \/>\n<p>&nbsp;<\/p>\n<blockquote>\n<h3>L&#8217;ANALISI DI FNP VENETO CON L&#8217;ENTRATA IN VIGORE DELLA NUOVA MANOVRA<\/h3>\n<\/blockquote>\n<p><strong><a class=\"dt-pswp-item\" href=\"https:\/\/www.radiopiu.net\/wordpress\/wp-content\/uploads\/2024\/01\/FNP.png\" data-dt-img-description=\"\" data-large_image_width=\"520\" data-large_image_height=\"169\"><img loading=\"lazy\" decoding=\"async\" class=\" wp-image-368403 alignleft\" src=\"https:\/\/www.radiopiu.net\/wordpress\/wp-content\/uploads\/2024\/01\/FNP-300x98.png\" alt=\"\" width=\"196\" height=\"64\" srcset=\"https:\/\/www.radiopiu.net\/wordpress\/wp-content\/uploads\/2024\/01\/FNP-300x98.png 300w, https:\/\/www.radiopiu.net\/wordpress\/wp-content\/uploads\/2024\/01\/FNP.png 520w\" sizes=\"auto, (max-width: 196px) 100vw, 196px\" \/><\/a>VENEZIA<\/strong> Tina Cupani, segretaria generale Fnp Veneto, sottolinea la necessit\u00e0 di riaprire i tavoli di confronto tra istituzioni e sindacati per completare in modo organico le riforme del lavoro, fiscali e previdenziali, ora che la Legge di Bilancio 2024 \u00e8 in vigore. Cupani esprime la preoccupazione che, senza un approccio integrato, mancheranno le coperture per garantire pienamente i diritti dei cittadini. In particolare, la Fnp chiede certezze sulla tenuta del potere d&#8217;acquisto delle pensioni, con un meccanismo di perequazione certo senza tagli. Sottolinea anche l&#8217;importanza di affrontare il tema dell&#8217;evasione e dell&#8217;elusione fiscale, evidenziando la necessit\u00e0 di un impegno pi\u00f9 forte contro le perdite di entrate che ammontano a 100 miliardi di euro all&#8217;anno.<\/p>\n<p>&nbsp;<\/p>\n<p>&nbsp;<\/p>\n<hr \/>\n<p>&nbsp;<\/p>\n<blockquote>\n<h3>\u201cLE MUSE E LE DOLOMITI\u201d INIZIANO L\u2019ANNO IN GRANDE CON LA SCUOLA INTERREGIONALE DI CANTO E TEATRO<\/h3>\n<\/blockquote>\n<p>L&#8217;associazione &#8220;Le Muse e le Dolomiti&#8221; offre una Scuola Interregionale di Canto e Teatro per voci bianche e giovanili, con sedi ad Agordo, Caprile, Cavalese, Moena e Vallada Agordina. Il programma, basato sul metodo &#8220;Robin&#8221; della Maestra Oda Zoe Hochscheid, coinvolge bambini e ragazzi dai 6 anni in su, organizzati in quattro livelli. Durante le lezioni si affrontano quattro argomenti: il buon uso della voce, la lettura e la scrittura musicale, il repertorio e l&#8217;espressione teatrale. Il progetto mira a promuovere l&#8217;arte e la socialit\u00e0 tra le varie vallate dolomitiche, creando amicizie e collaborazioni. La Scuola culminer\u00e0 con un Concerto Natalizio Teatrale il 7 gennaio presso la Chiesa di S. Vigilio a Cavalese, con la partecipazione dell&#8217;arpista Maria Christina Cleary. Lezioni di prova gratuite sono disponibili nel mese di gennaio per bambini e ragazzi interessati. Per informazioni: <a href=\"http:\/\/www.musedolomiti.it\/\" target=\"_new\" rel=\"noopener\">www.musedolomiti.it<\/a> o chiama il 342 9147711.<\/p>\n\n\t\t\t<style type='text\/css'>\n\t\t\t\t#gallery-1 {\n\t\t\t\t\tmargin: auto;\n\t\t\t\t}\n\t\t\t\t#gallery-1 .gallery-item {\n\t\t\t\t\tfloat: left;\n\t\t\t\t\tmargin-top: 10px;\n\t\t\t\t\ttext-align: center;\n\t\t\t\t\twidth: 50%;\n\t\t\t\t}\n\t\t\t\t#gallery-1 img {\n\t\t\t\t\tborder: 2px solid #cfcfcf;\n\t\t\t\t}\n\t\t\t\t#gallery-1 .gallery-caption {\n\t\t\t\t\tmargin-left: 0;\n\t\t\t\t}\n\t\t\t\t\/* see gallery_shortcode() in wp-includes\/media.php *\/\n\t\t\t<\/style>\n\t\t<div id='gallery-1' class='dt-gallery-container gallery galleryid-368324 gallery-columns-2 gallery-size-medium'><dl class='gallery-item'>\n\t\t\t\t<dt class='gallery-icon landscape'>\n\t\t\t\t\t<a class=\"rollover rollover-zoom dt-pswp-item\" title=\"Foto 1\" data-dt-img-description=\"\" data-large_image_width=\"1280\" data-large_image_height=\"855\"href='https:\/\/www.radiopiu.net\/wordpress\/wp-content\/uploads\/2024\/01\/Foto-1.jpg'><img loading=\"lazy\" decoding=\"async\" width=\"300\" height=\"200\" src=\"https:\/\/www.radiopiu.net\/wordpress\/wp-content\/uploads\/2024\/01\/Foto-1-300x200.jpg\" class=\"attachment-medium size-medium\" alt=\"\" srcset=\"https:\/\/www.radiopiu.net\/wordpress\/wp-content\/uploads\/2024\/01\/Foto-1-300x200.jpg 300w, https:\/\/www.radiopiu.net\/wordpress\/wp-content\/uploads\/2024\/01\/Foto-1-1024x684.jpg 1024w, https:\/\/www.radiopiu.net\/wordpress\/wp-content\/uploads\/2024\/01\/Foto-1-768x513.jpg 768w, https:\/\/www.radiopiu.net\/wordpress\/wp-content\/uploads\/2024\/01\/Foto-1.jpg 1280w\" sizes=\"auto, (max-width: 300px) 100vw, 300px\" \/><\/a>\n\t\t\t\t<\/dt><\/dl><dl class='gallery-item'>\n\t\t\t\t<dt class='gallery-icon landscape'>\n\t\t\t\t\t<a class=\"rollover rollover-zoom dt-pswp-item\" title=\"Foto 2\" data-dt-img-description=\"\" data-large_image_width=\"1280\" data-large_image_height=\"855\"href='https:\/\/www.radiopiu.net\/wordpress\/wp-content\/uploads\/2024\/01\/Foto-2.jpg'><img loading=\"lazy\" decoding=\"async\" width=\"300\" height=\"200\" src=\"https:\/\/www.radiopiu.net\/wordpress\/wp-content\/uploads\/2024\/01\/Foto-2-300x200.jpg\" class=\"attachment-medium size-medium\" alt=\"\" srcset=\"https:\/\/www.radiopiu.net\/wordpress\/wp-content\/uploads\/2024\/01\/Foto-2-300x200.jpg 300w, https:\/\/www.radiopiu.net\/wordpress\/wp-content\/uploads\/2024\/01\/Foto-2-1024x684.jpg 1024w, https:\/\/www.radiopiu.net\/wordpress\/wp-content\/uploads\/2024\/01\/Foto-2-768x513.jpg 768w, https:\/\/www.radiopiu.net\/wordpress\/wp-content\/uploads\/2024\/01\/Foto-2.jpg 1280w\" sizes=\"auto, (max-width: 300px) 100vw, 300px\" \/><\/a>\n\t\t\t\t<\/dt><\/dl><br style=\"clear: both\" \/>\n\t\t\t<\/div>\n\n<p>&nbsp;<\/p>\n<p>&nbsp;<\/p>\n<hr \/>\n<p>&nbsp;<\/p>\n<blockquote>\n<h2><strong> <a class=\"dt-pswp-item\" href=\"https:\/\/www.radiopiu.net\/wordpress\/wp-content\/uploads\/2024\/01\/fotofull.jpg\" data-dt-img-description=\"\" data-large_image_width=\"1920\" data-large_image_height=\"1280\"><img loading=\"lazy\" decoding=\"async\" class=\"wp-image-368449 alignleft\" src=\"https:\/\/www.radiopiu.net\/wordpress\/wp-content\/uploads\/2024\/01\/fotofull-300x200.jpg\" alt=\"\" width=\"211\" height=\"140\" srcset=\"https:\/\/www.radiopiu.net\/wordpress\/wp-content\/uploads\/2024\/01\/fotofull-300x200.jpg 300w, https:\/\/www.radiopiu.net\/wordpress\/wp-content\/uploads\/2024\/01\/fotofull-1024x683.jpg 1024w, https:\/\/www.radiopiu.net\/wordpress\/wp-content\/uploads\/2024\/01\/fotofull-768x512.jpg 768w, https:\/\/www.radiopiu.net\/wordpress\/wp-content\/uploads\/2024\/01\/fotofull-1536x1024.jpg 1536w, https:\/\/www.radiopiu.net\/wordpress\/wp-content\/uploads\/2024\/01\/fotofull.jpg 1920w\" sizes=\"auto, (max-width: 211px) 100vw, 211px\" \/><\/a>Fondazione Teatri delle Dolomiti: Nuova Identit\u00e0 per una Stagione Intensa<\/strong><\/h2>\n<\/blockquote>\n<p><strong>BELLUNO<\/strong> La Fondazione Teatri delle Dolomiti, dopo 18 anni, presenta una stagione teatrale con una nuova identit\u00e0. Il presidente Massimo Ferigutti sottolinea l&#8217;impegno nell&#8217;offrire una programmazione variegata e ricca, abbracciando prosa, musica, danza e circo. La risposta positiva della cittadinanza \u00e8 evidente dai numeri quasi sold out per spettacoli come &#8220;Boomers&#8221; di Marco Paolini. La Fondazione si propone anche come collettore di talenti locali, valorizzando realt\u00e0 e artisti del territorio. Il progetto &#8220;Culture link&#8221; coinvolge 39 partner, permettendo un contributo sostanzioso per operare su varie iniziative. La stagione attuale mira a consolidare l&#8217;identit\u00e0 della Fondazione e ad ampliare l&#8217;offerta teatrale senza interferire con altre realt\u00e0 del territorio.<\/p>\n<p>&nbsp;<\/p>\n<blockquote>\n<h3>DAL TG DEI BELLUNESI DI ANTENNA 3, IN ONDA OGNI SERA ALLE 19.30 SUL CANALE 10 DEL DIGITALE TERRESTRE. ALLE 19 ALLA RADIO, OGNI SERA, LE ANTICIPAZIONI ALLA RADIO<\/h3>\n<\/blockquote>\n<p>Intervistati MASSIMO FERIGUTTI (PRESIDENTE FONDAZIONE TEATRI DELLE DOLOMITI) (Servizio di <a href=\"https:\/\/antennatre.medianordest.it\/redazione\/Tiziana-Bolognani\/\">Tiziana Bolognani<\/a>)<\/p>\n<p><iframe loading=\"lazy\" title=\"LA &#039;SFIDA&#039; DI FONDAZIONE TEATRI: \u00abUN CARTELLONE CHE NON PESTA I PIEDI A NESSUNO\u00bb  | 02\/01\/2024\" width=\"1200\" height=\"675\" src=\"https:\/\/www.youtube.com\/embed\/eFh7_gDxD_U?feature=oembed\" frameborder=\"0\" allow=\"accelerometer; autoplay; clipboard-write; encrypted-media; gyroscope; picture-in-picture; web-share\" allowfullscreen><\/iframe><\/p>\n<p>&nbsp;<\/p>\n<hr \/>\n<p>&nbsp;<\/p>\n<blockquote>\n<h3>INVIALO A RADIO PIU&#8217;&#8230;. ANDAVA ANCHE PEGGIO<\/h3>\n<p>La foto inviata da Benvenuto Toffoli, amico della RADIOPIU da 40 anni, mette in evidenza la situazione neve nel 2017. Come dire, andava molto peggio di oggi con la striscia bianca in mezzo al verde&#8230;<br \/>\n<a class=\"dt-pswp-item\" href=\"https:\/\/www.radiopiu.net\/wordpress\/wp-content\/uploads\/2024\/01\/8d2f6177-0cfa-42ef-976b-888737bb5626.jpg\" data-dt-img-description=\"\" data-large_image_width=\"2048\" data-large_image_height=\"1152\"><img loading=\"lazy\" decoding=\"async\" class=\"alignnone wp-image-368454 size-full\" src=\"https:\/\/www.radiopiu.net\/wordpress\/wp-content\/uploads\/2024\/01\/8d2f6177-0cfa-42ef-976b-888737bb5626.jpg\" alt=\"\" width=\"2048\" height=\"1152\" srcset=\"https:\/\/www.radiopiu.net\/wordpress\/wp-content\/uploads\/2024\/01\/8d2f6177-0cfa-42ef-976b-888737bb5626.jpg 2048w, https:\/\/www.radiopiu.net\/wordpress\/wp-content\/uploads\/2024\/01\/8d2f6177-0cfa-42ef-976b-888737bb5626-300x169.jpg 300w, https:\/\/www.radiopiu.net\/wordpress\/wp-content\/uploads\/2024\/01\/8d2f6177-0cfa-42ef-976b-888737bb5626-1024x576.jpg 1024w, https:\/\/www.radiopiu.net\/wordpress\/wp-content\/uploads\/2024\/01\/8d2f6177-0cfa-42ef-976b-888737bb5626-768x432.jpg 768w, https:\/\/www.radiopiu.net\/wordpress\/wp-content\/uploads\/2024\/01\/8d2f6177-0cfa-42ef-976b-888737bb5626-1536x864.jpg 1536w\" sizes=\"auto, (max-width: 2048px) 100vw, 2048px\" \/><\/a><\/p><\/blockquote>\n<p>Questa foto \u00e8 del 8 gennaio 2017. La situazione \u00e8 addirittura peggiore di quest&#8217; anno.<\/p>\n<p>&nbsp;<\/p>\n<hr \/>\n<p>&nbsp;<\/p>\n<p>&nbsp;<\/p>\n<blockquote>\n<h3><a href=\"https:\/\/www.radiopiu.net\/wordpress\/wp-content\/uploads\/2024\/01\/8qsmfgur.bmp\"><img loading=\"lazy\" decoding=\"async\" class=\"wp-image-368461 alignleft\" src=\"https:\/\/www.radiopiu.net\/wordpress\/wp-content\/uploads\/2024\/01\/8qsmfgur.bmp\" alt=\"\" width=\"148\" height=\"111\" \/><\/a>17 GENNAIO ALLO SKI COLLEGE FOLLADOR-DE ROSSI<\/h3>\n<\/blockquote>\n<p><strong>FALCADE<\/strong> Sono stati fissati per mercoled\u00ec 17 gennaio i test di ingresso allo Ski College Veneto di Falcade per la stagione 2024-2025, per le discipline dello sci alpino, dello sci di fondo, dello snowboard e del biathlon. Nella stessa giornata si svolger\u00e0 alle 14, alla Sala Dolomiti di Falcade, la presentazione dello Ski College a tutti gli interessati.<\/p>\n<div class=\"articlePlainText\"><\/div>\n<p>&nbsp;<\/p>\n<hr \/>\n<p>&nbsp;<\/p>\n<p>&nbsp;<\/p>\n<blockquote>\n<h3><a class=\"dt-pswp-item\" href=\"https:\/\/www.radiopiu.net\/wordpress\/wp-content\/uploads\/2024\/01\/584e6bae-061d-47fc-9f73-00a15518b7a5.jpg\" data-dt-img-description=\"\" data-large_image_width=\"740\" data-large_image_height=\"998\"><img loading=\"lazy\" decoding=\"async\" class=\"size-medium wp-image-368434 alignleft\" src=\"https:\/\/www.radiopiu.net\/wordpress\/wp-content\/uploads\/2024\/01\/584e6bae-061d-47fc-9f73-00a15518b7a5-222x300.jpg\" alt=\"\" width=\"222\" height=\"300\" srcset=\"https:\/\/www.radiopiu.net\/wordpress\/wp-content\/uploads\/2024\/01\/584e6bae-061d-47fc-9f73-00a15518b7a5-222x300.jpg 222w, https:\/\/www.radiopiu.net\/wordpress\/wp-content\/uploads\/2024\/01\/584e6bae-061d-47fc-9f73-00a15518b7a5.jpg 740w\" sizes=\"auto, (max-width: 222px) 100vw, 222px\" \/><\/a>A VODO DI CADORE SI CERCA BONNY<\/h3>\n<\/blockquote>\n<p><strong>DI BARBARA PAOLAZZI, RADIO CLUB 103<\/strong><\/p>\n<audio class=\"wp-audio-shortcode\" id=\"audio-368324-7\" preload=\"none\" style=\"width: 100%;\" controls=\"controls\"><source type=\"audio\/mpeg\" src=\"https:\/\/www.radiopiu.net\/wordpress\/wp-content\/uploads\/2024\/01\/PAOLAZZI-SMARRITA-BONNY.mp3?_=7\" \/><a href=\"https:\/\/www.radiopiu.net\/wordpress\/wp-content\/uploads\/2024\/01\/PAOLAZZI-SMARRITA-BONNY.mp3\">https:\/\/www.radiopiu.net\/wordpress\/wp-content\/uploads\/2024\/01\/PAOLAZZI-SMARRITA-BONNY.mp3<\/a><\/audio>\n<p>&nbsp;<\/p>\n<p>&nbsp;<\/p>\n<hr \/>\n<p>&nbsp;<\/p>\n<h2><span style=\"color: #ff6600;\">IERI ALLA RADIO<\/span><\/h2>\n<h2><span style=\"color: #800080;\">DOMINATOR NIGHT, L&#8217;EVENTO DI INIZIO ANNO AI PIANI DI PEZZE&#8217;<\/span><\/h2>\n<p><strong><a class=\"dt-pswp-item\" href=\"https:\/\/www.radiopiu.net\/wordpress\/wp-content\/uploads\/2023\/12\/WhatsApp-Image-2023-12-27-at-17.34.48.jpeg\" data-dt-img-description=\"\" data-large_image_width=\"2048\" data-large_image_height=\"1152\"><img loading=\"lazy\" decoding=\"async\" class=\"size-medium wp-image-367893 alignleft\" src=\"https:\/\/www.radiopiu.net\/wordpress\/wp-content\/uploads\/2023\/12\/WhatsApp-Image-2023-12-27-at-17.34.48-300x169.jpeg\" alt=\"\" width=\"300\" height=\"169\" srcset=\"https:\/\/www.radiopiu.net\/wordpress\/wp-content\/uploads\/2023\/12\/WhatsApp-Image-2023-12-27-at-17.34.48-300x169.jpeg 300w, https:\/\/www.radiopiu.net\/wordpress\/wp-content\/uploads\/2023\/12\/WhatsApp-Image-2023-12-27-at-17.34.48-1024x576.jpeg 1024w, https:\/\/www.radiopiu.net\/wordpress\/wp-content\/uploads\/2023\/12\/WhatsApp-Image-2023-12-27-at-17.34.48-768x432.jpeg 768w, https:\/\/www.radiopiu.net\/wordpress\/wp-content\/uploads\/2023\/12\/WhatsApp-Image-2023-12-27-at-17.34.48-1536x864.jpeg 1536w, https:\/\/www.radiopiu.net\/wordpress\/wp-content\/uploads\/2023\/12\/WhatsApp-Image-2023-12-27-at-17.34.48.jpeg 2048w\" sizes=\"auto, (max-width: 300px) 100vw, 300px\" \/><\/a>ALLEGHE<\/strong> Venerd\u00ec 5 gennaio ai Piani di Pezz\u00e8 andra in scenaa la &#8220;Dominator Night&#8221;. 14 piloti tra i migliori d&#8217;Europa si sfideranno senza esclusioni di colpi su un tracciato di puro snowcross. Uno spettacolo unico che inizier\u00e0 alle 21:30, a seguire le premiazioni e dj set fino all&#8217;1. Cabinovia aperta a pagamento dalle 20:30 all&#8217;1:30.<\/p>\n<p><strong>DI MIRKO MEZZACASA<\/strong><\/p>\n<p>OSPITI: Cristian Moretti, Andrea Dal Farra, Elisa Tosi, Max Tosi<\/p>\n<audio class=\"wp-audio-shortcode\" id=\"audio-368324-8\" preload=\"none\" style=\"width: 100%;\" controls=\"controls\"><source type=\"audio\/mpeg\" src=\"https:\/\/www.radiopiu.net\/wordpress\/wp-content\/uploads\/2023\/12\/MAX-TOSI-2023.mp3?_=8\" \/><a href=\"https:\/\/www.radiopiu.net\/wordpress\/wp-content\/uploads\/2023\/12\/MAX-TOSI-2023.mp3\">https:\/\/www.radiopiu.net\/wordpress\/wp-content\/uploads\/2023\/12\/MAX-TOSI-2023.mp3<\/a><\/audio>\n<p><strong>IL PROGRAMMA<\/strong><\/p>\n\n\t\t\t<style type='text\/css'>\n\t\t\t\t#gallery-2 {\n\t\t\t\t\tmargin: auto;\n\t\t\t\t}\n\t\t\t\t#gallery-2 .gallery-item {\n\t\t\t\t\tfloat: left;\n\t\t\t\t\tmargin-top: 10px;\n\t\t\t\t\ttext-align: center;\n\t\t\t\t\twidth: 100%;\n\t\t\t\t}\n\t\t\t\t#gallery-2 img {\n\t\t\t\t\tborder: 2px solid #cfcfcf;\n\t\t\t\t}\n\t\t\t\t#gallery-2 .gallery-caption {\n\t\t\t\t\tmargin-left: 0;\n\t\t\t\t}\n\t\t\t\t\/* see gallery_shortcode() in wp-includes\/media.php *\/\n\t\t\t<\/style>\n\t\t<div id='gallery-2' class='dt-gallery-container gallery galleryid-368324 gallery-columns-1 gallery-size-medium'><dl class='gallery-item'>\n\t\t\t\t<dt class='gallery-icon portrait'>\n\t\t\t\t\t<a class=\"rollover rollover-zoom dt-pswp-item\" title=\"79f174a0-339d-41d0-a8b1-d32466c90e5a\" data-dt-img-description=\"\" data-large_image_width=\"1406\" data-large_image_height=\"2000\"href='https:\/\/www.radiopiu.net\/wordpress\/wp-content\/uploads\/2023\/12\/79f174a0-339d-41d0-a8b1-d32466c90e5a.jpg'><img loading=\"lazy\" decoding=\"async\" width=\"211\" height=\"300\" src=\"https:\/\/www.radiopiu.net\/wordpress\/wp-content\/uploads\/2023\/12\/79f174a0-339d-41d0-a8b1-d32466c90e5a-211x300.jpg\" class=\"attachment-medium size-medium\" alt=\"\" srcset=\"https:\/\/www.radiopiu.net\/wordpress\/wp-content\/uploads\/2023\/12\/79f174a0-339d-41d0-a8b1-d32466c90e5a-211x300.jpg 211w, https:\/\/www.radiopiu.net\/wordpress\/wp-content\/uploads\/2023\/12\/79f174a0-339d-41d0-a8b1-d32466c90e5a-720x1024.jpg 720w, https:\/\/www.radiopiu.net\/wordpress\/wp-content\/uploads\/2023\/12\/79f174a0-339d-41d0-a8b1-d32466c90e5a-768x1092.jpg 768w, https:\/\/www.radiopiu.net\/wordpress\/wp-content\/uploads\/2023\/12\/79f174a0-339d-41d0-a8b1-d32466c90e5a-1080x1536.jpg 1080w, https:\/\/www.radiopiu.net\/wordpress\/wp-content\/uploads\/2023\/12\/79f174a0-339d-41d0-a8b1-d32466c90e5a.jpg 1406w\" sizes=\"auto, (max-width: 211px) 100vw, 211px\" \/><\/a>\n\t\t\t\t<\/dt><\/dl><br style=\"clear: both\" \/>\n\t\t\t<\/div>\n\n<p>&nbsp;<\/p>\n<p>&nbsp;<\/p>\n<p>&nbsp;<\/p>\n<h2><span style=\"color: #ff0000;\">HOLZMEDE: LA STORIA, GLI ANEDDOTI, LA PRESENZA SUL TERRITORIO<\/span><\/h2>\n<p><strong><a class=\"dt-pswp-item\" href=\"https:\/\/www.radiopiu.net\/wordpress\/wp-content\/uploads\/2023\/11\/HOLDMEDE-RADIOPIU.jpg\" data-dt-img-description=\"\" data-large_image_width=\"1199\" data-large_image_height=\"942\"><img loading=\"lazy\" decoding=\"async\" class=\" wp-image-362803 alignleft\" src=\"https:\/\/www.radiopiu.net\/wordpress\/wp-content\/uploads\/2023\/11\/HOLDMEDE-RADIOPIU-300x236.jpg\" alt=\"\" width=\"163\" height=\"128\" srcset=\"https:\/\/www.radiopiu.net\/wordpress\/wp-content\/uploads\/2023\/11\/HOLDMEDE-RADIOPIU-300x236.jpg 300w, https:\/\/www.radiopiu.net\/wordpress\/wp-content\/uploads\/2023\/11\/HOLDMEDE-RADIOPIU-1024x805.jpg 1024w, https:\/\/www.radiopiu.net\/wordpress\/wp-content\/uploads\/2023\/11\/HOLDMEDE-RADIOPIU-768x603.jpg 768w, https:\/\/www.radiopiu.net\/wordpress\/wp-content\/uploads\/2023\/11\/HOLDMEDE-RADIOPIU.jpg 1199w\" sizes=\"auto, (max-width: 163px) 100vw, 163px\" \/><\/a>DI MIRKO MEZZACASA<\/strong><\/p>\n<p>OSPITE: Amedeo De Nardin<\/p>\n<audio class=\"wp-audio-shortcode\" id=\"audio-368324-9\" preload=\"none\" style=\"width: 100%;\" controls=\"controls\"><source type=\"audio\/mpeg\" src=\"https:\/\/www.radiopiu.net\/wordpress\/wp-content\/uploads\/2023\/11\/AMEDEO-DE-NARDIN-1.mp3?_=9\" \/><a href=\"https:\/\/www.radiopiu.net\/wordpress\/wp-content\/uploads\/2023\/11\/AMEDEO-DE-NARDIN-1.mp3\">https:\/\/www.radiopiu.net\/wordpress\/wp-content\/uploads\/2023\/11\/AMEDEO-DE-NARDIN-1.mp3<\/a><\/audio>\n<p>&nbsp;<\/p>\n<p>&nbsp;<\/p>\n<p>&nbsp;<\/p>\n<h2><span style=\"color: #3366ff;\">L&#8217;AGORDINA CALCIO RIPARTE DAI GIOVANI. L&#8217;INTERVISTA<\/span><\/h2>\n<p><strong><a class=\"dt-pswp-item\" href=\"https:\/\/www.radiopiu.net\/wordpress\/wp-content\/uploads\/2019\/09\/AGORDINA-CALCIO.jpeg\" data-dt-img-description=\"\" data-large_image_width=\"225\" data-large_image_height=\"225\"><img loading=\"lazy\" decoding=\"async\" class=\" wp-image-97575 alignleft\" src=\"https:\/\/www.radiopiu.net\/wordpress\/wp-content\/uploads\/2019\/09\/AGORDINA-CALCIO.jpeg\" alt=\"\" width=\"125\" height=\"125\" srcset=\"https:\/\/www.radiopiu.net\/wordpress\/wp-content\/uploads\/2019\/09\/AGORDINA-CALCIO.jpeg 225w, https:\/\/www.radiopiu.net\/wordpress\/wp-content\/uploads\/2019\/09\/AGORDINA-CALCIO-150x150.jpeg 150w\" sizes=\"auto, (max-width: 125px) 100vw, 125px\" \/><\/a>AGORDO<\/strong><\/p>\n<p>DI GIANNI SANTOMASO<\/p>\n<audio class=\"wp-audio-shortcode\" id=\"audio-368324-10\" preload=\"none\" style=\"width: 100%;\" controls=\"controls\"><source type=\"audio\/mpeg\" src=\"https:\/\/www.radiopiu.net\/wordpress\/wp-content\/uploads\/2023\/12\/intervista-agordina-calcio-fine-2023.mp3?_=10\" \/><a href=\"https:\/\/www.radiopiu.net\/wordpress\/wp-content\/uploads\/2023\/12\/intervista-agordina-calcio-fine-2023.mp3\">https:\/\/www.radiopiu.net\/wordpress\/wp-content\/uploads\/2023\/12\/intervista-agordina-calcio-fine-2023.mp3<\/a><\/audio>\n<p>&nbsp;<\/p>\n<hr \/>\n<p>&nbsp;<\/p>\n<h2><span style=\"color: #ff0000;\">GLI APPUNTAMENTI DELLA SETTIMANA\u00a0<\/span><\/h2>\n<blockquote>\n<h3>IL NUOVO LIBRO DI GIORGIO PIROLO<\/h3>\n<\/blockquote>\n<p><strong>ALLEGHE<\/strong> Oggi alle 18 alla biblioteca di Alleghe verr\u00e0 presentato il nuovo libro di Giorgio Pirolo &#8220;I Disegni Non Parlano&#8221;. Ci sar\u00e0 un dialogo con l&#8217;autore.<\/p>\n<p>&nbsp;<\/p>\n<blockquote>\n<h3>NADAL A SAN TOMAS<\/h3>\n<\/blockquote>\n<p><strong>SAN TOMASO <\/strong>Sono visitabili i presepi nelle frazioni di San Tomaso. Questi gli appuntamenti con le serate dedicate al Natale.<\/p>\n<p><strong>DOMANI<\/strong>\u00a0&#8220;I Kropya&#8221; Concerto natalizio dell&#8217;ensamble vocale dei giovani di Livinallongo. Chiesa Parocchiale alle 20:30<\/p>\n<p>&nbsp;<\/p>\n<blockquote>\n<h3>CONCERTO CORALE AD ALLEGHE<\/h3>\n<\/blockquote>\n<p><strong>ALLEGHE<\/strong> Domani alle 20:30 in Sala Stoppani delle scuole elementari di Alleghe, la Corale di Limana e il Coro Monte Civetta si esibiranno. Un appuntamento da non perdere. Ingresso gratuito.<\/p>\n<p>&nbsp;<\/p>\n<blockquote>\n<h3>I PAVAROI DI TAIBON<\/h3>\n<\/blockquote>\n<p><strong>TAIBON<\/strong> Scandole Storte, Gruppo Sportivo, Pro Loco e Amighi di Listolade organizzano i Pavaroi 2024, la tradizionale accensione dei fuochi sulle cime della conca agordina. Ritrovo in Piazza del Municipio di Taibon a partire dalle 17:30 per ammirare i fuochi con un caldo vin brul\u00e8 o un the. Aspettando anche l&#8217;arrivo della befana.<\/p>\n<p>&nbsp;<\/p>\n<blockquote>\n<h3>I PAVARUI A CENCENIGHE<\/h3>\n<\/blockquote>\n<p><strong>CENCENIGHE<\/strong> Torna il tradizionale appuntamento con i Pavarui, i fuochi sulle cime. Venerd\u00ec dalle 19:30 al Nof Fil\u00f2 di Cencenighe gnocchi con la ricotta affumicata. All&#8217;imbrunire si accenderanno i fuochi sulle cime. Ingresso libero, per la cena \u00e8 consigliata la prenotazione allo 0437 591549<\/p>\n<p>&nbsp;<\/p>\n<blockquote>\n<h3>DOMINATOR NIGHT AI PIANI DI PEZZE&#8217;<\/h3>\n<\/blockquote>\n<p><strong><a class=\"dt-pswp-item\" href=\"https:\/\/www.radiopiu.net\/wordpress\/wp-content\/uploads\/2023\/12\/SCR-20231228-jsjq.png\" data-dt-img-description=\"\" data-large_image_width=\"1066\" data-large_image_height=\"440\"><img loading=\"lazy\" decoding=\"async\" class=\" wp-image-367821 alignleft\" src=\"https:\/\/www.radiopiu.net\/wordpress\/wp-content\/uploads\/2023\/12\/SCR-20231228-jsjq-300x124.png\" alt=\"\" width=\"150\" height=\"62\" srcset=\"https:\/\/www.radiopiu.net\/wordpress\/wp-content\/uploads\/2023\/12\/SCR-20231228-jsjq-300x124.png 300w, https:\/\/www.radiopiu.net\/wordpress\/wp-content\/uploads\/2023\/12\/SCR-20231228-jsjq-1024x423.png 1024w, https:\/\/www.radiopiu.net\/wordpress\/wp-content\/uploads\/2023\/12\/SCR-20231228-jsjq-768x317.png 768w, https:\/\/www.radiopiu.net\/wordpress\/wp-content\/uploads\/2023\/12\/SCR-20231228-jsjq.png 1066w\" sizes=\"auto, (max-width: 150px) 100vw, 150px\" \/><\/a>ALLEGHE<\/strong> Venerd\u00ec 5 gennaio ai Piani di Pezz\u00e8 andra in scena la &#8220;Dominator Night&#8221;. 14 piloti tra i migliori d&#8217;Europa si sfideranno senza esclusioni di colpi su un tracciato di puro snowcross. Uno spettacolo unico che inizier\u00e0 alle 21:30, a seguire le premiazioni e dj set fino all&#8217;1. Cabinovia aperta a pagamento dalle 20:30 all&#8217;1:30.<\/p>\n<p>&nbsp;<\/p>\n<blockquote>\n<h3>UNA SERATA CON MANRICO DELL&#8217;AGNOLA<\/h3>\n<\/blockquote>\n<p><strong>BELLUNO<\/strong> Venerd\u00ec alle 20:45 al Centro Congressi Le Torri in Nevegal una serata con Manrico Dell&#8217;Agnola. Dalle Dolomiti all&#8217;Antartide, la proiezione di due docufilm<\/p>\n<p>&nbsp;<\/p>\n<h2 id=\":ruo:\" class=\"x1heor9g x1qlqyl8 x1pd3egz x1a2a7pz x1gslohp x1yc453h\"><span class=\"x193iq5w xeuugli x13faqbe x1vvkbs x1xmvt09 x6prxxf xvq8zen xo1l8bm xi81zsa\"><strong><a class=\"x1i10hfl xjbqb8w x6umtig x1b1mbwd xaqea5y xav7gou x9f619 x1ypdohk xt0psk2 xe8uvvx xdj266r x11i5rnm xat24cr x1mh8g0r xexx8yu x4uap5 x18d9i69 xkhd6sd x16tdsg8 x1hl2dhg xggy1nq x1a2a7pz xt0b8zv xzsf02u x1s688f\" tabindex=\"0\" role=\"link\" href=\"https:\/\/www.facebook.com\/profile.php?id=100008232888784&amp;__cft__[0]=AZU5r7bBe9zcn9HwUuGa8GzB72Zx7TpnzZbRSmKbnCuneKsJc-Sz1BHrnQMOWrdf23X59LNFvCZsHqlSMCNYGkntV2j8G5KIxaD20KeIXocKvruEq0FkgcoaP2fq8PkuoAtlx1m_h-U7rPBtrdxfg7McZsY7xF20IKkjWpX53NHAIg5S2eOM6hut7rUDmoUtjBI&amp;__tn__=-]C%2CP-R\"><span class=\"xt0psk2\">Giuseppe De Don\u00e0<\/span><\/a><\/strong> \u00a0<\/span><em>Ripercorrendo i 30 anni trascorsi dal primo incontro riguardante l&#8217;astronomia fatto a Sospirolo, approfondir\u00f2 gli eventi pi\u00f9 recenti come l&#8217;aurora boreale che ha interessato i nostri cieli nella sera del 5 novembre.<\/em><\/h2>\n<p><a class=\"dt-pswp-item\" href=\"https:\/\/www.radiopiu.net\/wordpress\/wp-content\/uploads\/2024\/01\/414468836_3806678132949912_5745327499938075114_n.jpg\" data-dt-img-description=\"\" data-large_image_width=\"843\" data-large_image_height=\"537\"><img loading=\"lazy\" decoding=\"async\" class=\"alignnone wp-image-368317 size-full\" src=\"https:\/\/www.radiopiu.net\/wordpress\/wp-content\/uploads\/2024\/01\/414468836_3806678132949912_5745327499938075114_n.jpg\" alt=\"\" width=\"843\" height=\"537\" srcset=\"https:\/\/www.radiopiu.net\/wordpress\/wp-content\/uploads\/2024\/01\/414468836_3806678132949912_5745327499938075114_n.jpg 843w, https:\/\/www.radiopiu.net\/wordpress\/wp-content\/uploads\/2024\/01\/414468836_3806678132949912_5745327499938075114_n-300x191.jpg 300w, https:\/\/www.radiopiu.net\/wordpress\/wp-content\/uploads\/2024\/01\/414468836_3806678132949912_5745327499938075114_n-768x489.jpg 768w\" sizes=\"auto, (max-width: 843px) 100vw, 843px\" \/><\/a><\/p>\n<p>&nbsp;<\/p>\n<p>&nbsp;<\/p>\n<h2><span style=\"color: #ff0000;\">PROSSIMAMENTE<\/span><\/h2>\n<blockquote>\n<h3>LA SAGRA DI SAN MARCELLO A UMIN<\/h3>\n<\/blockquote>\n<p><strong>FELTRE<\/strong> La tradizionale Sagra di San Marcello a Umin, in programma dal 12 al 16 gennaio, celebra il patrono del paese con iniziative religiose, culturali e gastronomiche. Il piatto principale sar\u00e0 la trippa, preparata sia in sugo alla parmigiana sia in brodo, insieme ad altri piatti tipici della cucina bellunese. Il programma include visite guidate al sito di San Marcello, laboratori, una &#8220;San Marcello Run&#8221; di 7 km, messe e benedizioni. La sagra si svolger\u00e0 ad Umin, frazione di Feltre, con la cucina aperta tutti i giorni dalle 12 alle 23 e possibilit\u00e0 di asporto. Il ricavato sar\u00e0 devoluto al mantenimento della chiesa e a iniziative socio-culturali. Per ulteriori informazioni, \u00e8 possibile visitare il sito <a href=\"http:\/\/www.anavillabruna.it\/\" target=\"_new\" rel=\"noopener\">www.anavillabruna.it<\/a>.<\/p>\n<p>&nbsp;<\/p>\n<hr \/>\n<p>&nbsp;<\/p>\n<p>&nbsp;<\/p>\n<p><a class=\"dt-pswp-item\" href=\"https:\/\/www.radiopiu.net\/wordpress\/wp-content\/uploads\/2024\/01\/r320x240-rosso.jpg\" data-dt-img-description=\"\" data-large_image_width=\"320\" data-large_image_height=\"240\"><img loading=\"lazy\" decoding=\"async\" class=\"wp-image-368459 alignleft\" src=\"https:\/\/www.radiopiu.net\/wordpress\/wp-content\/uploads\/2024\/01\/r320x240-rosso-300x225.jpg\" alt=\"\" width=\"140\" height=\"105\" srcset=\"https:\/\/www.radiopiu.net\/wordpress\/wp-content\/uploads\/2024\/01\/r320x240-rosso-300x225.jpg 300w, https:\/\/www.radiopiu.net\/wordpress\/wp-content\/uploads\/2024\/01\/r320x240-rosso.jpg 320w\" sizes=\"auto, (max-width: 140px) 100vw, 140px\" \/><\/a><strong>PER QUESTO VALE LA PENA ALZARSI ALLE QUATTRO DEL MATTINO E FARE NOTTE TRA VINILI, CD, GIRADISCHI, MP3, GIOCHI DI OGGI E DI IERI. <\/strong><\/p>\n<div class=\"xdj266r x11i5rnm xat24cr x1mh8g0r x1vvkbs x126k92a\">\n<div dir=\"auto\">\n<div class=\"x11i5rnm xat24cr x1mh8g0r x1vvkbs xtlvy1s x126k92a\">\n<div dir=\"auto\">\n<div class=\"xdj266r x11i5rnm xat24cr x1mh8g0r x1vvkbs x126k92a\">\n<div dir=\"auto\">\n<div dir=\"auto\">GRAZIE Massimo per il messaggio a grazie ai tanti che ci ascoltano durante le vacanze e ferie<\/div>\n<div dir=\"auto\">buon anno<\/div>\n<div dir=\"auto\">Buon pomeriggio<\/div>\n<div dir=\"auto\">La vostra musica \u00e8 troppo bella sono tre giorni che vi ascoltiamo adesso stiamo rientrando in Toscana&#8230;faTeci un regalo&#8230;.vi vogliamo ascoltare anche a Pistoia&#8230;<\/div>\n<div dir=\"auto\">Buon anno bella gentee<\/div>\n<div dir=\"auto\">Massimo e famiglia<\/div>\n<div dir=\"auto\">PS RADIO PIU SI ASCOLTA IN TUTTO IL MONDO SULLE APPE<\/div>\n<\/div>\n<\/div>\n<\/div>\n<\/div>\n<\/div>\n<\/div>\n<p>&nbsp;<\/p>\n<hr \/>\n<p>&nbsp;<\/p>\n<blockquote>\n<h3>I MIEI PRIMI 15 ANNI IN CONSOLLE, LA STORIA DI dj JACK E AMICI<\/h3>\n<\/blockquote>\n<p><a class=\"dt-pswp-item\" href=\"https:\/\/www.radiopiu.net\/wordpress\/wp-content\/uploads\/2024\/01\/1c213430-eca8-451a-ad96-6c62dfa0d2c2.jpg\" data-dt-img-description=\"\" data-large_image_width=\"1179\" data-large_image_height=\"1179\"><img loading=\"lazy\" decoding=\"async\" class=\" wp-image-368358 alignleft\" src=\"https:\/\/www.radiopiu.net\/wordpress\/wp-content\/uploads\/2024\/01\/1c213430-eca8-451a-ad96-6c62dfa0d2c2-300x300.jpg\" alt=\"\" width=\"235\" height=\"235\" \/><\/a>Quando questa mattina Jacopo mi ha ricordato questo primo anniversario e la voglia di scrivere qualche cosa \u00e8 stato un piacere spalancare le porte, perch\u00e8 i 15 anni sono un primo importante obiettivo. Jacopo Del Tedesco \u00e8 tra l&#8217;altro il &#8220;cucciolo&#8221; di RADIOPIU, al microfono ormai da diversi anni al sabato pomeriggio \u00e8 diventato la voce che ci accompagna nei fine settimana, e RADIOPIU ha testimoniato la sua maturazione. Un buon elemento per la squadra dell&#8217;emittente agordina.<\/p>\n<p>mirko<\/p>\n<p>&nbsp;<\/p>\n<p>&nbsp;<\/p>\n<p>Sono passati 15 anni da quel capodanno \u201cdal Budy\u201d a Canale d\u2019Agordo, dove dopo mesi di preparazione, acquisto dei primi lettori CD e attrezzatura base, finalmente misi musica per la prima volta, con Lallo che si alternava tra quella consolle abbozzata e il bancone del bar, dove lavorava in quel periodo. Quindici anni, sembra molto tempo detto cos\u00ec, ma a me sembra ieri, le prime serate alla Murada, i primi eventi e capodanni organizzati a Selva, poi la creazione della NewGen, l\u2019inizio della frequentazione di Radio Pi\u00f9 e nel 2014 l\u2019assunzione da dove \u00e8 nato il mio programma che quest\u2019anno compie 10 anni: Electro Choc, le prime collaborazioni con le Ski aree Agordine e i rifugi, ma anche le ProLoco e associazioni locali, spina dorsale delle nostre vallate e le feste studentesche al Nof Fil\u00f3 e Palafalcade. Il primo cambio di canzone l\u2019ho fatto sempre ad un capodanno nel 2008, a Selva sostituendo per qualche istante il mio maestro DJ Danny, che sentendo che il cambio era giusto \u00e8 tornato in pista alzando il pollice come segno di approvazione, da quel preciso momento si \u00e8 fatta pi\u00f9 forte quella voglia di realizzare il mio sogno. Non \u00e9 stato sempre facile, tra richieste assurde, sbrocchi vari, situazioni al limite del surreale, screzi con colleghi e amici, il montare e smontare ogni volta l\u2019impianto audio e luci, ma le uniche cose che mi hanno sempre fatto andare avanti sono il bene delle persone che mi circondano, la mia passione e l\u2019Amore per la Musica, perch\u00e8 da che ho memoria, ho sempre voluto fare il <a class=\"dt-pswp-item\" href=\"https:\/\/www.radiopiu.net\/wordpress\/wp-content\/uploads\/2024\/01\/a6ca6666-9a5a-41fc-a85d-8d5eff05b3e4.jpg\" data-dt-img-description=\"\" data-large_image_width=\"639\" data-large_image_height=\"639\"><img loading=\"lazy\" decoding=\"async\" class=\"size-medium wp-image-368364 alignright\" src=\"https:\/\/www.radiopiu.net\/wordpress\/wp-content\/uploads\/2024\/01\/a6ca6666-9a5a-41fc-a85d-8d5eff05b3e4-300x300.jpg\" alt=\"\" width=\"300\" height=\"300\" \/><\/a>DJ! Ringrazio in primis il mio collega di una vita Lallo, senza di lui non sarei mai partito veramente ne avrei mai fatto cos\u00ec tante serate ed esperienze, un grazie enorme v\u00e0 a MammAngela e pap\u00e0 Renzo che mi hanno sempre appoggiato nel proseguo di questa mia passione, un mega grazie alle Amiche e Amici che mi hanno aiutato sia fisicamente che mentalmente in questi 3 lustri, un grazie v\u00e0 anche ai ragazzi della NewGen, esperienza che mi ha fatto crescere e maturare, un ringraziamento d\u2019obbligo e meritato a tutti i gestori che hanno creduto in me chiamandomi nel loro locali, un grazie col cuore a tutti i baristi e agli appartenenti allo staff dei vari locali, sempre gentili e stra disponibili, ti migliora nettamente l\u2019umore entrare in un posto ed essere accolto col sorriso! Grazie alla Radio Pi\u00f9: Mirco, Marco Gaz, Skossa e Claudio Fontanive per la fiducia che hanno sempre riposto in me! Un grazie anche alle spose e sposi che hanno scelto me per la colonna sonora del loro giorno pi\u00f9 importante. Un grazie ai colleghi in attivit\u00e0 e a quelli in \u201cpensione\u201d con una menzione speciale per il nuovo DJ Agordino RDJ, sei sulla strada giusta, continua cos\u00ec! Ultima ma non per importanza ringrazio la mia futura consorte Giada, stare con un DJ anche se locale non \u00e8 sempre facile, si possono perdere momenti speciali, ore di sonno e pu\u00f3 anche crearsi qualche beg\u00e0 per lo scontro tra vita di coppia e serate, grazie Amore Mio, Ti Amo infinitamente per come sei e per quello che saremo! Da parte di DJ Jack grazie per questi 15 anni di possibilit\u00e0 di trasmettere Musica, perch\u00e8 come ho sempre detto, io NON suono, ma vado a mettere Musica e per me non c\u2019\u00e8 niente di pi\u00f9 bello al mondo!<\/p>\n<p>Un abbraccio<br \/>\nDJ Jack<\/p>\n<p>FOTO GALLERY<\/p>\n\n\t\t\t<style type='text\/css'>\n\t\t\t\t#gallery-3 {\n\t\t\t\t\tmargin: auto;\n\t\t\t\t}\n\t\t\t\t#gallery-3 .gallery-item {\n\t\t\t\t\tfloat: left;\n\t\t\t\t\tmargin-top: 10px;\n\t\t\t\t\ttext-align: center;\n\t\t\t\t\twidth: 20%;\n\t\t\t\t}\n\t\t\t\t#gallery-3 img {\n\t\t\t\t\tborder: 2px solid #cfcfcf;\n\t\t\t\t}\n\t\t\t\t#gallery-3 .gallery-caption {\n\t\t\t\t\tmargin-left: 0;\n\t\t\t\t}\n\t\t\t\t\/* see gallery_shortcode() in wp-includes\/media.php *\/\n\t\t\t<\/style>\n\t\t<div id='gallery-3' class='dt-gallery-container gallery galleryid-368324 gallery-columns-5 gallery-size-thumbnail'><dl class='gallery-item'>\n\t\t\t\t<dt class='gallery-icon landscape'>\n\t\t\t\t\t<a class=\"rollover rollover-zoom dt-pswp-item\" title=\"22de99e3-8690-4734-900d-afdc5bdc8e34\" data-dt-img-description=\"\" data-large_image_width=\"720\" data-large_image_height=\"720\"href='https:\/\/www.radiopiu.net\/wordpress\/wp-content\/uploads\/2024\/01\/22de99e3-8690-4734-900d-afdc5bdc8e34.jpg'><img loading=\"lazy\" decoding=\"async\" width=\"150\" height=\"150\" src=\"https:\/\/www.radiopiu.net\/wordpress\/wp-content\/uploads\/2024\/01\/22de99e3-8690-4734-900d-afdc5bdc8e34-150x150.jpg\" class=\"attachment-thumbnail size-thumbnail\" alt=\"\" srcset=\"https:\/\/www.radiopiu.net\/wordpress\/wp-content\/uploads\/2024\/01\/22de99e3-8690-4734-900d-afdc5bdc8e34-150x150.jpg 150w, https:\/\/www.radiopiu.net\/wordpress\/wp-content\/uploads\/2024\/01\/22de99e3-8690-4734-900d-afdc5bdc8e34-300x300.jpg 300w, https:\/\/www.radiopiu.net\/wordpress\/wp-content\/uploads\/2024\/01\/22de99e3-8690-4734-900d-afdc5bdc8e34.jpg 720w\" sizes=\"auto, (max-width: 150px) 100vw, 150px\" \/><\/a>\n\t\t\t\t<\/dt><\/dl><dl class='gallery-item'>\n\t\t\t\t<dt class='gallery-icon landscape'>\n\t\t\t\t\t<a class=\"rollover rollover-zoom dt-pswp-item\" title=\"34e94f56-6e6d-4197-af87-3dcefac23d71\" data-dt-img-description=\"\" data-large_image_width=\"944\" data-large_image_height=\"944\"href='https:\/\/www.radiopiu.net\/wordpress\/wp-content\/uploads\/2024\/01\/34e94f56-6e6d-4197-af87-3dcefac23d71.jpg'><img loading=\"lazy\" decoding=\"async\" width=\"150\" height=\"150\" src=\"https:\/\/www.radiopiu.net\/wordpress\/wp-content\/uploads\/2024\/01\/34e94f56-6e6d-4197-af87-3dcefac23d71-150x150.jpg\" class=\"attachment-thumbnail size-thumbnail\" alt=\"\" srcset=\"https:\/\/www.radiopiu.net\/wordpress\/wp-content\/uploads\/2024\/01\/34e94f56-6e6d-4197-af87-3dcefac23d71-150x150.jpg 150w, https:\/\/www.radiopiu.net\/wordpress\/wp-content\/uploads\/2024\/01\/34e94f56-6e6d-4197-af87-3dcefac23d71-300x300.jpg 300w, https:\/\/www.radiopiu.net\/wordpress\/wp-content\/uploads\/2024\/01\/34e94f56-6e6d-4197-af87-3dcefac23d71-768x768.jpg 768w, https:\/\/www.radiopiu.net\/wordpress\/wp-content\/uploads\/2024\/01\/34e94f56-6e6d-4197-af87-3dcefac23d71.jpg 944w\" sizes=\"auto, (max-width: 150px) 100vw, 150px\" \/><\/a>\n\t\t\t\t<\/dt><\/dl><dl class='gallery-item'>\n\t\t\t\t<dt class='gallery-icon landscape'>\n\t\t\t\t\t<a class=\"rollover rollover-zoom dt-pswp-item\" title=\"1c213430-eca8-451a-ad96-6c62dfa0d2c2\" data-dt-img-description=\"\" data-large_image_width=\"1179\" data-large_image_height=\"1179\"href='https:\/\/www.radiopiu.net\/wordpress\/wp-content\/uploads\/2024\/01\/1c213430-eca8-451a-ad96-6c62dfa0d2c2.jpg'><img loading=\"lazy\" decoding=\"async\" width=\"150\" height=\"150\" src=\"https:\/\/www.radiopiu.net\/wordpress\/wp-content\/uploads\/2024\/01\/1c213430-eca8-451a-ad96-6c62dfa0d2c2-150x150.jpg\" class=\"attachment-thumbnail size-thumbnail\" alt=\"\" srcset=\"https:\/\/www.radiopiu.net\/wordpress\/wp-content\/uploads\/2024\/01\/1c213430-eca8-451a-ad96-6c62dfa0d2c2-150x150.jpg 150w, https:\/\/www.radiopiu.net\/wordpress\/wp-content\/uploads\/2024\/01\/1c213430-eca8-451a-ad96-6c62dfa0d2c2-300x300.jpg 300w, https:\/\/www.radiopiu.net\/wordpress\/wp-content\/uploads\/2024\/01\/1c213430-eca8-451a-ad96-6c62dfa0d2c2-1024x1024.jpg 1024w, https:\/\/www.radiopiu.net\/wordpress\/wp-content\/uploads\/2024\/01\/1c213430-eca8-451a-ad96-6c62dfa0d2c2-768x768.jpg 768w, https:\/\/www.radiopiu.net\/wordpress\/wp-content\/uploads\/2024\/01\/1c213430-eca8-451a-ad96-6c62dfa0d2c2.jpg 1179w\" sizes=\"auto, (max-width: 150px) 100vw, 150px\" \/><\/a>\n\t\t\t\t<\/dt><\/dl><dl class='gallery-item'>\n\t\t\t\t<dt class='gallery-icon landscape'>\n\t\t\t\t\t<a class=\"rollover rollover-zoom dt-pswp-item\" title=\"7a5b9248-e261-4dd6-911b-67a9db776a58\" data-dt-img-description=\"\" data-large_image_width=\"512\" data-large_image_height=\"512\"href='https:\/\/www.radiopiu.net\/wordpress\/wp-content\/uploads\/2024\/01\/7a5b9248-e261-4dd6-911b-67a9db776a58.jpg'><img loading=\"lazy\" decoding=\"async\" width=\"150\" height=\"150\" src=\"https:\/\/www.radiopiu.net\/wordpress\/wp-content\/uploads\/2024\/01\/7a5b9248-e261-4dd6-911b-67a9db776a58-150x150.jpg\" class=\"attachment-thumbnail size-thumbnail\" alt=\"\" srcset=\"https:\/\/www.radiopiu.net\/wordpress\/wp-content\/uploads\/2024\/01\/7a5b9248-e261-4dd6-911b-67a9db776a58-150x150.jpg 150w, https:\/\/www.radiopiu.net\/wordpress\/wp-content\/uploads\/2024\/01\/7a5b9248-e261-4dd6-911b-67a9db776a58-300x300.jpg 300w, https:\/\/www.radiopiu.net\/wordpress\/wp-content\/uploads\/2024\/01\/7a5b9248-e261-4dd6-911b-67a9db776a58.jpg 512w\" sizes=\"auto, (max-width: 150px) 100vw, 150px\" \/><\/a>\n\t\t\t\t<\/dt><\/dl><dl class='gallery-item'>\n\t\t\t\t<dt class='gallery-icon landscape'>\n\t\t\t\t\t<a class=\"rollover rollover-zoom dt-pswp-item\" title=\"1d3e6cf8-0efd-4320-a600-ad612a6a6296\" data-dt-img-description=\"\" data-large_image_width=\"1600\" data-large_image_height=\"1600\"href='https:\/\/www.radiopiu.net\/wordpress\/wp-content\/uploads\/2024\/01\/1d3e6cf8-0efd-4320-a600-ad612a6a6296.jpg'><img loading=\"lazy\" decoding=\"async\" width=\"150\" height=\"150\" src=\"https:\/\/www.radiopiu.net\/wordpress\/wp-content\/uploads\/2024\/01\/1d3e6cf8-0efd-4320-a600-ad612a6a6296-150x150.jpg\" class=\"attachment-thumbnail size-thumbnail\" alt=\"\" srcset=\"https:\/\/www.radiopiu.net\/wordpress\/wp-content\/uploads\/2024\/01\/1d3e6cf8-0efd-4320-a600-ad612a6a6296-150x150.jpg 150w, https:\/\/www.radiopiu.net\/wordpress\/wp-content\/uploads\/2024\/01\/1d3e6cf8-0efd-4320-a600-ad612a6a6296-300x300.jpg 300w, https:\/\/www.radiopiu.net\/wordpress\/wp-content\/uploads\/2024\/01\/1d3e6cf8-0efd-4320-a600-ad612a6a6296-1024x1024.jpg 1024w, https:\/\/www.radiopiu.net\/wordpress\/wp-content\/uploads\/2024\/01\/1d3e6cf8-0efd-4320-a600-ad612a6a6296-768x768.jpg 768w, https:\/\/www.radiopiu.net\/wordpress\/wp-content\/uploads\/2024\/01\/1d3e6cf8-0efd-4320-a600-ad612a6a6296-1536x1536.jpg 1536w, https:\/\/www.radiopiu.net\/wordpress\/wp-content\/uploads\/2024\/01\/1d3e6cf8-0efd-4320-a600-ad612a6a6296.jpg 1600w\" sizes=\"auto, (max-width: 150px) 100vw, 150px\" \/><\/a>\n\t\t\t\t<\/dt><\/dl><br style=\"clear: both\" \/><dl class='gallery-item'>\n\t\t\t\t<dt class='gallery-icon landscape'>\n\t\t\t\t\t<a class=\"rollover rollover-zoom dt-pswp-item\" title=\"714b0028-6081-419c-8ce0-94dda7f99968\" data-dt-img-description=\"\" data-large_image_width=\"758\" data-large_image_height=\"758\"href='https:\/\/www.radiopiu.net\/wordpress\/wp-content\/uploads\/2024\/01\/714b0028-6081-419c-8ce0-94dda7f99968.jpg'><img loading=\"lazy\" decoding=\"async\" width=\"150\" height=\"150\" src=\"https:\/\/www.radiopiu.net\/wordpress\/wp-content\/uploads\/2024\/01\/714b0028-6081-419c-8ce0-94dda7f99968-150x150.jpg\" class=\"attachment-thumbnail size-thumbnail\" alt=\"\" srcset=\"https:\/\/www.radiopiu.net\/wordpress\/wp-content\/uploads\/2024\/01\/714b0028-6081-419c-8ce0-94dda7f99968-150x150.jpg 150w, https:\/\/www.radiopiu.net\/wordpress\/wp-content\/uploads\/2024\/01\/714b0028-6081-419c-8ce0-94dda7f99968-300x300.jpg 300w, https:\/\/www.radiopiu.net\/wordpress\/wp-content\/uploads\/2024\/01\/714b0028-6081-419c-8ce0-94dda7f99968.jpg 758w\" sizes=\"auto, (max-width: 150px) 100vw, 150px\" \/><\/a>\n\t\t\t\t<\/dt><\/dl><dl class='gallery-item'>\n\t\t\t\t<dt class='gallery-icon landscape'>\n\t\t\t\t\t<a class=\"rollover rollover-zoom dt-pswp-item\" title=\"b1ef3f67-9045-4a3f-ac47-2568c87022dd\" data-dt-img-description=\"\" data-large_image_width=\"1179\" data-large_image_height=\"1179\"href='https:\/\/www.radiopiu.net\/wordpress\/wp-content\/uploads\/2024\/01\/b1ef3f67-9045-4a3f-ac47-2568c87022dd.jpg'><img loading=\"lazy\" decoding=\"async\" width=\"150\" height=\"150\" src=\"https:\/\/www.radiopiu.net\/wordpress\/wp-content\/uploads\/2024\/01\/b1ef3f67-9045-4a3f-ac47-2568c87022dd-150x150.jpg\" class=\"attachment-thumbnail size-thumbnail\" alt=\"\" srcset=\"https:\/\/www.radiopiu.net\/wordpress\/wp-content\/uploads\/2024\/01\/b1ef3f67-9045-4a3f-ac47-2568c87022dd-150x150.jpg 150w, https:\/\/www.radiopiu.net\/wordpress\/wp-content\/uploads\/2024\/01\/b1ef3f67-9045-4a3f-ac47-2568c87022dd-300x300.jpg 300w, https:\/\/www.radiopiu.net\/wordpress\/wp-content\/uploads\/2024\/01\/b1ef3f67-9045-4a3f-ac47-2568c87022dd-1024x1024.jpg 1024w, https:\/\/www.radiopiu.net\/wordpress\/wp-content\/uploads\/2024\/01\/b1ef3f67-9045-4a3f-ac47-2568c87022dd-768x768.jpg 768w, https:\/\/www.radiopiu.net\/wordpress\/wp-content\/uploads\/2024\/01\/b1ef3f67-9045-4a3f-ac47-2568c87022dd.jpg 1179w\" sizes=\"auto, (max-width: 150px) 100vw, 150px\" \/><\/a>\n\t\t\t\t<\/dt><\/dl><dl class='gallery-item'>\n\t\t\t\t<dt class='gallery-icon landscape'>\n\t\t\t\t\t<a class=\"rollover rollover-zoom dt-pswp-item\" title=\"a6ca6666-9a5a-41fc-a85d-8d5eff05b3e4\" data-dt-img-description=\"\" data-large_image_width=\"639\" data-large_image_height=\"639\"href='https:\/\/www.radiopiu.net\/wordpress\/wp-content\/uploads\/2024\/01\/a6ca6666-9a5a-41fc-a85d-8d5eff05b3e4.jpg'><img loading=\"lazy\" decoding=\"async\" width=\"150\" height=\"150\" src=\"https:\/\/www.radiopiu.net\/wordpress\/wp-content\/uploads\/2024\/01\/a6ca6666-9a5a-41fc-a85d-8d5eff05b3e4-150x150.jpg\" class=\"attachment-thumbnail size-thumbnail\" alt=\"\" srcset=\"https:\/\/www.radiopiu.net\/wordpress\/wp-content\/uploads\/2024\/01\/a6ca6666-9a5a-41fc-a85d-8d5eff05b3e4-150x150.jpg 150w, https:\/\/www.radiopiu.net\/wordpress\/wp-content\/uploads\/2024\/01\/a6ca6666-9a5a-41fc-a85d-8d5eff05b3e4-300x300.jpg 300w, https:\/\/www.radiopiu.net\/wordpress\/wp-content\/uploads\/2024\/01\/a6ca6666-9a5a-41fc-a85d-8d5eff05b3e4.jpg 639w\" sizes=\"auto, (max-width: 150px) 100vw, 150px\" \/><\/a>\n\t\t\t\t<\/dt><\/dl><dl class='gallery-item'>\n\t\t\t\t<dt class='gallery-icon landscape'>\n\t\t\t\t\t<a class=\"rollover rollover-zoom dt-pswp-item\" title=\"9640a69e-5644-4a2e-a502-9b705faca529\" data-dt-img-description=\"\" data-large_image_width=\"1179\" data-large_image_height=\"1179\"href='https:\/\/www.radiopiu.net\/wordpress\/wp-content\/uploads\/2024\/01\/9640a69e-5644-4a2e-a502-9b705faca529.jpg'><img loading=\"lazy\" decoding=\"async\" width=\"150\" height=\"150\" src=\"https:\/\/www.radiopiu.net\/wordpress\/wp-content\/uploads\/2024\/01\/9640a69e-5644-4a2e-a502-9b705faca529-150x150.jpg\" class=\"attachment-thumbnail size-thumbnail\" alt=\"\" srcset=\"https:\/\/www.radiopiu.net\/wordpress\/wp-content\/uploads\/2024\/01\/9640a69e-5644-4a2e-a502-9b705faca529-150x150.jpg 150w, https:\/\/www.radiopiu.net\/wordpress\/wp-content\/uploads\/2024\/01\/9640a69e-5644-4a2e-a502-9b705faca529-300x300.jpg 300w, https:\/\/www.radiopiu.net\/wordpress\/wp-content\/uploads\/2024\/01\/9640a69e-5644-4a2e-a502-9b705faca529-1024x1024.jpg 1024w, https:\/\/www.radiopiu.net\/wordpress\/wp-content\/uploads\/2024\/01\/9640a69e-5644-4a2e-a502-9b705faca529-768x768.jpg 768w, https:\/\/www.radiopiu.net\/wordpress\/wp-content\/uploads\/2024\/01\/9640a69e-5644-4a2e-a502-9b705faca529.jpg 1179w\" sizes=\"auto, (max-width: 150px) 100vw, 150px\" \/><\/a>\n\t\t\t\t<\/dt><\/dl><dl class='gallery-item'>\n\t\t\t\t<dt class='gallery-icon landscape'>\n\t\t\t\t\t<a class=\"rollover rollover-zoom dt-pswp-item\" title=\"9be29f60-4e4f-4cbd-9276-1dd57a6593a6\" data-dt-img-description=\"\" data-large_image_width=\"864\" data-large_image_height=\"864\"href='https:\/\/www.radiopiu.net\/wordpress\/wp-content\/uploads\/2024\/01\/9be29f60-4e4f-4cbd-9276-1dd57a6593a6.jpg'><img loading=\"lazy\" decoding=\"async\" width=\"150\" height=\"150\" src=\"https:\/\/www.radiopiu.net\/wordpress\/wp-content\/uploads\/2024\/01\/9be29f60-4e4f-4cbd-9276-1dd57a6593a6-150x150.jpg\" class=\"attachment-thumbnail size-thumbnail\" alt=\"\" srcset=\"https:\/\/www.radiopiu.net\/wordpress\/wp-content\/uploads\/2024\/01\/9be29f60-4e4f-4cbd-9276-1dd57a6593a6-150x150.jpg 150w, https:\/\/www.radiopiu.net\/wordpress\/wp-content\/uploads\/2024\/01\/9be29f60-4e4f-4cbd-9276-1dd57a6593a6-300x300.jpg 300w, https:\/\/www.radiopiu.net\/wordpress\/wp-content\/uploads\/2024\/01\/9be29f60-4e4f-4cbd-9276-1dd57a6593a6-768x768.jpg 768w, https:\/\/www.radiopiu.net\/wordpress\/wp-content\/uploads\/2024\/01\/9be29f60-4e4f-4cbd-9276-1dd57a6593a6.jpg 864w\" sizes=\"auto, (max-width: 150px) 100vw, 150px\" \/><\/a>\n\t\t\t\t<\/dt><\/dl><br style=\"clear: both\" \/><dl class='gallery-item'>\n\t\t\t\t<dt class='gallery-icon landscape'>\n\t\t\t\t\t<a class=\"rollover rollover-zoom dt-pswp-item\" title=\"ca8e475a-9e1b-4f97-b884-23a7f60e38c4\" data-dt-img-description=\"\" data-large_image_width=\"302\" data-large_image_height=\"302\"href='https:\/\/www.radiopiu.net\/wordpress\/wp-content\/uploads\/2024\/01\/ca8e475a-9e1b-4f97-b884-23a7f60e38c4.jpg'><img loading=\"lazy\" decoding=\"async\" width=\"150\" height=\"150\" src=\"https:\/\/www.radiopiu.net\/wordpress\/wp-content\/uploads\/2024\/01\/ca8e475a-9e1b-4f97-b884-23a7f60e38c4-150x150.jpg\" class=\"attachment-thumbnail size-thumbnail\" alt=\"\" srcset=\"https:\/\/www.radiopiu.net\/wordpress\/wp-content\/uploads\/2024\/01\/ca8e475a-9e1b-4f97-b884-23a7f60e38c4-150x150.jpg 150w, https:\/\/www.radiopiu.net\/wordpress\/wp-content\/uploads\/2024\/01\/ca8e475a-9e1b-4f97-b884-23a7f60e38c4-300x300.jpg 300w, https:\/\/www.radiopiu.net\/wordpress\/wp-content\/uploads\/2024\/01\/ca8e475a-9e1b-4f97-b884-23a7f60e38c4.jpg 302w\" sizes=\"auto, (max-width: 150px) 100vw, 150px\" \/><\/a>\n\t\t\t\t<\/dt><\/dl><dl class='gallery-item'>\n\t\t\t\t<dt class='gallery-icon landscape'>\n\t\t\t\t\t<a class=\"rollover rollover-zoom dt-pswp-item\" title=\"b39ceeb4-8429-4936-b212-145c2c614f02\" data-dt-img-description=\"\" data-large_image_width=\"479\" data-large_image_height=\"479\"href='https:\/\/www.radiopiu.net\/wordpress\/wp-content\/uploads\/2024\/01\/b39ceeb4-8429-4936-b212-145c2c614f02.jpg'><img loading=\"lazy\" decoding=\"async\" width=\"150\" height=\"150\" src=\"https:\/\/www.radiopiu.net\/wordpress\/wp-content\/uploads\/2024\/01\/b39ceeb4-8429-4936-b212-145c2c614f02-150x150.jpg\" class=\"attachment-thumbnail size-thumbnail\" alt=\"\" srcset=\"https:\/\/www.radiopiu.net\/wordpress\/wp-content\/uploads\/2024\/01\/b39ceeb4-8429-4936-b212-145c2c614f02-150x150.jpg 150w, https:\/\/www.radiopiu.net\/wordpress\/wp-content\/uploads\/2024\/01\/b39ceeb4-8429-4936-b212-145c2c614f02-300x300.jpg 300w, https:\/\/www.radiopiu.net\/wordpress\/wp-content\/uploads\/2024\/01\/b39ceeb4-8429-4936-b212-145c2c614f02.jpg 479w\" sizes=\"auto, (max-width: 150px) 100vw, 150px\" \/><\/a>\n\t\t\t\t<\/dt><\/dl><dl class='gallery-item'>\n\t\t\t\t<dt class='gallery-icon landscape'>\n\t\t\t\t\t<a class=\"rollover rollover-zoom dt-pswp-item\" title=\"fb14e719-2959-4f42-9ec8-b1a2b52556a6\" data-dt-img-description=\"\" data-large_image_width=\"1179\" data-large_image_height=\"1179\"href='https:\/\/www.radiopiu.net\/wordpress\/wp-content\/uploads\/2024\/01\/fb14e719-2959-4f42-9ec8-b1a2b52556a6.jpg'><img loading=\"lazy\" decoding=\"async\" width=\"150\" height=\"150\" src=\"https:\/\/www.radiopiu.net\/wordpress\/wp-content\/uploads\/2024\/01\/fb14e719-2959-4f42-9ec8-b1a2b52556a6-150x150.jpg\" class=\"attachment-thumbnail size-thumbnail\" alt=\"\" srcset=\"https:\/\/www.radiopiu.net\/wordpress\/wp-content\/uploads\/2024\/01\/fb14e719-2959-4f42-9ec8-b1a2b52556a6-150x150.jpg 150w, https:\/\/www.radiopiu.net\/wordpress\/wp-content\/uploads\/2024\/01\/fb14e719-2959-4f42-9ec8-b1a2b52556a6-300x300.jpg 300w, https:\/\/www.radiopiu.net\/wordpress\/wp-content\/uploads\/2024\/01\/fb14e719-2959-4f42-9ec8-b1a2b52556a6-1024x1024.jpg 1024w, https:\/\/www.radiopiu.net\/wordpress\/wp-content\/uploads\/2024\/01\/fb14e719-2959-4f42-9ec8-b1a2b52556a6-768x768.jpg 768w, https:\/\/www.radiopiu.net\/wordpress\/wp-content\/uploads\/2024\/01\/fb14e719-2959-4f42-9ec8-b1a2b52556a6.jpg 1179w\" sizes=\"auto, (max-width: 150px) 100vw, 150px\" \/><\/a>\n\t\t\t\t<\/dt><\/dl><dl class='gallery-item'>\n\t\t\t\t<dt class='gallery-icon landscape'>\n\t\t\t\t\t<a class=\"rollover rollover-zoom dt-pswp-item\" title=\"9e4c8f0d-1725-4f06-a408-c8984d30117d\" data-dt-img-description=\"\" data-large_image_width=\"498\" data-large_image_height=\"498\"href='https:\/\/www.radiopiu.net\/wordpress\/wp-content\/uploads\/2024\/01\/9e4c8f0d-1725-4f06-a408-c8984d30117d.jpg'><img loading=\"lazy\" decoding=\"async\" width=\"150\" height=\"150\" src=\"https:\/\/www.radiopiu.net\/wordpress\/wp-content\/uploads\/2024\/01\/9e4c8f0d-1725-4f06-a408-c8984d30117d-150x150.jpg\" class=\"attachment-thumbnail size-thumbnail\" alt=\"\" srcset=\"https:\/\/www.radiopiu.net\/wordpress\/wp-content\/uploads\/2024\/01\/9e4c8f0d-1725-4f06-a408-c8984d30117d-150x150.jpg 150w, https:\/\/www.radiopiu.net\/wordpress\/wp-content\/uploads\/2024\/01\/9e4c8f0d-1725-4f06-a408-c8984d30117d-300x300.jpg 300w, https:\/\/www.radiopiu.net\/wordpress\/wp-content\/uploads\/2024\/01\/9e4c8f0d-1725-4f06-a408-c8984d30117d.jpg 498w\" sizes=\"auto, (max-width: 150px) 100vw, 150px\" \/><\/a>\n\t\t\t\t<\/dt><\/dl><dl class='gallery-item'>\n\t\t\t\t<dt class='gallery-icon landscape'>\n\t\t\t\t\t<a class=\"rollover rollover-zoom dt-pswp-item\" title=\"5c1122f5-c732-4484-a097-4f789b195dd1\" data-dt-img-description=\"\" data-large_image_width=\"1179\" data-large_image_height=\"1179\"href='https:\/\/www.radiopiu.net\/wordpress\/wp-content\/uploads\/2024\/01\/5c1122f5-c732-4484-a097-4f789b195dd1.jpg'><img loading=\"lazy\" decoding=\"async\" width=\"150\" height=\"150\" src=\"https:\/\/www.radiopiu.net\/wordpress\/wp-content\/uploads\/2024\/01\/5c1122f5-c732-4484-a097-4f789b195dd1-150x150.jpg\" class=\"attachment-thumbnail size-thumbnail\" alt=\"\" srcset=\"https:\/\/www.radiopiu.net\/wordpress\/wp-content\/uploads\/2024\/01\/5c1122f5-c732-4484-a097-4f789b195dd1-150x150.jpg 150w, https:\/\/www.radiopiu.net\/wordpress\/wp-content\/uploads\/2024\/01\/5c1122f5-c732-4484-a097-4f789b195dd1-300x300.jpg 300w, https:\/\/www.radiopiu.net\/wordpress\/wp-content\/uploads\/2024\/01\/5c1122f5-c732-4484-a097-4f789b195dd1-1024x1024.jpg 1024w, https:\/\/www.radiopiu.net\/wordpress\/wp-content\/uploads\/2024\/01\/5c1122f5-c732-4484-a097-4f789b195dd1-768x768.jpg 768w, https:\/\/www.radiopiu.net\/wordpress\/wp-content\/uploads\/2024\/01\/5c1122f5-c732-4484-a097-4f789b195dd1.jpg 1179w\" sizes=\"auto, (max-width: 150px) 100vw, 150px\" \/><\/a>\n\t\t\t\t<\/dt><\/dl><br style=\"clear: both\" \/><dl class='gallery-item'>\n\t\t\t\t<dt class='gallery-icon landscape'>\n\t\t\t\t\t<a class=\"rollover rollover-zoom dt-pswp-item\" title=\"0e0b7a0f-ffd9-445d-909f-79b96f75d830\" data-dt-img-description=\"\" data-large_image_width=\"1179\" data-large_image_height=\"1179\"href='https:\/\/www.radiopiu.net\/wordpress\/wp-content\/uploads\/2024\/01\/0e0b7a0f-ffd9-445d-909f-79b96f75d830.jpg'><img loading=\"lazy\" decoding=\"async\" width=\"150\" height=\"150\" src=\"https:\/\/www.radiopiu.net\/wordpress\/wp-content\/uploads\/2024\/01\/0e0b7a0f-ffd9-445d-909f-79b96f75d830-150x150.jpg\" class=\"attachment-thumbnail size-thumbnail\" alt=\"\" srcset=\"https:\/\/www.radiopiu.net\/wordpress\/wp-content\/uploads\/2024\/01\/0e0b7a0f-ffd9-445d-909f-79b96f75d830-150x150.jpg 150w, https:\/\/www.radiopiu.net\/wordpress\/wp-content\/uploads\/2024\/01\/0e0b7a0f-ffd9-445d-909f-79b96f75d830-300x300.jpg 300w, https:\/\/www.radiopiu.net\/wordpress\/wp-content\/uploads\/2024\/01\/0e0b7a0f-ffd9-445d-909f-79b96f75d830-1024x1024.jpg 1024w, https:\/\/www.radiopiu.net\/wordpress\/wp-content\/uploads\/2024\/01\/0e0b7a0f-ffd9-445d-909f-79b96f75d830-768x768.jpg 768w, https:\/\/www.radiopiu.net\/wordpress\/wp-content\/uploads\/2024\/01\/0e0b7a0f-ffd9-445d-909f-79b96f75d830.jpg 1179w\" sizes=\"auto, (max-width: 150px) 100vw, 150px\" \/><\/a>\n\t\t\t\t<\/dt><\/dl><dl class='gallery-item'>\n\t\t\t\t<dt class='gallery-icon landscape'>\n\t\t\t\t\t<a class=\"rollover rollover-zoom dt-pswp-item\" title=\"9861590c-60f0-4f5b-8c61-cd650e45c8d5\" data-dt-img-description=\"\" data-large_image_width=\"768\" data-large_image_height=\"768\"href='https:\/\/www.radiopiu.net\/wordpress\/wp-content\/uploads\/2024\/01\/9861590c-60f0-4f5b-8c61-cd650e45c8d5.jpg'><img loading=\"lazy\" decoding=\"async\" width=\"150\" height=\"150\" src=\"https:\/\/www.radiopiu.net\/wordpress\/wp-content\/uploads\/2024\/01\/9861590c-60f0-4f5b-8c61-cd650e45c8d5-150x150.jpg\" class=\"attachment-thumbnail size-thumbnail\" alt=\"\" srcset=\"https:\/\/www.radiopiu.net\/wordpress\/wp-content\/uploads\/2024\/01\/9861590c-60f0-4f5b-8c61-cd650e45c8d5-150x150.jpg 150w, https:\/\/www.radiopiu.net\/wordpress\/wp-content\/uploads\/2024\/01\/9861590c-60f0-4f5b-8c61-cd650e45c8d5-300x300.jpg 300w, https:\/\/www.radiopiu.net\/wordpress\/wp-content\/uploads\/2024\/01\/9861590c-60f0-4f5b-8c61-cd650e45c8d5.jpg 768w\" sizes=\"auto, (max-width: 150px) 100vw, 150px\" \/><\/a>\n\t\t\t\t<\/dt><\/dl><dl class='gallery-item'>\n\t\t\t\t<dt class='gallery-icon landscape'>\n\t\t\t\t\t<a class=\"rollover rollover-zoom dt-pswp-item\" title=\"9413d8ef-73a8-4f9a-9c65-2d1760ac9e96\" data-dt-img-description=\"\" data-large_image_width=\"426\" data-large_image_height=\"426\"href='https:\/\/www.radiopiu.net\/wordpress\/wp-content\/uploads\/2024\/01\/9413d8ef-73a8-4f9a-9c65-2d1760ac9e96.jpg'><img loading=\"lazy\" decoding=\"async\" width=\"150\" height=\"150\" src=\"https:\/\/www.radiopiu.net\/wordpress\/wp-content\/uploads\/2024\/01\/9413d8ef-73a8-4f9a-9c65-2d1760ac9e96-150x150.jpg\" class=\"attachment-thumbnail size-thumbnail\" alt=\"\" srcset=\"https:\/\/www.radiopiu.net\/wordpress\/wp-content\/uploads\/2024\/01\/9413d8ef-73a8-4f9a-9c65-2d1760ac9e96-150x150.jpg 150w, https:\/\/www.radiopiu.net\/wordpress\/wp-content\/uploads\/2024\/01\/9413d8ef-73a8-4f9a-9c65-2d1760ac9e96-300x300.jpg 300w, https:\/\/www.radiopiu.net\/wordpress\/wp-content\/uploads\/2024\/01\/9413d8ef-73a8-4f9a-9c65-2d1760ac9e96.jpg 426w\" sizes=\"auto, (max-width: 150px) 100vw, 150px\" \/><\/a>\n\t\t\t\t<\/dt><\/dl><dl class='gallery-item'>\n\t\t\t\t<dt class='gallery-icon landscape'>\n\t\t\t\t\t<a class=\"rollover rollover-zoom dt-pswp-item\" title=\"ba3b32e6-6d72-4d27-ba24-b7fc63d77aa8\" data-dt-img-description=\"\" data-large_image_width=\"1600\" data-large_image_height=\"1600\"href='https:\/\/www.radiopiu.net\/wordpress\/wp-content\/uploads\/2024\/01\/ba3b32e6-6d72-4d27-ba24-b7fc63d77aa8.jpg'><img loading=\"lazy\" decoding=\"async\" width=\"150\" height=\"150\" src=\"https:\/\/www.radiopiu.net\/wordpress\/wp-content\/uploads\/2024\/01\/ba3b32e6-6d72-4d27-ba24-b7fc63d77aa8-150x150.jpg\" class=\"attachment-thumbnail size-thumbnail\" alt=\"\" srcset=\"https:\/\/www.radiopiu.net\/wordpress\/wp-content\/uploads\/2024\/01\/ba3b32e6-6d72-4d27-ba24-b7fc63d77aa8-150x150.jpg 150w, https:\/\/www.radiopiu.net\/wordpress\/wp-content\/uploads\/2024\/01\/ba3b32e6-6d72-4d27-ba24-b7fc63d77aa8-300x300.jpg 300w, https:\/\/www.radiopiu.net\/wordpress\/wp-content\/uploads\/2024\/01\/ba3b32e6-6d72-4d27-ba24-b7fc63d77aa8-1024x1024.jpg 1024w, https:\/\/www.radiopiu.net\/wordpress\/wp-content\/uploads\/2024\/01\/ba3b32e6-6d72-4d27-ba24-b7fc63d77aa8-768x768.jpg 768w, https:\/\/www.radiopiu.net\/wordpress\/wp-content\/uploads\/2024\/01\/ba3b32e6-6d72-4d27-ba24-b7fc63d77aa8-1536x1536.jpg 1536w, https:\/\/www.radiopiu.net\/wordpress\/wp-content\/uploads\/2024\/01\/ba3b32e6-6d72-4d27-ba24-b7fc63d77aa8.jpg 1600w\" sizes=\"auto, (max-width: 150px) 100vw, 150px\" \/><\/a>\n\t\t\t\t<\/dt><\/dl><dl class='gallery-item'>\n\t\t\t\t<dt class='gallery-icon landscape'>\n\t\t\t\t\t<a class=\"rollover rollover-zoom dt-pswp-item\" title=\"9861590c-60f0-4f5b-8c61-cd650e45c8d5\" data-dt-img-description=\"\" data-large_image_width=\"768\" data-large_image_height=\"768\"href='https:\/\/www.radiopiu.net\/wordpress\/wp-content\/uploads\/2024\/01\/9861590c-60f0-4f5b-8c61-cd650e45c8d5-1.jpg'><img loading=\"lazy\" decoding=\"async\" width=\"150\" height=\"150\" src=\"https:\/\/www.radiopiu.net\/wordpress\/wp-content\/uploads\/2024\/01\/9861590c-60f0-4f5b-8c61-cd650e45c8d5-1-150x150.jpg\" class=\"attachment-thumbnail size-thumbnail\" alt=\"\" srcset=\"https:\/\/www.radiopiu.net\/wordpress\/wp-content\/uploads\/2024\/01\/9861590c-60f0-4f5b-8c61-cd650e45c8d5-1-150x150.jpg 150w, https:\/\/www.radiopiu.net\/wordpress\/wp-content\/uploads\/2024\/01\/9861590c-60f0-4f5b-8c61-cd650e45c8d5-1-300x300.jpg 300w, https:\/\/www.radiopiu.net\/wordpress\/wp-content\/uploads\/2024\/01\/9861590c-60f0-4f5b-8c61-cd650e45c8d5-1.jpg 768w\" sizes=\"auto, (max-width: 150px) 100vw, 150px\" \/><\/a>\n\t\t\t\t<\/dt><\/dl><br style=\"clear: both\" \/>\n\t\t\t<\/div>\n\n<p>&nbsp;<\/p>\n<hr \/>\n<p>&nbsp;<\/p>\n<p><a class=\"dt-pswp-item\" href=\"https:\/\/www.radiopiu.net\/wordpress\/wp-content\/uploads\/2018\/09\/viabilita.jpeg\" data-dt-img-description=\"\" data-large_image_width=\"800\" data-large_image_height=\"100\"><img loading=\"lazy\" decoding=\"async\" class=\"aligncenter wp-image-61954 size-full\" src=\"https:\/\/www.radiopiu.net\/wordpress\/wp-content\/uploads\/2018\/09\/viabilita.jpeg\" alt=\"\" width=\"800\" height=\"100\" srcset=\"https:\/\/www.radiopiu.net\/wordpress\/wp-content\/uploads\/2018\/09\/viabilita.jpeg 800w, https:\/\/www.radiopiu.net\/wordpress\/wp-content\/uploads\/2018\/09\/viabilita-300x38.jpeg 300w, https:\/\/www.radiopiu.net\/wordpress\/wp-content\/uploads\/2018\/09\/viabilita-768x96.jpeg 768w\" sizes=\"auto, (max-width: 800px) 100vw, 800px\" \/><\/a><\/p>\n<p>&nbsp;<\/p>\n<p><a class=\"dt-pswp-item\" href=\"https:\/\/www.radiopiu.net\/wordpress\/wp-content\/uploads\/2023\/12\/botol-car-service.jpg\" data-dt-img-description=\"\" data-large_image_width=\"600\" data-large_image_height=\"600\"><img loading=\"lazy\" decoding=\"async\" class=\"size-medium wp-image-367044 aligncenter\" src=\"https:\/\/www.radiopiu.net\/wordpress\/wp-content\/uploads\/2023\/12\/botol-car-service-300x300.jpg\" alt=\"\" width=\"300\" height=\"300\" srcset=\"https:\/\/www.radiopiu.net\/wordpress\/wp-content\/uploads\/2023\/12\/botol-car-service-300x300.jpg 300w, https:\/\/www.radiopiu.net\/wordpress\/wp-content\/uploads\/2023\/12\/botol-car-service-150x150.jpg 150w, https:\/\/www.radiopiu.net\/wordpress\/wp-content\/uploads\/2023\/12\/botol-car-service.jpg 600w\" sizes=\"auto, (max-width: 300px) 100vw, 300px\" \/><\/a><\/p>\n<p>&nbsp;<\/p>\n<p>&nbsp;<\/p>\n<blockquote class=\"wp-embedded-content\" data-secret=\"aQjFl2k8h6\"><p><a href=\"https:\/\/www.radiopiu.net\/wordpress\/viabilita\/\">viabilita<\/a><\/p><\/blockquote>\n<p><iframe loading=\"lazy\" class=\"wp-embedded-content\" sandbox=\"allow-scripts\" security=\"restricted\" style=\"position: absolute; clip: rect(1px, 1px, 1px, 1px);\" title=\"&#8220;viabilita&#8221; &#8212; Radio Pi\u00f9\" src=\"https:\/\/www.radiopiu.net\/wordpress\/viabilita\/embed\/#?secret=x2ucN1HTDz#?secret=aQjFl2k8h6\" data-secret=\"aQjFl2k8h6\" width=\"600\" height=\"338\" frameborder=\"0\" marginwidth=\"0\" marginheight=\"0\" scrolling=\"no\"><\/iframe><\/p>\n<p>&nbsp;<\/p>\n<hr \/>\n<p>&nbsp;<\/p>\n<p><a class=\"dt-pswp-item\" href=\"https:\/\/www.radiopiu.net\/wordpress\/wp-content\/uploads\/2018\/09\/WhatsApp-Image-2018-09-20-at-16.04.06.jpeg\" data-dt-img-description=\"\" data-large_image_width=\"800\" data-large_image_height=\"100\"><img loading=\"lazy\" decoding=\"async\" class=\"wp-image-61378 size-full aligncenter\" src=\"https:\/\/www.radiopiu.net\/wordpress\/wp-content\/uploads\/2018\/09\/WhatsApp-Image-2018-09-20-at-16.04.06.jpeg\" alt=\"\" width=\"800\" height=\"100\" srcset=\"https:\/\/www.radiopiu.net\/wordpress\/wp-content\/uploads\/2018\/09\/WhatsApp-Image-2018-09-20-at-16.04.06.jpeg 800w, https:\/\/www.radiopiu.net\/wordpress\/wp-content\/uploads\/2018\/09\/WhatsApp-Image-2018-09-20-at-16.04.06-300x38.jpeg 300w, https:\/\/www.radiopiu.net\/wordpress\/wp-content\/uploads\/2018\/09\/WhatsApp-Image-2018-09-20-at-16.04.06-768x96.jpeg 768w\" sizes=\"auto, (max-width: 800px) 100vw, 800px\" \/><\/a><\/p>\n<p><center><\/center><b>\u00a0\u00a0<\/b><\/p>\n<p><center><b>OGGI<\/b><\/center>Nottetempo da nuvoloso a parzialmente nuvoloso con qualche fiocco in quota. In giornata miglioramento del tempo con cielo in prevalenza sereno sulle Dolomiti, anche sulle Prealpi dopo diradamento di alcuni banchi di nubi basse. le quali potrebbero tornare a formarsi qua e l\u00e0 in serata. La Valbelluna potrebbe essere un eccezione con persistenza delle nuvolosit\u00e0 bassa. Contesto termico assai meno fresco, specie in quota.<br \/>\n<b>Precipitazioni: <\/b>Nottetempo qualche fiocco oltre i 1000-1200 m, ma senza apporti. In giornata precipitazioni assenti<br \/>\n<b>Temperature: <\/b>In generale ripresa, pi\u00f9 marcata in quota, per\u00f2 in valbelluna le massime potrebbero abbassarsi qualora le nubi basse fossero a lungo presenti. Inversione termica nelle valli in ombra.<\/p>\n<hr \/>\n<p><center><b>DOMANI<\/b><\/center>Tempo stabile ed in prevalenza soleggiato con transito di qualche banco di cirri. In questo contesto, l&#8217;unica insidia sar\u00e0 la presenza di nubi basse su alcuni settori prealpini durante le ore pi\u00f9 fredde, anche di giorno nel catino bellunese.<br \/>\n<b>Precipitazioni: <\/b>Assenti<br \/>\n<b>Temperature: <\/b>In quota in generale calo. Nelle valli diminuzione delle minime ed aumento delle massime, almeno nei settori pi\u00f9 assolati, mentre saranno in calo in quelli in ombra.<\/p>\n<hr \/>\n<p><center><b>VENERDI<\/b><\/center>Nuvolosit\u00e0 in aumento fino a cielo coperto al pomeriggio, quando il tempo peggiorer\u00e0 a partire dalle Prealpi occidentali, prima di estendersi a tutta la montagna veneta entro il tardo pomeriggio. Alla sera intensificazione del maltempo, con fenomeni via via pi\u00f9 diffusi. Il limite delle nevicate sar\u00e0 sui 900-1200 m sulle Dolomiti e 1200-1500 m sulle Prealpi. Temperature in generale aumento.<\/p>\n<hr \/>\n<p><center><b>SABATO<\/b><\/center>Maltempo con cielo coperto e diffuse e continue precipitazioni di moderata intensit\u00e0, localmente e a tratti forti tra Prealpi e Dolomiti meridionali. Nevose oltre gli 800-1200 m sulle Dolomiti e 1100-1500 m sulle Prealpi. Le piogge saranno quindi abbondanti nelle valli e le nevicate copiose oltre i 1200-1500 m. Temperature in calo, eccetto rialzo delle minime nelle valli<\/p>\n<p>&nbsp;<\/p>\n<blockquote class=\"wp-embedded-content\" data-secret=\"q6zqVmDS9U\"><p><a href=\"https:\/\/www.radiopiu.net\/wordpress\/poca-neve-negli-ultimi-3-mesi-dellanno-sotto-la-media-stagionale\/\">POCA NEVE NEGLI ULTIMI 3 MESI DELL&#8217;ANNO, SOTTO LA MEDIA STAGIONALE<\/a><\/p><\/blockquote>\n<p><iframe loading=\"lazy\" class=\"wp-embedded-content\" sandbox=\"allow-scripts\" security=\"restricted\" style=\"position: absolute; clip: rect(1px, 1px, 1px, 1px);\" title=\"&#8220;POCA NEVE NEGLI ULTIMI 3 MESI DELL&#8217;ANNO, SOTTO LA MEDIA STAGIONALE&#8221; &#8212; Radio Pi\u00f9\" src=\"https:\/\/www.radiopiu.net\/wordpress\/poca-neve-negli-ultimi-3-mesi-dellanno-sotto-la-media-stagionale\/embed\/#?secret=MGwACm8mEa#?secret=q6zqVmDS9U\" data-secret=\"q6zqVmDS9U\" width=\"600\" height=\"338\" frameborder=\"0\" marginwidth=\"0\" marginheight=\"0\" scrolling=\"no\"><\/iframe><\/p>\n<p>&nbsp;<\/p>\n<hr \/>\n<p>&nbsp;<\/p>\n<p><img loading=\"lazy\" decoding=\"async\" class=\"wp-image-60761 size-full aligncenter\" src=\"https:\/\/www.radiopiu.net\/wordpress\/wp-content\/uploads\/2018\/09\/sport.jpg\" alt=\"\" width=\"800\" height=\"100\" srcset=\"https:\/\/www.radiopiu.net\/wordpress\/wp-content\/uploads\/2018\/09\/sport.jpg 800w, https:\/\/www.radiopiu.net\/wordpress\/wp-content\/uploads\/2018\/09\/sport-300x38.jpg 300w, https:\/\/www.radiopiu.net\/wordpress\/wp-content\/uploads\/2018\/09\/sport-768x96.jpg 768w\" sizes=\"auto, (max-width: 800px) 100vw, 800px\" \/><\/p>\n<p>&nbsp;<\/p>\n<blockquote>\n<h2>\u00a0<strong>Piste Azzurre Val di Fassa: Settimana di Allenamenti con Top Atleti Internazionali<\/strong><\/h2>\n<\/blockquote>\n<h2><a class=\"dt-pswp-item\" href=\"https:\/\/www.radiopiu.net\/wordpress\/wp-content\/uploads\/2024\/01\/31281-1.jpeg\" data-dt-img-description=\"\" data-large_image_width=\"1280\" data-large_image_height=\"854\"><img loading=\"lazy\" decoding=\"async\" class=\"size-medium wp-image-368465 alignleft\" src=\"https:\/\/www.radiopiu.net\/wordpress\/wp-content\/uploads\/2024\/01\/31281-1-300x200.jpeg\" alt=\"\" width=\"300\" height=\"200\" srcset=\"https:\/\/www.radiopiu.net\/wordpress\/wp-content\/uploads\/2024\/01\/31281-1-300x200.jpeg 300w, https:\/\/www.radiopiu.net\/wordpress\/wp-content\/uploads\/2024\/01\/31281-1-1024x683.jpeg 1024w, https:\/\/www.radiopiu.net\/wordpress\/wp-content\/uploads\/2024\/01\/31281-1-768x512.jpeg 768w, https:\/\/www.radiopiu.net\/wordpress\/wp-content\/uploads\/2024\/01\/31281-1.jpeg 1280w\" sizes=\"auto, (max-width: 300px) 100vw, 300px\" \/><\/a><\/h2>\n<p>La Val di Fassa ospiter\u00e0 una settimana di intensi allenamenti per i top atleti azzurri e internazionali nella disciplina della velocit\u00e0. Gli allenamenti si svolgeranno presso le piste di Ski Area Alpe Lusia e Ski Area San Pellegrino, coinvolgendo gruppi femminili e maschili di Coppa del Mondo. Le sessioni includeranno discipline come gigante, discesa e superG, con la partecipazione di atleti italiani, tedeschi, statunitensi e altre nazionalit\u00e0. Il responsabile degli allenamenti sar\u00e0 Giovanni Feltrin, tecnico della nazionale italiana. Una preziosa opportunit\u00e0 per gli appassionati di sci di vedere da vicino gli atleti di \u00e9lite prepararsi per le competizioni.<\/p>\n<p><strong>OGGI<\/strong> Gli allenamenti di svolgeranno anche su pi\u00f9 turni e potranno subire modifiche in base al meteo e alle condizioni delle piste.<u><b> Ski Area Lusia \u2013 allenamento di gigante <\/b><\/u>ITA Delago Nadia e Nicol, Gruppo Coppa Europa donne <b>Pista La VolatA &#8211; allenamento DH\/ discesa (8.30-10.30) <\/b>USA donne 8 Ester Ledecka 1 Atlete Rep. Ceca<\/p>\n<p><strong>DOMANI<\/strong> <u><b>pista La VolatA \u2013 Ski Area Passo San Pellegrino Col Margherita <\/b><\/u>ITA Coppa del Mondo maschi 8 atleti GERMANIA maschi CdM 8 atleti Ester Ledecka 1 Rep. Ceca donne Romania 2 atlete donne <u><b>Pista Piavac Ski Area Lusia allenamento SuperG <\/b><\/u>ITA Coppa del Mondo donne 4 atlete Coppa Eu donne ITA 8 Francia CdM 5 atlete 1 Bielorussia + 1 Australia<\/p>\n<p>&nbsp;<\/p>\n<p><span style=\"color: #0000ff;\"><strong>PALLAVOLO<\/strong><\/span><\/p>\n<blockquote>\n<h3>IL BELLUNO VOLLEY UNDER 18 PROTAGONISTA A MODENA<\/h3>\n<\/blockquote>\n<p><a class=\"dt-pswp-item\" href=\"https:\/\/www.radiopiu.net\/wordpress\/wp-content\/uploads\/2024\/01\/In_posa_con_gli_Youngstars_tedeschi.jpg\" data-dt-img-description=\"\" data-large_image_width=\"1707\" data-large_image_height=\"730\"><img loading=\"lazy\" decoding=\"async\" class=\" wp-image-368329 alignleft\" src=\"https:\/\/www.radiopiu.net\/wordpress\/wp-content\/uploads\/2024\/01\/In_posa_con_gli_Youngstars_tedeschi-300x128.jpg\" alt=\"\" width=\"225\" height=\"96\" srcset=\"https:\/\/www.radiopiu.net\/wordpress\/wp-content\/uploads\/2024\/01\/In_posa_con_gli_Youngstars_tedeschi-300x128.jpg 300w, https:\/\/www.radiopiu.net\/wordpress\/wp-content\/uploads\/2024\/01\/In_posa_con_gli_Youngstars_tedeschi-1024x438.jpg 1024w, https:\/\/www.radiopiu.net\/wordpress\/wp-content\/uploads\/2024\/01\/In_posa_con_gli_Youngstars_tedeschi-768x328.jpg 768w, https:\/\/www.radiopiu.net\/wordpress\/wp-content\/uploads\/2024\/01\/In_posa_con_gli_Youngstars_tedeschi-1536x657.jpg 1536w, https:\/\/www.radiopiu.net\/wordpress\/wp-content\/uploads\/2024\/01\/In_posa_con_gli_Youngstars_tedeschi.jpg 1707w\" sizes=\"auto, (max-width: 225px) 100vw, 225px\" \/><\/a>L&#8217;Under 17 del Belluno Volley ha partecipato con successo alla Moma Winter Cup 2023, un prestigioso evento giovanile organizzato a Modena e dintorni dalla Scuola di Pallavolo Anderlini. Con la partecipazione di 188 squadre provenienti da ogni angolo d&#8217;Italia e da paesi esteri come Germania, Francia, Lituania e Stati Uniti, l&#8217;evento \u00e8 stato un&#8217;esperienza indimenticabile. La squadra bellunese ha affrontato diverse avversarie durante la competizione, registrando vittorie e sconfitte. Nonostante la ferma competizione, la squadra ha dimostrato un grande impegno e ha concluso il torneo con una partita contro gli Youngstars tedeschi.<\/p>\n<p>&nbsp;<\/p>\n<p><span style=\"color: #0000ff;\"><strong>CORSA CAMPESTRE<\/strong><\/span><\/p>\n<blockquote>\n<h3>UN SUCCESSO ALLA &#8220;L&#8217;ULTIM DE L&#8217;AN CORRI A CUGNAN&#8221;<\/h3>\n<\/blockquote>\n<p><strong><a class=\"dt-pswp-item\" href=\"https:\/\/www.radiopiu.net\/wordpress\/wp-content\/uploads\/2024\/01\/Cori_a_Cugnan_1.jpg\" data-dt-img-description=\"\" data-large_image_width=\"1024\" data-large_image_height=\"768\"><img loading=\"lazy\" decoding=\"async\" class=\" wp-image-368327 alignleft\" src=\"https:\/\/www.radiopiu.net\/wordpress\/wp-content\/uploads\/2024\/01\/Cori_a_Cugnan_1-300x225.jpg\" alt=\"\" width=\"152\" height=\"114\" srcset=\"https:\/\/www.radiopiu.net\/wordpress\/wp-content\/uploads\/2024\/01\/Cori_a_Cugnan_1-300x225.jpg 300w, https:\/\/www.radiopiu.net\/wordpress\/wp-content\/uploads\/2024\/01\/Cori_a_Cugnan_1-768x576.jpg 768w, https:\/\/www.radiopiu.net\/wordpress\/wp-content\/uploads\/2024\/01\/Cori_a_Cugnan_1.jpg 1024w\" sizes=\"auto, (max-width: 152px) 100vw, 152px\" \/><\/a>PONTE NELLE ALPI <\/strong>Grande successo per l\u2019undicesima edizione della manifestazione \u201cL\u2019ultimo de l\u2019an? Cori a Cugnan\u201d. La corsa non competitiva, tra i sentieri, la storia e la natura dei Coi de Pera, \u00e8 stata nobilitata dalla presenza di 140 persone di ogni et\u00e0. Un numero di grande rilievo, soprattutto se si considera il meteo inclemente. Era una camminata per chiudere l\u2019anno nel segno della condivisione, della festa e dell&#8217;amicizia, ma sono state stilate ugualmente le classifiche: a livello femminile, Sabrina Viel ha preceduto Emanuela Zaetta e Patrizia Uberti, mentre in ambito maschile si sono piazzati al primo posto, a pari merito, Mirko Signorotto e Diego Viel; terzo, invece, Daniel De Battista.<\/p>\n<p>&nbsp;<\/p>\n<p><span style=\"color: #0000ff;\"><strong>NUOTO<\/strong><\/span><\/p>\n<blockquote>\n<h3>ACQUA FITNESS MARATHON DI SAN SILVESTRO: TUTTO ESAURITO<\/h3>\n<\/blockquote>\n<p><strong><a class=\"dt-pswp-item\" href=\"https:\/\/www.radiopiu.net\/wordpress\/wp-content\/uploads\/2024\/01\/Foto_Acqua_Fitness_Marathon.jpg\" data-dt-img-description=\"\" data-large_image_width=\"1049\" data-large_image_height=\"564\"><img loading=\"lazy\" decoding=\"async\" class=\" wp-image-368331 alignleft\" src=\"https:\/\/www.radiopiu.net\/wordpress\/wp-content\/uploads\/2024\/01\/Foto_Acqua_Fitness_Marathon-300x161.jpg\" alt=\"\" width=\"175\" height=\"94\" srcset=\"https:\/\/www.radiopiu.net\/wordpress\/wp-content\/uploads\/2024\/01\/Foto_Acqua_Fitness_Marathon-300x161.jpg 300w, https:\/\/www.radiopiu.net\/wordpress\/wp-content\/uploads\/2024\/01\/Foto_Acqua_Fitness_Marathon-1024x551.jpg 1024w, https:\/\/www.radiopiu.net\/wordpress\/wp-content\/uploads\/2024\/01\/Foto_Acqua_Fitness_Marathon-768x413.jpg 768w, https:\/\/www.radiopiu.net\/wordpress\/wp-content\/uploads\/2024\/01\/Foto_Acqua_Fitness_Marathon.jpg 1049w\" sizes=\"auto, (max-width: 175px) 100vw, 175px\" \/><\/a>BELLUNO <\/strong>Sessanta minuti ad alta intensit\u00e0, con Angela e Valentina, per concludere alla grande il 2023. Si \u00e8 rivelato un successone da \u201ctutto esaurito\u201d l\u2019Acqua Fitness Marathon, con venticinque persone in acqua, nella piscina di Belluno, per l&#8217;ultimo allenamento dell\u2019anno. Ogni iscritta \u00e8 stata omaggiata con una simpatica cuffietta natalizia: rigorosamente rossa. Il prossimo appuntamento nel segno della \u201cDomenica con l\u2019acqua fitness\u201d \u00e8 fissato per fine mese: nello specifico, per il 28 gennaio 2024.<\/p>\n<p>&nbsp;<\/p>\n<p>&nbsp;<\/p>\n<div class=\"articlePlainText\"><\/div>\n","protected":false},"excerpt":{"rendered":"<p>*** 40esimo di RADIOPIU\u2026. LA VOCE DELL\u2019EMOZIONE ISCRIVITI AL NOSTRO CANALE\u00a0\u00a0YOUTUBE PER SEGUIRE IN DIRETTA I PRINCIPALI PROGRAMMI DI RADIO PIU\u2019 E LE FUTURE DIRETTE IN ESTERNA. PER ISCRIVERTI CLICCA QUI\u00a0E PREMI\u00a0 \u201cIscriviti\u201d\u00a0\u00a0 &nbsp; &nbsp; &nbsp; i podcast informativi del mattino &#8211; audio &#8211;\u00a0 LA RASSEGNA STAMPA NAZIONALE ALLA RADIO, OGNI GIORNO ALLE 5 E&hellip;<\/p>\n","protected":false},"author":4,"featured_media":368447,"comment_status":"closed","ping_status":"closed","sticky":false,"template":"","format":"standard","meta":{"_monsterinsights_skip_tracking":false,"_monsterinsights_sitenote_active":false,"_monsterinsights_sitenote_note":"","_monsterinsights_sitenote_category":0,"footnotes":""},"categories":[51,86,49],"tags":[],"class_list":["post-368324","post","type-post","status-publish","format-standard","has-post-thumbnail","hentry","category-evidenza-top","category-gr","category-news-18","category-51","category-86","category-49","description-off"],"img_url":"https:\/\/www.radiopiu.net\/wordpress\/wp-content\/uploads\/2024\/01\/Senza-nome-4.png","_links":{"self":[{"href":"https:\/\/www.radiopiu.net\/wordpress\/wp-json\/wp\/v2\/posts\/368324","targetHints":{"allow":["GET"]}}],"collection":[{"href":"https:\/\/www.radiopiu.net\/wordpress\/wp-json\/wp\/v2\/posts"}],"about":[{"href":"https:\/\/www.radiopiu.net\/wordpress\/wp-json\/wp\/v2\/types\/post"}],"author":[{"embeddable":true,"href":"https:\/\/www.radiopiu.net\/wordpress\/wp-json\/wp\/v2\/users\/4"}],"replies":[{"embeddable":true,"href":"https:\/\/www.radiopiu.net\/wordpress\/wp-json\/wp\/v2\/comments?post=368324"}],"version-history":[{"count":0,"href":"https:\/\/www.radiopiu.net\/wordpress\/wp-json\/wp\/v2\/posts\/368324\/revisions"}],"wp:featuredmedia":[{"embeddable":true,"href":"https:\/\/www.radiopiu.net\/wordpress\/wp-json\/wp\/v2\/media\/368447"}],"wp:attachment":[{"href":"https:\/\/www.radiopiu.net\/wordpress\/wp-json\/wp\/v2\/media?parent=368324"}],"wp:term":[{"taxonomy":"category","embeddable":true,"href":"https:\/\/www.radiopiu.net\/wordpress\/wp-json\/wp\/v2\/categories?post=368324"},{"taxonomy":"post_tag","embeddable":true,"href":"https:\/\/www.radiopiu.net\/wordpress\/wp-json\/wp\/v2\/tags?post=368324"}],"curies":[{"name":"wp","href":"https:\/\/api.w.org\/{rel}","templated":true}]}}