{"id":368439,"date":"2024-01-03T13:20:51","date_gmt":"2024-01-03T12:20:51","guid":{"rendered":"https:\/\/www.radiopiu.net\/wordpress\/?p=368439"},"modified":"2024-01-04T05:39:14","modified_gmt":"2024-01-04T04:39:14","slug":"gli-ecocalendari-di-valpe-ambiente-arriveranno-per-posta","status":"publish","type":"post","link":"https:\/\/www.radiopiu.net\/wordpress\/gli-ecocalendari-di-valpe-ambiente-arriveranno-per-posta\/","title":{"rendered":"GLI ECOCALENDARI DI VALPE AMBIENTE ARRIVERANNO PER POSTA"},"content":{"rendered":"<p>*****<\/p>\n<p>&nbsp;<\/p>\n<p><strong><a class=\"dt-pswp-item\" href=\"https:\/\/www.radiopiu.net\/wordpress\/wp-content\/uploads\/2021\/10\/VALPE.png\" data-dt-img-description=\"\" data-large_image_width=\"800\" data-large_image_height=\"400\"><img loading=\"lazy\" decoding=\"async\" class=\" wp-image-236977 alignleft\" src=\"https:\/\/www.radiopiu.net\/wordpress\/wp-content\/uploads\/2021\/10\/VALPE-300x150.png\" alt=\"\" width=\"192\" height=\"96\" srcset=\"https:\/\/www.radiopiu.net\/wordpress\/wp-content\/uploads\/2021\/10\/VALPE-300x150.png 300w, https:\/\/www.radiopiu.net\/wordpress\/wp-content\/uploads\/2021\/10\/VALPE-768x384.png 768w, https:\/\/www.radiopiu.net\/wordpress\/wp-content\/uploads\/2021\/10\/VALPE.png 800w\" sizes=\"auto, (max-width: 192px) 100vw, 192px\" \/><\/a>REDAZIONE<\/strong> Gli ecocalendari di Valpe Ambiente vengono recapiti a domicilio e sono gi\u00e0 scaricabili dal sito ufficiale di Valpe. Un modo per averli sempre a portata di mano sul proprio PC o smartphone. Sono due le versioni rese disponibili: la prima \u00e8 la versione estesa composta da 36 pagine dove ognuno pu\u00f2 stampare i mesi che gli interessano. La seconda \u00e8 la versione sintetica, simile a quella che negli scorsi anni \u00e8 stata inviata a casa con la posta. In base alle esigenze della persona si pu\u00f2 scegliere quale versione stampare o salvare sul proprio dispositivo ed avere sempre sotto mano le giornate in cui portare davanti casa i vari bidoni della raccolta differenziata. In attesa dell&#8217;arrivo dell&#8217;ecocalendario, le date sono consultabili sul sito di Valpe Ambiente.<\/p>\n<p>Per aiutare i nostri ascoltatori, lasciamo di seguito i link per poter scaricare il calendario di proprio interesse:<\/p>\n<p><strong>I CALENDARI DELL&#8217;UNIONE MONTANA AGORDINA <a href=\"https:\/\/valpeambiente.it\/p\/gestione-rifiuti\/calendari\/calendari-uma\">CLICCA QUI<\/a><\/strong><\/p>\n<p><strong>I CALENDARI DEL COMUNE DI SEDICO <a href=\"https:\/\/valpeambiente.it\/p\/gestione-rifiuti\/calendari\/calendario-sedico\">CLICCA QUI<\/a><\/strong><\/p>\n<p><strong>I CALENDARI DELL&#8217;AREA FELTRINA <a href=\"https:\/\/valpeambiente.it\/p\/gestione-rifiuti\/calendari\/calendari-feltrino\">CLICCA QUI<\/a><\/strong><\/p>\n<p><strong>I CALENDARI DELL&#8217;UNONE MONTANA VALLE DEL BOITE <a href=\"https:\/\/valpeambiente.it\/p\/gestione-rifiuti\/calendari\/calendari-valle-del-boite\">CLICCA QUI<\/a><\/strong><\/p>\n<p>&nbsp;<\/p>\n<p>&nbsp;<\/p>\n<p>********<\/p>\n","protected":false},"excerpt":{"rendered":"<p>***** &nbsp; REDAZIONE Gli ecocalendari di Valpe Ambiente vengono recapiti a domicilio e sono gi\u00e0 scaricabili dal sito ufficiale di Valpe. Un modo per averli sempre a portata di mano sul proprio PC o smartphone. Sono due le versioni rese disponibili: la prima \u00e8 la versione estesa composta da 36 pagine dove ognuno pu\u00f2 stampare&hellip;<\/p>\n","protected":false},"author":4,"featured_media":236977,"comment_status":"closed","ping_status":"closed","sticky":false,"template":"","format":"standard","meta":{"_monsterinsights_skip_tracking":false,"_monsterinsights_sitenote_active":false,"_monsterinsights_sitenote_note":"","_monsterinsights_sitenote_category":0,"footnotes":""},"categories":[51,49],"tags":[],"class_list":["post-368439","post","type-post","status-publish","format-standard","has-post-thumbnail","hentry","category-evidenza-top","category-news-18","category-51","category-49","description-off"],"img_url":"https:\/\/www.radiopiu.net\/wordpress\/wp-content\/uploads\/2021\/10\/VALPE.png","_links":{"self":[{"href":"https:\/\/www.radiopiu.net\/wordpress\/wp-json\/wp\/v2\/posts\/368439","targetHints":{"allow":["GET"]}}],"collection":[{"href":"https:\/\/www.radiopiu.net\/wordpress\/wp-json\/wp\/v2\/posts"}],"about":[{"href":"https:\/\/www.radiopiu.net\/wordpress\/wp-json\/wp\/v2\/types\/post"}],"author":[{"embeddable":true,"href":"https:\/\/www.radiopiu.net\/wordpress\/wp-json\/wp\/v2\/users\/4"}],"replies":[{"embeddable":true,"href":"https:\/\/www.radiopiu.net\/wordpress\/wp-json\/wp\/v2\/comments?post=368439"}],"version-history":[{"count":0,"href":"https:\/\/www.radiopiu.net\/wordpress\/wp-json\/wp\/v2\/posts\/368439\/revisions"}],"wp:featuredmedia":[{"embeddable":true,"href":"https:\/\/www.radiopiu.net\/wordpress\/wp-json\/wp\/v2\/media\/236977"}],"wp:attachment":[{"href":"https:\/\/www.radiopiu.net\/wordpress\/wp-json\/wp\/v2\/media?parent=368439"}],"wp:term":[{"taxonomy":"category","embeddable":true,"href":"https:\/\/www.radiopiu.net\/wordpress\/wp-json\/wp\/v2\/categories?post=368439"},{"taxonomy":"post_tag","embeddable":true,"href":"https:\/\/www.radiopiu.net\/wordpress\/wp-json\/wp\/v2\/tags?post=368439"}],"curies":[{"name":"wp","href":"https:\/\/api.w.org\/{rel}","templated":true}]}}