{"id":368464,"date":"2024-01-03T05:20:47","date_gmt":"2024-01-03T04:20:47","guid":{"rendered":"https:\/\/www.radiopiu.net\/wordpress\/?p=368464"},"modified":"2024-01-03T05:22:45","modified_gmt":"2024-01-03T04:22:45","slug":"settimana-di-allenamenti","status":"publish","type":"post","link":"https:\/\/www.radiopiu.net\/wordpress\/settimana-di-allenamenti\/","title":{"rendered":"Settimana di Allenamenti con Top Atleti Internazionali"},"content":{"rendered":"<blockquote>\n<h2>\u00a0***<\/h2>\n<h2><\/h2>\n<h2><strong>Piste Azzurre Val di Fassa<\/strong><\/h2>\n<\/blockquote>\n<h2><a class=\"dt-pswp-item\" href=\"https:\/\/www.radiopiu.net\/wordpress\/wp-content\/uploads\/2024\/01\/31281-1.jpeg\" data-dt-img-description=\"\" data-large_image_width=\"1280\" data-large_image_height=\"854\"><img loading=\"lazy\" decoding=\"async\" class=\"size-medium wp-image-368465 alignleft\" src=\"https:\/\/www.radiopiu.net\/wordpress\/wp-content\/uploads\/2024\/01\/31281-1-300x200.jpeg\" alt=\"\" width=\"300\" height=\"200\" srcset=\"https:\/\/www.radiopiu.net\/wordpress\/wp-content\/uploads\/2024\/01\/31281-1-300x200.jpeg 300w, https:\/\/www.radiopiu.net\/wordpress\/wp-content\/uploads\/2024\/01\/31281-1-1024x683.jpeg 1024w, https:\/\/www.radiopiu.net\/wordpress\/wp-content\/uploads\/2024\/01\/31281-1-768x512.jpeg 768w, https:\/\/www.radiopiu.net\/wordpress\/wp-content\/uploads\/2024\/01\/31281-1.jpeg 1280w\" sizes=\"auto, (max-width: 300px) 100vw, 300px\" \/><\/a><\/h2>\n<p>La Val di Fassa ospiter\u00e0 una settimana di intensi allenamenti per i top atleti azzurri e internazionali nella disciplina della velocit\u00e0. Gli allenamenti si svolgeranno presso le piste di Ski Area Alpe Lusia e Ski Area San Pellegrino, coinvolgendo gruppi femminili e maschili di Coppa del Mondo. Le sessioni includeranno discipline come gigante, discesa e superG, con la partecipazione di atleti italiani, tedeschi, statunitensi e altre nazionalit\u00e0. Il responsabile degli allenamenti sar\u00e0 Giovanni Feltrin, tecnico della nazionale italiana. Una preziosa opportunit\u00e0 per gli appassionati di sci di vedere da vicino gli atleti di \u00e9lite prepararsi per le competizioni.<\/p>\n<p>OGGI Gli allenamenti di svolgeranno anche su pi\u00f9 turni e potranno subire modifiche in base al meteo e alle condizioni delle piste.<u><b> Ski Area Lusia \u2013 allenamento di gigante <\/b><\/u>ITA Delago Nadia e Nicol, Gruppo Coppa Europa donne <b>Pista La VolatA &#8211; allenamento DH\/ discesa (8.30-10.30) <\/b>USA donne 8 Ester Ledecka 1 Atlete Rep. Ceca<\/p>\n<p>DOMANI <u><b>pista La VolatA \u2013 Ski Area Passo San Pellegrino Col Margherita <\/b><\/u>ITA Coppa del Mondo maschi 8 atleti GERMANIA maschi CdM 8 atleti Ester Ledecka 1 Rep. Ceca donne Romania 2 atlete donne <u><b>Pista Piavac Ski Area Lusia allenamento SuperG <\/b><\/u>ITA Coppa del Mondo donne 4 atlete Coppa Eu donne ITA 8 Francia CdM 5 atlete 1 Bielorussia + 1 Australia<\/p>\n<p>&nbsp;<\/p>\n<hr \/>\n<p>&nbsp;<\/p>\n","protected":false},"excerpt":{"rendered":"<p>\u00a0*** Piste Azzurre Val di Fassa La Val di Fassa ospiter\u00e0 una settimana di intensi allenamenti per i top atleti azzurri e internazionali nella disciplina della velocit\u00e0. Gli allenamenti si svolgeranno presso le piste di Ski Area Alpe Lusia e Ski Area San Pellegrino, coinvolgendo gruppi femminili e maschili di Coppa del Mondo. Le sessioni&hellip;<\/p>\n","protected":false},"author":4,"featured_media":368465,"comment_status":"closed","ping_status":"closed","sticky":false,"template":"","format":"standard","meta":{"_monsterinsights_skip_tracking":false,"_monsterinsights_sitenote_active":false,"_monsterinsights_sitenote_note":"","_monsterinsights_sitenote_category":0,"footnotes":""},"categories":[104,49],"tags":[],"class_list":["post-368464","post","type-post","status-publish","format-standard","has-post-thumbnail","hentry","category-evidenza_3","category-news-18","category-104","category-49","description-off"],"img_url":"https:\/\/www.radiopiu.net\/wordpress\/wp-content\/uploads\/2024\/01\/31281-1.jpeg","_links":{"self":[{"href":"https:\/\/www.radiopiu.net\/wordpress\/wp-json\/wp\/v2\/posts\/368464","targetHints":{"allow":["GET"]}}],"collection":[{"href":"https:\/\/www.radiopiu.net\/wordpress\/wp-json\/wp\/v2\/posts"}],"about":[{"href":"https:\/\/www.radiopiu.net\/wordpress\/wp-json\/wp\/v2\/types\/post"}],"author":[{"embeddable":true,"href":"https:\/\/www.radiopiu.net\/wordpress\/wp-json\/wp\/v2\/users\/4"}],"replies":[{"embeddable":true,"href":"https:\/\/www.radiopiu.net\/wordpress\/wp-json\/wp\/v2\/comments?post=368464"}],"version-history":[{"count":0,"href":"https:\/\/www.radiopiu.net\/wordpress\/wp-json\/wp\/v2\/posts\/368464\/revisions"}],"wp:featuredmedia":[{"embeddable":true,"href":"https:\/\/www.radiopiu.net\/wordpress\/wp-json\/wp\/v2\/media\/368465"}],"wp:attachment":[{"href":"https:\/\/www.radiopiu.net\/wordpress\/wp-json\/wp\/v2\/media?parent=368464"}],"wp:term":[{"taxonomy":"category","embeddable":true,"href":"https:\/\/www.radiopiu.net\/wordpress\/wp-json\/wp\/v2\/categories?post=368464"},{"taxonomy":"post_tag","embeddable":true,"href":"https:\/\/www.radiopiu.net\/wordpress\/wp-json\/wp\/v2\/tags?post=368464"}],"curies":[{"name":"wp","href":"https:\/\/api.w.org\/{rel}","templated":true}]}}