{"id":368476,"date":"2024-01-03T07:55:59","date_gmt":"2024-01-03T06:55:59","guid":{"rendered":"https:\/\/www.radiopiu.net\/wordpress\/?p=368476"},"modified":"2024-01-03T08:39:58","modified_gmt":"2024-01-03T07:39:58","slug":"la-rassegna-stampa-loc","status":"publish","type":"post","link":"https:\/\/www.radiopiu.net\/wordpress\/la-rassegna-stampa-loc\/","title":{"rendered":"LA RASSEGNA STAMPA LOCALE, DAL 25 GIUGNO 1983 ALLE OTTO DEL MATTINO"},"content":{"rendered":"<p>&nbsp;<\/p>\n<p><iframe loading=\"lazy\" title=\"DAL 1983 LA RASSEGNA STAMPA LOCALE di mirko mezzacasa. L&#039;ORIGINALE\" width=\"1200\" height=\"675\" src=\"https:\/\/www.youtube.com\/embed\/83D4klybWY8?feature=oembed\" frameborder=\"0\" allow=\"accelerometer; autoplay; clipboard-write; encrypted-media; gyroscope; picture-in-picture; web-share\" allowfullscreen><\/iframe><\/p>\n<p>&nbsp;<\/p>\n<p><span style=\"color: #ff0000;\"><strong>ultim&#8217;ora 01.00, NOTIZIA IN AGGIORNAMENTO MAS-CASONI&#8230;LA TRAPPOLA<\/strong><\/span><\/p>\n<p><strong><img decoding=\"async\" class=\"alignleft\" src=\"https:\/\/www.radiopiu.net\/wordpress\/wp-content\/uploads\/2024\/01\/copert.png\" \/>SEDICO<\/strong>\u00a0 Tre incidenti in pochi giorni anche con feriti di media gravit\u00e0. Lungo la regionale 204, la si prende alla rotonda per Sedico, anche questa notte un&#8217;auto \u00e8 finita capottata fuori strada in prossimit\u00e0 del ristorante Casoni (verso Orzes). Un altro invito alla prudenza.<br \/>\n<strong>BELLUNO<\/strong> Ieri si \u00e8 verificato uno schianto alla rotonda del Lidl coinvolgendo il conducente di una Fiat 500. La perdita di controllo del veicolo \u00e8 stata causata da un improvviso malore del conducente. Prontamente soccorso, \u00e8 stato trasportato in ambulanza all&#8217;ospedale San Martino.<br \/>\n<strong>BELLUNO<\/strong> ha detto addio a Livio Gallio in una commovente cerimonia a Sedico. Amici, colleghi, e squadre sportive si sono uniti per salutare questo amato personaggio. Il figlio Marco e la figlia Alessia hanno commosso la folla con un toccante saluto, ricordando l&#8217;importanza della puntualit\u00e0 per il loro padre e l&#8217;amore per la famiglia allargata. Lorenza De Kunovich ha auspicato che \u00abDio schieri Livio nella squadra con tutti gli altri angeli\u00bb.<br \/>\n<strong>DOMANI L&#8217;ADDIO AD ANDREA<\/strong> \u00a0Tragedia la Notte di Capodanno \u00e8 mancato in seguito a malore Andrea Locatelli, aveva 51 Anni.<br \/>\n<strong>REDAZIONE<\/strong> Giornata impegnativa ieri per il Suem 118 che \u00e8 dovuto intervenire con l&#8217;elicottero per ben quattro volte per trauma facciale a Cortina, infortunio di uno sciatore sul Falzarego, malore a Digonera di Rocca Pietore e ad Alleghe Piani di Pezze&#8217;<br \/>\n<strong>BELLUNO<\/strong> I ladri sono tornati, la stretta delle forze dell&#8217;Ordine di pochi giorni fa non \u00e8 stata sufficiente a scongiurare i furti di capodanno a Castion e Cirvoi, bottino poche centinaia d&#8217;euro.\u00a0 Quattro i colpi denunciati, uno andato a segno.<br \/>\n<strong>BELLUNO<\/strong> Negli ultimi 10 anni la Provincia ha investito quasi 25 milioni di euro nella manutenzione straordinaria delle strade di competenza.<\/p>\n<p><strong>SANTA GIUSTINA<\/strong> Dopo mesi di lavori, la linea ferroviaria tra Belluno e Feltre riaprir\u00e0 domani. La notizia \u00e8 stata confermata da Trenitalia<br \/>\n<strong>GOSALDO<\/strong> LA PRO LOCO DI RIVAMONTE GESTIRA&#8217; IL PUNTO INFORMATIVO A FORCELLA FRANCHE DI GOSALDO<br \/>\n<strong>BELLUNO<\/strong> IL PD BOCCIA L&#8217;OPERATO DELL&#8217;AMMINISTRAZIONE DE PELLEGRIN NEL 2023<br \/>\n<strong>BELLUNO<\/strong> Il Consorzio Bim Piave di Belluno e il Comune di Belluno organizzano un convegno per discutere della programmazione energetica e della transizione energetica nel contesto del Green New Deal europeo. Il convegno, che si terr\u00e0 il 11 gennaio<br \/>\n<strong>FALCADE<\/strong> L&#8217;associazione &#8220;Le Muse e le Dolomiti&#8221; offre una Scuola Interregionale di Canto e Teatro per voci bianche e giovanili, con sedi ad Agordo, Caprile, Cavalese, Moena e Vallada Agordina. Il programma, basato sul metodo &#8220;Robin&#8221; della Maestra Oda Zoe Hochscheid, coinvolge bambini e ragazzi dai 6 anni in su<br \/>\n<strong>BELLUNO<\/strong> La Fondazione Teatri delle Dolomiti, dopo 18 anni, presenta una stagione teatrale con una nuova identit\u00e0. Il presidente Massimo Ferigutti sottolinea l&#8217;impegno nell&#8217;offrire una programmazione variegata e ricca, abbracciando prosa, musica, danza e circo.<br \/>\n<strong>FALCADE<\/strong> Sono stati fissati per mercoled\u00ec 17 gennaio i test di ingresso allo Ski College Veneto di Falcade per la stagione 2024-2025, per le discipline dello sci alpino, dello sci di fondo, dello snowboard e del biathlon.<br \/>\n<strong>CADORE<\/strong> A VODO DI CADORE SI CERCA BONNY CANE METICCIA FEMMINA<br \/>\n<strong>ALLEGHE<\/strong> Venerd\u00ec 5 gennaio ai Piani di Pezz\u00e8 andra in scenaa la &#8220;Dominator Night&#8221;. 14 piloti tra i migliori d&#8217;Europa si sfideranno senza esclusioni di colpi su un tracciato di puro snowcross.<br \/>\n<span style=\"color: #ff0000;\"><strong>L&#8217;AGORDINA CALCIO RIPARTE DAI GIOVANI. L&#8217;INTERVISTA, NELLO SPECIALE REPORTER DELLE 19.00&#8230; DI GIANNI SANTOMASO<\/strong><\/span><br \/>\n<strong>ALLEGHE<\/strong> Oggi alle 18 alla biblioteca di Alleghe verr\u00e0 presentato il nuovo libro di Giorgio Pirolo &#8220;I Disegni Non Parlano&#8221;. Ci sar\u00e0 un dialogo con l&#8217;autore.<br \/>\n<strong>DOMANI\u00a0&#8220;<\/strong>I Kropya&#8221; Concerto natalizio dell&#8217;ensamble vocale dei giovani di Livinallongo. Chiesa Parocchiale alle 20:30<br \/>\nALLEGHE Domani alle 20:30 in Sala Stoppani delle scuole elementari di Alleghe, la Corale di Limana e il Coro Monte Civetta si esibiranno. Un appuntamento da non perdere. Ingresso gratuito.<br \/>\n<strong>TAIBON S<\/strong>candole Storte, Gruppo Sportivo, Pro Loco e Amighi di Listolade organizzano i Pavaroi 2024, la tradizionale accensiopne dei fuochi sulle cime della conca agordina. Ritrovo in Piazza del Municipio di Taibon a partire dalle 17:30 per ammirare i fuochi con un caldo vin blu\u00e8 o un the. Aspettando anche l&#8217;arrivo della befana.<br \/>\nCENCENIGHE Torna il tradizionale appuntamento con i Pavarui, i fuochi sulle cime. Venerd\u00ec dalle 19:30 al Nof Fil\u00f2 di Cencenighe gnocchi con la ricotta affumicata. All&#8217;imbrunire si accenderannoi fuochi sulle cime. Ingresso libero, per la cena \u00e8 consigliata la prenotazione allo 0437 591549<br \/>\nBELLUNO Venerd\u00ec alle 20:45 al Centro Congressi Le Torri in Nevegal una serata con Manrico Dell&#8217;Agnola. Dalle Dolomiti all&#8217;Antartide, la proiezione di due docufilm<\/p>\n<p>&nbsp;<\/p>\n<p>&nbsp;<\/p>\n<p>&nbsp;<\/p>\n<p>&nbsp;<\/p>\n<p>&nbsp;<\/p>\n<p>&nbsp;<\/p>\n<p>&nbsp;<\/p>\n","protected":false},"excerpt":{"rendered":"<p>&nbsp; &nbsp; ultim&#8217;ora 01.00, NOTIZIA IN AGGIORNAMENTO MAS-CASONI&#8230;LA TRAPPOLA SEDICO\u00a0 Tre incidenti in pochi giorni anche con feriti di media gravit\u00e0. Lungo la regionale 204, la si prende alla rotonda per Sedico, anche questa notte un&#8217;auto \u00e8 finita capottata fuori strada in prossimit\u00e0 del ristorante Casoni (verso Orzes). Un altro invito alla prudenza. BELLUNO Ieri&hellip;<\/p>\n","protected":false},"author":4,"featured_media":368477,"comment_status":"closed","ping_status":"closed","sticky":false,"template":"","format":"standard","meta":{"_monsterinsights_skip_tracking":false,"_monsterinsights_sitenote_active":false,"_monsterinsights_sitenote_note":"","_monsterinsights_sitenote_category":0,"footnotes":""},"categories":[104,49,142],"tags":[],"class_list":["post-368476","post","type-post","status-publish","format-standard","has-post-thumbnail","hentry","category-evidenza_3","category-news-18","category-rassegna-stampa","category-104","category-49","category-142","description-off"],"img_url":"https:\/\/www.radiopiu.net\/wordpress\/wp-content\/uploads\/2024\/01\/copert.png","_links":{"self":[{"href":"https:\/\/www.radiopiu.net\/wordpress\/wp-json\/wp\/v2\/posts\/368476","targetHints":{"allow":["GET"]}}],"collection":[{"href":"https:\/\/www.radiopiu.net\/wordpress\/wp-json\/wp\/v2\/posts"}],"about":[{"href":"https:\/\/www.radiopiu.net\/wordpress\/wp-json\/wp\/v2\/types\/post"}],"author":[{"embeddable":true,"href":"https:\/\/www.radiopiu.net\/wordpress\/wp-json\/wp\/v2\/users\/4"}],"replies":[{"embeddable":true,"href":"https:\/\/www.radiopiu.net\/wordpress\/wp-json\/wp\/v2\/comments?post=368476"}],"version-history":[{"count":0,"href":"https:\/\/www.radiopiu.net\/wordpress\/wp-json\/wp\/v2\/posts\/368476\/revisions"}],"wp:featuredmedia":[{"embeddable":true,"href":"https:\/\/www.radiopiu.net\/wordpress\/wp-json\/wp\/v2\/media\/368477"}],"wp:attachment":[{"href":"https:\/\/www.radiopiu.net\/wordpress\/wp-json\/wp\/v2\/media?parent=368476"}],"wp:term":[{"taxonomy":"category","embeddable":true,"href":"https:\/\/www.radiopiu.net\/wordpress\/wp-json\/wp\/v2\/categories?post=368476"},{"taxonomy":"post_tag","embeddable":true,"href":"https:\/\/www.radiopiu.net\/wordpress\/wp-json\/wp\/v2\/tags?post=368476"}],"curies":[{"name":"wp","href":"https:\/\/api.w.org\/{rel}","templated":true}]}}